{"id":81286,"date":"2025-12-31T07:17:08","date_gmt":"2025-12-31T10:17:08","guid":{"rendered":"https:\/\/noticiasribeiraopreto.com.br\/index.php\/2025\/12\/31\/natal-luz-atrai-mais-de-28-mil-visitantes-em-ribeirao-preto\/"},"modified":"2025-12-31T07:17:08","modified_gmt":"2025-12-31T10:17:08","slug":"natal-luz-atrai-mais-de-28-mil-visitantes-em-ribeirao-preto","status":"publish","type":"post","link":"https:\/\/noticiasribeiraopreto.com.br\/index.php\/2025\/12\/31\/natal-luz-atrai-mais-de-28-mil-visitantes-em-ribeirao-preto\/","title":{"rendered":"Natal Luz atrai mais de 28 mil visitantes em Ribeir\u00e3o Preto"},"content":{"rendered":"<div class='code-block code-block-1' style='margin: 8px 0 8px auto; text-align: right; display: block; clear: both;'>\n<p><a href=\"https:\/\/wa.link\/vpicfd\"><img data-recalc-dims=\"1\" class=\"wp-image-4922\" style=\"aspect-ratio: 2.0253164556962027; width: 561px; height: auto;\" src=\"https:\/\/i0.wp.com\/ismaelcolosi.com.br\/wp-content\/uploads\/2023\/11\/grupo-de-empregos-whatsapp-e-facebook-ismael-colosi-vagas.jpg?ssl=1\" alt=\"\" \/><\/a><\/p>\n<!-- \/wp:image -->\n<\/div>\n<p> <br \/>\n<\/p>\n<div data-td-block-uid=\"tdi_95\">\n<div class=\"tdb-block-inner td-fix-index\">\n<p>O <strong>Natal Luz 2025 encerrou sua 23\u00aa edi\u00e7\u00e3o com p\u00fablico superior a 28 mil visitantes ao longo de 26 dias<\/strong> de programa\u00e7\u00e3o gratuita em Ribeir\u00e3o Preto. As atra\u00e7\u00f5es foram realizadas em diferentes regi\u00f5es da cidade e integraram o calend\u00e1rio de eventos de fim de ano do munic\u00edpio.<\/p>\n<p>De acordo com a organiza\u00e7\u00e3o, <strong>28.136 pessoas participaram das atividades ao longo do per\u00edodo<\/strong>, consolidando o Natal Luz como um dos principais eventos natalinos da regi\u00e3o.<\/p>\n<figure class=\"wp-block-gallery has-nested-images columns-default is-cropped wp-block-gallery-1 is-layout-flex wp-block-gallery-is-layout-flex\">\n<figure class=\"wp-block-image size-large\"><img data-recalc-dims=\"1\" fetchpriority=\"high\" decoding=\"async\" width=\"1024\" height=\"850\" data-id=\"138915\" src=\"https:\/\/i0.wp.com\/cdn.media-acidadeon.com.br\/ribeiraopreto\/wp-content\/uploads\/sites\/3\/2025\/12\/WhatsApp-Image-2025-12-10-at-13.23.44-1_2025-12-10_16-24-55-1024x850.webp?resize=1024%2C850&#038;ssl=1\" alt=\"Papai Noel\" class=\"wp-image-138915\" title=\"Natal Luz atrai mais de 28 mil visitantes em Ribeir\u00e3o Preto 1\" srcset=\"https:\/\/cdn.media-acidadeon.com.br\/ribeiraopreto\/wp-content\/uploads\/sites\/3\/2025\/12\/WhatsApp-Image-2025-12-10-at-13.23.44-1_2025-12-10_16-24-55-1024x850.webp 1024w, https:\/\/cdn.media-acidadeon.com.br\/ribeiraopreto\/wp-content\/uploads\/sites\/3\/2025\/12\/WhatsApp-Image-2025-12-10-at-13.23.44-1_2025-12-10_16-24-55-300x249.webp 300w, https:\/\/cdn.media-acidadeon.com.br\/ribeiraopreto\/wp-content\/uploads\/sites\/3\/2025\/12\/WhatsApp-Image-2025-12-10-at-13.23.44-1_2025-12-10_16-24-55-768x637.webp 768w, https:\/\/cdn.media-acidadeon.com.br\/ribeiraopreto\/wp-content\/uploads\/sites\/3\/2025\/12\/WhatsApp-Image-2025-12-10-at-13.23.44-1_2025-12-10_16-24-55-696x578.webp 696w, https:\/\/cdn.media-acidadeon.com.br\/ribeiraopreto\/wp-content\/uploads\/sites\/3\/2025\/12\/WhatsApp-Image-2025-12-10-at-13.23.44-1_2025-12-10_16-24-55-1068x886.webp 1068w, https:\/\/cdn.media-acidadeon.com.br\/ribeiraopreto\/wp-content\/uploads\/sites\/3\/2025\/12\/WhatsApp-Image-2025-12-10-at-13.23.44-1_2025-12-10_16-24-55.webp 1200w\" sizes=\"(max-width: 1024px) 100vw, 1024px\"\/><\/figure>\n<figure class=\"wp-block-image size-large\"><img data-recalc-dims=\"1\" loading=\"lazy\" decoding=\"async\" width=\"1024\" height=\"527\" data-id=\"138765\" src=\"https:\/\/i0.wp.com\/cdn.media-acidadeon.com.br\/ribeiraopreto\/wp-content\/uploads\/sites\/3\/2025\/12\/1280-x-659-header-Foto-Acirp-19-_2025-12-09_15-08-13-1024x527.webp?resize=1024%2C527&#038;ssl=1\" alt=\"natal luz\" class=\"wp-image-138765\" title=\"Natal Luz atrai mais de 28 mil visitantes em Ribeir\u00e3o Preto 2\" srcset=\"https:\/\/cdn.media-acidadeon.com.br\/ribeiraopreto\/wp-content\/uploads\/sites\/3\/2025\/12\/1280-x-659-header-Foto-Acirp-19-_2025-12-09_15-08-13-1024x527.webp 1024w, https:\/\/cdn.media-acidadeon.com.br\/ribeiraopreto\/wp-content\/uploads\/sites\/3\/2025\/12\/1280-x-659-header-Foto-Acirp-19-_2025-12-09_15-08-13-300x155.webp 300w, https:\/\/cdn.media-acidadeon.com.br\/ribeiraopreto\/wp-content\/uploads\/sites\/3\/2025\/12\/1280-x-659-header-Foto-Acirp-19-_2025-12-09_15-08-13-768x396.webp 768w, https:\/\/cdn.media-acidadeon.com.br\/ribeiraopreto\/wp-content\/uploads\/sites\/3\/2025\/12\/1280-x-659-header-Foto-Acirp-19-_2025-12-09_15-08-13-696x358.webp 696w, https:\/\/cdn.media-acidadeon.com.br\/ribeiraopreto\/wp-content\/uploads\/sites\/3\/2025\/12\/1280-x-659-header-Foto-Acirp-19-_2025-12-09_15-08-13-1068x550.webp 1068w, https:\/\/cdn.media-acidadeon.com.br\/ribeiraopreto\/wp-content\/uploads\/sites\/3\/2025\/12\/1280-x-659-header-Foto-Acirp-19-_2025-12-09_15-08-13.webp 1200w\" sizes=\"auto, (max-width: 1024px) 100vw, 1024px\"\/><\/figure>\n<figure class=\"wp-block-image size-large\"><img data-recalc-dims=\"1\" loading=\"lazy\" decoding=\"async\" width=\"1024\" height=\"527\" data-id=\"137469\" src=\"https:\/\/i0.wp.com\/cdn.media-acidadeon.com.br\/ribeiraopreto\/wp-content\/uploads\/sites\/3\/2025\/11\/1280-x-659-header-Foto-Acirp-29-_2025-11-27_20-46-55-1024x527.webp?resize=1024%2C527&#038;ssl=1\" alt=\"Papai Noel no Centro de Ribeir\u00e3o Preto - Foto: Divulga\u00e7\u00e3o\" class=\"wp-image-137469\" title=\"Natal Luz atrai mais de 28 mil visitantes em Ribeir\u00e3o Preto 3\" srcset=\"https:\/\/cdn.media-acidadeon.com.br\/ribeiraopreto\/wp-content\/uploads\/sites\/3\/2025\/11\/1280-x-659-header-Foto-Acirp-29-_2025-11-27_20-46-55-1024x527.webp 1024w, https:\/\/cdn.media-acidadeon.com.br\/ribeiraopreto\/wp-content\/uploads\/sites\/3\/2025\/11\/1280-x-659-header-Foto-Acirp-29-_2025-11-27_20-46-55-300x155.webp 300w, https:\/\/cdn.media-acidadeon.com.br\/ribeiraopreto\/wp-content\/uploads\/sites\/3\/2025\/11\/1280-x-659-header-Foto-Acirp-29-_2025-11-27_20-46-55-768x396.webp 768w, https:\/\/cdn.media-acidadeon.com.br\/ribeiraopreto\/wp-content\/uploads\/sites\/3\/2025\/11\/1280-x-659-header-Foto-Acirp-29-_2025-11-27_20-46-55-696x358.webp 696w, https:\/\/cdn.media-acidadeon.com.br\/ribeiraopreto\/wp-content\/uploads\/sites\/3\/2025\/11\/1280-x-659-header-Foto-Acirp-29-_2025-11-27_20-46-55-1068x550.webp 1068w, https:\/\/cdn.media-acidadeon.com.br\/ribeiraopreto\/wp-content\/uploads\/sites\/3\/2025\/11\/1280-x-659-header-Foto-Acirp-29-_2025-11-27_20-46-55.webp 1200w\" sizes=\"auto, (max-width: 1024px) 100vw, 1024px\"\/><\/figure>\n<\/figure>\n<h3 class=\"wp-block-heading\"><strong>Noel M\u00f3vel e Casinha do Noel concentraram p\u00fablico<\/strong><\/h3>\n<p>O cen\u00e1rio itinerante Noel M\u00f3vel passou por 20 pontos do munic\u00edpio e recebeu 8.610 visitantes. J\u00e1 a Casinha do Noel, instalada no Centro Cultural Palace, atraiu 19.526 pessoas.<\/p>\n<p>Nos dois espa\u00e7os, o p\u00fablico p\u00f4de tirar fotos, entregar cartas ao Papai Noel e receber brindes. Ao longo da programa\u00e7\u00e3o, cerca de 20 toneladas de alimentos foram distribu\u00eddas, com apoio da empresa Santa Helena.<\/p>\n<p>Ao todo, 44 pessoas trabalharam na produ\u00e7\u00e3o do evento, sendo 35 artistas locais e nove colaboradores da Associa\u00e7\u00e3o Comercial e Industrial de Ribeir\u00e3o Preto (Acirp), respons\u00e1vel pela realiza\u00e7\u00e3o.<\/p>\n<hr class=\"wp-block-separator has-alpha-channel-opacity\"\/>\n<p><strong>SAIBA MAIS<\/strong><\/p>\n<p>Rompimento de adutora pode deixar moradores sem \u00e1gua na zona Leste de Ribeir\u00e3o Preto; Veja bairros<\/p>\n<h2 class=\"wp-block-heading\"><strong>FIQUE ON<\/strong><\/h2>\n<p>Fique ligado em tudo que acontece em Ribeir\u00e3o Preto e regi\u00e3o. Siga os perfis do<strong>\u00a0acidade on<\/strong>\u00a0no<a href=\"https:\/\/www.instagram.com\/acidadeonribeirao\" target=\"_blank\" rel=\"noreferrer noopener\">\u00a0Instagram\u00a0<\/a>e no\u00a0<a href=\"https:\/\/www.facebook.com\/acidadeonribeirao\/\" target=\"_blank\" rel=\"noreferrer noopener\">Facebook<\/a>.<\/p>\n<p>Receba not\u00edcias do<strong>\u00a0acidade on<\/strong>\u00a0no WhatsApp. Para entrar no grupo,\u00a0basta<a href=\"https:\/\/chat.whatsapp.com\/GFH9HUMUTHNFJdnyEd0xxq\" target=\"_blank\" rel=\"noreferrer noopener\">\u00a0clicar aqui<\/a>. Ou, acesse o nosso\u00a0Canal\u00a0<a href=\"https:\/\/whatsapp.com\/channel\/0029Vb6IQl1JENyAeS57fk2p\" target=\"_blank\" rel=\"noreferrer noopener\">clicando aqui<\/a>.<\/p>\n<p>Fa\u00e7a uma den\u00fancia ou sugira uma reportagem sobre Ribeir\u00e3o Preto e regi\u00e3o pelo WhatsApp: 16 99117 7802.<\/p>\n<p>VEJA TAMB\u00c9M<\/p>\n<p>Casquinha do McDonald\u2019s n\u00e3o \u00e9 sorvete?<\/p>\n<p><!-- AI CONTENT END 1 -->\n<\/div>\n<\/div>\n<p><script async src=\"\/\/www.instagram.com\/embed.js\"><\/script><br \/>\n<br \/><br \/>\n<br \/><a href=\"https:\/\/www.acidadeon.com\/ribeiraopreto\/cotidiano\/natal-luz-atrai-mais-de-28-mil-visitantes-em-ribeirao-preto\/\">Source link <\/a><\/p>\n<!-- CONTENT END 1 -->\n","protected":false},"excerpt":{"rendered":"<p>O Natal Luz 2025 encerrou sua 23\u00aa edi\u00e7\u00e3o com p\u00fablico superior a 28 mil visitantes ao longo de 26 dias de programa\u00e7\u00e3o gratuita em Ribeir\u00e3o&#8230;<\/p>\n","protected":false},"author":1,"featured_media":80413,"comment_status":"open","ping_status":"open","sticky":false,"template":"","format":"standard","meta":{"advanced_seo_description":"","jetpack_seo_html_title":"","jetpack_seo_noindex":false,"jetpack_post_was_ever_published":false,"_jetpack_newsletter_access":"","_jetpack_dont_email_post_to_subs":false,"_jetpack_newsletter_tier_id":0,"_jetpack_memberships_contains_paywalled_content":false,"_jetpack_memberships_contains_paid_content":false,"footnotes":"","jetpack_publicize_message":"","jetpack_publicize_feature_enabled":true,"jetpack_social_post_already_shared":true,"jetpack_social_options":{"image_generator_settings":{"template":"highway","default_image_id":0,"font":"","enabled":false},"version":2}},"categories":[11],"tags":[],"class_list":["post-81286","post","type-post","status-publish","format-standard","has-post-thumbnail","hentry","category-noticias-de-ribeirao-preto-sp-e-regiao-ismael-colosi"],"jetpack_publicize_connections":[],"jetpack_featured_media_url":"https:\/\/i0.wp.com\/noticiasribeiraopreto.com.br\/wp-content\/uploads\/2025\/12\/Copia-de-Copia-de-Copia-de-TAMANHO-EXATO-PARA-FOTOS-NO-SISTEMA-NOVO-2025-11-28T202412.103_2025-11-28_23-24-18.webp.webp?fit=1200%2C675&ssl=1","jetpack-related-posts":[{"id":22758,"url":"https:\/\/noticiasribeiraopreto.com.br\/index.php\/2023\/12\/30\/natal-luz-da-acirp-atraiu-477-mil-visitantes-em-20-dias\/","url_meta":{"origin":81286,"position":0},"title":"Natal Luz da Acirp atraiu 47,7 mil visitantes em 20 dias\u00a0","author":"noticiasribeiraopreto.com.br","date":"30 de December de 2023","format":false,"excerpt":"Movimenta\u00e7\u00e3o do Natal Luz da Acirp lotou o Centro e levou as fam\u00edlias para o com\u00e9rcio de rua da cidade (F\u00e1brica de Retratos)As atra\u00e7\u00f5es com Papai Noel do Natal Luz da Associa\u00e7\u00e3o Comercial e Industrial de Ribeir\u00e3o Preto (Acirp) receberam cerca de 47,7 mil visitantes entre os dias 2 e\u2026","rel":"","context":"In &quot;Not\u00edcias de Ribeir\u00e3o Preto-SP e Regi\u00e3o&quot;","block_context":{"text":"Not\u00edcias de Ribeir\u00e3o Preto-SP e Regi\u00e3o","link":"https:\/\/noticiasribeiraopreto.com.br\/index.php\/category\/noticias-de-ribeirao-preto-sp-e-regiao-ismael-colosi\/"},"img":{"alt_text":"","src":"https:\/\/i0.wp.com\/noticiasribeiraopreto.com.br\/wp-content\/uploads\/2023\/12\/1-natal-luz-foto-2-scaled.jpg?fit=967%2C645&ssl=1&resize=350%2C200","width":350,"height":200,"srcset":"https:\/\/i0.wp.com\/noticiasribeiraopreto.com.br\/wp-content\/uploads\/2023\/12\/1-natal-luz-foto-2-scaled.jpg?fit=967%2C645&ssl=1&resize=350%2C200 1x, https:\/\/i0.wp.com\/noticiasribeiraopreto.com.br\/wp-content\/uploads\/2023\/12\/1-natal-luz-foto-2-scaled.jpg?fit=967%2C645&ssl=1&resize=525%2C300 1.5x, https:\/\/i0.wp.com\/noticiasribeiraopreto.com.br\/wp-content\/uploads\/2023\/12\/1-natal-luz-foto-2-scaled.jpg?fit=967%2C645&ssl=1&resize=700%2C400 2x"},"classes":[]},{"id":22298,"url":"https:\/\/noticiasribeiraopreto.com.br\/index.php\/2023\/12\/29\/papai-noel-no-centro-de-ribeirao-preto-recebeu-40-mil-visitas\/","url_meta":{"origin":81286,"position":1},"title":"Papai Noel no Centro de Ribeir\u00e3o Preto recebeu 40 mil visitas","author":"noticiasribeiraopreto.com.br","date":"29 de December de 2023","format":false,"excerpt":"O Pal\u00e1cio do Papai Noel, uma das atra\u00e7\u00f5es do Natal Luz, instalado no Centro Cultural Palace, entre os dias 2 e 22 de dezembro, no Centro de Ribeir\u00e3o Preto, recebeu cerca de 40 mil visitantes neste ano, um aumento de 74% em rela\u00e7\u00e3o ao p\u00fablico de 2022. Os dados s\u00e3o\u2026","rel":"","context":"In &quot;Not\u00edcias de Ribeir\u00e3o Preto-SP e Regi\u00e3o&quot;","block_context":{"text":"Not\u00edcias de Ribeir\u00e3o Preto-SP e Regi\u00e3o","link":"https:\/\/noticiasribeiraopreto.com.br\/index.php\/category\/noticias-de-ribeirao-preto-sp-e-regiao-ismael-colosi\/"},"img":{"alt_text":"","src":"https:\/\/i0.wp.com\/noticiasribeiraopreto.com.br\/wp-content\/uploads\/2023\/12\/1703874859_Natal-Luz-2020-credito-Fabrica-de-Retratos-4-min-scaled.jpg?fit=1200%2C800&ssl=1&resize=350%2C200","width":350,"height":200,"srcset":"https:\/\/i0.wp.com\/noticiasribeiraopreto.com.br\/wp-content\/uploads\/2023\/12\/1703874859_Natal-Luz-2020-credito-Fabrica-de-Retratos-4-min-scaled.jpg?fit=1200%2C800&ssl=1&resize=350%2C200 1x, https:\/\/i0.wp.com\/noticiasribeiraopreto.com.br\/wp-content\/uploads\/2023\/12\/1703874859_Natal-Luz-2020-credito-Fabrica-de-Retratos-4-min-scaled.jpg?fit=1200%2C800&ssl=1&resize=525%2C300 1.5x, https:\/\/i0.wp.com\/noticiasribeiraopreto.com.br\/wp-content\/uploads\/2023\/12\/1703874859_Natal-Luz-2020-credito-Fabrica-de-Retratos-4-min-scaled.jpg?fit=1200%2C800&ssl=1&resize=700%2C400 2x, https:\/\/i0.wp.com\/noticiasribeiraopreto.com.br\/wp-content\/uploads\/2023\/12\/1703874859_Natal-Luz-2020-credito-Fabrica-de-Retratos-4-min-scaled.jpg?fit=1200%2C800&ssl=1&resize=1050%2C600 3x"},"classes":[]},{"id":61708,"url":"https:\/\/noticiasribeiraopreto.com.br\/index.php\/2024\/12\/19\/natal-luz-chega-a-reta-final-em-ribeirao-confira-programacao-do-fim-de-semana\/","url_meta":{"origin":81286,"position":2},"title":"Natal Luz chega \u00e0 reta final em Ribeir\u00e3o; Confira programa\u00e7\u00e3o do fim de semana","author":"noticiasribeiraopreto.com.br","date":"19 de December de 2024","format":false,"excerpt":"A programa\u00e7\u00e3o do Natal Luz em Ribeir\u00e3o Preto chega a sua reta final neste final de semana, com atra\u00e7\u00f5es para toda a fam\u00edlia. Na agenda de atividades est\u00e3o op\u00e7\u00f5es para todos os gostos e idades, com destaque para apresenta\u00e7\u00f5es musicais, visita\u00e7\u00e3o ao Papai Noel e caravana de Natal. Al\u00e9m disso,\u2026","rel":"","context":"In &quot;Not\u00edcias de Ribeir\u00e3o Preto-SP e Regi\u00e3o&quot;","block_context":{"text":"Not\u00edcias de Ribeir\u00e3o Preto-SP e Regi\u00e3o","link":"https:\/\/noticiasribeiraopreto.com.br\/index.php\/category\/noticias-de-ribeirao-preto-sp-e-regiao-ismael-colosi\/"},"img":{"alt_text":"","src":"https:\/\/i0.wp.com\/noticiasribeiraopreto.com.br\/wp-content\/uploads\/2024\/12\/papai-noel-foto-fabrica-de-retratos-acirp-scaled.jpg?fit=1200%2C800&ssl=1&resize=350%2C200","width":350,"height":200,"srcset":"https:\/\/i0.wp.com\/noticiasribeiraopreto.com.br\/wp-content\/uploads\/2024\/12\/papai-noel-foto-fabrica-de-retratos-acirp-scaled.jpg?fit=1200%2C800&ssl=1&resize=350%2C200 1x, https:\/\/i0.wp.com\/noticiasribeiraopreto.com.br\/wp-content\/uploads\/2024\/12\/papai-noel-foto-fabrica-de-retratos-acirp-scaled.jpg?fit=1200%2C800&ssl=1&resize=525%2C300 1.5x, https:\/\/i0.wp.com\/noticiasribeiraopreto.com.br\/wp-content\/uploads\/2024\/12\/papai-noel-foto-fabrica-de-retratos-acirp-scaled.jpg?fit=1200%2C800&ssl=1&resize=700%2C400 2x, https:\/\/i0.wp.com\/noticiasribeiraopreto.com.br\/wp-content\/uploads\/2024\/12\/papai-noel-foto-fabrica-de-retratos-acirp-scaled.jpg?fit=1200%2C800&ssl=1&resize=1050%2C600 3x"},"classes":[]},{"id":61233,"url":"https:\/\/noticiasribeiraopreto.com.br\/index.php\/2024\/12\/06\/natal-luz-em-ribeirao-preto-confira-a-programacao-deste-fim-de-semana\/","url_meta":{"origin":81286,"position":3},"title":"Natal Luz em Ribeir\u00e3o Preto: Confira a programa\u00e7\u00e3o deste fim de semana","author":"noticiasribeiraopreto.com.br","date":"6 de December de 2024","format":false,"excerpt":"O Natal Luz, promove diversas atividades gratuitas, em Ribeir\u00e3o Preto, durante todo o m\u00eas de dezembro. A programa\u00e7\u00e3o vai at\u00e9 o dia 23 de dezembro e oferece op\u00e7\u00f5es para todos os gostos e idades, com destaque para apresenta\u00e7\u00f5es musicais e a tradicional visita\u00e7\u00e3o ao Papai Noel. Confira os principais eventos\u2026","rel":"","context":"In &quot;Not\u00edcias de Ribeir\u00e3o Preto-SP e Regi\u00e3o&quot;","block_context":{"text":"Not\u00edcias de Ribeir\u00e3o Preto-SP e Regi\u00e3o","link":"https:\/\/noticiasribeiraopreto.com.br\/index.php\/category\/noticias-de-ribeirao-preto-sp-e-regiao-ismael-colosi\/"},"img":{"alt_text":"","src":"https:\/\/i0.wp.com\/noticiasribeiraopreto.com.br\/wp-content\/uploads\/2024\/11\/IGOR6650_2024-11-19_18-22-30_jpg_2024-11-19_18-22-34-scaled.webp.webp?fit=1200%2C800&ssl=1&resize=350%2C200","width":350,"height":200,"srcset":"https:\/\/i0.wp.com\/noticiasribeiraopreto.com.br\/wp-content\/uploads\/2024\/11\/IGOR6650_2024-11-19_18-22-30_jpg_2024-11-19_18-22-34-scaled.webp.webp?fit=1200%2C800&ssl=1&resize=350%2C200 1x, https:\/\/i0.wp.com\/noticiasribeiraopreto.com.br\/wp-content\/uploads\/2024\/11\/IGOR6650_2024-11-19_18-22-30_jpg_2024-11-19_18-22-34-scaled.webp.webp?fit=1200%2C800&ssl=1&resize=525%2C300 1.5x, https:\/\/i0.wp.com\/noticiasribeiraopreto.com.br\/wp-content\/uploads\/2024\/11\/IGOR6650_2024-11-19_18-22-30_jpg_2024-11-19_18-22-34-scaled.webp.webp?fit=1200%2C800&ssl=1&resize=700%2C400 2x, https:\/\/i0.wp.com\/noticiasribeiraopreto.com.br\/wp-content\/uploads\/2024\/11\/IGOR6650_2024-11-19_18-22-30_jpg_2024-11-19_18-22-34-scaled.webp.webp?fit=1200%2C800&ssl=1&resize=1050%2C600 3x"},"classes":[]},{"id":80996,"url":"https:\/\/noticiasribeiraopreto.com.br\/index.php\/2025\/12\/20\/natal-em-cravinhos-tem-papai-noel-de-helicoptero-distribuicao-de-presentes-e-atracoes-culturais\/","url_meta":{"origin":81286,"position":4},"title":"Natal em Cravinhos tem Papai Noel de helic\u00f3ptero, distribui\u00e7\u00e3o de presentes e atra\u00e7\u00f5es culturais","author":"noticiasribeiraopreto.com.br","date":"20 de December de 2025","format":false,"excerpt":"O Papai Noel chega em grande estilo neste domingo (21) em Cravinhos, cidade a cerca de 23 quil\u00f4metros de Ribeir\u00e3o Preto. A chegada do Bom Velhinho est\u00e1 prevista a partir das 8h, no Est\u00e1dio J.D. Martins. Segundo a Administra\u00e7\u00e3o Municipal, a expectativa \u00e9 reunir cerca de quatro mil pessoas ao\u2026","rel":"","context":"In &quot;Not\u00edcias de Ribeir\u00e3o Preto-SP e Regi\u00e3o&quot;","block_context":{"text":"Not\u00edcias de Ribeir\u00e3o Preto-SP e Regi\u00e3o","link":"https:\/\/noticiasribeiraopreto.com.br\/index.php\/category\/noticias-de-ribeirao-preto-sp-e-regiao-ismael-colosi\/"},"img":{"alt_text":"","src":"https:\/\/i0.wp.com\/noticiasribeiraopreto.com.br\/wp-content\/uploads\/2025\/12\/600362987_1171242328544243_8418887030421037245_n-1_2025-12-19_19-29-20.webp.webp?fit=1181%2C834&ssl=1&resize=350%2C200","width":350,"height":200,"srcset":"https:\/\/i0.wp.com\/noticiasribeiraopreto.com.br\/wp-content\/uploads\/2025\/12\/600362987_1171242328544243_8418887030421037245_n-1_2025-12-19_19-29-20.webp.webp?fit=1181%2C834&ssl=1&resize=350%2C200 1x, https:\/\/i0.wp.com\/noticiasribeiraopreto.com.br\/wp-content\/uploads\/2025\/12\/600362987_1171242328544243_8418887030421037245_n-1_2025-12-19_19-29-20.webp.webp?fit=1181%2C834&ssl=1&resize=525%2C300 1.5x, https:\/\/i0.wp.com\/noticiasribeiraopreto.com.br\/wp-content\/uploads\/2025\/12\/600362987_1171242328544243_8418887030421037245_n-1_2025-12-19_19-29-20.webp.webp?fit=1181%2C834&ssl=1&resize=700%2C400 2x, https:\/\/i0.wp.com\/noticiasribeiraopreto.com.br\/wp-content\/uploads\/2025\/12\/600362987_1171242328544243_8418887030421037245_n-1_2025-12-19_19-29-20.webp.webp?fit=1181%2C834&ssl=1&resize=1050%2C600 3x"},"classes":[]},{"id":60871,"url":"https:\/\/noticiasribeiraopreto.com.br\/index.php\/2024\/11\/27\/confira-programacao-de-concertos-do-natal-luz-em-ribeirao-preto\/","url_meta":{"origin":81286,"position":5},"title":"Confira programa\u00e7\u00e3o de concertos do Natal Luz em Ribeir\u00e3o Preto","author":"noticiasribeiraopreto.com.br","date":"27 de November de 2024","format":false,"excerpt":"Come\u00e7a neste final de semana, a programa\u00e7\u00e3o do Natal Luz em Ribeir\u00e3o Preto. Promovido h\u00e1 22 anos, o projeto conta com diversas a\u00e7\u00f5es culturais e decorativas no munic\u00edpio. Al\u00e9m da chegada do Papai Noel, que acontece no s\u00e1bado (30), a partir das 10h, junto com a Parada de Natal no\u2026","rel":"","context":"In &quot;Not\u00edcias de Ribeir\u00e3o Preto-SP e Regi\u00e3o&quot;","block_context":{"text":"Not\u00edcias de Ribeir\u00e3o Preto-SP e Regi\u00e3o","link":"https:\/\/noticiasribeiraopreto.com.br\/index.php\/category\/noticias-de-ribeirao-preto-sp-e-regiao-ismael-colosi\/"},"img":{"alt_text":"","src":"https:\/\/i0.wp.com\/noticiasribeiraopreto.com.br\/wp-content\/uploads\/2024\/11\/santa-hat-8413947_1280.jpg?fit=1200%2C821&ssl=1&resize=350%2C200","width":350,"height":200,"srcset":"https:\/\/i0.wp.com\/noticiasribeiraopreto.com.br\/wp-content\/uploads\/2024\/11\/santa-hat-8413947_1280.jpg?fit=1200%2C821&ssl=1&resize=350%2C200 1x, https:\/\/i0.wp.com\/noticiasribeiraopreto.com.br\/wp-content\/uploads\/2024\/11\/santa-hat-8413947_1280.jpg?fit=1200%2C821&ssl=1&resize=525%2C300 1.5x, https:\/\/i0.wp.com\/noticiasribeiraopreto.com.br\/wp-content\/uploads\/2024\/11\/santa-hat-8413947_1280.jpg?fit=1200%2C821&ssl=1&resize=700%2C400 2x, https:\/\/i0.wp.com\/noticiasribeiraopreto.com.br\/wp-content\/uploads\/2024\/11\/santa-hat-8413947_1280.jpg?fit=1200%2C821&ssl=1&resize=1050%2C600 3x"},"classes":[]}],"jetpack_sharing_enabled":true,"jetpack_shortlink":"https:\/\/wp.me\/peQAOb-l94","_links":{"self":[{"href":"https:\/\/noticiasribeiraopreto.com.br\/index.php\/wp-json\/wp\/v2\/posts\/81286","targetHints":{"allow":["GET"]}}],"collection":[{"href":"https:\/\/noticiasribeiraopreto.com.br\/index.php\/wp-json\/wp\/v2\/posts"}],"about":[{"href":"https:\/\/noticiasribeiraopreto.com.br\/index.php\/wp-json\/wp\/v2\/types\/post"}],"author":[{"embeddable":true,"href":"https:\/\/noticiasribeiraopreto.com.br\/index.php\/wp-json\/wp\/v2\/users\/1"}],"replies":[{"embeddable":true,"href":"https:\/\/noticiasribeiraopreto.com.br\/index.php\/wp-json\/wp\/v2\/comments?post=81286"}],"version-history":[{"count":0,"href":"https:\/\/noticiasribeiraopreto.com.br\/index.php\/wp-json\/wp\/v2\/posts\/81286\/revisions"}],"wp:featuredmedia":[{"embeddable":true,"href":"https:\/\/noticiasribeiraopreto.com.br\/index.php\/wp-json\/wp\/v2\/media\/80413"}],"wp:attachment":[{"href":"https:\/\/noticiasribeiraopreto.com.br\/index.php\/wp-json\/wp\/v2\/media?parent=81286"}],"wp:term":[{"taxonomy":"category","embeddable":true,"href":"https:\/\/noticiasribeiraopreto.com.br\/index.php\/wp-json\/wp\/v2\/categories?post=81286"},{"taxonomy":"post_tag","embeddable":true,"href":"https:\/\/noticiasribeiraopreto.com.br\/index.php\/wp-json\/wp\/v2\/tags?post=81286"}],"curies":[{"name":"wp","href":"https:\/\/api.w.org\/{rel}","templated":true}]}}