{"id":81287,"date":"2025-12-31T07:25:21","date_gmt":"2025-12-31T10:25:21","guid":{"rendered":"https:\/\/noticiasribeiraopreto.com.br\/index.php\/2025\/12\/31\/cidade-na-regiao-de-ribeirao-preto-comemora-titulo-de-estancia-turistica-e-projeta-empregos\/"},"modified":"2025-12-31T07:25:21","modified_gmt":"2025-12-31T10:25:21","slug":"cidade-na-regiao-de-ribeirao-preto-comemora-titulo-de-estancia-turistica-e-projeta-empregos","status":"publish","type":"post","link":"https:\/\/noticiasribeiraopreto.com.br\/index.php\/2025\/12\/31\/cidade-na-regiao-de-ribeirao-preto-comemora-titulo-de-estancia-turistica-e-projeta-empregos\/","title":{"rendered":"Cidade na regi\u00e3o de Ribeir\u00e3o Preto comemora t\u00edtulo de est\u00e2ncia tur\u00edstica e projeta empregos"},"content":{"rendered":"<div class='code-block code-block-1' style='margin: 8px 0 8px auto; text-align: right; display: block; clear: both;'>\n<p><a href=\"https:\/\/wa.link\/vpicfd\"><img data-recalc-dims=\"1\" class=\"wp-image-4922\" style=\"aspect-ratio: 2.0253164556962027; width: 561px; height: auto;\" src=\"https:\/\/i0.wp.com\/ismaelcolosi.com.br\/wp-content\/uploads\/2023\/11\/grupo-de-empregos-whatsapp-e-facebook-ismael-colosi-vagas.jpg?ssl=1\" alt=\"\" \/><\/a><\/p>\n<!-- \/wp:image -->\n<\/div>\n<p> <br \/>\n<\/p>\n<div>\n<p><strong>A cidade de Sert\u00e3ozinho, na regi\u00e3o de Ribeir\u00e3o Preto, conquistou oficialmente o t\u00edtulo de est\u00e2ncia tur\u00edstica com a publica\u00e7\u00e3o no Di\u00e1rio Oficial do Estado, no \u00faltimo dia 26 de dezembro.<\/strong> Ap\u00f3s o <strong>projeto de lei<\/strong> do <strong>Governo de S\u00e3o Paulo<\/strong> ser <strong>aprovado <\/strong>pela <strong>Assembleia Legislativa<\/strong>, a <strong>cidade <\/strong>passa a <strong>integrar <\/strong>um <strong>grupo <\/strong>de <strong>78 est\u00e2ncias <\/strong>no <strong>estado paulista<\/strong>.<\/p>\n<p><mark style=\"background-color:#fcb900\" class=\"has-inline-color has-black-color\">A nova classifica\u00e7\u00e3o possibilita receber recursos do Fundo de Melhoria dos Munic\u00edpios Tur\u00edsticos (Fumtur), destinados exclusivamente a investimentos em infraestrutura, qualifica\u00e7\u00e3o, promo\u00e7\u00e3o e fortalecimento do turismo.<\/mark><\/p>\n<p>O secret\u00e1rio municipal de Cultura e Turismo de Sert\u00e3ozinho, Jos\u00e9 Adilson dos Santos, disse que o reconhecimento amplia o fluxo de visitantes e impulsiona setores da economia local.<\/p>\n<p>\u201cO aumento no turismo gera maior demanda por hospedagem, alimenta\u00e7\u00e3o, transporte, com\u00e9rcio e servi\u00e7os, estimulando a cria\u00e7\u00e3o de empregos diretos e indiretos\u201d, destacou.<\/p>\n<p>Segundo a <a href=\"https:\/\/www.sertaozinho.sp.gov.br\/\" data-type=\"link\" data-id=\"https:\/\/www.sertaozinho.sp.gov.br\/\" target=\"_blank\" rel=\"noopener\">Prefeitura de Sert\u00e3ozinho<\/a>, a cidade conta com mais de 80 equipamentos tur\u00edsticos, entre p\u00fablicos e privados, como o Parque do Cristo Salvador, o Parque Ecol\u00f3gico, o Museu da Cana e outros, al\u00e9m de ser reconhecida internacionalmente pelo turismo de agroneg\u00f3cios, principalmente pela feira Fenasucro &amp; Agrocana, e se destacar no turismo religioso, esportivo, de natureza e cultural.<\/p>\n<p>\u00a0\u201cNossa cidade passa a ser refer\u00eancia tur\u00edstica na regi\u00e3o\u201d, disse o prefeito Zezinho Gimenez.<\/p>\n<p>SAIBA MAIS<\/p>\n<p>Fonte luminosa \u00e9 interditada ap\u00f3s enxame de abelhas na regi\u00e3o de Ribeir\u00e3o Preto<\/p>\n<h2 class=\"wp-block-heading\"><strong>FIQUE ON<\/strong><\/h2>\n<p>Fique ligado em tudo que acontece em Ribeir\u00e3o Preto e regi\u00e3o. Siga os perfis do<strong>\u00a0acidade on<\/strong>\u00a0no<a href=\"https:\/\/www.instagram.com\/acidadeonribeirao\" target=\"_blank\" rel=\"noreferrer noopener\">\u00a0Instagram\u00a0<\/a>e no\u00a0<a href=\"https:\/\/www.facebook.com\/acidadeonribeirao\/\" target=\"_blank\" rel=\"noreferrer noopener\">Facebook<\/a>.<\/p>\n<p>Receba not\u00edcias do<strong>\u00a0acidade on<\/strong>\u00a0no WhatsApp. Para entrar no grupo,\u00a0basta<a href=\"https:\/\/chat.whatsapp.com\/GFH9HUMUTHNFJdnyEd0xxq\" target=\"_blank\" rel=\"noreferrer noopener\">\u00a0clicar aqui<\/a>. Ou, acesse o nosso\u00a0Canal\u00a0<a href=\"https:\/\/whatsapp.com\/channel\/0029Vb6IQl1JENyAeS57fk2p\" target=\"_blank\" rel=\"noreferrer noopener\">clicando aqui<\/a>.<\/p>\n<p>Fa\u00e7a uma den\u00fancia ou sugira uma reportagem sobre Ribeir\u00e3o Preto e regi\u00e3o pelo WhatsApp: 16 99117 7802.<\/p>\n<p>VEJA TAMB\u00c9M<\/p>\n<p>Casquinha do McDonald\u2019s n\u00e3o \u00e9 sorvete?<\/p>\n<p><!-- AI CONTENT END 1 -->\n<\/div>\n<p><script async src=\"\/\/www.instagram.com\/embed.js\"><\/script><br \/>\n<br \/><br \/>\n<br \/><a href=\"https:\/\/www.acidadeon.com\/ribeiraopreto\/cotidiano\/cidade-na-regiao-de-ribeirao-preto-comemora-titulo-de-estancia-turistica-e-projeta-empregos\/\">Source link <\/a><\/p>\n<!-- CONTENT END 1 -->\n","protected":false},"excerpt":{"rendered":"<p>A cidade de Sert\u00e3ozinho, na regi\u00e3o de Ribeir\u00e3o Preto, conquistou oficialmente o t\u00edtulo de est\u00e2ncia tur\u00edstica com a publica\u00e7\u00e3o no Di\u00e1rio Oficial do Estado, no&#8230;<\/p>\n","protected":false},"author":1,"featured_media":81288,"comment_status":"open","ping_status":"open","sticky":false,"template":"","format":"standard","meta":{"advanced_seo_description":"","jetpack_seo_html_title":"","jetpack_seo_noindex":false,"jetpack_post_was_ever_published":false,"_jetpack_newsletter_access":"","_jetpack_dont_email_post_to_subs":false,"_jetpack_newsletter_tier_id":0,"_jetpack_memberships_contains_paywalled_content":false,"_jetpack_memberships_contains_paid_content":false,"footnotes":"","jetpack_publicize_message":"","jetpack_publicize_feature_enabled":true,"jetpack_social_post_already_shared":true,"jetpack_social_options":{"image_generator_settings":{"template":"highway","default_image_id":0,"font":"","enabled":false},"version":2}},"categories":[11],"tags":[],"class_list":["post-81287","post","type-post","status-publish","format-standard","has-post-thumbnail","hentry","category-noticias-de-ribeirao-preto-sp-e-regiao-ismael-colosi"],"jetpack_publicize_connections":[],"jetpack_featured_media_url":"https:\/\/i0.wp.com\/noticiasribeiraopreto.com.br\/wp-content\/uploads\/2025\/12\/WhatsApp-Image-2025-12-30-at-14.26.57_2025-12-30_18-58-40.webp.webp?fit=1200%2C675&ssl=1","jetpack-related-posts":[{"id":19935,"url":"https:\/\/noticiasribeiraopreto.com.br\/index.php\/2023\/12\/23\/rp-ainda-aguarda-para-se-tornar-municipio-de-interesse-turistico\/","url_meta":{"origin":81287,"position":0},"title":"RP ainda aguarda para se tornar Munic\u00edpio de Interesse Tur\u00edstico\u00a0","author":"noticiasribeiraopreto.com.br","date":"23 de December de 2023","format":false,"excerpt":"Projeto de lei que classifica a cidade como MIT j\u00e1 tramitou em todas as comiss\u00f5es permanentes necess\u00e1rias na Alesp e est\u00e1 pronto para ser votado\u00a0 23 de dezembro de 2023 | 17:0023 de dezembro de 2023 | 11:52 0A transforma\u00e7\u00e3o de Ribeir\u00e3o Preto em Munic\u00edpio de Interesse Tur\u00edstico (MIT) e\u2026","rel":"","context":"In &quot;Not\u00edcias de Ribeir\u00e3o Preto-SP e Regi\u00e3o&quot;","block_context":{"text":"Not\u00edcias de Ribeir\u00e3o Preto-SP e Regi\u00e3o","link":"https:\/\/noticiasribeiraopreto.com.br\/index.php\/category\/noticias-de-ribeirao-preto-sp-e-regiao-ismael-colosi\/"},"img":{"alt_text":"","src":"https:\/\/i0.wp.com\/noticiasribeiraopreto.com.br\/wp-content\/uploads\/2023\/12\/1-mit-dia_mundial_do_turismo_2-scaled.jpg?fit=968%2C645&ssl=1&resize=350%2C200","width":350,"height":200,"srcset":"https:\/\/i0.wp.com\/noticiasribeiraopreto.com.br\/wp-content\/uploads\/2023\/12\/1-mit-dia_mundial_do_turismo_2-scaled.jpg?fit=968%2C645&ssl=1&resize=350%2C200 1x, https:\/\/i0.wp.com\/noticiasribeiraopreto.com.br\/wp-content\/uploads\/2023\/12\/1-mit-dia_mundial_do_turismo_2-scaled.jpg?fit=968%2C645&ssl=1&resize=525%2C300 1.5x, https:\/\/i0.wp.com\/noticiasribeiraopreto.com.br\/wp-content\/uploads\/2023\/12\/1-mit-dia_mundial_do_turismo_2-scaled.jpg?fit=968%2C645&ssl=1&resize=700%2C400 2x"},"classes":[]},{"id":82766,"url":"https:\/\/noticiasribeiraopreto.com.br\/index.php\/2026\/02\/26\/turismo-em-ribeirao-preto-deve-ganhar-novos-rumos\/","url_meta":{"origin":81287,"position":1},"title":"Turismo em Ribeir\u00e3o Preto deve ganhar novos rumos","author":"noticiasribeiraopreto.com.br","date":"26 de February de 2026","format":false,"excerpt":"Nesta quarta-feira (25), foi realizado no Sindicato de Turismo, Hospitalidade, Servi\u00e7os e Mercado Imobili\u00e1rio de Ribeir\u00e3o Preto e Regi\u00e3o (SINDTUR) um encontro entre o presidente da Federa\u00e7\u00e3o do Com\u00e9rcio de Bens, Servi\u00e7os e Turismo (FECOM\u00c9RCIO), Ivo Dall\u2019Acqua J\u00fanior, o diretor geral do Sesc S\u00e3o Paulo, Luiz Galina, o presidente do\u2026","rel":"","context":"In &quot;Not\u00edcias de Ribeir\u00e3o Preto-SP e Regi\u00e3o&quot;","block_context":{"text":"Not\u00edcias de Ribeir\u00e3o Preto-SP e Regi\u00e3o","link":"https:\/\/noticiasribeiraopreto.com.br\/index.php\/category\/noticias-de-ribeirao-preto-sp-e-regiao-ismael-colosi\/"},"img":{"alt_text":"","src":"https:\/\/i0.wp.com\/noticiasribeiraopreto.com.br\/wp-content\/uploads\/2026\/02\/WhatsApp-Image-2026-02-25-at-16.22.10-scaled.jpeg?fit=1170%2C780&ssl=1&resize=350%2C200","width":350,"height":200,"srcset":"https:\/\/i0.wp.com\/noticiasribeiraopreto.com.br\/wp-content\/uploads\/2026\/02\/WhatsApp-Image-2026-02-25-at-16.22.10-scaled.jpeg?fit=1170%2C780&ssl=1&resize=350%2C200 1x, https:\/\/i0.wp.com\/noticiasribeiraopreto.com.br\/wp-content\/uploads\/2026\/02\/WhatsApp-Image-2026-02-25-at-16.22.10-scaled.jpeg?fit=1170%2C780&ssl=1&resize=525%2C300 1.5x, https:\/\/i0.wp.com\/noticiasribeiraopreto.com.br\/wp-content\/uploads\/2026\/02\/WhatsApp-Image-2026-02-25-at-16.22.10-scaled.jpeg?fit=1170%2C780&ssl=1&resize=700%2C400 2x, https:\/\/i0.wp.com\/noticiasribeiraopreto.com.br\/wp-content\/uploads\/2026\/02\/WhatsApp-Image-2026-02-25-at-16.22.10-scaled.jpeg?fit=1170%2C780&ssl=1&resize=1050%2C600 3x"},"classes":[]},{"id":60329,"url":"https:\/\/noticiasribeiraopreto.com.br\/index.php\/2024\/11\/11\/cidade-na-regiao-de-ribeirao-preto-tera-quarteirao-da-cultura-entenda\/","url_meta":{"origin":81287,"position":2},"title":"Cidade na regi\u00e3o de Ribeir\u00e3o Preto ter\u00e1 &#8216;Quarteir\u00e3o da Cultura&#8217;; Entenda","author":"noticiasribeiraopreto.com.br","date":"11 de November de 2024","format":false,"excerpt":"O quarteir\u00e3o formado pelo cruzamento das ruas Sebasti\u00e3o Sampaio, Expedicion\u00e1rio Lellis, Elp\u00eddio Gomes e Dr. Pio Duffles, no Centro de Sert\u00e3ozinho, cidade na regi\u00e3o de Ribeir\u00e3o Preto, ser\u00e1 transformado em um \u201cQuarteir\u00e3o da Cultura\u201d. De acordo com a Prefeitura do munic\u00edpio, o projeto vai se tornar realidade devido \u00e0 municipaliza\u00e7\u00e3o\u2026","rel":"","context":"In &quot;Not\u00edcias de Ribeir\u00e3o Preto-SP e Regi\u00e3o&quot;","block_context":{"text":"Not\u00edcias de Ribeir\u00e3o Preto-SP e Regi\u00e3o","link":"https:\/\/noticiasribeiraopreto.com.br\/index.php\/category\/noticias-de-ribeirao-preto-sp-e-regiao-ismael-colosi\/"},"img":{"alt_text":"","src":"https:\/\/i0.wp.com\/noticiasribeiraopreto.com.br\/wp-content\/uploads\/2024\/11\/WhatsApp-Image-2024-11-11-at-15.17.28_2024-11-11_18-39-34_jpeg_2024-11-11_18-39-34.webp.webp?fit=1200%2C800&ssl=1&resize=350%2C200","width":350,"height":200,"srcset":"https:\/\/i0.wp.com\/noticiasribeiraopreto.com.br\/wp-content\/uploads\/2024\/11\/WhatsApp-Image-2024-11-11-at-15.17.28_2024-11-11_18-39-34_jpeg_2024-11-11_18-39-34.webp.webp?fit=1200%2C800&ssl=1&resize=350%2C200 1x, https:\/\/i0.wp.com\/noticiasribeiraopreto.com.br\/wp-content\/uploads\/2024\/11\/WhatsApp-Image-2024-11-11-at-15.17.28_2024-11-11_18-39-34_jpeg_2024-11-11_18-39-34.webp.webp?fit=1200%2C800&ssl=1&resize=525%2C300 1.5x, https:\/\/i0.wp.com\/noticiasribeiraopreto.com.br\/wp-content\/uploads\/2024\/11\/WhatsApp-Image-2024-11-11-at-15.17.28_2024-11-11_18-39-34_jpeg_2024-11-11_18-39-34.webp.webp?fit=1200%2C800&ssl=1&resize=700%2C400 2x, https:\/\/i0.wp.com\/noticiasribeiraopreto.com.br\/wp-content\/uploads\/2024\/11\/WhatsApp-Image-2024-11-11-at-15.17.28_2024-11-11_18-39-34_jpeg_2024-11-11_18-39-34.webp.webp?fit=1200%2C800&ssl=1&resize=1050%2C600 3x"},"classes":[]},{"id":61769,"url":"https:\/\/noticiasribeiraopreto.com.br\/index.php\/2024\/12\/21\/museu-ferroviario-sera-inaugurado-na-regiao-de-ribeirao-saiba-quando\/","url_meta":{"origin":81287,"position":3},"title":"Museu Ferrovi\u00e1rio ser\u00e1 inaugurado na regi\u00e3o de Ribeir\u00e3o; Saiba quando","author":"noticiasribeiraopreto.com.br","date":"21 de December de 2024","format":false,"excerpt":"O munic\u00edpio de Sert\u00e3ozinho, cidade na regi\u00e3o de Ribeir\u00e3o Preto, inaugura na segunda-feira (23), o seu novo Museu Ferrovi\u00e1rio, localizado rua Cresc\u00eancia Carolo Balbo, 762, no Centro da cidade. A cerim\u00f4nia de inaugura\u00e7\u00e3o acontece a partir das 18h30 e \u00e9 aberta ao p\u00fablico. O local \u00e9 fruto de um conv\u00eanio\u2026","rel":"","context":"In &quot;Not\u00edcias de Ribeir\u00e3o Preto-SP e Regi\u00e3o&quot;","block_context":{"text":"Not\u00edcias de Ribeir\u00e3o Preto-SP e Regi\u00e3o","link":"https:\/\/noticiasribeiraopreto.com.br\/index.php\/category\/noticias-de-ribeirao-preto-sp-e-regiao-ismael-colosi\/"},"img":{"alt_text":"","src":"https:\/\/i0.wp.com\/noticiasribeiraopreto.com.br\/wp-content\/uploads\/2024\/12\/9463_2024-12-21_13-57-49_jpeg_2024-12-21_13-57-50.webp.webp?fit=1200%2C800&ssl=1&resize=350%2C200","width":350,"height":200,"srcset":"https:\/\/i0.wp.com\/noticiasribeiraopreto.com.br\/wp-content\/uploads\/2024\/12\/9463_2024-12-21_13-57-49_jpeg_2024-12-21_13-57-50.webp.webp?fit=1200%2C800&ssl=1&resize=350%2C200 1x, https:\/\/i0.wp.com\/noticiasribeiraopreto.com.br\/wp-content\/uploads\/2024\/12\/9463_2024-12-21_13-57-49_jpeg_2024-12-21_13-57-50.webp.webp?fit=1200%2C800&ssl=1&resize=525%2C300 1.5x, https:\/\/i0.wp.com\/noticiasribeiraopreto.com.br\/wp-content\/uploads\/2024\/12\/9463_2024-12-21_13-57-49_jpeg_2024-12-21_13-57-50.webp.webp?fit=1200%2C800&ssl=1&resize=700%2C400 2x, https:\/\/i0.wp.com\/noticiasribeiraopreto.com.br\/wp-content\/uploads\/2024\/12\/9463_2024-12-21_13-57-49_jpeg_2024-12-21_13-57-50.webp.webp?fit=1200%2C800&ssl=1&resize=1050%2C600 3x"},"classes":[]},{"id":76017,"url":"https:\/\/noticiasribeiraopreto.com.br\/index.php\/2025\/08\/20\/ribeirao-preto-esta-proximo-de-se-tornar-municipio-de-interesse-turistico-entenda\/","url_meta":{"origin":81287,"position":4},"title":"Ribeir\u00e3o Preto est\u00e1 pr\u00f3ximo de se tornar Munic\u00edpio de Interesse Tur\u00edstico; entenda","author":"noticiasribeiraopreto.com.br","date":"20 de August de 2025","format":false,"excerpt":"A Alesp (Assembleia Legislativa do Estado de S\u00e3o Paulo) aprovou na \u00faltima ter\u00e7a-feira (19) a urg\u00eancia do projeto de lei que d\u00e1 o t\u00edtulo de MIT (Munic\u00edpio de Interesse Tur\u00edstico) para Ribeir\u00e3o Preto. A medida tem o objetivo de acelerar a tramita\u00e7\u00e3o da proposta. Al\u00e9m de Ribeir\u00e3o Preto, outras 69\u2026","rel":"","context":"In &quot;Not\u00edcias de Ribeir\u00e3o Preto-SP e Regi\u00e3o&quot;","block_context":{"text":"Not\u00edcias de Ribeir\u00e3o Preto-SP e Regi\u00e3o","link":"https:\/\/noticiasribeiraopreto.com.br\/index.php\/category\/noticias-de-ribeirao-preto-sp-e-regiao-ismael-colosi\/"},"img":{"alt_text":"","src":"https:\/\/i0.wp.com\/noticiasribeiraopreto.com.br\/wp-content\/uploads\/2025\/08\/trevao-ribeirao-preto_2024-09-12_17-08-13_jpeg_2024-09-12_17-08-13.webp.webp?fit=1200%2C652&ssl=1&resize=350%2C200","width":350,"height":200,"srcset":"https:\/\/i0.wp.com\/noticiasribeiraopreto.com.br\/wp-content\/uploads\/2025\/08\/trevao-ribeirao-preto_2024-09-12_17-08-13_jpeg_2024-09-12_17-08-13.webp.webp?fit=1200%2C652&ssl=1&resize=350%2C200 1x, https:\/\/i0.wp.com\/noticiasribeiraopreto.com.br\/wp-content\/uploads\/2025\/08\/trevao-ribeirao-preto_2024-09-12_17-08-13_jpeg_2024-09-12_17-08-13.webp.webp?fit=1200%2C652&ssl=1&resize=525%2C300 1.5x, https:\/\/i0.wp.com\/noticiasribeiraopreto.com.br\/wp-content\/uploads\/2025\/08\/trevao-ribeirao-preto_2024-09-12_17-08-13_jpeg_2024-09-12_17-08-13.webp.webp?fit=1200%2C652&ssl=1&resize=700%2C400 2x, https:\/\/i0.wp.com\/noticiasribeiraopreto.com.br\/wp-content\/uploads\/2025\/08\/trevao-ribeirao-preto_2024-09-12_17-08-13_jpeg_2024-09-12_17-08-13.webp.webp?fit=1200%2C652&ssl=1&resize=1050%2C600 3x"},"classes":[]},{"id":48666,"url":"https:\/\/noticiasribeiraopreto.com.br\/index.php\/2024\/05\/05\/com-ribeirao-preto-e-sertaozinho-sp-lanca-guia-com-imagens-do-cristo\/","url_meta":{"origin":81287,"position":5},"title":"Com Ribeir\u00e3o Preto e Sert\u00e3ozinho, SP lan\u00e7a guia com imagens do Cristo","author":"noticiasribeiraopreto.com.br","date":"5 de May de 2024","format":false,"excerpt":"Com Ribeir\u00e3o Preto e Sert\u00e3ozinho, a Secretaria de Turismo e Viagens do Estado de S\u00e3o Paulo lan\u00e7ou um guia com imagens do Cristo no estado. O material foi produzido ap\u00f3s levantamento feito pela pasta em 2023, que identificou 66 est\u00e1tuas nos munic\u00edpios paulistas. O guia com imagens do Cristo em\u2026","rel":"","context":"In &quot;Not\u00edcias de Ribeir\u00e3o Preto-SP e Regi\u00e3o&quot;","block_context":{"text":"Not\u00edcias de Ribeir\u00e3o Preto-SP e Regi\u00e3o","link":"https:\/\/noticiasribeiraopreto.com.br\/index.php\/category\/noticias-de-ribeirao-preto-sp-e-regiao-ismael-colosi\/"},"img":{"alt_text":"","src":"https:\/\/i0.wp.com\/noticiasribeiraopreto.com.br\/wp-content\/uploads\/2024\/05\/acidadeon_logos_Prancheta-1-copia-12_edited.jpg?fit=1199%2C1200&ssl=1&resize=350%2C200","width":350,"height":200,"srcset":"https:\/\/i0.wp.com\/noticiasribeiraopreto.com.br\/wp-content\/uploads\/2024\/05\/acidadeon_logos_Prancheta-1-copia-12_edited.jpg?fit=1199%2C1200&ssl=1&resize=350%2C200 1x, https:\/\/i0.wp.com\/noticiasribeiraopreto.com.br\/wp-content\/uploads\/2024\/05\/acidadeon_logos_Prancheta-1-copia-12_edited.jpg?fit=1199%2C1200&ssl=1&resize=525%2C300 1.5x, https:\/\/i0.wp.com\/noticiasribeiraopreto.com.br\/wp-content\/uploads\/2024\/05\/acidadeon_logos_Prancheta-1-copia-12_edited.jpg?fit=1199%2C1200&ssl=1&resize=700%2C400 2x, https:\/\/i0.wp.com\/noticiasribeiraopreto.com.br\/wp-content\/uploads\/2024\/05\/acidadeon_logos_Prancheta-1-copia-12_edited.jpg?fit=1199%2C1200&ssl=1&resize=1050%2C600 3x"},"classes":[]}],"jetpack_sharing_enabled":true,"jetpack_shortlink":"https:\/\/wp.me\/peQAOb-l95","_links":{"self":[{"href":"https:\/\/noticiasribeiraopreto.com.br\/index.php\/wp-json\/wp\/v2\/posts\/81287","targetHints":{"allow":["GET"]}}],"collection":[{"href":"https:\/\/noticiasribeiraopreto.com.br\/index.php\/wp-json\/wp\/v2\/posts"}],"about":[{"href":"https:\/\/noticiasribeiraopreto.com.br\/index.php\/wp-json\/wp\/v2\/types\/post"}],"author":[{"embeddable":true,"href":"https:\/\/noticiasribeiraopreto.com.br\/index.php\/wp-json\/wp\/v2\/users\/1"}],"replies":[{"embeddable":true,"href":"https:\/\/noticiasribeiraopreto.com.br\/index.php\/wp-json\/wp\/v2\/comments?post=81287"}],"version-history":[{"count":0,"href":"https:\/\/noticiasribeiraopreto.com.br\/index.php\/wp-json\/wp\/v2\/posts\/81287\/revisions"}],"wp:featuredmedia":[{"embeddable":true,"href":"https:\/\/noticiasribeiraopreto.com.br\/index.php\/wp-json\/wp\/v2\/media\/81288"}],"wp:attachment":[{"href":"https:\/\/noticiasribeiraopreto.com.br\/index.php\/wp-json\/wp\/v2\/media?parent=81287"}],"wp:term":[{"taxonomy":"category","embeddable":true,"href":"https:\/\/noticiasribeiraopreto.com.br\/index.php\/wp-json\/wp\/v2\/categories?post=81287"},{"taxonomy":"post_tag","embeddable":true,"href":"https:\/\/noticiasribeiraopreto.com.br\/index.php\/wp-json\/wp\/v2\/tags?post=81287"}],"curies":[{"name":"wp","href":"https:\/\/api.w.org\/{rel}","templated":true}]}}