{"id":81289,"date":"2025-12-31T07:34:00","date_gmt":"2025-12-31T10:34:00","guid":{"rendered":"https:\/\/noticiasribeiraopreto.com.br\/index.php\/2025\/12\/31\/fonte-luminosa-e-interditada-apos-enxame-de-abelhas-na-regiao-de-ribeirao-preto\/"},"modified":"2025-12-31T07:34:00","modified_gmt":"2025-12-31T10:34:00","slug":"fonte-luminosa-e-interditada-apos-enxame-de-abelhas-na-regiao-de-ribeirao-preto","status":"publish","type":"post","link":"https:\/\/noticiasribeiraopreto.com.br\/index.php\/2025\/12\/31\/fonte-luminosa-e-interditada-apos-enxame-de-abelhas-na-regiao-de-ribeirao-preto\/","title":{"rendered":"Fonte luminosa \u00e9 interditada ap\u00f3s enxame de abelhas na regi\u00e3o de Ribeir\u00e3o Preto"},"content":{"rendered":"<div class='code-block code-block-1' style='margin: 8px 0 8px auto; text-align: right; display: block; clear: both;'>\n<p><a href=\"https:\/\/wa.link\/vpicfd\"><img data-recalc-dims=\"1\" class=\"wp-image-4922\" style=\"aspect-ratio: 2.0253164556962027; width: 561px; height: auto;\" src=\"https:\/\/i0.wp.com\/ismaelcolosi.com.br\/wp-content\/uploads\/2023\/11\/grupo-de-empregos-whatsapp-e-facebook-ismael-colosi-vagas.jpg?ssl=1\" alt=\"\" \/><\/a><\/p>\n<!-- \/wp:image -->\n<\/div>\n<p> <br \/>\n<\/p>\n<div data-td-block-uid=\"tdi_95\">\n<div class=\"tdb-block-inner td-fix-index\">\n<p><strong>A fonte luminosa da Casa de Cultura no Parque Marac\u00e1, em Gua\u00edra, a 120 quil\u00f4metros de Ribeir\u00e3o Preto, foi interditada nesta ter\u00e7a-feira (30), por causa de um enxame de abelhas.<\/strong><\/p>\n<p>A <a href=\"https:\/\/www.guaira.sp.gov.br\/\" data-type=\"link\" data-id=\"https:\/\/www.guaira.sp.gov.br\/\" target=\"_blank\" rel=\"noopener\">Prefeitura de Gua\u00edra<\/a> emitiu um <strong>comunicado <\/strong>no qual <mark style=\"background-color:#fcb900\" class=\"has-inline-color has-black-color\">orienta aos moradores e visitantes\u00a0para que mantenham dist\u00e2ncia do local por seguran\u00e7a.<\/mark><\/p>\n<p>A Defesa Civil dever\u00e1 fazer a remo\u00e7\u00e3o das abelhas ainda nesta noite.<\/p>\n<p>De acordo com a prefeitura, o hor\u00e1rio noturno \u00e9 o mais seguro, pois, as abelhas ficam menos ativas e a \u00e1rea pode ser isolada com mais facilidade, com o objetivo de uma a\u00e7\u00e3o eficaz.<\/p>\n<p>SAIBA MAIS<\/p>\n<p>Rompimento de adutora pode deixar moradores sem \u00e1gua na zona Leste de Ribeir\u00e3o Preto; Veja bairros<\/p>\n<h2 class=\"wp-block-heading\"><strong>FIQUE ON<\/strong><\/h2>\n<p>Fique ligado em tudo que acontece em Ribeir\u00e3o Preto e regi\u00e3o. Siga os perfis do<strong>\u00a0acidade on<\/strong>\u00a0no<a href=\"https:\/\/www.instagram.com\/acidadeonribeirao\" target=\"_blank\" rel=\"noreferrer noopener\">\u00a0Instagram\u00a0<\/a>e no\u00a0<a href=\"https:\/\/www.facebook.com\/acidadeonribeirao\/\" target=\"_blank\" rel=\"noreferrer noopener\">Facebook<\/a>.<\/p>\n<p>Receba not\u00edcias do<strong>\u00a0acidade on<\/strong>\u00a0no WhatsApp. Para entrar no grupo,\u00a0basta<a href=\"https:\/\/chat.whatsapp.com\/GFH9HUMUTHNFJdnyEd0xxq\" target=\"_blank\" rel=\"noreferrer noopener\">\u00a0clicar aqui<\/a>. Ou, acesse o nosso\u00a0Canal\u00a0<a href=\"https:\/\/whatsapp.com\/channel\/0029Vb6IQl1JENyAeS57fk2p\" target=\"_blank\" rel=\"noreferrer noopener\">clicando aqui<\/a>.<\/p>\n<p>Fa\u00e7a uma den\u00fancia ou sugira uma reportagem sobre Ribeir\u00e3o Preto e regi\u00e3o pelo WhatsApp: 16 99117 7802.<\/p>\n<p>VEJA TAMB\u00c9M<\/p>\n<p>Casquinha do McDonald\u2019s n\u00e3o \u00e9 sorvete?<\/p>\n<p><!-- AI CONTENT END 1 -->\n<\/div>\n<\/div>\n<p><script async src=\"\/\/www.instagram.com\/embed.js\"><\/script><br \/>\n<br \/><br \/>\n<br \/><a href=\"https:\/\/www.acidadeon.com\/ribeiraopreto\/cotidiano\/fonte-luminosa-e-interditada-apos-enxame-de-abelhas-na-regiao-de-ribeirao-preto\/\">Source link <\/a><\/p>\n<!-- CONTENT END 1 -->\n","protected":false},"excerpt":{"rendered":"<p>A fonte luminosa da Casa de Cultura no Parque Marac\u00e1, em Gua\u00edra, a 120 quil\u00f4metros de Ribeir\u00e3o Preto, foi interditada nesta ter\u00e7a-feira (30), por causa&#8230;<\/p>\n","protected":false},"author":1,"featured_media":81290,"comment_status":"open","ping_status":"open","sticky":false,"template":"","format":"standard","meta":{"advanced_seo_description":"","jetpack_seo_html_title":"","jetpack_seo_noindex":false,"jetpack_post_was_ever_published":false,"_jetpack_newsletter_access":"","_jetpack_dont_email_post_to_subs":false,"_jetpack_newsletter_tier_id":0,"_jetpack_memberships_contains_paywalled_content":false,"_jetpack_memberships_contains_paid_content":false,"footnotes":"","jetpack_publicize_message":"","jetpack_publicize_feature_enabled":true,"jetpack_social_post_already_shared":true,"jetpack_social_options":{"image_generator_settings":{"template":"highway","default_image_id":0,"font":"","enabled":false},"version":2}},"categories":[11],"tags":[],"class_list":["post-81289","post","type-post","status-publish","format-standard","has-post-thumbnail","hentry","category-noticias-de-ribeirao-preto-sp-e-regiao-ismael-colosi"],"jetpack_publicize_connections":[],"jetpack_featured_media_url":"https:\/\/i0.wp.com\/noticiasribeiraopreto.com.br\/wp-content\/uploads\/2025\/12\/fonte_2025-12-30_18-09-45.webp.webp?fit=1200%2C905&ssl=1","jetpack-related-posts":[{"id":45937,"url":"https:\/\/noticiasribeiraopreto.com.br\/index.php\/2024\/04\/08\/avenida-de-ribeirao-preto-e-interditada-para-retirada-de-enxame-de-abelhas-saiba-mais\/","url_meta":{"origin":81289,"position":0},"title":"Avenida de Ribeir\u00e3o Preto \u00e9 interditada para retirada de enxame de abelhas; Saiba mais","author":"noticiasribeiraopreto.com.br","date":"8 de April de 2024","format":false,"excerpt":"A avenida Carlos Eduardo de Gasperi Consoni, na zona Sul de Ribeir\u00e3o Preto, ter\u00e1 um trecho interditado nesta ter\u00e7a-feira (9), a partir das 19h30, para a remo\u00e7\u00e3o de um enxame de abelhas. A previs\u00e3o \u00e9 de que o local seja liberado na noite de quarta-feira (10). De acordo com a\u2026","rel":"","context":"In &quot;Not\u00edcias de Ribeir\u00e3o Preto-SP e Regi\u00e3o&quot;","block_context":{"text":"Not\u00edcias de Ribeir\u00e3o Preto-SP e Regi\u00e3o","link":"https:\/\/noticiasribeiraopreto.com.br\/index.php\/category\/noticias-de-ribeirao-preto-sp-e-regiao-ismael-colosi\/"},"img":{"alt_text":"","src":"https:\/\/i0.wp.com\/noticiasribeiraopreto.com.br\/wp-content\/uploads\/2024\/04\/close-up-shot-working-honey-bees-apiary-beehive-scaled.jpg?fit=1200%2C801&ssl=1&resize=350%2C200","width":350,"height":200,"srcset":"https:\/\/i0.wp.com\/noticiasribeiraopreto.com.br\/wp-content\/uploads\/2024\/04\/close-up-shot-working-honey-bees-apiary-beehive-scaled.jpg?fit=1200%2C801&ssl=1&resize=350%2C200 1x, https:\/\/i0.wp.com\/noticiasribeiraopreto.com.br\/wp-content\/uploads\/2024\/04\/close-up-shot-working-honey-bees-apiary-beehive-scaled.jpg?fit=1200%2C801&ssl=1&resize=525%2C300 1.5x, https:\/\/i0.wp.com\/noticiasribeiraopreto.com.br\/wp-content\/uploads\/2024\/04\/close-up-shot-working-honey-bees-apiary-beehive-scaled.jpg?fit=1200%2C801&ssl=1&resize=700%2C400 2x, https:\/\/i0.wp.com\/noticiasribeiraopreto.com.br\/wp-content\/uploads\/2024\/04\/close-up-shot-working-honey-bees-apiary-beehive-scaled.jpg?fit=1200%2C801&ssl=1&resize=1050%2C600 3x"},"classes":[]},{"id":39097,"url":"https:\/\/noticiasribeiraopreto.com.br\/index.php\/2024\/02\/23\/duas-pessoas-ficam-feridas-em-ataque-de-abelhas-em-ribeirao-preto\/","url_meta":{"origin":81289,"position":1},"title":"Duas pessoas ficam feridas em ataque de abelhas em Ribeir\u00e3o Preto","author":"noticiasribeiraopreto.com.br","date":"23 de February de 2024","format":false,"excerpt":"Duas pessoas ficaram feridas ap\u00f3s um ataque de abelhas, na manh\u00e3 desta sexta-feira (23). As v\u00edtimas estavam trabalhando na jardinagem de um local pr\u00f3ximo de onde estavam as abelhas, na pra\u00e7a que fica na rua L\u00eddio de Oliveira Valada, no bairro Jardim S\u00e3o Luiz. Segundo informa\u00e7\u00f5es, as v\u00edtimas tiveram ferimentos\u2026","rel":"","context":"In &quot;Not\u00edcias de Ribeir\u00e3o Preto-SP e Regi\u00e3o&quot;","block_context":{"text":"Not\u00edcias de Ribeir\u00e3o Preto-SP e Regi\u00e3o","link":"https:\/\/noticiasribeiraopreto.com.br\/index.php\/category\/noticias-de-ribeirao-preto-sp-e-regiao-ismael-colosi\/"},"img":{"alt_text":"","src":"https:\/\/i0.wp.com\/noticiasribeiraopreto.com.br\/wp-content\/uploads\/2024\/02\/3-15.jpg?fit=1200%2C675&ssl=1&resize=350%2C200","width":350,"height":200,"srcset":"https:\/\/i0.wp.com\/noticiasribeiraopreto.com.br\/wp-content\/uploads\/2024\/02\/3-15.jpg?fit=1200%2C675&ssl=1&resize=350%2C200 1x, https:\/\/i0.wp.com\/noticiasribeiraopreto.com.br\/wp-content\/uploads\/2024\/02\/3-15.jpg?fit=1200%2C675&ssl=1&resize=525%2C300 1.5x, https:\/\/i0.wp.com\/noticiasribeiraopreto.com.br\/wp-content\/uploads\/2024\/02\/3-15.jpg?fit=1200%2C675&ssl=1&resize=700%2C400 2x, https:\/\/i0.wp.com\/noticiasribeiraopreto.com.br\/wp-content\/uploads\/2024\/02\/3-15.jpg?fit=1200%2C675&ssl=1&resize=1050%2C600 3x"},"classes":[]},{"id":75752,"url":"https:\/\/noticiasribeiraopreto.com.br\/index.php\/2025\/08\/14\/enxame-de-abelhas-provoca-interdicao-de-parque-em-ribeirao-preto\/","url_meta":{"origin":81289,"position":2},"title":"Enxame de abelhas provoca interdi\u00e7\u00e3o de parque em Ribeir\u00e3o Preto","author":"noticiasribeiraopreto.com.br","date":"14 de August de 2025","format":false,"excerpt":"O Parque Roberto de Mello Genaro, na regi\u00e3o Oeste de Ribeir\u00e3o Preto, est\u00e1 fechado temporariamente a partir desta quinta-feira (14) por conta da presen\u00e7a de um enxame de abelhas. A reabertura est\u00e1 prevista para a pr\u00f3xima segunda-feira (18), ap\u00f3s as 12h. Equipes t\u00e9cnicas programaram a remo\u00e7\u00e3o do enxame para o\u2026","rel":"","context":"In &quot;Not\u00edcias de Ribeir\u00e3o Preto-SP e Regi\u00e3o&quot;","block_context":{"text":"Not\u00edcias de Ribeir\u00e3o Preto-SP e Regi\u00e3o","link":"https:\/\/noticiasribeiraopreto.com.br\/index.php\/category\/noticias-de-ribeirao-preto-sp-e-regiao-ismael-colosi\/"},"img":{"alt_text":"","src":"https:\/\/i0.wp.com\/noticiasribeiraopreto.com.br\/wp-content\/uploads\/2025\/08\/Copia-de-Copia-de-Copia-de-TAMANHO-EXATO-PARA-FOTOS-NO-SISTEMA-NOVO-2025-08-14T161630.271_2025-08-14_19-17-37.webp.webp?fit=1200%2C675&ssl=1&resize=350%2C200","width":350,"height":200,"srcset":"https:\/\/i0.wp.com\/noticiasribeiraopreto.com.br\/wp-content\/uploads\/2025\/08\/Copia-de-Copia-de-Copia-de-TAMANHO-EXATO-PARA-FOTOS-NO-SISTEMA-NOVO-2025-08-14T161630.271_2025-08-14_19-17-37.webp.webp?fit=1200%2C675&ssl=1&resize=350%2C200 1x, https:\/\/i0.wp.com\/noticiasribeiraopreto.com.br\/wp-content\/uploads\/2025\/08\/Copia-de-Copia-de-Copia-de-TAMANHO-EXATO-PARA-FOTOS-NO-SISTEMA-NOVO-2025-08-14T161630.271_2025-08-14_19-17-37.webp.webp?fit=1200%2C675&ssl=1&resize=525%2C300 1.5x, https:\/\/i0.wp.com\/noticiasribeiraopreto.com.br\/wp-content\/uploads\/2025\/08\/Copia-de-Copia-de-Copia-de-TAMANHO-EXATO-PARA-FOTOS-NO-SISTEMA-NOVO-2025-08-14T161630.271_2025-08-14_19-17-37.webp.webp?fit=1200%2C675&ssl=1&resize=700%2C400 2x, https:\/\/i0.wp.com\/noticiasribeiraopreto.com.br\/wp-content\/uploads\/2025\/08\/Copia-de-Copia-de-Copia-de-TAMANHO-EXATO-PARA-FOTOS-NO-SISTEMA-NOVO-2025-08-14T161630.271_2025-08-14_19-17-37.webp.webp?fit=1200%2C675&ssl=1&resize=1050%2C600 3x"},"classes":[]},{"id":83036,"url":"https:\/\/noticiasribeiraopreto.com.br\/index.php\/2026\/03\/07\/enxame-de-abelhas-ataca-duas-mulheres-em-ribeirao-preto-vitimas-sofreram-mais-de-30-picadas\/","url_meta":{"origin":81289,"position":3},"title":"Enxame de abelhas ataca duas mulheres em Ribeir\u00e3o Preto; v\u00edtimas sofreram mais de 30 picadas","author":"noticiasribeiraopreto.com.br","date":"7 de March de 2026","format":false,"excerpt":"Duas mulheres precisaram ser socorridas ap\u00f3s serem atacadas por um enxame de abelhas na tarde desta sexta-feira (6), no bairro Ipiranga, em Ribeir\u00e3o Preto. De acordo com o Corpo de Bombeiros, as v\u00edtimas sofreram cerca de 30 picadas cada e precisaram de atendimento m\u00e9dico. Equipes da corpora\u00e7\u00e3o foram acionadas e\u2026","rel":"","context":"In &quot;Not\u00edcias de Ribeir\u00e3o Preto-SP e Regi\u00e3o&quot;","block_context":{"text":"Not\u00edcias de Ribeir\u00e3o Preto-SP e Regi\u00e3o","link":"https:\/\/noticiasribeiraopreto.com.br\/index.php\/category\/noticias-de-ribeirao-preto-sp-e-regiao-ismael-colosi\/"},"img":{"alt_text":"","src":"https:\/\/i0.wp.com\/noticiasribeiraopreto.com.br\/wp-content\/uploads\/2026\/03\/palace-49_2026-03-06_22-13-11.webp.webp?fit=1200%2C675&ssl=1&resize=350%2C200","width":350,"height":200,"srcset":"https:\/\/i0.wp.com\/noticiasribeiraopreto.com.br\/wp-content\/uploads\/2026\/03\/palace-49_2026-03-06_22-13-11.webp.webp?fit=1200%2C675&ssl=1&resize=350%2C200 1x, https:\/\/i0.wp.com\/noticiasribeiraopreto.com.br\/wp-content\/uploads\/2026\/03\/palace-49_2026-03-06_22-13-11.webp.webp?fit=1200%2C675&ssl=1&resize=525%2C300 1.5x, https:\/\/i0.wp.com\/noticiasribeiraopreto.com.br\/wp-content\/uploads\/2026\/03\/palace-49_2026-03-06_22-13-11.webp.webp?fit=1200%2C675&ssl=1&resize=700%2C400 2x, https:\/\/i0.wp.com\/noticiasribeiraopreto.com.br\/wp-content\/uploads\/2026\/03\/palace-49_2026-03-06_22-13-11.webp.webp?fit=1200%2C675&ssl=1&resize=1050%2C600 3x"},"classes":[]},{"id":72117,"url":"https:\/\/noticiasribeiraopreto.com.br\/index.php\/2025\/06\/13\/idoso-morre-apos-ataque-de-abelhas-no-interior-de-sp\/","url_meta":{"origin":81289,"position":4},"title":"Idoso morre ap\u00f3s ataque de abelhas no interior de SP","author":"noticiasribeiraopreto.com.br","date":"13 de June de 2025","format":false,"excerpt":"Um idoso de 70 anos sofreu um ataque de abelhas e morreu na tarde desta quinta-feira (12), em Taquaritinga, no interior de S\u00e3o Paulo. De acordo com a Prefeitura Municipal, a v\u00edtima, identificada como Lu\u00eds Carlos da Silva, era natural de Monte Alto e trabalhava na ro\u00e7agem de um terreno\u2026","rel":"","context":"In &quot;Not\u00edcias de Ribeir\u00e3o Preto-SP e Regi\u00e3o&quot;","block_context":{"text":"Not\u00edcias de Ribeir\u00e3o Preto-SP e Regi\u00e3o","link":"https:\/\/noticiasribeiraopreto.com.br\/index.php\/category\/noticias-de-ribeirao-preto-sp-e-regiao-ismael-colosi\/"},"img":{"alt_text":"","src":"https:\/\/i0.wp.com\/noticiasribeiraopreto.com.br\/wp-content\/uploads\/2025\/06\/Copia-de-Copia-de-Copia-de-TAMANHO-EXATO-PARA-FOTOS-NO-SISTEMA-NOVO-2025-06-13T110358.402_2025-06-13_14-04-13.webp.webp?fit=1200%2C675&ssl=1&resize=350%2C200","width":350,"height":200,"srcset":"https:\/\/i0.wp.com\/noticiasribeiraopreto.com.br\/wp-content\/uploads\/2025\/06\/Copia-de-Copia-de-Copia-de-TAMANHO-EXATO-PARA-FOTOS-NO-SISTEMA-NOVO-2025-06-13T110358.402_2025-06-13_14-04-13.webp.webp?fit=1200%2C675&ssl=1&resize=350%2C200 1x, https:\/\/i0.wp.com\/noticiasribeiraopreto.com.br\/wp-content\/uploads\/2025\/06\/Copia-de-Copia-de-Copia-de-TAMANHO-EXATO-PARA-FOTOS-NO-SISTEMA-NOVO-2025-06-13T110358.402_2025-06-13_14-04-13.webp.webp?fit=1200%2C675&ssl=1&resize=525%2C300 1.5x, https:\/\/i0.wp.com\/noticiasribeiraopreto.com.br\/wp-content\/uploads\/2025\/06\/Copia-de-Copia-de-Copia-de-TAMANHO-EXATO-PARA-FOTOS-NO-SISTEMA-NOVO-2025-06-13T110358.402_2025-06-13_14-04-13.webp.webp?fit=1200%2C675&ssl=1&resize=700%2C400 2x, https:\/\/i0.wp.com\/noticiasribeiraopreto.com.br\/wp-content\/uploads\/2025\/06\/Copia-de-Copia-de-Copia-de-TAMANHO-EXATO-PARA-FOTOS-NO-SISTEMA-NOVO-2025-06-13T110358.402_2025-06-13_14-04-13.webp.webp?fit=1200%2C675&ssl=1&resize=1050%2C600 3x"},"classes":[]},{"id":83966,"url":"https:\/\/noticiasribeiraopreto.com.br\/index.php\/2026\/03\/30\/parque-em-ribeirao-preto-sera-fechado-nesta-segunda-feira-saiba-o-motivo\/","url_meta":{"origin":81289,"position":5},"title":"Parque em Ribeir\u00e3o Preto ser\u00e1 fechado nesta segunda-feira; Saiba o motivo","author":"noticiasribeiraopreto.com.br","date":"30 de March de 2026","format":false,"excerpt":"Ler o resumo da not\u00edcia Parque Curupira, na zona Leste de Ribeir\u00e3o Preto, ser\u00e1 fechado nesta segunda-feira (30) a partir das 13h. O motivo \u00e9 a retirada de um enxame de abelhas identificado no local para garantir a seguran\u00e7a dos frequentadores. A previs\u00e3o de reabertura \u00e9 nesta ter\u00e7a-feira (31), no\u2026","rel":"","context":"In &quot;Not\u00edcias de Ribeir\u00e3o Preto-SP e Regi\u00e3o&quot;","block_context":{"text":"Not\u00edcias de Ribeir\u00e3o Preto-SP e Regi\u00e3o","link":"https:\/\/noticiasribeiraopreto.com.br\/index.php\/category\/noticias-de-ribeirao-preto-sp-e-regiao-ismael-colosi\/"},"img":{"alt_text":"","src":"https:\/\/i0.wp.com\/noticiasribeiraopreto.com.br\/wp-content\/uploads\/2026\/03\/WhatsApp-Image-2026-03-30-at-10.03.43_2026-03-30_14-13-24.webp.webp?fit=1200%2C800&ssl=1&resize=350%2C200","width":350,"height":200,"srcset":"https:\/\/i0.wp.com\/noticiasribeiraopreto.com.br\/wp-content\/uploads\/2026\/03\/WhatsApp-Image-2026-03-30-at-10.03.43_2026-03-30_14-13-24.webp.webp?fit=1200%2C800&ssl=1&resize=350%2C200 1x, https:\/\/i0.wp.com\/noticiasribeiraopreto.com.br\/wp-content\/uploads\/2026\/03\/WhatsApp-Image-2026-03-30-at-10.03.43_2026-03-30_14-13-24.webp.webp?fit=1200%2C800&ssl=1&resize=525%2C300 1.5x, https:\/\/i0.wp.com\/noticiasribeiraopreto.com.br\/wp-content\/uploads\/2026\/03\/WhatsApp-Image-2026-03-30-at-10.03.43_2026-03-30_14-13-24.webp.webp?fit=1200%2C800&ssl=1&resize=700%2C400 2x, https:\/\/i0.wp.com\/noticiasribeiraopreto.com.br\/wp-content\/uploads\/2026\/03\/WhatsApp-Image-2026-03-30-at-10.03.43_2026-03-30_14-13-24.webp.webp?fit=1200%2C800&ssl=1&resize=1050%2C600 3x"},"classes":[]}],"jetpack_sharing_enabled":true,"jetpack_shortlink":"https:\/\/wp.me\/peQAOb-l97","_links":{"self":[{"href":"https:\/\/noticiasribeiraopreto.com.br\/index.php\/wp-json\/wp\/v2\/posts\/81289","targetHints":{"allow":["GET"]}}],"collection":[{"href":"https:\/\/noticiasribeiraopreto.com.br\/index.php\/wp-json\/wp\/v2\/posts"}],"about":[{"href":"https:\/\/noticiasribeiraopreto.com.br\/index.php\/wp-json\/wp\/v2\/types\/post"}],"author":[{"embeddable":true,"href":"https:\/\/noticiasribeiraopreto.com.br\/index.php\/wp-json\/wp\/v2\/users\/1"}],"replies":[{"embeddable":true,"href":"https:\/\/noticiasribeiraopreto.com.br\/index.php\/wp-json\/wp\/v2\/comments?post=81289"}],"version-history":[{"count":0,"href":"https:\/\/noticiasribeiraopreto.com.br\/index.php\/wp-json\/wp\/v2\/posts\/81289\/revisions"}],"wp:featuredmedia":[{"embeddable":true,"href":"https:\/\/noticiasribeiraopreto.com.br\/index.php\/wp-json\/wp\/v2\/media\/81290"}],"wp:attachment":[{"href":"https:\/\/noticiasribeiraopreto.com.br\/index.php\/wp-json\/wp\/v2\/media?parent=81289"}],"wp:term":[{"taxonomy":"category","embeddable":true,"href":"https:\/\/noticiasribeiraopreto.com.br\/index.php\/wp-json\/wp\/v2\/categories?post=81289"},{"taxonomy":"post_tag","embeddable":true,"href":"https:\/\/noticiasribeiraopreto.com.br\/index.php\/wp-json\/wp\/v2\/tags?post=81289"}],"curies":[{"name":"wp","href":"https:\/\/api.w.org\/{rel}","templated":true}]}}