{"id":81291,"date":"2025-12-31T07:42:48","date_gmt":"2025-12-31T10:42:48","guid":{"rendered":"https:\/\/noticiasribeiraopreto.com.br\/index.php\/2025\/12\/31\/rompimento-de-adutora-pode-deixar-moradores-sem-agua-na-zona-leste-de-ribeirao-preto-veja-bairros\/"},"modified":"2025-12-31T07:42:48","modified_gmt":"2025-12-31T10:42:48","slug":"rompimento-de-adutora-pode-deixar-moradores-sem-agua-na-zona-leste-de-ribeirao-preto-veja-bairros","status":"publish","type":"post","link":"https:\/\/noticiasribeiraopreto.com.br\/index.php\/2025\/12\/31\/rompimento-de-adutora-pode-deixar-moradores-sem-agua-na-zona-leste-de-ribeirao-preto-veja-bairros\/","title":{"rendered":"Rompimento de adutora pode deixar moradores sem \u00e1gua na zona Leste de Ribeir\u00e3o Preto; Veja bairros"},"content":{"rendered":"<div class='code-block code-block-1' style='margin: 8px 0 8px auto; text-align: right; display: block; clear: both;'>\n<p><a href=\"https:\/\/wa.link\/vpicfd\"><img data-recalc-dims=\"1\" class=\"wp-image-4922\" style=\"aspect-ratio: 2.0253164556962027; width: 561px; height: auto;\" src=\"https:\/\/i0.wp.com\/ismaelcolosi.com.br\/wp-content\/uploads\/2023\/11\/grupo-de-empregos-whatsapp-e-facebook-ismael-colosi-vagas.jpg?ssl=1\" alt=\"\" \/><\/a><\/p>\n<!-- \/wp:image -->\n<\/div>\n<p> <br \/>\n<\/p>\n<div data-td-block-uid=\"tdi_95\">\n<div class=\"tdb-block-inner td-fix-index\">\n<p><strong>A\u00a0<a href=\"https:\/\/www.ribeiraopreto.sp.gov.br\/portal\/saerp\/\" target=\"_blank\" rel=\"noreferrer noopener\">Saerp (Secretaria de \u00c1gua e Esgoto de Ribeir\u00e3o Preto)<\/a>\u00a0emitiu um alerta nesta ter\u00e7a-feira (30) para o risco de falta d\u2019\u00e1gua em tr\u00eas bairros da zona Leste da cidade.<\/strong><\/p>\n<h2 class=\"wp-block-heading\"><strong>Veja os bairros:<\/strong><\/h2>\n<ul class=\"wp-block-list\">\n<li>Lagoinha<\/li>\n<li>Jardim Interlagos<\/li>\n<li>Vila Abranches e imedia\u00e7\u00f5es<\/li>\n<\/ul>\n<p>A Saerp infomou que realiza um reparo emergencial de rede adutora na rua Francisco Oct\u00e1vio Pacca, devido a rompimento provocado por terceiros, e que a interven\u00e7\u00e3o poder\u00e1 causar intermit\u00eancias no abastecimento.<\/p>\n<p>A previs\u00e3o de conclus\u00e3o dos trabalhos \u00e9 \u00e0s 17h desta ter\u00e7a. Ap\u00f3s o t\u00e9rmino, o sistema ser\u00e1 religado e o abastecimento dever\u00e1 voltar de forma gradativa.<\/p>\n<h3 class=\"wp-block-heading\"><strong>O que fazer?<\/strong><\/h3>\n<p>Caso o seu bairro apresente falhas no abastecimento, entre em contato com a Saerp pelo telefone 0800 115 0115 ou procure por um posto de atendimento (<a href=\"https:\/\/www.ribeiraopreto.sp.gov.br\/portal\/saerp\/\" target=\"_blank\" rel=\"noreferrer noopener\">clique aqui<\/a>).<\/p>\n<p>SAIBA MAIS<\/p>\n<p>Veja hor\u00e1rio de funcionamento\u00a0do Mercad\u00e3o Central de Ribeir\u00e3o Preto neste fim de ano<\/p>\n<h4 class=\"wp-block-heading\"><strong>FIQUE ON<\/strong><\/h4>\n<p>Fique ligado em tudo que acontece em Ribeir\u00e3o Preto e regi\u00e3o. Siga os perfis do<strong>\u00a0acidade on<\/strong>\u00a0no<a href=\"https:\/\/www.instagram.com\/acidadeonribeirao\" target=\"_blank\" rel=\"noreferrer noopener\">\u00a0Instagram\u00a0<\/a>e no\u00a0<a href=\"https:\/\/www.facebook.com\/acidadeonribeirao\/\" target=\"_blank\" rel=\"noreferrer noopener\">Facebook<\/a>.<\/p>\n<p>Receba not\u00edcias do<strong>\u00a0acidade on<\/strong>\u00a0no WhatsApp. Para entrar no grupo,\u00a0basta<a href=\"https:\/\/chat.whatsapp.com\/GFH9HUMUTHNFJdnyEd0xxq\" target=\"_blank\" rel=\"noreferrer noopener\">\u00a0clicar aqui<\/a>. Ou, acesse o nosso\u00a0Canal\u00a0<a href=\"https:\/\/whatsapp.com\/channel\/0029Vb6IQl1JENyAeS57fk2p\" target=\"_blank\" rel=\"noreferrer noopener\">clicando aqui<\/a>.<\/p>\n<p>Fa\u00e7a uma den\u00fancia ou sugira uma reportagem sobre Ribeir\u00e3o Preto e regi\u00e3o pelo WhatsApp: 16 99117 7802.<\/p>\n<p>VEJA TAMB\u00c9M<\/p>\n<p>Casquinha do McDonald\u2019s n\u00e3o \u00e9 sorvete?<\/p>\n<p><!-- AI CONTENT END 1 -->\n<\/div>\n<\/div>\n<p><script async src=\"\/\/www.instagram.com\/embed.js\"><\/script><br \/>\n<br \/><br \/>\n<br \/><a href=\"https:\/\/www.acidadeon.com\/ribeiraopreto\/cotidiano\/rompimento-de-adutora-pode-deixar-moradores-sem-agua-na-zona-leste-de-ribeirao-preto-veja-bairros\/\">Source link <\/a><\/p>\n<!-- CONTENT END 1 -->\n","protected":false},"excerpt":{"rendered":"<p>A\u00a0Saerp (Secretaria de \u00c1gua e Esgoto de Ribeir\u00e3o Preto)\u00a0emitiu um alerta nesta ter\u00e7a-feira (30) para o risco de falta d\u2019\u00e1gua em tr\u00eas bairros da zona&#8230;<\/p>\n","protected":false},"author":1,"featured_media":79577,"comment_status":"open","ping_status":"open","sticky":false,"template":"","format":"standard","meta":{"advanced_seo_description":"","jetpack_seo_html_title":"","jetpack_seo_noindex":false,"jetpack_post_was_ever_published":false,"_jetpack_newsletter_access":"","_jetpack_dont_email_post_to_subs":false,"_jetpack_newsletter_tier_id":0,"_jetpack_memberships_contains_paywalled_content":false,"_jetpack_memberships_contains_paid_content":false,"footnotes":"","jetpack_publicize_message":"","jetpack_publicize_feature_enabled":true,"jetpack_social_post_already_shared":true,"jetpack_social_options":{"image_generator_settings":{"template":"highway","default_image_id":0,"font":"","enabled":false},"version":2}},"categories":[11],"tags":[],"class_list":["post-81291","post","type-post","status-publish","format-standard","has-post-thumbnail","hentry","category-noticias-de-ribeirao-preto-sp-e-regiao-ismael-colosi"],"jetpack_publicize_connections":[],"jetpack_featured_media_url":"https:\/\/i0.wp.com\/noticiasribeiraopreto.com.br\/wp-content\/uploads\/2025\/11\/WhatsApp-Image-2025-11-04-at-08.52.24_2025-11-04_11-52-40.webp.webp?fit=861%2C470&ssl=1","jetpack-related-posts":[{"id":72123,"url":"https:\/\/noticiasribeiraopreto.com.br\/index.php\/2025\/06\/13\/bairros-da-zona-sul-de-ribeirao-preto-tem-alerta-de-falta-dagua-apos-rompimento-de-adutora\/","url_meta":{"origin":81291,"position":0},"title":"Bairros da zona Sul de Ribeir\u00e3o Preto t\u00eam alerta de falta d&#8217;\u00e1gua ap\u00f3s rompimento de adutora","author":"noticiasribeiraopreto.com.br","date":"13 de June de 2025","format":false,"excerpt":"A\u00a0Saerp (Secretaria de \u00c1gua e Esgoto de Ribeir\u00e3o Preto)\u00a0emitiu um alerta nesta sexta-feira (13) para o risco de falta d\u2019\u00e1gua em dois bairros da zona Sul da cidade. Veja os bairros: Alto da Boa Vista Sumar\u00e9 A Saerp informou que realiza o reparo em uma adutora rompida na avenida Caramuru\u2026","rel":"","context":"In &quot;Not\u00edcias de Ribeir\u00e3o Preto-SP e Regi\u00e3o&quot;","block_context":{"text":"Not\u00edcias de Ribeir\u00e3o Preto-SP e Regi\u00e3o","link":"https:\/\/noticiasribeiraopreto.com.br\/index.php\/category\/noticias-de-ribeirao-preto-sp-e-regiao-ismael-colosi\/"},"img":{"alt_text":"","src":"https:\/\/i0.wp.com\/noticiasribeiraopreto.com.br\/wp-content\/uploads\/2025\/06\/torneira_falta_1024x576_01122020133915.jpg?fit=1024%2C576&ssl=1&resize=350%2C200","width":350,"height":200,"srcset":"https:\/\/i0.wp.com\/noticiasribeiraopreto.com.br\/wp-content\/uploads\/2025\/06\/torneira_falta_1024x576_01122020133915.jpg?fit=1024%2C576&ssl=1&resize=350%2C200 1x, https:\/\/i0.wp.com\/noticiasribeiraopreto.com.br\/wp-content\/uploads\/2025\/06\/torneira_falta_1024x576_01122020133915.jpg?fit=1024%2C576&ssl=1&resize=525%2C300 1.5x, https:\/\/i0.wp.com\/noticiasribeiraopreto.com.br\/wp-content\/uploads\/2025\/06\/torneira_falta_1024x576_01122020133915.jpg?fit=1024%2C576&ssl=1&resize=700%2C400 2x"},"classes":[]},{"id":81410,"url":"https:\/\/noticiasribeiraopreto.com.br\/index.php\/2026\/01\/05\/bairros-de-ribeirao-preto-podem-ficar-sem-agua-apos-rompimento-de-adutora-veja-quais\/","url_meta":{"origin":81291,"position":1},"title":"Bairros de Ribeir\u00e3o Preto podem ficar sem \u00e1gua ap\u00f3s rompimento de adutora; veja quais","author":"noticiasribeiraopreto.com.br","date":"5 de January de 2026","format":false,"excerpt":"Um reparo emergencial em uma adutora rompida na Rua Monte Azul \u00e9 realizado neste domingo (4), em Ribeir\u00e3o Preto. Durante a execu\u00e7\u00e3o do servi\u00e7o, podem ocorrer intermit\u00eancias no abastecimento de \u00e1gua. Os bairros que podem ser afetados s\u00e3o Jardim Salgado Filho I e II L\u00e9o Gomes de Moraes Jardim Aeroporto\u2026","rel":"","context":"In &quot;Not\u00edcias de Ribeir\u00e3o Preto-SP e Regi\u00e3o&quot;","block_context":{"text":"Not\u00edcias de Ribeir\u00e3o Preto-SP e Regi\u00e3o","link":"https:\/\/noticiasribeiraopreto.com.br\/index.php\/category\/noticias-de-ribeirao-preto-sp-e-regiao-ismael-colosi\/"},"img":{"alt_text":"","src":"https:\/\/i0.wp.com\/noticiasribeiraopreto.com.br\/wp-content\/uploads\/2025\/09\/Copia-de-Copia-de-Copia-de-TAMANHO-EXATO-PARA-FOTOS-NO-SISTEMA-NOVO-10_2024-08-19_12-12-48_jpg_2024-08-19_12-12-48.webp.webp?fit=1200%2C675&ssl=1&resize=350%2C200","width":350,"height":200,"srcset":"https:\/\/i0.wp.com\/noticiasribeiraopreto.com.br\/wp-content\/uploads\/2025\/09\/Copia-de-Copia-de-Copia-de-TAMANHO-EXATO-PARA-FOTOS-NO-SISTEMA-NOVO-10_2024-08-19_12-12-48_jpg_2024-08-19_12-12-48.webp.webp?fit=1200%2C675&ssl=1&resize=350%2C200 1x, https:\/\/i0.wp.com\/noticiasribeiraopreto.com.br\/wp-content\/uploads\/2025\/09\/Copia-de-Copia-de-Copia-de-TAMANHO-EXATO-PARA-FOTOS-NO-SISTEMA-NOVO-10_2024-08-19_12-12-48_jpg_2024-08-19_12-12-48.webp.webp?fit=1200%2C675&ssl=1&resize=525%2C300 1.5x, https:\/\/i0.wp.com\/noticiasribeiraopreto.com.br\/wp-content\/uploads\/2025\/09\/Copia-de-Copia-de-Copia-de-TAMANHO-EXATO-PARA-FOTOS-NO-SISTEMA-NOVO-10_2024-08-19_12-12-48_jpg_2024-08-19_12-12-48.webp.webp?fit=1200%2C675&ssl=1&resize=700%2C400 2x, https:\/\/i0.wp.com\/noticiasribeiraopreto.com.br\/wp-content\/uploads\/2025\/09\/Copia-de-Copia-de-Copia-de-TAMANHO-EXATO-PARA-FOTOS-NO-SISTEMA-NOVO-10_2024-08-19_12-12-48_jpg_2024-08-19_12-12-48.webp.webp?fit=1200%2C675&ssl=1&resize=1050%2C600 3x"},"classes":[]},{"id":57804,"url":"https:\/\/noticiasribeiraopreto.com.br\/index.php\/2024\/09\/10\/bairros-da-zona-norte-de-ribeirao-podem-ficar-sem-agua-ate-amanha-veja-quais\/","url_meta":{"origin":81291,"position":2},"title":"Bairros da zona Norte de Ribeir\u00e3o podem ficar sem \u00e1gua at\u00e9 amanh\u00e3; Veja quais","author":"noticiasribeiraopreto.com.br","date":"10 de September de 2024","format":false,"excerpt":"A Secretaria de \u00c1gua e Esgoto de Ribeir\u00e3o Preto (Saerp) alertou para falta d\u2019\u00e1gua em bairros na zona Norte do munic\u00edpio, no come\u00e7o da noite desta ter\u00e7a-feira (10). De acordo com o comunicado, houve o rompimento de uma adutora na rua Egydio Petean. Por conta disso, pode ocorrer falhas no\u2026","rel":"","context":"In &quot;Not\u00edcias de Ribeir\u00e3o Preto-SP e Regi\u00e3o&quot;","block_context":{"text":"Not\u00edcias de Ribeir\u00e3o Preto-SP e Regi\u00e3o","link":"https:\/\/noticiasribeiraopreto.com.br\/index.php\/category\/noticias-de-ribeirao-preto-sp-e-regiao-ismael-colosi\/"},"img":{"alt_text":"","src":"https:\/\/i0.wp.com\/noticiasribeiraopreto.com.br\/wp-content\/uploads\/2024\/08\/AnyConv.com__Copia-de-Copia-de-TAMANHO-EXATO-PARA-FOTOS-NO-SISTEMA-NOVO-8_2024-06-17_15-27-00.webp.webp?fit=1200%2C675&ssl=1&resize=350%2C200","width":350,"height":200,"srcset":"https:\/\/i0.wp.com\/noticiasribeiraopreto.com.br\/wp-content\/uploads\/2024\/08\/AnyConv.com__Copia-de-Copia-de-TAMANHO-EXATO-PARA-FOTOS-NO-SISTEMA-NOVO-8_2024-06-17_15-27-00.webp.webp?fit=1200%2C675&ssl=1&resize=350%2C200 1x, https:\/\/i0.wp.com\/noticiasribeiraopreto.com.br\/wp-content\/uploads\/2024\/08\/AnyConv.com__Copia-de-Copia-de-TAMANHO-EXATO-PARA-FOTOS-NO-SISTEMA-NOVO-8_2024-06-17_15-27-00.webp.webp?fit=1200%2C675&ssl=1&resize=525%2C300 1.5x, https:\/\/i0.wp.com\/noticiasribeiraopreto.com.br\/wp-content\/uploads\/2024\/08\/AnyConv.com__Copia-de-Copia-de-TAMANHO-EXATO-PARA-FOTOS-NO-SISTEMA-NOVO-8_2024-06-17_15-27-00.webp.webp?fit=1200%2C675&ssl=1&resize=700%2C400 2x, https:\/\/i0.wp.com\/noticiasribeiraopreto.com.br\/wp-content\/uploads\/2024\/08\/AnyConv.com__Copia-de-Copia-de-TAMANHO-EXATO-PARA-FOTOS-NO-SISTEMA-NOVO-8_2024-06-17_15-27-00.webp.webp?fit=1200%2C675&ssl=1&resize=1050%2C600 3x"},"classes":[]},{"id":62835,"url":"https:\/\/noticiasribeiraopreto.com.br\/index.php\/2025\/01\/25\/rompimento-de-adutora-em-obra-causa-grande-vazamento-de-agua-no-centro-de-ribeirao-preto\/","url_meta":{"origin":81291,"position":3},"title":"Rompimento de adutora em obra causa grande vazamento de \u00e1gua no Centro de Ribeir\u00e3o Preto","author":"noticiasribeiraopreto.com.br","date":"25 de January de 2025","format":false,"excerpt":"O rompimento de uma adutora na obra das ruas S\u00e3o Jos\u00e9 e Bernardino de Campos, no Centro de Ribeir\u00e3o Preto, provoca\u00a0um grande vazamento de \u00e1gua no local e poder deixar moradores sem o recurso na regi\u00e3o central, Vila Seixas e no Jardim Sumar\u00e9, neste s\u00e1bado (25). Assista ao v\u00eddeo abaixo.\u2026","rel":"","context":"In &quot;Not\u00edcias de Ribeir\u00e3o Preto-SP e Regi\u00e3o&quot;","block_context":{"text":"Not\u00edcias de Ribeir\u00e3o Preto-SP e Regi\u00e3o","link":"https:\/\/noticiasribeiraopreto.com.br\/index.php\/category\/noticias-de-ribeirao-preto-sp-e-regiao-ismael-colosi\/"},"img":{"alt_text":"","src":"https:\/\/i0.wp.com\/noticiasribeiraopreto.com.br\/wp-content\/uploads\/2025\/01\/VAZAMENTO_2025-01-25_18-36-23_jpg_2025-01-25_18-36-23.webp.webp?fit=1200%2C958&ssl=1&resize=350%2C200","width":350,"height":200,"srcset":"https:\/\/i0.wp.com\/noticiasribeiraopreto.com.br\/wp-content\/uploads\/2025\/01\/VAZAMENTO_2025-01-25_18-36-23_jpg_2025-01-25_18-36-23.webp.webp?fit=1200%2C958&ssl=1&resize=350%2C200 1x, https:\/\/i0.wp.com\/noticiasribeiraopreto.com.br\/wp-content\/uploads\/2025\/01\/VAZAMENTO_2025-01-25_18-36-23_jpg_2025-01-25_18-36-23.webp.webp?fit=1200%2C958&ssl=1&resize=525%2C300 1.5x, https:\/\/i0.wp.com\/noticiasribeiraopreto.com.br\/wp-content\/uploads\/2025\/01\/VAZAMENTO_2025-01-25_18-36-23_jpg_2025-01-25_18-36-23.webp.webp?fit=1200%2C958&ssl=1&resize=700%2C400 2x, https:\/\/i0.wp.com\/noticiasribeiraopreto.com.br\/wp-content\/uploads\/2025\/01\/VAZAMENTO_2025-01-25_18-36-23_jpg_2025-01-25_18-36-23.webp.webp?fit=1200%2C958&ssl=1&resize=1050%2C600 3x"},"classes":[]},{"id":17413,"url":"https:\/\/noticiasribeiraopreto.com.br\/index.php\/2023\/12\/18\/reparo-em-adutora-pode-deixar-quatro-bairros-da-zona-leste-de-ribeirao-sem-agua\/","url_meta":{"origin":81291,"position":4},"title":"Reparo em adutora pode deixar quatro bairros da zona Leste de Ribeir\u00e3o sem \u00e1gua","author":"noticiasribeiraopreto.com.br","date":"18 de December de 2023","format":false,"excerpt":"A Saerp (Secretaria de \u00c1gua e Esgoto de Ribeir\u00e3o Preto) informou que est\u00e1 realizando o reparo emergencial de uma adutora no bairro Lagoinha, na zona Leste de Ribeir\u00e3o Preto. Por conta disso, quatro bairros podem ficar sem \u00e1gua nesta segunda-feira (18). De acordo com a pasta, o reparo est\u00e1 causando\u2026","rel":"","context":"In &quot;Not\u00edcias de Ribeir\u00e3o Preto-SP e Regi\u00e3o&quot;","block_context":{"text":"Not\u00edcias de Ribeir\u00e3o Preto-SP e Regi\u00e3o","link":"https:\/\/noticiasribeiraopreto.com.br\/index.php\/category\/noticias-de-ribeirao-preto-sp-e-regiao-ismael-colosi\/"},"img":{"alt_text":"","src":"https:\/\/i0.wp.com\/noticiasribeiraopreto.com.br\/wp-content\/uploads\/2023\/12\/Vejaosbairrosquepodemterfaltadguapor3diasnazonaLestedeRibeiroPreto_Tamanho_2_image-1-1.png?fit=1200%2C900&ssl=1&resize=350%2C200","width":350,"height":200,"srcset":"https:\/\/i0.wp.com\/noticiasribeiraopreto.com.br\/wp-content\/uploads\/2023\/12\/Vejaosbairrosquepodemterfaltadguapor3diasnazonaLestedeRibeiroPreto_Tamanho_2_image-1-1.png?fit=1200%2C900&ssl=1&resize=350%2C200 1x, https:\/\/i0.wp.com\/noticiasribeiraopreto.com.br\/wp-content\/uploads\/2023\/12\/Vejaosbairrosquepodemterfaltadguapor3diasnazonaLestedeRibeiroPreto_Tamanho_2_image-1-1.png?fit=1200%2C900&ssl=1&resize=525%2C300 1.5x, https:\/\/i0.wp.com\/noticiasribeiraopreto.com.br\/wp-content\/uploads\/2023\/12\/Vejaosbairrosquepodemterfaltadguapor3diasnazonaLestedeRibeiroPreto_Tamanho_2_image-1-1.png?fit=1200%2C900&ssl=1&resize=700%2C400 2x, https:\/\/i0.wp.com\/noticiasribeiraopreto.com.br\/wp-content\/uploads\/2023\/12\/Vejaosbairrosquepodemterfaltadguapor3diasnazonaLestedeRibeiroPreto_Tamanho_2_image-1-1.png?fit=1200%2C900&ssl=1&resize=1050%2C600 3x"},"classes":[]},{"id":60354,"url":"https:\/\/noticiasribeiraopreto.com.br\/index.php\/2024\/11\/12\/saerp-alerta-para-falta-dagua-em-bairros-da-zona-sul-de-ribeirao-preto-veja-locais\/","url_meta":{"origin":81291,"position":5},"title":"Saerp alerta para falta d\u2019\u00e1gua em bairros da zona Sul de Ribeir\u00e3o Preto; Veja locais","author":"noticiasribeiraopreto.com.br","date":"12 de November de 2024","format":false,"excerpt":"A Saerp (Secretaria de \u00c1gua e Esgoto de Ribeir\u00e3o Preto) informou nesta ter\u00e7a-feira (12) que bairros da zona Sul de Ribeir\u00e3o Preto podem apresentar falta d\u2019\u00e1gua. De acordo com a secretaria, est\u00e1 sendo realizada uma manuten\u00e7\u00e3o preventiva do sistema de abastecimento no reservat\u00f3rio City Ribeir\u00e3o. Esta interven\u00e7\u00e3o pode gerar falhas\u2026","rel":"","context":"In &quot;Not\u00edcias de Ribeir\u00e3o Preto-SP e Regi\u00e3o&quot;","block_context":{"text":"Not\u00edcias de Ribeir\u00e3o Preto-SP e Regi\u00e3o","link":"https:\/\/noticiasribeiraopreto.com.br\/index.php\/category\/noticias-de-ribeirao-preto-sp-e-regiao-ismael-colosi\/"},"img":{"alt_text":"","src":"https:\/\/i0.wp.com\/noticiasribeiraopreto.com.br\/wp-content\/uploads\/2024\/10\/istockphoto-501515701-612x612-1_2024-10-06_20-08-02_jpg_2024-10-06_20-08-02.webp.webp?fit=612%2C408&ssl=1&resize=350%2C200","width":350,"height":200,"srcset":"https:\/\/i0.wp.com\/noticiasribeiraopreto.com.br\/wp-content\/uploads\/2024\/10\/istockphoto-501515701-612x612-1_2024-10-06_20-08-02_jpg_2024-10-06_20-08-02.webp.webp?fit=612%2C408&ssl=1&resize=350%2C200 1x, https:\/\/i0.wp.com\/noticiasribeiraopreto.com.br\/wp-content\/uploads\/2024\/10\/istockphoto-501515701-612x612-1_2024-10-06_20-08-02_jpg_2024-10-06_20-08-02.webp.webp?fit=612%2C408&ssl=1&resize=525%2C300 1.5x"},"classes":[]}],"jetpack_sharing_enabled":true,"jetpack_shortlink":"https:\/\/wp.me\/peQAOb-l99","_links":{"self":[{"href":"https:\/\/noticiasribeiraopreto.com.br\/index.php\/wp-json\/wp\/v2\/posts\/81291","targetHints":{"allow":["GET"]}}],"collection":[{"href":"https:\/\/noticiasribeiraopreto.com.br\/index.php\/wp-json\/wp\/v2\/posts"}],"about":[{"href":"https:\/\/noticiasribeiraopreto.com.br\/index.php\/wp-json\/wp\/v2\/types\/post"}],"author":[{"embeddable":true,"href":"https:\/\/noticiasribeiraopreto.com.br\/index.php\/wp-json\/wp\/v2\/users\/1"}],"replies":[{"embeddable":true,"href":"https:\/\/noticiasribeiraopreto.com.br\/index.php\/wp-json\/wp\/v2\/comments?post=81291"}],"version-history":[{"count":0,"href":"https:\/\/noticiasribeiraopreto.com.br\/index.php\/wp-json\/wp\/v2\/posts\/81291\/revisions"}],"wp:featuredmedia":[{"embeddable":true,"href":"https:\/\/noticiasribeiraopreto.com.br\/index.php\/wp-json\/wp\/v2\/media\/79577"}],"wp:attachment":[{"href":"https:\/\/noticiasribeiraopreto.com.br\/index.php\/wp-json\/wp\/v2\/media?parent=81291"}],"wp:term":[{"taxonomy":"category","embeddable":true,"href":"https:\/\/noticiasribeiraopreto.com.br\/index.php\/wp-json\/wp\/v2\/categories?post=81291"},{"taxonomy":"post_tag","embeddable":true,"href":"https:\/\/noticiasribeiraopreto.com.br\/index.php\/wp-json\/wp\/v2\/tags?post=81291"}],"curies":[{"name":"wp","href":"https:\/\/api.w.org\/{rel}","templated":true}]}}