{"id":81292,"date":"2025-12-31T07:50:21","date_gmt":"2025-12-31T10:50:21","guid":{"rendered":"https:\/\/noticiasribeiraopreto.com.br\/index.php\/2025\/12\/31\/homem-morre-apos-confronto-com-o-baep-na-zona-oeste-de-ribeirao-preto\/"},"modified":"2025-12-31T07:50:21","modified_gmt":"2025-12-31T10:50:21","slug":"homem-morre-apos-confronto-com-o-baep-na-zona-oeste-de-ribeirao-preto","status":"publish","type":"post","link":"https:\/\/noticiasribeiraopreto.com.br\/index.php\/2025\/12\/31\/homem-morre-apos-confronto-com-o-baep-na-zona-oeste-de-ribeirao-preto\/","title":{"rendered":"Homem morre ap\u00f3s confronto com o Baep na zona Oeste de Ribeir\u00e3o Preto"},"content":{"rendered":"<div class='code-block code-block-1' style='margin: 8px 0 8px auto; text-align: right; display: block; clear: both;'>\n<p><a href=\"https:\/\/wa.link\/vpicfd\"><img data-recalc-dims=\"1\" class=\"wp-image-4922\" style=\"aspect-ratio: 2.0253164556962027; width: 561px; height: auto;\" src=\"https:\/\/i0.wp.com\/ismaelcolosi.com.br\/wp-content\/uploads\/2023\/11\/grupo-de-empregos-whatsapp-e-facebook-ismael-colosi-vagas.jpg?ssl=1\" alt=\"\" \/><\/a><\/p>\n<!-- \/wp:image -->\n<\/div>\n<p> <br \/>\n<\/p>\n<div data-td-block-uid=\"tdi_95\">\n<div class=\"tdb-block-inner td-fix-index\">\n<p>Um <strong>homem morreu durante um confronto com policiais do Batalh\u00e3o de A\u00e7\u00f5es Especiais de Pol\u00edcia (Baep)<\/strong> na manh\u00e3 desta ter\u00e7a-feira (30), na Vila Virg\u00ednia, zona Oeste de Ribeir\u00e3o Preto. <strong>Ele n\u00e3o teve a identidade divulgada. <\/strong><\/p>\n<p>Segundo a corpora\u00e7\u00e3o, a <strong>equipe realizava patrulhamento de rotina pela regi\u00e3o quando avistou o suspeito<\/strong>, que fugiu ao perceber a aproxima\u00e7\u00e3o policial. Houve acompanhamento e o homem entrou em uma resid\u00eancia.<\/p>\n<figure class=\"wp-block-image aligncenter size-large\"><img data-recalc-dims=\"1\" fetchpriority=\"high\" decoding=\"async\" width=\"1024\" height=\"405\" src=\"https:\/\/i0.wp.com\/cdn.media-acidadeon.com.br\/ribeiraopreto\/wp-content\/uploads\/sites\/3\/2025\/12\/Captura-de-tela-2025-12-30-13024aaaa_2025-12-30_16-10-28-1024x405.webp?resize=1024%2C405&#038;ssl=1\" alt=\"baep&#10;\" class=\"wp-image-140640\" title=\"Homem morre ap\u00f3s confronto com o Baep na zona Oeste de Ribeir\u00e3o Preto 1\" srcset=\"https:\/\/cdn.media-acidadeon.com.br\/ribeiraopreto\/wp-content\/uploads\/sites\/3\/2025\/12\/Captura-de-tela-2025-12-30-13024aaaa_2025-12-30_16-10-28-1024x405.webp 1024w, https:\/\/cdn.media-acidadeon.com.br\/ribeiraopreto\/wp-content\/uploads\/sites\/3\/2025\/12\/Captura-de-tela-2025-12-30-13024aaaa_2025-12-30_16-10-28-300x119.webp 300w, https:\/\/cdn.media-acidadeon.com.br\/ribeiraopreto\/wp-content\/uploads\/sites\/3\/2025\/12\/Captura-de-tela-2025-12-30-13024aaaa_2025-12-30_16-10-28-768x304.webp 768w, https:\/\/cdn.media-acidadeon.com.br\/ribeiraopreto\/wp-content\/uploads\/sites\/3\/2025\/12\/Captura-de-tela-2025-12-30-13024aaaa_2025-12-30_16-10-28-696x276.webp 696w, https:\/\/cdn.media-acidadeon.com.br\/ribeiraopreto\/wp-content\/uploads\/sites\/3\/2025\/12\/Captura-de-tela-2025-12-30-13024aaaa_2025-12-30_16-10-28-1068x423.webp 1068w, https:\/\/cdn.media-acidadeon.com.br\/ribeiraopreto\/wp-content\/uploads\/sites\/3\/2025\/12\/Captura-de-tela-2025-12-30-13024aaaa_2025-12-30_16-10-28.webp 1200w\" sizes=\"(max-width: 1024px) 100vw, 1024px\"\/><\/figure>\n<p>Ainda de acordo com os pol\u00edciais, no momento em que os eles se aproximaram do im\u00f3vel, o suspeito efetuou disparos contra a equipe, que revidou. Durante o confronto, o <strong>homem foi atingido e morreu no local.<\/strong><\/p>\n<p>No interior da casa, os policiais apreenderam uma quantidade de drogas e uma espingarda. A ocorr\u00eancia est\u00e1 em andamento. <\/p>\n<hr class=\"wp-block-separator has-alpha-channel-opacity\"\/>\n<p>SAIBA MAIS<\/p>\n<p>Persegui\u00e7\u00e3o policial termina com um morto em Ribeir\u00e3o Preto<\/p>\n<h4 class=\"wp-block-heading\"><strong>FIQUE ON<\/strong><\/h4>\n<p>Fique ligado em tudo que acontece em Ribeir\u00e3o Preto e regi\u00e3o. Siga os perfis do\u00a0<strong>acidade on<\/strong>\u00a0no<a href=\"https:\/\/www.instagram.com\/acidadeonribeirao\" target=\"_blank\" rel=\"noreferrer noopener\">\u00a0Instagram\u00a0<\/a>e no\u00a0<a href=\"https:\/\/www.facebook.com\/acidadeonribeirao\/\" target=\"_blank\" rel=\"noreferrer noopener\">Facebook<\/a>.<\/p>\n<p>Receba not\u00edcias do<strong>\u00a0acidade on<\/strong>\u00a0no WhatsApp. Para entrar no grupo,\u00a0basta\u00a0<a href=\"https:\/\/chat.whatsapp.com\/I4nieTEMKlf50pJ28aMemC?mode=ac_t\" target=\"_blank\" rel=\"noreferrer noopener\">clicar aqui<\/a>. Ou, acesse o nosso\u00a0Canal\u00a0<a href=\"https:\/\/whatsapp.com\/channel\/0029Vb6IQl1JENyAeS57fk2p\" target=\"_blank\" rel=\"noreferrer noopener\">clicando aqui<\/a>.<\/p>\n<p>Fa\u00e7a uma den\u00fancia ou sugira uma reportagem sobre Ribeir\u00e3o Preto e regi\u00e3o pelo WhatsApp: 16 99117 7802.<\/p>\n<p>VEJA TAMB\u00c9M<\/p>\n<p>Z\u00e9 Felipe e Ana Castela ficaram juntos por quanto tempo?<\/p>\n<p><!-- AI CONTENT END 1 -->\n<\/div>\n<\/div>\n<p><script async src=\"\/\/www.instagram.com\/embed.js\"><\/script><br \/>\n<br \/><br \/>\n<br \/><a href=\"https:\/\/www.acidadeon.com\/ribeiraopreto\/cotidiano\/homem-morre-em-confronto-com-o-baep-na-zona-oeste-de-ribeirao-preto\/\">Source link <\/a><\/p>\n<!-- CONTENT END 1 -->\n","protected":false},"excerpt":{"rendered":"<p>Um homem morreu durante um confronto com policiais do Batalh\u00e3o de A\u00e7\u00f5es Especiais de Pol\u00edcia (Baep) na manh\u00e3 desta ter\u00e7a-feira (30), na Vila Virg\u00ednia, zona&#8230;<\/p>\n","protected":false},"author":1,"featured_media":81293,"comment_status":"open","ping_status":"open","sticky":false,"template":"","format":"standard","meta":{"advanced_seo_description":"","jetpack_seo_html_title":"","jetpack_seo_noindex":false,"jetpack_post_was_ever_published":false,"_jetpack_newsletter_access":"","_jetpack_dont_email_post_to_subs":false,"_jetpack_newsletter_tier_id":0,"_jetpack_memberships_contains_paywalled_content":false,"_jetpack_memberships_contains_paid_content":false,"footnotes":"","jetpack_publicize_message":"","jetpack_publicize_feature_enabled":true,"jetpack_social_post_already_shared":true,"jetpack_social_options":{"image_generator_settings":{"template":"highway","default_image_id":0,"font":"","enabled":false},"version":2}},"categories":[11],"tags":[],"class_list":["post-81292","post","type-post","status-publish","format-standard","has-post-thumbnail","hentry","category-noticias-de-ribeirao-preto-sp-e-regiao-ismael-colosi"],"jetpack_publicize_connections":[],"jetpack_featured_media_url":"https:\/\/i0.wp.com\/noticiasribeiraopreto.com.br\/wp-content\/uploads\/2025\/12\/Captura-de-tela-2025-12-30-1302111_2025-12-30_16-13-49.webp.webp?fit=1200%2C612&ssl=1","jetpack-related-posts":[{"id":82885,"url":"https:\/\/noticiasribeiraopreto.com.br\/index.php\/2026\/03\/02\/baep-prende-homem-por-tentativa-de-assalto-com-simulacro-de-arma-em-ribeirao-preto\/","url_meta":{"origin":81292,"position":0},"title":"Baep prende homem por tentativa de assalto com simulacro de arma em Ribeir\u00e3o Preto","author":"noticiasribeiraopreto.com.br","date":"2 de March de 2026","format":false,"excerpt":"Um homem foi preso suspeito de tentativa de roubo a um mercado neste s\u00e1bado (28), com um simulacro de arma de fogo\u00a0 do tipo r\u00e9plica de pistola, na Vila Virg\u00ednia, zona Oeste de Ribeir\u00e3o Preto. Segundo o 11\u00ba Baep (Batalh\u00e3o de A\u00e7\u00f5es Especiais de Pol\u00edcia), uma v\u00edtima que o homem\u2026","rel":"","context":"In &quot;Not\u00edcias de Ribeir\u00e3o Preto-SP e Regi\u00e3o&quot;","block_context":{"text":"Not\u00edcias de Ribeir\u00e3o Preto-SP e Regi\u00e3o","link":"https:\/\/noticiasribeiraopreto.com.br\/index.php\/category\/noticias-de-ribeirao-preto-sp-e-regiao-ismael-colosi\/"},"img":{"alt_text":"","src":"https:\/\/i0.wp.com\/noticiasribeiraopreto.com.br\/wp-content\/uploads\/2026\/03\/WhatsApp-Image-2026-03-01-at-15.41.12_2026-03-01_18-44-23.webp.webp?fit=1200%2C675&ssl=1&resize=350%2C200","width":350,"height":200,"srcset":"https:\/\/i0.wp.com\/noticiasribeiraopreto.com.br\/wp-content\/uploads\/2026\/03\/WhatsApp-Image-2026-03-01-at-15.41.12_2026-03-01_18-44-23.webp.webp?fit=1200%2C675&ssl=1&resize=350%2C200 1x, https:\/\/i0.wp.com\/noticiasribeiraopreto.com.br\/wp-content\/uploads\/2026\/03\/WhatsApp-Image-2026-03-01-at-15.41.12_2026-03-01_18-44-23.webp.webp?fit=1200%2C675&ssl=1&resize=525%2C300 1.5x, https:\/\/i0.wp.com\/noticiasribeiraopreto.com.br\/wp-content\/uploads\/2026\/03\/WhatsApp-Image-2026-03-01-at-15.41.12_2026-03-01_18-44-23.webp.webp?fit=1200%2C675&ssl=1&resize=700%2C400 2x, https:\/\/i0.wp.com\/noticiasribeiraopreto.com.br\/wp-content\/uploads\/2026\/03\/WhatsApp-Image-2026-03-01-at-15.41.12_2026-03-01_18-44-23.webp.webp?fit=1200%2C675&ssl=1&resize=1050%2C600 3x"},"classes":[]},{"id":77683,"url":"https:\/\/noticiasribeiraopreto.com.br\/index.php\/2025\/09\/23\/video-foragido-morre-em-confronto-com-baep\/","url_meta":{"origin":81292,"position":1},"title":"V\u00cdDEO &#8211; Foragido morre em confronto com BAEP","author":"noticiasribeiraopreto.com.br","date":"23 de September de 2025","format":false,"excerpt":"Suspeito j\u00e1 teve passagens por homic\u00eddio, latroc\u00ednio, roubo e sequestro e fugiu em sa\u00edda tempor\u00e1ria, arrancando tornozeleira 23 de setembro de 2025 19:3823 de setembro de 2025 19:394 Compartilhar0 Por: Alfredo Risk e Adalberto Luque Um homem de 47 anos morreu, em confronto com a Pol\u00edcia Militar, na tarde desta\u2026","rel":"","context":"In &quot;Not\u00edcias de Ribeir\u00e3o Preto-SP e Regi\u00e3o&quot;","block_context":{"text":"Not\u00edcias de Ribeir\u00e3o Preto-SP e Regi\u00e3o","link":"https:\/\/noticiasribeiraopreto.com.br\/index.php\/category\/noticias-de-ribeirao-preto-sp-e-regiao-ismael-colosi\/"},"img":{"alt_text":"","src":"https:\/\/i0.wp.com\/noticiasribeiraopreto.com.br\/wp-content\/uploads\/2025\/09\/23-set-2025-confrontobaep1-scaled.jpg?fit=1200%2C627&ssl=1&resize=350%2C200","width":350,"height":200,"srcset":"https:\/\/i0.wp.com\/noticiasribeiraopreto.com.br\/wp-content\/uploads\/2025\/09\/23-set-2025-confrontobaep1-scaled.jpg?fit=1200%2C627&ssl=1&resize=350%2C200 1x, https:\/\/i0.wp.com\/noticiasribeiraopreto.com.br\/wp-content\/uploads\/2025\/09\/23-set-2025-confrontobaep1-scaled.jpg?fit=1200%2C627&ssl=1&resize=525%2C300 1.5x, https:\/\/i0.wp.com\/noticiasribeiraopreto.com.br\/wp-content\/uploads\/2025\/09\/23-set-2025-confrontobaep1-scaled.jpg?fit=1200%2C627&ssl=1&resize=700%2C400 2x, https:\/\/i0.wp.com\/noticiasribeiraopreto.com.br\/wp-content\/uploads\/2025\/09\/23-set-2025-confrontobaep1-scaled.jpg?fit=1200%2C627&ssl=1&resize=1050%2C600 3x"},"classes":[]},{"id":73588,"url":"https:\/\/noticiasribeiraopreto.com.br\/index.php\/2025\/07\/05\/baep-apreende-95-kg-de-crack-e-prende-homem-na-zona-norte-de-ribeirao-preto-video\/","url_meta":{"origin":81292,"position":2},"title":"Baep apreende 95 kg de crack e prende homem na zona Norte de Ribeir\u00e3o Preto; V\u00eddeo","author":"noticiasribeiraopreto.com.br","date":"5 de July de 2025","format":false,"excerpt":"O Baep (Batalh\u00e3o de A\u00e7\u00f5es Especiais de Pol\u00edcia) apreendeu 95 quilos de crack e prendeu um homem na madrugada deste s\u00e1bado (5), no bairro Quintino Facci II, zona Norte de Ribeir\u00e3o Preto. Segundo a pol\u00edcia, ap\u00f3s den\u00fancia, o homem foi encontrado nos fundos de um bar de sua propriedade. A\u2026","rel":"","context":"In &quot;Not\u00edcias de Ribeir\u00e3o Preto-SP e Regi\u00e3o&quot;","block_context":{"text":"Not\u00edcias de Ribeir\u00e3o Preto-SP e Regi\u00e3o","link":"https:\/\/noticiasribeiraopreto.com.br\/index.php\/category\/noticias-de-ribeirao-preto-sp-e-regiao-ismael-colosi\/"},"img":{"alt_text":"","src":"https:\/\/i0.wp.com\/noticiasribeiraopreto.com.br\/wp-content\/uploads\/2025\/07\/DROGAS_2025-07-05_12-53-45.webp.webp?fit=1200%2C712&ssl=1&resize=350%2C200","width":350,"height":200,"srcset":"https:\/\/i0.wp.com\/noticiasribeiraopreto.com.br\/wp-content\/uploads\/2025\/07\/DROGAS_2025-07-05_12-53-45.webp.webp?fit=1200%2C712&ssl=1&resize=350%2C200 1x, https:\/\/i0.wp.com\/noticiasribeiraopreto.com.br\/wp-content\/uploads\/2025\/07\/DROGAS_2025-07-05_12-53-45.webp.webp?fit=1200%2C712&ssl=1&resize=525%2C300 1.5x, https:\/\/i0.wp.com\/noticiasribeiraopreto.com.br\/wp-content\/uploads\/2025\/07\/DROGAS_2025-07-05_12-53-45.webp.webp?fit=1200%2C712&ssl=1&resize=700%2C400 2x, https:\/\/i0.wp.com\/noticiasribeiraopreto.com.br\/wp-content\/uploads\/2025\/07\/DROGAS_2025-07-05_12-53-45.webp.webp?fit=1200%2C712&ssl=1&resize=1050%2C600 3x"},"classes":[]},{"id":78261,"url":"https:\/\/noticiasribeiraopreto.com.br\/index.php\/2025\/10\/07\/baep-apreende-pasta-base-de-cocaina-avaliada-em-r-21-milhoes-em-ribeirao-preto\/","url_meta":{"origin":81292,"position":3},"title":"Baep apreende pasta base de coca\u00edna avaliada em R$ 21 milh\u00f5es em Ribeir\u00e3o Preto","author":"noticiasribeiraopreto.com.br","date":"7 de October de 2025","format":false,"excerpt":"O 11\u00ba Baep (Batalh\u00e3o de A\u00e7\u00f5es Especiais de Pol\u00edcia) apreendeu 300 tijolos de pasta base de coca\u00edna e prendeu um homem nesta segunda-feira (6), no Jardim J\u00f3quei Clube, zona Norte de Ribeir\u00e3o Preto. A droga foi avaliada em aproximadamente R$ 21 milh\u00f5es. Segundo o boletim de ocorr\u00eancia (BO), a coca\u00edna\u2026","rel":"","context":"In &quot;Not\u00edcias de Ribeir\u00e3o Preto-SP e Regi\u00e3o&quot;","block_context":{"text":"Not\u00edcias de Ribeir\u00e3o Preto-SP e Regi\u00e3o","link":"https:\/\/noticiasribeiraopreto.com.br\/index.php\/category\/noticias-de-ribeirao-preto-sp-e-regiao-ismael-colosi\/"},"img":{"alt_text":"","src":"https:\/\/i0.wp.com\/noticiasribeiraopreto.com.br\/wp-content\/uploads\/2025\/10\/WhatsApp-Image-2025-10-06-at-12.51.44_2025-10-07_14-33-11.webp.webp?fit=1200%2C900&ssl=1&resize=350%2C200","width":350,"height":200,"srcset":"https:\/\/i0.wp.com\/noticiasribeiraopreto.com.br\/wp-content\/uploads\/2025\/10\/WhatsApp-Image-2025-10-06-at-12.51.44_2025-10-07_14-33-11.webp.webp?fit=1200%2C900&ssl=1&resize=350%2C200 1x, https:\/\/i0.wp.com\/noticiasribeiraopreto.com.br\/wp-content\/uploads\/2025\/10\/WhatsApp-Image-2025-10-06-at-12.51.44_2025-10-07_14-33-11.webp.webp?fit=1200%2C900&ssl=1&resize=525%2C300 1.5x, https:\/\/i0.wp.com\/noticiasribeiraopreto.com.br\/wp-content\/uploads\/2025\/10\/WhatsApp-Image-2025-10-06-at-12.51.44_2025-10-07_14-33-11.webp.webp?fit=1200%2C900&ssl=1&resize=700%2C400 2x, https:\/\/i0.wp.com\/noticiasribeiraopreto.com.br\/wp-content\/uploads\/2025\/10\/WhatsApp-Image-2025-10-06-at-12.51.44_2025-10-07_14-33-11.webp.webp?fit=1200%2C900&ssl=1&resize=1050%2C600 3x"},"classes":[]},{"id":84741,"url":"https:\/\/noticiasribeiraopreto.com.br\/index.php\/2026\/04\/15\/video-tres-morrem-em-confronto-com-baep-apos-furto-de-caminhonete\/","url_meta":{"origin":81292,"position":4},"title":"V\u00cdDEO &#8211; Tr\u00eas morrem em confronto com Baep ap\u00f3s furto de caminhonete","author":"noticiasribeiraopreto.com.br","date":"15 de April de 2026","format":false,"excerpt":"\r Ve\u00edculo foi levado da zona Sul de Ribeir\u00e3o Preto e rastreador indicou localiza\u00e7\u00e3o em \u00e1rea rural da regi\u00e3o\r \r 15 de abril de 2026 10:5115 de abril de 2026 10:52 \r Compartilhar2 | Por: Adalberto Luque | Tr\u00eas homens morreram, na madrugada desta quarta-feira (15), ap\u00f3s entrarem em confronto\u2026","rel":"","context":"In &quot;Not\u00edcias de Ribeir\u00e3o Preto-SP e Regi\u00e3o&quot;","block_context":{"text":"Not\u00edcias de Ribeir\u00e3o Preto-SP e Regi\u00e3o","link":"https:\/\/noticiasribeiraopreto.com.br\/index.php\/category\/noticias-de-ribeirao-preto-sp-e-regiao-ismael-colosi\/"},"img":{"alt_text":"","src":"https:\/\/i0.wp.com\/noticiasribeiraopreto.com.br\/wp-content\/uploads\/2026\/04\/14-abr-2026-confrontobaep1.jpg?fit=1004%2C572&ssl=1&resize=350%2C200","width":350,"height":200,"srcset":"https:\/\/i0.wp.com\/noticiasribeiraopreto.com.br\/wp-content\/uploads\/2026\/04\/14-abr-2026-confrontobaep1.jpg?fit=1004%2C572&ssl=1&resize=350%2C200 1x, https:\/\/i0.wp.com\/noticiasribeiraopreto.com.br\/wp-content\/uploads\/2026\/04\/14-abr-2026-confrontobaep1.jpg?fit=1004%2C572&ssl=1&resize=525%2C300 1.5x, https:\/\/i0.wp.com\/noticiasribeiraopreto.com.br\/wp-content\/uploads\/2026\/04\/14-abr-2026-confrontobaep1.jpg?fit=1004%2C572&ssl=1&resize=700%2C400 2x"},"classes":[]},{"id":77698,"url":"https:\/\/noticiasribeiraopreto.com.br\/index.php\/2025\/09\/24\/identificado-homem-morto-apos-reagir-a-abordagem-do-baep-em-ribeirao-preto\/","url_meta":{"origin":81292,"position":5},"title":"Identificado homem morto ap\u00f3s reagir \u00e0 abordagem do Baep em Ribeir\u00e3o Preto","author":"noticiasribeiraopreto.com.br","date":"24 de September de 2025","format":false,"excerpt":"O homem morto na tarde desta ter\u00e7a-feira (23) durante uma abordagem do Baep (Batalh\u00e3o de A\u00e7\u00f5es Especiais de Pol\u00edcia), no Jardim Heitor Rigon, zona Norte de Ribeir\u00e3o Preto, foi identificado. Segundo o boletim de ocorr\u00eancia (BO), Maur\u00edcio Ferreira de Aquino, de 58 anos, estava em um carro Volkswagen Gol preto,\u2026","rel":"","context":"In &quot;Not\u00edcias de Ribeir\u00e3o Preto-SP e Regi\u00e3o&quot;","block_context":{"text":"Not\u00edcias de Ribeir\u00e3o Preto-SP e Regi\u00e3o","link":"https:\/\/noticiasribeiraopreto.com.br\/index.php\/category\/noticias-de-ribeirao-preto-sp-e-regiao-ismael-colosi\/"},"img":{"alt_text":"","src":"https:\/\/i0.wp.com\/noticiasribeiraopreto.com.br\/wp-content\/uploads\/2025\/09\/BAEP_2025-09-24_11-23-40.webp.webp?fit=1200%2C746&ssl=1&resize=350%2C200","width":350,"height":200,"srcset":"https:\/\/i0.wp.com\/noticiasribeiraopreto.com.br\/wp-content\/uploads\/2025\/09\/BAEP_2025-09-24_11-23-40.webp.webp?fit=1200%2C746&ssl=1&resize=350%2C200 1x, https:\/\/i0.wp.com\/noticiasribeiraopreto.com.br\/wp-content\/uploads\/2025\/09\/BAEP_2025-09-24_11-23-40.webp.webp?fit=1200%2C746&ssl=1&resize=525%2C300 1.5x, https:\/\/i0.wp.com\/noticiasribeiraopreto.com.br\/wp-content\/uploads\/2025\/09\/BAEP_2025-09-24_11-23-40.webp.webp?fit=1200%2C746&ssl=1&resize=700%2C400 2x, https:\/\/i0.wp.com\/noticiasribeiraopreto.com.br\/wp-content\/uploads\/2025\/09\/BAEP_2025-09-24_11-23-40.webp.webp?fit=1200%2C746&ssl=1&resize=1050%2C600 3x"},"classes":[]}],"jetpack_sharing_enabled":true,"jetpack_shortlink":"https:\/\/wp.me\/peQAOb-l9a","_links":{"self":[{"href":"https:\/\/noticiasribeiraopreto.com.br\/index.php\/wp-json\/wp\/v2\/posts\/81292","targetHints":{"allow":["GET"]}}],"collection":[{"href":"https:\/\/noticiasribeiraopreto.com.br\/index.php\/wp-json\/wp\/v2\/posts"}],"about":[{"href":"https:\/\/noticiasribeiraopreto.com.br\/index.php\/wp-json\/wp\/v2\/types\/post"}],"author":[{"embeddable":true,"href":"https:\/\/noticiasribeiraopreto.com.br\/index.php\/wp-json\/wp\/v2\/users\/1"}],"replies":[{"embeddable":true,"href":"https:\/\/noticiasribeiraopreto.com.br\/index.php\/wp-json\/wp\/v2\/comments?post=81292"}],"version-history":[{"count":0,"href":"https:\/\/noticiasribeiraopreto.com.br\/index.php\/wp-json\/wp\/v2\/posts\/81292\/revisions"}],"wp:featuredmedia":[{"embeddable":true,"href":"https:\/\/noticiasribeiraopreto.com.br\/index.php\/wp-json\/wp\/v2\/media\/81293"}],"wp:attachment":[{"href":"https:\/\/noticiasribeiraopreto.com.br\/index.php\/wp-json\/wp\/v2\/media?parent=81292"}],"wp:term":[{"taxonomy":"category","embeddable":true,"href":"https:\/\/noticiasribeiraopreto.com.br\/index.php\/wp-json\/wp\/v2\/categories?post=81292"},{"taxonomy":"post_tag","embeddable":true,"href":"https:\/\/noticiasribeiraopreto.com.br\/index.php\/wp-json\/wp\/v2\/tags?post=81292"}],"curies":[{"name":"wp","href":"https:\/\/api.w.org\/{rel}","templated":true}]}}