{"id":81294,"date":"2025-12-31T07:58:39","date_gmt":"2025-12-31T10:58:39","guid":{"rendered":"https:\/\/noticiasribeiraopreto.com.br\/index.php\/2025\/12\/31\/veja-horario-de-funcionamento-do-mercadao-central-de-ribeirao-preto-neste-fim-de-ano\/"},"modified":"2025-12-31T07:58:39","modified_gmt":"2025-12-31T10:58:39","slug":"veja-horario-de-funcionamento-do-mercadao-central-de-ribeirao-preto-neste-fim-de-ano","status":"publish","type":"post","link":"https:\/\/noticiasribeiraopreto.com.br\/index.php\/2025\/12\/31\/veja-horario-de-funcionamento-do-mercadao-central-de-ribeirao-preto-neste-fim-de-ano\/","title":{"rendered":"Veja hor\u00e1rio de funcionamento\u00a0do Mercad\u00e3o Central de Ribeir\u00e3o Preto neste fim de ano"},"content":{"rendered":"<div class='code-block code-block-1' style='margin: 8px 0 8px auto; text-align: right; display: block; clear: both;'>\n<p><a href=\"https:\/\/wa.link\/vpicfd\"><img data-recalc-dims=\"1\" class=\"wp-image-4922\" style=\"aspect-ratio: 2.0253164556962027; width: 561px; height: auto;\" src=\"https:\/\/i0.wp.com\/ismaelcolosi.com.br\/wp-content\/uploads\/2023\/11\/grupo-de-empregos-whatsapp-e-facebook-ismael-colosi-vagas.jpg?ssl=1\" alt=\"\" \/><\/a><\/p>\n<!-- \/wp:image -->\n<\/div>\n<p> <br \/>\n<\/p>\n<div data-td-block-uid=\"tdi_95\">\n<div class=\"tdb-block-inner td-fix-index\">\n<p><strong>O\u00a0Mercad\u00e3o Central de Ribeir\u00e3o Preto\u00a0funcionar\u00e1 em hor\u00e1rio reduzido nesta quarta-feira (31), v\u00e9spera do Ano Novo.<\/strong> <\/p>\n<p>O <strong>estabelecimento <\/strong>\u00e9 um <strong>tradicional<\/strong> <strong>ponto <\/strong>de <strong>com\u00e9rcio\u00a0<\/strong>no <strong>Centro<\/strong> da <strong>cidade<\/strong>, <strong>localizado <\/strong>entre as <strong>ruas S\u00e3o Sebasti\u00e3o, Jos\u00e9 Bonif\u00e1cio e a avenida Jer\u00f4nimo Gon\u00e7alves<\/strong>.<\/p>\n<h2 class=\"wp-block-heading\"><strong>Confira o funcionamento do Mercad\u00e3o Central:<\/strong><\/h2>\n<ul class=\"wp-block-list\">\n<li>31 de dezembro (quarta-feira) \u2013 das 7h \u00e0s 15h<\/li>\n<li>1 de janeiro (quinta-feira) \u2013 fechado<\/li>\n<\/ul>\n<p>Nesta ter\u00e7a-feira (30), o Mercad\u00e3o Central est\u00e1 aberto at\u00e9 as 18h. <\/p>\n<p>Ap\u00f3s fechar na quinta, o funcionamento retorna ao normal na sexta-feira (2), das 7h \u00e0s 18h.<\/p>\n<p>SAIBA MAIS<\/p>\n<p>Vem chuva? Veja a previs\u00e3o do tempo nesta ter\u00e7a-feira em Ribeir\u00e3o Preto<\/p>\n<h3 class=\"wp-block-heading\"><strong>FIQUE ON<\/strong><\/h3>\n<p>Fique ligado em tudo que acontece em Ribeir\u00e3o Preto e regi\u00e3o. Siga os perfis do<strong>\u00a0acidade on<\/strong>\u00a0no<a href=\"https:\/\/www.instagram.com\/acidadeonribeirao\" target=\"_blank\" rel=\"noreferrer noopener\">\u00a0Instagram\u00a0<\/a>e no\u00a0<a href=\"https:\/\/www.facebook.com\/acidadeonribeirao\/\" target=\"_blank\" rel=\"noreferrer noopener\">Facebook<\/a>.<\/p>\n<p>Receba not\u00edcias do<strong>\u00a0acidade on<\/strong>\u00a0no WhatsApp. Para entrar no grupo,\u00a0basta<a href=\"https:\/\/chat.whatsapp.com\/GFH9HUMUTHNFJdnyEd0xxq\" target=\"_blank\" rel=\"noreferrer noopener\">\u00a0clicar aqui<\/a>. Ou, acesse o nosso\u00a0Canal\u00a0<a href=\"https:\/\/whatsapp.com\/channel\/0029Vb6IQl1JENyAeS57fk2p\" target=\"_blank\" rel=\"noreferrer noopener\">clicando aqui<\/a>.<\/p>\n<p>Fa\u00e7a uma den\u00fancia ou sugira uma reportagem sobre Ribeir\u00e3o Preto e regi\u00e3o pelo WhatsApp: 16 99117 7802.<\/p>\n<p>VEJA TAMB\u00c9M<\/p>\n<p>Casquinha do McDonald\u2019s n\u00e3o \u00e9 sorvete?<\/p>\n<p><!-- AI CONTENT END 1 -->\n<\/div>\n<\/div>\n<p><script async src=\"\/\/www.instagram.com\/embed.js\"><\/script><br \/>\n<br \/><br \/>\n<br \/><a href=\"https:\/\/www.acidadeon.com\/ribeiraopreto\/economia\/veja-horario-de-funcionamento-do-mercadao-central-de-ribeirao-preto-neste-fim-de-ano\/\">Source link <\/a><\/p>\n<!-- CONTENT END 1 -->\n","protected":false},"excerpt":{"rendered":"<p>O\u00a0Mercad\u00e3o Central de Ribeir\u00e3o Preto\u00a0funcionar\u00e1 em hor\u00e1rio reduzido nesta quarta-feira (31), v\u00e9spera do Ano Novo. O estabelecimento \u00e9 um tradicional ponto de com\u00e9rcio\u00a0no Centro da&#8230;<\/p>\n","protected":false},"author":1,"featured_media":80671,"comment_status":"open","ping_status":"open","sticky":false,"template":"","format":"standard","meta":{"advanced_seo_description":"","jetpack_seo_html_title":"","jetpack_seo_noindex":false,"jetpack_post_was_ever_published":false,"_jetpack_newsletter_access":"","_jetpack_dont_email_post_to_subs":false,"_jetpack_newsletter_tier_id":0,"_jetpack_memberships_contains_paywalled_content":false,"_jetpack_memberships_contains_paid_content":false,"footnotes":"","jetpack_publicize_message":"","jetpack_publicize_feature_enabled":true,"jetpack_social_post_already_shared":true,"jetpack_social_options":{"image_generator_settings":{"template":"highway","default_image_id":0,"font":"","enabled":false},"version":2}},"categories":[11],"tags":[],"class_list":["post-81294","post","type-post","status-publish","format-standard","has-post-thumbnail","hentry","category-noticias-de-ribeirao-preto-sp-e-regiao-ismael-colosi"],"jetpack_publicize_connections":[],"jetpack_featured_media_url":"https:\/\/i0.wp.com\/noticiasribeiraopreto.com.br\/wp-content\/uploads\/2025\/12\/2019_27_09_aniversario_mercadao_alexandre_de_azevedo_097_2025-12-09_18-39-51.webp.webp?fit=1200%2C800&ssl=1","jetpack-related-posts":[{"id":81022,"url":"https:\/\/noticiasribeiraopreto.com.br\/index.php\/2025\/12\/21\/veja-horario-de-funcionamento-do-mercadao-na-semana-do-natal\/","url_meta":{"origin":81294,"position":0},"title":"Veja hor\u00e1rio de funcionamento do Mercad\u00e3o na semana do Natal","author":"noticiasribeiraopreto.com.br","date":"21 de December de 2025","format":false,"excerpt":"Com a proximidade do Natal, o Mercad\u00e3o Central de Ribeir\u00e3o Preto funciona em hor\u00e1rio especial para atender os consumidores que pretendem visitar o espa\u00e7o antes da data comemorativa. O tradicional estabelecimento \u00e9 um dos pontos de com\u00e9rcio mais movimentados da cidade e est\u00e1 localizado no quadril\u00e1tero entre as ruas S\u00e3o\u2026","rel":"","context":"In &quot;Not\u00edcias de Ribeir\u00e3o Preto-SP e Regi\u00e3o&quot;","block_context":{"text":"Not\u00edcias de Ribeir\u00e3o Preto-SP e Regi\u00e3o","link":"https:\/\/noticiasribeiraopreto.com.br\/index.php\/category\/noticias-de-ribeirao-preto-sp-e-regiao-ismael-colosi\/"},"img":{"alt_text":"","src":"https:\/\/i0.wp.com\/noticiasribeiraopreto.com.br\/wp-content\/uploads\/2025\/12\/2019_27_09_aniversario_mercadao_alexandre_de_azevedo_097_2025-12-09_18-39-51.webp.webp?fit=1200%2C800&ssl=1&resize=350%2C200","width":350,"height":200,"srcset":"https:\/\/i0.wp.com\/noticiasribeiraopreto.com.br\/wp-content\/uploads\/2025\/12\/2019_27_09_aniversario_mercadao_alexandre_de_azevedo_097_2025-12-09_18-39-51.webp.webp?fit=1200%2C800&ssl=1&resize=350%2C200 1x, https:\/\/i0.wp.com\/noticiasribeiraopreto.com.br\/wp-content\/uploads\/2025\/12\/2019_27_09_aniversario_mercadao_alexandre_de_azevedo_097_2025-12-09_18-39-51.webp.webp?fit=1200%2C800&ssl=1&resize=525%2C300 1.5x, https:\/\/i0.wp.com\/noticiasribeiraopreto.com.br\/wp-content\/uploads\/2025\/12\/2019_27_09_aniversario_mercadao_alexandre_de_azevedo_097_2025-12-09_18-39-51.webp.webp?fit=1200%2C800&ssl=1&resize=700%2C400 2x, https:\/\/i0.wp.com\/noticiasribeiraopreto.com.br\/wp-content\/uploads\/2025\/12\/2019_27_09_aniversario_mercadao_alexandre_de_azevedo_097_2025-12-09_18-39-51.webp.webp?fit=1200%2C800&ssl=1&resize=1050%2C600 3x"},"classes":[]},{"id":22192,"url":"https:\/\/noticiasribeiraopreto.com.br\/index.php\/2023\/12\/29\/mercadao-de-ribeirao-tem-horario-especial-neste-final-de-semana-veja-como-fica\/","url_meta":{"origin":81294,"position":1},"title":"Mercad\u00e3o de Ribeir\u00e3o tem hor\u00e1rio especial neste final de semana; Veja como fica","author":"noticiasribeiraopreto.com.br","date":"29 de December de 2023","format":false,"excerpt":"O Mercad\u00e3o Central de Ribeir\u00e3o Preto informou que, devido \u00e0s celebra\u00e7\u00f5es de ano novo, o hor\u00e1rio de atendimento ao p\u00fablico foi alterado neste \u00faltimo final de semana de 2023. Um dos mais movimentados pontos de com\u00e9rcio da cidade, o mercad\u00e3o est\u00e1 localizado no quadril\u00e1tero entre as ruas S\u00e3o Sebasti\u00e3o, Jos\u00e9\u2026","rel":"","context":"In &quot;Not\u00edcias de Ribeir\u00e3o Preto-SP e Regi\u00e3o&quot;","block_context":{"text":"Not\u00edcias de Ribeir\u00e3o Preto-SP e Regi\u00e3o","link":"https:\/\/noticiasribeiraopreto.com.br\/index.php\/category\/noticias-de-ribeirao-preto-sp-e-regiao-ismael-colosi\/"},"img":{"alt_text":"","src":"https:\/\/i0.wp.com\/noticiasribeiraopreto.com.br\/wp-content\/uploads\/2023\/12\/2019_27_09_aniversario_mercadao_alexandre_de_azevedo_097.jpg?fit=1200%2C800&ssl=1&resize=350%2C200","width":350,"height":200,"srcset":"https:\/\/i0.wp.com\/noticiasribeiraopreto.com.br\/wp-content\/uploads\/2023\/12\/2019_27_09_aniversario_mercadao_alexandre_de_azevedo_097.jpg?fit=1200%2C800&ssl=1&resize=350%2C200 1x, https:\/\/i0.wp.com\/noticiasribeiraopreto.com.br\/wp-content\/uploads\/2023\/12\/2019_27_09_aniversario_mercadao_alexandre_de_azevedo_097.jpg?fit=1200%2C800&ssl=1&resize=525%2C300 1.5x, https:\/\/i0.wp.com\/noticiasribeiraopreto.com.br\/wp-content\/uploads\/2023\/12\/2019_27_09_aniversario_mercadao_alexandre_de_azevedo_097.jpg?fit=1200%2C800&ssl=1&resize=700%2C400 2x, https:\/\/i0.wp.com\/noticiasribeiraopreto.com.br\/wp-content\/uploads\/2023\/12\/2019_27_09_aniversario_mercadao_alexandre_de_azevedo_097.jpg?fit=1200%2C800&ssl=1&resize=1050%2C600 3x"},"classes":[]},{"id":44431,"url":"https:\/\/noticiasribeiraopreto.com.br\/index.php\/2024\/03\/27\/mercadao-de-ribeirao-estende-horario-de-funcionamento-na-semana-santa-veja-como-fica\/","url_meta":{"origin":81294,"position":2},"title":"Mercad\u00e3o de Ribeir\u00e3o estende hor\u00e1rio de funcionamento na Semana Santa; Veja como fica","author":"noticiasribeiraopreto.com.br","date":"27 de March de 2024","format":false,"excerpt":"O Mercad\u00e3o Central de Ribeir\u00e3o Preto estendeu o hor\u00e1rio de funcionamento, nesta quarta (27) e quinta-feira (28), devido \u00e0 alta procura de peixes para o card\u00e1pio da Sexta-feira Santa. O local \u00e9 um dos pontos mais movimentados da cidade nesta \u00e9poca e est\u00e1 localizado no quadril\u00e1tero entre as ruas S\u00e3o\u2026","rel":"","context":"In &quot;Not\u00edcias de Ribeir\u00e3o Preto-SP e Regi\u00e3o&quot;","block_context":{"text":"Not\u00edcias de Ribeir\u00e3o Preto-SP e Regi\u00e3o","link":"https:\/\/noticiasribeiraopreto.com.br\/index.php\/category\/noticias-de-ribeirao-preto-sp-e-regiao-ismael-colosi\/"},"img":{"alt_text":"","src":"https:\/\/i0.wp.com\/noticiasribeiraopreto.com.br\/wp-content\/uploads\/2024\/03\/2019_27_09_aniversario_mercadao_alexandre_de_azevedo_097.jpg?fit=1200%2C800&ssl=1&resize=350%2C200","width":350,"height":200,"srcset":"https:\/\/i0.wp.com\/noticiasribeiraopreto.com.br\/wp-content\/uploads\/2024\/03\/2019_27_09_aniversario_mercadao_alexandre_de_azevedo_097.jpg?fit=1200%2C800&ssl=1&resize=350%2C200 1x, https:\/\/i0.wp.com\/noticiasribeiraopreto.com.br\/wp-content\/uploads\/2024\/03\/2019_27_09_aniversario_mercadao_alexandre_de_azevedo_097.jpg?fit=1200%2C800&ssl=1&resize=525%2C300 1.5x, https:\/\/i0.wp.com\/noticiasribeiraopreto.com.br\/wp-content\/uploads\/2024\/03\/2019_27_09_aniversario_mercadao_alexandre_de_azevedo_097.jpg?fit=1200%2C800&ssl=1&resize=700%2C400 2x, https:\/\/i0.wp.com\/noticiasribeiraopreto.com.br\/wp-content\/uploads\/2024\/03\/2019_27_09_aniversario_mercadao_alexandre_de_azevedo_097.jpg?fit=1200%2C800&ssl=1&resize=1050%2C600 3x"},"classes":[]},{"id":61311,"url":"https:\/\/noticiasribeiraopreto.com.br\/index.php\/2024\/12\/09\/mercadao-de-ribeirao-preto-anuncia-horarios-especiais-de-fim-de-ano-confira\/","url_meta":{"origin":81294,"position":3},"title":"Mercad\u00e3o de Ribeir\u00e3o Preto anuncia hor\u00e1rios especiais de fim de ano; Confira","author":"noticiasribeiraopreto.com.br","date":"9 de December de 2024","format":false,"excerpt":"A partir deste final de semana, o Mercad\u00e3o Central de Ribeir\u00e3o Preto estar\u00e1 funcionando em hor\u00e1rio especial para atender os consumidores nas compras de fim de ano. O local \u00e9 um dos pontos de com\u00e9rcio mais movimentados da cidade e est\u00e1 localizado no quadril\u00e1tero entre as ruas S\u00e3o Sebasti\u00e3o, Jos\u00e9\u2026","rel":"","context":"In &quot;Not\u00edcias de Ribeir\u00e3o Preto-SP e Regi\u00e3o&quot;","block_context":{"text":"Not\u00edcias de Ribeir\u00e3o Preto-SP e Regi\u00e3o","link":"https:\/\/noticiasribeiraopreto.com.br\/index.php\/category\/noticias-de-ribeirao-preto-sp-e-regiao-ismael-colosi\/"},"img":{"alt_text":"","src":"https:\/\/i0.wp.com\/noticiasribeiraopreto.com.br\/wp-content\/uploads\/2024\/12\/2019_27_09_aniversario_mercadao_alexandre_de_azevedo_097.jpg?fit=1200%2C800&ssl=1&resize=350%2C200","width":350,"height":200,"srcset":"https:\/\/i0.wp.com\/noticiasribeiraopreto.com.br\/wp-content\/uploads\/2024\/12\/2019_27_09_aniversario_mercadao_alexandre_de_azevedo_097.jpg?fit=1200%2C800&ssl=1&resize=350%2C200 1x, https:\/\/i0.wp.com\/noticiasribeiraopreto.com.br\/wp-content\/uploads\/2024\/12\/2019_27_09_aniversario_mercadao_alexandre_de_azevedo_097.jpg?fit=1200%2C800&ssl=1&resize=525%2C300 1.5x, https:\/\/i0.wp.com\/noticiasribeiraopreto.com.br\/wp-content\/uploads\/2024\/12\/2019_27_09_aniversario_mercadao_alexandre_de_azevedo_097.jpg?fit=1200%2C800&ssl=1&resize=700%2C400 2x, https:\/\/i0.wp.com\/noticiasribeiraopreto.com.br\/wp-content\/uploads\/2024\/12\/2019_27_09_aniversario_mercadao_alexandre_de_azevedo_097.jpg?fit=1200%2C800&ssl=1&resize=1050%2C600 3x"},"classes":[]},{"id":80670,"url":"https:\/\/noticiasribeiraopreto.com.br\/index.php\/2025\/12\/10\/confira-os-horarios-especiais-de-fim-de-ano-do-mercadao-central-de-ribeirao\/","url_meta":{"origin":81294,"position":4},"title":"Confira os hor\u00e1rios especiais de fim de ano do Mercad\u00e3o Central de Ribeir\u00e3o","author":"noticiasribeiraopreto.com.br","date":"10 de December de 2025","format":false,"excerpt":"O Mercad\u00e3o Central de Ribeir\u00e3o Preto anunciou os hor\u00e1rios especiais para atender os consumidores nas compras de fim de ano, a partir desse final de semana. O local \u00e9 um dos pontos de com\u00e9rcio mais movimentados da cidade e est\u00e1 localizado no quadril\u00e1tero entre as ruas S\u00e3o Sebasti\u00e3o, Jos\u00e9 Bonif\u00e1cio,\u2026","rel":"","context":"In &quot;Not\u00edcias de Ribeir\u00e3o Preto-SP e Regi\u00e3o&quot;","block_context":{"text":"Not\u00edcias de Ribeir\u00e3o Preto-SP e Regi\u00e3o","link":"https:\/\/noticiasribeiraopreto.com.br\/index.php\/category\/noticias-de-ribeirao-preto-sp-e-regiao-ismael-colosi\/"},"img":{"alt_text":"","src":"https:\/\/i0.wp.com\/noticiasribeiraopreto.com.br\/wp-content\/uploads\/2025\/12\/2019_27_09_aniversario_mercadao_alexandre_de_azevedo_097_2025-12-09_18-39-51.webp.webp?fit=1200%2C800&ssl=1&resize=350%2C200","width":350,"height":200,"srcset":"https:\/\/i0.wp.com\/noticiasribeiraopreto.com.br\/wp-content\/uploads\/2025\/12\/2019_27_09_aniversario_mercadao_alexandre_de_azevedo_097_2025-12-09_18-39-51.webp.webp?fit=1200%2C800&ssl=1&resize=350%2C200 1x, https:\/\/i0.wp.com\/noticiasribeiraopreto.com.br\/wp-content\/uploads\/2025\/12\/2019_27_09_aniversario_mercadao_alexandre_de_azevedo_097_2025-12-09_18-39-51.webp.webp?fit=1200%2C800&ssl=1&resize=525%2C300 1.5x, https:\/\/i0.wp.com\/noticiasribeiraopreto.com.br\/wp-content\/uploads\/2025\/12\/2019_27_09_aniversario_mercadao_alexandre_de_azevedo_097_2025-12-09_18-39-51.webp.webp?fit=1200%2C800&ssl=1&resize=700%2C400 2x, https:\/\/i0.wp.com\/noticiasribeiraopreto.com.br\/wp-content\/uploads\/2025\/12\/2019_27_09_aniversario_mercadao_alexandre_de_azevedo_097_2025-12-09_18-39-51.webp.webp?fit=1200%2C800&ssl=1&resize=1050%2C600 3x"},"classes":[]},{"id":61809,"url":"https:\/\/noticiasribeiraopreto.com.br\/index.php\/2024\/12\/23\/compras-de-natal-confira-os-horarios-do-comercio-no-centro-de-ribeirao-preto\/","url_meta":{"origin":81294,"position":5},"title":"Compras de Natal: Confira os hor\u00e1rios do com\u00e9rcio no Centro de Ribeir\u00e3o Preto","author":"noticiasribeiraopreto.com.br","date":"23 de December de 2024","format":false,"excerpt":"O com\u00e9rcio de rua de Ribeir\u00e3o Preto tem os \u00faltimos dias com hor\u00e1rios especiais de funcionamento para as compras de Natal.\u00a0Veja como ser\u00e1 o atendimento nesta segunda-feira (23) e ter\u00e7a-feira (24): Com\u00e9rcio tradicional Segunda-feira (23) 9h \u00e0s 22h Ter\u00e7a-feira (24) 9h \u00e0s 18h Quarta-feira (25) Fechado Mercad\u00e3o Central Segunda-feira (23)\u2026","rel":"","context":"In &quot;Not\u00edcias de Ribeir\u00e3o Preto-SP e Regi\u00e3o&quot;","block_context":{"text":"Not\u00edcias de Ribeir\u00e3o Preto-SP e Regi\u00e3o","link":"https:\/\/noticiasribeiraopreto.com.br\/index.php\/category\/noticias-de-ribeirao-preto-sp-e-regiao-ismael-colosi\/"},"img":{"alt_text":"","src":"https:\/\/i0.wp.com\/noticiasribeiraopreto.com.br\/wp-content\/uploads\/2024\/12\/CALCADAO_2024-06-18_13-51-25_jpg_2024-06-18_13-51-25.webp.webp?fit=1200%2C756&ssl=1&resize=350%2C200","width":350,"height":200,"srcset":"https:\/\/i0.wp.com\/noticiasribeiraopreto.com.br\/wp-content\/uploads\/2024\/12\/CALCADAO_2024-06-18_13-51-25_jpg_2024-06-18_13-51-25.webp.webp?fit=1200%2C756&ssl=1&resize=350%2C200 1x, https:\/\/i0.wp.com\/noticiasribeiraopreto.com.br\/wp-content\/uploads\/2024\/12\/CALCADAO_2024-06-18_13-51-25_jpg_2024-06-18_13-51-25.webp.webp?fit=1200%2C756&ssl=1&resize=525%2C300 1.5x, https:\/\/i0.wp.com\/noticiasribeiraopreto.com.br\/wp-content\/uploads\/2024\/12\/CALCADAO_2024-06-18_13-51-25_jpg_2024-06-18_13-51-25.webp.webp?fit=1200%2C756&ssl=1&resize=700%2C400 2x, https:\/\/i0.wp.com\/noticiasribeiraopreto.com.br\/wp-content\/uploads\/2024\/12\/CALCADAO_2024-06-18_13-51-25_jpg_2024-06-18_13-51-25.webp.webp?fit=1200%2C756&ssl=1&resize=1050%2C600 3x"},"classes":[]}],"jetpack_sharing_enabled":true,"jetpack_shortlink":"https:\/\/wp.me\/peQAOb-l9c","_links":{"self":[{"href":"https:\/\/noticiasribeiraopreto.com.br\/index.php\/wp-json\/wp\/v2\/posts\/81294","targetHints":{"allow":["GET"]}}],"collection":[{"href":"https:\/\/noticiasribeiraopreto.com.br\/index.php\/wp-json\/wp\/v2\/posts"}],"about":[{"href":"https:\/\/noticiasribeiraopreto.com.br\/index.php\/wp-json\/wp\/v2\/types\/post"}],"author":[{"embeddable":true,"href":"https:\/\/noticiasribeiraopreto.com.br\/index.php\/wp-json\/wp\/v2\/users\/1"}],"replies":[{"embeddable":true,"href":"https:\/\/noticiasribeiraopreto.com.br\/index.php\/wp-json\/wp\/v2\/comments?post=81294"}],"version-history":[{"count":0,"href":"https:\/\/noticiasribeiraopreto.com.br\/index.php\/wp-json\/wp\/v2\/posts\/81294\/revisions"}],"wp:featuredmedia":[{"embeddable":true,"href":"https:\/\/noticiasribeiraopreto.com.br\/index.php\/wp-json\/wp\/v2\/media\/80671"}],"wp:attachment":[{"href":"https:\/\/noticiasribeiraopreto.com.br\/index.php\/wp-json\/wp\/v2\/media?parent=81294"}],"wp:term":[{"taxonomy":"category","embeddable":true,"href":"https:\/\/noticiasribeiraopreto.com.br\/index.php\/wp-json\/wp\/v2\/categories?post=81294"},{"taxonomy":"post_tag","embeddable":true,"href":"https:\/\/noticiasribeiraopreto.com.br\/index.php\/wp-json\/wp\/v2\/tags?post=81294"}],"curies":[{"name":"wp","href":"https:\/\/api.w.org\/{rel}","templated":true}]}}