{"id":81295,"date":"2025-12-31T09:52:00","date_gmt":"2025-12-31T12:52:00","guid":{"rendered":"https:\/\/noticiasribeiraopreto.com.br\/index.php\/2025\/12\/31\/consumo-de-agua-em-ribeirao-aumentou-cerca-de-30-nos-ultimos-dias\/"},"modified":"2025-12-31T09:52:00","modified_gmt":"2025-12-31T12:52:00","slug":"consumo-de-agua-em-ribeirao-aumentou-cerca-de-30-nos-ultimos-dias","status":"publish","type":"post","link":"https:\/\/noticiasribeiraopreto.com.br\/index.php\/2025\/12\/31\/consumo-de-agua-em-ribeirao-aumentou-cerca-de-30-nos-ultimos-dias\/","title":{"rendered":"Consumo de \u00e1gua em Ribeir\u00e3o aumentou cerca de 30% nos \u00faltimos dias"},"content":{"rendered":"<div class='code-block code-block-1' style='margin: 8px 0 8px auto; text-align: right; display: block; clear: both;'>\n<p><a href=\"https:\/\/wa.link\/vpicfd\"><img data-recalc-dims=\"1\" class=\"wp-image-4922\" style=\"aspect-ratio: 2.0253164556962027; width: 561px; height: auto;\" src=\"https:\/\/i0.wp.com\/ismaelcolosi.com.br\/wp-content\/uploads\/2023\/11\/grupo-de-empregos-whatsapp-e-facebook-ismael-colosi-vagas.jpg?ssl=1\" alt=\"\" \/><\/a><\/p>\n<!-- \/wp:image -->\n<\/div>\n<p> <br \/>\n<\/p>\n<div>\n<p><em>Plano preventivo refor\u00e7a o monitoramento dos po\u00e7os e coloca equipes de plant\u00e3o 24 horas; consumo de \u00e1gua em Ribeir\u00e3o Preto aumentou cerca de 30%<\/em><\/p>\n<p>Para enfrentar o forte calor e o aumento no consumo de \u00e1gua com as festas de fim de ano, a Saerp (Secretaria de \u00c1gua e Esgoto de Ribeir\u00e3o Preto) implantou um plano operacional especial. O objetivo \u00e9 evitar falhas no abastecimento e, caso ocorra algum problema, como quedas de energia ou dano em equipamentos, o reparo seja feito no menor tempo poss\u00edvel.<\/p>\n<p>Dados da Secretaria apontam que entre os dias 23 e 27 de dezembro, o consumo de \u00e1gua em Ribeir\u00e3o Preto aumentou aproximadamente 30%, conforme levantamento da Saerp. Esse pico de demanda impactou diretamente o sistema, fazendo com que os reservat\u00f3rios Parque Ribeir\u00e3o Preto, Planalto Verde, Jardim Sumar\u00e9, Seme Cury, Parque S\u00e3o Sebasti\u00e3o, Parque dos Lagos, Alexandre Balbo, Kaiser e Monteiro Lobato apresentassem redu\u00e7\u00e3o acentuada nos n\u00edveis de reserva\u00e7\u00e3o. Foi justamente nestas regi\u00f5es onde se concentrou a maior incid\u00eancia de falta d\u2019\u00e1gua no per\u00edodo.<\/p>\n<div dir=\"auto\">A for\u00e7a-tarefa come\u00e7ou na ter\u00e7a-feira, 30 de dezembro e seguem at\u00e9 o dia 3 de janeiro de 2026. Entre as principais a\u00e7\u00f5es, a Saerp disponibilizou funcion\u00e1rios para ficarem fixos nas unidades de abastecimento mais complexas, principalmente durante a noite, garantindo que qualquer altera\u00e7\u00e3o no sistema seja corrigida na hora. Al\u00e9m disso, um operador exclusivo percorrer\u00e1 a cidade em rotas planejadas para fiscalizar o funcionamento das bombas e reservat\u00f3rios.<\/p>\n<figure id=\"attachment_450730\" aria-describedby=\"caption-attachment-450730\" style=\"width: 367px\" class=\"wp-caption alignright\"><img data-recalc-dims=\"1\" loading=\"lazy\" decoding=\"async\" class=\"wp-image-450730 lazyload\" src=\"https:\/\/i0.wp.com\/www.tribunaribeirao.com.br\/wp-content\/uploads\/2025\/12\/IMG-20251231-WA0002-300x169.jpg?resize=367%2C207&#038;ssl=1\" alt=\"\" width=\"367\" height=\"207\" srcset=\"https:\/\/www.tribunaribeirao.com.br\/wp-content\/uploads\/2025\/12\/IMG-20251231-WA0002-300x169.jpg 300w, https:\/\/www.tribunaribeirao.com.br\/wp-content\/uploads\/2025\/12\/IMG-20251231-WA0002-768x433.jpg 768w, https:\/\/www.tribunaribeirao.com.br\/wp-content\/uploads\/2025\/12\/IMG-20251231-WA0002-710x400.jpg 710w, https:\/\/www.tribunaribeirao.com.br\/wp-content\/uploads\/2025\/12\/IMG-20251231-WA0002-585x330.jpg 585w, https:\/\/www.tribunaribeirao.com.br\/wp-content\/uploads\/2025\/12\/IMG-20251231-WA0002.jpg 900w\" data-sizes=\"(max-width: 367px) 100vw, 367px\" style=\"--smush-placeholder-width: 367px; --smush-placeholder-aspect-ratio: 367\/207;\"\/><figcaption id=\"caption-attachment-450730\" class=\"wp-caption-text\">Equipes estar\u00e3o de plant\u00e3o nesta quarta e nos pr\u00f3ximos dias (Divulga\u00e7\u00e3o)<\/figcaption><\/figure>\n<\/div>\n<p>A Saerp tamb\u00e9m refor\u00e7ou o sistema de seguran\u00e7a, utilizando c\u00e2meras e sistemas de controle para monitorar a press\u00e3o e o n\u00edvel da \u00e1gua em tempo real. As equipes de eletricistas e mec\u00e2nicos de bombas est\u00e3o de prontid\u00e3o em regime de plant\u00e3o para atender emerg\u00eancias a qualquer momento.<\/p>\n<p>Outra prioridade do plano \u00e9 a agilidade nos ajustes hidr\u00e1ulicos. Se algum bairro registrar falta d\u2019\u00e1gua, o sistema ser\u00e1 ajustado rapidamente para levar \u00e1gua e retomar o bombeamento o quanto antes. Com essa organiza\u00e7\u00e3o e o monitoramento constante, a Secretaria busca dar mais tranquilidade para a popula\u00e7\u00e3o de Ribeir\u00e3o Preto durante este per\u00edodo.<\/p>\n<p>\u00c9 importante informar que, o consumo de \u00e1gua na cidade \u00e9 maior do que a m\u00e9dia nacional. Enquanto no pa\u00eds, cada habitante consome a m\u00e9dia de 150 litros por dia, de acordo com a ONU (Organiza\u00e7\u00e3o das Na\u00e7\u00f5es Unidas), em Ribeir\u00e3o Preto o consumo \u00e9 de mais de 290 litros diariamente. Durante o per\u00edodo de altas temperaturas, naturalmente o consumo aumenta, como constatado no levantamento da Saerp. Diante disso, a popula\u00e7\u00e3o tamb\u00e9m pode contribuir com o uso consciente da \u00e1gua. Fechar a torneira enquanto escovar os dentes, reduzir o uso da mangueira para limpar a casa ou carro, reutilizar a \u00e1gua da m\u00e1quina de lavar para a limpeza dom\u00e9stica, s\u00e3o exemplos de medidas simples que podem ajudar na redu\u00e7\u00e3o do consumo, e consequentemente, na redu\u00e7\u00e3o da falta d\u00b4\u00e1gua.<\/p>\n<p>A Saerp ressalta que, em casos de falta d\u00b4\u00e1gua, o mun\u00edcipe pode solicitar atendimento por meio do telefone 0800 115 0 115 que funciona 24h por dia.<\/p>\n<\/div>\n<p><br \/>\n<br \/><a href=\"https:\/\/www.tribunaribeirao.com.br\/consumo-de-agua-em-ribeirao-aumentou-cerca-de-30-nos-ultimos-dias\/\">Source link <\/a><\/p>\n<!-- CONTENT END 1 -->\n","protected":false},"excerpt":{"rendered":"<p>Plano preventivo refor\u00e7a o monitoramento dos po\u00e7os e coloca equipes de plant\u00e3o 24 horas; consumo de \u00e1gua em Ribeir\u00e3o Preto aumentou cerca de 30% Para&#8230;<\/p>\n","protected":false},"author":1,"featured_media":81296,"comment_status":"open","ping_status":"open","sticky":false,"template":"","format":"standard","meta":{"advanced_seo_description":"","jetpack_seo_html_title":"","jetpack_seo_noindex":false,"jetpack_post_was_ever_published":false,"_jetpack_newsletter_access":"","_jetpack_dont_email_post_to_subs":false,"_jetpack_newsletter_tier_id":0,"_jetpack_memberships_contains_paywalled_content":false,"_jetpack_memberships_contains_paid_content":false,"footnotes":"","jetpack_publicize_message":"","jetpack_publicize_feature_enabled":true,"jetpack_social_post_already_shared":true,"jetpack_social_options":{"image_generator_settings":{"template":"highway","default_image_id":0,"font":"","enabled":false},"version":2}},"categories":[11],"tags":[],"class_list":["post-81295","post","type-post","status-publish","format-standard","has-post-thumbnail","hentry","category-noticias-de-ribeirao-preto-sp-e-regiao-ismael-colosi"],"jetpack_publicize_connections":[],"jetpack_featured_media_url":"https:\/\/i0.wp.com\/noticiasribeiraopreto.com.br\/wp-content\/uploads\/2025\/12\/IMG-20251231-WA0001-scaled.jpg?fit=1200%2C675&ssl=1","jetpack-related-posts":[{"id":2825,"url":"https:\/\/noticiasribeiraopreto.com.br\/index.php\/2023\/11\/16\/saerp-pede-reducao-imediata-no-consumo-de-agua-em-ribeirao-entenda-a-situacao\/","url_meta":{"origin":81295,"position":0},"title":"Saerp pede redu\u00e7\u00e3o imediata no consumo de \u00e1gua em Ribeir\u00e3o; Entenda a situa\u00e7\u00e3o","author":"noticiasribeiraopreto.com.br","date":"16 de November de 2023","format":false,"excerpt":"A Saerp (Secretaria de \u00c1gua e Esgoto de Ribeir\u00e3o Preto) divulgou um comunicado, nesta quinta-feira (16), pedindo para que a popula\u00e7\u00e3o reduza o consumo de \u00e1gua e adote medidas de reaproveitamento imediatamente. O comunicado diz que \u201ca cidade \u00e9 abastecida unicamente pela \u00e1gua retirada do Aqu\u00edfero Guarani, sendo sua recarga\u2026","rel":"","context":"In &quot;Not\u00edcias de Ribeir\u00e3o Preto-SP e Regi\u00e3o&quot;","block_context":{"text":"Not\u00edcias de Ribeir\u00e3o Preto-SP e Regi\u00e3o","link":"https:\/\/noticiasribeiraopreto.com.br\/index.php\/category\/noticias-de-ribeirao-preto-sp-e-regiao-ismael-colosi\/"},"img":{"alt_text":"","src":"https:\/\/i0.wp.com\/noticiasribeiraopreto.com.br\/wp-content\/uploads\/2023\/11\/torneira.jpg?fit=1200%2C801&ssl=1&resize=350%2C200","width":350,"height":200,"srcset":"https:\/\/i0.wp.com\/noticiasribeiraopreto.com.br\/wp-content\/uploads\/2023\/11\/torneira.jpg?fit=1200%2C801&ssl=1&resize=350%2C200 1x, https:\/\/i0.wp.com\/noticiasribeiraopreto.com.br\/wp-content\/uploads\/2023\/11\/torneira.jpg?fit=1200%2C801&ssl=1&resize=525%2C300 1.5x, https:\/\/i0.wp.com\/noticiasribeiraopreto.com.br\/wp-content\/uploads\/2023\/11\/torneira.jpg?fit=1200%2C801&ssl=1&resize=700%2C400 2x, https:\/\/i0.wp.com\/noticiasribeiraopreto.com.br\/wp-content\/uploads\/2023\/11\/torneira.jpg?fit=1200%2C801&ssl=1&resize=1050%2C600 3x"},"classes":[]},{"id":57400,"url":"https:\/\/noticiasribeiraopreto.com.br\/index.php\/2024\/08\/30\/saerp-alerta-para-uso-consciente-da-agua-em-ribeirao-preto-durante-onda-de-calor\/","url_meta":{"origin":81295,"position":1},"title":"Saerp alerta para uso consciente da \u00e1gua em Ribeir\u00e3o Preto durante onda de calor","author":"noticiasribeiraopreto.com.br","date":"30 de August de 2024","format":false,"excerpt":"Devido \u00e0 previs\u00e3o de altas temperaturas nos pr\u00f3ximos dias, a Secretaria de \u00c1gua e Esgoto de Ribeir\u00e3o Preto (Saerp) emitiu um alerta, nesta sexta-feira (30), para o uso consciente de \u00e1gua no munic\u00edpio durante a nova onda de calor. Conforme o \u00f3rg\u00e3o, o comunicado busca auxiliar a popula\u00e7\u00e3o a evitar\u2026","rel":"","context":"In &quot;Not\u00edcias de Ribeir\u00e3o Preto-SP e Regi\u00e3o&quot;","block_context":{"text":"Not\u00edcias de Ribeir\u00e3o Preto-SP e Regi\u00e3o","link":"https:\/\/noticiasribeiraopreto.com.br\/index.php\/category\/noticias-de-ribeirao-preto-sp-e-regiao-ismael-colosi\/"},"img":{"alt_text":"","src":"https:\/\/i0.wp.com\/noticiasribeiraopreto.com.br\/wp-content\/uploads\/2024\/07\/torneira-agua_2024-07-22_12-45-42_jpg_2024-07-22_12-45-42.webp.webp?fit=1170%2C700&ssl=1&resize=350%2C200","width":350,"height":200,"srcset":"https:\/\/i0.wp.com\/noticiasribeiraopreto.com.br\/wp-content\/uploads\/2024\/07\/torneira-agua_2024-07-22_12-45-42_jpg_2024-07-22_12-45-42.webp.webp?fit=1170%2C700&ssl=1&resize=350%2C200 1x, https:\/\/i0.wp.com\/noticiasribeiraopreto.com.br\/wp-content\/uploads\/2024\/07\/torneira-agua_2024-07-22_12-45-42_jpg_2024-07-22_12-45-42.webp.webp?fit=1170%2C700&ssl=1&resize=525%2C300 1.5x, https:\/\/i0.wp.com\/noticiasribeiraopreto.com.br\/wp-content\/uploads\/2024\/07\/torneira-agua_2024-07-22_12-45-42_jpg_2024-07-22_12-45-42.webp.webp?fit=1170%2C700&ssl=1&resize=700%2C400 2x, https:\/\/i0.wp.com\/noticiasribeiraopreto.com.br\/wp-content\/uploads\/2024\/07\/torneira-agua_2024-07-22_12-45-42_jpg_2024-07-22_12-45-42.webp.webp?fit=1170%2C700&ssl=1&resize=1050%2C600 3x"},"classes":[]},{"id":81311,"url":"https:\/\/noticiasribeiraopreto.com.br\/index.php\/2026\/01\/01\/ribeirao-preto-tem-forca-tarefa-para-evitar-falta-dagua-durante-festas-de-fim-de-ano\/","url_meta":{"origin":81295,"position":2},"title":"Ribeir\u00e3o Preto tem for\u00e7a-tarefa para evitar falta d\u2019\u00e1gua durante festas de fim de ano","author":"noticiasribeiraopreto.com.br","date":"1 de January de 2026","format":false,"excerpt":"Para enfrentar o aumento do consumo de \u00e1gua nas festas de fim de ano e o calor intenso, a Saerp (Secretaria de \u00c1gua e Esgoto de Ribeir\u00e3o Preto) montou um plano operacional especial. O objetivo \u00e9 evitar interrup\u00e7\u00f5es no abastecimento e garantir reparos r\u00e1pidos em caso de problemas no sistema.\u2026","rel":"","context":"In &quot;Not\u00edcias de Ribeir\u00e3o Preto-SP e Regi\u00e3o&quot;","block_context":{"text":"Not\u00edcias de Ribeir\u00e3o Preto-SP e Regi\u00e3o","link":"https:\/\/noticiasribeiraopreto.com.br\/index.php\/category\/noticias-de-ribeirao-preto-sp-e-regiao-ismael-colosi\/"},"img":{"alt_text":"","src":"https:\/\/i0.wp.com\/noticiasribeiraopreto.com.br\/wp-content\/uploads\/2026\/01\/Imagem-do-WhatsApp-de-2025-12-31-as-09.37.52_db67b77f_2025-12-31_14-12-03.webp.webp?fit=1200%2C675&ssl=1&resize=350%2C200","width":350,"height":200,"srcset":"https:\/\/i0.wp.com\/noticiasribeiraopreto.com.br\/wp-content\/uploads\/2026\/01\/Imagem-do-WhatsApp-de-2025-12-31-as-09.37.52_db67b77f_2025-12-31_14-12-03.webp.webp?fit=1200%2C675&ssl=1&resize=350%2C200 1x, https:\/\/i0.wp.com\/noticiasribeiraopreto.com.br\/wp-content\/uploads\/2026\/01\/Imagem-do-WhatsApp-de-2025-12-31-as-09.37.52_db67b77f_2025-12-31_14-12-03.webp.webp?fit=1200%2C675&ssl=1&resize=525%2C300 1.5x, https:\/\/i0.wp.com\/noticiasribeiraopreto.com.br\/wp-content\/uploads\/2026\/01\/Imagem-do-WhatsApp-de-2025-12-31-as-09.37.52_db67b77f_2025-12-31_14-12-03.webp.webp?fit=1200%2C675&ssl=1&resize=700%2C400 2x, https:\/\/i0.wp.com\/noticiasribeiraopreto.com.br\/wp-content\/uploads\/2026\/01\/Imagem-do-WhatsApp-de-2025-12-31-as-09.37.52_db67b77f_2025-12-31_14-12-03.webp.webp?fit=1200%2C675&ssl=1&resize=1050%2C600 3x"},"classes":[]},{"id":42621,"url":"https:\/\/noticiasribeiraopreto.com.br\/index.php\/2024\/03\/15\/onda-de-calor-saerp-emite-alerta-para-uso-consciente-da-agua-em-ribeirao-preto\/","url_meta":{"origin":81295,"position":3},"title":"Onda de calor: Saerp emite alerta para uso consciente da \u00e1gua em Ribeir\u00e3o Preto","author":"noticiasribeiraopreto.com.br","date":"15 de March de 2024","format":false,"excerpt":"As temperaturas em Ribeir\u00e3o Preto devem continuar altas pelos pr\u00f3ximos dias, atingindo o seu \u00e1pice neste s\u00e1bado (16), devido \u00e0 onda de calor que atinge o Estado de S\u00e3o Paulo. Com a previs\u00e3o, a Saerp (Secretaria de \u00c1gua e Esgoto de Ribeir\u00e3o Preto), emitiu um alerta, nesta sexta-feira (15), sobre\u2026","rel":"","context":"In &quot;Not\u00edcias de Ribeir\u00e3o Preto-SP e Regi\u00e3o&quot;","block_context":{"text":"Not\u00edcias de Ribeir\u00e3o Preto-SP e Regi\u00e3o","link":"https:\/\/noticiasribeiraopreto.com.br\/index.php\/category\/noticias-de-ribeirao-preto-sp-e-regiao-ismael-colosi\/"},"img":{"alt_text":"","src":"https:\/\/i0.wp.com\/noticiasribeiraopreto.com.br\/wp-content\/uploads\/2024\/03\/agua_ribeirao_1024x576_11092020201540.jpg?fit=1024%2C576&ssl=1&resize=350%2C200","width":350,"height":200,"srcset":"https:\/\/i0.wp.com\/noticiasribeiraopreto.com.br\/wp-content\/uploads\/2024\/03\/agua_ribeirao_1024x576_11092020201540.jpg?fit=1024%2C576&ssl=1&resize=350%2C200 1x, https:\/\/i0.wp.com\/noticiasribeiraopreto.com.br\/wp-content\/uploads\/2024\/03\/agua_ribeirao_1024x576_11092020201540.jpg?fit=1024%2C576&ssl=1&resize=525%2C300 1.5x, https:\/\/i0.wp.com\/noticiasribeiraopreto.com.br\/wp-content\/uploads\/2024\/03\/agua_ribeirao_1024x576_11092020201540.jpg?fit=1024%2C576&ssl=1&resize=700%2C400 2x"},"classes":[]},{"id":2765,"url":"https:\/\/noticiasribeiraopreto.com.br\/index.php\/2023\/11\/16\/moradores-de-varias-regioes-de-ribeirao-preto-reclamam-de-falta-dagua\/","url_meta":{"origin":81295,"position":4},"title":"Moradores de v\u00e1rias regi\u00f5es de Ribeir\u00e3o Preto reclamam de falta d\u2019\u00e1gua","author":"noticiasribeiraopreto.com.br","date":"16 de November de 2023","format":false,"excerpt":"Moradores de diferentes regi\u00f5es de Ribeir\u00e3o Preto tem procurado o acidade on \u2013 por WhatsApp e redes sociais \u2013 para reclamar de falta d\u2019\u00e1gua e de intermit\u00eancia constante do abastecimento. S\u00e3o casos em todas as regi\u00f5es da cidade: Oeste, Leste, Norte, Sul e Centro. Uma postagem no Instagram do acidade\u2026","rel":"","context":"In &quot;Not\u00edcias de Ribeir\u00e3o Preto-SP e Regi\u00e3o&quot;","block_context":{"text":"Not\u00edcias de Ribeir\u00e3o Preto-SP e Regi\u00e3o","link":"https:\/\/noticiasribeiraopreto.com.br\/index.php\/category\/noticias-de-ribeirao-preto-sp-e-regiao-ismael-colosi\/"},"img":{"alt_text":"","src":"https:\/\/i0.wp.com\/noticiasribeiraopreto.com.br\/wp-content\/uploads\/2023\/11\/bathroom-1851566_1280.jpg?fit=1200%2C800&ssl=1&resize=350%2C200","width":350,"height":200,"srcset":"https:\/\/i0.wp.com\/noticiasribeiraopreto.com.br\/wp-content\/uploads\/2023\/11\/bathroom-1851566_1280.jpg?fit=1200%2C800&ssl=1&resize=350%2C200 1x, https:\/\/i0.wp.com\/noticiasribeiraopreto.com.br\/wp-content\/uploads\/2023\/11\/bathroom-1851566_1280.jpg?fit=1200%2C800&ssl=1&resize=525%2C300 1.5x, https:\/\/i0.wp.com\/noticiasribeiraopreto.com.br\/wp-content\/uploads\/2023\/11\/bathroom-1851566_1280.jpg?fit=1200%2C800&ssl=1&resize=700%2C400 2x, https:\/\/i0.wp.com\/noticiasribeiraopreto.com.br\/wp-content\/uploads\/2023\/11\/bathroom-1851566_1280.jpg?fit=1200%2C800&ssl=1&resize=1050%2C600 3x"},"classes":[]},{"id":1208,"url":"https:\/\/noticiasribeiraopreto.com.br\/index.php\/2023\/11\/10\/saerp-alerta-para-uso-consciente-de-agua-em-ribeirao-preto-durante-onda-de-calor\/","url_meta":{"origin":81295,"position":5},"title":"Saerp alerta para uso consciente de \u00e1gua em Ribeir\u00e3o Preto durante onda de calor","author":"noticiasribeiraopreto.com.br","date":"10 de November de 2023","format":false,"excerpt":"Devido \u00e0 previs\u00e3o de altas temperaturas nos pr\u00f3ximos dias, o Saerp (Servi\u00e7o de \u00c1gua e Esgoto em Ribeir\u00e3o Preto) emitiu um alerta, nesta sexta-feira (10), para o uso consciente de \u00e1gua no munic\u00edpio durante a onda de calor. De acordo com o \u00f3rg\u00e3o, o consumo de \u00e1gua se intensifica nesse\u2026","rel":"","context":"In &quot;Not\u00edcias de Ribeir\u00e3o Preto-SP e Regi\u00e3o&quot;","block_context":{"text":"Not\u00edcias de Ribeir\u00e3o Preto-SP e Regi\u00e3o","link":"https:\/\/noticiasribeiraopreto.com.br\/index.php\/category\/noticias-de-ribeirao-preto-sp-e-regiao-ismael-colosi\/"},"img":{"alt_text":"","src":"https:\/\/i0.wp.com\/noticiasribeiraopreto.com.br\/wp-content\/uploads\/2023\/11\/alerta_saerp_1-1024x683.png?fit=1024%2C683&ssl=1&resize=350%2C200","width":350,"height":200,"srcset":"https:\/\/i0.wp.com\/noticiasribeiraopreto.com.br\/wp-content\/uploads\/2023\/11\/alerta_saerp_1-1024x683.png?fit=1024%2C683&ssl=1&resize=350%2C200 1x, https:\/\/i0.wp.com\/noticiasribeiraopreto.com.br\/wp-content\/uploads\/2023\/11\/alerta_saerp_1-1024x683.png?fit=1024%2C683&ssl=1&resize=525%2C300 1.5x, https:\/\/i0.wp.com\/noticiasribeiraopreto.com.br\/wp-content\/uploads\/2023\/11\/alerta_saerp_1-1024x683.png?fit=1024%2C683&ssl=1&resize=700%2C400 2x"},"classes":[]}],"jetpack_sharing_enabled":true,"jetpack_shortlink":"https:\/\/wp.me\/peQAOb-l9d","_links":{"self":[{"href":"https:\/\/noticiasribeiraopreto.com.br\/index.php\/wp-json\/wp\/v2\/posts\/81295","targetHints":{"allow":["GET"]}}],"collection":[{"href":"https:\/\/noticiasribeiraopreto.com.br\/index.php\/wp-json\/wp\/v2\/posts"}],"about":[{"href":"https:\/\/noticiasribeiraopreto.com.br\/index.php\/wp-json\/wp\/v2\/types\/post"}],"author":[{"embeddable":true,"href":"https:\/\/noticiasribeiraopreto.com.br\/index.php\/wp-json\/wp\/v2\/users\/1"}],"replies":[{"embeddable":true,"href":"https:\/\/noticiasribeiraopreto.com.br\/index.php\/wp-json\/wp\/v2\/comments?post=81295"}],"version-history":[{"count":0,"href":"https:\/\/noticiasribeiraopreto.com.br\/index.php\/wp-json\/wp\/v2\/posts\/81295\/revisions"}],"wp:featuredmedia":[{"embeddable":true,"href":"https:\/\/noticiasribeiraopreto.com.br\/index.php\/wp-json\/wp\/v2\/media\/81296"}],"wp:attachment":[{"href":"https:\/\/noticiasribeiraopreto.com.br\/index.php\/wp-json\/wp\/v2\/media?parent=81295"}],"wp:term":[{"taxonomy":"category","embeddable":true,"href":"https:\/\/noticiasribeiraopreto.com.br\/index.php\/wp-json\/wp\/v2\/categories?post=81295"},{"taxonomy":"post_tag","embeddable":true,"href":"https:\/\/noticiasribeiraopreto.com.br\/index.php\/wp-json\/wp\/v2\/tags?post=81295"}],"curies":[{"name":"wp","href":"https:\/\/api.w.org\/{rel}","templated":true}]}}