{"id":81299,"date":"2025-12-31T16:34:32","date_gmt":"2025-12-31T19:34:32","guid":{"rendered":"https:\/\/noticiasribeiraopreto.com.br\/index.php\/2025\/12\/31\/policia-rodoviaria-prende-passageiro-procurado-pela-justica-em-franca\/"},"modified":"2025-12-31T16:34:32","modified_gmt":"2025-12-31T19:34:32","slug":"policia-rodoviaria-prende-passageiro-procurado-pela-justica-em-franca","status":"publish","type":"post","link":"https:\/\/noticiasribeiraopreto.com.br\/index.php\/2025\/12\/31\/policia-rodoviaria-prende-passageiro-procurado-pela-justica-em-franca\/","title":{"rendered":"Policia Rodovi\u00e1ria prende passageiro procurado pela justi\u00e7a em Franca"},"content":{"rendered":"<div class='code-block code-block-1' style='margin: 8px 0 8px auto; text-align: right; display: block; clear: both;'>\n<p><a href=\"https:\/\/wa.link\/vpicfd\"><img data-recalc-dims=\"1\" class=\"wp-image-4922\" style=\"aspect-ratio: 2.0253164556962027; width: 561px; height: auto;\" src=\"https:\/\/i0.wp.com\/ismaelcolosi.com.br\/wp-content\/uploads\/2023\/11\/grupo-de-empregos-whatsapp-e-facebook-ismael-colosi-vagas.jpg?ssl=1\" alt=\"\" \/><\/a><\/p>\n<!-- \/wp:image -->\n<\/div>\n<p> <br \/>\n<\/p>\n<div id=\"post-450828\">&#13;<br \/>\n&#13;<\/p>\n<header class=\"entry-header penci-entry-header penci-title-center\">&#13;<br \/>\n\t\t\t\t\t\t\t\t&#13;<\/p>\n<p>&#13;<br \/>\n\t\t\t\t\t\t\t\t\t<span class=\"entry-meta-item penci-posted-on\"><i class=\"fa fa-clock-o\"\/><time class=\"entry-date published\" datetime=\"2025-12-31T16:30:50-03:00\">31 de dezembro de 2025 16:30<\/time><time class=\"updated\" datetime=\"2025-12-31T16:20:29-03:00\">31 de dezembro de 2025 16:20<\/time><\/span><span class=\"entry-meta-item penci-post-countview\"\/>\t\t\t\t\t\t\t\t<\/p>\n<p><!-- .entry-meta -->&#13;<br \/>\n\t\t\t\t\t\t\t\t<span class=\"penci-social-buttons penci-social-share-footer\"><span class=\"penci-social-share-text\">Compartilhar<\/span><a href=\"#\" class=\"penci-post-like penci_post-meta_item  single-like-button penci-social-item like\" data-post_id=\"450828\" title=\"Like\" data-like=\"Like\" data-unlike=\"Unlike\"><i class=\"fa fa-thumbs-o-up\"\/><span class=\"penci-share-number\">0<\/span><\/a><i class=\"fa fa-facebook\"\/><a class=\"penci-social-item twitter\" target=\"_blank\" rel=\"noopener\" title=\"\" href=\"https:\/\/twitter.com\/intent\/tweet?text=Policia%20Rodovi\u00e1ria%20prende%20passageiro%20procurado%20pela%20justi\u00e7a%20em%20Franca%20-%20https:\/\/www.tribunaribeirao.com.br\/policia-rodoviaria-prende-passageiro-procurado-pela-justica-em-franca\/\"><i class=\"fa fa-twitter\"\/><\/a><i class=\"fa fa-linkedin\"\/><i class=\"fa fa-whatsapp\"\/><i class=\"fa fa-telegram\"\/><i class=\"fa fa-envelope\"\/><\/span>\t\t\t\t\t\t\t<\/header>\n<p><!-- .entry-header -->&#13;<\/p>\n<div class=\"penci-entry-content entry-content\">\n<p>Um homem, que era procurado pela justi\u00e7a, foi preso pela Pol\u00edcia Militar Rodovi\u00e1ria na noite desta ter\u00e7a-feira (30) em Franca. Segundo a 4\u00aa Companhia do 3\u00b0Batalh\u00e3o de Pol\u00edcia Rodovi\u00e1ria, a pris\u00e3o dele aconteceu durante a Opera\u00e7\u00e3o Alcoolemia realizada na cidade.<\/p>\n<p>As equipes policiais abordaram um ve\u00edculo ocupado por um motorista e um passageiro e ap\u00f3s a realiza\u00e7\u00e3o da busca pessoal e da vistoria veicular, nada de il\u00edcito foi encontrado, mas ao consultarem os documentos dos indiv\u00edduos, os policiais constataram a exist\u00eancia de um mandado de pris\u00e3o em aberto em desfavor do passageiro, com base no artigo 33 da Lei n\u00ba 11.343\/2006 (Lei de Drogas).<\/p>\n<p>Foi dada voz de pris\u00e3o ao passageiro e a ocorr\u00eancia foi apresentada na Central de Pol\u00edcia Judici\u00e1ria de Fran\u00e7a onde ficou a disposi\u00e7\u00e3o da justi\u00e7a.<\/p>\n<\/div>\n<p><!-- .entry-content -->&#13;<br \/>\n&#13;<\/p>\n<footer class=\"penci-entry-footer\">&#13;<br \/>\n\t\t\t\t\t\t\t\t<span class=\"penci-social-buttons penci-social-share-footer\"><span class=\"penci-social-share-text\">Compartilhar<\/span><a href=\"#\" class=\"penci-post-like penci_post-meta_item  single-like-button penci-social-item like\" data-post_id=\"450828\" title=\"Like\" data-like=\"Like\" data-unlike=\"Unlike\"><i class=\"fa fa-thumbs-o-up\"\/><span class=\"penci-share-number\">0<\/span><\/a><i class=\"fa fa-facebook\"\/><a class=\"penci-social-item twitter\" target=\"_blank\" rel=\"noopener\" title=\"\" href=\"https:\/\/twitter.com\/intent\/tweet?text=Policia%20Rodovi\u00e1ria%20prende%20passageiro%20procurado%20pela%20justi\u00e7a%20em%20Franca%20-%20https:\/\/www.tribunaribeirao.com.br\/policia-rodoviaria-prende-passageiro-procurado-pela-justica-em-franca\/\"><i class=\"fa fa-twitter\"\/><\/a><i class=\"fa fa-linkedin\"\/><i class=\"fa fa-whatsapp\"\/><i class=\"fa fa-telegram\"\/><i class=\"fa fa-envelope\"\/><\/span>\t\t\t\t\t\t\t<\/footer>\n<p><!-- .entry-footer -->&#13;\n\t\t\t\t\t\t<\/div>\n<p><script async src=\"\/\/platform.twitter.com\/widgets.js\" charset=\"utf-8\"><\/script><br \/>\n<br \/><br \/>\n<br \/><a href=\"https:\/\/www.tribunaribeirao.com.br\/policia-rodoviaria-prende-passageiro-procurado-pela-justica-em-franca\/\">Source link <\/a><\/p>\n<!-- CONTENT END 1 -->\n","protected":false},"excerpt":{"rendered":"<p>&#13; &#13; &#13; &#13; &#13; 31 de dezembro de 2025 16:3031 de dezembro de 2025 16:20 &#13; Compartilhar0 &#13; Um homem, que era procurado pela&#8230;<\/p>\n","protected":false},"author":1,"featured_media":81300,"comment_status":"open","ping_status":"open","sticky":false,"template":"","format":"standard","meta":{"advanced_seo_description":"","jetpack_seo_html_title":"","jetpack_seo_noindex":false,"jetpack_post_was_ever_published":false,"_jetpack_newsletter_access":"","_jetpack_dont_email_post_to_subs":false,"_jetpack_newsletter_tier_id":0,"_jetpack_memberships_contains_paywalled_content":false,"_jetpack_memberships_contains_paid_content":false,"footnotes":"","jetpack_publicize_message":"","jetpack_publicize_feature_enabled":true,"jetpack_social_post_already_shared":true,"jetpack_social_options":{"image_generator_settings":{"template":"highway","default_image_id":0,"font":"","enabled":false},"version":2}},"categories":[11],"tags":[],"class_list":["post-81299","post","type-post","status-publish","format-standard","has-post-thumbnail","hentry","category-noticias-de-ribeirao-preto-sp-e-regiao-ismael-colosi"],"jetpack_publicize_connections":[],"jetpack_featured_media_url":"https:\/\/i0.wp.com\/noticiasribeiraopreto.com.br\/wp-content\/uploads\/2025\/12\/WhatsApp-Image-2025-12-31-at-13.48.31.jpeg?fit=964%2C813&ssl=1","jetpack-related-posts":[{"id":60676,"url":"https:\/\/noticiasribeiraopreto.com.br\/index.php\/2024\/11\/21\/confira-os-bairros-que-o-papai-noel-vai-visitar-em-ribeirao-preto\/","url_meta":{"origin":81299,"position":0},"title":"Confira os bairros que o Papai Noel vai visitar em Ribeir\u00e3o Preto","author":"noticiasribeiraopreto.com.br","date":"21 de November de 2024","format":false,"excerpt":"O final de novembro marca o in\u00edcio do Natal em Ribeir\u00e3o Preto, com a chegada do Papai Noel ao Centro do munic\u00edpio e inaugura\u00e7\u00e3o da ilumina\u00e7\u00e3o especial de final de ano. Al\u00e9m de fazer a alegria dos pequenos e no Centro Cultural Palace, localizado no cruzamento das ruas \u00c1lvares de\u2026","rel":"","context":"In &quot;Not\u00edcias de Ribeir\u00e3o Preto-SP e Regi\u00e3o&quot;","block_context":{"text":"Not\u00edcias de Ribeir\u00e3o Preto-SP e Regi\u00e3o","link":"https:\/\/noticiasribeiraopreto.com.br\/index.php\/category\/noticias-de-ribeirao-preto-sp-e-regiao-ismael-colosi\/"},"img":{"alt_text":"","src":"https:\/\/i0.wp.com\/noticiasribeiraopreto.com.br\/wp-content\/uploads\/2024\/11\/5I6A6795-scaled-1.jpg?fit=1200%2C800&ssl=1&resize=350%2C200","width":350,"height":200,"srcset":"https:\/\/i0.wp.com\/noticiasribeiraopreto.com.br\/wp-content\/uploads\/2024\/11\/5I6A6795-scaled-1.jpg?fit=1200%2C800&ssl=1&resize=350%2C200 1x, https:\/\/i0.wp.com\/noticiasribeiraopreto.com.br\/wp-content\/uploads\/2024\/11\/5I6A6795-scaled-1.jpg?fit=1200%2C800&ssl=1&resize=525%2C300 1.5x, https:\/\/i0.wp.com\/noticiasribeiraopreto.com.br\/wp-content\/uploads\/2024\/11\/5I6A6795-scaled-1.jpg?fit=1200%2C800&ssl=1&resize=700%2C400 2x, https:\/\/i0.wp.com\/noticiasribeiraopreto.com.br\/wp-content\/uploads\/2024\/11\/5I6A6795-scaled-1.jpg?fit=1200%2C800&ssl=1&resize=1050%2C600 3x"},"classes":[]},{"id":61311,"url":"https:\/\/noticiasribeiraopreto.com.br\/index.php\/2024\/12\/09\/mercadao-de-ribeirao-preto-anuncia-horarios-especiais-de-fim-de-ano-confira\/","url_meta":{"origin":81299,"position":1},"title":"Mercad\u00e3o de Ribeir\u00e3o Preto anuncia hor\u00e1rios especiais de fim de ano; Confira","author":"noticiasribeiraopreto.com.br","date":"9 de December de 2024","format":false,"excerpt":"A partir deste final de semana, o Mercad\u00e3o Central de Ribeir\u00e3o Preto estar\u00e1 funcionando em hor\u00e1rio especial para atender os consumidores nas compras de fim de ano. O local \u00e9 um dos pontos de com\u00e9rcio mais movimentados da cidade e est\u00e1 localizado no quadril\u00e1tero entre as ruas S\u00e3o Sebasti\u00e3o, Jos\u00e9\u2026","rel":"","context":"In &quot;Not\u00edcias de Ribeir\u00e3o Preto-SP e Regi\u00e3o&quot;","block_context":{"text":"Not\u00edcias de Ribeir\u00e3o Preto-SP e Regi\u00e3o","link":"https:\/\/noticiasribeiraopreto.com.br\/index.php\/category\/noticias-de-ribeirao-preto-sp-e-regiao-ismael-colosi\/"},"img":{"alt_text":"","src":"https:\/\/i0.wp.com\/noticiasribeiraopreto.com.br\/wp-content\/uploads\/2024\/12\/2019_27_09_aniversario_mercadao_alexandre_de_azevedo_097.jpg?fit=1200%2C800&ssl=1&resize=350%2C200","width":350,"height":200,"srcset":"https:\/\/i0.wp.com\/noticiasribeiraopreto.com.br\/wp-content\/uploads\/2024\/12\/2019_27_09_aniversario_mercadao_alexandre_de_azevedo_097.jpg?fit=1200%2C800&ssl=1&resize=350%2C200 1x, https:\/\/i0.wp.com\/noticiasribeiraopreto.com.br\/wp-content\/uploads\/2024\/12\/2019_27_09_aniversario_mercadao_alexandre_de_azevedo_097.jpg?fit=1200%2C800&ssl=1&resize=525%2C300 1.5x, https:\/\/i0.wp.com\/noticiasribeiraopreto.com.br\/wp-content\/uploads\/2024\/12\/2019_27_09_aniversario_mercadao_alexandre_de_azevedo_097.jpg?fit=1200%2C800&ssl=1&resize=700%2C400 2x, https:\/\/i0.wp.com\/noticiasribeiraopreto.com.br\/wp-content\/uploads\/2024\/12\/2019_27_09_aniversario_mercadao_alexandre_de_azevedo_097.jpg?fit=1200%2C800&ssl=1&resize=1050%2C600 3x"},"classes":[]},{"id":22289,"url":"https:\/\/noticiasribeiraopreto.com.br\/index.php\/2023\/12\/29\/feriado-de-ano-novo-altera-funcionamento-dos-orgaos-municipais\/","url_meta":{"origin":81299,"position":2},"title":"Feriado de Ano Novo altera funcionamento dos \u00f3rg\u00e3os municipais\u00a0","author":"noticiasribeiraopreto.com.br","date":"29 de December de 2023","format":false,"excerpt":"Com feriado prolongado de Ano Novo, do dia 30 de dezembro de 2023 at\u00e9 2 de janeiro de 2024, os \u00f3rg\u00e3os municipais ter\u00e3o altera\u00e7\u00f5es nos hor\u00e1rios de atendimento. \u00c9 o caso do Poupatempo, que ir\u00e1 funcionar normalmente at\u00e9 quinta-feira, 28 de dezembro, tendo seu atendimento suspenso nos dias 29 e\u2026","rel":"","context":"In &quot;Not\u00edcias de Ribeir\u00e3o Preto-SP e Regi\u00e3o&quot;","block_context":{"text":"Not\u00edcias de Ribeir\u00e3o Preto-SP e Regi\u00e3o","link":"https:\/\/noticiasribeiraopreto.com.br\/index.php\/category\/noticias-de-ribeirao-preto-sp-e-regiao-ismael-colosi\/"},"img":{"alt_text":"","src":"https:\/\/i0.wp.com\/noticiasribeiraopreto.com.br\/wp-content\/uploads\/2023\/12\/2-abre_e_fecha_-_foto_fernando_gonzaga_1-scaled.jpg?fit=860%2C645&ssl=1&resize=350%2C200","width":350,"height":200,"srcset":"https:\/\/i0.wp.com\/noticiasribeiraopreto.com.br\/wp-content\/uploads\/2023\/12\/2-abre_e_fecha_-_foto_fernando_gonzaga_1-scaled.jpg?fit=860%2C645&ssl=1&resize=350%2C200 1x, https:\/\/i0.wp.com\/noticiasribeiraopreto.com.br\/wp-content\/uploads\/2023\/12\/2-abre_e_fecha_-_foto_fernando_gonzaga_1-scaled.jpg?fit=860%2C645&ssl=1&resize=525%2C300 1.5x, https:\/\/i0.wp.com\/noticiasribeiraopreto.com.br\/wp-content\/uploads\/2023\/12\/2-abre_e_fecha_-_foto_fernando_gonzaga_1-scaled.jpg?fit=860%2C645&ssl=1&resize=700%2C400 2x"},"classes":[]},{"id":81114,"url":"https:\/\/noticiasribeiraopreto.com.br\/index.php\/2025\/12\/24\/saiba-os-horarios-de-funcionamento-do-comercio-e-dos-shoppings-de-ribeirao-na-vespera-e-no-natal\/","url_meta":{"origin":81299,"position":3},"title":"Saiba os hor\u00e1rios de funcionamento do com\u00e9rcio e dos shoppings de Ribeir\u00e3o na v\u00e9spera e no Natal","author":"noticiasribeiraopreto.com.br","date":"24 de December de 2025","format":false,"excerpt":"O com\u00e9rcio de Ribeir\u00e3o Preto e os shoppings contam com hor\u00e1rios diferenciados para a v\u00e9spera de Natal, comemorada nesta quarta-feira (24). J\u00e1 no Natal, comemorado na quinta-feira (25), as lojas e empreendimentos ficar\u00e3o fechadas (pra\u00e7as de alimenta\u00e7\u00e3o t\u00eam abertura facultativa). Confira: Hor\u00e1rio de funcionamento Com\u00e9rcio tradicional V\u00e9spera de Natal (24\u2026","rel":"","context":"In &quot;Not\u00edcias de Ribeir\u00e3o Preto-SP e Regi\u00e3o&quot;","block_context":{"text":"Not\u00edcias de Ribeir\u00e3o Preto-SP e Regi\u00e3o","link":"https:\/\/noticiasribeiraopreto.com.br\/index.php\/category\/noticias-de-ribeirao-preto-sp-e-regiao-ismael-colosi\/"},"img":{"alt_text":"","src":"https:\/\/i0.wp.com\/noticiasribeiraopreto.com.br\/wp-content\/uploads\/2025\/12\/shopping-ribeirao-preto_2025-12-23_17-05-19.webp.webp?fit=1200%2C800&ssl=1&resize=350%2C200","width":350,"height":200,"srcset":"https:\/\/i0.wp.com\/noticiasribeiraopreto.com.br\/wp-content\/uploads\/2025\/12\/shopping-ribeirao-preto_2025-12-23_17-05-19.webp.webp?fit=1200%2C800&ssl=1&resize=350%2C200 1x, https:\/\/i0.wp.com\/noticiasribeiraopreto.com.br\/wp-content\/uploads\/2025\/12\/shopping-ribeirao-preto_2025-12-23_17-05-19.webp.webp?fit=1200%2C800&ssl=1&resize=525%2C300 1.5x, https:\/\/i0.wp.com\/noticiasribeiraopreto.com.br\/wp-content\/uploads\/2025\/12\/shopping-ribeirao-preto_2025-12-23_17-05-19.webp.webp?fit=1200%2C800&ssl=1&resize=700%2C400 2x, https:\/\/i0.wp.com\/noticiasribeiraopreto.com.br\/wp-content\/uploads\/2025\/12\/shopping-ribeirao-preto_2025-12-23_17-05-19.webp.webp?fit=1200%2C800&ssl=1&resize=1050%2C600 3x"},"classes":[]},{"id":80670,"url":"https:\/\/noticiasribeiraopreto.com.br\/index.php\/2025\/12\/10\/confira-os-horarios-especiais-de-fim-de-ano-do-mercadao-central-de-ribeirao\/","url_meta":{"origin":81299,"position":4},"title":"Confira os hor\u00e1rios especiais de fim de ano do Mercad\u00e3o Central de Ribeir\u00e3o","author":"noticiasribeiraopreto.com.br","date":"10 de December de 2025","format":false,"excerpt":"O Mercad\u00e3o Central de Ribeir\u00e3o Preto anunciou os hor\u00e1rios especiais para atender os consumidores nas compras de fim de ano, a partir desse final de semana. O local \u00e9 um dos pontos de com\u00e9rcio mais movimentados da cidade e est\u00e1 localizado no quadril\u00e1tero entre as ruas S\u00e3o Sebasti\u00e3o, Jos\u00e9 Bonif\u00e1cio,\u2026","rel":"","context":"In &quot;Not\u00edcias de Ribeir\u00e3o Preto-SP e Regi\u00e3o&quot;","block_context":{"text":"Not\u00edcias de Ribeir\u00e3o Preto-SP e Regi\u00e3o","link":"https:\/\/noticiasribeiraopreto.com.br\/index.php\/category\/noticias-de-ribeirao-preto-sp-e-regiao-ismael-colosi\/"},"img":{"alt_text":"","src":"https:\/\/i0.wp.com\/noticiasribeiraopreto.com.br\/wp-content\/uploads\/2025\/12\/2019_27_09_aniversario_mercadao_alexandre_de_azevedo_097_2025-12-09_18-39-51.webp.webp?fit=1200%2C800&ssl=1&resize=350%2C200","width":350,"height":200,"srcset":"https:\/\/i0.wp.com\/noticiasribeiraopreto.com.br\/wp-content\/uploads\/2025\/12\/2019_27_09_aniversario_mercadao_alexandre_de_azevedo_097_2025-12-09_18-39-51.webp.webp?fit=1200%2C800&ssl=1&resize=350%2C200 1x, https:\/\/i0.wp.com\/noticiasribeiraopreto.com.br\/wp-content\/uploads\/2025\/12\/2019_27_09_aniversario_mercadao_alexandre_de_azevedo_097_2025-12-09_18-39-51.webp.webp?fit=1200%2C800&ssl=1&resize=525%2C300 1.5x, https:\/\/i0.wp.com\/noticiasribeiraopreto.com.br\/wp-content\/uploads\/2025\/12\/2019_27_09_aniversario_mercadao_alexandre_de_azevedo_097_2025-12-09_18-39-51.webp.webp?fit=1200%2C800&ssl=1&resize=700%2C400 2x, https:\/\/i0.wp.com\/noticiasribeiraopreto.com.br\/wp-content\/uploads\/2025\/12\/2019_27_09_aniversario_mercadao_alexandre_de_azevedo_097_2025-12-09_18-39-51.webp.webp?fit=1200%2C800&ssl=1&resize=1050%2C600 3x"},"classes":[]},{"id":12425,"url":"https:\/\/noticiasribeiraopreto.com.br\/index.php\/2023\/12\/08\/bolsa-familia-governo-antecipa-pagamento-em-dezembro-meu-valor-digital\/","url_meta":{"origin":81299,"position":5},"title":"Bolsa Fam\u00edlia: governo antecipa pagamento em dezembro &#8211; Meu Valor Digital","author":"noticiasribeiraopreto.com.br","date":"8 de December de 2023","format":false,"excerpt":"Com as festas de fim ano e as pessoas planejando onde v\u00e3o passar a data e precisando de dinheiro no bolso, levou o governo a antecipar o pagamento do Bolsa Fam\u00edlia para a pr\u00f3xima segunda-feira (11). Nesta segunda-feira, recebem os benefici\u00e1rios com NIS de final 1. Os dep\u00f3sitos v\u00e3o ser\u2026","rel":"","context":"In &quot;Vagas de Emprego em Ribeir\u00e3o Preto-SP&quot;","block_context":{"text":"Vagas de Emprego em Ribeir\u00e3o Preto-SP","link":"https:\/\/noticiasribeiraopreto.com.br\/index.php\/category\/empregos-classificados-vagas-trabalho\/vagas-de-empregos-em-ribeirao-preto-regiao-brasil\/"},"img":{"alt_text":"","src":"https:\/\/i0.wp.com\/noticiasribeiraopreto.com.br\/wp-content\/uploads\/2023\/12\/Bolsa-Familia-1.jpg?fit=1200%2C773&ssl=1&resize=350%2C200","width":350,"height":200,"srcset":"https:\/\/i0.wp.com\/noticiasribeiraopreto.com.br\/wp-content\/uploads\/2023\/12\/Bolsa-Familia-1.jpg?fit=1200%2C773&ssl=1&resize=350%2C200 1x, https:\/\/i0.wp.com\/noticiasribeiraopreto.com.br\/wp-content\/uploads\/2023\/12\/Bolsa-Familia-1.jpg?fit=1200%2C773&ssl=1&resize=525%2C300 1.5x, https:\/\/i0.wp.com\/noticiasribeiraopreto.com.br\/wp-content\/uploads\/2023\/12\/Bolsa-Familia-1.jpg?fit=1200%2C773&ssl=1&resize=700%2C400 2x, https:\/\/i0.wp.com\/noticiasribeiraopreto.com.br\/wp-content\/uploads\/2023\/12\/Bolsa-Familia-1.jpg?fit=1200%2C773&ssl=1&resize=1050%2C600 3x"},"classes":[]}],"jetpack_sharing_enabled":true,"jetpack_shortlink":"https:\/\/wp.me\/peQAOb-l9h","_links":{"self":[{"href":"https:\/\/noticiasribeiraopreto.com.br\/index.php\/wp-json\/wp\/v2\/posts\/81299","targetHints":{"allow":["GET"]}}],"collection":[{"href":"https:\/\/noticiasribeiraopreto.com.br\/index.php\/wp-json\/wp\/v2\/posts"}],"about":[{"href":"https:\/\/noticiasribeiraopreto.com.br\/index.php\/wp-json\/wp\/v2\/types\/post"}],"author":[{"embeddable":true,"href":"https:\/\/noticiasribeiraopreto.com.br\/index.php\/wp-json\/wp\/v2\/users\/1"}],"replies":[{"embeddable":true,"href":"https:\/\/noticiasribeiraopreto.com.br\/index.php\/wp-json\/wp\/v2\/comments?post=81299"}],"version-history":[{"count":0,"href":"https:\/\/noticiasribeiraopreto.com.br\/index.php\/wp-json\/wp\/v2\/posts\/81299\/revisions"}],"wp:featuredmedia":[{"embeddable":true,"href":"https:\/\/noticiasribeiraopreto.com.br\/index.php\/wp-json\/wp\/v2\/media\/81300"}],"wp:attachment":[{"href":"https:\/\/noticiasribeiraopreto.com.br\/index.php\/wp-json\/wp\/v2\/media?parent=81299"}],"wp:term":[{"taxonomy":"category","embeddable":true,"href":"https:\/\/noticiasribeiraopreto.com.br\/index.php\/wp-json\/wp\/v2\/categories?post=81299"},{"taxonomy":"post_tag","embeddable":true,"href":"https:\/\/noticiasribeiraopreto.com.br\/index.php\/wp-json\/wp\/v2\/tags?post=81299"}],"curies":[{"name":"wp","href":"https:\/\/api.w.org\/{rel}","templated":true}]}}