{"id":81301,"date":"2025-12-31T16:57:24","date_gmt":"2025-12-31T19:57:24","guid":{"rendered":"https:\/\/noticiasribeiraopreto.com.br\/index.php\/2025\/12\/31\/o-que-ricardo-e-isaac-tem-a-dizer-sobre-2025\/"},"modified":"2025-12-31T16:57:24","modified_gmt":"2025-12-31T19:57:24","slug":"o-que-ricardo-e-isaac-tem-a-dizer-sobre-2025","status":"publish","type":"post","link":"https:\/\/noticiasribeiraopreto.com.br\/index.php\/2025\/12\/31\/o-que-ricardo-e-isaac-tem-a-dizer-sobre-2025\/","title":{"rendered":"O que Ricardo e Isaac t\u00eam a dizer sobre 2025"},"content":{"rendered":"<div class='code-block code-block-1' style='margin: 8px 0 8px auto; text-align: right; display: block; clear: both;'>\n<p><a href=\"https:\/\/wa.link\/vpicfd\"><img data-recalc-dims=\"1\" class=\"wp-image-4922\" style=\"aspect-ratio: 2.0253164556962027; width: 561px; height: auto;\" src=\"https:\/\/i0.wp.com\/ismaelcolosi.com.br\/wp-content\/uploads\/2023\/11\/grupo-de-empregos-whatsapp-e-facebook-ismael-colosi-vagas.jpg?ssl=1\" alt=\"\" \/><\/a><\/p>\n<!-- \/wp:image -->\n<\/div>\n<p> <br \/>\n<\/p>\n<div>\n<p><em>Os titulares dos dois mais importantes cargos pol\u00edticos da cidade falam sobre o ano que est\u00e1 terminando e o desafios para o que est\u00e1 come\u00e7ando<\/em><\/p>\n<p>O Tribuna Ribeir\u00e3o entrevistou o prefeito de Ribeir\u00e3o Preto, Ricardo Silva (PSD) e o presidente do Legislativo Municipal, Isaac Antunes (PL) \u2013 reeleito para o cargo em 2026 \u2013 para saber como eles avaliam o trabalho executado por eles em 2025 e quais suas expectativas e prioridades para o novo ano.<br \/>2025 foi o primeiro de Ricardo Silva no comando da cidade, considerada uma das mais importantes do pa\u00eds. J\u00e1 Isaac Antunes continuar\u00e1 pelo terceiro ano seguido como titular do segundo mais importante cargo pol\u00edtico do munic\u00edpio.<\/p>\n<p><strong>Equilibramos as contas p\u00fablicas, afirma Ricardo Silva<\/strong><\/p>\n<p>O que realizamos<\/p>\n<p>Fa\u00e7o um balan\u00e7o muito positivo e, ao mesmo tempo, realista do meu primeiro ano como prefeito de Ribeir\u00e3o Preto. Assumi uma cidade com desafios estruturais importantes, herdando or\u00e7amento comprometido e contratos firmados pela gest\u00e3o anterior. Diante desse cen\u00e1rio, estabeleci como prioridade equilibrar as contas p\u00fablicas, reorganizar a m\u00e1quina administrativa e acelerar entregas que a popula\u00e7\u00e3o aguardava h\u00e1 muito tempo.<\/p>\n<p>Desde o primeiro dia, tomei decis\u00f5es firmes para garantir responsabilidade fiscal. Suspendemos contratos que comprometeriam recursos do munic\u00edpio por muitos anos, como o projeto de um novo centro administrativo que seria viabilizado por meio de empr\u00e9stimos, e redirecionamos esfor\u00e7os para investimentos com impacto direto na vida das pessoas. Essa postura foi fundamental para recuperar a capacidade de planejamento e assegurar sustentabilidade \u00e0s pol\u00edticas p\u00fablicas.<\/p>\n<p>Na mobilidade urbana, revisamos o funcionamento dos corredores de \u00f4nibus e recuperamos vagas de estacionamento em \u00e1reas de forte atividade comercial, cumprindo um compromisso assumido em campanha. Ao mesmo tempo, conclu\u00edmos e entregamos obras que estavam paralisadas h\u00e1 anos no Centro da cidade, como trechos da Avenida Nove de Julho e vias do entorno, melhorando a circula\u00e7\u00e3o, a seguran\u00e7a vi\u00e1ria e fortalecendo o com\u00e9rcio local.<\/p>\n<p>Na sa\u00fade municipal, o trabalho foi intenso e estrat\u00e9gico. Enfrentamos o d\u00e9ficit herdado, reorganizamos contratos, melhoramos as contas da Sa\u00fade e abrimos novas licita\u00e7\u00f5es para garantir atendimento cont\u00ednuo e de qualidade. Avan\u00e7amos na reestrutura\u00e7\u00e3o das UPAs, com inclus\u00e3o de pequenas cirurgias, amplia\u00e7\u00e3o de especialistas e melhoria dos fluxos de atendimento. Tamb\u00e9m demos passos decisivos para a conclus\u00e3o da UPA do Ribeir\u00e3o Verde e para a constru\u00e7\u00e3o da UPA Central 24 horas, ampliando e descentralizando o acesso aos servi\u00e7os de urg\u00eancia.<\/p>\n<p>Um marco importante deste primeiro ano foi o avan\u00e7o da obra do novo Hospital das Cl\u00ednicas. Trata-se de um investimento estruturante para Ribeir\u00e3o Preto e toda a regi\u00e3o, que vai ampliar de forma significativa a oferta de leitos e a capacidade de atendimento de m\u00e9dia e alta complexidade. O novo HC representa um salto de qualidade para o sistema de sa\u00fade, fortalece a rede p\u00fablica e reafirma o papel da cidade como refer\u00eancia regional em sa\u00fade.<\/p>\n<p>Na educa\u00e7\u00e3o, conseguimos destravar uma negocia\u00e7\u00e3o que se arrastava h\u00e1 muitos anos e que resultar\u00e1 na implanta\u00e7\u00e3o de um campus do Instituto Federal de S\u00e3o Paulo em Ribeir\u00e3o Preto, ampliando oportunidades de forma\u00e7\u00e3o t\u00e9cnica e tecnol\u00f3gica. Tamb\u00e9m iniciamos uma revis\u00e3o de contratos e pol\u00edticas para melhorar a gest\u00e3o da rede municipal de ensino.<\/p>\n<p>Na seguran\u00e7a p\u00fablica, avan\u00e7amos na integra\u00e7\u00e3o entre a Guarda Civil Metropolitana e outras for\u00e7as, com mecanismos como a Atividade Delegada, ampliando a presen\u00e7a e a capacidade de resposta. Paralelamente, iniciamos os estudos para implantar um moderno sistema de monitoramento com uso de intelig\u00eancia artificial, que permitir\u00e1 atuar de forma mais preventiva e eficiente na prote\u00e7\u00e3o da popula\u00e7\u00e3o.<br \/>Tamb\u00e9m demos passos importantes na zeladoria urbana e nos parques, como o in\u00edcio da requalifica\u00e7\u00e3o do Parque Rubem Cione, que estava abandonado h\u00e1 anos e come\u00e7a a ser devolvido \u00e0 popula\u00e7\u00e3o como espa\u00e7o de conviv\u00eancia, lazer e qualidade de vida.<\/p>\n<p>Este foi, portanto, um ano de reconstru\u00e7\u00e3o administrativa, retomada da confian\u00e7a e entregas concretas. Governamos com responsabilidade, planejamento e compromisso com as pessoas, sempre atentos aos desafios que ainda precisam ser superados, mas com bases s\u00f3lidas para um novo ciclo de desenvolvimento para Ribeir\u00e3o Preto.<\/p>\n<p><strong>O que faremos em 2026<\/strong><\/p>\n<p>Para 2026, minha expectativa \u00e9 consolidar tudo o que foi iniciado em 2025 e avan\u00e7ar de forma decisiva em pol\u00edticas p\u00fablicas estruturantes que v\u00e3o transformar Ribeir\u00e3o Preto nas pr\u00f3ximas d\u00e9cadas. Em um ano simb\u00f3lico, em que a cidade celebra seus 170 anos de hist\u00f3ria, nosso compromisso \u00e9 olhar para o futuro com planejamento, responsabilidade e vis\u00e3o de longo prazo, garantindo que o crescimento seja organizado, inclusivo e sustent\u00e1vel.<\/p>\n<p>Na mobilidade urbana, o destaque absoluto \u00e9 o projeto da Via Leste\u2013Oeste, o maior investimento em mobilidade da hist\u00f3ria recente de Ribeir\u00e3o Preto. Trata-se da implanta\u00e7\u00e3o de um novo eixo vi\u00e1rio estruturante, com aproximadamente 30 quil\u00f4metros de extens\u00e3o, que vai interligar as regi\u00f5es Leste e Oeste da cidade, criando uma alternativa eficiente aos corredores centrais j\u00e1 saturados. Esse projeto permitir\u00e1 deslocamentos mais r\u00e1pidos e seguros, reduzir\u00e1 o tempo de viagem da popula\u00e7\u00e3o, melhorar\u00e1 a log\u00edstica urbana e promover\u00e1 integra\u00e7\u00e3o territorial, valorizando bairros e estimulando o desenvolvimento econ\u00f4mico.<\/p>\n<p>A Via Leste\u2013Oeste acaba de receber a confirma\u00e7\u00e3o de R$ 1,1 bilh\u00e3o em cr\u00e9dito do governo federal, por meio do Novo PAC, e ser\u00e1 executada no modelo de contrata\u00e7\u00e3o integrada, que re\u00fane projeto executivo e obra no mesmo contrato. Esse formato garante mais efici\u00eancia t\u00e9cnica, seguran\u00e7a jur\u00eddica, controle de prazos e qualidade na execu\u00e7\u00e3o. Trata-se de uma pol\u00edtica p\u00fablica estruturante, pensada n\u00e3o apenas para resolver gargalos atuais, mas para preparar Ribeir\u00e3o Preto para os pr\u00f3ximos 20, 30 anos.<\/p>\n<p>Na seguran\u00e7a p\u00fablica, um dos principais focos ser\u00e1 a implanta\u00e7\u00e3o de um sistema moderno de v\u00eddeo-monitoramento inteligente, com uso de intelig\u00eancia artificial e reconhecimento facial. Essa pol\u00edtica amplia a capacidade de preven\u00e7\u00e3o, resposta r\u00e1pida e investiga\u00e7\u00e3o, fortalece a integra\u00e7\u00e3o com as for\u00e7as de seguran\u00e7a e contribui para uma cidade mais segura, com uso estrat\u00e9gico da tecnologia a servi\u00e7o da prote\u00e7\u00e3o da popula\u00e7\u00e3o.<\/p>\n<p>Outro projeto de grande relev\u00e2ncia para 2026 \u00e9 a Casa do Autista. O projeto executivo j\u00e1 est\u00e1 conclu\u00eddo, e vamos acelerar as pr\u00f3ximas etapas para implantar um equipamento p\u00fablico especializado, voltado ao acolhimento, atendimento multidisciplinar e inclus\u00e3o das pessoas com Transtorno do Espectro Autista e de suas fam\u00edlias. Trata-se de uma pol\u00edtica p\u00fablica que refor\u00e7a nosso compromisso com a inclus\u00e3o, o cuidado e a aten\u00e7\u00e3o \u00e0s pessoas.<\/p>\n<p><strong>Em todas as \u00e1reas<\/strong> \u2014 educa\u00e7\u00e3o, sa\u00fade, infraestrutura, zeladoria urbana e qualidade de vida \u2014 a expectativa \u00e9 consolidar resultados mensur\u00e1veis, ampliar servi\u00e7os e qualificar as pol\u00edticas p\u00fablicas, garantindo que Ribeir\u00e3o Preto continue avan\u00e7ando com organiza\u00e7\u00e3o, responsabilidade fiscal e foco no bem-estar das pessoas.<\/p>\n<p>No ano em que Ribeir\u00e3o Preto completa 170 anos, 2026 ser\u00e1 um marco de grandes entregas, continuidade de projetos estruturantes e respostas concretas \u00e0s demandas da popula\u00e7\u00e3o. Seguiremos governando com planejamento, responsabilidade e compromisso com o futuro da nossa cidade, honrando sua hist\u00f3ria e preparando um novo ciclo de desenvolvimento.<\/p>\n<p>\u00a0<\/p>\n<p><strong>Investimos na transpar\u00eancia, afirma Isaac Antunes<\/strong><\/p>\n<p><strong>O que realizamos<\/strong><\/p>\n<p>Este ano foi marcado por um intenso trabalho legislativo, sempre com foco em responder \u00e0s demandas da popula\u00e7\u00e3o de Ribeir\u00e3o Preto com seriedade, transpar\u00eancia e di\u00e1logo entre os pares. Avan\u00e7amos em temas fundamentais para o futuro da nossa cidade e mantivemos o compromisso de fortalecer o Legislativo como espa\u00e7o de debate qualificado, fiscaliza\u00e7\u00e3o respons\u00e1vel e apoio a pol\u00edticas p\u00fablicas estruturantes.<\/p>\n<figure id=\"attachment_450815\" aria-describedby=\"caption-attachment-450815\" style=\"width: 423px\" class=\"wp-caption aligncenter\"><img data-recalc-dims=\"1\" loading=\"lazy\" decoding=\"async\" class=\"wp-image-450815 lazyload\" src=\"https:\/\/i0.wp.com\/www.tribunaribeirao.com.br\/wp-content\/uploads\/2025\/12\/isac-300x200.jpeg?resize=423%2C282&#038;ssl=1\" alt=\"\" width=\"423\" height=\"282\" srcset=\"https:\/\/www.tribunaribeirao.com.br\/wp-content\/uploads\/2025\/12\/isac-300x200.jpeg 300w, https:\/\/www.tribunaribeirao.com.br\/wp-content\/uploads\/2025\/12\/isac-1024x683.jpeg 1024w, https:\/\/www.tribunaribeirao.com.br\/wp-content\/uploads\/2025\/12\/isac-768x512.jpeg 768w, https:\/\/www.tribunaribeirao.com.br\/wp-content\/uploads\/2025\/12\/isac-480x320.jpeg 480w, https:\/\/www.tribunaribeirao.com.br\/wp-content\/uploads\/2025\/12\/isac-280x186.jpeg 280w, https:\/\/www.tribunaribeirao.com.br\/wp-content\/uploads\/2025\/12\/isac-960x640.jpeg 960w, https:\/\/www.tribunaribeirao.com.br\/wp-content\/uploads\/2025\/12\/isac-600x400.jpeg 600w, https:\/\/www.tribunaribeirao.com.br\/wp-content\/uploads\/2025\/12\/isac-585x390.jpeg 585w, https:\/\/www.tribunaribeirao.com.br\/wp-content\/uploads\/2025\/12\/isac-scaled.jpeg 1170w\" data-sizes=\"(max-width: 423px) 100vw, 423px\" style=\"--smush-placeholder-width: 423px; --smush-placeholder-aspect-ratio: 423\/282;\"\/><figcaption id=\"caption-attachment-450815\" class=\"wp-caption-text\">Presidente da C\u00e2mara ressalta economias com dinheiro p\u00fablico ( Alfredo Risk<\/figcaption><\/figure>\n<p>Um dos principais marcos deste per\u00edodo foi o in\u00edcio da reforma dos plen\u00e1rios da C\u00e2mara Municipal, a maior interven\u00e7\u00e3o estrutural no pr\u00e9dio desde sua inaugura\u00e7\u00e3o. Trata-se de uma obra hist\u00f3rica, que est\u00e1 em andamento, e que vai garantir mais acessibilidade, moderniza\u00e7\u00e3o tecnol\u00f3gica, seguran\u00e7a e conforto para vereadores, servidores, imprensa e, principalmente, para a popula\u00e7\u00e3o que acompanha os trabalhos legislativos.<\/p>\n<p>Al\u00e9m disso, a C\u00e2mara teve papel decisivo na discuss\u00e3o e aprova\u00e7\u00e3o de mat\u00e9rias importantes para o munic\u00edpio, como o or\u00e7amento municipal, sempre buscando equil\u00edbrio fiscal e aten\u00e7\u00e3o \u00e0s \u00e1reas priorit\u00e1rias.<\/p>\n<p>Tamb\u00e9m fortalecemos o trabalho das comiss\u00f5es permanentes, ampliamos o di\u00e1logo institucional e mantivemos uma atua\u00e7\u00e3o respons\u00e1vel na fiscaliza\u00e7\u00e3o do Executivo, sempre com respeito entre os Poderes.<\/p>\n<p>O balan\u00e7o, portanto, \u00e9 de um Legislativo ativo, organizado e comprometido com a cidade, que mesmo diante de desafios estruturais manteve seu funcionamento pleno e focado no interesse p\u00fablico.<\/p>\n<p><strong>O que faremos em 2026<\/strong><\/p>\n<p>As expectativas para o pr\u00f3ximo ano s\u00e3o de avan\u00e7ar ainda mais na contribui\u00e7\u00e3o efetiva do Legislativo para o desenvolvimento de Ribeir\u00e3o Preto. A C\u00e2mara Municipal seguir\u00e1 atuando n\u00e3o apenas na an\u00e1lise e aprova\u00e7\u00e3o de projetos, mas tamb\u00e9m como um importante articulador na busca por recursos que possam beneficiar diretamente a popula\u00e7\u00e3o.<\/p>\n<p>Uma das prioridades ser\u00e1 intensificar o di\u00e1logo institucional com os governos, parlamentares e \u00f3rg\u00e3os de fomento, visando \u00e0 capta\u00e7\u00e3o de recursos para \u00e1reas estrat\u00e9gicas como sa\u00fade, infraestrutura urbana e fortalecimento institucional do munic\u00edpio. A C\u00e2mara tem um papel fundamental nesse processo, seja por meio de articula\u00e7\u00e3o pol\u00edtica, apoio a projetos estruturantes ou iniciativas que viabilizem novos investimentos para a cidade.<\/p>\n<p>Na \u00e1rea da sa\u00fade, o foco ser\u00e1 contribuir para a\u00e7\u00f5es que ampliem e qualifiquem o atendimento \u00e0 popula\u00e7\u00e3o, com investimentos em estrutura, equipamentos e melhoria dos servi\u00e7os. Em infraestrutura, a C\u00e2mara seguir\u00e1 apoiando projetos voltados \u00e0 mobilidade urbana, manuten\u00e7\u00e3o vi\u00e1ria, drenagem e melhorias nos bairros, sempre a partir das demandas apresentadas pela popula\u00e7\u00e3o.<\/p>\n<p>Do ponto de vista institucional, a expectativa \u00e9 concluir a reforma dos plen\u00e1rios, entregando \u00e0 cidade um espa\u00e7o moderno, acess\u00edvel e preparado para fortalecer o debate democr\u00e1tico. Paralelamente, a C\u00e2mara continuar\u00e1 acompanhando a execu\u00e7\u00e3o or\u00e7ament\u00e1ria e exercendo seu papel fiscalizador, garantindo que os recursos p\u00fablicos sejam aplicados com responsabilidade.<\/p>\n<p>O objetivo \u00e9 que o pr\u00f3ximo ano seja marcado por avan\u00e7os concretos para Ribeir\u00e3o Preto, com um Legislativo atuante, parceiro do munic\u00edpio e comprometido com a melhoria da qualidade de vida da popula\u00e7\u00e3o<\/p>\n<\/div>\n<p><br \/>\n<br \/><a href=\"https:\/\/www.tribunaribeirao.com.br\/o-que-ricardo-e-isaac-tem-a-dizer-sobre-2025\/\">Source link <\/a><\/p>\n<!-- CONTENT END 1 -->\n","protected":false},"excerpt":{"rendered":"<p>Os titulares dos dois mais importantes cargos pol\u00edticos da cidade falam sobre o ano que est\u00e1 terminando e o desafios para o que est\u00e1 come\u00e7ando&#8230;<\/p>\n","protected":false},"author":1,"featured_media":81302,"comment_status":"open","ping_status":"open","sticky":false,"template":"","format":"standard","meta":{"advanced_seo_description":"","jetpack_seo_html_title":"","jetpack_seo_noindex":false,"jetpack_post_was_ever_published":false,"_jetpack_newsletter_access":"","_jetpack_dont_email_post_to_subs":false,"_jetpack_newsletter_tier_id":0,"_jetpack_memberships_contains_paywalled_content":false,"_jetpack_memberships_contains_paid_content":false,"footnotes":"","jetpack_publicize_message":"","jetpack_publicize_feature_enabled":true,"jetpack_social_post_already_shared":true,"jetpack_social_options":{"image_generator_settings":{"template":"highway","default_image_id":0,"font":"","enabled":false},"version":2}},"categories":[11],"tags":[],"class_list":["post-81301","post","type-post","status-publish","format-standard","has-post-thumbnail","hentry","category-noticias-de-ribeirao-preto-sp-e-regiao-ismael-colosi"],"jetpack_publicize_connections":[],"jetpack_featured_media_url":"https:\/\/i0.wp.com\/noticiasribeiraopreto.com.br\/wp-content\/uploads\/2025\/12\/ricardo.jpeg?fit=789%2C780&ssl=1","jetpack-related-posts":[{"id":84008,"url":"https:\/\/noticiasribeiraopreto.com.br\/index.php\/2026\/03\/30\/isaac-antunes-renuncia-a-presidencia-da-camara\/","url_meta":{"origin":81301,"position":0},"title":"Isaac Antunes renuncia \u00e0 presid\u00eancia da C\u00e2mara","author":"noticiasribeiraopreto.com.br","date":"30 de March de 2026","format":false,"excerpt":"\r \r \r 30 de mar\u00e7o de 2026 20:32 \r Compartilhar0 O Tribuna apurou que a decis\u00e3o ocorreu ap\u00f3s reuni\u00e3o na tarde desta segunda-feira, 30 de mar\u00e7o, com o promotor de Justi\u00e7a Alexandre Padilha Isaac Antunes (PL) renunciou \u00e0 presid\u00eancia da C\u00e2mara de Ribeir\u00e3o Preto. A decis\u00e3o foi anunciada ao\u2026","rel":"","context":"In &quot;Not\u00edcias de Ribeir\u00e3o Preto-SP e Regi\u00e3o&quot;","block_context":{"text":"Not\u00edcias de Ribeir\u00e3o Preto-SP e Regi\u00e3o","link":"https:\/\/noticiasribeiraopreto.com.br\/index.php\/category\/noticias-de-ribeirao-preto-sp-e-regiao-ismael-colosi\/"},"img":{"alt_text":"","src":"https:\/\/i0.wp.com\/noticiasribeiraopreto.com.br\/wp-content\/uploads\/2026\/03\/3-ISAAC-ANTUNES-MAX-GAL-2-scaled.jpg?fit=800%2C531&ssl=1&resize=350%2C200","width":350,"height":200,"srcset":"https:\/\/i0.wp.com\/noticiasribeiraopreto.com.br\/wp-content\/uploads\/2026\/03\/3-ISAAC-ANTUNES-MAX-GAL-2-scaled.jpg?fit=800%2C531&ssl=1&resize=350%2C200 1x, https:\/\/i0.wp.com\/noticiasribeiraopreto.com.br\/wp-content\/uploads\/2026\/03\/3-ISAAC-ANTUNES-MAX-GAL-2-scaled.jpg?fit=800%2C531&ssl=1&resize=525%2C300 1.5x, https:\/\/i0.wp.com\/noticiasribeiraopreto.com.br\/wp-content\/uploads\/2026\/03\/3-ISAAC-ANTUNES-MAX-GAL-2-scaled.jpg?fit=800%2C531&ssl=1&resize=700%2C400 2x"},"classes":[]},{"id":62028,"url":"https:\/\/noticiasribeiraopreto.com.br\/index.php\/2025\/01\/01\/nogueira-transmite-cargo-de-prefeito-de-ribeirao-preto-para-ricardo-silva\/","url_meta":{"origin":81301,"position":1},"title":"Nogueira transmite cargo de prefeito de Ribeir\u00e3o Preto para Ricardo Silva","author":"noticiasribeiraopreto.com.br","date":"1 de January de 2025","format":false,"excerpt":"Ap\u00f3s Ricardo Silva (PSD) ter sido empossado como prefeito de Ribeir\u00e3o Preto, o agora ex-prefeito Duarte Nogueira fez a transmiss\u00e3o do cargo no Centro Administrativo Prefeito Jos\u00e9 de Magalh\u00e3es, no Centro. Durante a cerim\u00f4nia, Ricardo Silva e Duarte Nogueira trocaram presentes. O novo prefeito ganhou um livro, j\u00e1 o ex\u2026","rel":"","context":"In &quot;Not\u00edcias de Ribeir\u00e3o Preto-SP e Regi\u00e3o&quot;","block_context":{"text":"Not\u00edcias de Ribeir\u00e3o Preto-SP e Regi\u00e3o","link":"https:\/\/noticiasribeiraopreto.com.br\/index.php\/category\/noticias-de-ribeirao-preto-sp-e-regiao-ismael-colosi\/"},"img":{"alt_text":"","src":"https:\/\/i0.wp.com\/noticiasribeiraopreto.com.br\/wp-content\/uploads\/2025\/01\/ricardo-silva-duarte-nogueira_2025-01-01_15-20-56_jpeg_2025-01-01_15-20-57.webp.webp?fit=1200%2C900&ssl=1&resize=350%2C200","width":350,"height":200,"srcset":"https:\/\/i0.wp.com\/noticiasribeiraopreto.com.br\/wp-content\/uploads\/2025\/01\/ricardo-silva-duarte-nogueira_2025-01-01_15-20-56_jpeg_2025-01-01_15-20-57.webp.webp?fit=1200%2C900&ssl=1&resize=350%2C200 1x, https:\/\/i0.wp.com\/noticiasribeiraopreto.com.br\/wp-content\/uploads\/2025\/01\/ricardo-silva-duarte-nogueira_2025-01-01_15-20-56_jpeg_2025-01-01_15-20-57.webp.webp?fit=1200%2C900&ssl=1&resize=525%2C300 1.5x, https:\/\/i0.wp.com\/noticiasribeiraopreto.com.br\/wp-content\/uploads\/2025\/01\/ricardo-silva-duarte-nogueira_2025-01-01_15-20-56_jpeg_2025-01-01_15-20-57.webp.webp?fit=1200%2C900&ssl=1&resize=700%2C400 2x, https:\/\/i0.wp.com\/noticiasribeiraopreto.com.br\/wp-content\/uploads\/2025\/01\/ricardo-silva-duarte-nogueira_2025-01-01_15-20-56_jpeg_2025-01-01_15-20-57.webp.webp?fit=1200%2C900&ssl=1&resize=1050%2C600 3x"},"classes":[]},{"id":50895,"url":"https:\/\/noticiasribeiraopreto.com.br\/index.php\/2024\/05\/20\/ricardo-silva-confirma-pre-candidatura-para-prefeito-de-ribeirao-preto-veja-todos-os-nomes\/","url_meta":{"origin":81301,"position":2},"title":"Ricardo Silva confirma pr\u00e9-candidatura para prefeito de Ribeir\u00e3o Preto; Veja todos os nomes","author":"noticiasribeiraopreto.com.br","date":"20 de May de 2024","format":false,"excerpt":"Foi confirmada na tarde desta segunda-feira (20) a pr\u00e9-candidatura do deputado federal Ricardo Silva (PSD) na disputa pela Prefeitura de Ribeir\u00e3o Preto.\u00a0 Outros nove nomes j\u00e1 se colocaram, anteriormente, \u00e0 disposi\u00e7\u00e3o dos partidos para concorrer \u00e0 disputa pelo cargo do Executivo (veja abaixo). Apesar de os nomes serem confirmados como\u2026","rel":"","context":"In &quot;Not\u00edcias de Ribeir\u00e3o Preto-SP e Regi\u00e3o&quot;","block_context":{"text":"Not\u00edcias de Ribeir\u00e3o Preto-SP e Regi\u00e3o","link":"https:\/\/noticiasribeiraopreto.com.br\/index.php\/category\/noticias-de-ribeirao-preto-sp-e-regiao-ismael-colosi\/"},"img":{"alt_text":"","src":"https:\/\/i0.wp.com\/noticiasribeiraopreto.com.br\/wp-content\/uploads\/2024\/05\/AnyConv.com__Copia-de-Copia-de-TAMANHO-EXATO-PARA-FOTOS-NO-SISTEMA-NOVO-19_2024-05-20_19-18-31.webp.webp?fit=1200%2C675&ssl=1&resize=350%2C200","width":350,"height":200,"srcset":"https:\/\/i0.wp.com\/noticiasribeiraopreto.com.br\/wp-content\/uploads\/2024\/05\/AnyConv.com__Copia-de-Copia-de-TAMANHO-EXATO-PARA-FOTOS-NO-SISTEMA-NOVO-19_2024-05-20_19-18-31.webp.webp?fit=1200%2C675&ssl=1&resize=350%2C200 1x, https:\/\/i0.wp.com\/noticiasribeiraopreto.com.br\/wp-content\/uploads\/2024\/05\/AnyConv.com__Copia-de-Copia-de-TAMANHO-EXATO-PARA-FOTOS-NO-SISTEMA-NOVO-19_2024-05-20_19-18-31.webp.webp?fit=1200%2C675&ssl=1&resize=525%2C300 1.5x, https:\/\/i0.wp.com\/noticiasribeiraopreto.com.br\/wp-content\/uploads\/2024\/05\/AnyConv.com__Copia-de-Copia-de-TAMANHO-EXATO-PARA-FOTOS-NO-SISTEMA-NOVO-19_2024-05-20_19-18-31.webp.webp?fit=1200%2C675&ssl=1&resize=700%2C400 2x, https:\/\/i0.wp.com\/noticiasribeiraopreto.com.br\/wp-content\/uploads\/2024\/05\/AnyConv.com__Copia-de-Copia-de-TAMANHO-EXATO-PARA-FOTOS-NO-SISTEMA-NOVO-19_2024-05-20_19-18-31.webp.webp?fit=1200%2C675&ssl=1&resize=1050%2C600 3x"},"classes":[]},{"id":72487,"url":"https:\/\/noticiasribeiraopreto.com.br\/index.php\/2025\/06\/17\/dois-secretarios-deixam-o-governo-de-ricardo-silva\/","url_meta":{"origin":81301,"position":3},"title":"Dois secret\u00e1rios deixam o governo de Ricardo Silva","author":"noticiasribeiraopreto.com.br","date":"17 de June de 2025","format":false,"excerpt":"Pediram para sair por motivos pessoais, o secret\u00e1rio de governo, Jo\u00e3o Augusto do Carmo e o do Planejamento, Jos\u00e9 Roberto Geraldine J\u00fanior 17 de junho de 2025 17:5418 Compartilhar2 A prefeitura de Ribeir\u00e3o Preto anunciou nesta ter\u00e7a-feira, 17 de junho, a sa\u00edda de dois secret\u00e1rios municipais. Deixar\u00e3o os cargos, a\u2026","rel":"","context":"In &quot;Not\u00edcias de Ribeir\u00e3o Preto-SP e Regi\u00e3o&quot;","block_context":{"text":"Not\u00edcias de Ribeir\u00e3o Preto-SP e Regi\u00e3o","link":"https:\/\/noticiasribeiraopreto.com.br\/index.php\/category\/noticias-de-ribeirao-preto-sp-e-regiao-ismael-colosi\/"},"img":{"alt_text":"","src":"https:\/\/i0.wp.com\/noticiasribeiraopreto.com.br\/wp-content\/uploads\/2025\/06\/17-jun-2025-secretariosricardo.jpg?fit=537%2C373&ssl=1&resize=350%2C200","width":350,"height":200,"srcset":"https:\/\/i0.wp.com\/noticiasribeiraopreto.com.br\/wp-content\/uploads\/2025\/06\/17-jun-2025-secretariosricardo.jpg?fit=537%2C373&ssl=1&resize=350%2C200 1x, https:\/\/i0.wp.com\/noticiasribeiraopreto.com.br\/wp-content\/uploads\/2025\/06\/17-jun-2025-secretariosricardo.jpg?fit=537%2C373&ssl=1&resize=525%2C300 1.5x"},"classes":[]},{"id":83220,"url":"https:\/\/noticiasribeiraopreto.com.br\/index.php\/2026\/03\/13\/julio-balieiro-deixa-a-gestao-ricardo-silva\/","url_meta":{"origin":81301,"position":4},"title":"Julio Balieiro deixa a \u2028gest\u00e3o Ricardo Silva","author":"noticiasribeiraopreto.com.br","date":"13 de March de 2026","format":false,"excerpt":"Maur\u00edcio Godinho assume interinamente a pasta e continua \u00e0 frente da Secretaria de Sa\u00fade J\u00falio Balieiro deixou o cargo de secret\u00e1rio municipal de Assist\u00eancia Social por motivos de ordem pessoal, segundo informou na tarde desta quinta-feira, 12 de mar\u00e7o, a prefeitura de Ribeir\u00e3o Preto. \u201cO prefeito Ricardo Silva (PSD) agradece\u2026","rel":"","context":"In &quot;Not\u00edcias de Ribeir\u00e3o Preto-SP e Regi\u00e3o&quot;","block_context":{"text":"Not\u00edcias de Ribeir\u00e3o Preto-SP e Regi\u00e3o","link":"https:\/\/noticiasribeiraopreto.com.br\/index.php\/category\/noticias-de-ribeirao-preto-sp-e-regiao-ismael-colosi\/"},"img":{"alt_text":"","src":"https:\/\/i0.wp.com\/noticiasribeiraopreto.com.br\/wp-content\/uploads\/2026\/03\/SecreRP-Jul-Divulgacao-scaled.jpg?fit=520%2C780&ssl=1&resize=350%2C200","width":350,"height":200},"classes":[]},{"id":28880,"url":"https:\/\/noticiasribeiraopreto.com.br\/index.php\/2024\/01\/16\/empresario-paulo-junqueira-pode-ser-candidato-a-vice-prefeito\/","url_meta":{"origin":81301,"position":5},"title":"Empres\u00e1rio Paulo Junqueira pode ser candidato a vice-prefeito","author":"noticiasribeiraopreto.com.br","date":"16 de January de 2024","format":false,"excerpt":"16 de janeiro de 2024 | 16:01 0O empres\u00e1rio do setor rural e advogado Paulo Junqueira, confirmou nesta ter\u00e7a-feira, 16 de janeiro, ao Tribuna Ribeir\u00e3o, que poder\u00e1 ser candidato a vice-prefeito de Ribeir\u00e3o Preto, pelo PL, na chapa que tem como pr\u00e9-candidato, o vereador e presidente da C\u00e2mara de Vereadores\u2026","rel":"","context":"In &quot;Not\u00edcias de Ribeir\u00e3o Preto-SP e Regi\u00e3o&quot;","block_context":{"text":"Not\u00edcias de Ribeir\u00e3o Preto-SP e Regi\u00e3o","link":"https:\/\/noticiasribeiraopreto.com.br\/index.php\/category\/noticias-de-ribeirao-preto-sp-e-regiao-ismael-colosi\/"},"img":{"alt_text":"","src":"https:\/\/i0.wp.com\/noticiasribeiraopreto.com.br\/wp-content\/uploads\/2024\/01\/f7378f50-b0c2-480c-87df-fd11723b1873.jpg?fit=620%2C351&ssl=1&resize=350%2C200","width":350,"height":200,"srcset":"https:\/\/i0.wp.com\/noticiasribeiraopreto.com.br\/wp-content\/uploads\/2024\/01\/f7378f50-b0c2-480c-87df-fd11723b1873.jpg?fit=620%2C351&ssl=1&resize=350%2C200 1x, https:\/\/i0.wp.com\/noticiasribeiraopreto.com.br\/wp-content\/uploads\/2024\/01\/f7378f50-b0c2-480c-87df-fd11723b1873.jpg?fit=620%2C351&ssl=1&resize=525%2C300 1.5x"},"classes":[]}],"jetpack_sharing_enabled":true,"jetpack_shortlink":"https:\/\/wp.me\/peQAOb-l9j","_links":{"self":[{"href":"https:\/\/noticiasribeiraopreto.com.br\/index.php\/wp-json\/wp\/v2\/posts\/81301","targetHints":{"allow":["GET"]}}],"collection":[{"href":"https:\/\/noticiasribeiraopreto.com.br\/index.php\/wp-json\/wp\/v2\/posts"}],"about":[{"href":"https:\/\/noticiasribeiraopreto.com.br\/index.php\/wp-json\/wp\/v2\/types\/post"}],"author":[{"embeddable":true,"href":"https:\/\/noticiasribeiraopreto.com.br\/index.php\/wp-json\/wp\/v2\/users\/1"}],"replies":[{"embeddable":true,"href":"https:\/\/noticiasribeiraopreto.com.br\/index.php\/wp-json\/wp\/v2\/comments?post=81301"}],"version-history":[{"count":0,"href":"https:\/\/noticiasribeiraopreto.com.br\/index.php\/wp-json\/wp\/v2\/posts\/81301\/revisions"}],"wp:featuredmedia":[{"embeddable":true,"href":"https:\/\/noticiasribeiraopreto.com.br\/index.php\/wp-json\/wp\/v2\/media\/81302"}],"wp:attachment":[{"href":"https:\/\/noticiasribeiraopreto.com.br\/index.php\/wp-json\/wp\/v2\/media?parent=81301"}],"wp:term":[{"taxonomy":"category","embeddable":true,"href":"https:\/\/noticiasribeiraopreto.com.br\/index.php\/wp-json\/wp\/v2\/categories?post=81301"},{"taxonomy":"post_tag","embeddable":true,"href":"https:\/\/noticiasribeiraopreto.com.br\/index.php\/wp-json\/wp\/v2\/tags?post=81301"}],"curies":[{"name":"wp","href":"https:\/\/api.w.org\/{rel}","templated":true}]}}