{"id":81316,"date":"2026-01-01T07:45:00","date_gmt":"2026-01-01T10:45:00","guid":{"rendered":"https:\/\/noticiasribeiraopreto.com.br\/index.php\/2026\/01\/01\/entrevista-os-33-anos-do-trabalho-politico-de-baleia-rossi\/"},"modified":"2026-01-01T07:45:00","modified_gmt":"2026-01-01T10:45:00","slug":"entrevista-os-33-anos-do-trabalho-politico-de-baleia-rossi","status":"publish","type":"post","link":"https:\/\/noticiasribeiraopreto.com.br\/index.php\/2026\/01\/01\/entrevista-os-33-anos-do-trabalho-politico-de-baleia-rossi\/","title":{"rendered":"Entrevista : Os 33 anos do trabalho pol\u00edtico de Baleia Rossi"},"content":{"rendered":"<div class='code-block code-block-1' style='margin: 8px 0 8px auto; text-align: right; display: block; clear: both;'>\n<p><a href=\"https:\/\/wa.link\/vpicfd\"><img data-recalc-dims=\"1\" class=\"wp-image-4922\" style=\"aspect-ratio: 2.0253164556962027; width: 561px; height: auto;\" src=\"https:\/\/i0.wp.com\/ismaelcolosi.com.br\/wp-content\/uploads\/2023\/11\/grupo-de-empregos-whatsapp-e-facebook-ismael-colosi-vagas.jpg?ssl=1\" alt=\"\" \/><\/a><\/p>\n<!-- \/wp:image -->\n<\/div>\n<p> <br \/>\n<\/p>\n<div>\n<p><em>Deputado federal relembra trajet\u00f3ria iniciada aos 20 anos, destaca a presid\u00eancia do MDB e a atua\u00e7\u00e3o em pautas decisivas, como a Reforma Tribut\u00e1ria e a viabiliza\u00e7\u00e3o de recursos federais para obras estruturantes em Ribeir\u00e3o Preto.<\/em><\/p>\n<p>O deputado federal por Ribeir\u00e3o Preto, Luiz Felipe Baleia Tenuto Rossi (MDB), mais conhecido como Baleia Rossi, construiu uma trajet\u00f3ria pol\u00edtica considerada invej\u00e1vel, iniciada aos 20 anos de idade em 1992, quando foi eleito pela primeira vez vereador em Ribeir\u00e3o Preto.\u2028Desde ent\u00e3o n\u00e3o parou mais.<\/p>\n<p>Foi reeleito vereador mais duas vezes, eleito tr\u00eas vezes deputado estadual e outras tr\u00eas para a C\u00e2mara dos Deputados. Desde 2019, preside o MDB, uma das mais tradicionais legendas pol\u00edticas do pa\u00eds.<\/p>\n<figure id=\"attachment_450810\" aria-describedby=\"caption-attachment-450810\" style=\"width: 417px\" class=\"wp-caption aligncenter\"><img data-recalc-dims=\"1\" loading=\"lazy\" decoding=\"async\" class=\"wp-image-450810 lazyload\" src=\"https:\/\/i0.wp.com\/www.tribunaribeirao.com.br\/wp-content\/uploads\/2025\/12\/Baleia-discurso-no-plenario-Reforma-Tributaria-3-300x200.jpg?resize=417%2C278&#038;ssl=1\" alt=\"\" width=\"417\" height=\"278\" srcset=\"https:\/\/www.tribunaribeirao.com.br\/wp-content\/uploads\/2025\/12\/Baleia-discurso-no-plenario-Reforma-Tributaria-3-300x200.jpg 300w, https:\/\/www.tribunaribeirao.com.br\/wp-content\/uploads\/2025\/12\/Baleia-discurso-no-plenario-Reforma-Tributaria-3-1024x683.jpg 1024w, https:\/\/www.tribunaribeirao.com.br\/wp-content\/uploads\/2025\/12\/Baleia-discurso-no-plenario-Reforma-Tributaria-3-768x512.jpg 768w, https:\/\/www.tribunaribeirao.com.br\/wp-content\/uploads\/2025\/12\/Baleia-discurso-no-plenario-Reforma-Tributaria-3-1536x1024.jpg 1536w, https:\/\/www.tribunaribeirao.com.br\/wp-content\/uploads\/2025\/12\/Baleia-discurso-no-plenario-Reforma-Tributaria-3-2048x1365.jpg 2048w, https:\/\/www.tribunaribeirao.com.br\/wp-content\/uploads\/2025\/12\/Baleia-discurso-no-plenario-Reforma-Tributaria-3-480x320.jpg 480w, https:\/\/www.tribunaribeirao.com.br\/wp-content\/uploads\/2025\/12\/Baleia-discurso-no-plenario-Reforma-Tributaria-3-280x186.jpg 280w, https:\/\/www.tribunaribeirao.com.br\/wp-content\/uploads\/2025\/12\/Baleia-discurso-no-plenario-Reforma-Tributaria-3-1920x1280.jpg 1920w, https:\/\/www.tribunaribeirao.com.br\/wp-content\/uploads\/2025\/12\/Baleia-discurso-no-plenario-Reforma-Tributaria-3-960x640.jpg 960w, https:\/\/www.tribunaribeirao.com.br\/wp-content\/uploads\/2025\/12\/Baleia-discurso-no-plenario-Reforma-Tributaria-3-600x400.jpg 600w, https:\/\/www.tribunaribeirao.com.br\/wp-content\/uploads\/2025\/12\/Baleia-discurso-no-plenario-Reforma-Tributaria-3-585x390.jpg 585w, https:\/\/www.tribunaribeirao.com.br\/wp-content\/uploads\/2025\/12\/Baleia-discurso-no-plenario-Reforma-Tributaria-3-scaled.jpg 1200w\" data-sizes=\"(max-width: 417px) 100vw, 417px\" style=\"--smush-placeholder-width: 417px; --smush-placeholder-aspect-ratio: 417\/278;\"\/><figcaption id=\"caption-attachment-450810\" class=\"wp-caption-text\">Baleia em discurso no plen\u00e1rio<\/figcaption><\/figure>\n<p>Em entrevista ao<strong> Tribuna Ribeir\u00e3o<\/strong>, Baleia Rossi relembrou sua trajet\u00f3ria pol\u00edtica e falou sobre o seu trabalho pol\u00edtico, como a luta para a viabiliza\u00e7\u00e3o da Reforma Tribut\u00e1ria Brasileira e o trabalho, junto com o prefeito Ricardo Silva (PSD), para a libera\u00e7\u00e3o de recursos federais de R$ 1,1 bilh\u00e3o para a constru\u00e7\u00e3o da mais importante obra vi\u00e1ria da cidade: a Via Leste e Oeste.<\/p>\n<p><strong>Tribuna Ribeir\u00e3o<\/strong> \u2013 O senhor come\u00e7ou sua carreira pol\u00edtica aos 20 anos de idade como vereador em Ribeir\u00e3o Preto. J\u00e1 foi eleito tr\u00eas vezes deputado estadual e hoje \u00e9 deputado federal pela terceira vez, al\u00e9m de presidente nacional do MDB. Como avalia essa trajet\u00f3ria pol\u00edtica?<\/p>\n<p><strong>Baleia Rossi<\/strong> \u2013 Desde crian\u00e7a sempre acompanhei meu pai, percorrendo as cidades da nossa regi\u00e3o. Percebi desde cedo o quanto \u00e9 importante termos pol\u00edticas p\u00fablicas que contribuam com o desenvolvimento dos munic\u00edpios e ajudem de verdade as pessoas que mais precisam.<\/p>\n<p>Comecei minha vida p\u00fablica em Ribeir\u00e3o Preto porque \u00e9 a cidade onde cresci, constitu\u00ed minha fam\u00edlia e moro at\u00e9 hoje. Aprendi muito nos dez anos em que fui vereador, o que me fez ter a confian\u00e7a da popula\u00e7\u00e3o para ser deputado estadual e hoje deputado federal. Ap\u00f3s 33 anos de mandato, sinto que ainda posso contribuir para que tenhamos um Pa\u00eds mais justo e com vida mais digna para todas as fam\u00edlias.<\/p>\n<p><strong>Tribuna Ribeir\u00e3o<\/strong> \u2013 O senhor j\u00e1 teve a pretens\u00e3o de ser prefeito de Ribeir\u00e3o Preto em 2004 quando se candidatou, mas n\u00e3o se elegeu. Esse sonho ainda persiste?<\/p>\n<p><strong>Baleia Rossi<\/strong> \u2013 Naquele momento, o saudoso Welson Gasparini foi eleito em um segundo turno muito disputado. \u00c9ramos dois apaixonados pela nossa cidade e que queriam o melhor para ela. Hoje, a hist\u00f3ria comprova isso. E esse meu sonho de sempre conseguir ajudar Ribeir\u00e3o Preto continua.<\/p>\n<p>Mas, nesse momento, entendo que como deputado federal posso ajudar mais a nossa cidade. Nos \u00faltimos anos foram mais de R$ 160 milh\u00f5es em emendas parlamentares para todos os hospitais, entidades filantr\u00f3picas e projetos sociais. Al\u00e9m de ve\u00edculos para assist\u00eancia social, ambul\u00e2ncias, SAMU, obras em todos os setores, como na Sa\u00fade, Esporte, Infraestrutura e Turismo. Tamb\u00e9m articulei programas no governo estadual e federal que trouxeram recursos para Ribeir\u00e3o. A exemplo, temos mais recentemente a conquista de R$ 1,1 bilh\u00e3o para implanta\u00e7\u00e3o da Via Leste-Oeste.<\/p>\n<p><strong>Tribuna Ribeir\u00e3o<\/strong> \u2013 Sua carreira pol\u00edtica tamb\u00e9m \u00e9 marcada pelo trabalho pela regi\u00e3o e em defesa dos munic\u00edpios. Como avalia a PEC dos munic\u00edpios?<\/p>\n<p><strong>Baleia Rossi \u2013<\/strong> A PEC dos Munic\u00edpios tem um significado muito especial para mim, porque fui o relator dessa proposta constru\u00edda a muitas m\u00e3os, ouvindo prefeitos, gestores e quem vive a realidade das cidades. Ela nasceu do di\u00e1logo e da necessidade real dos munic\u00edpios, que estavam sufocados por d\u00edvidas e sem espa\u00e7o para cuidar das pessoas.<\/p>\n<p>Tive a responsabilidade de buscar equil\u00edbrio. Quando uma prefeitura fica sufocada por d\u00edvidas, quem paga a conta \u00e9 o cidad\u00e3o, com posto de sa\u00fade sem recurso, escola sem investimento e obras paradas. A PEC organiza essas d\u00edvidas, d\u00e1 f\u00f4lego \u00e0s cidades e permite que o dinheiro volte a ser aplicado em sa\u00fade, educa\u00e7\u00e3o, infraestrutura e assist\u00eancia social. Fortalecer os munic\u00edpios \u00e9 garantir atendimento melhor, servi\u00e7os funcionando e mais qualidade de vida. Essa emenda \u00e9 sobre responsabilidade fiscal, mas, acima de tudo, \u00e9 sobre gente, sobre quem depende do poder p\u00fablico no dia a dia.<img data-recalc-dims=\"1\" loading=\"lazy\" decoding=\"async\" class=\"wp-image-450811 alignleft lazyload\" src=\"https:\/\/i0.wp.com\/www.tribunaribeirao.com.br\/wp-content\/uploads\/2025\/12\/DSC_9403-200x300.jpg?resize=248%2C372&#038;ssl=1\" alt=\"\" width=\"248\" height=\"372\" srcset=\"https:\/\/www.tribunaribeirao.com.br\/wp-content\/uploads\/2025\/12\/DSC_9403-200x300.jpg 200w, https:\/\/www.tribunaribeirao.com.br\/wp-content\/uploads\/2025\/12\/DSC_9403-683x1024.jpg 683w, https:\/\/www.tribunaribeirao.com.br\/wp-content\/uploads\/2025\/12\/DSC_9403-768x1152.jpg 768w, https:\/\/www.tribunaribeirao.com.br\/wp-content\/uploads\/2025\/12\/DSC_9403-1024x1536.jpg 1024w, https:\/\/www.tribunaribeirao.com.br\/wp-content\/uploads\/2025\/12\/DSC_9403-1365x2048.jpg 1365w, https:\/\/www.tribunaribeirao.com.br\/wp-content\/uploads\/2025\/12\/DSC_9403-1920x2880.jpg 1920w, https:\/\/www.tribunaribeirao.com.br\/wp-content\/uploads\/2025\/12\/DSC_9403-960x1440.jpg 960w, https:\/\/www.tribunaribeirao.com.br\/wp-content\/uploads\/2025\/12\/DSC_9403-267x400.jpg 267w, https:\/\/www.tribunaribeirao.com.br\/wp-content\/uploads\/2025\/12\/DSC_9403-585x878.jpg 585w, https:\/\/www.tribunaribeirao.com.br\/wp-content\/uploads\/2025\/12\/DSC_9403-scaled.jpg 800w\" data-sizes=\"(max-width: 248px) 100vw, 248px\" style=\"--smush-placeholder-width: 248px; --smush-placeholder-aspect-ratio: 248\/372;\"\/><\/p>\n<p><strong>Tribuna Ribeir\u00e3o<\/strong> \u2013 Uma das marcas de seus mandatos tem sido a ajuda a entidades assistenciais e aos hospitais p\u00fablicos da regi\u00e3o, por meio de emendas e propostas legislativas. Tem no\u00e7\u00e3o de quantas entidades e cidades foram beneficiadas ao longo de seus mandatos estaduais e federais?<\/p>\n<p><strong>Baleia Rossi<\/strong> \u2013 Gra\u00e7as a Deus, \u00e9 at\u00e9 dif\u00edcil de contabilizar. Mas conseguimos ajudar todas as cidades do Estado de S\u00e3o Paulo, seja atrav\u00e9s de emendas parlamentares de minha autoria, projetos de lei, PECs ou parcerias com os governos estadual e federal. Meu foco sempre foi poder ajudar as Santas Casas, hospitais filantr\u00f3picos e institui\u00e7\u00f5es sociais.<\/p>\n<p>S\u00f3 na macrorregi\u00e3o de Ribeir\u00e3o Preto, s\u00e3o 69 munic\u00edpios atendidos, com mais de 100 hospitais e cerca de 200 entidades. Entre eles, est\u00e3o o Hospital das Cl\u00ednicas de Ribeir\u00e3o Preto, o Hospital de Amor de Barretos, o Hospital Dona Balbina de Porto Ferreira e os hospitais estaduais de Ribeir\u00e3o Preto, Serrana, Santa Rita do Passa Quatro. \u00c9 um trabalho di\u00e1rio que fazemos em S\u00e3o Paulo com o governador Tarc\u00edsio de Freitas, e nosso deputado estadual L\u00e9o Oliveira, e em Bras\u00edlia, no governo federal.<\/p>\n<p><strong>Tribuna Ribeir\u00e3o<\/strong> \u2013 Ribeir\u00e3o Preto acaba de assinar uma linha de cr\u00e9dito de R$ 1,1 bilh\u00e3o do Programa de Acelera\u00e7\u00e3o do Crescimento (PAC) para a viabiliza\u00e7\u00e3o da Via Leste, algo almejado pela cidade desde a d\u00e9cada de 1960. Trabalhar politicamente junto com o prefeito para a conquista dessa linha de cr\u00e9dito foi algo complexo?<\/p>\n<p><strong>Baleia Rossi<\/strong> \u2013 Esse \u00e9 o maior investimento que Ribeir\u00e3o Preto j\u00e1 recebeu na hist\u00f3ria. Fico muito feliz em ter conseguido concretizar a articula\u00e7\u00e3o que viabilizou essa grande conquista atrav\u00e9s do Minist\u00e9rio das Cidades, com o ministro Jader Filho, que \u00e9 do meu partido. Essa \u00e9 uma obra que vai revolucionar a mobilidade urbana nas regi\u00f5es leste, oeste e norte, mudando para melhor a vida de 340 mil pessoas de forma direta. Al\u00e9m das vias e interven\u00e7\u00f5es, o projeto inclui o Parque Linear Ulysses Guimar\u00e3es, com \u00e1reas de conviv\u00eancia, uma grande ciclovia e pista de caminhada, com linha verde urbana.<\/p>\n<p>Tamb\u00e9m garantimos 200 moradias do \u201cMinha Casa, Minha Vida\u201d para realoca\u00e7\u00e3o com dignidade de fam\u00edlias em \u00e1rea de ocupa\u00e7\u00e3o. Garantir um aporte deste tamanho n\u00e3o \u00e9 f\u00e1cil. Foi preciso uma uni\u00e3o de pessoas capacitadas para virar realidade. Exige projeto bem estruturado, alinhamento t\u00e9cnico, muita conversa e uni\u00e3o pol\u00edtica para fazer o processo andar, do in\u00edcio ao fim, com responsabilidade e transpar\u00eancia. Nada disso seria poss\u00edvel sem a colabora\u00e7\u00e3o do prefeito Ricardo Silva, do vice-prefeito Alessandro Maraca, com toda a equipe t\u00e9cnica, e apoio do deputado estadual L\u00e9o Oliveira.<\/p>\n<p><strong>Tribuna Ribeir\u00e3o<\/strong> \u2013 Outra conquista da cidade foi a constru\u00e7\u00e3o da nova Unidade de Emerg\u00eancia do Hospital das Cl\u00ednicas que j\u00e1 est\u00e1 sendo executada. Afirma-se nos meios pol\u00edticos que o senhor foi um dos entusiastas e defensores deste projeto.<\/p>\n<p><strong>Baleia Rossi<\/strong> \u2013 Defendo investimentos estruturantes, que desafogam o sistema, reduzem filas e garantem atendimento mais r\u00e1pido e digno para quem precisa. Essa \u00e9 uma obra muito importante para Ribeir\u00e3o Preto e para toda a regi\u00e3o, porque amplia a capacidade de atendimento de urg\u00eancia e emerg\u00eancia. Quando uma obra como essa sai do papel, quem ganha \u00e9 o cidad\u00e3o, especialmente quem depende do SUS. Apoiar a sa\u00fade \u00e9 isso: trabalhar para que projetos importantes avancem. O foco precisa ser sempre a vida das pessoas. Essa \u00e9 uma conquista que tem o trabalho do prefeito Ricardo Silva, que destinou R$ 30 milh\u00f5es em emenda parlamentar quando era deputado, e o restante do recurso veio atrav\u00e9s de articula\u00e7\u00e3o da nossa regi\u00e3o junto ao governador Tarc\u00edsio de Freitas.<\/p>\n<p><strong>Tribuna Ribeir\u00e3o<\/strong> \u2013 O senhor \u00e9 o autor da Proposta de Emenda Constitucional (PEC) da Reforma Tribut\u00e1ria. Em sua avalia\u00e7\u00e3o, o que essa legisla\u00e7\u00e3o e a unifica\u00e7\u00e3o de tributos representar\u00e3o no dia a dia dos empres\u00e1rios, dos pequenos empreendedores e da popula\u00e7\u00e3o?<br \/><strong>Baleia Rossi<\/strong> \u2013 A Reforma Tribut\u00e1ria foi pensada para simplificar a vida de quem produz, trabalha e consome no Brasil. Antes, empres\u00e1rios e pequenos empreendedores perdiam tempo e dinheiro tentando entender um sistema confuso, cheio de regras diferentes. A unifica\u00e7\u00e3o de tributos traz clareza, previsibilidade e seguran\u00e7a, permitindo que o empres\u00e1rio foque no que realmente importa: gerar emprego, investir e crescer.<\/p>\n<p>Para as pequenas empresas, isso significa menos burocracia e mais justi\u00e7a. Quem \u00e9 menor deixa de ser penalizado por um sistema complexo que favorecia poucos. Para a popula\u00e7\u00e3o, o impacto aparece no bolso. Com impostos mais transparentes e cobrados no destino, produtos e servi\u00e7os essenciais tendem a ficar mais baratos, especialmente para quem tem menos renda. Essa reforma n\u00e3o \u00e9 s\u00f3 sobre impostos. \u00c9 sobre tornar o Brasil mais simples, mais justo e mais competitivo, criando um ambiente que gere oportunidades e melhore a vida das pessoas no dia a dia.<\/p>\n<p><strong>Tribuna Ribeir\u00e3o<\/strong> \u2013 Os pequenos munic\u00edpios \u2013 aqueles que t\u00eam sua economia muito centralizada em uma ou mais empresas \u2013 v\u00e3o perder arrecada\u00e7\u00e3o, porque o imposto n\u00e3o ser\u00e1 mais devido na fonte. Isso n\u00e3o \u00e9 um problema?<br \/><strong>Baleia Rossi \u2013<\/strong> N\u00e3o, isso n\u00e3o \u00e9 verdade. Nenhuma cidade vai perder arrecada\u00e7\u00e3o. Algumas v\u00e3o ganhar mais e outras menos, mas todas ter\u00e3o ganhos ap\u00f3s a transi\u00e7\u00e3o. Essa \u00e9 uma preocupa\u00e7\u00e3o que aparece com frequ\u00eancia, mas n\u00e3o \u00e9 ver\u00eddica. A mudan\u00e7a para a cobran\u00e7a no destino foi pensada justamente para corrigir distor\u00e7\u00f5es hist\u00f3ricas, n\u00e3o para prejudicar os munic\u00edpios. A reforma prev\u00ea um longo per\u00edodo de transi\u00e7\u00e3o, com regras claras, fundos de compensa\u00e7\u00e3o e crit\u00e9rios que garantem estabilidade da arrecada\u00e7\u00e3o. Al\u00e9m disso, o sistema atual concentra arrecada\u00e7\u00e3o e penaliza muitos munic\u00edpios que consomem, mas n\u00e3o produzem.<\/p>\n<p>Com um modelo mais simples, transparente e que estimula o crescimento econ\u00f4mico, a base de arrecada\u00e7\u00e3o tende a se ampliar, beneficiando tamb\u00e9m os munic\u00edpios menores. A reforma n\u00e3o enfraquece as cidades. Ao contr\u00e1rio, fortalece o pacto federativo e cria condi\u00e7\u00f5es mais justas para que todos continuem prestando bons servi\u00e7os \u00e0 popula\u00e7\u00e3o.<\/p>\n<p><strong>Tribuna Ribeir\u00e3o<\/strong> \u2013 Como \u00e9 comandar o MDB nacional, um dos mais tradicionais partidos do pa\u00eds que elegeu, em 2022, 42 deputados federais e tr\u00eas governadores?<\/p>\n<p><strong>Baleia Rossi<\/strong> \u2013 Tenho muita honra em estar presidente do MDB. \u00c9 o maior partido do Brasil e o mais democr\u00e1tico. Estamos em um crescente gra\u00e7as \u00e0 confian\u00e7a da popula\u00e7\u00e3o. Hoje, somos o partido que mais governa pessoas, s\u00e3o mais de 37,4 milh\u00f5es em todo o pa\u00eds. Pela primeira vez na hist\u00f3ria, vencemos uma elei\u00e7\u00e3o para prefeito na capital paulista, com Ricardo Nunes. Estamos conseguindo fazer a diferen\u00e7a, dando voz a quem precisa ser ouvido. Somos o partido que em 2024 elegeu mais mulheres e pretos e pardos. Sigo com muito di\u00e1logo, responsabilidade e transpar\u00eancia para que continuemos crescendo.<\/p>\n<p><strong>Tribuna Ribeir\u00e3o<\/strong> \u2013 Nas recentes pesquisas eleitorais seu nome aparece entre os cotados a senador por S\u00e3o Paulo nas pr\u00f3ximas elei\u00e7\u00f5es, quando o estado renovar\u00e1 dois dos seus tr\u00eas senadores. O senhor pretende se candidatar ao Senado ou vai disputar a reelei\u00e7\u00e3o para deputado federal?<\/p>\n<p><strong>Baleia Rossi<\/strong> \u2013 A prioridade \u00e9 a minha pr\u00e9-candidatura \u00e0 reelei\u00e7\u00e3o para deputado federal. Seguir ajudando nossas cidades, Santas Casas e entidades filantr\u00f3picas, como venho fazendo ao longo do mandato. E tamb\u00e9m debater os grandes temas do Brasil, como a Reforma Tribut\u00e1ria, que n\u00f3s conseguimos aprovar ap\u00f3s 35 anos. O MDB est\u00e1 fortalecido, com grandes nomes para 2026. Estou confiante de que elegeremos grandes bancadas no Estado de S\u00e3o Paulo.<\/p>\n<p><strong>Tribuna Ribeir\u00e3o<\/strong> \u2013 Segundo pesquisas, a seguran\u00e7a p\u00fablica dever\u00e1 ser um dos temas priorit\u00e1rios nas pr\u00f3ximas elei\u00e7\u00f5es. Qual sua avalia\u00e7\u00e3o sobre o projeto de lei anti-fac\u00e7\u00e3o?<\/p>\n<p><strong>Baleia Rossi<\/strong> \u2013 N\u00e3o podemos passar pano para bandido. A pauta da seguran\u00e7a p\u00fablica tem que ser uma das prioridades, tanto na C\u00e2mara quanto no Senado. A popula\u00e7\u00e3o n\u00e3o aguenta mais conviver com tanta viol\u00eancia. O que vimos recentemente no Rio de Janeiro e tamb\u00e9m em S\u00e3o Paulo deixa claro que esse enfrentamento \u00e9 urgente e necess\u00e1rio. O endurecimento da legisla\u00e7\u00e3o precisa acontecer. Discutir o tema com seriedade e dar respostas concretas. Isso passa por penas mais duras para fac\u00e7\u00f5es e debate t\u00e9cnico.<\/p>\n<p>N\u00e3o h\u00e1 espa\u00e7o para relativizar o crime. As fac\u00e7\u00f5es cresceram, se organizaram, ganharam recursos e hoje desafiam o Estado. Para enfrent\u00e1-las, \u00e9 preciso intelig\u00eancia, fortalecimento das pol\u00edcias e respaldo legal para que a lei seja cumprida. Esse n\u00e3o \u00e9 um debate ideol\u00f3gico. N\u00e3o \u00e9 de direita ou de esquerda. \u00c9 uma cobran\u00e7a da sociedade, especialmente de quem vive nas \u00e1reas mais vulner\u00e1veis e quer paz, seguran\u00e7a e um futuro melhor para suas fam\u00edlias.<\/p>\n<p><strong>Tribuna Ribeir\u00e3o<\/strong> \u2013 O senhor votou favoravelmente ao projeto de lei da Dosimetria, obviamente, por acreditar que a pena imposta pelo STF aos condenados pelos atos golpistas contra a Democracia tenha sido exagerada? Isso n\u00e3o \u00e9 uma brecha para impunidades em atos contra a democracia e tamb\u00e9m alento para penas menores para crimes t\u00e3o graves?<\/p>\n<p><strong>Baleia Rossi<\/strong> \u2013 A minha posi\u00e7\u00e3o sobre a dosimetria \u00e9 muito clara e nasce de um princ\u00edpio simples: justi\u00e7a se faz com equil\u00edbrio. N\u00e3o \u00e9 aliviar para ningu\u00e9m, mas tamb\u00e9m n\u00e3o \u00e9 tratar situa\u00e7\u00f5es completamente diferentes como se fossem iguais. Nas minhas redes sociais, usei o exemplo do futebol justamente por isso. Em qualquer campeonato, o tribunal analisa caso a caso.<\/p>\n<p>Quem s\u00f3 empurrou na sa\u00edda do vesti\u00e1rio n\u00e3o pode receber a mesma puni\u00e7\u00e3o de quem tentou agredir o \u00e1rbitro ou acabar com o campeonato. Se a regra n\u00e3o diferencia, ela deixa de ser justa. No debate da dosimetria, o que defendo \u00e9 exatamente isso: cada pessoa deve responder na medida exata do que fez.<\/p>\n<p>Tem gente que cometeu atos graves e precisa ser punida com rigor. Mas tamb\u00e9m h\u00e1 pessoas envolvidas em situa\u00e7\u00f5es menores, que n\u00e3o podem pagar como se tivessem cometido os piores crimes poss\u00edveis. Sem privil\u00e9gios para pol\u00edticos, mas tamb\u00e9m sem exageros para as outras pessoas. Justi\u00e7a s\u00f3 funciona quando as regras s\u00e3o claras, proporcionais e valem para todos.<\/p>\n<p>\u00a0<\/p>\n<\/div>\n<p><br \/>\n<br \/><a href=\"https:\/\/www.tribunaribeirao.com.br\/entrevista-os-33-anos-do-trabalho-politico-de-baleia-rossi\/\">Source link <\/a><\/p>\n<!-- CONTENT END 1 -->\n","protected":false},"excerpt":{"rendered":"<p>Deputado federal relembra trajet\u00f3ria iniciada aos 20 anos, destaca a presid\u00eancia do MDB e a atua\u00e7\u00e3o em pautas decisivas, como a Reforma Tribut\u00e1ria e a&#8230;<\/p>\n","protected":false},"author":1,"featured_media":81317,"comment_status":"open","ping_status":"open","sticky":false,"template":"","format":"standard","meta":{"advanced_seo_description":"","jetpack_seo_html_title":"","jetpack_seo_noindex":false,"jetpack_post_was_ever_published":false,"_jetpack_newsletter_access":"","_jetpack_dont_email_post_to_subs":false,"_jetpack_newsletter_tier_id":0,"_jetpack_memberships_contains_paywalled_content":false,"_jetpack_memberships_contains_paid_content":false,"footnotes":"","jetpack_publicize_message":"","jetpack_publicize_feature_enabled":true,"jetpack_social_post_already_shared":true,"jetpack_social_options":{"image_generator_settings":{"template":"highway","default_image_id":0,"font":"","enabled":false},"version":2}},"categories":[11],"tags":[],"class_list":["post-81316","post","type-post","status-publish","format-standard","has-post-thumbnail","hentry","category-noticias-de-ribeirao-preto-sp-e-regiao-ismael-colosi"],"jetpack_publicize_connections":[],"jetpack_featured_media_url":"https:\/\/i0.wp.com\/noticiasribeiraopreto.com.br\/wp-content\/uploads\/2026\/01\/Baleia-Rossi-21-scaled.jpg?fit=1200%2C800&ssl=1","jetpack-related-posts":[{"id":74190,"url":"https:\/\/noticiasribeiraopreto.com.br\/index.php\/2025\/07\/17\/baleia-rossi-tem-mandato-como-presidente-do-mdb-prorrogado-ate-2027\/","url_meta":{"origin":81316,"position":0},"title":"Baleia Rossi tem mandato como presidente do MDB prorrogado at\u00e9 2027","author":"noticiasribeiraopreto.com.br","date":"17 de July de 2025","format":false,"excerpt":"O deputado federal Baleia Rossi, que tem base pol\u00edtica em Ribeir\u00e3o Preto, teve o mandato como presidente do MDB prorrogado at\u00e9 maio de 2027. O parlamentar ocupa a presid\u00eancia da legenda desde 2019. Segundo o MDB, a decis\u00e3o foi tomada de forma un\u00e2nime e atende \u00e0s regras do estatuto do\u2026","rel":"","context":"In &quot;Not\u00edcias de Ribeir\u00e3o Preto-SP e Regi\u00e3o&quot;","block_context":{"text":"Not\u00edcias de Ribeir\u00e3o Preto-SP e Regi\u00e3o","link":"https:\/\/noticiasribeiraopreto.com.br\/index.php\/category\/noticias-de-ribeirao-preto-sp-e-regiao-ismael-colosi\/"},"img":{"alt_text":"","src":"https:\/\/i0.wp.com\/noticiasribeiraopreto.com.br\/wp-content\/uploads\/2025\/07\/baleia-rossi_2025-07-17_19-09-55.webp.webp?fit=1200%2C739&ssl=1&resize=350%2C200","width":350,"height":200,"srcset":"https:\/\/i0.wp.com\/noticiasribeiraopreto.com.br\/wp-content\/uploads\/2025\/07\/baleia-rossi_2025-07-17_19-09-55.webp.webp?fit=1200%2C739&ssl=1&resize=350%2C200 1x, https:\/\/i0.wp.com\/noticiasribeiraopreto.com.br\/wp-content\/uploads\/2025\/07\/baleia-rossi_2025-07-17_19-09-55.webp.webp?fit=1200%2C739&ssl=1&resize=525%2C300 1.5x, https:\/\/i0.wp.com\/noticiasribeiraopreto.com.br\/wp-content\/uploads\/2025\/07\/baleia-rossi_2025-07-17_19-09-55.webp.webp?fit=1200%2C739&ssl=1&resize=700%2C400 2x, https:\/\/i0.wp.com\/noticiasribeiraopreto.com.br\/wp-content\/uploads\/2025\/07\/baleia-rossi_2025-07-17_19-09-55.webp.webp?fit=1200%2C739&ssl=1&resize=1050%2C600 3x"},"classes":[]},{"id":73891,"url":"https:\/\/noticiasribeiraopreto.com.br\/index.php\/2025\/07\/11\/baleia-rossi-teria-111-em-disputa-para-o-senado-diz-pesquisa\/","url_meta":{"origin":81316,"position":1},"title":"Baleia Rossi teria 11,1 % em disputa para o Senado, diz pesquisa","author":"noticiasribeiraopreto.com.br","date":"11 de July de 2025","format":false,"excerpt":"11 de julho de 2025 16:311 Compartilhar0 Pesquisa realizada pelo Instituto Paran\u00e1 Pesquisa, divulgada esta semana, revelou que o deputado federal ribeir\u00e3o-pretano, Baleia Rossi (MDB), teria atualmente 11,1% de inten\u00e7\u00f5es de votos, caso decida disputar uma vaga para o Senado Federal nas elei\u00e7\u00f5es do pr\u00f3ximo ano. A pesquisa ouviu 1.680\u2026","rel":"","context":"In &quot;Not\u00edcias de Ribeir\u00e3o Preto-SP e Regi\u00e3o&quot;","block_context":{"text":"Not\u00edcias de Ribeir\u00e3o Preto-SP e Regi\u00e3o","link":"https:\/\/noticiasribeiraopreto.com.br\/index.php\/category\/noticias-de-ribeirao-preto-sp-e-regiao-ismael-colosi\/"},"img":{"alt_text":"","src":"https:\/\/i0.wp.com\/noticiasribeiraopreto.com.br\/wp-content\/uploads\/2025\/07\/Ministros-Cleia-Viana-Camara-dos-Deputados-scaled.jpg?fit=800%2C533&ssl=1&resize=350%2C200","width":350,"height":200,"srcset":"https:\/\/i0.wp.com\/noticiasribeiraopreto.com.br\/wp-content\/uploads\/2025\/07\/Ministros-Cleia-Viana-Camara-dos-Deputados-scaled.jpg?fit=800%2C533&ssl=1&resize=350%2C200 1x, https:\/\/i0.wp.com\/noticiasribeiraopreto.com.br\/wp-content\/uploads\/2025\/07\/Ministros-Cleia-Viana-Camara-dos-Deputados-scaled.jpg?fit=800%2C533&ssl=1&resize=525%2C300 1.5x, https:\/\/i0.wp.com\/noticiasribeiraopreto.com.br\/wp-content\/uploads\/2025\/07\/Ministros-Cleia-Viana-Camara-dos-Deputados-scaled.jpg?fit=800%2C533&ssl=1&resize=700%2C400 2x"},"classes":[]},{"id":59637,"url":"https:\/\/noticiasribeiraopreto.com.br\/index.php\/2024\/10\/27\/dia-de-democracia-diz-deputado-baleia-rossi-ao-votar-neste-2o-turno-em-ribeirao\/","url_meta":{"origin":81316,"position":2},"title":"\u2018Dia de Democracia\u2019, diz deputado Baleia Rossi ao votar neste 2\u00ba turno em Ribeir\u00e3o","author":"noticiasribeiraopreto.com.br","date":"27 de October de 2024","format":false,"excerpt":"O deputado federal Baleia Rossi, presidente nacional do MDB, participou da vota\u00e7\u00e3o no segundo turno das elei\u00e7\u00f5es, neste domingo (27), em Ribeir\u00e3o Preto. O parlamentar votou na Faculdade de Filosofia, Ci\u00eancias e Letras da USP Ribeir\u00e3o. \u201cHoje \u00e9 dia de Democracia e exercer nosso direito de cidad\u00e3o. Que Deus aben\u00e7oe\u2026","rel":"","context":"In &quot;Not\u00edcias de Ribeir\u00e3o Preto-SP e Regi\u00e3o&quot;","block_context":{"text":"Not\u00edcias de Ribeir\u00e3o Preto-SP e Regi\u00e3o","link":"https:\/\/noticiasribeiraopreto.com.br\/index.php\/category\/noticias-de-ribeirao-preto-sp-e-regiao-ismael-colosi\/"},"img":{"alt_text":"","src":"https:\/\/i0.wp.com\/noticiasribeiraopreto.com.br\/wp-content\/uploads\/2024\/10\/WhatsApp-Image-2024-10-27-at-12.03.40_2024-10-27_15-57-24_jpeg_2024-10-27_15-57-25-scaled.webp.webp?fit=1200%2C675&ssl=1&resize=350%2C200","width":350,"height":200,"srcset":"https:\/\/i0.wp.com\/noticiasribeiraopreto.com.br\/wp-content\/uploads\/2024\/10\/WhatsApp-Image-2024-10-27-at-12.03.40_2024-10-27_15-57-24_jpeg_2024-10-27_15-57-25-scaled.webp.webp?fit=1200%2C675&ssl=1&resize=350%2C200 1x, https:\/\/i0.wp.com\/noticiasribeiraopreto.com.br\/wp-content\/uploads\/2024\/10\/WhatsApp-Image-2024-10-27-at-12.03.40_2024-10-27_15-57-24_jpeg_2024-10-27_15-57-25-scaled.webp.webp?fit=1200%2C675&ssl=1&resize=525%2C300 1.5x, https:\/\/i0.wp.com\/noticiasribeiraopreto.com.br\/wp-content\/uploads\/2024\/10\/WhatsApp-Image-2024-10-27-at-12.03.40_2024-10-27_15-57-24_jpeg_2024-10-27_15-57-25-scaled.webp.webp?fit=1200%2C675&ssl=1&resize=700%2C400 2x, https:\/\/i0.wp.com\/noticiasribeiraopreto.com.br\/wp-content\/uploads\/2024\/10\/WhatsApp-Image-2024-10-27-at-12.03.40_2024-10-27_15-57-24_jpeg_2024-10-27_15-57-25-scaled.webp.webp?fit=1200%2C675&ssl=1&resize=1050%2C600 3x"},"classes":[]},{"id":83912,"url":"https:\/\/noticiasribeiraopreto.com.br\/index.php\/2026\/03\/28\/felicio-ramuth-oficializa-filiacao-ao-mdb-apos-convites-de-liderancas\/","url_meta":{"origin":81316,"position":3},"title":"Fel\u00edcio Ramuth oficializa filia\u00e7\u00e3o ao MDB ap\u00f3s convites de lideran\u00e7as","author":"noticiasribeiraopreto.com.br","date":"28 de March de 2026","format":false,"excerpt":"O vice-governador de S\u00e3o Paulo, Fel\u00edcio Ramuth, oficializou sua filia\u00e7\u00e3o ao MDB (Movimento Democr\u00e1tico Brasileiro). Segundo fontes do acidade on, o encontro entre o vice-governador e o presidente nacional da sigla, o deputado federal Baleia Rossi, teria ocorrido em Ribeir\u00e3o Preto. A ades\u00e3o de Ramuth ao MDB ocorreu ap\u00f3s convites\u2026","rel":"","context":"In &quot;Not\u00edcias de Ribeir\u00e3o Preto-SP e Regi\u00e3o&quot;","block_context":{"text":"Not\u00edcias de Ribeir\u00e3o Preto-SP e Regi\u00e3o","link":"https:\/\/noticiasribeiraopreto.com.br\/index.php\/category\/noticias-de-ribeirao-preto-sp-e-regiao-ismael-colosi\/"},"img":{"alt_text":"","src":"https:\/\/i0.wp.com\/noticiasribeiraopreto.com.br\/wp-content\/uploads\/2026\/03\/palace-8_2026-03-28_14-18-10.webp.webp?fit=1200%2C675&ssl=1&resize=350%2C200","width":350,"height":200,"srcset":"https:\/\/i0.wp.com\/noticiasribeiraopreto.com.br\/wp-content\/uploads\/2026\/03\/palace-8_2026-03-28_14-18-10.webp.webp?fit=1200%2C675&ssl=1&resize=350%2C200 1x, https:\/\/i0.wp.com\/noticiasribeiraopreto.com.br\/wp-content\/uploads\/2026\/03\/palace-8_2026-03-28_14-18-10.webp.webp?fit=1200%2C675&ssl=1&resize=525%2C300 1.5x, https:\/\/i0.wp.com\/noticiasribeiraopreto.com.br\/wp-content\/uploads\/2026\/03\/palace-8_2026-03-28_14-18-10.webp.webp?fit=1200%2C675&ssl=1&resize=700%2C400 2x, https:\/\/i0.wp.com\/noticiasribeiraopreto.com.br\/wp-content\/uploads\/2026\/03\/palace-8_2026-03-28_14-18-10.webp.webp?fit=1200%2C675&ssl=1&resize=1050%2C600 3x"},"classes":[]},{"id":44285,"url":"https:\/\/noticiasribeiraopreto.com.br\/index.php\/2024\/03\/26\/prefeito-e-cinco-vereadores-de-cravinhos-filiam-se-ao-mdb\/","url_meta":{"origin":81316,"position":4},"title":"Prefeito e cinco vereadores de Cravinhos filiam-se ao MDB","author":"noticiasribeiraopreto.com.br","date":"26 de March de 2024","format":false,"excerpt":"26 de mar\u00e7o de 2024 | 17:42 0 O MDB oficializou a filia\u00e7\u00e3o de nove importantes lideran\u00e7as de Cravinhos, incluindo o prefeito Itamar Bueno e o ex-prefeito Boi, na manh\u00e3 desta segunda-feira, 26, na C\u00e2mara Municipal. A cerim\u00f4nia contou com a presen\u00e7a do presidente nacional do partido, deputado federal Baleia\u2026","rel":"","context":"In &quot;Not\u00edcias de Ribeir\u00e3o Preto-SP e Regi\u00e3o&quot;","block_context":{"text":"Not\u00edcias de Ribeir\u00e3o Preto-SP e Regi\u00e3o","link":"https:\/\/noticiasribeiraopreto.com.br\/index.php\/category\/noticias-de-ribeirao-preto-sp-e-regiao-ismael-colosi\/"},"img":{"alt_text":"","src":"https:\/\/i0.wp.com\/noticiasribeiraopreto.com.br\/wp-content\/uploads\/2024\/03\/photo_2024-03-25_12-34-51-scaled.jpg?fit=1000%2C563&ssl=1&resize=350%2C200","width":350,"height":200,"srcset":"https:\/\/i0.wp.com\/noticiasribeiraopreto.com.br\/wp-content\/uploads\/2024\/03\/photo_2024-03-25_12-34-51-scaled.jpg?fit=1000%2C563&ssl=1&resize=350%2C200 1x, https:\/\/i0.wp.com\/noticiasribeiraopreto.com.br\/wp-content\/uploads\/2024\/03\/photo_2024-03-25_12-34-51-scaled.jpg?fit=1000%2C563&ssl=1&resize=525%2C300 1.5x, https:\/\/i0.wp.com\/noticiasribeiraopreto.com.br\/wp-content\/uploads\/2024\/03\/photo_2024-03-25_12-34-51-scaled.jpg?fit=1000%2C563&ssl=1&resize=700%2C400 2x"},"classes":[]},{"id":43917,"url":"https:\/\/noticiasribeiraopreto.com.br\/index.php\/2024\/03\/24\/mdb-lanca-coletivo-so-com-mulheres\/","url_meta":{"origin":81316,"position":5},"title":"MDB lan\u00e7a coletivo s\u00f3 com mulheres","author":"noticiasribeiraopreto.com.br","date":"24 de March de 2024","format":false,"excerpt":"24 de mar\u00e7o de 2024 | 10:0023 de mar\u00e7o de 2024 | 12:14 0 O Movimento Democr\u00e1tico Brasileiro (MDB) de Ribeir\u00e3o Preto realizou nesta semana a filia\u00e7\u00e3o ao partido de cinco mulheres e lan\u00e7ou a pr\u00e9-candidatura do \u201cColetivo Denisia \u2013 Mulheres em Movimento\u201d a uma vaga na C\u00e2mara de Vereadores,\u2026","rel":"","context":"In &quot;Not\u00edcias de Ribeir\u00e3o Preto-SP e Regi\u00e3o&quot;","block_context":{"text":"Not\u00edcias de Ribeir\u00e3o Preto-SP e Regi\u00e3o","link":"https:\/\/noticiasribeiraopreto.com.br\/index.php\/category\/noticias-de-ribeirao-preto-sp-e-regiao-ismael-colosi\/"},"img":{"alt_text":"","src":"https:\/\/i0.wp.com\/noticiasribeiraopreto.com.br\/wp-content\/uploads\/2024\/03\/MulherMDB-Divulgacao-scaled.jpg?fit=1200%2C675&ssl=1&resize=350%2C200","width":350,"height":200,"srcset":"https:\/\/i0.wp.com\/noticiasribeiraopreto.com.br\/wp-content\/uploads\/2024\/03\/MulherMDB-Divulgacao-scaled.jpg?fit=1200%2C675&ssl=1&resize=350%2C200 1x, https:\/\/i0.wp.com\/noticiasribeiraopreto.com.br\/wp-content\/uploads\/2024\/03\/MulherMDB-Divulgacao-scaled.jpg?fit=1200%2C675&ssl=1&resize=525%2C300 1.5x, https:\/\/i0.wp.com\/noticiasribeiraopreto.com.br\/wp-content\/uploads\/2024\/03\/MulherMDB-Divulgacao-scaled.jpg?fit=1200%2C675&ssl=1&resize=700%2C400 2x, https:\/\/i0.wp.com\/noticiasribeiraopreto.com.br\/wp-content\/uploads\/2024\/03\/MulherMDB-Divulgacao-scaled.jpg?fit=1200%2C675&ssl=1&resize=1050%2C600 3x"},"classes":[]}],"jetpack_sharing_enabled":true,"jetpack_shortlink":"https:\/\/wp.me\/peQAOb-l9y","_links":{"self":[{"href":"https:\/\/noticiasribeiraopreto.com.br\/index.php\/wp-json\/wp\/v2\/posts\/81316","targetHints":{"allow":["GET"]}}],"collection":[{"href":"https:\/\/noticiasribeiraopreto.com.br\/index.php\/wp-json\/wp\/v2\/posts"}],"about":[{"href":"https:\/\/noticiasribeiraopreto.com.br\/index.php\/wp-json\/wp\/v2\/types\/post"}],"author":[{"embeddable":true,"href":"https:\/\/noticiasribeiraopreto.com.br\/index.php\/wp-json\/wp\/v2\/users\/1"}],"replies":[{"embeddable":true,"href":"https:\/\/noticiasribeiraopreto.com.br\/index.php\/wp-json\/wp\/v2\/comments?post=81316"}],"version-history":[{"count":0,"href":"https:\/\/noticiasribeiraopreto.com.br\/index.php\/wp-json\/wp\/v2\/posts\/81316\/revisions"}],"wp:featuredmedia":[{"embeddable":true,"href":"https:\/\/noticiasribeiraopreto.com.br\/index.php\/wp-json\/wp\/v2\/media\/81317"}],"wp:attachment":[{"href":"https:\/\/noticiasribeiraopreto.com.br\/index.php\/wp-json\/wp\/v2\/media?parent=81316"}],"wp:term":[{"taxonomy":"category","embeddable":true,"href":"https:\/\/noticiasribeiraopreto.com.br\/index.php\/wp-json\/wp\/v2\/categories?post=81316"},{"taxonomy":"post_tag","embeddable":true,"href":"https:\/\/noticiasribeiraopreto.com.br\/index.php\/wp-json\/wp\/v2\/tags?post=81316"}],"curies":[{"name":"wp","href":"https:\/\/api.w.org\/{rel}","templated":true}]}}