{"id":81324,"date":"2026-01-02T06:52:12","date_gmt":"2026-01-02T09:52:12","guid":{"rendered":"https:\/\/noticiasribeiraopreto.com.br\/index.php\/2026\/01\/02\/jovem-morre-apos-ser-baleado-em-reveillon-na-regiao-de-ribeirao-preto\/"},"modified":"2026-01-02T06:52:12","modified_gmt":"2026-01-02T09:52:12","slug":"jovem-morre-apos-ser-baleado-em-reveillon-na-regiao-de-ribeirao-preto","status":"publish","type":"post","link":"https:\/\/noticiasribeiraopreto.com.br\/index.php\/2026\/01\/02\/jovem-morre-apos-ser-baleado-em-reveillon-na-regiao-de-ribeirao-preto\/","title":{"rendered":"Jovem morre ap\u00f3s ser baleado em r\u00e9veillon na regi\u00e3o de Ribeir\u00e3o Preto"},"content":{"rendered":"<div class='code-block code-block-1' style='margin: 8px 0 8px auto; text-align: right; display: block; clear: both;'>\n<p><a href=\"https:\/\/wa.link\/vpicfd\"><img data-recalc-dims=\"1\" class=\"wp-image-4922\" style=\"aspect-ratio: 2.0253164556962027; width: 561px; height: auto;\" src=\"https:\/\/i0.wp.com\/ismaelcolosi.com.br\/wp-content\/uploads\/2023\/11\/grupo-de-empregos-whatsapp-e-facebook-ismael-colosi-vagas.jpg?ssl=1\" alt=\"\" \/><\/a><\/p>\n<!-- \/wp:image -->\n<\/div>\n<p> <br \/>\n<\/p>\n<div data-td-block-uid=\"tdi_95\">\n<div class=\"tdb-block-inner td-fix-index\">\n<p><strong>Um jovem de 19 anos morreu na madrugada desta quinta-feira (1\u00ba), <strong>depois de ser balead<\/strong>o em um local onde ocorria uma festa de Ano Novo, em frente a uma lanchonete, na regi\u00e3o central de Igarapava, a 130 quil\u00f4metros de Ribeir\u00e3o Preto. \u00a0<\/strong><\/p>\n<p>Segundo o <strong>boletim de ocorr\u00eancia (BO)<\/strong>, <mark style=\"background-color:#fcb900\" class=\"has-inline-color has-black-color\">Iago Eduardo Gomes dos Santos foi atingido no lado esquerdo do peito e socorrido, mas n\u00e3o resistiu e faleceu na unidade de sa\u00fade onde recebia atendimento m\u00e9dico.<\/mark> A comemora\u00e7\u00e3o acontecia na esquina das ruas Capit\u00e3o Anselmo de Barcelos e Coronel Gaudino de Almeida, onde havia grande movimenta\u00e7\u00e3o de pessoas.<\/p>\n<p>Ainda conforme o registro, o atirador, com o qual a v\u00edtima teria se envolvido em uma discuss\u00e3o, fugiu do local. Um suspeito foi identificado, mas ningu\u00e9m foi preso.<\/p>\n<p>Uma testemunha relatou \u00e0 PM (Pol\u00edcia Militar) que houve a discuss\u00e3o e o atirador se aproximou de Iago com um rev\u00f3lver preto na m\u00e3o, quando teria disparado uma vez a uma dist\u00e2ncia de aproximadamente um metro. Em seguida, ele teria fugido no sentido a uma pra\u00e7a. Uma irm\u00e3 e um cunhado da v\u00edtima tamb\u00e9m estariam no local.<\/p>\n<p>O caso foi registrado no Plant\u00e3o da Delegacia Seccional de Franca como homic\u00eddio para investiga\u00e7\u00e3o da Pol\u00edcia Civil.<\/p>\n<p>SAIBA MAIS<\/p>\n<p>Mega da Virada: Bol\u00e3o com 18 cotas feito em cidade no estado de SP \u00e9 um dos vencedores<\/p>\n<h2 class=\"wp-block-heading\"><strong>FIQUE ON<\/strong><\/h2>\n<p>Fique ligado em tudo que acontece em Ribeir\u00e3o Preto e regi\u00e3o. Siga os perfis do\u00a0<strong>acidade on<\/strong>\u00a0no<a href=\"https:\/\/www.instagram.com\/acidadeonribeirao\" target=\"_blank\" rel=\"noreferrer noopener\">\u00a0Instagram\u00a0<\/a>e no\u00a0<a href=\"https:\/\/www.facebook.com\/acidadeonribeirao\/\" target=\"_blank\" rel=\"noreferrer noopener\">Facebook<\/a>.<\/p>\n<p>Receba not\u00edcias do<strong>\u00a0acidade on<\/strong>\u00a0no WhatsApp. Para entrar no grupo,\u00a0basta\u00a0<a href=\"https:\/\/chat.whatsapp.com\/I4nieTEMKlf50pJ28aMemC?mode=ac_t\" target=\"_blank\" rel=\"noreferrer noopener\">clicar aqui<\/a>. Ou, acesse o nosso\u00a0Canal\u00a0<a href=\"https:\/\/whatsapp.com\/channel\/0029Vb6IQl1JENyAeS57fk2p\" target=\"_blank\" rel=\"noreferrer noopener\">clicando aqui<\/a>.<\/p>\n<p>Fa\u00e7a uma den\u00fancia ou sugira uma reportagem sobre Ribeir\u00e3o Preto e regi\u00e3o pelo WhatsApp: 16 99117 7802.<\/p>\n<p>VEJA TAMB\u00c9M<\/p>\n<p>Por que Danielle saiu do NewJeans?<\/p>\n<p><!-- AI CONTENT END 1 -->\n<\/div>\n<\/div>\n<p><script async src=\"\/\/www.instagram.com\/embed.js\"><\/script><br \/>\n<br \/><br \/>\n<br \/><a href=\"https:\/\/www.acidadeon.com\/ribeiraopreto\/cotidiano\/jovem-morre-apos-ser-baleado-em-reveillon-na-regiao-ribeirao-preto\/\">Source link <\/a><\/p>\n<!-- CONTENT END 1 -->\n","protected":false},"excerpt":{"rendered":"<p>Um jovem de 19 anos morreu na madrugada desta quinta-feira (1\u00ba), depois de ser baleado em um local onde ocorria uma festa de Ano Novo,&#8230;<\/p>\n","protected":false},"author":1,"featured_media":81325,"comment_status":"open","ping_status":"open","sticky":false,"template":"","format":"standard","meta":{"advanced_seo_description":"","jetpack_seo_html_title":"","jetpack_seo_noindex":false,"jetpack_post_was_ever_published":false,"_jetpack_newsletter_access":"","_jetpack_dont_email_post_to_subs":false,"_jetpack_newsletter_tier_id":0,"_jetpack_memberships_contains_paywalled_content":false,"_jetpack_memberships_contains_paid_content":false,"footnotes":"","jetpack_publicize_message":"","jetpack_publicize_feature_enabled":true,"jetpack_social_post_already_shared":true,"jetpack_social_options":{"image_generator_settings":{"template":"highway","default_image_id":0,"font":"","enabled":false},"version":2}},"categories":[11],"tags":[],"class_list":["post-81324","post","type-post","status-publish","format-standard","has-post-thumbnail","hentry","category-noticias-de-ribeirao-preto-sp-e-regiao-ismael-colosi"],"jetpack_publicize_connections":[],"jetpack_featured_media_url":"https:\/\/i0.wp.com\/noticiasribeiraopreto.com.br\/wp-content\/uploads\/2026\/01\/POLICIA_2026-01-01_20-30-00.webp.webp?fit=1200%2C675&ssl=1","jetpack-related-posts":[{"id":51974,"url":"https:\/\/noticiasribeiraopreto.com.br\/index.php\/2024\/06\/02\/jovem-e-baleado-na-cabeca-apos-confusao-em-estacionamento-no-centro-de-ribeirao\/","url_meta":{"origin":81324,"position":0},"title":"Jovem \u00e9 baleado na cabe\u00e7a ap\u00f3s confus\u00e3o em estacionamento no Centro de Ribeir\u00e3o","author":"noticiasribeiraopreto.com.br","date":"2 de June de 2024","format":false,"excerpt":"Um jovem de 22 anos foi balado na cabe\u00e7a na madruga deste domingo (2), depois de uma confus\u00e3o em um estacionamento de ve\u00edculos, na avenida Jer\u00f4nimo Gon\u00e7alves, regi\u00e3o central de Ribeir\u00e3o Preto. O suspeito de ser o autor dos disparos fugiu e n\u00e3o havia sido identificado. Segundo o boletim de\u2026","rel":"","context":"In &quot;Not\u00edcias de Ribeir\u00e3o Preto-SP e Regi\u00e3o&quot;","block_context":{"text":"Not\u00edcias de Ribeir\u00e3o Preto-SP e Regi\u00e3o","link":"https:\/\/noticiasribeiraopreto.com.br\/index.php\/category\/noticias-de-ribeirao-preto-sp-e-regiao-ismael-colosi\/"},"img":{"alt_text":"","src":"https:\/\/i0.wp.com\/noticiasribeiraopreto.com.br\/wp-content\/uploads\/2024\/06\/policia_qru_1024x576_25052021184749.jpg?fit=1024%2C576&ssl=1&resize=350%2C200","width":350,"height":200,"srcset":"https:\/\/i0.wp.com\/noticiasribeiraopreto.com.br\/wp-content\/uploads\/2024\/06\/policia_qru_1024x576_25052021184749.jpg?fit=1024%2C576&ssl=1&resize=350%2C200 1x, https:\/\/i0.wp.com\/noticiasribeiraopreto.com.br\/wp-content\/uploads\/2024\/06\/policia_qru_1024x576_25052021184749.jpg?fit=1024%2C576&ssl=1&resize=525%2C300 1.5x, https:\/\/i0.wp.com\/noticiasribeiraopreto.com.br\/wp-content\/uploads\/2024\/06\/policia_qru_1024x576_25052021184749.jpg?fit=1024%2C576&ssl=1&resize=700%2C400 2x"},"classes":[]},{"id":21725,"url":"https:\/\/noticiasribeiraopreto.com.br\/index.php\/2023\/12\/28\/jovem-e-baleado-apos-desentendimento-de-transito-em-ribeirao-preto\/","url_meta":{"origin":81324,"position":1},"title":"Jovem \u00e9 baleado ap\u00f3s desentendimento de tr\u00e2nsito em Ribeir\u00e3o Preto","author":"noticiasribeiraopreto.com.br","date":"28 de December de 2023","format":false,"excerpt":"Um jovem de 19 anos foi baleado ap\u00f3s um desentendimento de tr\u00e2nsito em Ribeir\u00e3o Preto, na madrugada da \u00faltima segunda-feira (25) \u2013 o caso foi registrado apenas na quarta-feira (27). O crime aconteceu no cruzamento da rua Tapaj\u00f3s com a avenida Dom Pedro I, no Alto do Ipiranga. Segundo o\u2026","rel":"","context":"In &quot;Not\u00edcias de Ribeir\u00e3o Preto-SP e Regi\u00e3o&quot;","block_context":{"text":"Not\u00edcias de Ribeir\u00e3o Preto-SP e Regi\u00e3o","link":"https:\/\/noticiasribeiraopreto.com.br\/index.php\/category\/noticias-de-ribeirao-preto-sp-e-regiao-ismael-colosi\/"},"img":{"alt_text":"","src":"https:\/\/i0.wp.com\/noticiasribeiraopreto.com.br\/wp-content\/uploads\/2023\/12\/hc_ue_1024x576_27072020163553.jpg?fit=1024%2C576&ssl=1&resize=350%2C200","width":350,"height":200,"srcset":"https:\/\/i0.wp.com\/noticiasribeiraopreto.com.br\/wp-content\/uploads\/2023\/12\/hc_ue_1024x576_27072020163553.jpg?fit=1024%2C576&ssl=1&resize=350%2C200 1x, https:\/\/i0.wp.com\/noticiasribeiraopreto.com.br\/wp-content\/uploads\/2023\/12\/hc_ue_1024x576_27072020163553.jpg?fit=1024%2C576&ssl=1&resize=525%2C300 1.5x, https:\/\/i0.wp.com\/noticiasribeiraopreto.com.br\/wp-content\/uploads\/2023\/12\/hc_ue_1024x576_27072020163553.jpg?fit=1024%2C576&ssl=1&resize=700%2C400 2x"},"classes":[]},{"id":81375,"url":"https:\/\/noticiasribeiraopreto.com.br\/index.php\/2026\/01\/03\/jovem-morre-baleado-apos-discussao-em-festa-de-ano-novo-em-igarapava\/","url_meta":{"origin":81324,"position":2},"title":"Jovem morre baleado ap\u00f3s discuss\u00e3o em festa de ano novo em Igarapava","author":"noticiasribeiraopreto.com.br","date":"3 de January de 2026","format":false,"excerpt":"\r \r \r \r \r 3 de janeiro de 2026 15:033 de janeiro de 2026 15:04 \r Compartilhar0 \r Um jovem, de 18 anos, morreu ap\u00f3s ser baleado em uma festa de ano novo, na madrugada da \u00faltima quinta-feira (1\u00ba), na Rua Capit\u00e3o Anselmo de Barcelos no Centro de Igarapava.\u2026","rel":"","context":"In &quot;Not\u00edcias de Ribeir\u00e3o Preto-SP e Regi\u00e3o&quot;","block_context":{"text":"Not\u00edcias de Ribeir\u00e3o Preto-SP e Regi\u00e3o","link":"https:\/\/noticiasribeiraopreto.com.br\/index.php\/category\/noticias-de-ribeirao-preto-sp-e-regiao-ismael-colosi\/"},"img":{"alt_text":"","src":"https:\/\/i0.wp.com\/noticiasribeiraopreto.com.br\/wp-content\/uploads\/2026\/01\/WhatsApp-Image-2026-01-03-at-13.50.20.jpeg?fit=1174%2C767&ssl=1&resize=350%2C200","width":350,"height":200,"srcset":"https:\/\/i0.wp.com\/noticiasribeiraopreto.com.br\/wp-content\/uploads\/2026\/01\/WhatsApp-Image-2026-01-03-at-13.50.20.jpeg?fit=1174%2C767&ssl=1&resize=350%2C200 1x, https:\/\/i0.wp.com\/noticiasribeiraopreto.com.br\/wp-content\/uploads\/2026\/01\/WhatsApp-Image-2026-01-03-at-13.50.20.jpeg?fit=1174%2C767&ssl=1&resize=525%2C300 1.5x, https:\/\/i0.wp.com\/noticiasribeiraopreto.com.br\/wp-content\/uploads\/2026\/01\/WhatsApp-Image-2026-01-03-at-13.50.20.jpeg?fit=1174%2C767&ssl=1&resize=700%2C400 2x, https:\/\/i0.wp.com\/noticiasribeiraopreto.com.br\/wp-content\/uploads\/2026\/01\/WhatsApp-Image-2026-01-03-at-13.50.20.jpeg?fit=1174%2C767&ssl=1&resize=1050%2C600 3x"},"classes":[]},{"id":65196,"url":"https:\/\/noticiasribeiraopreto.com.br\/index.php\/2025\/03\/17\/quatro-sao-baleados-em-bar-na-zona-norte-de-ribeirao-preto\/","url_meta":{"origin":81324,"position":3},"title":"Quatro s\u00e3o baleados em bar na zona Norte de Ribeir\u00e3o Preto","author":"noticiasribeiraopreto.com.br","date":"17 de March de 2025","format":false,"excerpt":"Quatro pessoas, entre as quais tr\u00eas homens e uma mulher, foram baleadas na madrugada deste domingo (16), em um bar no Jardim Aeroporto, zona Norte de Ribeir\u00e3o Preto. Segundo o boletim de ocorr\u00eancia (BO), populares disseram \u00e0 PM (Pol\u00edcia Militar) que os atiradores estavam em um carro Volkswagen Gol branco,\u2026","rel":"","context":"In &quot;Not\u00edcias de Ribeir\u00e3o Preto-SP e Regi\u00e3o&quot;","block_context":{"text":"Not\u00edcias de Ribeir\u00e3o Preto-SP e Regi\u00e3o","link":"https:\/\/noticiasribeiraopreto.com.br\/index.php\/category\/noticias-de-ribeirao-preto-sp-e-regiao-ismael-colosi\/"},"img":{"alt_text":"","src":"https:\/\/noticiasribeiraopreto.com.br\/wp-content\/uploads\/2025\/01\/whatsapp_image_2023-02-19_at_12_33_32.jpe","width":350,"height":200,"srcset":"https:\/\/noticiasribeiraopreto.com.br\/wp-content\/uploads\/2025\/01\/whatsapp_image_2023-02-19_at_12_33_32.jpe 1x, https:\/\/noticiasribeiraopreto.com.br\/wp-content\/uploads\/2025\/01\/whatsapp_image_2023-02-19_at_12_33_32.jpe 1.5x, https:\/\/noticiasribeiraopreto.com.br\/wp-content\/uploads\/2025\/01\/whatsapp_image_2023-02-19_at_12_33_32.jpe 2x, https:\/\/noticiasribeiraopreto.com.br\/wp-content\/uploads\/2025\/01\/whatsapp_image_2023-02-19_at_12_33_32.jpe 3x"},"classes":[]},{"id":50817,"url":"https:\/\/noticiasribeiraopreto.com.br\/index.php\/2024\/05\/19\/homem-e-baleado-durante-confusao-em-partida-de-futebol-na-regiao-de-ribeirao-preto\/","url_meta":{"origin":81324,"position":4},"title":"Homem \u00e9 baleado durante confus\u00e3o em partida de futebol na regi\u00e3o de Ribeir\u00e3o Preto","author":"noticiasribeiraopreto.com.br","date":"19 de May de 2024","format":false,"excerpt":"Um homem foi baleado durante uma confus\u00e3o em uma partida de futebol neste s\u00e1bado (18), em C\u00e2ndido Rodrigues, cidade a aproximadamente 100 quil\u00f4metros de Ribeir\u00e3o Preto. Segundo informa\u00e7\u00f5es, a v\u00edtima teria entrado no campo para tentar intervir em uma briga entre jogadores da cidade e de Catanduva (SP), quando foi\u2026","rel":"","context":"In &quot;Not\u00edcias de Ribeir\u00e3o Preto-SP e Regi\u00e3o&quot;","block_context":{"text":"Not\u00edcias de Ribeir\u00e3o Preto-SP e Regi\u00e3o","link":"https:\/\/noticiasribeiraopreto.com.br\/index.php\/category\/noticias-de-ribeirao-preto-sp-e-regiao-ismael-colosi\/"},"img":{"alt_text":"","src":"https:\/\/i0.wp.com\/noticiasribeiraopreto.com.br\/wp-content\/uploads\/2024\/05\/BALEADO1_2024-05-19_19-04-02_jpg_2024-05-19_19-04-02.webp.webp?fit=1200%2C675&ssl=1&resize=350%2C200","width":350,"height":200,"srcset":"https:\/\/i0.wp.com\/noticiasribeiraopreto.com.br\/wp-content\/uploads\/2024\/05\/BALEADO1_2024-05-19_19-04-02_jpg_2024-05-19_19-04-02.webp.webp?fit=1200%2C675&ssl=1&resize=350%2C200 1x, https:\/\/i0.wp.com\/noticiasribeiraopreto.com.br\/wp-content\/uploads\/2024\/05\/BALEADO1_2024-05-19_19-04-02_jpg_2024-05-19_19-04-02.webp.webp?fit=1200%2C675&ssl=1&resize=525%2C300 1.5x, https:\/\/i0.wp.com\/noticiasribeiraopreto.com.br\/wp-content\/uploads\/2024\/05\/BALEADO1_2024-05-19_19-04-02_jpg_2024-05-19_19-04-02.webp.webp?fit=1200%2C675&ssl=1&resize=700%2C400 2x, https:\/\/i0.wp.com\/noticiasribeiraopreto.com.br\/wp-content\/uploads\/2024\/05\/BALEADO1_2024-05-19_19-04-02_jpg_2024-05-19_19-04-02.webp.webp?fit=1200%2C675&ssl=1&resize=1050%2C600 3x"},"classes":[]},{"id":58252,"url":"https:\/\/noticiasribeiraopreto.com.br\/index.php\/2024\/09\/23\/homem-e-encontrado-baleado-em-condominio-de-ribeirao-preto\/","url_meta":{"origin":81324,"position":5},"title":"Homem \u00e9 encontrado baleado em condom\u00ednio de Ribeir\u00e3o Preto","author":"noticiasribeiraopreto.com.br","date":"23 de September de 2024","format":false,"excerpt":"Um homem de 35 anos foi encontrado baleado na noite deste domingo (22), em um condom\u00ednio na zona Norte de Ribeir\u00e3o Preto. Segundo o boletim de ocorr\u00eancia (BO), a PM (Pol\u00edcia Militar) foi chamada at\u00e9 o local, na Via Norte, na altura da Vila Albertina, e a equipe foi recebida\u2026","rel":"","context":"In &quot;Not\u00edcias de Ribeir\u00e3o Preto-SP e Regi\u00e3o&quot;","block_context":{"text":"Not\u00edcias de Ribeir\u00e3o Preto-SP e Regi\u00e3o","link":"https:\/\/noticiasribeiraopreto.com.br\/index.php\/category\/noticias-de-ribeirao-preto-sp-e-regiao-ismael-colosi\/"},"img":{"alt_text":"","src":"https:\/\/i0.wp.com\/noticiasribeiraopreto.com.br\/wp-content\/uploads\/2024\/09\/1727093728_pm_qru_1024x576_25052021184558.jpg?fit=1024%2C576&ssl=1&resize=350%2C200","width":350,"height":200,"srcset":"https:\/\/i0.wp.com\/noticiasribeiraopreto.com.br\/wp-content\/uploads\/2024\/09\/1727093728_pm_qru_1024x576_25052021184558.jpg?fit=1024%2C576&ssl=1&resize=350%2C200 1x, https:\/\/i0.wp.com\/noticiasribeiraopreto.com.br\/wp-content\/uploads\/2024\/09\/1727093728_pm_qru_1024x576_25052021184558.jpg?fit=1024%2C576&ssl=1&resize=525%2C300 1.5x, https:\/\/i0.wp.com\/noticiasribeiraopreto.com.br\/wp-content\/uploads\/2024\/09\/1727093728_pm_qru_1024x576_25052021184558.jpg?fit=1024%2C576&ssl=1&resize=700%2C400 2x"},"classes":[]}],"jetpack_sharing_enabled":true,"jetpack_shortlink":"https:\/\/wp.me\/peQAOb-l9G","_links":{"self":[{"href":"https:\/\/noticiasribeiraopreto.com.br\/index.php\/wp-json\/wp\/v2\/posts\/81324","targetHints":{"allow":["GET"]}}],"collection":[{"href":"https:\/\/noticiasribeiraopreto.com.br\/index.php\/wp-json\/wp\/v2\/posts"}],"about":[{"href":"https:\/\/noticiasribeiraopreto.com.br\/index.php\/wp-json\/wp\/v2\/types\/post"}],"author":[{"embeddable":true,"href":"https:\/\/noticiasribeiraopreto.com.br\/index.php\/wp-json\/wp\/v2\/users\/1"}],"replies":[{"embeddable":true,"href":"https:\/\/noticiasribeiraopreto.com.br\/index.php\/wp-json\/wp\/v2\/comments?post=81324"}],"version-history":[{"count":0,"href":"https:\/\/noticiasribeiraopreto.com.br\/index.php\/wp-json\/wp\/v2\/posts\/81324\/revisions"}],"wp:featuredmedia":[{"embeddable":true,"href":"https:\/\/noticiasribeiraopreto.com.br\/index.php\/wp-json\/wp\/v2\/media\/81325"}],"wp:attachment":[{"href":"https:\/\/noticiasribeiraopreto.com.br\/index.php\/wp-json\/wp\/v2\/media?parent=81324"}],"wp:term":[{"taxonomy":"category","embeddable":true,"href":"https:\/\/noticiasribeiraopreto.com.br\/index.php\/wp-json\/wp\/v2\/categories?post=81324"},{"taxonomy":"post_tag","embeddable":true,"href":"https:\/\/noticiasribeiraopreto.com.br\/index.php\/wp-json\/wp\/v2\/tags?post=81324"}],"curies":[{"name":"wp","href":"https:\/\/api.w.org\/{rel}","templated":true}]}}