{"id":81330,"date":"2026-01-02T07:22:20","date_gmt":"2026-01-02T10:22:20","guid":{"rendered":"https:\/\/noticiasribeiraopreto.com.br\/index.php\/2026\/01\/02\/morre-ademir-chiari-ex-presidente-do-comercial-clube-decreta-luto-de-tres-dias\/"},"modified":"2026-01-02T07:22:20","modified_gmt":"2026-01-02T10:22:20","slug":"morre-ademir-chiari-ex-presidente-do-comercial-clube-decreta-luto-de-tres-dias","status":"publish","type":"post","link":"https:\/\/noticiasribeiraopreto.com.br\/index.php\/2026\/01\/02\/morre-ademir-chiari-ex-presidente-do-comercial-clube-decreta-luto-de-tres-dias\/","title":{"rendered":"Morre Ademir Chiari, ex-presidente do Comercial; Clube decreta luto de tr\u00eas dias"},"content":{"rendered":"<div class='code-block code-block-1' style='margin: 8px 0 8px auto; text-align: right; display: block; clear: both;'>\n<p><a href=\"https:\/\/wa.link\/vpicfd\"><img data-recalc-dims=\"1\" class=\"wp-image-4922\" style=\"aspect-ratio: 2.0253164556962027; width: 561px; height: auto;\" src=\"https:\/\/i0.wp.com\/ismaelcolosi.com.br\/wp-content\/uploads\/2023\/11\/grupo-de-empregos-whatsapp-e-facebook-ismael-colosi-vagas.jpg?ssl=1\" alt=\"\" \/><\/a><\/p>\n<!-- \/wp:image -->\n<\/div>\n<p> <br \/>\n<\/p>\n<div data-td-block-uid=\"tdi_95\">\n<div class=\"tdb-block-inner td-fix-index\">\n<p><strong>O Comercial informou nesta quinta-feira (1\u00ba) o falecimento de seu ex-presidente Ademir Chiari.<br \/><\/strong><br \/>Segundo o <strong>clube<\/strong>, <mark style=\"background-color:#fcb900\" class=\"has-inline-color has-black-color\">Ademir ocupou a cadeira da presid\u00eancia do Le\u00e3o em dois mandatos, entre 2017 e 2023<\/mark>, e era primeiro <strong>vice-presidente<\/strong> da <strong>atual diretoria executiva <\/strong>at\u00e9 <strong>mar\u00e7o <\/strong>do ano passado, quando se <strong>afastou <\/strong>para <strong>cuidar <\/strong>da <strong>sa\u00fade<\/strong>. As <strong>causas <\/strong>da <strong>morte<\/strong>, contudo, n\u00e3o foram <strong>divulgadas<\/strong>.<\/p>\n<p>\u201cAdemir era um apaixonado pelo Comercial e viveu intensamente a vida do clube. \u00c9 uma grande perda para nossa institui\u00e7\u00e3o e para a toda comunidade ribeir\u00e3o-pretana\u201d, disse o atual presidente, Ant\u00f4nio Carlos Campanelli, ao decretar luto oficial de tr\u00eas dias no clube.<\/p>\n<p>Os jogadores do Le\u00e3o dever\u00e3o entrar em campo com faixas pretas em seus uniformes no jogo do pr\u00f3ximo s\u00e1bado (3), pela primeira rodada da Copa S\u00e3o Paulo de Futebol J\u00fanior. <\/p>\n<p>Ainda n\u00e3o foram divulgadas informa\u00e7\u00f5es sobre vel\u00f3rio e sepultamento.<\/p>\n<p>SAIBA MAIS<\/p>\n<p>Vai assistir a algum jogo da Copinha 2026? Veja como retirar o ingresso online<\/p>\n<h2 class=\"wp-block-heading\"><strong>FIQUE ON<\/strong><\/h2>\n<p>Fique ligado em tudo que acontece em Ribeir\u00e3o Preto e regi\u00e3o. Siga os perfis do<strong>\u00a0acidade on<\/strong>\u00a0no<a href=\"https:\/\/www.instagram.com\/acidadeonribeirao\" target=\"_blank\" rel=\"noreferrer noopener\">\u00a0Instagram\u00a0<\/a>e no\u00a0<a href=\"https:\/\/www.facebook.com\/acidadeonribeirao\/\" target=\"_blank\" rel=\"noreferrer noopener\">Facebook<\/a>.<\/p>\n<p>Receba not\u00edcias do<strong>\u00a0acidade on<\/strong>\u00a0no WhatsApp. Para entrar no grupo,\u00a0basta<a href=\"https:\/\/chat.whatsapp.com\/GFH9HUMUTHNFJdnyEd0xxq\" target=\"_blank\" rel=\"noreferrer noopener\">\u00a0clicar aqui<\/a>. Ou, acesse o nosso\u00a0Canal\u00a0<a href=\"https:\/\/whatsapp.com\/channel\/0029Vb6IQl1JENyAeS57fk2p\" target=\"_blank\" rel=\"noreferrer noopener\">clicando aqui<\/a>.<\/p>\n<p>Fa\u00e7a uma den\u00fancia ou sugira uma reportagem sobre Ribeir\u00e3o Preto e regi\u00e3o pelo WhatsApp: 16 99117 7802.<\/p>\n<p>VEJA TAMB\u00c9M<\/p>\n<p>Casquinha do McDonald\u2019s n\u00e3o \u00e9 sorvete?<\/p>\n<p><!-- AI CONTENT END 1 -->\n<\/div>\n<\/div>\n<p><script async src=\"\/\/www.instagram.com\/embed.js\"><\/script><br \/>\n<br \/><br \/>\n<br \/><a href=\"https:\/\/www.acidadeon.com\/ribeiraopreto\/esportes\/morre-ademir-chiari-ex-presidente-do-comercial-clube-decreta-luto-de-tres-dias\/\">Source link <\/a><\/p>\n<!-- CONTENT END 1 -->\n","protected":false},"excerpt":{"rendered":"<p>O Comercial informou nesta quinta-feira (1\u00ba) o falecimento de seu ex-presidente Ademir Chiari.Segundo o clube, Ademir ocupou a cadeira da presid\u00eancia do Le\u00e3o em dois&#8230;<\/p>\n","protected":false},"author":1,"featured_media":81331,"comment_status":"open","ping_status":"open","sticky":false,"template":"","format":"standard","meta":{"advanced_seo_description":"","jetpack_seo_html_title":"","jetpack_seo_noindex":false,"jetpack_post_was_ever_published":false,"_jetpack_newsletter_access":"","_jetpack_dont_email_post_to_subs":false,"_jetpack_newsletter_tier_id":0,"_jetpack_memberships_contains_paywalled_content":false,"_jetpack_memberships_contains_paid_content":false,"footnotes":"","jetpack_publicize_message":"","jetpack_publicize_feature_enabled":true,"jetpack_social_post_already_shared":true,"jetpack_social_options":{"image_generator_settings":{"template":"highway","default_image_id":0,"font":"","enabled":false},"version":2}},"categories":[11],"tags":[],"class_list":["post-81330","post","type-post","status-publish","format-standard","has-post-thumbnail","hentry","category-noticias-de-ribeirao-preto-sp-e-regiao-ismael-colosi"],"jetpack_publicize_connections":[],"jetpack_featured_media_url":"https:\/\/i0.wp.com\/noticiasribeiraopreto.com.br\/wp-content\/uploads\/2026\/01\/ademir_2026-01-01_16-11-41.webp.webp?fit=1200%2C875&ssl=1","jetpack-related-posts":[{"id":38953,"url":"https:\/\/noticiasribeiraopreto.com.br\/index.php\/2024\/02\/22\/comercial-anuncia-ademir-fesan-como-novo-treinador\/","url_meta":{"origin":81330,"position":0},"title":"Comercial anuncia Ademir Fesan como novo treinador","author":"noticiasribeiraopreto.com.br","date":"22 de February de 2024","format":false,"excerpt":"22 de fevereiro de 2024 | 13:13 0O Comercial FC anunciou, nesta quinta-feira, dia 22, o nome de Ademir Fesan como novo comandante da equipe. O treinador de 46 anos chega com contrato at\u00e9 o fim da S\u00e9rie A2.Ao longo da carreira, Fesan dirigiu Cascavel (PR), Paran\u00e1 (PR), Primavera (SP),\u2026","rel":"","context":"In &quot;Not\u00edcias de Ribeir\u00e3o Preto-SP e Regi\u00e3o&quot;","block_context":{"text":"Not\u00edcias de Ribeir\u00e3o Preto-SP e Regi\u00e3o","link":"https:\/\/noticiasribeiraopreto.com.br\/index.php\/category\/noticias-de-ribeirao-preto-sp-e-regiao-ismael-colosi\/"},"img":{"alt_text":"","src":"https:\/\/i0.wp.com\/noticiasribeiraopreto.com.br\/wp-content\/uploads\/2024\/02\/bafo-scaled.jpg?fit=967%2C645&ssl=1&resize=350%2C200","width":350,"height":200,"srcset":"https:\/\/i0.wp.com\/noticiasribeiraopreto.com.br\/wp-content\/uploads\/2024\/02\/bafo-scaled.jpg?fit=967%2C645&ssl=1&resize=350%2C200 1x, https:\/\/i0.wp.com\/noticiasribeiraopreto.com.br\/wp-content\/uploads\/2024\/02\/bafo-scaled.jpg?fit=967%2C645&ssl=1&resize=525%2C300 1.5x, https:\/\/i0.wp.com\/noticiasribeiraopreto.com.br\/wp-content\/uploads\/2024\/02\/bafo-scaled.jpg?fit=967%2C645&ssl=1&resize=700%2C400 2x"},"classes":[]},{"id":58198,"url":"https:\/\/noticiasribeiraopreto.com.br\/index.php\/2024\/09\/20\/times-rivais-de-ribeirao-preto-se-unem-durante-campanha-de-doacao-de-orgaos\/","url_meta":{"origin":81330,"position":1},"title":"Times rivais de Ribeir\u00e3o Preto se unem durante campanha de doa\u00e7\u00e3o de \u00f3rg\u00e3os","author":"noticiasribeiraopreto.com.br","date":"20 de September de 2024","format":false,"excerpt":"O Botafogo e o Comercial deixaram de lado a rivalidade hist\u00f3rica em Ribeir\u00e3o Preto e se uniram, nesta sexta-feira (20), para uma campanha de incentivo a doa\u00e7\u00e3o de \u00f3rg\u00e3os. Em um v\u00eddeo publicado pela TV do Tricolor, o vice-presidente do Alvinegro, Ademir Chiari, falou sobre sua hist\u00f3ria e a import\u00e2ncia\u2026","rel":"","context":"In &quot;Not\u00edcias de Ribeir\u00e3o Preto-SP e Regi\u00e3o&quot;","block_context":{"text":"Not\u00edcias de Ribeir\u00e3o Preto-SP e Regi\u00e3o","link":"https:\/\/noticiasribeiraopreto.com.br\/index.php\/category\/noticias-de-ribeirao-preto-sp-e-regiao-ismael-colosi\/"},"img":{"alt_text":"","src":"https:\/\/i0.wp.com\/noticiasribeiraopreto.com.br\/wp-content\/uploads\/2024\/09\/Copia-de-Copia-de-Copia-de-TAMANHO-EXATO-PARA-FOTOS-NO-SISTEMA-NOVO-62_2024-09-20_19-20-44_png_2024-09-20_19-20-44.webp.webp?fit=1200%2C675&ssl=1&resize=350%2C200","width":350,"height":200,"srcset":"https:\/\/i0.wp.com\/noticiasribeiraopreto.com.br\/wp-content\/uploads\/2024\/09\/Copia-de-Copia-de-Copia-de-TAMANHO-EXATO-PARA-FOTOS-NO-SISTEMA-NOVO-62_2024-09-20_19-20-44_png_2024-09-20_19-20-44.webp.webp?fit=1200%2C675&ssl=1&resize=350%2C200 1x, https:\/\/i0.wp.com\/noticiasribeiraopreto.com.br\/wp-content\/uploads\/2024\/09\/Copia-de-Copia-de-Copia-de-TAMANHO-EXATO-PARA-FOTOS-NO-SISTEMA-NOVO-62_2024-09-20_19-20-44_png_2024-09-20_19-20-44.webp.webp?fit=1200%2C675&ssl=1&resize=525%2C300 1.5x, https:\/\/i0.wp.com\/noticiasribeiraopreto.com.br\/wp-content\/uploads\/2024\/09\/Copia-de-Copia-de-Copia-de-TAMANHO-EXATO-PARA-FOTOS-NO-SISTEMA-NOVO-62_2024-09-20_19-20-44_png_2024-09-20_19-20-44.webp.webp?fit=1200%2C675&ssl=1&resize=700%2C400 2x, https:\/\/i0.wp.com\/noticiasribeiraopreto.com.br\/wp-content\/uploads\/2024\/09\/Copia-de-Copia-de-Copia-de-TAMANHO-EXATO-PARA-FOTOS-NO-SISTEMA-NOVO-62_2024-09-20_19-20-44_png_2024-09-20_19-20-44.webp.webp?fit=1200%2C675&ssl=1&resize=1050%2C600 3x"},"classes":[]},{"id":47615,"url":"https:\/\/noticiasribeiraopreto.com.br\/index.php\/2024\/04\/26\/sem-promessas-comercial-define-o-novo-presidente-do-clube\/","url_meta":{"origin":81330,"position":2},"title":"Sem promessas: Comercial define o novo presidente do clube","author":"noticiasribeiraopreto.com.br","date":"26 de April de 2024","format":false,"excerpt":"Em reuni\u00e3o do conselho deliberativo realizada na noite de quinta-feira (25), Ant\u00f4nio Carlos Campanelli foi eleito como o novo presidente do Comercial. A reuni\u00e3o foi realizada no est\u00e1dio Palma Travassos, em Ribeir\u00e3o Preto. A chapa encabe\u00e7ada por Campanelli foi a \u00fanica inscrita na elei\u00e7\u00e3o do Le\u00e3o do Norte. Entre os\u2026","rel":"","context":"In &quot;Not\u00edcias de Ribeir\u00e3o Preto-SP e Regi\u00e3o&quot;","block_context":{"text":"Not\u00edcias de Ribeir\u00e3o Preto-SP e Regi\u00e3o","link":"https:\/\/noticiasribeiraopreto.com.br\/index.php\/category\/noticias-de-ribeirao-preto-sp-e-regiao-ismael-colosi\/"},"img":{"alt_text":"","src":"https:\/\/i0.wp.com\/noticiasribeiraopreto.com.br\/wp-content\/uploads\/2024\/04\/AnyConv.com__comercial.webp.webp?fit=1200%2C900&ssl=1&resize=350%2C200","width":350,"height":200,"srcset":"https:\/\/i0.wp.com\/noticiasribeiraopreto.com.br\/wp-content\/uploads\/2024\/04\/AnyConv.com__comercial.webp.webp?fit=1200%2C900&ssl=1&resize=350%2C200 1x, https:\/\/i0.wp.com\/noticiasribeiraopreto.com.br\/wp-content\/uploads\/2024\/04\/AnyConv.com__comercial.webp.webp?fit=1200%2C900&ssl=1&resize=525%2C300 1.5x, https:\/\/i0.wp.com\/noticiasribeiraopreto.com.br\/wp-content\/uploads\/2024\/04\/AnyConv.com__comercial.webp.webp?fit=1200%2C900&ssl=1&resize=700%2C400 2x, https:\/\/i0.wp.com\/noticiasribeiraopreto.com.br\/wp-content\/uploads\/2024\/04\/AnyConv.com__comercial.webp.webp?fit=1200%2C900&ssl=1&resize=1050%2C600 3x"},"classes":[]},{"id":39311,"url":"https:\/\/noticiasribeiraopreto.com.br\/index.php\/2024\/02\/24\/comercial-perde-na-estreia-de-ademir-fesan\/","url_meta":{"origin":81330,"position":3},"title":"Comercial perde na estreia de Ademir Fesan","author":"noticiasribeiraopreto.com.br","date":"24 de February de 2024","format":false,"excerpt":"24 de fevereiro de 2024 | 17:13 0N\u00e3o foi a estreia do t\u00e9cnico Ademir Fesan que mudou a hist\u00f3ria de resultados negativos do Comercial FC no Campeonato Paulista da S\u00e9rie A2. O Le\u00e3o do Norte voltou a perder na competi\u00e7\u00e3o, desta vez, neste s\u00e1bado (24), no est\u00e1dio Ulrico Mursa, em\u2026","rel":"","context":"In &quot;Not\u00edcias de Ribeir\u00e3o Preto-SP e Regi\u00e3o&quot;","block_context":{"text":"Not\u00edcias de Ribeir\u00e3o Preto-SP e Regi\u00e3o","link":"https:\/\/noticiasribeiraopreto.com.br\/index.php\/category\/noticias-de-ribeirao-preto-sp-e-regiao-ismael-colosi\/"},"img":{"alt_text":"","src":"https:\/\/i0.wp.com\/noticiasribeiraopreto.com.br\/wp-content\/uploads\/2024\/02\/81dea2c9-9e74-419e-9375-b5d823301732.jpg?fit=640%2C426&ssl=1&resize=350%2C200","width":350,"height":200,"srcset":"https:\/\/i0.wp.com\/noticiasribeiraopreto.com.br\/wp-content\/uploads\/2024\/02\/81dea2c9-9e74-419e-9375-b5d823301732.jpg?fit=640%2C426&ssl=1&resize=350%2C200 1x, https:\/\/i0.wp.com\/noticiasribeiraopreto.com.br\/wp-content\/uploads\/2024\/02\/81dea2c9-9e74-419e-9375-b5d823301732.jpg?fit=640%2C426&ssl=1&resize=525%2C300 1.5x"},"classes":[]},{"id":84513,"url":"https:\/\/noticiasribeiraopreto.com.br\/index.php\/2026\/04\/10\/antonio-campanelli-renuncia-a-presidencia-do-comercial\/","url_meta":{"origin":81330,"position":4},"title":"Ant\u00f4nio Campanelli renuncia \u00e0 presid\u00eancia do Comercial","author":"noticiasribeiraopreto.com.br","date":"10 de April de 2026","format":false,"excerpt":"\r Vice Wesley Rios assume interinamente at\u00e9 elei\u00e7\u00f5es de agosto\r \r 10 de abril de 2026 18:03 \r Compartilhar1 Por Hugo Luque Ant\u00f4nio Carlos Campanelli Fernandes n\u00e3o \u00e9 mais o presidente do Comercial Futebol Clube. O empres\u00e1rio renunciou ao cargo oficialmente nesta sexta-feira (10), dia seguinte \u00e0 reuni\u00e3o do Conselho\u2026","rel":"","context":"In &quot;Not\u00edcias de Ribeir\u00e3o Preto-SP e Regi\u00e3o&quot;","block_context":{"text":"Not\u00edcias de Ribeir\u00e3o Preto-SP e Regi\u00e3o","link":"https:\/\/noticiasribeiraopreto.com.br\/index.php\/category\/noticias-de-ribeirao-preto-sp-e-regiao-ismael-colosi\/"},"img":{"alt_text":"","src":"https:\/\/i0.wp.com\/noticiasribeiraopreto.com.br\/wp-content\/uploads\/2026\/04\/campanelli.jpg?fit=984%2C560&ssl=1&resize=350%2C200","width":350,"height":200,"srcset":"https:\/\/i0.wp.com\/noticiasribeiraopreto.com.br\/wp-content\/uploads\/2026\/04\/campanelli.jpg?fit=984%2C560&ssl=1&resize=350%2C200 1x, https:\/\/i0.wp.com\/noticiasribeiraopreto.com.br\/wp-content\/uploads\/2026\/04\/campanelli.jpg?fit=984%2C560&ssl=1&resize=525%2C300 1.5x, https:\/\/i0.wp.com\/noticiasribeiraopreto.com.br\/wp-content\/uploads\/2026\/04\/campanelli.jpg?fit=984%2C560&ssl=1&resize=700%2C400 2x"},"classes":[]},{"id":40378,"url":"https:\/\/noticiasribeiraopreto.com.br\/index.php\/2024\/03\/03\/tentando-primeira-vitoria-na-a2-comercial-recebe-o-xv-de-piracicaba\/","url_meta":{"origin":81330,"position":5},"title":"Tentando primeira vit\u00f3ria na A2, Comercial recebe o XV de Piracicaba\u00a0\u00a0","author":"noticiasribeiraopreto.com.br","date":"3 de March de 2024","format":false,"excerpt":"Buscando sua primeira vit\u00f3ria na S\u00e9rie A2, o Comercial recebe neste domingo o XV de Piracicaba, \u00e0s 11h10, no Palma Travassos, em Ribeir\u00e3o Preto. Desesperado, o Le\u00e3o do Norte precisa ganhar para se manter vivo na competi\u00e7\u00e3o.\u00a0\u00a0O t\u00e9cnico Ademir Fesan faz sua segunda partida no comando da equipe. Para o\u2026","rel":"","context":"In &quot;Not\u00edcias de Ribeir\u00e3o Preto-SP e Regi\u00e3o&quot;","block_context":{"text":"Not\u00edcias de Ribeir\u00e3o Preto-SP e Regi\u00e3o","link":"https:\/\/noticiasribeiraopreto.com.br\/index.php\/category\/noticias-de-ribeirao-preto-sp-e-regiao-ismael-colosi\/"},"img":{"alt_text":"","src":"https:\/\/i0.wp.com\/noticiasribeiraopreto.com.br\/wp-content\/uploads\/2024\/03\/Comercial-domingo-scaled.jpeg?fit=967%2C645&ssl=1&resize=350%2C200","width":350,"height":200,"srcset":"https:\/\/i0.wp.com\/noticiasribeiraopreto.com.br\/wp-content\/uploads\/2024\/03\/Comercial-domingo-scaled.jpeg?fit=967%2C645&ssl=1&resize=350%2C200 1x, https:\/\/i0.wp.com\/noticiasribeiraopreto.com.br\/wp-content\/uploads\/2024\/03\/Comercial-domingo-scaled.jpeg?fit=967%2C645&ssl=1&resize=525%2C300 1.5x, https:\/\/i0.wp.com\/noticiasribeiraopreto.com.br\/wp-content\/uploads\/2024\/03\/Comercial-domingo-scaled.jpeg?fit=967%2C645&ssl=1&resize=700%2C400 2x"},"classes":[]}],"jetpack_sharing_enabled":true,"jetpack_shortlink":"https:\/\/wp.me\/peQAOb-l9M","_links":{"self":[{"href":"https:\/\/noticiasribeiraopreto.com.br\/index.php\/wp-json\/wp\/v2\/posts\/81330","targetHints":{"allow":["GET"]}}],"collection":[{"href":"https:\/\/noticiasribeiraopreto.com.br\/index.php\/wp-json\/wp\/v2\/posts"}],"about":[{"href":"https:\/\/noticiasribeiraopreto.com.br\/index.php\/wp-json\/wp\/v2\/types\/post"}],"author":[{"embeddable":true,"href":"https:\/\/noticiasribeiraopreto.com.br\/index.php\/wp-json\/wp\/v2\/users\/1"}],"replies":[{"embeddable":true,"href":"https:\/\/noticiasribeiraopreto.com.br\/index.php\/wp-json\/wp\/v2\/comments?post=81330"}],"version-history":[{"count":0,"href":"https:\/\/noticiasribeiraopreto.com.br\/index.php\/wp-json\/wp\/v2\/posts\/81330\/revisions"}],"wp:featuredmedia":[{"embeddable":true,"href":"https:\/\/noticiasribeiraopreto.com.br\/index.php\/wp-json\/wp\/v2\/media\/81331"}],"wp:attachment":[{"href":"https:\/\/noticiasribeiraopreto.com.br\/index.php\/wp-json\/wp\/v2\/media?parent=81330"}],"wp:term":[{"taxonomy":"category","embeddable":true,"href":"https:\/\/noticiasribeiraopreto.com.br\/index.php\/wp-json\/wp\/v2\/categories?post=81330"},{"taxonomy":"post_tag","embeddable":true,"href":"https:\/\/noticiasribeiraopreto.com.br\/index.php\/wp-json\/wp\/v2\/tags?post=81330"}],"curies":[{"name":"wp","href":"https:\/\/api.w.org\/{rel}","templated":true}]}}