{"id":81332,"date":"2026-01-02T07:30:03","date_gmt":"2026-01-02T10:30:03","guid":{"rendered":"https:\/\/noticiasribeiraopreto.com.br\/index.php\/2026\/01\/02\/bandeira-verde-entenda-por-que-a-conta-de-luz-fica-mais-barata-em-janeiro-de-2026\/"},"modified":"2026-01-02T07:30:03","modified_gmt":"2026-01-02T10:30:03","slug":"bandeira-verde-entenda-por-que-a-conta-de-luz-fica-mais-barata-em-janeiro-de-2026","status":"publish","type":"post","link":"https:\/\/noticiasribeiraopreto.com.br\/index.php\/2026\/01\/02\/bandeira-verde-entenda-por-que-a-conta-de-luz-fica-mais-barata-em-janeiro-de-2026\/","title":{"rendered":"Bandeira verde: Entenda por que a conta de luz fica mais barata em janeiro de 2026"},"content":{"rendered":"<div class='code-block code-block-1' style='margin: 8px 0 8px auto; text-align: right; display: block; clear: both;'>\n<p><a href=\"https:\/\/wa.link\/vpicfd\"><img data-recalc-dims=\"1\" class=\"wp-image-4922\" style=\"aspect-ratio: 2.0253164556962027; width: 561px; height: auto;\" src=\"https:\/\/i0.wp.com\/ismaelcolosi.com.br\/wp-content\/uploads\/2023\/11\/grupo-de-empregos-whatsapp-e-facebook-ismael-colosi-vagas.jpg?ssl=1\" alt=\"\" \/><\/a><\/p>\n<!-- \/wp:image -->\n<\/div>\n<p> <br \/>\n<\/p>\n<div data-td-block-uid=\"tdi_95\">\n<div class=\"tdb-block-inner td-fix-index\">\n<p><strong>A conta de energia ter\u00e1 bandeira verde em janeiro de 2026, o que significa que n\u00e3o haver\u00e1 custo extra.<\/strong><\/p>\n<p>Segundo a <strong>Ag\u00eancia Nacional de Energia El\u00e9trica (Aneel)<\/strong>, <mark style=\"background-color:#fcb900\" class=\"has-inline-color has-black-color\">nesse per\u00edodo chuvoso as chuvas est\u00e3o abaixo da m\u00e9dia hist\u00f3rica.\u00a0Contudo, em novembro e dezembro de 2025 houve no pa\u00eds, de modo geral, uma manuten\u00e7\u00e3o do volume de chuvas e do n\u00edvel dos reservat\u00f3rios das usinas, e em janeiro de 2026 n\u00e3o ser\u00e1 necess\u00e1rio despachar as usinas termel\u00e9tricas na mesma quantidade do m\u00eas anterior<\/mark>, o que evita a cobran\u00e7a de custos adicionais na conta de energia do consumidor.<\/p>\n<p>A Aneel ressalta a import\u00e2ncia da conscientiza\u00e7\u00e3o e do uso respons\u00e1vel da energia el\u00e9trica, mesmo em per\u00edodos favor\u00e1veis.<\/p>\n<figure class=\"wp-block-pullquote\">\n<blockquote>\n<p>A economia de energia contribui para a preserva\u00e7\u00e3o dos recursos naturais e para a sustentabilidade do setor el\u00e9trico como um todo <\/p>\n<p><cite><strong>Aneel<\/strong><\/cite><\/p><\/blockquote>\n<\/figure>\n<p>SAIBA MAIS<\/p>\n<p>Inmet emite alerta laranja para tempestade em cidades do estado de SP; Confira<\/p>\n<h2 class=\"wp-block-heading\"><strong>FIQUE ON<\/strong><\/h2>\n<p>Fique ligado em tudo que acontece em Ribeir\u00e3o Preto e regi\u00e3o. Siga os perfis do\u00a0<strong>acidade on<\/strong>\u00a0no<a href=\"https:\/\/www.instagram.com\/acidadeonribeirao\" target=\"_blank\" rel=\"noreferrer noopener\">\u00a0Instagram\u00a0<\/a>e no\u00a0<a href=\"https:\/\/www.facebook.com\/acidadeonribeirao\/\" target=\"_blank\" rel=\"noreferrer noopener\">Facebook<\/a>.<\/p>\n<p>Receba not\u00edcias do<strong>\u00a0acidade on<\/strong>\u00a0no WhatsApp. Para entrar no grupo,\u00a0basta\u00a0<a href=\"https:\/\/chat.whatsapp.com\/I4nieTEMKlf50pJ28aMemC?mode=ac_t\" target=\"_blank\" rel=\"noreferrer noopener\">clicar aqui<\/a>. Ou, acesse o nosso\u00a0Canal\u00a0<a href=\"https:\/\/whatsapp.com\/channel\/0029Vb6IQl1JENyAeS57fk2p\" target=\"_blank\" rel=\"noreferrer noopener\">clicando aqui<\/a>.<\/p>\n<p>Fa\u00e7a uma den\u00fancia ou sugira uma reportagem sobre Ribeir\u00e3o Preto e regi\u00e3o pelo WhatsApp: 16 99117 7802.<\/p>\n<p>VEJA TAMB\u00c9M<\/p>\n<p>Por que Danielle saiu do NewJeans?<\/p>\n<p><!-- AI CONTENT END 1 -->\n<\/div>\n<\/div>\n<p><script async src=\"\/\/www.instagram.com\/embed.js\"><\/script><br \/>\n<br \/><br \/>\n<br \/><a href=\"https:\/\/www.acidadeon.com\/ribeiraopreto\/economia\/bandeira-verde-entenda-por-que-conta-de-luz-fica-mais-barata-em-janeiro-de-2026\/\">Source link <\/a><\/p>\n<!-- CONTENT END 1 -->\n","protected":false},"excerpt":{"rendered":"<p>A conta de energia ter\u00e1 bandeira verde em janeiro de 2026, o que significa que n\u00e3o haver\u00e1 custo extra. Segundo a Ag\u00eancia Nacional de Energia&#8230;<\/p>\n","protected":false},"author":1,"featured_media":81333,"comment_status":"open","ping_status":"open","sticky":false,"template":"","format":"standard","meta":{"advanced_seo_description":"","jetpack_seo_html_title":"","jetpack_seo_noindex":false,"jetpack_post_was_ever_published":false,"_jetpack_newsletter_access":"","_jetpack_dont_email_post_to_subs":false,"_jetpack_newsletter_tier_id":0,"_jetpack_memberships_contains_paywalled_content":false,"_jetpack_memberships_contains_paid_content":false,"footnotes":"","jetpack_publicize_message":"","jetpack_publicize_feature_enabled":true,"jetpack_social_post_already_shared":true,"jetpack_social_options":{"image_generator_settings":{"template":"highway","default_image_id":0,"font":"","enabled":false},"version":2}},"categories":[11],"tags":[],"class_list":["post-81332","post","type-post","status-publish","format-standard","has-post-thumbnail","hentry","category-noticias-de-ribeirao-preto-sp-e-regiao-ismael-colosi"],"jetpack_publicize_connections":[],"jetpack_featured_media_url":"https:\/\/i0.wp.com\/noticiasribeiraopreto.com.br\/wp-content\/uploads\/2026\/01\/ar-condicionado_2026-01-01_15-50-11.webp.webp?fit=1200%2C765&ssl=1","jetpack-related-posts":[{"id":71069,"url":"https:\/\/noticiasribeiraopreto.com.br\/index.php\/2025\/06\/02\/jornal-da-franca-aneel-aciona-bandeira-vermelha-para-junho-e-conta-de-luz-fica-mais-cara\/","url_meta":{"origin":81332,"position":0},"title":"Jornal da Franca &#8211; Aneel aciona bandeira vermelha para junho, e conta de luz fica mais cara","author":"noticiasribeiraopreto.com.br","date":"2 de June de 2025","format":false,"excerpt":"compartilhar no whatsapp compartilhar no telegram compartilhar no facebook compartilhar no linkedin A medida foi adotada diante da queda no volume de chuvas e da diminui\u00e7\u00e3o da gera\u00e7\u00e3o de energia por hidrel\u00e9tricas Energia el\u00e9trica vai ficar mais cara para os brasileiros no m\u00eas de junho \u2013 foto Arquivo \u00a0 A\u2026","rel":"","context":"In &quot;Not\u00edcias de Franca-SP&quot;","block_context":{"text":"Not\u00edcias de Franca-SP","link":"https:\/\/noticiasribeiraopreto.com.br\/index.php\/category\/noticias-de-ribeirao-preto-sp-e-regiao-ismael-colosi\/noticias-franca-sp\/"},"img":{"alt_text":"","src":"https:\/\/i0.wp.com\/noticiasribeiraopreto.com.br\/wp-content\/uploads\/2025\/06\/conta-de-luz-bandeira-vermelha.jpg?fit=1000%2C683&ssl=1&resize=350%2C200","width":350,"height":200,"srcset":"https:\/\/i0.wp.com\/noticiasribeiraopreto.com.br\/wp-content\/uploads\/2025\/06\/conta-de-luz-bandeira-vermelha.jpg?fit=1000%2C683&ssl=1&resize=350%2C200 1x, https:\/\/i0.wp.com\/noticiasribeiraopreto.com.br\/wp-content\/uploads\/2025\/06\/conta-de-luz-bandeira-vermelha.jpg?fit=1000%2C683&ssl=1&resize=525%2C300 1.5x, https:\/\/i0.wp.com\/noticiasribeiraopreto.com.br\/wp-content\/uploads\/2025\/06\/conta-de-luz-bandeira-vermelha.jpg?fit=1000%2C683&ssl=1&resize=700%2C400 2x"},"classes":[]},{"id":66333,"url":"https:\/\/noticiasribeiraopreto.com.br\/index.php\/2025\/03\/31\/aneel-mantem-bandeira-tarifaria-verde-para-abril-de-2025\/","url_meta":{"origin":81332,"position":1},"title":"Aneel Mant\u00e9m Bandeira Tarif\u00e1ria Verde para Abril de 2025","author":"noticiasribeiraopreto.com.br","date":"31 de March de 2025","format":false,"excerpt":"A Ag\u00eancia Nacional de Energia El\u00e9trica (Aneel) anunciou que, em abril de 2025, a bandeira tarif\u00e1ria permanecer\u00e1 verde, indicando que n\u00e3o haver\u00e1 acr\u00e9scimos nas contas de energia el\u00e9trica dos consumidores brasileiros. Essa decis\u00e3o reflete as condi\u00e7\u00f5es favor\u00e1veis de gera\u00e7\u00e3o de energia no pa\u00eds, especialmente pela estabilidade na produ\u00e7\u00e3o das usinas\u2026","rel":"","context":"In &quot;Not\u00edcias de Ribeir\u00e3o Preto-SP e Regi\u00e3o&quot;","block_context":{"text":"Not\u00edcias de Ribeir\u00e3o Preto-SP e Regi\u00e3o","link":"https:\/\/noticiasribeiraopreto.com.br\/index.php\/category\/noticias-de-ribeirao-preto-sp-e-regiao-ismael-colosi\/"},"img":{"alt_text":"","src":"https:\/\/i0.wp.com\/noticiasribeiraopreto.com.br\/wp-content\/uploads\/2025\/03\/1016075-28042016-capa-img_1454a-.webp.webp?fit=1170%2C700&ssl=1&resize=350%2C200","width":350,"height":200,"srcset":"https:\/\/i0.wp.com\/noticiasribeiraopreto.com.br\/wp-content\/uploads\/2025\/03\/1016075-28042016-capa-img_1454a-.webp.webp?fit=1170%2C700&ssl=1&resize=350%2C200 1x, https:\/\/i0.wp.com\/noticiasribeiraopreto.com.br\/wp-content\/uploads\/2025\/03\/1016075-28042016-capa-img_1454a-.webp.webp?fit=1170%2C700&ssl=1&resize=525%2C300 1.5x, https:\/\/i0.wp.com\/noticiasribeiraopreto.com.br\/wp-content\/uploads\/2025\/03\/1016075-28042016-capa-img_1454a-.webp.webp?fit=1170%2C700&ssl=1&resize=700%2C400 2x, https:\/\/i0.wp.com\/noticiasribeiraopreto.com.br\/wp-content\/uploads\/2025\/03\/1016075-28042016-capa-img_1454a-.webp.webp?fit=1170%2C700&ssl=1&resize=1050%2C600 3x"},"classes":[]},{"id":66199,"url":"https:\/\/noticiasribeiraopreto.com.br\/index.php\/2025\/03\/28\/aneel-mantem-bandeira-verde-e-conta-de-luz-nao-aumenta-no-proximo-mes\/","url_meta":{"origin":81332,"position":2},"title":"Aneel mant\u00e9m bandeira verde e conta de luz n\u00e3o aumenta no pr\u00f3ximo m\u00eas","author":"noticiasribeiraopreto.com.br","date":"28 de March de 2025","format":false,"excerpt":"Nesta sexta-feira (28), a Ag\u00eancia Nacional de Energia El\u00e9trica (Aneel) anunciou que a bandeira verde seguir\u00e1 no m\u00eas de abril. Com essa decis\u00e3o, os consumidores de energia el\u00e9trica n\u00e3o ter\u00e3o custos adicionais nas contas de energia. Desde dezembro de 2024 que n\u00e3o h\u00e1 mudan\u00e7a na bandeira tarif\u00e1ria. A pasta afirma\u2026","rel":"","context":"In &quot;Not\u00edcias de Ribeir\u00e3o Preto-SP e Regi\u00e3o&quot;","block_context":{"text":"Not\u00edcias de Ribeir\u00e3o Preto-SP e Regi\u00e3o","link":"https:\/\/noticiasribeiraopreto.com.br\/index.php\/category\/noticias-de-ribeirao-preto-sp-e-regiao-ismael-colosi\/"},"img":{"alt_text":"","src":"https:\/\/i0.wp.com\/noticiasribeiraopreto.com.br\/wp-content\/uploads\/2025\/01\/luz_2025-01-24_15-39-11_jpg_2025-01-24_15-39-11.webp.webp?fit=1200%2C859&ssl=1&resize=350%2C200","width":350,"height":200,"srcset":"https:\/\/i0.wp.com\/noticiasribeiraopreto.com.br\/wp-content\/uploads\/2025\/01\/luz_2025-01-24_15-39-11_jpg_2025-01-24_15-39-11.webp.webp?fit=1200%2C859&ssl=1&resize=350%2C200 1x, https:\/\/i0.wp.com\/noticiasribeiraopreto.com.br\/wp-content\/uploads\/2025\/01\/luz_2025-01-24_15-39-11_jpg_2025-01-24_15-39-11.webp.webp?fit=1200%2C859&ssl=1&resize=525%2C300 1.5x, https:\/\/i0.wp.com\/noticiasribeiraopreto.com.br\/wp-content\/uploads\/2025\/01\/luz_2025-01-24_15-39-11_jpg_2025-01-24_15-39-11.webp.webp?fit=1200%2C859&ssl=1&resize=700%2C400 2x, https:\/\/i0.wp.com\/noticiasribeiraopreto.com.br\/wp-content\/uploads\/2025\/01\/luz_2025-01-24_15-39-11_jpg_2025-01-24_15-39-11.webp.webp?fit=1200%2C859&ssl=1&resize=1050%2C600 3x"},"classes":[]},{"id":59582,"url":"https:\/\/noticiasribeiraopreto.com.br\/index.php\/2024\/10\/26\/aneel-anuncia-bandeira-tarifaria-amarela-para-novembro-reducao-de-custos-na-conta-de-luz\/","url_meta":{"origin":81332,"position":3},"title":"ANEEL Anuncia Bandeira Tarif\u00e1ria Amarela para Novembro: Redu\u00e7\u00e3o de Custos na Conta de Luz","author":"noticiasribeiraopreto.com.br","date":"26 de October de 2024","format":false,"excerpt":"A Ag\u00eancia Nacional de Energia El\u00e9trica (ANEEL) anunciou que, a partir de novembro, a bandeira tarif\u00e1ria ser\u00e1 alterada para amarela. A mudan\u00e7a significa uma redu\u00e7\u00e3o nos custos adicionais nas contas de luz, uma vez que o cen\u00e1rio hidrol\u00f3gico tem mostrado melhorias, permitindo menor depend\u00eancia das usinas termel\u00e9tricas, que possuem um\u2026","rel":"","context":"In &quot;Not\u00edcias de Ribeir\u00e3o Preto-SP e Regi\u00e3o&quot;","block_context":{"text":"Not\u00edcias de Ribeir\u00e3o Preto-SP e Regi\u00e3o","link":"https:\/\/noticiasribeiraopreto.com.br\/index.php\/category\/noticias-de-ribeirao-preto-sp-e-regiao-ismael-colosi\/"},"img":{"alt_text":"","src":"https:\/\/i0.wp.com\/noticiasribeiraopreto.com.br\/wp-content\/uploads\/2024\/10\/energia_eletrica_interruptor_de_luz_energia070720211247.webp.webp?fit=1170%2C700&ssl=1&resize=350%2C200","width":350,"height":200,"srcset":"https:\/\/i0.wp.com\/noticiasribeiraopreto.com.br\/wp-content\/uploads\/2024\/10\/energia_eletrica_interruptor_de_luz_energia070720211247.webp.webp?fit=1170%2C700&ssl=1&resize=350%2C200 1x, https:\/\/i0.wp.com\/noticiasribeiraopreto.com.br\/wp-content\/uploads\/2024\/10\/energia_eletrica_interruptor_de_luz_energia070720211247.webp.webp?fit=1170%2C700&ssl=1&resize=525%2C300 1.5x, https:\/\/i0.wp.com\/noticiasribeiraopreto.com.br\/wp-content\/uploads\/2024\/10\/energia_eletrica_interruptor_de_luz_energia070720211247.webp.webp?fit=1170%2C700&ssl=1&resize=700%2C400 2x, https:\/\/i0.wp.com\/noticiasribeiraopreto.com.br\/wp-content\/uploads\/2024\/10\/energia_eletrica_interruptor_de_luz_energia070720211247.webp.webp?fit=1170%2C700&ssl=1&resize=1050%2C600 3x"},"classes":[]},{"id":22871,"url":"https:\/\/noticiasribeiraopreto.com.br\/index.php\/2023\/12\/31\/aneel-da-otima-noticia-para-comecar-2024\/","url_meta":{"origin":81332,"position":4},"title":"Aneel d\u00e1 \u00d3TIMA not\u00edcia para come\u00e7ar 2024","author":"noticiasribeiraopreto.com.br","date":"31 de December de 2023","format":false,"excerpt":"A Ag\u00eancia Nacional de Energia El\u00e9trica (Aneel) divulgou que a bandeira tarif\u00e1ria permanecer\u00e1 verde durante o m\u00eas de janeiro de 2024, garantindo a aus\u00eancia de custos adicionais nas tarifas de energia el\u00e9trica ao consumidor. A representa\u00e7\u00e3o da bandeira verde, aplic\u00e1vel a todos os consumidores do Sistema Interligado Nacional (SIN), est\u00e1\u2026","rel":"","context":"In &quot;Variedades&quot;","block_context":{"text":"Variedades","link":"https:\/\/noticiasribeiraopreto.com.br\/index.php\/category\/variedades\/"},"img":{"alt_text":"","src":"https:\/\/i0.wp.com\/noticiasribeiraopreto.com.br\/wp-content\/uploads\/2023\/12\/lampada-acesa-jaywarren79.jpg?fit=1200%2C638&ssl=1&resize=350%2C200","width":350,"height":200,"srcset":"https:\/\/i0.wp.com\/noticiasribeiraopreto.com.br\/wp-content\/uploads\/2023\/12\/lampada-acesa-jaywarren79.jpg?fit=1200%2C638&ssl=1&resize=350%2C200 1x, https:\/\/i0.wp.com\/noticiasribeiraopreto.com.br\/wp-content\/uploads\/2023\/12\/lampada-acesa-jaywarren79.jpg?fit=1200%2C638&ssl=1&resize=525%2C300 1.5x, https:\/\/i0.wp.com\/noticiasribeiraopreto.com.br\/wp-content\/uploads\/2023\/12\/lampada-acesa-jaywarren79.jpg?fit=1200%2C638&ssl=1&resize=700%2C400 2x, https:\/\/i0.wp.com\/noticiasribeiraopreto.com.br\/wp-content\/uploads\/2023\/12\/lampada-acesa-jaywarren79.jpg?fit=1200%2C638&ssl=1&resize=1050%2C600 3x"},"classes":[]},{"id":22953,"url":"https:\/\/noticiasribeiraopreto.com.br\/index.php\/2023\/12\/31\/milhares-de-brasileiros-agora-tem-acesso-a-conta-de-energia-eletrica-gratuita\/","url_meta":{"origin":81332,"position":5},"title":"Milhares de brasileiros agora t\u00eam acesso \u00e0 conta de energia el\u00e9trica GRATUITA","author":"noticiasribeiraopreto.com.br","date":"31 de December de 2023","format":false,"excerpt":"O programa de Tarifa Social, v\u00e1lido em todo o territ\u00f3rio nacional, concede acesso \u00e0 conta de energia gratuita para diversos brasileiros. Al\u00e9m de oferecer descontos consider\u00e1veis que podem alcan\u00e7ar at\u00e9 65% da tarifa total. Essa iniciativa, disponibilizada pelo Governo Federal em parceria com as concession\u00e1rias locais, varia suas regras de\u2026","rel":"","context":"In &quot;Vagas de Emprego em Ribeir\u00e3o Preto-SP&quot;","block_context":{"text":"Vagas de Emprego em Ribeir\u00e3o Preto-SP","link":"https:\/\/noticiasribeiraopreto.com.br\/index.php\/category\/empregos-classificados-vagas-trabalho\/vagas-de-empregos-em-ribeirao-preto-regiao-brasil\/"},"img":{"alt_text":"","src":"","width":0,"height":0},"classes":[]}],"jetpack_sharing_enabled":true,"jetpack_shortlink":"https:\/\/wp.me\/peQAOb-l9O","_links":{"self":[{"href":"https:\/\/noticiasribeiraopreto.com.br\/index.php\/wp-json\/wp\/v2\/posts\/81332","targetHints":{"allow":["GET"]}}],"collection":[{"href":"https:\/\/noticiasribeiraopreto.com.br\/index.php\/wp-json\/wp\/v2\/posts"}],"about":[{"href":"https:\/\/noticiasribeiraopreto.com.br\/index.php\/wp-json\/wp\/v2\/types\/post"}],"author":[{"embeddable":true,"href":"https:\/\/noticiasribeiraopreto.com.br\/index.php\/wp-json\/wp\/v2\/users\/1"}],"replies":[{"embeddable":true,"href":"https:\/\/noticiasribeiraopreto.com.br\/index.php\/wp-json\/wp\/v2\/comments?post=81332"}],"version-history":[{"count":0,"href":"https:\/\/noticiasribeiraopreto.com.br\/index.php\/wp-json\/wp\/v2\/posts\/81332\/revisions"}],"wp:featuredmedia":[{"embeddable":true,"href":"https:\/\/noticiasribeiraopreto.com.br\/index.php\/wp-json\/wp\/v2\/media\/81333"}],"wp:attachment":[{"href":"https:\/\/noticiasribeiraopreto.com.br\/index.php\/wp-json\/wp\/v2\/media?parent=81332"}],"wp:term":[{"taxonomy":"category","embeddable":true,"href":"https:\/\/noticiasribeiraopreto.com.br\/index.php\/wp-json\/wp\/v2\/categories?post=81332"},{"taxonomy":"post_tag","embeddable":true,"href":"https:\/\/noticiasribeiraopreto.com.br\/index.php\/wp-json\/wp\/v2\/tags?post=81332"}],"curies":[{"name":"wp","href":"https:\/\/api.w.org\/{rel}","templated":true}]}}