{"id":81342,"date":"2026-01-02T08:13:38","date_gmt":"2026-01-02T11:13:38","guid":{"rendered":"https:\/\/noticiasribeiraopreto.com.br\/index.php\/2026\/01\/02\/ribeirao-preto-tem-queima-de-fogos-e-raios-na-virada-do-ano-veja-video\/"},"modified":"2026-01-02T08:13:38","modified_gmt":"2026-01-02T11:13:38","slug":"ribeirao-preto-tem-queima-de-fogos-e-raios-na-virada-do-ano-veja-video","status":"publish","type":"post","link":"https:\/\/noticiasribeiraopreto.com.br\/index.php\/2026\/01\/02\/ribeirao-preto-tem-queima-de-fogos-e-raios-na-virada-do-ano-veja-video\/","title":{"rendered":"Ribeir\u00e3o Preto tem queima de fogos e raios na virada do ano; Veja v\u00eddeo"},"content":{"rendered":"<div class='code-block code-block-1' style='margin: 8px 0 8px auto; text-align: right; display: block; clear: both;'>\n<p><a href=\"https:\/\/wa.link\/vpicfd\"><img data-recalc-dims=\"1\" class=\"wp-image-4922\" style=\"aspect-ratio: 2.0253164556962027; width: 561px; height: auto;\" src=\"https:\/\/i0.wp.com\/ismaelcolosi.com.br\/wp-content\/uploads\/2023\/11\/grupo-de-empregos-whatsapp-e-facebook-ismael-colosi-vagas.jpg?ssl=1\" alt=\"\" \/><\/a><\/p>\n<!-- \/wp:image -->\n<\/div>\n<p> <br \/>\n<\/p>\n<p><strong>A chegada de 2026 teve queima de fogos &#8211; alguns com barulho, o que \u00e9 proibido &#8211; e raios no c\u00e9u de Ribeir\u00e3o Preto.<\/strong><\/p>\n<p>Um <strong>v\u00eddeo gravado <\/strong>na <strong>regi\u00e3o central <\/strong>da <strong>cidade <\/strong>com <strong>vista <\/strong>para a <strong>Vila Tib\u00e9rio<\/strong>, na zona Oeste, mostra os <strong>fogos <\/strong>e a <strong>sequ\u00eancia <\/strong>de <strong>rel\u00e2mpagos <\/strong>nos <strong>primeiros minutos <\/strong>do <strong>novo ano<\/strong>.<\/p>\n<p>No estado de S\u00e3o Paulo, uma lei pro\u00edbe de 2021 a queima, soltura e comercializa\u00e7\u00e3o de fogos de artif\u00edcio com estampido. Apenas s\u00e3o permitidos os fogos sem efeito sonoro. O descumprimento pode gerar penalidades.<\/p>\n<blockquote class=\"instagram-media\" data-instgrm-permalink=\"https:\/\/www.instagram.com\/reel\/DS98LwejqCg\/?utm_source=ig_embed&amp;utm_campaign=loading\" data-instgrm-version=\"14\" style=\"background:#FFF;border:0;border-radius:3px;margin: 1px;max-width:540px;min-width:326px;padding:0;width:99.375%;width:-webkit-calc(100% - 2px);width:calc(100% - 2px)\">\n<div style=\"padding:16px\"> <a href=\"https:\/\/www.instagram.com\/reel\/DS98LwejqCg\/?utm_source=ig_embed&amp;utm_campaign=loading\" style=\"background:#FFFFFF;line-height:0;padding:0 0;text-align:center;text-decoration:none;width:100%\" target=\"_blank\" rel=\"noopener\"> <\/p>\n<div style=\"flex-direction: row;align-items: center\">\n<div style=\"background-color: #F4F4F4;border-radius: 50%;flex-grow: 0;height: 40px;margin-right: 14px;width: 40px\"><\/div>\n<div style=\"flex-direction: column;flex-grow: 1;justify-content: center\">\n<div style=\"background-color: #F4F4F4;border-radius: 4px;flex-grow: 0;height: 14px;margin-bottom: 6px;width: 100px\"><\/div>\n<div style=\"background-color: #F4F4F4;border-radius: 4px;flex-grow: 0;height: 14px;width: 60px\"><\/div>\n<\/div>\n<\/div>\n<div style=\"padding: 19% 0\"><\/div>\n<div style=\"height:50px;margin:0 auto 12px;width:50px\"><\/div>\n<div style=\"padding-top: 8px\">\n<div style=\"color:#3897f0;font-family:Arial,sans-serif;font-size:14px;font-style:normal;font-weight:550;line-height:18px\">Ver essa foto no Instagram<\/div>\n<\/div>\n<div style=\"padding: 12.5% 0\"><\/div>\n<div style=\"flex-direction: row;margin-bottom: 14px;align-items: center\">\n<div>\n<div style=\"background-color: #F4F4F4;border-radius: 50%;height: 12.5px;width: 12.5px\"><\/div>\n<div style=\"background-color: #F4F4F4;height: 12.5px;width: 12.5px;flex-grow: 0;margin-right: 14px;margin-left: 2px\"><\/div>\n<div style=\"background-color: #F4F4F4;border-radius: 50%;height: 12.5px;width: 12.5px\"><\/div>\n<\/div>\n<div style=\"margin-left: 8px\">\n<div style=\"background-color: #F4F4F4;border-radius: 50%;flex-grow: 0;height: 20px;width: 20px\"><\/div>\n<div style=\"width: 0;height: 0;border-top: 2px solid transparent;border-left: 6px solid #f4f4f4;border-bottom: 2px solid transparent\"><\/div>\n<\/div>\n<div style=\"margin-left: auto\">\n<div style=\"width: 0px;border-top: 8px solid #F4F4F4;border-right: 8px solid transparent\"><\/div>\n<div style=\"background-color: #F4F4F4;flex-grow: 0;height: 12px;width: 16px\"><\/div>\n<div style=\"width: 0;height: 0;border-top: 8px solid #F4F4F4;border-left: 8px solid transparent\"><\/div>\n<\/div>\n<\/div>\n<div style=\"flex-direction: column;flex-grow: 1;justify-content: center;margin-bottom: 24px\">\n<div style=\"background-color: #F4F4F4;border-radius: 4px;flex-grow: 0;height: 14px;margin-bottom: 6px;width: 224px\"><\/div>\n<div style=\"background-color: #F4F4F4;border-radius: 4px;flex-grow: 0;height: 14px;width: 144px\"><\/div>\n<\/div>\n<p><\/a><\/p>\n<p style=\"color:#c9c8cd;font-family:Arial,sans-serif;font-size:14px;line-height:17px;margin-bottom:0;margin-top:8px;overflow:hidden;padding:8px 0 7px;text-align:center\"><a href=\"https:\/\/www.instagram.com\/reel\/DS98LwejqCg\/?utm_source=ig_embed&amp;utm_campaign=loading\" style=\"color:#c9c8cd;font-family:Arial,sans-serif;font-size:14px;font-style:normal;font-weight:normal;line-height:17px;text-decoration:none\" target=\"_blank\" rel=\"noopener\">Um post compartilhado por acidade on Ribeir\u00e3o (@acidadeonribeirao)<\/a><\/p>\n<\/div>\n<\/blockquote>\n<p>SAIBA MAIS<\/p>\n<p>Mega da Virada: Sorteio \u00e9 adiado e pr\u00eamio aumenta para R$ 1,09 bilh\u00e3o; Entenda<\/p>\n<h2 class=\"wp-block-heading\"><strong>FIQUE ON<\/strong><\/h2>\n<p>Fique ligado em tudo que acontece em Ribeir\u00e3o Preto e regi\u00e3o. Siga os perfis do&nbsp;<strong>acidade on<\/strong>&nbsp;no<a href=\"https:\/\/www.instagram.com\/acidadeonribeirao\" target=\"_blank\" rel=\"noreferrer noopener\">&nbsp;Instagram&nbsp;<\/a>e no&nbsp;<a href=\"https:\/\/www.facebook.com\/acidadeonribeirao\/\" target=\"_blank\" rel=\"noreferrer noopener\">Facebook<\/a>.<\/p>\n<p>Receba not\u00edcias do<strong>&nbsp;acidade on<\/strong>&nbsp;no WhatsApp. Para entrar no grupo,&nbsp;basta&nbsp;<a href=\"https:\/\/chat.whatsapp.com\/I4nieTEMKlf50pJ28aMemC?mode=ac_t\" target=\"_blank\" rel=\"noreferrer noopener\">clicar aqui<\/a>. Ou, acesse o nosso&nbsp;Canal&nbsp;<a href=\"https:\/\/whatsapp.com\/channel\/0029Vb6IQl1JENyAeS57fk2p\" target=\"_blank\" rel=\"noreferrer noopener\">clicando aqui<\/a>.<\/p>\n<p>Fa\u00e7a uma den\u00fancia ou sugira uma reportagem sobre Ribeir\u00e3o Preto e regi\u00e3o pelo WhatsApp: 16 99117 7802.<\/p>\n<p>VEJA TAMB\u00c9M<\/p>\n<p>Por que Danielle saiu do NewJeans?<\/p>\n<\/p>\n<p>O post Ribeir\u00e3o Preto tem queima de fogos e raios na virada do ano; Veja v\u00eddeo apareceu primeiro em ACidade ON Ribeir\u00e3o Preto.<\/p>\n<p><script async src=\"\/\/www.instagram.com\/embed.js\"><\/script><br \/>\n<br \/><br \/>\n<br \/><a href=\"https:\/\/www.acidadeon.com\/ribeiraopreto\/cotidiano\/ribeirao-preto-tem-queima-de-fogos-e-raios-na-virada-do-ano-veja-video\/\">Source link <\/a><\/p>\n<!-- CONTENT END 1 -->\n","protected":false},"excerpt":{"rendered":"<p>A chegada de 2026 teve queima de fogos &#8211; alguns com barulho, o que \u00e9 proibido &#8211; e raios no c\u00e9u de Ribeir\u00e3o Preto. Um&#8230;<\/p>\n","protected":false},"author":1,"featured_media":81343,"comment_status":"open","ping_status":"open","sticky":false,"template":"","format":"standard","meta":{"advanced_seo_description":"","jetpack_seo_html_title":"","jetpack_seo_noindex":false,"jetpack_post_was_ever_published":false,"_jetpack_newsletter_access":"","_jetpack_dont_email_post_to_subs":false,"_jetpack_newsletter_tier_id":0,"_jetpack_memberships_contains_paywalled_content":false,"_jetpack_memberships_contains_paid_content":false,"footnotes":"","jetpack_publicize_message":"","jetpack_publicize_feature_enabled":true,"jetpack_social_post_already_shared":true,"jetpack_social_options":{"image_generator_settings":{"template":"highway","default_image_id":0,"font":"","enabled":false},"version":2}},"categories":[11],"tags":[],"class_list":["post-81342","post","type-post","status-publish","format-standard","has-post-thumbnail","hentry","category-noticias-de-ribeirao-preto-sp-e-regiao-ismael-colosi"],"jetpack_publicize_connections":[],"jetpack_featured_media_url":"https:\/\/i0.wp.com\/noticiasribeiraopreto.com.br\/wp-content\/uploads\/2026\/01\/fogos-e-raios_2026-01-01_12-28-45.webp.webp?fit=1000%2C569&ssl=1","jetpack-related-posts":[{"id":22705,"url":"https:\/\/noticiasribeiraopreto.com.br\/index.php\/2023\/12\/30\/cidade-na-regiao-de-ribeirao-tera-queima-de-fogos-na-virada-do-ano\/","url_meta":{"origin":81342,"position":0},"title":"Cidade na regi\u00e3o de Ribeir\u00e3o ter\u00e1 queima de fogos na virada do ano","author":"noticiasribeiraopreto.com.br","date":"30 de December de 2023","format":false,"excerpt":"A Prefeitura de Sert\u00e3ozinho, cidade na regi\u00e3o de Ribeir\u00e3o Preto, anunciou que far\u00e1 uma queima de fogos na virada do ano para receber 2024. O show pirot\u00e9cnico acontecer\u00e1 no Parque do Cristo Salvador \u201cAnt\u00f4nio Gimenes Filho\u201d, na rua Am\u00e9lia D\u00e2ndaro Rodrigues, 605, Cidade Jardim. Segundo a Administra\u00e7\u00e3o Municipal, o local\u2026","rel":"","context":"In &quot;Not\u00edcias de Ribeir\u00e3o Preto-SP e Regi\u00e3o&quot;","block_context":{"text":"Not\u00edcias de Ribeir\u00e3o Preto-SP e Regi\u00e3o","link":"https:\/\/noticiasribeiraopreto.com.br\/index.php\/category\/noticias-de-ribeirao-preto-sp-e-regiao-ismael-colosi\/"},"img":{"alt_text":"","src":"https:\/\/i0.wp.com\/noticiasribeiraopreto.com.br\/wp-content\/uploads\/2023\/12\/5c65a30e484ffda4c2d3a54a19ddc6f1.jpg?fit=640%2C427&ssl=1&resize=350%2C200","width":350,"height":200,"srcset":"https:\/\/i0.wp.com\/noticiasribeiraopreto.com.br\/wp-content\/uploads\/2023\/12\/5c65a30e484ffda4c2d3a54a19ddc6f1.jpg?fit=640%2C427&ssl=1&resize=350%2C200 1x, https:\/\/i0.wp.com\/noticiasribeiraopreto.com.br\/wp-content\/uploads\/2023\/12\/5c65a30e484ffda4c2d3a54a19ddc6f1.jpg?fit=640%2C427&ssl=1&resize=525%2C300 1.5x"},"classes":[]},{"id":61961,"url":"https:\/\/noticiasribeiraopreto.com.br\/index.php\/2024\/12\/29\/prainha-na-regiao-de-ribeirao-preto-tera-queima-de-fogos-sem-barulho-por-20-minutos-no-reveillon\/","url_meta":{"origin":81342,"position":1},"title":"Prainha na regi\u00e3o de Ribeir\u00e3o Preto ter\u00e1 queima de fogos sem barulho por 20 minutos no R\u00e9veillon","author":"noticiasribeiraopreto.com.br","date":"29 de December de 2024","format":false,"excerpt":"A Prefeitura de Rifaina, cidade tur\u00edstica a aproximadamente 150 quil\u00f4metros de Ribeir\u00e3o Preto, confirmou a tradicional queima de fogos de artif\u00edcio sem barulho no R\u00e9veillon 2025, na orla da praia da cidade. S\u00e3o esperadas\u00a010 mil pessoas\u00a0nas\u00a0festividades\u00a0de\u00a0fim de ano, no dia 31 dezembro.\u00a0O acesso do p\u00fablico \u00e9 gratuito. A queima de\u2026","rel":"","context":"In &quot;Not\u00edcias de Ribeir\u00e3o Preto-SP e Regi\u00e3o&quot;","block_context":{"text":"Not\u00edcias de Ribeir\u00e3o Preto-SP e Regi\u00e3o","link":"https:\/\/noticiasribeiraopreto.com.br\/index.php\/category\/noticias-de-ribeirao-preto-sp-e-regiao-ismael-colosi\/"},"img":{"alt_text":"","src":"https:\/\/i0.wp.com\/noticiasribeiraopreto.com.br\/wp-content\/uploads\/2024\/12\/1735508402_praia_rifaina_1200x675_22102021190356.jpg?fit=1200%2C675&ssl=1&resize=350%2C200","width":350,"height":200,"srcset":"https:\/\/i0.wp.com\/noticiasribeiraopreto.com.br\/wp-content\/uploads\/2024\/12\/1735508402_praia_rifaina_1200x675_22102021190356.jpg?fit=1200%2C675&ssl=1&resize=350%2C200 1x, https:\/\/i0.wp.com\/noticiasribeiraopreto.com.br\/wp-content\/uploads\/2024\/12\/1735508402_praia_rifaina_1200x675_22102021190356.jpg?fit=1200%2C675&ssl=1&resize=525%2C300 1.5x, https:\/\/i0.wp.com\/noticiasribeiraopreto.com.br\/wp-content\/uploads\/2024\/12\/1735508402_praia_rifaina_1200x675_22102021190356.jpg?fit=1200%2C675&ssl=1&resize=700%2C400 2x, https:\/\/i0.wp.com\/noticiasribeiraopreto.com.br\/wp-content\/uploads\/2024\/12\/1735508402_praia_rifaina_1200x675_22102021190356.jpg?fit=1200%2C675&ssl=1&resize=1050%2C600 3x"},"classes":[]},{"id":61959,"url":"https:\/\/noticiasribeiraopreto.com.br\/index.php\/2024\/12\/29\/prainha-na-regiao-de-ribeirao-preto-tera-queima-fogos-sem-barulho-por-20-minutos-no-reveillon\/","url_meta":{"origin":81342,"position":2},"title":"Prainha na regi\u00e3o de Ribeir\u00e3o Preto ter\u00e1 queima fogos sem barulho por 20 minutos no R\u00e9veillon","author":"noticiasribeiraopreto.com.br","date":"29 de December de 2024","format":false,"excerpt":"A Prefeitura de Rifaina, cidade tur\u00edstica a aproximadamente 150 quil\u00f4metros de Ribeir\u00e3o Preto, confirmou a tradicional queima de fogos de artif\u00edcio sem barulho no R\u00e9veillon 2025, na orla da praia da cidade. S\u00e3o esperadas\u00a010 mil pessoas\u00a0nas\u00a0festividades\u00a0de\u00a0fim de ano, no dia 31 dezembro.\u00a0O acesso do p\u00fablico \u00e9 gratuito. A queima de\u2026","rel":"","context":"In &quot;Not\u00edcias de Ribeir\u00e3o Preto-SP e Regi\u00e3o&quot;","block_context":{"text":"Not\u00edcias de Ribeir\u00e3o Preto-SP e Regi\u00e3o","link":"https:\/\/noticiasribeiraopreto.com.br\/index.php\/category\/noticias-de-ribeirao-preto-sp-e-regiao-ismael-colosi\/"},"img":{"alt_text":"","src":"https:\/\/i0.wp.com\/noticiasribeiraopreto.com.br\/wp-content\/uploads\/2024\/12\/praia_rifaina_1200x675_22102021190356.jpg?fit=1200%2C675&ssl=1&resize=350%2C200","width":350,"height":200,"srcset":"https:\/\/i0.wp.com\/noticiasribeiraopreto.com.br\/wp-content\/uploads\/2024\/12\/praia_rifaina_1200x675_22102021190356.jpg?fit=1200%2C675&ssl=1&resize=350%2C200 1x, https:\/\/i0.wp.com\/noticiasribeiraopreto.com.br\/wp-content\/uploads\/2024\/12\/praia_rifaina_1200x675_22102021190356.jpg?fit=1200%2C675&ssl=1&resize=525%2C300 1.5x, https:\/\/i0.wp.com\/noticiasribeiraopreto.com.br\/wp-content\/uploads\/2024\/12\/praia_rifaina_1200x675_22102021190356.jpg?fit=1200%2C675&ssl=1&resize=700%2C400 2x, https:\/\/i0.wp.com\/noticiasribeiraopreto.com.br\/wp-content\/uploads\/2024\/12\/praia_rifaina_1200x675_22102021190356.jpg?fit=1200%2C675&ssl=1&resize=1050%2C600 3x"},"classes":[]},{"id":61923,"url":"https:\/\/noticiasribeiraopreto.com.br\/index.php\/2024\/12\/27\/saiba-qual-praia-do-litoral-de-sp-que-nao-tera-queima-de-fogos-no-reveillon\/","url_meta":{"origin":81342,"position":3},"title":"Saiba qual praia do litoral de SP que n\u00e3o ter\u00e1 queima de fogos no R\u00e9veillon","author":"noticiasribeiraopreto.com.br","date":"27 de December de 2024","format":false,"excerpt":"A Prefeitura de Praia Grande, no litoral de S\u00e3o Paulo, anunciou que n\u00e3o haver\u00e1 queima de fogos durante as festividades de R\u00e9veillon 2025. A decis\u00e3o foi tomada com base nos impactos negativos que o show pirot\u00e9cnico pode gerar em grupos vulner\u00e1veis, como pessoas com espectro autista, acamados, idosos e animais\u2026","rel":"","context":"In &quot;Not\u00edcias de Ribeir\u00e3o Preto-SP e Regi\u00e3o&quot;","block_context":{"text":"Not\u00edcias de Ribeir\u00e3o Preto-SP e Regi\u00e3o","link":"https:\/\/noticiasribeiraopreto.com.br\/index.php\/category\/noticias-de-ribeirao-preto-sp-e-regiao-ismael-colosi\/"},"img":{"alt_text":"","src":"https:\/\/i0.wp.com\/noticiasribeiraopreto.com.br\/wp-content\/uploads\/2024\/12\/1735343053_fogos_de_1200x675_27122021145159.jpg?fit=1200%2C675&ssl=1&resize=350%2C200","width":350,"height":200,"srcset":"https:\/\/i0.wp.com\/noticiasribeiraopreto.com.br\/wp-content\/uploads\/2024\/12\/1735343053_fogos_de_1200x675_27122021145159.jpg?fit=1200%2C675&ssl=1&resize=350%2C200 1x, https:\/\/i0.wp.com\/noticiasribeiraopreto.com.br\/wp-content\/uploads\/2024\/12\/1735343053_fogos_de_1200x675_27122021145159.jpg?fit=1200%2C675&ssl=1&resize=525%2C300 1.5x, https:\/\/i0.wp.com\/noticiasribeiraopreto.com.br\/wp-content\/uploads\/2024\/12\/1735343053_fogos_de_1200x675_27122021145159.jpg?fit=1200%2C675&ssl=1&resize=700%2C400 2x, https:\/\/i0.wp.com\/noticiasribeiraopreto.com.br\/wp-content\/uploads\/2024\/12\/1735343053_fogos_de_1200x675_27122021145159.jpg?fit=1200%2C675&ssl=1&resize=1050%2C600 3x"},"classes":[]},{"id":81411,"url":"https:\/\/noticiasribeiraopreto.com.br\/index.php\/2026\/01\/05\/cachorro-morre-de-infarto-durante-queima-de-fogos-na-virada-do-ano-em-ribeirao-preto\/","url_meta":{"origin":81342,"position":4},"title":"Cachorro morre de infarto durante queima de fogos na virada do ano em Ribeir\u00e3o Preto","author":"noticiasribeiraopreto.com.br","date":"5 de January de 2026","format":false,"excerpt":"O barulho intenso dos fogos de artif\u00edcio na virada do ano resultou na morte de um cachorro em Ribeir\u00e3o Preto. O caso aconteceu na noite de 31 de dezembro, na regi\u00e3o da Ch\u00e1cara H\u00edpica, e envolveu Otto Jos\u00e9, um c\u00e3o de quatro anos da ra\u00e7a Pastor Maremano, v\u00edtima de estresse\u2026","rel":"","context":"In &quot;Not\u00edcias de Ribeir\u00e3o Preto-SP e Regi\u00e3o&quot;","block_context":{"text":"Not\u00edcias de Ribeir\u00e3o Preto-SP e Regi\u00e3o","link":"https:\/\/noticiasribeiraopreto.com.br\/index.php\/category\/noticias-de-ribeirao-preto-sp-e-regiao-ismael-colosi\/"},"img":{"alt_text":"","src":"https:\/\/i0.wp.com\/noticiasribeiraopreto.com.br\/wp-content\/uploads\/2026\/01\/domingo-22_2026-01-04_13-38-02.webp.webp?fit=1200%2C675&ssl=1&resize=350%2C200","width":350,"height":200,"srcset":"https:\/\/i0.wp.com\/noticiasribeiraopreto.com.br\/wp-content\/uploads\/2026\/01\/domingo-22_2026-01-04_13-38-02.webp.webp?fit=1200%2C675&ssl=1&resize=350%2C200 1x, https:\/\/i0.wp.com\/noticiasribeiraopreto.com.br\/wp-content\/uploads\/2026\/01\/domingo-22_2026-01-04_13-38-02.webp.webp?fit=1200%2C675&ssl=1&resize=525%2C300 1.5x, https:\/\/i0.wp.com\/noticiasribeiraopreto.com.br\/wp-content\/uploads\/2026\/01\/domingo-22_2026-01-04_13-38-02.webp.webp?fit=1200%2C675&ssl=1&resize=700%2C400 2x, https:\/\/i0.wp.com\/noticiasribeiraopreto.com.br\/wp-content\/uploads\/2026\/01\/domingo-22_2026-01-04_13-38-02.webp.webp?fit=1200%2C675&ssl=1&resize=1050%2C600 3x"},"classes":[]},{"id":21970,"url":"https:\/\/noticiasribeiraopreto.com.br\/index.php\/2023\/12\/28\/e-proibido-soltar-fogos-de-artificio-no-ano-novo-entenda-a-lei-no-estado-de-sp\/","url_meta":{"origin":81342,"position":5},"title":"\u00c9 proibido soltar fogos de artif\u00edcio no Ano Novo? Entenda a lei no estado de SP","author":"noticiasribeiraopreto.com.br","date":"28 de December de 2023","format":false,"excerpt":"S\u00edmbolo do R\u00e9veillon, a queima de fogos de artif\u00edcio atraem milhares de pessoas para shows pirot\u00e9cnicos em cidades como S\u00e3o Paulo, Rio de Janeiro e Florian\u00f3polis, que apresentam um espet\u00e1culo de cores e luzes nos primeiros minutos de um novo ano. Apesar de emocionante, o que muitas pessoas ainda n\u00e3o\u2026","rel":"","context":"In &quot;Not\u00edcias de Ribeir\u00e3o Preto-SP e Regi\u00e3o&quot;","block_context":{"text":"Not\u00edcias de Ribeir\u00e3o Preto-SP e Regi\u00e3o","link":"https:\/\/noticiasribeiraopreto.com.br\/index.php\/category\/noticias-de-ribeirao-preto-sp-e-regiao-ismael-colosi\/"},"img":{"alt_text":"","src":"https:\/\/i0.wp.com\/noticiasribeiraopreto.com.br\/wp-content\/uploads\/2023\/12\/fogos_de_1200x675_27122021145159.jpg?fit=1200%2C675&ssl=1&resize=350%2C200","width":350,"height":200,"srcset":"https:\/\/i0.wp.com\/noticiasribeiraopreto.com.br\/wp-content\/uploads\/2023\/12\/fogos_de_1200x675_27122021145159.jpg?fit=1200%2C675&ssl=1&resize=350%2C200 1x, https:\/\/i0.wp.com\/noticiasribeiraopreto.com.br\/wp-content\/uploads\/2023\/12\/fogos_de_1200x675_27122021145159.jpg?fit=1200%2C675&ssl=1&resize=525%2C300 1.5x, https:\/\/i0.wp.com\/noticiasribeiraopreto.com.br\/wp-content\/uploads\/2023\/12\/fogos_de_1200x675_27122021145159.jpg?fit=1200%2C675&ssl=1&resize=700%2C400 2x, https:\/\/i0.wp.com\/noticiasribeiraopreto.com.br\/wp-content\/uploads\/2023\/12\/fogos_de_1200x675_27122021145159.jpg?fit=1200%2C675&ssl=1&resize=1050%2C600 3x"},"classes":[]}],"jetpack_sharing_enabled":true,"jetpack_shortlink":"https:\/\/wp.me\/peQAOb-l9Y","_links":{"self":[{"href":"https:\/\/noticiasribeiraopreto.com.br\/index.php\/wp-json\/wp\/v2\/posts\/81342","targetHints":{"allow":["GET"]}}],"collection":[{"href":"https:\/\/noticiasribeiraopreto.com.br\/index.php\/wp-json\/wp\/v2\/posts"}],"about":[{"href":"https:\/\/noticiasribeiraopreto.com.br\/index.php\/wp-json\/wp\/v2\/types\/post"}],"author":[{"embeddable":true,"href":"https:\/\/noticiasribeiraopreto.com.br\/index.php\/wp-json\/wp\/v2\/users\/1"}],"replies":[{"embeddable":true,"href":"https:\/\/noticiasribeiraopreto.com.br\/index.php\/wp-json\/wp\/v2\/comments?post=81342"}],"version-history":[{"count":0,"href":"https:\/\/noticiasribeiraopreto.com.br\/index.php\/wp-json\/wp\/v2\/posts\/81342\/revisions"}],"wp:featuredmedia":[{"embeddable":true,"href":"https:\/\/noticiasribeiraopreto.com.br\/index.php\/wp-json\/wp\/v2\/media\/81343"}],"wp:attachment":[{"href":"https:\/\/noticiasribeiraopreto.com.br\/index.php\/wp-json\/wp\/v2\/media?parent=81342"}],"wp:term":[{"taxonomy":"category","embeddable":true,"href":"https:\/\/noticiasribeiraopreto.com.br\/index.php\/wp-json\/wp\/v2\/categories?post=81342"},{"taxonomy":"post_tag","embeddable":true,"href":"https:\/\/noticiasribeiraopreto.com.br\/index.php\/wp-json\/wp\/v2\/tags?post=81342"}],"curies":[{"name":"wp","href":"https:\/\/api.w.org\/{rel}","templated":true}]}}