{"id":81353,"date":"2026-01-03T06:53:04","date_gmt":"2026-01-03T09:53:04","guid":{"rendered":"https:\/\/noticiasribeiraopreto.com.br\/index.php\/2026\/01\/03\/menino-que-caiu-do-10o-andar-em-ribeirao-preto-e-desentubado-e-respira-sozinho\/"},"modified":"2026-01-03T06:53:04","modified_gmt":"2026-01-03T09:53:04","slug":"menino-que-caiu-do-10o-andar-em-ribeirao-preto-e-desentubado-e-respira-sozinho","status":"publish","type":"post","link":"https:\/\/noticiasribeiraopreto.com.br\/index.php\/2026\/01\/03\/menino-que-caiu-do-10o-andar-em-ribeirao-preto-e-desentubado-e-respira-sozinho\/","title":{"rendered":"Menino que caiu do 10\u00ba andar em Ribeir\u00e3o Preto \u00e9 desentubado e respira sozinho"},"content":{"rendered":"<div class='code-block code-block-1' style='margin: 8px 0 8px auto; text-align: right; display: block; clear: both;'>\n<p><a href=\"https:\/\/wa.link\/vpicfd\"><img data-recalc-dims=\"1\" class=\"wp-image-4922\" style=\"aspect-ratio: 2.0253164556962027; width: 561px; height: auto;\" src=\"https:\/\/i0.wp.com\/ismaelcolosi.com.br\/wp-content\/uploads\/2023\/11\/grupo-de-empregos-whatsapp-e-facebook-ismael-colosi-vagas.jpg?ssl=1\" alt=\"\" \/><\/a><\/p>\n<!-- \/wp:image -->\n<\/div>\n<p> <br \/>\n<\/p>\n<div data-td-block-uid=\"tdi_95\">\n<div class=\"tdb-block-inner td-fix-index\">\n<p>O menino <strong>Brenno Jorge Betiati Fernandes Girdziauckas<\/strong>, de 4 anos, que caiu do 10\u00ba andar de um pr\u00e9dio no <strong>Centro de Ribeir\u00e3o Preto<\/strong> foi <strong>desentubado na tarde desta sexta-feira (2)<\/strong> e agora respira sozinho. Segundo o pai da crian\u00e7a, Carlos Daniel Fernandes, ele continua sedado, mas apresenta boa evolu\u00e7\u00e3o cl\u00ednica no <strong>CTI do Hospital das Cl\u00ednicas \u2013 Unidade de Emerg\u00eancia (HC-UE)<\/strong>.<\/p>\n<figure class=\"wp-block-pullquote\">\n<blockquote>\n<p>Acabaram de desentubar o Brenno. Agora respirando sozinho. Mas continua sedado e evoluindo indo bem. Hoje o padre Capel\u00e3o Josirlei Aparecido da Silva esteve aqui no HC e fez uma linda ora\u00e7\u00e3o para todos na CTI<\/p>\n<p><cite>disse o pai<\/cite><\/p><\/blockquote>\n<\/figure>\n<h3 class=\"wp-block-heading\"><strong>A queda<\/strong><\/h3>\n<p>O acidente aconteceu na tarde do \u00faltimo s\u00e1bado (27), no pr\u00e9dio em que a fam\u00edlia mora, na <strong>rua Marechal Deodoro<\/strong>. A crian\u00e7a, <strong>autista n\u00e3o verbal<\/strong>, caiu da <strong>janela do banheiro por volta das 15h30<\/strong>. De acordo com familiares, todas as janelas tinham telas de prote\u00e7\u00e3o, exceto a do banheiro, por onde ocorreu a queda.<\/p>\n<div class=\"wp-block-image\">\n<figure class=\"aligncenter size-large is-resized\"><img data-recalc-dims=\"1\" fetchpriority=\"high\" decoding=\"async\" width=\"1024\" height=\"576\" src=\"https:\/\/i0.wp.com\/cdn.media-acidadeon.com.br\/ribeiraopreto\/wp-content\/uploads\/sites\/3\/2026\/01\/image_2026-01-02_21-49-43-1024x576.webp?resize=1024%2C576&#038;ssl=1\" alt=\"menino queda\" class=\"wp-image-140935\" style=\"width:900px;height:auto\" title=\"Menino que caiu do 10\u00ba andar em Ribeir\u00e3o Preto \u00e9 desentubado e respira sozinho 1\" srcset=\"https:\/\/cdn.media-acidadeon.com.br\/ribeiraopreto\/wp-content\/uploads\/sites\/3\/2026\/01\/image_2026-01-02_21-49-43-1024x576.webp 1024w, https:\/\/cdn.media-acidadeon.com.br\/ribeiraopreto\/wp-content\/uploads\/sites\/3\/2026\/01\/image_2026-01-02_21-49-43-300x169.webp 300w, https:\/\/cdn.media-acidadeon.com.br\/ribeiraopreto\/wp-content\/uploads\/sites\/3\/2026\/01\/image_2026-01-02_21-49-43-768x432.webp 768w, https:\/\/cdn.media-acidadeon.com.br\/ribeiraopreto\/wp-content\/uploads\/sites\/3\/2026\/01\/image_2026-01-02_21-49-43-696x392.webp 696w, https:\/\/cdn.media-acidadeon.com.br\/ribeiraopreto\/wp-content\/uploads\/sites\/3\/2026\/01\/image_2026-01-02_21-49-43.webp 1068w\" sizes=\"(max-width: 1024px) 100vw, 1024px\"\/><figcaption class=\"wp-element-caption\">Menino de 4 anos caiu do d\u00e9cimo andar em Ribeir\u00e3o Preto \u2013 Foto: Murilo Badessa \/ EPTV<\/figcaption><\/figure>\n<\/div>\n<p>O <strong>Samu<\/strong> socorreu a crian\u00e7a consciente e encaminhou-a ao HC-UE, a cerca de 350 metros do local do acidente. Ele chegou ao hospital com <strong>fraturas bilaterais no f\u00eamur<\/strong> e passou por cirurgia na noite do dia 27. Desde ent\u00e3o, a equipe m\u00e9dica monitora sua evolu\u00e7\u00e3o na unidade de terapia intensiva.<\/p>\n<hr class=\"wp-block-separator has-alpha-channel-opacity\"\/>\n<p>SAIBA MAIS<\/p>\n<p>Carro envolvido em atropelamento de m\u00e3e e filho \u00e9 identificado em Ribeir\u00e3o Preto<\/p>\n<h4 class=\"wp-block-heading\"><strong>FIQUE ON<\/strong><\/h4>\n<p>Fique ligado em tudo que acontece em Ribeir\u00e3o Preto e regi\u00e3o. Siga os perfis do\u00a0<strong>acidade on<\/strong>\u00a0no<a href=\"https:\/\/www.instagram.com\/acidadeonribeirao\" target=\"_blank\" rel=\"noreferrer noopener\">\u00a0Instagram\u00a0<\/a>e no\u00a0<a href=\"https:\/\/www.facebook.com\/acidadeonribeirao\/\" target=\"_blank\" rel=\"noreferrer noopener\">Facebook<\/a>.<\/p>\n<p>Receba not\u00edcias do<strong>\u00a0acidade on<\/strong>\u00a0no WhatsApp. Para entrar no grupo,\u00a0basta\u00a0<a href=\"https:\/\/chat.whatsapp.com\/I4nieTEMKlf50pJ28aMemC?mode=ac_t\" target=\"_blank\" rel=\"noreferrer noopener\">clicar aqui<\/a>. Ou, acesse o nosso\u00a0Canal\u00a0<a href=\"https:\/\/whatsapp.com\/channel\/0029Vb6IQl1JENyAeS57fk2p\" target=\"_blank\" rel=\"noreferrer noopener\">clicando aqui<\/a>.<\/p>\n<p>Fa\u00e7a uma den\u00fancia ou sugira uma reportagem sobre Ribeir\u00e3o Preto e regi\u00e3o pelo WhatsApp: 16 99117 7802.<\/p>\n<p>VEJA TAMB\u00c9M<\/p>\n<p>Por que Danielle saiu do NewJeans?<\/p>\n<p><!-- AI CONTENT END 1 -->\n<\/div>\n<\/div>\n<p><script async src=\"\/\/www.instagram.com\/embed.js\"><\/script><br \/>\n<br \/><br \/>\n<br \/><a href=\"https:\/\/www.acidadeon.com\/ribeiraopreto\/cotidiano\/menino-que-caiu-do-10o-andar-em-ribeirao-preto-e-desentubado-e-respira-sozinho\/\">Source link <\/a><\/p>\n<!-- CONTENT END 1 -->\n","protected":false},"excerpt":{"rendered":"<p>O menino Brenno Jorge Betiati Fernandes Girdziauckas, de 4 anos, que caiu do 10\u00ba andar de um pr\u00e9dio no Centro de Ribeir\u00e3o Preto foi desentubado&#8230;<\/p>\n","protected":false},"author":1,"featured_media":81354,"comment_status":"open","ping_status":"open","sticky":false,"template":"","format":"standard","meta":{"advanced_seo_description":"","jetpack_seo_html_title":"","jetpack_seo_noindex":false,"jetpack_post_was_ever_published":false,"_jetpack_newsletter_access":"","_jetpack_dont_email_post_to_subs":false,"_jetpack_newsletter_tier_id":0,"_jetpack_memberships_contains_paywalled_content":false,"_jetpack_memberships_contains_paid_content":false,"footnotes":"","jetpack_publicize_message":"","jetpack_publicize_feature_enabled":true,"jetpack_social_post_already_shared":true,"jetpack_social_options":{"image_generator_settings":{"template":"highway","default_image_id":0,"font":"","enabled":false},"version":2}},"categories":[11],"tags":[],"class_list":["post-81353","post","type-post","status-publish","format-standard","has-post-thumbnail","hentry","category-noticias-de-ribeirao-preto-sp-e-regiao-ismael-colosi"],"jetpack_publicize_connections":[],"jetpack_featured_media_url":"https:\/\/i0.wp.com\/noticiasribeiraopreto.com.br\/wp-content\/uploads\/2026\/01\/domingo-21_2026-01-02_21-57-24.webp.webp?fit=1200%2C675&ssl=1","jetpack-related-posts":[{"id":84365,"url":"https:\/\/noticiasribeiraopreto.com.br\/index.php\/2026\/04\/08\/menino-brenno-que-caiu-do-10o-andar-comecou-a-caminhar-video\/","url_meta":{"origin":81353,"position":0},"title":"Menino Brenno, que caiu do 10\u00ba andar, come\u00e7ou a caminhar; V\u00eddeo","author":"noticiasribeiraopreto.com.br","date":"8 de April de 2026","format":false,"excerpt":"Ler o resumo da not\u00edcia Menino de 4 anos que sobreviveu \u00e0 queda do 10\u00ba andar em Ribeir\u00e3o Preto voltou a caminhar. O acidente ocorreu em condom\u00ednio no Centro da cidade, no dia 27 de dezembro de 2025. Brenno faz fisioterapia no Hospital das Cl\u00ednicas de Ribeir\u00e3o Preto e recebeu\u2026","rel":"","context":"In &quot;Not\u00edcias de Ribeir\u00e3o Preto-SP e Regi\u00e3o&quot;","block_context":{"text":"Not\u00edcias de Ribeir\u00e3o Preto-SP e Regi\u00e3o","link":"https:\/\/noticiasribeiraopreto.com.br\/index.php\/category\/noticias-de-ribeirao-preto-sp-e-regiao-ismael-colosi\/"},"img":{"alt_text":"","src":"https:\/\/i0.wp.com\/noticiasribeiraopreto.com.br\/wp-content\/uploads\/2026\/04\/BRENNO-2_2026-04-08_15-41-27.webp.webp?fit=1200%2C674&ssl=1&resize=350%2C200","width":350,"height":200,"srcset":"https:\/\/i0.wp.com\/noticiasribeiraopreto.com.br\/wp-content\/uploads\/2026\/04\/BRENNO-2_2026-04-08_15-41-27.webp.webp?fit=1200%2C674&ssl=1&resize=350%2C200 1x, https:\/\/i0.wp.com\/noticiasribeiraopreto.com.br\/wp-content\/uploads\/2026\/04\/BRENNO-2_2026-04-08_15-41-27.webp.webp?fit=1200%2C674&ssl=1&resize=525%2C300 1.5x, https:\/\/i0.wp.com\/noticiasribeiraopreto.com.br\/wp-content\/uploads\/2026\/04\/BRENNO-2_2026-04-08_15-41-27.webp.webp?fit=1200%2C674&ssl=1&resize=700%2C400 2x, https:\/\/i0.wp.com\/noticiasribeiraopreto.com.br\/wp-content\/uploads\/2026\/04\/BRENNO-2_2026-04-08_15-41-27.webp.webp?fit=1200%2C674&ssl=1&resize=1050%2C600 3x"},"classes":[]},{"id":81415,"url":"https:\/\/noticiasribeiraopreto.com.br\/index.php\/2026\/01\/05\/menino-brenno-que-caiu-do-10o-andar-ja-esta-no-quarto-no-hc\/","url_meta":{"origin":81353,"position":1},"title":"Menino Brenno, que caiu do 10\u00ba andar, j\u00e1 est\u00e1 no quarto no HC","author":"noticiasribeiraopreto.com.br","date":"5 de January de 2026","format":false,"excerpt":"\r \r \r 5 de janeiro de 2026 08:30 \r Compartilhar0 A evolu\u00e7\u00e3o do quadro cl\u00ednico do menino Brenno Fernandes, de 4 anos, vem surpreendendo os m\u00e9dicos do Hospital das Cl\u00ednicas de Ribeir\u00e3o Preto. Ele sobreviveu \u00e0 queda de 10o andar de um pr\u00e9dio no Centro de Ribeir\u00e3o Preto e\u2026","rel":"","context":"In &quot;Not\u00edcias de Ribeir\u00e3o Preto-SP e Regi\u00e3o&quot;","block_context":{"text":"Not\u00edcias de Ribeir\u00e3o Preto-SP e Regi\u00e3o","link":"https:\/\/noticiasribeiraopreto.com.br\/index.php\/category\/noticias-de-ribeirao-preto-sp-e-regiao-ismael-colosi\/"},"img":{"alt_text":"","src":"https:\/\/i0.wp.com\/noticiasribeiraopreto.com.br\/wp-content\/uploads\/2025\/12\/crianca-.webp.webp?fit=1170%2C700&ssl=1&resize=350%2C200","width":350,"height":200,"srcset":"https:\/\/i0.wp.com\/noticiasribeiraopreto.com.br\/wp-content\/uploads\/2025\/12\/crianca-.webp.webp?fit=1170%2C700&ssl=1&resize=350%2C200 1x, https:\/\/i0.wp.com\/noticiasribeiraopreto.com.br\/wp-content\/uploads\/2025\/12\/crianca-.webp.webp?fit=1170%2C700&ssl=1&resize=525%2C300 1.5x, https:\/\/i0.wp.com\/noticiasribeiraopreto.com.br\/wp-content\/uploads\/2025\/12\/crianca-.webp.webp?fit=1170%2C700&ssl=1&resize=700%2C400 2x, https:\/\/i0.wp.com\/noticiasribeiraopreto.com.br\/wp-content\/uploads\/2025\/12\/crianca-.webp.webp?fit=1170%2C700&ssl=1&resize=1050%2C600 3x"},"classes":[]},{"id":81234,"url":"https:\/\/noticiasribeiraopreto.com.br\/index.php\/2025\/12\/29\/estado-de-saude-de-crianca-que-caiu-do-10o-andar-em-ribeirao-preto-e-estavel\/","url_meta":{"origin":81353,"position":2},"title":"Estado de sa\u00fade de crian\u00e7a que caiu do 10\u00ba andar em Ribeir\u00e3o Preto \u00e9 est\u00e1vel","author":"noticiasribeiraopreto.com.br","date":"29 de December de 2025","format":false,"excerpt":"O menino Brenno Jorge Betiati Fernandes Girdziauckas, de apenas 4 anos, que caiu do 10\u00ba andar de um pr\u00e9dio no Centro de Ribeir\u00e3o Preto segue internado no CTI (Centro de Terapia Intensiva) ap\u00f3s passar por uma cirurgia na noite de s\u00e1bado (27) no HC-UE (Hospital das Cl\u00ednicas \u2013 Unidade de\u2026","rel":"","context":"In &quot;Not\u00edcias de Ribeir\u00e3o Preto-SP e Regi\u00e3o&quot;","block_context":{"text":"Not\u00edcias de Ribeir\u00e3o Preto-SP e Regi\u00e3o","link":"https:\/\/noticiasribeiraopreto.com.br\/index.php\/category\/noticias-de-ribeirao-preto-sp-e-regiao-ismael-colosi\/"},"img":{"alt_text":"","src":"https:\/\/i0.wp.com\/noticiasribeiraopreto.com.br\/wp-content\/uploads\/2025\/12\/domingo-53_2025-12-27_21-48-16.webp.webp?fit=1200%2C675&ssl=1&resize=350%2C200","width":350,"height":200,"srcset":"https:\/\/i0.wp.com\/noticiasribeiraopreto.com.br\/wp-content\/uploads\/2025\/12\/domingo-53_2025-12-27_21-48-16.webp.webp?fit=1200%2C675&ssl=1&resize=350%2C200 1x, https:\/\/i0.wp.com\/noticiasribeiraopreto.com.br\/wp-content\/uploads\/2025\/12\/domingo-53_2025-12-27_21-48-16.webp.webp?fit=1200%2C675&ssl=1&resize=525%2C300 1.5x, https:\/\/i0.wp.com\/noticiasribeiraopreto.com.br\/wp-content\/uploads\/2025\/12\/domingo-53_2025-12-27_21-48-16.webp.webp?fit=1200%2C675&ssl=1&resize=700%2C400 2x, https:\/\/i0.wp.com\/noticiasribeiraopreto.com.br\/wp-content\/uploads\/2025\/12\/domingo-53_2025-12-27_21-48-16.webp.webp?fit=1200%2C675&ssl=1&resize=1050%2C600 3x"},"classes":[]},{"id":81827,"url":"https:\/\/noticiasribeiraopreto.com.br\/index.php\/2026\/01\/27\/menino-que-caiu-do-10o-andar-em-ribeirao-preto-aparece-tocando-violao-em-video-da-familia\/","url_meta":{"origin":81353,"position":3},"title":"Menino que caiu do 10\u00ba andar em Ribeir\u00e3o Preto aparece tocando viol\u00e3o em v\u00eddeo da fam\u00edlia","author":"noticiasribeiraopreto.com.br","date":"27 de January de 2026","format":false,"excerpt":"Uma semana ap\u00f3s receber alta hospitalar, o menino Brenno Fernandes Girdziauckas, de 4 anos, apareceu sorrindo e tocando um viol\u00e3o de brinquedo em um v\u00eddeo publicado nas redes sociais pela fam\u00edlia. A crian\u00e7a caiu do 10\u00ba andar do pr\u00e9dio onde mora, no Centro de Ribeir\u00e3o Preto, no fim de dezembro\u2026","rel":"","context":"In &quot;Not\u00edcias de Ribeir\u00e3o Preto-SP e Regi\u00e3o&quot;","block_context":{"text":"Not\u00edcias de Ribeir\u00e3o Preto-SP e Regi\u00e3o","link":"https:\/\/noticiasribeiraopreto.com.br\/index.php\/category\/noticias-de-ribeirao-preto-sp-e-regiao-ismael-colosi\/"},"img":{"alt_text":"","src":"https:\/\/i0.wp.com\/noticiasribeiraopreto.com.br\/wp-content\/uploads\/2026\/01\/domingo-77_2026-01-26_19-36-56.webp.webp?fit=1200%2C675&ssl=1&resize=350%2C200","width":350,"height":200,"srcset":"https:\/\/i0.wp.com\/noticiasribeiraopreto.com.br\/wp-content\/uploads\/2026\/01\/domingo-77_2026-01-26_19-36-56.webp.webp?fit=1200%2C675&ssl=1&resize=350%2C200 1x, https:\/\/i0.wp.com\/noticiasribeiraopreto.com.br\/wp-content\/uploads\/2026\/01\/domingo-77_2026-01-26_19-36-56.webp.webp?fit=1200%2C675&ssl=1&resize=525%2C300 1.5x, https:\/\/i0.wp.com\/noticiasribeiraopreto.com.br\/wp-content\/uploads\/2026\/01\/domingo-77_2026-01-26_19-36-56.webp.webp?fit=1200%2C675&ssl=1&resize=700%2C400 2x, https:\/\/i0.wp.com\/noticiasribeiraopreto.com.br\/wp-content\/uploads\/2026\/01\/domingo-77_2026-01-26_19-36-56.webp.webp?fit=1200%2C675&ssl=1&resize=1050%2C600 3x"},"classes":[]},{"id":81439,"url":"https:\/\/noticiasribeiraopreto.com.br\/index.php\/2026\/01\/06\/e-um-caso-extraordinario-diz-medico-sobre-menino-que-caiu-do-10o-andar-de-predio-em-ribeirao\/","url_meta":{"origin":81353,"position":4},"title":"\u2018\u00c9 um caso extraordin\u00e1rio\u2019, diz m\u00e9dico sobre menino que caiu do 10\u00ba andar de pr\u00e9dio em Ribeir\u00e3o","author":"noticiasribeiraopreto.com.br","date":"6 de January de 2026","format":false,"excerpt":"O caso do menino Brenno Fernandes Girdziauckas, de 4 anos, que sobreviveu \u00e0 queda do 10\u00ba andar de um pr\u00e9dio no Centro de Ribeir\u00e3o Preto, \u00e9 considerado \u201cextraordin\u00e1rio\u201d pelo neurologista e professor de medicina Francisco Vale. A crian\u00e7a deixou o Centro de Terapia Intensiva (CTI) do Hospital das Cl\u00ednicas e\u2026","rel":"","context":"In &quot;Not\u00edcias de Ribeir\u00e3o Preto-SP e Regi\u00e3o&quot;","block_context":{"text":"Not\u00edcias de Ribeir\u00e3o Preto-SP e Regi\u00e3o","link":"https:\/\/noticiasribeiraopreto.com.br\/index.php\/category\/noticias-de-ribeirao-preto-sp-e-regiao-ismael-colosi\/"},"img":{"alt_text":"","src":"https:\/\/i0.wp.com\/noticiasribeiraopreto.com.br\/wp-content\/uploads\/2026\/01\/domingo-57_2026-01-05_19-38-42.webp.webp?fit=1200%2C675&ssl=1&resize=350%2C200","width":350,"height":200,"srcset":"https:\/\/i0.wp.com\/noticiasribeiraopreto.com.br\/wp-content\/uploads\/2026\/01\/domingo-57_2026-01-05_19-38-42.webp.webp?fit=1200%2C675&ssl=1&resize=350%2C200 1x, https:\/\/i0.wp.com\/noticiasribeiraopreto.com.br\/wp-content\/uploads\/2026\/01\/domingo-57_2026-01-05_19-38-42.webp.webp?fit=1200%2C675&ssl=1&resize=525%2C300 1.5x, https:\/\/i0.wp.com\/noticiasribeiraopreto.com.br\/wp-content\/uploads\/2026\/01\/domingo-57_2026-01-05_19-38-42.webp.webp?fit=1200%2C675&ssl=1&resize=700%2C400 2x, https:\/\/i0.wp.com\/noticiasribeiraopreto.com.br\/wp-content\/uploads\/2026\/01\/domingo-57_2026-01-05_19-38-42.webp.webp?fit=1200%2C675&ssl=1&resize=1050%2C600 3x"},"classes":[]},{"id":81401,"url":"https:\/\/noticiasribeiraopreto.com.br\/index.php\/2026\/01\/05\/menino-que-caiu-do-10o-andar-em-ribeirao-preto-deixa-cti-e-segue-para-quarto-diz-familia\/","url_meta":{"origin":81353,"position":5},"title":"Menino que caiu do 10\u00ba andar em Ribeir\u00e3o Preto deixa CTI e segue para quarto, diz fam\u00edlia","author":"noticiasribeiraopreto.com.br","date":"5 de January de 2026","format":false,"excerpt":"O menino Brenno Fernandes Girdziauckas, de 4 anos, que sobreviveu \u00e0 queda do 10\u00ba andar de um pr\u00e9dio no Centro de Ribeir\u00e3o Preto, deixou o Centro de Terapia Intensiva (CTI) do Hospital das Cl\u00ednicas e foi transferido para o quarto, conforme informou a fam\u00edlia nas redes sociais neste domingo (4).\u2026","rel":"","context":"In &quot;Not\u00edcias de Ribeir\u00e3o Preto-SP e Regi\u00e3o&quot;","block_context":{"text":"Not\u00edcias de Ribeir\u00e3o Preto-SP e Regi\u00e3o","link":"https:\/\/noticiasribeiraopreto.com.br\/index.php\/category\/noticias-de-ribeirao-preto-sp-e-regiao-ismael-colosi\/"},"img":{"alt_text":"","src":"https:\/\/i0.wp.com\/noticiasribeiraopreto.com.br\/wp-content\/uploads\/2026\/01\/domingo-21_2026-01-02_21-57-24.webp.webp?fit=1200%2C675&ssl=1&resize=350%2C200","width":350,"height":200,"srcset":"https:\/\/i0.wp.com\/noticiasribeiraopreto.com.br\/wp-content\/uploads\/2026\/01\/domingo-21_2026-01-02_21-57-24.webp.webp?fit=1200%2C675&ssl=1&resize=350%2C200 1x, https:\/\/i0.wp.com\/noticiasribeiraopreto.com.br\/wp-content\/uploads\/2026\/01\/domingo-21_2026-01-02_21-57-24.webp.webp?fit=1200%2C675&ssl=1&resize=525%2C300 1.5x, https:\/\/i0.wp.com\/noticiasribeiraopreto.com.br\/wp-content\/uploads\/2026\/01\/domingo-21_2026-01-02_21-57-24.webp.webp?fit=1200%2C675&ssl=1&resize=700%2C400 2x, https:\/\/i0.wp.com\/noticiasribeiraopreto.com.br\/wp-content\/uploads\/2026\/01\/domingo-21_2026-01-02_21-57-24.webp.webp?fit=1200%2C675&ssl=1&resize=1050%2C600 3x"},"classes":[]}],"jetpack_sharing_enabled":true,"jetpack_shortlink":"https:\/\/wp.me\/peQAOb-la9","_links":{"self":[{"href":"https:\/\/noticiasribeiraopreto.com.br\/index.php\/wp-json\/wp\/v2\/posts\/81353","targetHints":{"allow":["GET"]}}],"collection":[{"href":"https:\/\/noticiasribeiraopreto.com.br\/index.php\/wp-json\/wp\/v2\/posts"}],"about":[{"href":"https:\/\/noticiasribeiraopreto.com.br\/index.php\/wp-json\/wp\/v2\/types\/post"}],"author":[{"embeddable":true,"href":"https:\/\/noticiasribeiraopreto.com.br\/index.php\/wp-json\/wp\/v2\/users\/1"}],"replies":[{"embeddable":true,"href":"https:\/\/noticiasribeiraopreto.com.br\/index.php\/wp-json\/wp\/v2\/comments?post=81353"}],"version-history":[{"count":0,"href":"https:\/\/noticiasribeiraopreto.com.br\/index.php\/wp-json\/wp\/v2\/posts\/81353\/revisions"}],"wp:featuredmedia":[{"embeddable":true,"href":"https:\/\/noticiasribeiraopreto.com.br\/index.php\/wp-json\/wp\/v2\/media\/81354"}],"wp:attachment":[{"href":"https:\/\/noticiasribeiraopreto.com.br\/index.php\/wp-json\/wp\/v2\/media?parent=81353"}],"wp:term":[{"taxonomy":"category","embeddable":true,"href":"https:\/\/noticiasribeiraopreto.com.br\/index.php\/wp-json\/wp\/v2\/categories?post=81353"},{"taxonomy":"post_tag","embeddable":true,"href":"https:\/\/noticiasribeiraopreto.com.br\/index.php\/wp-json\/wp\/v2\/tags?post=81353"}],"curies":[{"name":"wp","href":"https:\/\/api.w.org\/{rel}","templated":true}]}}