{"id":81355,"date":"2026-01-03T07:00:53","date_gmt":"2026-01-03T10:00:53","guid":{"rendered":"https:\/\/noticiasribeiraopreto.com.br\/index.php\/2026\/01\/03\/motorista-que-atropelou-mae-e-filho-se-entrega-a-policia-em-ribeirao-preto\/"},"modified":"2026-01-03T07:00:53","modified_gmt":"2026-01-03T10:00:53","slug":"motorista-que-atropelou-mae-e-filho-se-entrega-a-policia-em-ribeirao-preto","status":"publish","type":"post","link":"https:\/\/noticiasribeiraopreto.com.br\/index.php\/2026\/01\/03\/motorista-que-atropelou-mae-e-filho-se-entrega-a-policia-em-ribeirao-preto\/","title":{"rendered":"Motorista que atropelou m\u00e3e e filho se entrega \u00e0 pol\u00edcia em Ribeir\u00e3o Preto"},"content":{"rendered":"<div class='code-block code-block-1' style='margin: 8px 0 8px auto; text-align: right; display: block; clear: both;'>\n<p><a href=\"https:\/\/wa.link\/vpicfd\"><img data-recalc-dims=\"1\" class=\"wp-image-4922\" style=\"aspect-ratio: 2.0253164556962027; width: 561px; height: auto;\" src=\"https:\/\/i0.wp.com\/ismaelcolosi.com.br\/wp-content\/uploads\/2023\/11\/grupo-de-empregos-whatsapp-e-facebook-ismael-colosi-vagas.jpg?ssl=1\" alt=\"\" \/><\/a><\/p>\n<!-- \/wp:image -->\n<\/div>\n<p> <br \/>\n<\/p>\n<div data-td-block-uid=\"tdi_95\">\n<div class=\"tdb-block-inner td-fix-index\">\n<p>O motorista que atropelou uma mulher e seu filho em Bonfim Paulista, distrito de Ribeir\u00e3o Preto,<strong> se entregou \u00e0 pol\u00edcia na noite desta sexta-feira (2).<\/strong> De acordo com a Pol\u00edcia Civil, ele chegou \u00e0 Central de Pol\u00edcia Judici\u00e1ria (CPJ) acompanhado de sua advogada. Ap\u00f3s prestar depoimento, o motorista foi liberado. <\/p>\n<p>O acidente aconteceu na manh\u00e3 de quinta-feira (1\u00ba), na rua Professor Felisberto Almada, no sentido Ribeir\u00e3o Preto. C\u00e2meras de seguran\u00e7a registraram o momento em que o ve\u00edculo saiu da pista e atingiu m\u00e3e e filho pelas costas enquanto caminhavam pelo acostamento.<\/p>\n<div class=\"wp-block-image\">\n<figure class=\"aligncenter size-large is-resized\"><img data-recalc-dims=\"1\" fetchpriority=\"high\" decoding=\"async\" width=\"1024\" height=\"576\" src=\"https:\/\/i0.wp.com\/cdn.media-acidadeon.com.br\/ribeiraopreto\/wp-content\/uploads\/sites\/3\/2026\/01\/image_2026-01-02_15-48-14-1024x576.webp?resize=1024%2C576&#038;ssl=1\" alt=\"atropela\" class=\"wp-image-140882\" style=\"width:722px;height:auto\" title=\"Motorista que atropelou m\u00e3e e filho se entrega \u00e0 pol\u00edcia em Ribeir\u00e3o Preto 1\" srcset=\"https:\/\/cdn.media-acidadeon.com.br\/ribeiraopreto\/wp-content\/uploads\/sites\/3\/2026\/01\/image_2026-01-02_15-48-14-1024x576.webp 1024w, https:\/\/cdn.media-acidadeon.com.br\/ribeiraopreto\/wp-content\/uploads\/sites\/3\/2026\/01\/image_2026-01-02_15-48-14-300x169.webp 300w, https:\/\/cdn.media-acidadeon.com.br\/ribeiraopreto\/wp-content\/uploads\/sites\/3\/2026\/01\/image_2026-01-02_15-48-14-768x432.webp 768w, https:\/\/cdn.media-acidadeon.com.br\/ribeiraopreto\/wp-content\/uploads\/sites\/3\/2026\/01\/image_2026-01-02_15-48-14-696x392.webp 696w, https:\/\/cdn.media-acidadeon.com.br\/ribeiraopreto\/wp-content\/uploads\/sites\/3\/2026\/01\/image_2026-01-02_15-48-14-1068x601.webp 1068w, https:\/\/cdn.media-acidadeon.com.br\/ribeiraopreto\/wp-content\/uploads\/sites\/3\/2026\/01\/image_2026-01-02_15-48-14.webp 1200w\" sizes=\"(max-width: 1024px) 100vw, 1024px\"\/><\/figure>\n<\/div>\n<p>Testemunhas que estavam em um posto de combust\u00edveis pr\u00f3ximo relataram \u00e0 pol\u00edcia que alertaram o motorista ap\u00f3s o impacto, mas ele seguiu viagem.<\/p>\n<p>De acordo com o boletim de ocorr\u00eancia, <strong>Eliene de Santana Maia<\/strong>, de 33 anos, e o filho <strong>Guilherme da Silva Maia<\/strong>, de 6, foram encaminhados \u00e0 Unidade de Emerg\u00eancia do Hospital das Cl\u00ednicas (HC-UE). Eliene sofreu fraturas nas pernas e aguarda cirurgia, enquanto Guilherme permanece internado no Centro de Terapia Intensiva (CTI) Pedi\u00e1trico.<\/p>\n<p><sup><strong>Mat\u00e9ria em atualiza\u00e7\u00e3o<\/strong><\/sup><\/p>\n<hr class=\"wp-block-separator has-alpha-channel-opacity\"\/>\n<p>SAIBA MAIS<\/p>\n<p>Carro envolvido em atropelamento de m\u00e3e e filho \u00e9 identificado em Ribeir\u00e3o Preto<\/p>\n<h4 class=\"wp-block-heading\"><strong>FIQUE ON<\/strong><\/h4>\n<p>Fique ligado em tudo que acontece em Ribeir\u00e3o Preto e regi\u00e3o. Siga os perfis do\u00a0<strong>acidade on<\/strong>\u00a0no<a href=\"https:\/\/www.instagram.com\/acidadeonribeirao\" target=\"_blank\" rel=\"noreferrer noopener\">\u00a0Instagram\u00a0<\/a>e no\u00a0<a href=\"https:\/\/www.facebook.com\/acidadeonribeirao\/\" target=\"_blank\" rel=\"noreferrer noopener\">Facebook<\/a>.<\/p>\n<p>Receba not\u00edcias do<strong>\u00a0acidade on<\/strong>\u00a0no WhatsApp. Para entrar no grupo,\u00a0basta\u00a0<a href=\"https:\/\/chat.whatsapp.com\/I4nieTEMKlf50pJ28aMemC?mode=ac_t\" target=\"_blank\" rel=\"noreferrer noopener\">clicar aqui<\/a>. Ou, acesse o nosso\u00a0Canal\u00a0<a href=\"https:\/\/whatsapp.com\/channel\/0029Vb6IQl1JENyAeS57fk2p\" target=\"_blank\" rel=\"noreferrer noopener\">clicando aqui<\/a>.<\/p>\n<p>Fa\u00e7a uma den\u00fancia ou sugira uma reportagem sobre Ribeir\u00e3o Preto e regi\u00e3o pelo WhatsApp: 16 99117 7802.<\/p>\n<p>VEJA TAMB\u00c9M<\/p>\n<p>Por que Danielle saiu do NewJeans?<\/p>\n<p><!-- AI CONTENT END 1 -->\n<\/div>\n<\/div>\n<p><script async src=\"\/\/www.instagram.com\/embed.js\"><\/script><br \/>\n<br \/><br \/>\n<br \/><a href=\"https:\/\/www.acidadeon.com\/ribeiraopreto\/cotidiano\/motorista-que-atropelou-mae-e-filho-se-entrega-a-policia-em-ribeirao-preto\/\">Source link <\/a><\/p>\n<!-- CONTENT END 1 -->\n","protected":false},"excerpt":{"rendered":"<p>O motorista que atropelou uma mulher e seu filho em Bonfim Paulista, distrito de Ribeir\u00e3o Preto, se entregou \u00e0 pol\u00edcia na noite desta sexta-feira (2)&#8230;.<\/p>\n","protected":false},"author":1,"featured_media":81356,"comment_status":"open","ping_status":"open","sticky":false,"template":"","format":"standard","meta":{"advanced_seo_description":"","jetpack_seo_html_title":"","jetpack_seo_noindex":false,"jetpack_post_was_ever_published":false,"_jetpack_newsletter_access":"","_jetpack_dont_email_post_to_subs":false,"_jetpack_newsletter_tier_id":0,"_jetpack_memberships_contains_paywalled_content":false,"_jetpack_memberships_contains_paid_content":false,"footnotes":"","jetpack_publicize_message":"","jetpack_publicize_feature_enabled":true,"jetpack_social_post_already_shared":true,"jetpack_social_options":{"image_generator_settings":{"template":"highway","default_image_id":0,"font":"","enabled":false},"version":2}},"categories":[11],"tags":[],"class_list":["post-81355","post","type-post","status-publish","format-standard","has-post-thumbnail","hentry","category-noticias-de-ribeirao-preto-sp-e-regiao-ismael-colosi"],"jetpack_publicize_connections":[],"jetpack_featured_media_url":"https:\/\/i0.wp.com\/noticiasribeiraopreto.com.br\/wp-content\/uploads\/2026\/01\/image_2026-01-02_15-42-11.webp.webp?fit=984%2C549&ssl=1","jetpack-related-posts":[{"id":81387,"url":"https:\/\/noticiasribeiraopreto.com.br\/index.php\/2026\/01\/04\/policia-identifica-motorista-que-atropelou-e-matou-cachorra-na-regiao-de-ribeirao-preto-video\/","url_meta":{"origin":81355,"position":0},"title":"Pol\u00edcia identifica motorista que atropelou e matou cachorra na regi\u00e3o de Ribeir\u00e3o Preto; V\u00eddeo","author":"noticiasribeiraopreto.com.br","date":"4 de January de 2026","format":false,"excerpt":"A Pol\u00edcia Civil identificou o motorista que atropelou e matou uma cachorra no Jardim Boa Vista, em Sales Oliveira, a 50 quil\u00f4metros de Ribeir\u00e3o Preto. O atropelamento da cadela Pipoca ocorreu no \u00faltimo dia 28 de dezembro e o condutor foi identificado neste s\u00e1bado (3). Assista ao v\u00eddeo abaixo. Imagens\u2026","rel":"","context":"In &quot;Not\u00edcias de Ribeir\u00e3o Preto-SP e Regi\u00e3o&quot;","block_context":{"text":"Not\u00edcias de Ribeir\u00e3o Preto-SP e Regi\u00e3o","link":"https:\/\/noticiasribeiraopreto.com.br\/index.php\/category\/noticias-de-ribeirao-preto-sp-e-regiao-ismael-colosi\/"},"img":{"alt_text":"","src":"https:\/\/i0.wp.com\/noticiasribeiraopreto.com.br\/wp-content\/uploads\/2026\/01\/WhatsApp-Image-2026-01-03-at-14.21.24_2026-01-03_21-53-57-e1767477261343.webp.webp?fit=1200%2C892&ssl=1&resize=350%2C200","width":350,"height":200,"srcset":"https:\/\/i0.wp.com\/noticiasribeiraopreto.com.br\/wp-content\/uploads\/2026\/01\/WhatsApp-Image-2026-01-03-at-14.21.24_2026-01-03_21-53-57-e1767477261343.webp.webp?fit=1200%2C892&ssl=1&resize=350%2C200 1x, https:\/\/i0.wp.com\/noticiasribeiraopreto.com.br\/wp-content\/uploads\/2026\/01\/WhatsApp-Image-2026-01-03-at-14.21.24_2026-01-03_21-53-57-e1767477261343.webp.webp?fit=1200%2C892&ssl=1&resize=525%2C300 1.5x, https:\/\/i0.wp.com\/noticiasribeiraopreto.com.br\/wp-content\/uploads\/2026\/01\/WhatsApp-Image-2026-01-03-at-14.21.24_2026-01-03_21-53-57-e1767477261343.webp.webp?fit=1200%2C892&ssl=1&resize=700%2C400 2x, https:\/\/i0.wp.com\/noticiasribeiraopreto.com.br\/wp-content\/uploads\/2026\/01\/WhatsApp-Image-2026-01-03-at-14.21.24_2026-01-03_21-53-57-e1767477261343.webp.webp?fit=1200%2C892&ssl=1&resize=1050%2C600 3x"},"classes":[]},{"id":81409,"url":"https:\/\/noticiasribeiraopreto.com.br\/index.php\/2026\/01\/05\/morre-crianca-de-6-anos-que-foi-atropelada-junto-com-a-mae-em-ribeirao-preto\/","url_meta":{"origin":81355,"position":1},"title":"Morre crian\u00e7a de 6 anos que foi atropelada junto com a m\u00e3e em Ribeir\u00e3o Preto","author":"noticiasribeiraopreto.com.br","date":"5 de January de 2026","format":false,"excerpt":"A crian\u00e7a atropelada junto com a m\u00e3e na manh\u00e3 de quinta-feira (1\u00ba), na rua Professor Felisberto Almada, em Bonfim Paulista, distrito de Ribeir\u00e3o Preto, morreu na madrugada deste domingo (4). O acidente ocorreu no sentido bairro\u2013Centro e foi registrado por c\u00e2meras de seguran\u00e7a. Segundo o boletim de ocorr\u00eancia, Eliene de\u2026","rel":"","context":"In &quot;Not\u00edcias de Ribeir\u00e3o Preto-SP e Regi\u00e3o&quot;","block_context":{"text":"Not\u00edcias de Ribeir\u00e3o Preto-SP e Regi\u00e3o","link":"https:\/\/noticiasribeiraopreto.com.br\/index.php\/category\/noticias-de-ribeirao-preto-sp-e-regiao-ismael-colosi\/"},"img":{"alt_text":"","src":"https:\/\/i0.wp.com\/noticiasribeiraopreto.com.br\/wp-content\/uploads\/2026\/01\/image_2026-01-02_15-42-11.webp.webp?fit=984%2C549&ssl=1&resize=350%2C200","width":350,"height":200,"srcset":"https:\/\/i0.wp.com\/noticiasribeiraopreto.com.br\/wp-content\/uploads\/2026\/01\/image_2026-01-02_15-42-11.webp.webp?fit=984%2C549&ssl=1&resize=350%2C200 1x, https:\/\/i0.wp.com\/noticiasribeiraopreto.com.br\/wp-content\/uploads\/2026\/01\/image_2026-01-02_15-42-11.webp.webp?fit=984%2C549&ssl=1&resize=525%2C300 1.5x, https:\/\/i0.wp.com\/noticiasribeiraopreto.com.br\/wp-content\/uploads\/2026\/01\/image_2026-01-02_15-42-11.webp.webp?fit=984%2C549&ssl=1&resize=700%2C400 2x"},"classes":[]},{"id":61896,"url":"https:\/\/noticiasribeiraopreto.com.br\/index.php\/2024\/12\/26\/motorista-que-atropelou-e-matou-mulher-em-ribeirao-preto-se-apresenta-a-policia\/","url_meta":{"origin":81355,"position":2},"title":"Motorista que atropelou e matou mulher em Ribeir\u00e3o Preto se apresenta \u00e0 pol\u00edcia","author":"noticiasribeiraopreto.com.br","date":"26 de December de 2024","format":false,"excerpt":"A motorista respons\u00e1vel pelo atropelamento que resultou na morte de Josiane Aparecida Cajuela e deixou outras v\u00edtimas feridas, se apresentou \u00e0 Pol\u00edcia Civil na tarde desta quinta-feira (26), em Ribeir\u00e3o Preto. O acidente aconteceu, na madrugada de segunda-feira (23), em frente a uma pizzaria na zona Norte da cidade. Acompanhada\u2026","rel":"","context":"In &quot;Not\u00edcias de Ribeir\u00e3o Preto-SP e Regi\u00e3o&quot;","block_context":{"text":"Not\u00edcias de Ribeir\u00e3o Preto-SP e Regi\u00e3o","link":"https:\/\/noticiasribeiraopreto.com.br\/index.php\/category\/noticias-de-ribeirao-preto-sp-e-regiao-ismael-colosi\/"},"img":{"alt_text":"","src":"https:\/\/i0.wp.com\/noticiasribeiraopreto.com.br\/wp-content\/uploads\/2024\/12\/JOSIANE_2024-12-26_15-28-17_jpg_2024-12-26_15-28-17.webp.webp?fit=1200%2C808&ssl=1&resize=350%2C200","width":350,"height":200,"srcset":"https:\/\/i0.wp.com\/noticiasribeiraopreto.com.br\/wp-content\/uploads\/2024\/12\/JOSIANE_2024-12-26_15-28-17_jpg_2024-12-26_15-28-17.webp.webp?fit=1200%2C808&ssl=1&resize=350%2C200 1x, https:\/\/i0.wp.com\/noticiasribeiraopreto.com.br\/wp-content\/uploads\/2024\/12\/JOSIANE_2024-12-26_15-28-17_jpg_2024-12-26_15-28-17.webp.webp?fit=1200%2C808&ssl=1&resize=525%2C300 1.5x, https:\/\/i0.wp.com\/noticiasribeiraopreto.com.br\/wp-content\/uploads\/2024\/12\/JOSIANE_2024-12-26_15-28-17_jpg_2024-12-26_15-28-17.webp.webp?fit=1200%2C808&ssl=1&resize=700%2C400 2x, https:\/\/i0.wp.com\/noticiasribeiraopreto.com.br\/wp-content\/uploads\/2024\/12\/JOSIANE_2024-12-26_15-28-17_jpg_2024-12-26_15-28-17.webp.webp?fit=1200%2C808&ssl=1&resize=1050%2C600 3x"},"classes":[]},{"id":61051,"url":"https:\/\/noticiasribeiraopreto.com.br\/index.php\/2024\/12\/02\/motorista-que-atropelou-pm-em-ribeirao-preto-se-apresenta-a-policia\/","url_meta":{"origin":81355,"position":3},"title":"Motorista que atropelou PM em Ribeir\u00e3o Preto se apresenta \u00e0 pol\u00edcia","author":"noticiasribeiraopreto.com.br","date":"2 de December de 2024","format":false,"excerpt":"O motorista suspeito de atropelar o policial militar Wilson Calos Rom\u00e3o Machado, de 45 anos, na semana passada, se apresentou \u00e0 pol\u00edcia na tarde desta segunda-feira (2). Ele era procurado desde a \u00faltima sexta-feira (29), porque fugiu do local ap\u00f3s o acidente. Aos policias, o condutor do ve\u00edculo disse que\u2026","rel":"","context":"In &quot;Not\u00edcias de Ribeir\u00e3o Preto-SP e Regi\u00e3o&quot;","block_context":{"text":"Not\u00edcias de Ribeir\u00e3o Preto-SP e Regi\u00e3o","link":"https:\/\/noticiasribeiraopreto.com.br\/index.php\/category\/noticias-de-ribeirao-preto-sp-e-regiao-ismael-colosi\/"},"img":{"alt_text":"","src":"https:\/\/i0.wp.com\/noticiasribeiraopreto.com.br\/wp-content\/uploads\/2024\/12\/Copia-de-Copia-de-Copia-de-TAMANHO-EXATO-PARA-FOTOS-NO-SISTEMA-NOVO-2024-12-02T210209.320_2024-12-03_00-02-30_png_2024-12-03_00-02-30.webp.webp?fit=1200%2C675&ssl=1&resize=350%2C200","width":350,"height":200,"srcset":"https:\/\/i0.wp.com\/noticiasribeiraopreto.com.br\/wp-content\/uploads\/2024\/12\/Copia-de-Copia-de-Copia-de-TAMANHO-EXATO-PARA-FOTOS-NO-SISTEMA-NOVO-2024-12-02T210209.320_2024-12-03_00-02-30_png_2024-12-03_00-02-30.webp.webp?fit=1200%2C675&ssl=1&resize=350%2C200 1x, https:\/\/i0.wp.com\/noticiasribeiraopreto.com.br\/wp-content\/uploads\/2024\/12\/Copia-de-Copia-de-Copia-de-TAMANHO-EXATO-PARA-FOTOS-NO-SISTEMA-NOVO-2024-12-02T210209.320_2024-12-03_00-02-30_png_2024-12-03_00-02-30.webp.webp?fit=1200%2C675&ssl=1&resize=525%2C300 1.5x, https:\/\/i0.wp.com\/noticiasribeiraopreto.com.br\/wp-content\/uploads\/2024\/12\/Copia-de-Copia-de-Copia-de-TAMANHO-EXATO-PARA-FOTOS-NO-SISTEMA-NOVO-2024-12-02T210209.320_2024-12-03_00-02-30_png_2024-12-03_00-02-30.webp.webp?fit=1200%2C675&ssl=1&resize=700%2C400 2x, https:\/\/i0.wp.com\/noticiasribeiraopreto.com.br\/wp-content\/uploads\/2024\/12\/Copia-de-Copia-de-Copia-de-TAMANHO-EXATO-PARA-FOTOS-NO-SISTEMA-NOVO-2024-12-02T210209.320_2024-12-03_00-02-30_png_2024-12-03_00-02-30.webp.webp?fit=1200%2C675&ssl=1&resize=1050%2C600 3x"},"classes":[]},{"id":59891,"url":"https:\/\/noticiasribeiraopreto.com.br\/index.php\/2024\/10\/31\/motorista-que-atropelou-e-matou-ciclista-em-ribeirao-preto-se-apresenta-a-policia\/","url_meta":{"origin":81355,"position":4},"title":"Motorista que atropelou e matou ciclista em Ribeir\u00e3o Preto se apresenta \u00e0 pol\u00edcia","author":"noticiasribeiraopreto.com.br","date":"31 de October de 2024","format":false,"excerpt":"O motorista acusado de atropelar e matar um ciclista de 51 anos, em frente ao Parque Maur\u00edlio Biagi, na zona Oeste de Ribeir\u00e3o Preto, se apresentou \u00e0 pol\u00edcia nesta quinta-feira (31), de acordo com a SSP (Secretaria de Seguran\u00e7a P\u00fablica). O acidente aconteceu na quarta-feira (30), e, segundo o BO\u2026","rel":"","context":"In &quot;Not\u00edcias de Ribeir\u00e3o Preto-SP e Regi\u00e3o&quot;","block_context":{"text":"Not\u00edcias de Ribeir\u00e3o Preto-SP e Regi\u00e3o","link":"https:\/\/noticiasribeiraopreto.com.br\/index.php\/category\/noticias-de-ribeirao-preto-sp-e-regiao-ismael-colosi\/"},"img":{"alt_text":"","src":"https:\/\/i0.wp.com\/noticiasribeiraopreto.com.br\/wp-content\/uploads\/2024\/10\/CICLISTA_2024-10-31_11-28-06_jpg_2024-10-31_11-28-06.webp.webp?fit=1200%2C883&ssl=1&resize=350%2C200","width":350,"height":200,"srcset":"https:\/\/i0.wp.com\/noticiasribeiraopreto.com.br\/wp-content\/uploads\/2024\/10\/CICLISTA_2024-10-31_11-28-06_jpg_2024-10-31_11-28-06.webp.webp?fit=1200%2C883&ssl=1&resize=350%2C200 1x, https:\/\/i0.wp.com\/noticiasribeiraopreto.com.br\/wp-content\/uploads\/2024\/10\/CICLISTA_2024-10-31_11-28-06_jpg_2024-10-31_11-28-06.webp.webp?fit=1200%2C883&ssl=1&resize=525%2C300 1.5x, https:\/\/i0.wp.com\/noticiasribeiraopreto.com.br\/wp-content\/uploads\/2024\/10\/CICLISTA_2024-10-31_11-28-06_jpg_2024-10-31_11-28-06.webp.webp?fit=1200%2C883&ssl=1&resize=700%2C400 2x, https:\/\/i0.wp.com\/noticiasribeiraopreto.com.br\/wp-content\/uploads\/2024\/10\/CICLISTA_2024-10-31_11-28-06_jpg_2024-10-31_11-28-06.webp.webp?fit=1200%2C883&ssl=1&resize=1050%2C600 3x"},"classes":[]},{"id":81347,"url":"https:\/\/noticiasribeiraopreto.com.br\/index.php\/2026\/01\/02\/carro-supostamente-envolvido-em-atropelamento-de-mae-e-filho-em-bonfim-e-apreendido\/","url_meta":{"origin":81355,"position":5},"title":"Carro supostamente envolvido em atropelamento de m\u00e3e e filho em Bonfim \u00e9 apreendido","author":"noticiasribeiraopreto.com.br","date":"2 de January de 2026","format":false,"excerpt":"\r \r \r 2 de janeiro de 2026 13:592 de janeiro de 2026 14:01 \r Compartilhar0 Pol\u00edcia Militar localizou ve\u00edculo nesta sexta-feira (2) em uma estrada de terra no bairro Recreio Internacional em Ribeir\u00e3o Preto Um carro abandonado em uma estrada de terra no bairro Recreio Internacional, na zona Leste\u2026","rel":"","context":"In &quot;Not\u00edcias de Ribeir\u00e3o Preto-SP e Regi\u00e3o&quot;","block_context":{"text":"Not\u00edcias de Ribeir\u00e3o Preto-SP e Regi\u00e3o","link":"https:\/\/noticiasribeiraopreto.com.br\/index.php\/category\/noticias-de-ribeirao-preto-sp-e-regiao-ismael-colosi\/"},"img":{"alt_text":"","src":"https:\/\/i0.wp.com\/noticiasribeiraopreto.com.br\/wp-content\/uploads\/2026\/01\/1000204232-scaled.jpg?fit=1200%2C554&ssl=1&resize=350%2C200","width":350,"height":200,"srcset":"https:\/\/i0.wp.com\/noticiasribeiraopreto.com.br\/wp-content\/uploads\/2026\/01\/1000204232-scaled.jpg?fit=1200%2C554&ssl=1&resize=350%2C200 1x, https:\/\/i0.wp.com\/noticiasribeiraopreto.com.br\/wp-content\/uploads\/2026\/01\/1000204232-scaled.jpg?fit=1200%2C554&ssl=1&resize=525%2C300 1.5x, https:\/\/i0.wp.com\/noticiasribeiraopreto.com.br\/wp-content\/uploads\/2026\/01\/1000204232-scaled.jpg?fit=1200%2C554&ssl=1&resize=700%2C400 2x, https:\/\/i0.wp.com\/noticiasribeiraopreto.com.br\/wp-content\/uploads\/2026\/01\/1000204232-scaled.jpg?fit=1200%2C554&ssl=1&resize=1050%2C600 3x"},"classes":[]}],"jetpack_sharing_enabled":true,"jetpack_shortlink":"https:\/\/wp.me\/peQAOb-lab","_links":{"self":[{"href":"https:\/\/noticiasribeiraopreto.com.br\/index.php\/wp-json\/wp\/v2\/posts\/81355","targetHints":{"allow":["GET"]}}],"collection":[{"href":"https:\/\/noticiasribeiraopreto.com.br\/index.php\/wp-json\/wp\/v2\/posts"}],"about":[{"href":"https:\/\/noticiasribeiraopreto.com.br\/index.php\/wp-json\/wp\/v2\/types\/post"}],"author":[{"embeddable":true,"href":"https:\/\/noticiasribeiraopreto.com.br\/index.php\/wp-json\/wp\/v2\/users\/1"}],"replies":[{"embeddable":true,"href":"https:\/\/noticiasribeiraopreto.com.br\/index.php\/wp-json\/wp\/v2\/comments?post=81355"}],"version-history":[{"count":0,"href":"https:\/\/noticiasribeiraopreto.com.br\/index.php\/wp-json\/wp\/v2\/posts\/81355\/revisions"}],"wp:featuredmedia":[{"embeddable":true,"href":"https:\/\/noticiasribeiraopreto.com.br\/index.php\/wp-json\/wp\/v2\/media\/81356"}],"wp:attachment":[{"href":"https:\/\/noticiasribeiraopreto.com.br\/index.php\/wp-json\/wp\/v2\/media?parent=81355"}],"wp:term":[{"taxonomy":"category","embeddable":true,"href":"https:\/\/noticiasribeiraopreto.com.br\/index.php\/wp-json\/wp\/v2\/categories?post=81355"},{"taxonomy":"post_tag","embeddable":true,"href":"https:\/\/noticiasribeiraopreto.com.br\/index.php\/wp-json\/wp\/v2\/tags?post=81355"}],"curies":[{"name":"wp","href":"https:\/\/api.w.org\/{rel}","templated":true}]}}