{"id":81357,"date":"2026-01-03T07:09:49","date_gmt":"2026-01-03T10:09:49","guid":{"rendered":"https:\/\/noticiasribeiraopreto.com.br\/index.php\/2026\/01\/03\/ribeirao-preto-pode-substituir-multa-por-tarifa-educativa-na-area-azul-entenda-proposta\/"},"modified":"2026-01-03T07:09:49","modified_gmt":"2026-01-03T10:09:49","slug":"ribeirao-preto-pode-substituir-multa-por-tarifa-educativa-na-area-azul-entenda-proposta","status":"publish","type":"post","link":"https:\/\/noticiasribeiraopreto.com.br\/index.php\/2026\/01\/03\/ribeirao-preto-pode-substituir-multa-por-tarifa-educativa-na-area-azul-entenda-proposta\/","title":{"rendered":"Ribeir\u00e3o Preto pode substituir multa por tarifa educativa na \u00c1rea Azul; Entenda proposta"},"content":{"rendered":"<div class='code-block code-block-1' style='margin: 8px 0 8px auto; text-align: right; display: block; clear: both;'>\n<p><a href=\"https:\/\/wa.link\/vpicfd\"><img data-recalc-dims=\"1\" class=\"wp-image-4922\" style=\"aspect-ratio: 2.0253164556962027; width: 561px; height: auto;\" src=\"https:\/\/i0.wp.com\/ismaelcolosi.com.br\/wp-content\/uploads\/2023\/11\/grupo-de-empregos-whatsapp-e-facebook-ismael-colosi-vagas.jpg?ssl=1\" alt=\"\" \/><\/a><\/p>\n<!-- \/wp:image -->\n<\/div>\n<p> <br \/>\n<\/p>\n<div data-td-block-uid=\"tdi_95\">\n<div class=\"tdb-block-inner td-fix-index\">\n<p><strong>A <a href=\"https:\/\/www.acirp.com.br\/\" data-type=\"link\" data-id=\"https:\/\/www.acirp.com.br\/\" target=\"_blank\" rel=\"noopener\">Acirp (Associa\u00e7\u00e3o Comercial e Industrial de Ribeir\u00e3o Preto)<\/a> solicitou a cria\u00e7\u00e3o de uma tarifa no valor de de R$ 20 para regularizar a \u00c1rea Azul no prazo de at\u00e9 48 horas ap\u00f3s o aviso de infra\u00e7\u00e3o.<\/strong> <\/p>\n<h2 class=\"wp-block-heading\"><strong>O que aconteceu<\/strong><\/h2>\n<ul class=\"wp-block-list\">\n<li>O pedido foi enviado em dezembro do ano passado \u00e0 <a href=\"https:\/\/www.ribeiraopreto.sp.gov.br\/portal\/\" data-type=\"link\" data-id=\"https:\/\/www.ribeiraopreto.sp.gov.br\/portal\/\" target=\"_blank\" rel=\"noopener\">Prefeitura de Ribeir\u00e3o Preto<\/a> e a Acirp cita o fim da \u201cautua\u00e7\u00e3o imediata\u201d, com a cria\u00e7\u00e3o de um mecanismo de regulariza\u00e7\u00e3o do estacionamento com prazo para o usu\u00e1rio fazer o pagamento, mantendo o car\u00e1ter educativo.<\/li>\n<li>O of\u00edcio \u00e9 assinado pela presidente da Acirp, Sandra Brandani Picinato, e pelo superintendente, Paulo Laimgruber. A entidade disse que a medida j\u00e1 \u00e9 adotada em diversas cidades brasileiras, com resultados positivos.<\/li>\n<li>A associa\u00e7\u00e3o disse que o pedido foi protocolado inicialmente em agosto de 2025 e n\u00e3o obteve resposta, e que oficializou novamente a solicita\u00e7\u00e3o diante de um aumento na reclama\u00e7\u00e3o de comerciantes e usu\u00e1rios com problemas na \u00c1rea Azul como falhas no aplicativo, dificuldade para registro quando h\u00e1 instabilidade de rede e inviabilidade de paradas r\u00e1pidas para entregas.\u00a0<\/li>\n<\/ul>\n<h3 class=\"wp-block-heading\"><strong>Outro lado<\/strong><\/h3>\n<p>A <a href=\"https:\/\/www.ribeiraopreto.sp.gov.br\/portal\/rpmobi\/\" data-type=\"link\" data-id=\"https:\/\/www.ribeiraopreto.sp.gov.br\/portal\/rpmobi\/\" target=\"_blank\" rel=\"noopener\">RP Mobi<\/a> disse, por meio de nota de imprensa, que recebeu o of\u00edcio da Acirp em 19 de dezembro com as sugest\u00f5es sobre o modelo de fiscaliza\u00e7\u00e3o da \u00c1rea Azul e \u201ca solicita\u00e7\u00e3o passar\u00e1 por an\u00e1lise t\u00e9cnica e, posteriormente, ser\u00e1 discutida com a Prefeitura de Ribeir\u00e3o Preto.\u201d<\/p>\n<p>SAIBA MAIS<\/p>\n<p>Carro envolvido em atropelamento de m\u00e3e e filho \u00e9 identificado em Ribeir\u00e3o Preto<\/p>\n<h4 class=\"wp-block-heading\"><strong>FIQUE ON<\/strong><\/h4>\n<p>Fique ligado em tudo que acontece em Ribeir\u00e3o Preto e regi\u00e3o. Siga os perfis do\u00a0<strong>acidade on<\/strong>\u00a0no<a href=\"https:\/\/www.instagram.com\/acidadeonribeirao\" target=\"_blank\" rel=\"noreferrer noopener\">\u00a0Instagram\u00a0<\/a>e no\u00a0<a href=\"https:\/\/www.facebook.com\/acidadeonribeirao\/\" target=\"_blank\" rel=\"noreferrer noopener\">Facebook<\/a>.<\/p>\n<p>Receba not\u00edcias do<strong>\u00a0acidade on<\/strong>\u00a0no WhatsApp. Para entrar no grupo,\u00a0basta\u00a0<a href=\"https:\/\/chat.whatsapp.com\/I4nieTEMKlf50pJ28aMemC?mode=ac_t\" target=\"_blank\" rel=\"noreferrer noopener\">clicar aqui<\/a>. Ou, acesse o nosso\u00a0Canal\u00a0<a href=\"https:\/\/whatsapp.com\/channel\/0029Vb6IQl1JENyAeS57fk2p\" target=\"_blank\" rel=\"noreferrer noopener\">clicando aqui<\/a>.<\/p>\n<p>Fa\u00e7a uma den\u00fancia ou sugira uma reportagem sobre Ribeir\u00e3o Preto e regi\u00e3o pelo WhatsApp: 16 99117 7802.<\/p>\n<p>VEJA TAMB\u00c9M<\/p>\n<p>Por que Danielle saiu do NewJeans?<\/p>\n<p><!-- AI CONTENT END 1 -->\n<\/div>\n<\/div>\n<p><script async src=\"\/\/www.instagram.com\/embed.js\"><\/script><br \/>\n<br \/><br \/>\n<br \/><a href=\"https:\/\/www.acidadeon.com\/ribeiraopreto\/cotidiano\/ribeirao-preto-pode-substituir-multa-por-tarifa-educativa-na-area-azul-entenda-proposta\/\">Source link <\/a><\/p>\n<!-- CONTENT END 1 -->\n","protected":false},"excerpt":{"rendered":"<p>A Acirp (Associa\u00e7\u00e3o Comercial e Industrial de Ribeir\u00e3o Preto) solicitou a cria\u00e7\u00e3o de uma tarifa no valor de de R$ 20 para regularizar a \u00c1rea&#8230;<\/p>\n","protected":false},"author":1,"featured_media":75122,"comment_status":"open","ping_status":"open","sticky":false,"template":"","format":"standard","meta":{"advanced_seo_description":"","jetpack_seo_html_title":"","jetpack_seo_noindex":false,"jetpack_post_was_ever_published":false,"_jetpack_newsletter_access":"","_jetpack_dont_email_post_to_subs":false,"_jetpack_newsletter_tier_id":0,"_jetpack_memberships_contains_paywalled_content":false,"_jetpack_memberships_contains_paid_content":false,"footnotes":"","jetpack_publicize_message":"","jetpack_publicize_feature_enabled":true,"jetpack_social_post_already_shared":true,"jetpack_social_options":{"image_generator_settings":{"template":"highway","default_image_id":0,"font":"","enabled":false},"version":2}},"categories":[11],"tags":[],"class_list":["post-81357","post","type-post","status-publish","format-standard","has-post-thumbnail","hentry","category-noticias-de-ribeirao-preto-sp-e-regiao-ismael-colosi"],"jetpack_publicize_connections":[],"jetpack_featured_media_url":"https:\/\/i0.wp.com\/noticiasribeiraopreto.com.br\/wp-content\/uploads\/2025\/08\/Copia-de-Copia-de-Copia-de-TAMANHO-EXATO-PARA-FOTOS-NO-SISTEMA-NOVO-98_2024-11-14_23-08-46_png_2024-11-14_23-08-46.webp.webp?fit=1200%2C675&ssl=1","jetpack-related-posts":[{"id":61625,"url":"https:\/\/noticiasribeiraopreto.com.br\/index.php\/2024\/12\/17\/area-azul-digital-pode-ser-ampliada-no-centro-de-ribeirao-veja-onde\/","url_meta":{"origin":81357,"position":0},"title":"\u00c1rea Azul Digital pode ser ampliada no Centro de Ribeir\u00e3o; veja onde","author":"noticiasribeiraopreto.com.br","date":"17 de December de 2024","format":false,"excerpt":"A Associa\u00e7\u00e3o Comercial e Industrial de Ribeir\u00e3o Preto (Acirp) enviou um of\u00edcio \u00e0 RP Mobi nesta ter\u00e7a-feira (17) solicitando a amplia\u00e7\u00e3o tempor\u00e1ria da \u00c1rea Azul Digital em trechos espec\u00edficos das ruas Visconde de Inha\u00fama e Bar\u00e3o do Amazonas. De acordo com o documento, a Acirp solicita incluir os seguintes trechos\u2026","rel":"","context":"In &quot;Not\u00edcias de Ribeir\u00e3o Preto-SP e Regi\u00e3o&quot;","block_context":{"text":"Not\u00edcias de Ribeir\u00e3o Preto-SP e Regi\u00e3o","link":"https:\/\/noticiasribeiraopreto.com.br\/index.php\/category\/noticias-de-ribeirao-preto-sp-e-regiao-ismael-colosi\/"},"img":{"alt_text":"","src":"https:\/\/i0.wp.com\/noticiasribeiraopreto.com.br\/wp-content\/uploads\/2024\/11\/area_azul_parquimetros_-_foto_guilherme_sircili_4_2024-11-14_23-03-22_jpg_2024-11-14_23-03-22.webp.webp?fit=1200%2C800&ssl=1&resize=350%2C200","width":350,"height":200,"srcset":"https:\/\/i0.wp.com\/noticiasribeiraopreto.com.br\/wp-content\/uploads\/2024\/11\/area_azul_parquimetros_-_foto_guilherme_sircili_4_2024-11-14_23-03-22_jpg_2024-11-14_23-03-22.webp.webp?fit=1200%2C800&ssl=1&resize=350%2C200 1x, https:\/\/i0.wp.com\/noticiasribeiraopreto.com.br\/wp-content\/uploads\/2024\/11\/area_azul_parquimetros_-_foto_guilherme_sircili_4_2024-11-14_23-03-22_jpg_2024-11-14_23-03-22.webp.webp?fit=1200%2C800&ssl=1&resize=525%2C300 1.5x, https:\/\/i0.wp.com\/noticiasribeiraopreto.com.br\/wp-content\/uploads\/2024\/11\/area_azul_parquimetros_-_foto_guilherme_sircili_4_2024-11-14_23-03-22_jpg_2024-11-14_23-03-22.webp.webp?fit=1200%2C800&ssl=1&resize=700%2C400 2x, https:\/\/i0.wp.com\/noticiasribeiraopreto.com.br\/wp-content\/uploads\/2024\/11\/area_azul_parquimetros_-_foto_guilherme_sircili_4_2024-11-14_23-03-22_jpg_2024-11-14_23-03-22.webp.webp?fit=1200%2C800&ssl=1&resize=1050%2C600 3x"},"classes":[]},{"id":49443,"url":"https:\/\/noticiasribeiraopreto.com.br\/index.php\/2024\/05\/10\/area-azul-em-ribeirao-preto-sera-gratuita-na-vespera-do-dia-das-maes\/","url_meta":{"origin":81357,"position":1},"title":"\u00c1rea Azul em Ribeir\u00e3o Preto ser\u00e1 gratuita na v\u00e9spera do \u2018Dia das M\u00e3es\u2019","author":"noticiasribeiraopreto.com.br","date":"10 de May de 2024","format":false,"excerpt":"A cobran\u00e7a do estacionamento na \u00c1rea Azul da regi\u00e3o Central de Ribeir\u00e3o Preto e imedia\u00e7\u00f5es das avenidas Saudade e Dom Pedro I ser\u00e1 suspensa neste s\u00e1bado (11), v\u00e9spera do \u201cDia das M\u00e3es\u201d. O an\u00fancio foi feito na tarde desta sexta-feira (10) pela Acirp (Associa\u00e7\u00e3o Comercial e Industrial de Ribeir\u00e3o Preto),\u2026","rel":"","context":"In &quot;Not\u00edcias de Ribeir\u00e3o Preto-SP e Regi\u00e3o&quot;","block_context":{"text":"Not\u00edcias de Ribeir\u00e3o Preto-SP e Regi\u00e3o","link":"https:\/\/noticiasribeiraopreto.com.br\/index.php\/category\/noticias-de-ribeirao-preto-sp-e-regiao-ismael-colosi\/"},"img":{"alt_text":"","src":"https:\/\/i0.wp.com\/noticiasribeiraopreto.com.br\/wp-content\/uploads\/2024\/05\/area-azul-saudade-22_2024-05-10_19-01-22_jpg_2024-05-10_19-01-22.webp.webp?fit=960%2C693&ssl=1&resize=350%2C200","width":350,"height":200,"srcset":"https:\/\/i0.wp.com\/noticiasribeiraopreto.com.br\/wp-content\/uploads\/2024\/05\/area-azul-saudade-22_2024-05-10_19-01-22_jpg_2024-05-10_19-01-22.webp.webp?fit=960%2C693&ssl=1&resize=350%2C200 1x, https:\/\/i0.wp.com\/noticiasribeiraopreto.com.br\/wp-content\/uploads\/2024\/05\/area-azul-saudade-22_2024-05-10_19-01-22_jpg_2024-05-10_19-01-22.webp.webp?fit=960%2C693&ssl=1&resize=525%2C300 1.5x, https:\/\/i0.wp.com\/noticiasribeiraopreto.com.br\/wp-content\/uploads\/2024\/05\/area-azul-saudade-22_2024-05-10_19-01-22_jpg_2024-05-10_19-01-22.webp.webp?fit=960%2C693&ssl=1&resize=700%2C400 2x"},"classes":[]},{"id":65491,"url":"https:\/\/noticiasribeiraopreto.com.br\/index.php\/2025\/03\/20\/alta-nos-precos-dos-alimentos-veja-os-viloes-do-bolso-em-ribeirao-preto\/","url_meta":{"origin":81357,"position":2},"title":"Alta nos pre\u00e7os dos alimentos: Veja os \u2018vil\u00f5es\u2019 do bolso em Ribeir\u00e3o Preto","author":"noticiasribeiraopreto.com.br","date":"20 de March de 2025","format":false,"excerpt":"Um levantamento realizado pela Acirp (Associa\u00e7\u00e3o Comercial e Industrial de Ribeir\u00e3o Preto) aponta que o tomate italiano (+12,66%), margarina com sal (+9,59%) e caf\u00e9 em p\u00f3 (+5,15%) foram os produtos que apresentaram maior alta de pre\u00e7os no m\u00eas de mar\u00e7o em Ribeir\u00e3o Preto. \u00c9 v\u00e1lido lembrar que a carne \u00e9\u2026","rel":"","context":"In &quot;Not\u00edcias de Ribeir\u00e3o Preto-SP e Regi\u00e3o&quot;","block_context":{"text":"Not\u00edcias de Ribeir\u00e3o Preto-SP e Regi\u00e3o","link":"https:\/\/noticiasribeiraopreto.com.br\/index.php\/category\/noticias-de-ribeirao-preto-sp-e-regiao-ismael-colosi\/"},"img":{"alt_text":"","src":"https:\/\/i0.wp.com\/noticiasribeiraopreto.com.br\/wp-content\/uploads\/2025\/03\/alimentos_2025-03-20_21-16-41_jpg_2025-03-20_21-16-41.webp.webp?fit=1200%2C618&ssl=1&resize=350%2C200","width":350,"height":200,"srcset":"https:\/\/i0.wp.com\/noticiasribeiraopreto.com.br\/wp-content\/uploads\/2025\/03\/alimentos_2025-03-20_21-16-41_jpg_2025-03-20_21-16-41.webp.webp?fit=1200%2C618&ssl=1&resize=350%2C200 1x, https:\/\/i0.wp.com\/noticiasribeiraopreto.com.br\/wp-content\/uploads\/2025\/03\/alimentos_2025-03-20_21-16-41_jpg_2025-03-20_21-16-41.webp.webp?fit=1200%2C618&ssl=1&resize=525%2C300 1.5x, https:\/\/i0.wp.com\/noticiasribeiraopreto.com.br\/wp-content\/uploads\/2025\/03\/alimentos_2025-03-20_21-16-41_jpg_2025-03-20_21-16-41.webp.webp?fit=1200%2C618&ssl=1&resize=700%2C400 2x, https:\/\/i0.wp.com\/noticiasribeiraopreto.com.br\/wp-content\/uploads\/2025\/03\/alimentos_2025-03-20_21-16-41_jpg_2025-03-20_21-16-41.webp.webp?fit=1200%2C618&ssl=1&resize=1050%2C600 3x"},"classes":[]},{"id":55495,"url":"https:\/\/noticiasribeiraopreto.com.br\/index.php\/2024\/08\/02\/regiao-da-avenida-dom-pedro-i-ganha-novas-vagas-de-area-azul-veja-onde\/","url_meta":{"origin":81357,"position":3},"title":"Regi\u00e3o da avenida Dom Pedro I ganha novas vagas de \u00e1rea azul; Veja onde","author":"noticiasribeiraopreto.com.br","date":"2 de August de 2024","format":false,"excerpt":"O entorno da pra\u00e7a Pedro Biagi, no bairro Ipiranga, na zona Norte de Ribeir\u00e3o Preto, ter\u00e1 novas vagas de estacionamento nos pr\u00f3ximos dias. Os locais j\u00e1 est\u00e3o demarcados e sinalizados, mas a cobran\u00e7a da \u00e1rea azul, ainda, n\u00e3o tem data definida. A solicita\u00e7\u00e3o da Acirp (Associa\u00e7\u00e3o Comercial e Industrial de\u2026","rel":"","context":"In &quot;Not\u00edcias de Ribeir\u00e3o Preto-SP e Regi\u00e3o&quot;","block_context":{"text":"Not\u00edcias de Ribeir\u00e3o Preto-SP e Regi\u00e3o","link":"https:\/\/noticiasribeiraopreto.com.br\/index.php\/category\/noticias-de-ribeirao-preto-sp-e-regiao-ismael-colosi\/"},"img":{"alt_text":"","src":"https:\/\/i0.wp.com\/noticiasribeiraopreto.com.br\/wp-content\/uploads\/2024\/08\/4_2024-08-02_16-01-17_jpg_2024-08-02_16-01-17.webp.webp?fit=1200%2C675&ssl=1&resize=350%2C200","width":350,"height":200,"srcset":"https:\/\/i0.wp.com\/noticiasribeiraopreto.com.br\/wp-content\/uploads\/2024\/08\/4_2024-08-02_16-01-17_jpg_2024-08-02_16-01-17.webp.webp?fit=1200%2C675&ssl=1&resize=350%2C200 1x, https:\/\/i0.wp.com\/noticiasribeiraopreto.com.br\/wp-content\/uploads\/2024\/08\/4_2024-08-02_16-01-17_jpg_2024-08-02_16-01-17.webp.webp?fit=1200%2C675&ssl=1&resize=525%2C300 1.5x, https:\/\/i0.wp.com\/noticiasribeiraopreto.com.br\/wp-content\/uploads\/2024\/08\/4_2024-08-02_16-01-17_jpg_2024-08-02_16-01-17.webp.webp?fit=1200%2C675&ssl=1&resize=700%2C400 2x, https:\/\/i0.wp.com\/noticiasribeiraopreto.com.br\/wp-content\/uploads\/2024\/08\/4_2024-08-02_16-01-17_jpg_2024-08-02_16-01-17.webp.webp?fit=1200%2C675&ssl=1&resize=1050%2C600 3x"},"classes":[]},{"id":77791,"url":"https:\/\/noticiasribeiraopreto.com.br\/index.php\/2025\/09\/25\/acirp-cobra-revisao-de-cobrancas-do-crea-sp-em-ribeirao-preto\/","url_meta":{"origin":81357,"position":4},"title":"Acirp cobra revis\u00e3o de cobran\u00e7as do Crea-SP em Ribeir\u00e3o Preto","author":"noticiasribeiraopreto.com.br","date":"25 de September de 2025","format":false,"excerpt":"A Acirp (Associa\u00e7\u00e3o Comercial e Industrial de Ribeir\u00e3o Preto), que representa empresas da regi\u00e3o, pediu ao Crea-SP (Conselho Regional de Engenharia e Agronomia de S\u00e3o Paulo) a revis\u00e3o imediata dos crit\u00e9rios de cobran\u00e7a aplicados a seus associados. De acordo com a entidade, empres\u00e1rios de Ribeir\u00e3o Preto e da regi\u00e3o est\u00e3o\u2026","rel":"","context":"In &quot;Not\u00edcias de Ribeir\u00e3o Preto-SP e Regi\u00e3o&quot;","block_context":{"text":"Not\u00edcias de Ribeir\u00e3o Preto-SP e Regi\u00e3o","link":"https:\/\/noticiasribeiraopreto.com.br\/index.php\/category\/noticias-de-ribeirao-preto-sp-e-regiao-ismael-colosi\/"},"img":{"alt_text":"","src":"https:\/\/i0.wp.com\/noticiasribeiraopreto.com.br\/wp-content\/uploads\/2025\/09\/1280-x-659-header-Foto-Acirp-1-1_2025-09-25_22-11-25.webp.webp?fit=1200%2C618&ssl=1&resize=350%2C200","width":350,"height":200,"srcset":"https:\/\/i0.wp.com\/noticiasribeiraopreto.com.br\/wp-content\/uploads\/2025\/09\/1280-x-659-header-Foto-Acirp-1-1_2025-09-25_22-11-25.webp.webp?fit=1200%2C618&ssl=1&resize=350%2C200 1x, https:\/\/i0.wp.com\/noticiasribeiraopreto.com.br\/wp-content\/uploads\/2025\/09\/1280-x-659-header-Foto-Acirp-1-1_2025-09-25_22-11-25.webp.webp?fit=1200%2C618&ssl=1&resize=525%2C300 1.5x, https:\/\/i0.wp.com\/noticiasribeiraopreto.com.br\/wp-content\/uploads\/2025\/09\/1280-x-659-header-Foto-Acirp-1-1_2025-09-25_22-11-25.webp.webp?fit=1200%2C618&ssl=1&resize=700%2C400 2x, https:\/\/i0.wp.com\/noticiasribeiraopreto.com.br\/wp-content\/uploads\/2025\/09\/1280-x-659-header-Foto-Acirp-1-1_2025-09-25_22-11-25.webp.webp?fit=1200%2C618&ssl=1&resize=1050%2C600 3x"},"classes":[]},{"id":9683,"url":"https:\/\/noticiasribeiraopreto.com.br\/index.php\/2023\/12\/02\/veja-as-fotos-da-chegada-do-papai-noel-ao-centro-de-ribeirao-1\/","url_meta":{"origin":81357,"position":5},"title":"Veja as fotos da chegada do Papai Noel ao Centro de Ribeir\u00e3o","author":"noticiasribeiraopreto.com.br","date":"2 de December de 2023","format":false,"excerpt":"O Papai Noel chegou ao Centro de Ribeir\u00e3o Preto, na manh\u00e3 deste s\u00e1bado (2), acompanhado de banda musical, elfos e outros seres m\u00e1gicos, que alegraram o dia dos adultos e crian\u00e7as que passaram pelo Cal\u00e7ad\u00e3o. O evento foi o in\u00edcio da 21\u00aa edi\u00e7\u00e3o da campanha Natal Luz da Associa\u00e7\u00e3o Comercial\u2026","rel":"","context":"In &quot;Not\u00edcias de Ribeir\u00e3o Preto-SP e Regi\u00e3o&quot;","block_context":{"text":"Not\u00edcias de Ribeir\u00e3o Preto-SP e Regi\u00e3o","link":"https:\/\/noticiasribeiraopreto.com.br\/index.php\/category\/noticias-de-ribeirao-preto-sp-e-regiao-ismael-colosi\/"},"img":{"alt_text":"","src":"https:\/\/i0.wp.com\/noticiasribeiraopreto.com.br\/wp-content\/uploads\/2023\/12\/IGOR6945-scaled.jpg?fit=1200%2C800&ssl=1&resize=350%2C200","width":350,"height":200,"srcset":"https:\/\/i0.wp.com\/noticiasribeiraopreto.com.br\/wp-content\/uploads\/2023\/12\/IGOR6945-scaled.jpg?fit=1200%2C800&ssl=1&resize=350%2C200 1x, https:\/\/i0.wp.com\/noticiasribeiraopreto.com.br\/wp-content\/uploads\/2023\/12\/IGOR6945-scaled.jpg?fit=1200%2C800&ssl=1&resize=525%2C300 1.5x, https:\/\/i0.wp.com\/noticiasribeiraopreto.com.br\/wp-content\/uploads\/2023\/12\/IGOR6945-scaled.jpg?fit=1200%2C800&ssl=1&resize=700%2C400 2x, https:\/\/i0.wp.com\/noticiasribeiraopreto.com.br\/wp-content\/uploads\/2023\/12\/IGOR6945-scaled.jpg?fit=1200%2C800&ssl=1&resize=1050%2C600 3x"},"classes":[]}],"jetpack_sharing_enabled":true,"jetpack_shortlink":"https:\/\/wp.me\/peQAOb-lad","_links":{"self":[{"href":"https:\/\/noticiasribeiraopreto.com.br\/index.php\/wp-json\/wp\/v2\/posts\/81357","targetHints":{"allow":["GET"]}}],"collection":[{"href":"https:\/\/noticiasribeiraopreto.com.br\/index.php\/wp-json\/wp\/v2\/posts"}],"about":[{"href":"https:\/\/noticiasribeiraopreto.com.br\/index.php\/wp-json\/wp\/v2\/types\/post"}],"author":[{"embeddable":true,"href":"https:\/\/noticiasribeiraopreto.com.br\/index.php\/wp-json\/wp\/v2\/users\/1"}],"replies":[{"embeddable":true,"href":"https:\/\/noticiasribeiraopreto.com.br\/index.php\/wp-json\/wp\/v2\/comments?post=81357"}],"version-history":[{"count":0,"href":"https:\/\/noticiasribeiraopreto.com.br\/index.php\/wp-json\/wp\/v2\/posts\/81357\/revisions"}],"wp:featuredmedia":[{"embeddable":true,"href":"https:\/\/noticiasribeiraopreto.com.br\/index.php\/wp-json\/wp\/v2\/media\/75122"}],"wp:attachment":[{"href":"https:\/\/noticiasribeiraopreto.com.br\/index.php\/wp-json\/wp\/v2\/media?parent=81357"}],"wp:term":[{"taxonomy":"category","embeddable":true,"href":"https:\/\/noticiasribeiraopreto.com.br\/index.php\/wp-json\/wp\/v2\/categories?post=81357"},{"taxonomy":"post_tag","embeddable":true,"href":"https:\/\/noticiasribeiraopreto.com.br\/index.php\/wp-json\/wp\/v2\/tags?post=81357"}],"curies":[{"name":"wp","href":"https:\/\/api.w.org\/{rel}","templated":true}]}}