{"id":81358,"date":"2026-01-03T07:21:32","date_gmt":"2026-01-03T10:21:32","guid":{"rendered":"https:\/\/noticiasribeiraopreto.com.br\/index.php\/2026\/01\/03\/praias-de-sp-registram-quatro-mortes-por-afogamento-no-primeiro-dia-de-2026\/"},"modified":"2026-01-03T07:21:32","modified_gmt":"2026-01-03T10:21:32","slug":"praias-de-sp-registram-quatro-mortes-por-afogamento-no-primeiro-dia-de-2026","status":"publish","type":"post","link":"https:\/\/noticiasribeiraopreto.com.br\/index.php\/2026\/01\/03\/praias-de-sp-registram-quatro-mortes-por-afogamento-no-primeiro-dia-de-2026\/","title":{"rendered":"Praias de SP registram quatro mortes por afogamento no primeiro dia de 2026"},"content":{"rendered":"<div class='code-block code-block-1' style='margin: 8px 0 8px auto; text-align: right; display: block; clear: both;'>\n<p><a href=\"https:\/\/wa.link\/vpicfd\"><img data-recalc-dims=\"1\" class=\"wp-image-4922\" style=\"aspect-ratio: 2.0253164556962027; width: 561px; height: auto;\" src=\"https:\/\/i0.wp.com\/ismaelcolosi.com.br\/wp-content\/uploads\/2023\/11\/grupo-de-empregos-whatsapp-e-facebook-ismael-colosi-vagas.jpg?ssl=1\" alt=\"\" \/><\/a><\/p>\n<!-- \/wp:image -->\n<\/div>\n<p> <br \/>\n<\/p>\n<div>\n<p><strong>Quatro homens morreram afogados no mar da Baixada Santista<\/strong>, no Litoral Sul de S\u00e3o Paulo, nesta quinta-feira (1\u00ba), primeiro dia de 2026. O Grupamento de Bombeiros Mar\u00edtimo (GBMar) informou que os incidentes aconteceram em <strong>Bertioga<\/strong>, <strong>Guaruj\u00e1<\/strong>, <strong>Itanha\u00e9m <\/strong>e <strong>Praia Grande<\/strong>. As buscas continuam nesta sexta-feira (2) por dois desaparecidos.<\/p>\n<h2 class=\"wp-block-heading\"><strong>Praia Grande<\/strong><\/h2>\n<p>O primeiro caso ocorreu por volta das 8h40 em Praia Grande. <strong>Um jovem de 23 anos desapareceu ap\u00f3s ser arrastado por uma forte correnteza durante o banho de mar<\/strong>. O GBMar localizou o corpo pouco depois, e familiares reconheceram a v\u00edtima.<\/p>\n<div class=\"wp-block-image\">\n<figure class=\"aligncenter size-full\"><img data-recalc-dims=\"1\" fetchpriority=\"high\" decoding=\"async\" width=\"525\" height=\"294\" src=\"https:\/\/i0.wp.com\/cdn.media-acidadeon.com.br\/ribeiraopreto\/wp-content\/uploads\/sites\/3\/2026\/01\/image_2026-01-02_19-19-46.webp?resize=525%2C294&#038;ssl=1\" alt=\"image 2026 01 02 19 19 46\" class=\"wp-image-140923\" title=\"Praias de SP registram quatro mortes por afogamento no primeiro dia de 2026 1\" srcset=\"https:\/\/cdn.media-acidadeon.com.br\/ribeiraopreto\/wp-content\/uploads\/sites\/3\/2026\/01\/image_2026-01-02_19-19-46.webp 525w, https:\/\/cdn.media-acidadeon.com.br\/ribeiraopreto\/wp-content\/uploads\/sites\/3\/2026\/01\/image_2026-01-02_19-19-46-300x168.webp 300w\" sizes=\"(max-width: 525px) 100vw, 525px\"\/><figcaption class=\"wp-element-caption\">Foto: Prefeitura de Praia Grande<\/figcaption><\/figure>\n<\/div>\n<p>Outro homem, de 21 anos, <strong>tamb\u00e9m sumiu na cidade. <\/strong>Testemunhas relataram que ele apresentava sinais de exaust\u00e3o antes de ser levado pela correnteza, e um acompanhante tentou ajud\u00e1-lo sem sucesso. Equipes de resgate iniciaram buscas ainda na quinta-feira, e na manh\u00e3 desta sexta-feira encontraram um corpo na praia do bairro Avia\u00e7\u00e3o. A corpora\u00e7\u00e3o afirmou que as caracter\u00edsticas coincidem com o desaparecido, mas a identifica\u00e7\u00e3o oficial ainda n\u00e3o foi confirmada.<\/p>\n<h2 class=\"wp-block-heading\"><strong>Bertioga<\/strong><\/h2>\n<p>Em Bertioga, <strong>dois homens se afogaram na Praia do Rio Guaratuba durante a tarde<\/strong>. O GBMar enviou equipes de salvamento, mas conseguiu resgatar apenas o homem de 35 anos, <strong>que apresentava grau 6 de afogamento<\/strong>. Ele recebeu atendimento em um pronto-socorro, mas n\u00e3o resistiu. O jovem de 19 anos n\u00e3o foi encontrado, e as buscas seguem em andamento.<\/p>\n<div class=\"wp-block-image\">\n<figure class=\"aligncenter size-full is-resized\"><img data-recalc-dims=\"1\" loading=\"lazy\" decoding=\"async\" width=\"984\" height=\"656\" src=\"https:\/\/i0.wp.com\/cdn.media-acidadeon.com.br\/ribeiraopreto\/wp-content\/uploads\/sites\/3\/2026\/01\/image_2026-01-02_19-16-32.webp?resize=984%2C656&#038;ssl=1\" alt=\"praia\" class=\"wp-image-140922\" style=\"width:852px;height:auto\" title=\"Praias de SP registram quatro mortes por afogamento no primeiro dia de 2026 2\" srcset=\"https:\/\/cdn.media-acidadeon.com.br\/ribeiraopreto\/wp-content\/uploads\/sites\/3\/2026\/01\/image_2026-01-02_19-16-32.webp 984w, https:\/\/cdn.media-acidadeon.com.br\/ribeiraopreto\/wp-content\/uploads\/sites\/3\/2026\/01\/image_2026-01-02_19-16-32-300x200.webp 300w, https:\/\/cdn.media-acidadeon.com.br\/ribeiraopreto\/wp-content\/uploads\/sites\/3\/2026\/01\/image_2026-01-02_19-16-32-768x512.webp 768w, https:\/\/cdn.media-acidadeon.com.br\/ribeiraopreto\/wp-content\/uploads\/sites\/3\/2026\/01\/image_2026-01-02_19-16-32-696x464.webp 696w\" sizes=\"auto, (max-width: 984px) 100vw, 984px\"\/><figcaption class=\"wp-element-caption\">Foto: Prefeitura de Bertioga<\/figcaption><\/figure>\n<\/div>\n<h2 class=\"wp-block-heading\"><strong>Guaruj\u00e1 e Itanha\u00e9m<\/strong><\/h2>\n<p>No Guaruj\u00e1, um turista de 20 anos, morador de S\u00e3o Bernardo do Campo, morreu afogado no mar. Em Itanha\u00e9m, um homem de 25 anos desapareceu no mar. O GBMar n\u00e3o divulgou o local exato do afogamento nem a cidade de origem da v\u00edtima.<\/p>\n<hr class=\"wp-block-separator has-alpha-channel-opacity\"\/>\n<p>SAIBA MAIS<\/p>\n<p>Saiba o estado de sa\u00fade de m\u00e3e e filho atropelados em Ribeir\u00e3o Preto<\/p>\n<h2 class=\"wp-block-heading\"><strong>FIQUE ON<\/strong><\/h2>\n<p>Fique ligado em tudo que acontece em Ribeir\u00e3o Preto e regi\u00e3o. Siga os perfis do\u00a0<strong>acidade on<\/strong>\u00a0no<a href=\"https:\/\/www.instagram.com\/acidadeonribeirao\" target=\"_blank\" rel=\"noreferrer noopener\">\u00a0Instagram\u00a0<\/a>e no\u00a0<a href=\"https:\/\/www.facebook.com\/acidadeonribeirao\/\" target=\"_blank\" rel=\"noreferrer noopener\">Facebook<\/a>.<\/p>\n<p>Receba not\u00edcias do<strong>\u00a0acidade on<\/strong>\u00a0no WhatsApp. Para entrar no grupo,\u00a0basta\u00a0<a href=\"https:\/\/chat.whatsapp.com\/I4nieTEMKlf50pJ28aMemC?mode=ac_t\" target=\"_blank\" rel=\"noreferrer noopener\">clicar aqui<\/a>. Ou, acesse o nosso\u00a0Canal\u00a0<a href=\"https:\/\/whatsapp.com\/channel\/0029Vb6IQl1JENyAeS57fk2p\" target=\"_blank\" rel=\"noreferrer noopener\">clicando aqui<\/a>.<\/p>\n<p>Fa\u00e7a uma den\u00fancia ou sugira uma reportagem sobre Ribeir\u00e3o Preto e regi\u00e3o pelo WhatsApp: 16 99117 7802.<\/p>\n<p>VEJA TAMB\u00c9M<\/p>\n<p>Por que Danielle saiu do NewJeans?<\/p>\n<p><!-- AI CONTENT END 1 -->\n<\/div>\n<p><script async src=\"\/\/www.instagram.com\/embed.js\"><\/script><br \/>\n<br \/><br \/>\n<br \/><a href=\"https:\/\/www.acidadeon.com\/ribeiraopreto\/cotidiano\/praias-de-sp-registram-quatro-mortes-por-afogamento-no-primeiro-dia-de-2026\/\">Source link <\/a><\/p>\n<!-- CONTENT END 1 -->\n","protected":false},"excerpt":{"rendered":"<p>Quatro homens morreram afogados no mar da Baixada Santista, no Litoral Sul de S\u00e3o Paulo, nesta quinta-feira (1\u00ba), primeiro dia de 2026. O Grupamento de&#8230;<\/p>\n","protected":false},"author":1,"featured_media":81359,"comment_status":"open","ping_status":"open","sticky":false,"template":"","format":"standard","meta":{"advanced_seo_description":"","jetpack_seo_html_title":"","jetpack_seo_noindex":false,"jetpack_post_was_ever_published":false,"_jetpack_newsletter_access":"","_jetpack_dont_email_post_to_subs":false,"_jetpack_newsletter_tier_id":0,"_jetpack_memberships_contains_paywalled_content":false,"_jetpack_memberships_contains_paid_content":false,"footnotes":"","jetpack_publicize_message":"","jetpack_publicize_feature_enabled":true,"jetpack_social_post_already_shared":true,"jetpack_social_options":{"image_generator_settings":{"template":"highway","default_image_id":0,"font":"","enabled":false},"version":2}},"categories":[11],"tags":[],"class_list":["post-81358","post","type-post","status-publish","format-standard","has-post-thumbnail","hentry","category-noticias-de-ribeirao-preto-sp-e-regiao-ismael-colosi"],"jetpack_publicize_connections":[],"jetpack_featured_media_url":"https:\/\/i0.wp.com\/noticiasribeiraopreto.com.br\/wp-content\/uploads\/2026\/01\/AnyConv.com__guaruja-1068x801-1.webp.webp?fit=1068%2C801&ssl=1","jetpack-related-posts":[{"id":58116,"url":"https:\/\/noticiasribeiraopreto.com.br\/index.php\/2024\/09\/19\/bombeiros-retomam-buscas-por-turista-de-ribeirao-desaparecido-em-praia-de-sp\/","url_meta":{"origin":81358,"position":0},"title":"Bombeiros retomam buscas por turista de Ribeir\u00e3o desaparecido em praia de SP","author":"noticiasribeiraopreto.com.br","date":"19 de September de 2024","format":false,"excerpt":"O Grupamento de Bombeiros Mar\u00edtimo (GBMar) retomou nesta quinta-feira (19) as buscas pelo morador de Ribeir\u00e3o Preto desaparecido desde domingo (15) na Praia do Mar Casado, localizada no bairro de Pernambuco, em Guaruj\u00e1 (SP). Assista ao v\u00eddeo abaixo. Segundo o GBMar, as opera\u00e7\u00f5es com objetivo de encontrar Alexssander Gregorio da\u2026","rel":"","context":"In &quot;Not\u00edcias de Ribeir\u00e3o Preto-SP e Regi\u00e3o&quot;","block_context":{"text":"Not\u00edcias de Ribeir\u00e3o Preto-SP e Regi\u00e3o","link":"https:\/\/noticiasribeiraopreto.com.br\/index.php\/category\/noticias-de-ribeirao-preto-sp-e-regiao-ismael-colosi\/"},"img":{"alt_text":"","src":"https:\/\/i0.wp.com\/noticiasribeiraopreto.com.br\/wp-content\/uploads\/2024\/09\/BUSCAS_2024-09-19_13-15-43_jpg_2024-09-19_13-15-43.webp.webp?fit=1200%2C861&ssl=1&resize=350%2C200","width":350,"height":200,"srcset":"https:\/\/i0.wp.com\/noticiasribeiraopreto.com.br\/wp-content\/uploads\/2024\/09\/BUSCAS_2024-09-19_13-15-43_jpg_2024-09-19_13-15-43.webp.webp?fit=1200%2C861&ssl=1&resize=350%2C200 1x, https:\/\/i0.wp.com\/noticiasribeiraopreto.com.br\/wp-content\/uploads\/2024\/09\/BUSCAS_2024-09-19_13-15-43_jpg_2024-09-19_13-15-43.webp.webp?fit=1200%2C861&ssl=1&resize=525%2C300 1.5x, https:\/\/i0.wp.com\/noticiasribeiraopreto.com.br\/wp-content\/uploads\/2024\/09\/BUSCAS_2024-09-19_13-15-43_jpg_2024-09-19_13-15-43.webp.webp?fit=1200%2C861&ssl=1&resize=700%2C400 2x, https:\/\/i0.wp.com\/noticiasribeiraopreto.com.br\/wp-content\/uploads\/2024\/09\/BUSCAS_2024-09-19_13-15-43_jpg_2024-09-19_13-15-43.webp.webp?fit=1200%2C861&ssl=1&resize=1050%2C600 3x"},"classes":[]},{"id":51951,"url":"https:\/\/noticiasribeiraopreto.com.br\/index.php\/2024\/06\/01\/adolescente-de-14-anos-que-havia-desaparecido-no-litoral-de-sp-e-encontrada-morta\/","url_meta":{"origin":81358,"position":1},"title":"Adolescente de 14 anos que havia desaparecido no litoral de SP \u00e9 encontrada morta","author":"noticiasribeiraopreto.com.br","date":"1 de June de 2024","format":false,"excerpt":"A adolescente de 14 anos que havia desaparecido ap\u00f3s entrar no mar de uma praia de Ubatuba, litoral de S\u00e3o Paulo, foi encontrada morta neste s\u00e1bado (1\u00ba), em uma faixa de areia da praia, a cerca de cinco quil\u00f4metros do local onde foi vista pela \u00faltima vez. A jovem estava\u2026","rel":"","context":"In &quot;Not\u00edcias de Ribeir\u00e3o Preto-SP e Regi\u00e3o&quot;","block_context":{"text":"Not\u00edcias de Ribeir\u00e3o Preto-SP e Regi\u00e3o","link":"https:\/\/noticiasribeiraopreto.com.br\/index.php\/category\/noticias-de-ribeirao-preto-sp-e-regiao-ismael-colosi\/"},"img":{"alt_text":"","src":"https:\/\/i0.wp.com\/noticiasribeiraopreto.com.br\/wp-content\/uploads\/2024\/06\/praia_grande_1200x675_18112021123840.jpg?fit=1200%2C675&ssl=1&resize=350%2C200","width":350,"height":200,"srcset":"https:\/\/i0.wp.com\/noticiasribeiraopreto.com.br\/wp-content\/uploads\/2024\/06\/praia_grande_1200x675_18112021123840.jpg?fit=1200%2C675&ssl=1&resize=350%2C200 1x, https:\/\/i0.wp.com\/noticiasribeiraopreto.com.br\/wp-content\/uploads\/2024\/06\/praia_grande_1200x675_18112021123840.jpg?fit=1200%2C675&ssl=1&resize=525%2C300 1.5x, https:\/\/i0.wp.com\/noticiasribeiraopreto.com.br\/wp-content\/uploads\/2024\/06\/praia_grande_1200x675_18112021123840.jpg?fit=1200%2C675&ssl=1&resize=700%2C400 2x, https:\/\/i0.wp.com\/noticiasribeiraopreto.com.br\/wp-content\/uploads\/2024\/06\/praia_grande_1200x675_18112021123840.jpg?fit=1200%2C675&ssl=1&resize=1050%2C600 3x"},"classes":[]},{"id":59992,"url":"https:\/\/noticiasribeiraopreto.com.br\/index.php\/2024\/11\/04\/identificado-morador-de-ribeirao-morto-apos-ser-arrastado-por-correnteza-em-praia-de-sp\/","url_meta":{"origin":81358,"position":2},"title":"Identificado morador de Ribeir\u00e3o morto ap\u00f3s ser arrastado por correnteza em praia de SP","author":"noticiasribeiraopreto.com.br","date":"4 de November de 2024","format":false,"excerpt":"O morador de Ribeir\u00e3o Preto que morreu afogado na Praia Grande, em\u00a0Ubatuba, Litoral Norte de\u00a0S\u00e3o Paulo, foi identificado. Segundo informa\u00e7\u00f5es, Wilhamar Ribeiro Alves tinha 35 anos. Ele chegou a ser socorrido, mas n\u00e3o resistiu. Segundo o\u00a0GBMar (Grupamento de Bombeiros Mar\u00edtimo), o caso ocorreu por volta das 11h30 do \u00faltimo s\u00e1bado\u2026","rel":"","context":"In &quot;Not\u00edcias de Ribeir\u00e3o Preto-SP e Regi\u00e3o&quot;","block_context":{"text":"Not\u00edcias de Ribeir\u00e3o Preto-SP e Regi\u00e3o","link":"https:\/\/noticiasribeiraopreto.com.br\/index.php\/category\/noticias-de-ribeirao-preto-sp-e-regiao-ismael-colosi\/"},"img":{"alt_text":"","src":"https:\/\/i0.wp.com\/noticiasribeiraopreto.com.br\/wp-content\/uploads\/2024\/11\/1730725194_praia_grande_1200x675_18112021123840.jpg?fit=1200%2C675&ssl=1&resize=350%2C200","width":350,"height":200,"srcset":"https:\/\/i0.wp.com\/noticiasribeiraopreto.com.br\/wp-content\/uploads\/2024\/11\/1730725194_praia_grande_1200x675_18112021123840.jpg?fit=1200%2C675&ssl=1&resize=350%2C200 1x, https:\/\/i0.wp.com\/noticiasribeiraopreto.com.br\/wp-content\/uploads\/2024\/11\/1730725194_praia_grande_1200x675_18112021123840.jpg?fit=1200%2C675&ssl=1&resize=525%2C300 1.5x, https:\/\/i0.wp.com\/noticiasribeiraopreto.com.br\/wp-content\/uploads\/2024\/11\/1730725194_praia_grande_1200x675_18112021123840.jpg?fit=1200%2C675&ssl=1&resize=700%2C400 2x, https:\/\/i0.wp.com\/noticiasribeiraopreto.com.br\/wp-content\/uploads\/2024\/11\/1730725194_praia_grande_1200x675_18112021123840.jpg?fit=1200%2C675&ssl=1&resize=1050%2C600 3x"},"classes":[]},{"id":58089,"url":"https:\/\/noticiasribeiraopreto.com.br\/index.php\/2024\/09\/18\/turista-de-24-anos-de-ribeirao-preto-desaparece-em-praia-de-sp\/","url_meta":{"origin":81358,"position":3},"title":"Turista de 24 anos de Ribeir\u00e3o Preto desaparece em praia de SP","author":"noticiasribeiraopreto.com.br","date":"18 de September de 2024","format":false,"excerpt":"Um jovem de 24 anos, morador de Ribeir\u00e3o Preto, est\u00e1 desaparecido na Praia de Pernambuco, no Guaruj\u00e1, desde o domingo (15). Conforme as informa\u00e7\u00f5es, Alexssander Gregorio da Silva teria sa\u00eddo com alguns amigos em uma excurs\u00e3o na noite de s\u00e1bado (14), de Ribeir\u00e3o Preto at\u00e9 o litoral de SP. Alexssander\u2026","rel":"","context":"In &quot;Not\u00edcias de Ribeir\u00e3o Preto-SP e Regi\u00e3o&quot;","block_context":{"text":"Not\u00edcias de Ribeir\u00e3o Preto-SP e Regi\u00e3o","link":"https:\/\/noticiasribeiraopreto.com.br\/index.php\/category\/noticias-de-ribeirao-preto-sp-e-regiao-ismael-colosi\/"},"img":{"alt_text":"","src":"https:\/\/i0.wp.com\/noticiasribeiraopreto.com.br\/wp-content\/uploads\/2024\/09\/Copia-de-Copia-de-Copia-de-TAMANHO-EXATO-PARA-FOTOS-NO-SISTEMA-NOVO-54_2024-09-18_18-42-40_png_2024-09-18_18-42-40.webp.webp?fit=1200%2C675&ssl=1&resize=350%2C200","width":350,"height":200,"srcset":"https:\/\/i0.wp.com\/noticiasribeiraopreto.com.br\/wp-content\/uploads\/2024\/09\/Copia-de-Copia-de-Copia-de-TAMANHO-EXATO-PARA-FOTOS-NO-SISTEMA-NOVO-54_2024-09-18_18-42-40_png_2024-09-18_18-42-40.webp.webp?fit=1200%2C675&ssl=1&resize=350%2C200 1x, https:\/\/i0.wp.com\/noticiasribeiraopreto.com.br\/wp-content\/uploads\/2024\/09\/Copia-de-Copia-de-Copia-de-TAMANHO-EXATO-PARA-FOTOS-NO-SISTEMA-NOVO-54_2024-09-18_18-42-40_png_2024-09-18_18-42-40.webp.webp?fit=1200%2C675&ssl=1&resize=525%2C300 1.5x, https:\/\/i0.wp.com\/noticiasribeiraopreto.com.br\/wp-content\/uploads\/2024\/09\/Copia-de-Copia-de-Copia-de-TAMANHO-EXATO-PARA-FOTOS-NO-SISTEMA-NOVO-54_2024-09-18_18-42-40_png_2024-09-18_18-42-40.webp.webp?fit=1200%2C675&ssl=1&resize=700%2C400 2x, https:\/\/i0.wp.com\/noticiasribeiraopreto.com.br\/wp-content\/uploads\/2024\/09\/Copia-de-Copia-de-Copia-de-TAMANHO-EXATO-PARA-FOTOS-NO-SISTEMA-NOVO-54_2024-09-18_18-42-40_png_2024-09-18_18-42-40.webp.webp?fit=1200%2C675&ssl=1&resize=1050%2C600 3x"},"classes":[]},{"id":82514,"url":"https:\/\/noticiasribeiraopreto.com.br\/index.php\/2026\/02\/17\/bombeiros-resgatam-56-pessoas-de-afogamento-no-litoral-de-sp-durante-o-carnaval\/","url_meta":{"origin":81358,"position":4},"title":"Bombeiros resgatam 56 pessoas de afogamento no litoral de SP durante o Carnaval","author":"noticiasribeiraopreto.com.br","date":"17 de February de 2026","format":false,"excerpt":"O Carnaval no litoral norte paulista foi marcado por intensa atua\u00e7\u00e3o do GBMar (Grupamento de Bombeiros Mar\u00edtimo), do Corpo de Bombeiros, que resgatou 56 pessoas v\u00edtimas de afogamento entre s\u00e1bado (14) e domingo (15). O domingo (15) foi o dia que mais teve registros de v\u00edtimas salvas, com 34 resgates\u2026","rel":"","context":"In &quot;Not\u00edcias de Ribeir\u00e3o Preto-SP e Regi\u00e3o&quot;","block_context":{"text":"Not\u00edcias de Ribeir\u00e3o Preto-SP e Regi\u00e3o","link":"https:\/\/noticiasribeiraopreto.com.br\/index.php\/category\/noticias-de-ribeirao-preto-sp-e-regiao-ismael-colosi\/"},"img":{"alt_text":"","src":"https:\/\/i0.wp.com\/noticiasribeiraopreto.com.br\/wp-content\/uploads\/2026\/02\/bombeiros-afogamento_2026-02-16_19-30-10.webp.webp?fit=1200%2C946&ssl=1&resize=350%2C200","width":350,"height":200,"srcset":"https:\/\/i0.wp.com\/noticiasribeiraopreto.com.br\/wp-content\/uploads\/2026\/02\/bombeiros-afogamento_2026-02-16_19-30-10.webp.webp?fit=1200%2C946&ssl=1&resize=350%2C200 1x, https:\/\/i0.wp.com\/noticiasribeiraopreto.com.br\/wp-content\/uploads\/2026\/02\/bombeiros-afogamento_2026-02-16_19-30-10.webp.webp?fit=1200%2C946&ssl=1&resize=525%2C300 1.5x, https:\/\/i0.wp.com\/noticiasribeiraopreto.com.br\/wp-content\/uploads\/2026\/02\/bombeiros-afogamento_2026-02-16_19-30-10.webp.webp?fit=1200%2C946&ssl=1&resize=700%2C400 2x, https:\/\/i0.wp.com\/noticiasribeiraopreto.com.br\/wp-content\/uploads\/2026\/02\/bombeiros-afogamento_2026-02-16_19-30-10.webp.webp?fit=1200%2C946&ssl=1&resize=1050%2C600 3x"},"classes":[]},{"id":59969,"url":"https:\/\/noticiasribeiraopreto.com.br\/index.php\/2024\/11\/03\/morador-de-ribeirao-preto-morre-afogado-em-praia-do-litoral-norte-de-sp\/","url_meta":{"origin":81358,"position":5},"title":"Morador de Ribeir\u00e3o Preto morre afogado em praia do litoral norte de SP","author":"noticiasribeiraopreto.com.br","date":"3 de November de 2024","format":false,"excerpt":"Um homem de 35 anos, morador de Ribeir\u00e3o Preto, morreu afogado na Praia Grande, em Ubatuba, litoral norte de S\u00e3o Paulo. O caso aconteceu por volta das 11h30 do \u00faltimo s\u00e1bado (2), segundo o GBMar (Grupamento de Bombeiros Mar\u00edtimo). Segundo a corpora\u00e7\u00e3o, a v\u00edtima, que era casada, sofreu uma parada\u2026","rel":"","context":"In &quot;Not\u00edcias de Ribeir\u00e3o Preto-SP e Regi\u00e3o&quot;","block_context":{"text":"Not\u00edcias de Ribeir\u00e3o Preto-SP e Regi\u00e3o","link":"https:\/\/noticiasribeiraopreto.com.br\/index.php\/category\/noticias-de-ribeirao-preto-sp-e-regiao-ismael-colosi\/"},"img":{"alt_text":"","src":"https:\/\/i0.wp.com\/noticiasribeiraopreto.com.br\/wp-content\/uploads\/2024\/11\/praia_grande_1200x675_18112021123840.jpg?fit=1200%2C675&ssl=1&resize=350%2C200","width":350,"height":200,"srcset":"https:\/\/i0.wp.com\/noticiasribeiraopreto.com.br\/wp-content\/uploads\/2024\/11\/praia_grande_1200x675_18112021123840.jpg?fit=1200%2C675&ssl=1&resize=350%2C200 1x, https:\/\/i0.wp.com\/noticiasribeiraopreto.com.br\/wp-content\/uploads\/2024\/11\/praia_grande_1200x675_18112021123840.jpg?fit=1200%2C675&ssl=1&resize=525%2C300 1.5x, https:\/\/i0.wp.com\/noticiasribeiraopreto.com.br\/wp-content\/uploads\/2024\/11\/praia_grande_1200x675_18112021123840.jpg?fit=1200%2C675&ssl=1&resize=700%2C400 2x, https:\/\/i0.wp.com\/noticiasribeiraopreto.com.br\/wp-content\/uploads\/2024\/11\/praia_grande_1200x675_18112021123840.jpg?fit=1200%2C675&ssl=1&resize=1050%2C600 3x"},"classes":[]}],"jetpack_sharing_enabled":true,"jetpack_shortlink":"https:\/\/wp.me\/peQAOb-lae","_links":{"self":[{"href":"https:\/\/noticiasribeiraopreto.com.br\/index.php\/wp-json\/wp\/v2\/posts\/81358","targetHints":{"allow":["GET"]}}],"collection":[{"href":"https:\/\/noticiasribeiraopreto.com.br\/index.php\/wp-json\/wp\/v2\/posts"}],"about":[{"href":"https:\/\/noticiasribeiraopreto.com.br\/index.php\/wp-json\/wp\/v2\/types\/post"}],"author":[{"embeddable":true,"href":"https:\/\/noticiasribeiraopreto.com.br\/index.php\/wp-json\/wp\/v2\/users\/1"}],"replies":[{"embeddable":true,"href":"https:\/\/noticiasribeiraopreto.com.br\/index.php\/wp-json\/wp\/v2\/comments?post=81358"}],"version-history":[{"count":0,"href":"https:\/\/noticiasribeiraopreto.com.br\/index.php\/wp-json\/wp\/v2\/posts\/81358\/revisions"}],"wp:featuredmedia":[{"embeddable":true,"href":"https:\/\/noticiasribeiraopreto.com.br\/index.php\/wp-json\/wp\/v2\/media\/81359"}],"wp:attachment":[{"href":"https:\/\/noticiasribeiraopreto.com.br\/index.php\/wp-json\/wp\/v2\/media?parent=81358"}],"wp:term":[{"taxonomy":"category","embeddable":true,"href":"https:\/\/noticiasribeiraopreto.com.br\/index.php\/wp-json\/wp\/v2\/categories?post=81358"},{"taxonomy":"post_tag","embeddable":true,"href":"https:\/\/noticiasribeiraopreto.com.br\/index.php\/wp-json\/wp\/v2\/tags?post=81358"}],"curies":[{"name":"wp","href":"https:\/\/api.w.org\/{rel}","templated":true}]}}