{"id":81362,"date":"2026-01-03T07:40:19","date_gmt":"2026-01-03T10:40:19","guid":{"rendered":"https:\/\/noticiasribeiraopreto.com.br\/index.php\/2026\/01\/03\/shopping-de-ribeirao-preto-tera-estacionamento-gratuito-na-hora-do-almoco\/"},"modified":"2026-01-03T07:40:19","modified_gmt":"2026-01-03T10:40:19","slug":"shopping-de-ribeirao-preto-tera-estacionamento-gratuito-na-hora-do-almoco","status":"publish","type":"post","link":"https:\/\/noticiasribeiraopreto.com.br\/index.php\/2026\/01\/03\/shopping-de-ribeirao-preto-tera-estacionamento-gratuito-na-hora-do-almoco\/","title":{"rendered":"Shopping de Ribeir\u00e3o Preto ter\u00e1 estacionamento gratuito na hora do almo\u00e7o"},"content":{"rendered":"<div class='code-block code-block-1' style='margin: 8px 0 8px auto; text-align: right; display: block; clear: both;'>\n<p><a href=\"https:\/\/wa.link\/vpicfd\"><img data-recalc-dims=\"1\" class=\"wp-image-4922\" style=\"aspect-ratio: 2.0253164556962027; width: 561px; height: auto;\" src=\"https:\/\/i0.wp.com\/ismaelcolosi.com.br\/wp-content\/uploads\/2023\/11\/grupo-de-empregos-whatsapp-e-facebook-ismael-colosi-vagas.jpg?ssl=1\" alt=\"\" \/><\/a><\/p>\n<!-- \/wp:image -->\n<\/div>\n<p> <br \/>\n<\/p>\n<div data-td-block-uid=\"tdi_95\">\n<div class=\"tdb-block-inner td-fix-index\">\n<p>O <strong>Shopping Santa \u00darsula passar\u00e1 a oferecer estacionamento gratuito a partir de 5 de janeiro de 2026<\/strong>. Vale ressaltar que a gratuidade valer\u00e1 de <strong>segunda <\/strong>a <strong>sexta-feira<\/strong>, das 12h \u00e0s 14h, <strong>mediante cadastro da placa do ve\u00edculo no aplicativo Multi.<\/strong><\/p>\n<div class=\"wp-block-image\">\n<figure class=\"aligncenter size-large is-resized\"><img data-recalc-dims=\"1\" fetchpriority=\"high\" decoding=\"async\" width=\"1024\" height=\"683\" src=\"https:\/\/i0.wp.com\/cdn.media-acidadeon.com.br\/ribeiraopreto\/wp-content\/uploads\/sites\/3\/2025\/12\/45-IMG_2492-1_2025-12-03_22-38-02-1024x683.webp?resize=1024%2C683&#038;ssl=1\" alt=\"Shopping Santa \u00darsula em Ribeir\u00e3o Preto - Foto: divulga\u00e7\u00e3o.\" class=\"wp-image-138184\" style=\"width:781px;height:auto\" title=\"Shopping de Ribeir\u00e3o Preto ter\u00e1 estacionamento gratuito na hora do almo\u00e7o 1\" srcset=\"https:\/\/cdn.media-acidadeon.com.br\/ribeiraopreto\/wp-content\/uploads\/sites\/3\/2025\/12\/45-IMG_2492-1_2025-12-03_22-38-02-1024x683.webp 1024w, https:\/\/cdn.media-acidadeon.com.br\/ribeiraopreto\/wp-content\/uploads\/sites\/3\/2025\/12\/45-IMG_2492-1_2025-12-03_22-38-02-300x200.webp 300w, https:\/\/cdn.media-acidadeon.com.br\/ribeiraopreto\/wp-content\/uploads\/sites\/3\/2025\/12\/45-IMG_2492-1_2025-12-03_22-38-02-768x512.webp 768w, https:\/\/cdn.media-acidadeon.com.br\/ribeiraopreto\/wp-content\/uploads\/sites\/3\/2025\/12\/45-IMG_2492-1_2025-12-03_22-38-02-696x464.webp 696w, https:\/\/cdn.media-acidadeon.com.br\/ribeiraopreto\/wp-content\/uploads\/sites\/3\/2025\/12\/45-IMG_2492-1_2025-12-03_22-38-02-1068x712.webp 1068w, https:\/\/cdn.media-acidadeon.com.br\/ribeiraopreto\/wp-content\/uploads\/sites\/3\/2025\/12\/45-IMG_2492-1_2025-12-03_22-38-02.webp 1200w\" sizes=\"(max-width: 1024px) 100vw, 1024px\"\/><figcaption class=\"wp-element-caption\">Shopping Santa \u00darsula em Ribeir\u00e3o Preto \u2013 Foto: divulga\u00e7\u00e3o.<\/figcaption><\/figure>\n<\/div>\n<h3 class=\"wp-block-heading\"><strong>Gratuidade ser\u00e1 v\u00e1lida por per\u00edodo determinado<\/strong><\/h3>\n<p>A <strong>medida tem dura\u00e7\u00e3o tempor\u00e1ria e busca facilitar o acesso ao shopping durante o hor\u00e1rio de almo\u00e7o<\/strong>. A iniciativa tamb\u00e9m pretende estimular a circula\u00e7\u00e3o de pessoas na regi\u00e3o central de Ribeir\u00e3o Preto.<\/p>\n<p>Segundo o gerente geral do Shopping Santa \u00darsula, Cleiton Marinsech, a a\u00e7\u00e3o faz parte de uma estrat\u00e9gia voltada ao uso do empreendimento nesse per\u00edodo do dia.<\/p>\n<p><strong>A gratuidade no hor\u00e1rio de almo\u00e7o se soma ao estacionamento gratuito j\u00e1 oferecido aos domingos.<\/strong> <\/p>\n<p>O Shopping Santa \u00darsula fica no bairro Higien\u00f3polis e funciona das 9h \u00e0s 21h, de segunda a s\u00e1bado, e das 14h \u00e0s 20h aos domingos e feriados. A Pra\u00e7a de Alimenta\u00e7\u00e3o e as \u00e1reas de lazer operam diariamente, das 11h \u00e0s 22h.<\/p>\n<hr class=\"wp-block-separator has-alpha-channel-opacity\"\/>\n<p>SAIBA MAIS<\/p>\n<p>\u00c1rvore cai e interdita trecho da avenida Francisco Junqueira em Ribeir\u00e3o Preto<\/p>\n<h2 class=\"wp-block-heading\"><strong>FIQUE ON<\/strong><\/h2>\n<p>Fique ligado em tudo que acontece em Ribeir\u00e3o Preto e regi\u00e3o. Siga os perfis do\u00a0<strong>acidade on<\/strong>\u00a0no<a href=\"https:\/\/www.instagram.com\/acidadeonribeirao\" target=\"_blank\" rel=\"noreferrer noopener\">\u00a0Instagram\u00a0<\/a>e no\u00a0<a href=\"https:\/\/www.facebook.com\/acidadeonribeirao\/\" target=\"_blank\" rel=\"noreferrer noopener\">Facebook<\/a>.<\/p>\n<p>Receba not\u00edcias do<strong>\u00a0acidade on<\/strong>\u00a0no WhatsApp. Para entrar no grupo,\u00a0basta\u00a0<a href=\"https:\/\/chat.whatsapp.com\/I4nieTEMKlf50pJ28aMemC?mode=ac_t\" target=\"_blank\" rel=\"noreferrer noopener\">clicar aqui<\/a>. Ou, acesse o nosso\u00a0Canal\u00a0<a href=\"https:\/\/whatsapp.com\/channel\/0029Vb6IQl1JENyAeS57fk2p\" target=\"_blank\" rel=\"noreferrer noopener\">clicando aqui<\/a>.<\/p>\n<p>Fa\u00e7a uma den\u00fancia ou sugira uma reportagem sobre Ribeir\u00e3o Preto e regi\u00e3o pelo WhatsApp: 16 99117 7802.<\/p>\n<p>VEJA TAMB\u00c9M<\/p>\n<p>Por que Danielle saiu do NewJeans?<\/p>\n<p><!-- AI CONTENT END 1 -->\n<\/div>\n<\/div>\n<p><script async src=\"\/\/www.instagram.com\/embed.js\"><\/script><br \/>\n<br \/><br \/>\n<br \/><a href=\"https:\/\/www.acidadeon.com\/ribeiraopreto\/lazer-e-cultura\/shopping-de-ribeirao-preto-tera-estacionamento-gratuito-na-hora-do-almoco\/\">Source link <\/a><\/p>\n<!-- CONTENT END 1 -->\n","protected":false},"excerpt":{"rendered":"<p>O Shopping Santa \u00darsula passar\u00e1 a oferecer estacionamento gratuito a partir de 5 de janeiro de 2026. Vale ressaltar que a gratuidade valer\u00e1 de segunda&#8230;<\/p>\n","protected":false},"author":1,"featured_media":81363,"comment_status":"open","ping_status":"open","sticky":false,"template":"","format":"standard","meta":{"advanced_seo_description":"","jetpack_seo_html_title":"","jetpack_seo_noindex":false,"jetpack_post_was_ever_published":false,"_jetpack_newsletter_access":"","_jetpack_dont_email_post_to_subs":false,"_jetpack_newsletter_tier_id":0,"_jetpack_memberships_contains_paywalled_content":false,"_jetpack_memberships_contains_paid_content":false,"footnotes":"","jetpack_publicize_message":"","jetpack_publicize_feature_enabled":true,"jetpack_social_post_already_shared":true,"jetpack_social_options":{"image_generator_settings":{"template":"highway","default_image_id":0,"font":"","enabled":false},"version":2}},"categories":[11],"tags":[],"class_list":["post-81362","post","type-post","status-publish","format-standard","has-post-thumbnail","hentry","category-noticias-de-ribeirao-preto-sp-e-regiao-ismael-colosi"],"jetpack_publicize_connections":[],"jetpack_featured_media_url":"https:\/\/i0.wp.com\/noticiasribeiraopreto.com.br\/wp-content\/uploads\/2026\/01\/domingo-20_2026-01-02_18-11-36.webp.webp?fit=1200%2C675&ssl=1","jetpack-related-posts":[{"id":72586,"url":"https:\/\/noticiasribeiraopreto.com.br\/index.php\/2025\/06\/18\/arraia-mio-di-bao-anima-ribeirao-no-feriado-de-corpus-christi\/","url_meta":{"origin":81362,"position":0},"title":"Arrai\u00e1 Mi\u00f3 Di B\u00e3o anima Ribeir\u00e3o no feriado de Corpus Christi","author":"noticiasribeiraopreto.com.br","date":"18 de June de 2025","format":false,"excerpt":"18 de junho de 2025 18:0018 de junho de 2025 14:5610 Compartilhar0 O clima de festa continua em Ribeir\u00e3o Preto com o\u00a0Arrai\u00e1 Mi\u00f3 Di B\u00e3o Ribeir\u00e3o, o maior evento junino da regi\u00e3o, que promete agitar tamb\u00e9m o feriado de\u00a0Corpus Christi e anivers\u00e1rio da cidade, nesta quarta-feira, 19 de junho. Al\u00e9m\u2026","rel":"","context":"In &quot;Not\u00edcias de Ribeir\u00e3o Preto-SP e Regi\u00e3o&quot;","block_context":{"text":"Not\u00edcias de Ribeir\u00e3o Preto-SP e Regi\u00e3o","link":"https:\/\/noticiasribeiraopreto.com.br\/index.php\/category\/noticias-de-ribeirao-preto-sp-e-regiao-ismael-colosi\/"},"img":{"alt_text":"","src":"https:\/\/i0.wp.com\/noticiasribeiraopreto.com.br\/wp-content\/uploads\/2025\/06\/ARRAIA-DINO.jpeg?fit=1200%2C814&ssl=1&resize=350%2C200","width":350,"height":200,"srcset":"https:\/\/i0.wp.com\/noticiasribeiraopreto.com.br\/wp-content\/uploads\/2025\/06\/ARRAIA-DINO.jpeg?fit=1200%2C814&ssl=1&resize=350%2C200 1x, https:\/\/i0.wp.com\/noticiasribeiraopreto.com.br\/wp-content\/uploads\/2025\/06\/ARRAIA-DINO.jpeg?fit=1200%2C814&ssl=1&resize=525%2C300 1.5x, https:\/\/i0.wp.com\/noticiasribeiraopreto.com.br\/wp-content\/uploads\/2025\/06\/ARRAIA-DINO.jpeg?fit=1200%2C814&ssl=1&resize=700%2C400 2x, https:\/\/i0.wp.com\/noticiasribeiraopreto.com.br\/wp-content\/uploads\/2025\/06\/ARRAIA-DINO.jpeg?fit=1200%2C814&ssl=1&resize=1050%2C600 3x"},"classes":[]},{"id":75960,"url":"https:\/\/noticiasribeiraopreto.com.br\/index.php\/2025\/08\/19\/shopping-anuncia-cobranca-de-estacionamento-em-ribeirao-preto\/","url_meta":{"origin":81362,"position":1},"title":"Shopping anuncia cobran\u00e7a de estacionamento em Ribeir\u00e3o Preto","author":"noticiasribeiraopreto.com.br","date":"19 de August de 2025","format":false,"excerpt":"O Novo Shopping anunciou que passar\u00e1 a cobrar pelo estacionamento dos clientes em Ribeir\u00e3o Preto. O shopping \u00e9 o \u00fanico entre os quatro empreendimentos da cidade com o estacionamento gratuito. Segundo o centro de compras, a tarifa, cujo valor ainda n\u00e3o foi divulgado, come\u00e7ar\u00e1 a valer a partir de novembro\u2026","rel":"","context":"In &quot;Not\u00edcias de Ribeir\u00e3o Preto-SP e Regi\u00e3o&quot;","block_context":{"text":"Not\u00edcias de Ribeir\u00e3o Preto-SP e Regi\u00e3o","link":"https:\/\/noticiasribeiraopreto.com.br\/index.php\/category\/noticias-de-ribeirao-preto-sp-e-regiao-ismael-colosi\/"},"img":{"alt_text":"","src":"https:\/\/i0.wp.com\/noticiasribeiraopreto.com.br\/wp-content\/uploads\/2025\/08\/novo-shopping_2025-08-19_13-34-40.webp.webp?fit=1200%2C801&ssl=1&resize=350%2C200","width":350,"height":200,"srcset":"https:\/\/i0.wp.com\/noticiasribeiraopreto.com.br\/wp-content\/uploads\/2025\/08\/novo-shopping_2025-08-19_13-34-40.webp.webp?fit=1200%2C801&ssl=1&resize=350%2C200 1x, https:\/\/i0.wp.com\/noticiasribeiraopreto.com.br\/wp-content\/uploads\/2025\/08\/novo-shopping_2025-08-19_13-34-40.webp.webp?fit=1200%2C801&ssl=1&resize=525%2C300 1.5x, https:\/\/i0.wp.com\/noticiasribeiraopreto.com.br\/wp-content\/uploads\/2025\/08\/novo-shopping_2025-08-19_13-34-40.webp.webp?fit=1200%2C801&ssl=1&resize=700%2C400 2x, https:\/\/i0.wp.com\/noticiasribeiraopreto.com.br\/wp-content\/uploads\/2025\/08\/novo-shopping_2025-08-19_13-34-40.webp.webp?fit=1200%2C801&ssl=1&resize=1050%2C600 3x"},"classes":[]},{"id":49148,"url":"https:\/\/noticiasribeiraopreto.com.br\/index.php\/2024\/05\/08\/festa-junina-em-estacionamento-de-shopping-de-ribeirao-preto-tem-entrada-gratuita\/","url_meta":{"origin":81362,"position":2},"title":"Festa Junina em estacionamento de shopping de Ribeir\u00e3o Preto tem entrada gratuita","author":"noticiasribeiraopreto.com.br","date":"8 de May de 2024","format":false,"excerpt":"O segundo \u201cArrai\u00e1 Mio Di B\u00e3o \u2013 Ribeir\u00e3o!\u201d, que re\u00fane shows, comidas t\u00edpicas e a\u00e7\u00f5es solid\u00e1rias, no estacionamento do Novo Shopping, na zona Leste da cidade, acontece de 30 de maio a 30 e junho. Com entrada e estacionamento gratuitos, o evento contar\u00e1 com diversas barracas com comidas e bebidas\u2026","rel":"","context":"In &quot;Not\u00edcias de Ribeir\u00e3o Preto-SP e Regi\u00e3o&quot;","block_context":{"text":"Not\u00edcias de Ribeir\u00e3o Preto-SP e Regi\u00e3o","link":"https:\/\/noticiasribeiraopreto.com.br\/index.php\/category\/noticias-de-ribeirao-preto-sp-e-regiao-ismael-colosi\/"},"img":{"alt_text":"","src":"https:\/\/i0.wp.com\/noticiasribeiraopreto.com.br\/wp-content\/uploads\/2024\/05\/Capturar_2024-05-08_22-00-18_jpg_2024-05-08_22-00-18.webp.webp?fit=774%2C518&ssl=1&resize=350%2C200","width":350,"height":200,"srcset":"https:\/\/i0.wp.com\/noticiasribeiraopreto.com.br\/wp-content\/uploads\/2024\/05\/Capturar_2024-05-08_22-00-18_jpg_2024-05-08_22-00-18.webp.webp?fit=774%2C518&ssl=1&resize=350%2C200 1x, https:\/\/i0.wp.com\/noticiasribeiraopreto.com.br\/wp-content\/uploads\/2024\/05\/Capturar_2024-05-08_22-00-18_jpg_2024-05-08_22-00-18.webp.webp?fit=774%2C518&ssl=1&resize=525%2C300 1.5x, https:\/\/i0.wp.com\/noticiasribeiraopreto.com.br\/wp-content\/uploads\/2024\/05\/Capturar_2024-05-08_22-00-18_jpg_2024-05-08_22-00-18.webp.webp?fit=774%2C518&ssl=1&resize=700%2C400 2x"},"classes":[]},{"id":80873,"url":"https:\/\/noticiasribeiraopreto.com.br\/index.php\/2025\/12\/16\/floristas-da-ceagesp-de-ribeirao-preto-realizam-festival-de-natal\/","url_meta":{"origin":81362,"position":3},"title":"Floristas da Ceagesp de Ribeir\u00e3o Preto realizam Festival de Natal","author":"noticiasribeiraopreto.com.br","date":"16 de December de 2025","format":false,"excerpt":"O com\u00e9rcio florista do Entreposto da Ceagesp de Ribeir\u00e3o Preto realiza o Festival de Natal nos dias 19 e 20 de dezembro. A entrada e estacionamento s\u00e3o gratuitos. Estar\u00e3o \u00e0 venda flores, plantas ornamentais, implementos de jardinagem e artesanato para garantir tanto a decora\u00e7\u00e3o natalina quanto presentear quem \u00e9 entusiasta\u2026","rel":"","context":"In &quot;Not\u00edcias de Ribeir\u00e3o Preto-SP e Regi\u00e3o&quot;","block_context":{"text":"Not\u00edcias de Ribeir\u00e3o Preto-SP e Regi\u00e3o","link":"https:\/\/noticiasribeiraopreto.com.br\/index.php\/category\/noticias-de-ribeirao-preto-sp-e-regiao-ismael-colosi\/"},"img":{"alt_text":"","src":"https:\/\/i0.wp.com\/noticiasribeiraopreto.com.br\/wp-content\/uploads\/2025\/12\/flores_2025-12-16_17-44-24.webp.webp?fit=1200%2C902&ssl=1&resize=350%2C200","width":350,"height":200,"srcset":"https:\/\/i0.wp.com\/noticiasribeiraopreto.com.br\/wp-content\/uploads\/2025\/12\/flores_2025-12-16_17-44-24.webp.webp?fit=1200%2C902&ssl=1&resize=350%2C200 1x, https:\/\/i0.wp.com\/noticiasribeiraopreto.com.br\/wp-content\/uploads\/2025\/12\/flores_2025-12-16_17-44-24.webp.webp?fit=1200%2C902&ssl=1&resize=525%2C300 1.5x, https:\/\/i0.wp.com\/noticiasribeiraopreto.com.br\/wp-content\/uploads\/2025\/12\/flores_2025-12-16_17-44-24.webp.webp?fit=1200%2C902&ssl=1&resize=700%2C400 2x, https:\/\/i0.wp.com\/noticiasribeiraopreto.com.br\/wp-content\/uploads\/2025\/12\/flores_2025-12-16_17-44-24.webp.webp?fit=1200%2C902&ssl=1&resize=1050%2C600 3x"},"classes":[]},{"id":79314,"url":"https:\/\/noticiasribeiraopreto.com.br\/index.php\/2025\/10\/29\/saiba-quanto-vai-custar-para-estacionar-em-shopping-na-zona-leste-de-ribeirao-preto\/","url_meta":{"origin":81362,"position":4},"title":"Saiba quanto vai custar para estacionar em shopping na zona Leste de Ribeir\u00e3o Preto","author":"noticiasribeiraopreto.com.br","date":"29 de October de 2025","format":false,"excerpt":"O Novo Shopping anunciou os valores que ser\u00e3o cobrados no estacionamento a partir do pr\u00f3ximo dia 4 de novembro, em Ribeir\u00e3o Preto.\u00a0O\u00a0shopping\u00a0\u00e9 o\u00a0\u00fanico\u00a0entre os\u00a0quatro centros de compras\u00a0da cidade que ainda mant\u00e9m o estacionamento gratuito. Segundo a assessoria de imprensa do shopping, o estacionamento passar\u00e1 a ser administrado pela empresa Estapar\u2026","rel":"","context":"In &quot;Not\u00edcias de Ribeir\u00e3o Preto-SP e Regi\u00e3o&quot;","block_context":{"text":"Not\u00edcias de Ribeir\u00e3o Preto-SP e Regi\u00e3o","link":"https:\/\/noticiasribeiraopreto.com.br\/index.php\/category\/noticias-de-ribeirao-preto-sp-e-regiao-ismael-colosi\/"},"img":{"alt_text":"","src":"https:\/\/i0.wp.com\/noticiasribeiraopreto.com.br\/wp-content\/uploads\/2025\/08\/novo-shopping_2025-08-19_13-34-40.webp.webp?fit=1200%2C801&ssl=1&resize=350%2C200","width":350,"height":200,"srcset":"https:\/\/i0.wp.com\/noticiasribeiraopreto.com.br\/wp-content\/uploads\/2025\/08\/novo-shopping_2025-08-19_13-34-40.webp.webp?fit=1200%2C801&ssl=1&resize=350%2C200 1x, https:\/\/i0.wp.com\/noticiasribeiraopreto.com.br\/wp-content\/uploads\/2025\/08\/novo-shopping_2025-08-19_13-34-40.webp.webp?fit=1200%2C801&ssl=1&resize=525%2C300 1.5x, https:\/\/i0.wp.com\/noticiasribeiraopreto.com.br\/wp-content\/uploads\/2025\/08\/novo-shopping_2025-08-19_13-34-40.webp.webp?fit=1200%2C801&ssl=1&resize=700%2C400 2x, https:\/\/i0.wp.com\/noticiasribeiraopreto.com.br\/wp-content\/uploads\/2025\/08\/novo-shopping_2025-08-19_13-34-40.webp.webp?fit=1200%2C801&ssl=1&resize=1050%2C600 3x"},"classes":[]},{"id":53115,"url":"https:\/\/noticiasribeiraopreto.com.br\/index.php\/2024\/06\/16\/saiba-tudo-sobre-o-show-gratuito-do-soweto-em-ribeirao-preto\/","url_meta":{"origin":81362,"position":5},"title":"Saiba tudo sobre o show gratuito do Soweto em Ribeir\u00e3o Preto","author":"noticiasribeiraopreto.com.br","date":"16 de June de 2024","format":false,"excerpt":"A apresenta\u00e7\u00e3o musical do grupo de pagode, Soweto \u201cShow 20 e poucos anos\u201d, em Ribeir\u00e3o Preto, est\u00e1 marcada para esta quarta-feira (19), data em que a cidade comemora 168 anos. O evento, que \u00e9 gratuito, acontecer\u00e1 no Morro do S\u00e3o Bento \/ estacionamento do Teatro Municipal. Apesar de ter a\u2026","rel":"","context":"In &quot;Not\u00edcias de Ribeir\u00e3o Preto-SP e Regi\u00e3o&quot;","block_context":{"text":"Not\u00edcias de Ribeir\u00e3o Preto-SP e Regi\u00e3o","link":"https:\/\/noticiasribeiraopreto.com.br\/index.php\/category\/noticias-de-ribeirao-preto-sp-e-regiao-ismael-colosi\/"},"img":{"alt_text":"","src":"https:\/\/i0.wp.com\/noticiasribeiraopreto.com.br\/wp-content\/uploads\/2024\/05\/soweto_2024-04-13-12-21-45_2024-05-29_18-49-52_jpg_2024-05-29_18-49-52.webp.webp?fit=760%2C428&ssl=1&resize=350%2C200","width":350,"height":200,"srcset":"https:\/\/i0.wp.com\/noticiasribeiraopreto.com.br\/wp-content\/uploads\/2024\/05\/soweto_2024-04-13-12-21-45_2024-05-29_18-49-52_jpg_2024-05-29_18-49-52.webp.webp?fit=760%2C428&ssl=1&resize=350%2C200 1x, https:\/\/i0.wp.com\/noticiasribeiraopreto.com.br\/wp-content\/uploads\/2024\/05\/soweto_2024-04-13-12-21-45_2024-05-29_18-49-52_jpg_2024-05-29_18-49-52.webp.webp?fit=760%2C428&ssl=1&resize=525%2C300 1.5x, https:\/\/i0.wp.com\/noticiasribeiraopreto.com.br\/wp-content\/uploads\/2024\/05\/soweto_2024-04-13-12-21-45_2024-05-29_18-49-52_jpg_2024-05-29_18-49-52.webp.webp?fit=760%2C428&ssl=1&resize=700%2C400 2x"},"classes":[]}],"jetpack_sharing_enabled":true,"jetpack_shortlink":"https:\/\/wp.me\/peQAOb-lai","_links":{"self":[{"href":"https:\/\/noticiasribeiraopreto.com.br\/index.php\/wp-json\/wp\/v2\/posts\/81362","targetHints":{"allow":["GET"]}}],"collection":[{"href":"https:\/\/noticiasribeiraopreto.com.br\/index.php\/wp-json\/wp\/v2\/posts"}],"about":[{"href":"https:\/\/noticiasribeiraopreto.com.br\/index.php\/wp-json\/wp\/v2\/types\/post"}],"author":[{"embeddable":true,"href":"https:\/\/noticiasribeiraopreto.com.br\/index.php\/wp-json\/wp\/v2\/users\/1"}],"replies":[{"embeddable":true,"href":"https:\/\/noticiasribeiraopreto.com.br\/index.php\/wp-json\/wp\/v2\/comments?post=81362"}],"version-history":[{"count":0,"href":"https:\/\/noticiasribeiraopreto.com.br\/index.php\/wp-json\/wp\/v2\/posts\/81362\/revisions"}],"wp:featuredmedia":[{"embeddable":true,"href":"https:\/\/noticiasribeiraopreto.com.br\/index.php\/wp-json\/wp\/v2\/media\/81363"}],"wp:attachment":[{"href":"https:\/\/noticiasribeiraopreto.com.br\/index.php\/wp-json\/wp\/v2\/media?parent=81362"}],"wp:term":[{"taxonomy":"category","embeddable":true,"href":"https:\/\/noticiasribeiraopreto.com.br\/index.php\/wp-json\/wp\/v2\/categories?post=81362"},{"taxonomy":"post_tag","embeddable":true,"href":"https:\/\/noticiasribeiraopreto.com.br\/index.php\/wp-json\/wp\/v2\/tags?post=81362"}],"curies":[{"name":"wp","href":"https:\/\/api.w.org\/{rel}","templated":true}]}}