{"id":81364,"date":"2026-01-03T07:49:06","date_gmt":"2026-01-03T10:49:06","guid":{"rendered":"https:\/\/noticiasribeiraopreto.com.br\/index.php\/2026\/01\/03\/chuva-causa-transtornos-em-ruas-e-avenidas-de-ribeirao-preto-veja-video\/"},"modified":"2026-01-03T07:49:06","modified_gmt":"2026-01-03T10:49:06","slug":"chuva-causa-transtornos-em-ruas-e-avenidas-de-ribeirao-preto-veja-video","status":"publish","type":"post","link":"https:\/\/noticiasribeiraopreto.com.br\/index.php\/2026\/01\/03\/chuva-causa-transtornos-em-ruas-e-avenidas-de-ribeirao-preto-veja-video\/","title":{"rendered":"Chuva causa transtornos em ruas e avenidas de Ribeir\u00e3o Preto; Veja v\u00eddeo"},"content":{"rendered":"<div class='code-block code-block-1' style='margin: 8px 0 8px auto; text-align: right; display: block; clear: both;'>\n<p><a href=\"https:\/\/wa.link\/vpicfd\"><img data-recalc-dims=\"1\" class=\"wp-image-4922\" style=\"aspect-ratio: 2.0253164556962027; width: 561px; height: auto;\" src=\"https:\/\/i0.wp.com\/ismaelcolosi.com.br\/wp-content\/uploads\/2023\/11\/grupo-de-empregos-whatsapp-e-facebook-ismael-colosi-vagas.jpg?ssl=1\" alt=\"\" \/><\/a><\/p>\n<!-- \/wp:image -->\n<\/div>\n<p> <br \/>\n<\/p>\n<div data-td-block-uid=\"tdi_95\">\n<div class=\"tdb-block-inner td-fix-index\">\n<p>A chuva registrada <strong>na tarde desta sexta-feira (2)<\/strong> provocou transtornos em <strong>ruas e avenidas de Ribeir\u00e3o Preto<\/strong>. Motoristas enfrentaram dificuldades em pontos da cidade por causa do <strong>ac\u00famulo de \u00e1gua na pista<\/strong>.<\/p>\n<p>Na <strong>avenida Maur\u00edlio Biagi<\/strong>, <strong>antes da rua Chile<\/strong>, o tr\u00e2nsito ficou lento e ve\u00edculos precisaram reduzir a velocidade para atravessar o trecho alagado. J\u00e1 na avenida Portugal, pr\u00f3ximo ao col\u00e9gio SEB, a \u00e1gua tomou parte da via, dificultando a passagem e aumentando o risco de aquaplanagem.<\/p>\n<p>No bairro Santa Cruz, moradores tamb\u00e9m registraram alagamento.<\/p>\n<p>De acordo com a <strong>RP Mobi<\/strong>, foram identificados <strong>pontos de alagamento<\/strong> na <strong>avenida Maur\u00edlio Biagi com a rua Chile<\/strong> e na <strong>avenida Caramuru com a rua Cair\u00fa<\/strong>. O \u00f3rg\u00e3o tamb\u00e9m registrou <strong>queda de galhos na Avenida Maur\u00edlio Biagi, na altura do n\u00famero 800<\/strong>, al\u00e9m da <strong>queda de uma \u00e1rvore na avenida Caramuru, na altura do n\u00famero 624<\/strong>, causando transtornos ao tr\u00e1fego.<\/p>\n<h3 class=\"wp-block-heading\"><strong>Veja v\u00eddeo:<\/strong><\/h3>\n<blockquote class=\"instagram-media\" data-instgrm-permalink=\"https:\/\/www.instagram.com\/reel\/DTBE7HGDvR1\/?utm_source=ig_embed&amp;utm_campaign=loading\" data-instgrm-version=\"14\" style=\" background:#FFF; border:0; border-radius:3px; box-shadow:0 0 1px 0 rgba(0,0,0,0.5),0 1px 10px 0 rgba(0,0,0,0.15); margin: 1px; max-width:540px; min-width:326px; padding:0; width:99.375%; width:-webkit-calc(100% - 2px); width:calc(100% - 2px);\"\/>\n<p>At\u00e9 o momento, <strong>n\u00e3o h\u00e1 registro de feridos<\/strong>, e a orienta\u00e7\u00e3o \u00e9 para que motoristas redobrem a aten\u00e7\u00e3o em per\u00edodos de chuva intensa.<\/p>\n<hr class=\"wp-block-separator has-alpha-channel-opacity\"\/>\n<p>SAIBA MAIS<\/p>\n<p>\u00c1rvore cai e interdita trecho da avenida Francisco Junqueira em Ribeir\u00e3o Preto<\/p>\n<h2 class=\"wp-block-heading\"><strong>FIQUE ON<\/strong><\/h2>\n<p>Fique ligado em tudo que acontece em Ribeir\u00e3o Preto e regi\u00e3o. Siga os perfis do\u00a0<strong>acidade on<\/strong>\u00a0no<a href=\"https:\/\/www.instagram.com\/acidadeonribeirao\" target=\"_blank\" rel=\"noreferrer noopener\">\u00a0Instagram\u00a0<\/a>e no\u00a0<a href=\"https:\/\/www.facebook.com\/acidadeonribeirao\/\" target=\"_blank\" rel=\"noreferrer noopener\">Facebook<\/a>.<\/p>\n<p>Receba not\u00edcias do<strong>\u00a0acidade on<\/strong>\u00a0no WhatsApp. Para entrar no grupo,\u00a0basta\u00a0<a href=\"https:\/\/chat.whatsapp.com\/I4nieTEMKlf50pJ28aMemC?mode=ac_t\" target=\"_blank\" rel=\"noreferrer noopener\">clicar aqui<\/a>. Ou, acesse o nosso\u00a0Canal\u00a0<a href=\"https:\/\/whatsapp.com\/channel\/0029Vb6IQl1JENyAeS57fk2p\" target=\"_blank\" rel=\"noreferrer noopener\">clicando aqui<\/a>.<\/p>\n<p>Fa\u00e7a uma den\u00fancia ou sugira uma reportagem sobre Ribeir\u00e3o Preto e regi\u00e3o pelo WhatsApp: 16 99117 7802.<\/p>\n<p>VEJA TAMB\u00c9M<\/p>\n<p>Por que Danielle saiu do NewJeans?<\/p>\n<p><!-- AI CONTENT END 1 -->\n<\/div>\n<\/div>\n<p><script async src=\"\/\/www.instagram.com\/embed.js\"><\/script><br \/>\n<br \/><br \/>\n<br \/><a href=\"https:\/\/www.acidadeon.com\/ribeiraopreto\/cotidiano\/chuva-causa-transtornos-em-ruas-e-avenidas-de-ribeirao-preto-veja-video\/\">Source link <\/a><\/p>\n<!-- CONTENT END 1 -->\n","protected":false},"excerpt":{"rendered":"<p>A chuva registrada na tarde desta sexta-feira (2) provocou transtornos em ruas e avenidas de Ribeir\u00e3o Preto. Motoristas enfrentaram dificuldades em pontos da cidade por&#8230;<\/p>\n","protected":false},"author":1,"featured_media":81365,"comment_status":"open","ping_status":"open","sticky":false,"template":"","format":"standard","meta":{"advanced_seo_description":"","jetpack_seo_html_title":"","jetpack_seo_noindex":false,"jetpack_post_was_ever_published":false,"_jetpack_newsletter_access":"","_jetpack_dont_email_post_to_subs":false,"_jetpack_newsletter_tier_id":0,"_jetpack_memberships_contains_paywalled_content":false,"_jetpack_memberships_contains_paid_content":false,"footnotes":"","jetpack_publicize_message":"","jetpack_publicize_feature_enabled":true,"jetpack_social_post_already_shared":true,"jetpack_social_options":{"image_generator_settings":{"template":"highway","default_image_id":0,"font":"","enabled":false},"version":2}},"categories":[11],"tags":[],"class_list":["post-81364","post","type-post","status-publish","format-standard","has-post-thumbnail","hentry","category-noticias-de-ribeirao-preto-sp-e-regiao-ismael-colosi"],"jetpack_publicize_connections":[],"jetpack_featured_media_url":"https:\/\/i0.wp.com\/noticiasribeiraopreto.com.br\/wp-content\/uploads\/2026\/01\/WhatsApp-Image-2026-01-02-at-14.42.25_2026-01-02_17-46-37-e1767376037306.webp.webp?fit=898%2C626&ssl=1","jetpack-related-posts":[{"id":63348,"url":"https:\/\/noticiasribeiraopreto.com.br\/index.php\/2025\/02\/11\/trecho-da-avenida-maurilio-biagi-e-interditado-por-dois-meses-veja-rotas\/","url_meta":{"origin":81364,"position":0},"title":"Trecho da avenida Maur\u00edlio Biagi \u00e9 interditado por dois meses; Veja rotas","author":"noticiasribeiraopreto.com.br","date":"11 de February de 2025","format":false,"excerpt":"Come\u00e7ou nesta ter\u00e7a-feira (11), a interdi\u00e7\u00e3o da avenida Maur\u00edlio Biagi na altura da rua Olderige Margarido no sentido Centro\/bairro. O local ficar\u00e1 interditado por dois meses. O bloqueio acontece para constru\u00e7\u00e3o de duas pontes que v\u00e3o ligar o Jardim Bot\u00e2nico, na zona Sul, \u00e0 avenida Le\u00e3o XIII, na Ribeir\u00e2nia, na\u2026","rel":"","context":"In &quot;Not\u00edcias de Ribeir\u00e3o Preto-SP e Regi\u00e3o&quot;","block_context":{"text":"Not\u00edcias de Ribeir\u00e3o Preto-SP e Regi\u00e3o","link":"https:\/\/noticiasribeiraopreto.com.br\/index.php\/category\/noticias-de-ribeirao-preto-sp-e-regiao-ismael-colosi\/"},"img":{"alt_text":"","src":"https:\/\/i0.wp.com\/noticiasribeiraopreto.com.br\/wp-content\/uploads\/2025\/02\/Copia-de-Copia-de-Copia-de-TAMANHO-EXATO-PARA-FOTOS-NO-SISTEMA-NOVO-2025-02-11T084841.839_2025-02-11_11-48-49_png_2025-02-11_11-48-49.webp.webp?fit=1200%2C675&ssl=1&resize=350%2C200","width":350,"height":200,"srcset":"https:\/\/i0.wp.com\/noticiasribeiraopreto.com.br\/wp-content\/uploads\/2025\/02\/Copia-de-Copia-de-Copia-de-TAMANHO-EXATO-PARA-FOTOS-NO-SISTEMA-NOVO-2025-02-11T084841.839_2025-02-11_11-48-49_png_2025-02-11_11-48-49.webp.webp?fit=1200%2C675&ssl=1&resize=350%2C200 1x, https:\/\/i0.wp.com\/noticiasribeiraopreto.com.br\/wp-content\/uploads\/2025\/02\/Copia-de-Copia-de-Copia-de-TAMANHO-EXATO-PARA-FOTOS-NO-SISTEMA-NOVO-2025-02-11T084841.839_2025-02-11_11-48-49_png_2025-02-11_11-48-49.webp.webp?fit=1200%2C675&ssl=1&resize=525%2C300 1.5x, https:\/\/i0.wp.com\/noticiasribeiraopreto.com.br\/wp-content\/uploads\/2025\/02\/Copia-de-Copia-de-Copia-de-TAMANHO-EXATO-PARA-FOTOS-NO-SISTEMA-NOVO-2025-02-11T084841.839_2025-02-11_11-48-49_png_2025-02-11_11-48-49.webp.webp?fit=1200%2C675&ssl=1&resize=700%2C400 2x, https:\/\/i0.wp.com\/noticiasribeiraopreto.com.br\/wp-content\/uploads\/2025\/02\/Copia-de-Copia-de-Copia-de-TAMANHO-EXATO-PARA-FOTOS-NO-SISTEMA-NOVO-2025-02-11T084841.839_2025-02-11_11-48-49_png_2025-02-11_11-48-49.webp.webp?fit=1200%2C675&ssl=1&resize=1050%2C600 3x"},"classes":[]},{"id":62985,"url":"https:\/\/noticiasribeiraopreto.com.br\/index.php\/2025\/01\/30\/trecho-da-avenida-maurilio-biagi-sera-interditado-por-dois-meses-entenda\/","url_meta":{"origin":81364,"position":1},"title":"Trecho da avenida Maur\u00edlio Biagi ser\u00e1 interditado por dois meses; Entenda","author":"noticiasribeiraopreto.com.br","date":"30 de January de 2025","format":false,"excerpt":"Um trecho do avenida Maur\u00edlio Biagi, em Ribeir\u00e3o Preto, ser\u00e1 interditado por dois meses. A interdi\u00e7\u00e3o ser\u00e1 realizada no sentido Centro\/bairro, na altura da rua Olderige Margarido, come\u00e7a na pr\u00f3xima ter\u00e7a-feira (4). De acordo com a RP Mobi, o local ser\u00e1 bloqueado para constru\u00e7\u00e3o de duas pontes que vai ligar\u2026","rel":"","context":"In &quot;Not\u00edcias de Ribeir\u00e3o Preto-SP e Regi\u00e3o&quot;","block_context":{"text":"Not\u00edcias de Ribeir\u00e3o Preto-SP e Regi\u00e3o","link":"https:\/\/noticiasribeiraopreto.com.br\/index.php\/category\/noticias-de-ribeirao-preto-sp-e-regiao-ismael-colosi\/"},"img":{"alt_text":"","src":"https:\/\/i0.wp.com\/noticiasribeiraopreto.com.br\/wp-content\/uploads\/2025\/01\/interdicao-maurilio-biagi_2025-01-30_13-08-51_jpg_2025-01-30_13-08-51.webp.webp?fit=1115%2C701&ssl=1&resize=350%2C200","width":350,"height":200,"srcset":"https:\/\/i0.wp.com\/noticiasribeiraopreto.com.br\/wp-content\/uploads\/2025\/01\/interdicao-maurilio-biagi_2025-01-30_13-08-51_jpg_2025-01-30_13-08-51.webp.webp?fit=1115%2C701&ssl=1&resize=350%2C200 1x, https:\/\/i0.wp.com\/noticiasribeiraopreto.com.br\/wp-content\/uploads\/2025\/01\/interdicao-maurilio-biagi_2025-01-30_13-08-51_jpg_2025-01-30_13-08-51.webp.webp?fit=1115%2C701&ssl=1&resize=525%2C300 1.5x, https:\/\/i0.wp.com\/noticiasribeiraopreto.com.br\/wp-content\/uploads\/2025\/01\/interdicao-maurilio-biagi_2025-01-30_13-08-51_jpg_2025-01-30_13-08-51.webp.webp?fit=1115%2C701&ssl=1&resize=700%2C400 2x, https:\/\/i0.wp.com\/noticiasribeiraopreto.com.br\/wp-content\/uploads\/2025\/01\/interdicao-maurilio-biagi_2025-01-30_13-08-51_jpg_2025-01-30_13-08-51.webp.webp?fit=1115%2C701&ssl=1&resize=1050%2C600 3x"},"classes":[]},{"id":81761,"url":"https:\/\/noticiasribeiraopreto.com.br\/index.php\/2026\/01\/16\/chuva-rapida-alaga-avenidas-de-ribeirao-preto-e-deixa-carro-ilhado\/","url_meta":{"origin":81364,"position":2},"title":"Chuva r\u00e1pida alaga avenidas de Ribeir\u00e3o Preto e deixa carro ilhado","author":"noticiasribeiraopreto.com.br","date":"16 de January de 2026","format":false,"excerpt":"Uma chuva r\u00e1pida atingiu Ribeir\u00e3o Preto na noite desta quinta-feira (15) e provocou transtornos no tr\u00e2nsito em diferentes pontos da cidade. O cruzamento da avenida Maur\u00edlio Biagi com a avenida Presidente Kennedy apresentou lentid\u00e3o devido a um ponto de alagamento. J\u00e1 na avenida Le\u00e3o XIII, um carro ficou ilhado, o\u2026","rel":"","context":"In &quot;Not\u00edcias de Ribeir\u00e3o Preto-SP e Regi\u00e3o&quot;","block_context":{"text":"Not\u00edcias de Ribeir\u00e3o Preto-SP e Regi\u00e3o","link":"https:\/\/noticiasribeiraopreto.com.br\/index.php\/category\/noticias-de-ribeirao-preto-sp-e-regiao-ismael-colosi\/"},"img":{"alt_text":"","src":"https:\/\/i0.wp.com\/noticiasribeiraopreto.com.br\/wp-content\/uploads\/2026\/01\/domingo-50_2026-01-15_22-24-42.webp.webp?fit=1200%2C675&ssl=1&resize=350%2C200","width":350,"height":200,"srcset":"https:\/\/i0.wp.com\/noticiasribeiraopreto.com.br\/wp-content\/uploads\/2026\/01\/domingo-50_2026-01-15_22-24-42.webp.webp?fit=1200%2C675&ssl=1&resize=350%2C200 1x, https:\/\/i0.wp.com\/noticiasribeiraopreto.com.br\/wp-content\/uploads\/2026\/01\/domingo-50_2026-01-15_22-24-42.webp.webp?fit=1200%2C675&ssl=1&resize=525%2C300 1.5x, https:\/\/i0.wp.com\/noticiasribeiraopreto.com.br\/wp-content\/uploads\/2026\/01\/domingo-50_2026-01-15_22-24-42.webp.webp?fit=1200%2C675&ssl=1&resize=700%2C400 2x, https:\/\/i0.wp.com\/noticiasribeiraopreto.com.br\/wp-content\/uploads\/2026\/01\/domingo-50_2026-01-15_22-24-42.webp.webp?fit=1200%2C675&ssl=1&resize=1050%2C600 3x"},"classes":[]},{"id":80795,"url":"https:\/\/noticiasribeiraopreto.com.br\/index.php\/2025\/12\/14\/maurilio-biagi-fica-alagada-e-veiculos-precisam-dar-meia-volta-video\/","url_meta":{"origin":81364,"position":3},"title":"Maur\u00edlio Biagi fica alagada e ve\u00edculos precisam dar meia-volta; V\u00eddeo","author":"noticiasribeiraopreto.com.br","date":"14 de December de 2025","format":false,"excerpt":"A avenida Maur\u00edlio Biagi, em Ribeir\u00e3o Preto, registrou ponto de alagamento na tarde deste s\u00e1bado (13). Por conta disso, alguns ve\u00edculos precisaram voltar na contram\u00e3o para fugir da enxurrada \u2013 veja o v\u00eddeo abaixo. O alagamento est\u00e1 na altura da avenida Le\u00e3o XIII. At\u00e9 um \u00f4nibus do transporte coletivo de\u2026","rel":"","context":"In &quot;Not\u00edcias de Ribeir\u00e3o Preto-SP e Regi\u00e3o&quot;","block_context":{"text":"Not\u00edcias de Ribeir\u00e3o Preto-SP e Regi\u00e3o","link":"https:\/\/noticiasribeiraopreto.com.br\/index.php\/category\/noticias-de-ribeirao-preto-sp-e-regiao-ismael-colosi\/"},"img":{"alt_text":"","src":"https:\/\/i0.wp.com\/noticiasribeiraopreto.com.br\/wp-content\/uploads\/2025\/12\/avenida-maurilio-biagi_2025-12-13_21-02-43-e1765659795927.webp.webp?fit=950%2C466&ssl=1&resize=350%2C200","width":350,"height":200,"srcset":"https:\/\/i0.wp.com\/noticiasribeiraopreto.com.br\/wp-content\/uploads\/2025\/12\/avenida-maurilio-biagi_2025-12-13_21-02-43-e1765659795927.webp.webp?fit=950%2C466&ssl=1&resize=350%2C200 1x, https:\/\/i0.wp.com\/noticiasribeiraopreto.com.br\/wp-content\/uploads\/2025\/12\/avenida-maurilio-biagi_2025-12-13_21-02-43-e1765659795927.webp.webp?fit=950%2C466&ssl=1&resize=525%2C300 1.5x, https:\/\/i0.wp.com\/noticiasribeiraopreto.com.br\/wp-content\/uploads\/2025\/12\/avenida-maurilio-biagi_2025-12-13_21-02-43-e1765659795927.webp.webp?fit=950%2C466&ssl=1&resize=700%2C400 2x"},"classes":[]},{"id":80459,"url":"https:\/\/noticiasribeiraopreto.com.br\/index.php\/2025\/12\/03\/chuva-derruba-arvore-e-interdita-parque-em-ribeirao-preto\/","url_meta":{"origin":81364,"position":4},"title":"Chuva derruba \u00e1rvore e interdita parque em Ribeir\u00e3o Preto","author":"noticiasribeiraopreto.com.br","date":"3 de December de 2025","format":false,"excerpt":"A chuva forte que atingiu Ribeir\u00e3o Preto nesta quarta-feira (3) derrubou uma \u00e1rvore de grande porte no Parque Maur\u00edlio Biagi e levou \u00e0 interdi\u00e7\u00e3o tempor\u00e1ria do espa\u00e7o. As equipes iniciaram a retirada da \u00e1rvore para garantir a seguran\u00e7a dos visitantes. A Prefeitura prev\u00ea a reabertura do parque nesta quinta-feira (4),\u2026","rel":"","context":"In &quot;Not\u00edcias de Ribeir\u00e3o Preto-SP e Regi\u00e3o&quot;","block_context":{"text":"Not\u00edcias de Ribeir\u00e3o Preto-SP e Regi\u00e3o","link":"https:\/\/noticiasribeiraopreto.com.br\/index.php\/category\/noticias-de-ribeirao-preto-sp-e-regiao-ismael-colosi\/"},"img":{"alt_text":"","src":"https:\/\/i0.wp.com\/noticiasribeiraopreto.com.br\/wp-content\/uploads\/2025\/12\/image_2025-12-03_23-08-52.webp.webp?fit=1200%2C675&ssl=1&resize=350%2C200","width":350,"height":200,"srcset":"https:\/\/i0.wp.com\/noticiasribeiraopreto.com.br\/wp-content\/uploads\/2025\/12\/image_2025-12-03_23-08-52.webp.webp?fit=1200%2C675&ssl=1&resize=350%2C200 1x, https:\/\/i0.wp.com\/noticiasribeiraopreto.com.br\/wp-content\/uploads\/2025\/12\/image_2025-12-03_23-08-52.webp.webp?fit=1200%2C675&ssl=1&resize=525%2C300 1.5x, https:\/\/i0.wp.com\/noticiasribeiraopreto.com.br\/wp-content\/uploads\/2025\/12\/image_2025-12-03_23-08-52.webp.webp?fit=1200%2C675&ssl=1&resize=700%2C400 2x, https:\/\/i0.wp.com\/noticiasribeiraopreto.com.br\/wp-content\/uploads\/2025\/12\/image_2025-12-03_23-08-52.webp.webp?fit=1200%2C675&ssl=1&resize=1050%2C600 3x"},"classes":[]},{"id":62259,"url":"https:\/\/noticiasribeiraopreto.com.br\/index.php\/2025\/01\/08\/ribeirao-preto-tem-alagamentos-e-interdicoes-apos-temporal-veja-onde-2\/","url_meta":{"origin":81364,"position":5},"title":"Ribeir\u00e3o Preto tem alagamentos e interdi\u00e7\u00f5es ap\u00f3s temporal; veja onde","author":"noticiasribeiraopreto.com.br","date":"8 de January de 2025","format":false,"excerpt":"O\u00a0temporal que atingiu Ribeir\u00e3o Preto\u00a0na tarde desta quarta-feira (8)\u00a0causou transtornos em v\u00e1rios pontos da cidade. Al\u00e9m dos alagamentos, algumas ruas e avenidas foram interditadas e tiveram o tr\u00e2nsito alterado. Na avenida Eduardo Andrea Matarazzo (Via Norte), os carros precisaram fazer o retorno na contram\u00e3o. Em outro trecho na via, a\u2026","rel":"","context":"In &quot;Not\u00edcias de Ribeir\u00e3o Preto-SP e Regi\u00e3o&quot;","block_context":{"text":"Not\u00edcias de Ribeir\u00e3o Preto-SP e Regi\u00e3o","link":"https:\/\/noticiasribeiraopreto.com.br\/index.php\/category\/noticias-de-ribeirao-preto-sp-e-regiao-ismael-colosi\/"},"img":{"alt_text":"","src":"https:\/\/i0.wp.com\/noticiasribeiraopreto.com.br\/wp-content\/uploads\/2025\/01\/Copia-de-Copia-de-Copia-de-TAMANHO-EXATO-PARA-FOTOS-NO-SISTEMA-NOVO-2025-01-08T153613.148_2025-01-08_18-42-40_png_2025-01-08_18-42-40.webp.webp?fit=1200%2C675&ssl=1&resize=350%2C200","width":350,"height":200,"srcset":"https:\/\/i0.wp.com\/noticiasribeiraopreto.com.br\/wp-content\/uploads\/2025\/01\/Copia-de-Copia-de-Copia-de-TAMANHO-EXATO-PARA-FOTOS-NO-SISTEMA-NOVO-2025-01-08T153613.148_2025-01-08_18-42-40_png_2025-01-08_18-42-40.webp.webp?fit=1200%2C675&ssl=1&resize=350%2C200 1x, https:\/\/i0.wp.com\/noticiasribeiraopreto.com.br\/wp-content\/uploads\/2025\/01\/Copia-de-Copia-de-Copia-de-TAMANHO-EXATO-PARA-FOTOS-NO-SISTEMA-NOVO-2025-01-08T153613.148_2025-01-08_18-42-40_png_2025-01-08_18-42-40.webp.webp?fit=1200%2C675&ssl=1&resize=525%2C300 1.5x, https:\/\/i0.wp.com\/noticiasribeiraopreto.com.br\/wp-content\/uploads\/2025\/01\/Copia-de-Copia-de-Copia-de-TAMANHO-EXATO-PARA-FOTOS-NO-SISTEMA-NOVO-2025-01-08T153613.148_2025-01-08_18-42-40_png_2025-01-08_18-42-40.webp.webp?fit=1200%2C675&ssl=1&resize=700%2C400 2x, https:\/\/i0.wp.com\/noticiasribeiraopreto.com.br\/wp-content\/uploads\/2025\/01\/Copia-de-Copia-de-Copia-de-TAMANHO-EXATO-PARA-FOTOS-NO-SISTEMA-NOVO-2025-01-08T153613.148_2025-01-08_18-42-40_png_2025-01-08_18-42-40.webp.webp?fit=1200%2C675&ssl=1&resize=1050%2C600 3x"},"classes":[]}],"jetpack_sharing_enabled":true,"jetpack_shortlink":"https:\/\/wp.me\/peQAOb-lak","_links":{"self":[{"href":"https:\/\/noticiasribeiraopreto.com.br\/index.php\/wp-json\/wp\/v2\/posts\/81364","targetHints":{"allow":["GET"]}}],"collection":[{"href":"https:\/\/noticiasribeiraopreto.com.br\/index.php\/wp-json\/wp\/v2\/posts"}],"about":[{"href":"https:\/\/noticiasribeiraopreto.com.br\/index.php\/wp-json\/wp\/v2\/types\/post"}],"author":[{"embeddable":true,"href":"https:\/\/noticiasribeiraopreto.com.br\/index.php\/wp-json\/wp\/v2\/users\/1"}],"replies":[{"embeddable":true,"href":"https:\/\/noticiasribeiraopreto.com.br\/index.php\/wp-json\/wp\/v2\/comments?post=81364"}],"version-history":[{"count":0,"href":"https:\/\/noticiasribeiraopreto.com.br\/index.php\/wp-json\/wp\/v2\/posts\/81364\/revisions"}],"wp:featuredmedia":[{"embeddable":true,"href":"https:\/\/noticiasribeiraopreto.com.br\/index.php\/wp-json\/wp\/v2\/media\/81365"}],"wp:attachment":[{"href":"https:\/\/noticiasribeiraopreto.com.br\/index.php\/wp-json\/wp\/v2\/media?parent=81364"}],"wp:term":[{"taxonomy":"category","embeddable":true,"href":"https:\/\/noticiasribeiraopreto.com.br\/index.php\/wp-json\/wp\/v2\/categories?post=81364"},{"taxonomy":"post_tag","embeddable":true,"href":"https:\/\/noticiasribeiraopreto.com.br\/index.php\/wp-json\/wp\/v2\/tags?post=81364"}],"curies":[{"name":"wp","href":"https:\/\/api.w.org\/{rel}","templated":true}]}}