{"id":81366,"date":"2026-01-03T08:01:23","date_gmt":"2026-01-03T11:01:23","guid":{"rendered":"https:\/\/noticiasribeiraopreto.com.br\/index.php\/2026\/01\/03\/fim-do-calorao-frente-fria-avanca-e-reduz-temperaturas-no-interior-de-sp\/"},"modified":"2026-01-03T08:01:23","modified_gmt":"2026-01-03T11:01:23","slug":"fim-do-calorao-frente-fria-avanca-e-reduz-temperaturas-no-interior-de-sp","status":"publish","type":"post","link":"https:\/\/noticiasribeiraopreto.com.br\/index.php\/2026\/01\/03\/fim-do-calorao-frente-fria-avanca-e-reduz-temperaturas-no-interior-de-sp\/","title":{"rendered":"Fim do calor\u00e3o? Frente fria avan\u00e7a e reduz temperaturas no interior de SP"},"content":{"rendered":"<div class='code-block code-block-1' style='margin: 8px 0 8px auto; text-align: right; display: block; clear: both;'>\n<p><a href=\"https:\/\/wa.link\/vpicfd\"><img data-recalc-dims=\"1\" class=\"wp-image-4922\" style=\"aspect-ratio: 2.0253164556962027; width: 561px; height: auto;\" src=\"https:\/\/i0.wp.com\/ismaelcolosi.com.br\/wp-content\/uploads\/2023\/11\/grupo-de-empregos-whatsapp-e-facebook-ismael-colosi-vagas.jpg?ssl=1\" alt=\"\" \/><\/a><\/p>\n<!-- \/wp:image -->\n<\/div>\n<p> <br \/>\n<\/p>\n<div>\n<p>Ap\u00f3s dias de temperaturas elevadas e calor intenso, a <strong>onda de calor come\u00e7a a perder for\u00e7a no interior de S\u00e3o Paulo com o avan\u00e7o de uma frente fria<\/strong>. A mudan\u00e7a no tempo passa a ser percebida a partir desta sexta-feira (2), com aumento da nebulosidade e possibilidade de chuva em diversas regi\u00f5es do estado, <strong>incluindo Ribeir\u00e3o Preto e cidades da regi\u00e3o.<\/strong><\/p>\n<p>Apesar da chegada do sistema, a <strong>queda de temperatura no interior paulista tende a ser menos expressiva em compara\u00e7\u00e3o ao litoral e ao sul do estado. <\/strong>Ainda assim, o <strong>bloqueio atmosf\u00e9rico que manteve o calor extremo nos \u00faltimos dias perde for\u00e7a<\/strong>, <strong>reduzindo a intensidade do calor<\/strong>.<\/p>\n<div class=\"wp-block-image\">\n<figure class=\"aligncenter size-full\"><img data-recalc-dims=\"1\" fetchpriority=\"high\" decoding=\"async\" width=\"752\" height=\"675\" src=\"https:\/\/i0.wp.com\/cdn.media-acidadeon.com.br\/ribeiraopreto\/wp-content\/uploads\/sites\/3\/2026\/01\/ytry_2026-01-02_16-59-17.webp?resize=752%2C675&#038;ssl=1\" alt=\"calor \" class=\"wp-image-140895\" title=\"Fim do calor\u00e3o? Frente fria avan\u00e7a e reduz temperaturas no interior de SP 1\" srcset=\"https:\/\/cdn.media-acidadeon.com.br\/ribeiraopreto\/wp-content\/uploads\/sites\/3\/2026\/01\/ytry_2026-01-02_16-59-17.webp 752w, https:\/\/cdn.media-acidadeon.com.br\/ribeiraopreto\/wp-content\/uploads\/sites\/3\/2026\/01\/ytry_2026-01-02_16-59-17-300x269.webp 300w, https:\/\/cdn.media-acidadeon.com.br\/ribeiraopreto\/wp-content\/uploads\/sites\/3\/2026\/01\/ytry_2026-01-02_16-59-17-696x625.webp 696w\" sizes=\"(max-width: 752px) 100vw, 752px\"\/><figcaption class=\"wp-element-caption\">Alerta amarelo para regi\u00e3o de Ribeir\u00e3o Preto \u2013 Foto: Reprodu\u00e7\u00e3o\/Inmet <\/figcaption><\/figure>\n<\/div>\n<h3 class=\"wp-block-heading\"><strong>Como fica em Ribeir\u00e3o Preto?<\/strong><\/h3>\n<p>Em Ribeir\u00e3o Preto, <strong>as temperaturas continuam elevadas ao longo do fim de semana<\/strong>, com m\u00e1ximas acima dos 30\u00b0C. No entanto, a <strong>frente fria impede novos recordes e diminui a sensa\u00e7\u00e3o de abafamento registrada nos \u00faltimos dias<\/strong>. A previs\u00e3o indica varia\u00e7\u00e3o de nebulosidade e chance de pancadas de chuva isoladas, principalmente entre sexta-feira e s\u00e1bado.<\/p>\n<p>As chuvas podem ocorrer em curtos per\u00edodos, com intensidade moderada a forte em alguns pontos, o que pode causar transtornos pontuais, como alagamentos em \u00e1reas urbanas e queda de \u00e1rvores. A orienta\u00e7\u00e3o \u00e9 de aten\u00e7\u00e3o redobrada, especialmente durante temporais.<\/p>\n<p>A <strong>Defesa Civil do Estado<\/strong> segue monitorando as condi\u00e7\u00f5es meteorol\u00f3gicas e <strong>mant\u00e9m o gabinete de crise em opera\u00e7\u00e3o<\/strong>, devido aos impactos recentes provocados pelo calor intenso e \u00e0 previs\u00e3o de instabilidades nos pr\u00f3ximos dias.<\/p>\n<hr class=\"wp-block-separator has-alpha-channel-opacity\"\/>\n<p>SAIBA MAIS<\/p>\n<p>\u00c1rvore cai e interdita trecho da avenida Francisco Junqueira em Ribeir\u00e3o Preto<\/p>\n<h2 class=\"wp-block-heading\"><strong>FIQUE ON<\/strong><\/h2>\n<p>Fique ligado em tudo que acontece em Ribeir\u00e3o Preto e regi\u00e3o. Siga os perfis do\u00a0<strong>acidade on<\/strong>\u00a0no<a href=\"https:\/\/www.instagram.com\/acidadeonribeirao\" target=\"_blank\" rel=\"noreferrer noopener\">\u00a0Instagram\u00a0<\/a>e no\u00a0<a href=\"https:\/\/www.facebook.com\/acidadeonribeirao\/\" target=\"_blank\" rel=\"noreferrer noopener\">Facebook<\/a>.<\/p>\n<p>Receba not\u00edcias do<strong>\u00a0acidade on<\/strong>\u00a0no WhatsApp. Para entrar no grupo,\u00a0basta\u00a0<a href=\"https:\/\/chat.whatsapp.com\/I4nieTEMKlf50pJ28aMemC?mode=ac_t\" target=\"_blank\" rel=\"noreferrer noopener\">clicar aqui<\/a>. Ou, acesse o nosso\u00a0Canal\u00a0<a href=\"https:\/\/whatsapp.com\/channel\/0029Vb6IQl1JENyAeS57fk2p\" target=\"_blank\" rel=\"noreferrer noopener\">clicando aqui<\/a>.<\/p>\n<p>Fa\u00e7a uma den\u00fancia ou sugira uma reportagem sobre Ribeir\u00e3o Preto e regi\u00e3o pelo WhatsApp: 16 99117 7802.<\/p>\n<p>VEJA TAMB\u00c9M<\/p>\n<p>Por que Danielle saiu do NewJeans?<\/p>\n<p><!-- AI CONTENT END 1 -->\n<\/div>\n<p><script async src=\"\/\/www.instagram.com\/embed.js\"><\/script><br \/>\n<br \/><br \/>\n<br \/><a href=\"https:\/\/www.acidadeon.com\/ribeiraopreto\/cotidiano\/onda-de-calor-perde-forca-com-avanco-de-frente-fria-no-interior-de-sp\/\">Source link <\/a><\/p>\n<!-- CONTENT END 1 -->\n","protected":false},"excerpt":{"rendered":"<p>Ap\u00f3s dias de temperaturas elevadas e calor intenso, a onda de calor come\u00e7a a perder for\u00e7a no interior de S\u00e3o Paulo com o avan\u00e7o de&#8230;<\/p>\n","protected":false},"author":1,"featured_media":81367,"comment_status":"open","ping_status":"open","sticky":false,"template":"","format":"standard","meta":{"advanced_seo_description":"","jetpack_seo_html_title":"","jetpack_seo_noindex":false,"jetpack_post_was_ever_published":false,"_jetpack_newsletter_access":"","_jetpack_dont_email_post_to_subs":false,"_jetpack_newsletter_tier_id":0,"_jetpack_memberships_contains_paywalled_content":false,"_jetpack_memberships_contains_paid_content":false,"footnotes":"","jetpack_publicize_message":"","jetpack_publicize_feature_enabled":true,"jetpack_social_post_already_shared":true,"jetpack_social_options":{"image_generator_settings":{"template":"highway","default_image_id":0,"font":"","enabled":false},"version":2}},"categories":[11],"tags":[],"class_list":["post-81366","post","type-post","status-publish","format-standard","has-post-thumbnail","hentry","category-noticias-de-ribeirao-preto-sp-e-regiao-ismael-colosi"],"jetpack_publicize_connections":[],"jetpack_featured_media_url":"https:\/\/i0.wp.com\/noticiasribeiraopreto.com.br\/wp-content\/uploads\/2026\/01\/WhatsApp-Image-2024-01-14-at-10.08.20.jpeg?fit=1600%2C1200&ssl=1","jetpack-related-posts":[{"id":45415,"url":"https:\/\/noticiasribeiraopreto.com.br\/index.php\/2024\/04\/04\/nova-onda-de-calor-temperaturas-aumentam-antes-do-frio-chegar-ao-interior-de-sp\/","url_meta":{"origin":81366,"position":0},"title":"Nova onda de calor? Temperaturas aumentam antes do frio chegar ao interior de SP","author":"noticiasribeiraopreto.com.br","date":"4 de April de 2024","format":false,"excerpt":"Antes da chegada de uma nova frente fria ao interior de S\u00e3o Paulo, as altas temperaturas devem atingir o estado nos pr\u00f3ximos dias. De acordo com o meteorologista Matheus Manente, do IAG (Instituto de Astronomia, Geof\u00edsica e Ci\u00eancias Atmosf\u00e9ricas) da USP (Universidade de S\u00e3o Paulo) e do site Meteored, o\u2026","rel":"","context":"In &quot;Not\u00edcias de Ribeir\u00e3o Preto-SP e Regi\u00e3o&quot;","block_context":{"text":"Not\u00edcias de Ribeir\u00e3o Preto-SP e Regi\u00e3o","link":"https:\/\/noticiasribeiraopreto.com.br\/index.php\/category\/noticias-de-ribeirao-preto-sp-e-regiao-ismael-colosi\/"},"img":{"alt_text":"","src":"https:\/\/i0.wp.com\/noticiasribeiraopreto.com.br\/wp-content\/uploads\/2024\/04\/20230711_174150-scaled.jpg?fit=1200%2C540&ssl=1&resize=350%2C200","width":350,"height":200,"srcset":"https:\/\/i0.wp.com\/noticiasribeiraopreto.com.br\/wp-content\/uploads\/2024\/04\/20230711_174150-scaled.jpg?fit=1200%2C540&ssl=1&resize=350%2C200 1x, https:\/\/i0.wp.com\/noticiasribeiraopreto.com.br\/wp-content\/uploads\/2024\/04\/20230711_174150-scaled.jpg?fit=1200%2C540&ssl=1&resize=525%2C300 1.5x, https:\/\/i0.wp.com\/noticiasribeiraopreto.com.br\/wp-content\/uploads\/2024\/04\/20230711_174150-scaled.jpg?fit=1200%2C540&ssl=1&resize=700%2C400 2x, https:\/\/i0.wp.com\/noticiasribeiraopreto.com.br\/wp-content\/uploads\/2024\/04\/20230711_174150-scaled.jpg?fit=1200%2C540&ssl=1&resize=1050%2C600 3x"},"classes":[]},{"id":58331,"url":"https:\/\/noticiasribeiraopreto.com.br\/index.php\/2024\/09\/25\/muito-calor-veja-as-temperaturas-no-interior-de-sp-antes-da-frente-fria\/","url_meta":{"origin":81366,"position":1},"title":"Muito calor: Veja as temperaturas no interior de SP antes da frente fria","author":"noticiasribeiraopreto.com.br","date":"25 de September de 2024","format":false,"excerpt":"A onda de calor que atinge o interior de S\u00e3o Paulo pode ser intensificada nos pr\u00f3ximos dias por causa da aproxima\u00e7\u00e3o de uma frente fria. Segundo a Meteored, em Ribeir\u00e3o Preto a m\u00e1xima est\u00e1 prevista em 38\u00b0C nesta quarta-feira (25) e pode atingir 40\u00b0C nesta quinta-feira (26) e sexta-feira (27).\u2026","rel":"","context":"In &quot;Not\u00edcias de Ribeir\u00e3o Preto-SP e Regi\u00e3o&quot;","block_context":{"text":"Not\u00edcias de Ribeir\u00e3o Preto-SP e Regi\u00e3o","link":"https:\/\/noticiasribeiraopreto.com.br\/index.php\/category\/noticias-de-ribeirao-preto-sp-e-regiao-ismael-colosi\/"},"img":{"alt_text":"","src":"https:\/\/i0.wp.com\/noticiasribeiraopreto.com.br\/wp-content\/uploads\/2024\/09\/WhatsApp-Image-2024-02-28-at-08.48.57.jpeg?fit=1200%2C900&ssl=1&resize=350%2C200","width":350,"height":200,"srcset":"https:\/\/i0.wp.com\/noticiasribeiraopreto.com.br\/wp-content\/uploads\/2024\/09\/WhatsApp-Image-2024-02-28-at-08.48.57.jpeg?fit=1200%2C900&ssl=1&resize=350%2C200 1x, https:\/\/i0.wp.com\/noticiasribeiraopreto.com.br\/wp-content\/uploads\/2024\/09\/WhatsApp-Image-2024-02-28-at-08.48.57.jpeg?fit=1200%2C900&ssl=1&resize=525%2C300 1.5x, https:\/\/i0.wp.com\/noticiasribeiraopreto.com.br\/wp-content\/uploads\/2024\/09\/WhatsApp-Image-2024-02-28-at-08.48.57.jpeg?fit=1200%2C900&ssl=1&resize=700%2C400 2x, https:\/\/i0.wp.com\/noticiasribeiraopreto.com.br\/wp-content\/uploads\/2024\/09\/WhatsApp-Image-2024-02-28-at-08.48.57.jpeg?fit=1200%2C900&ssl=1&resize=1050%2C600 3x"},"classes":[]},{"id":48873,"url":"https:\/\/noticiasribeiraopreto.com.br\/index.php\/2024\/05\/07\/frente-fria-chega-ao-estado-de-sp-nesta-semana-veja-se-o-tempo-muda-no-interior\/","url_meta":{"origin":81366,"position":2},"title":"Frente fria chega ao estado de SP nesta semana; Veja se o tempo muda no interior","author":"noticiasribeiraopreto.com.br","date":"7 de May de 2024","format":false,"excerpt":"A meteorologia indica a passagem de uma frente fria pelo litoral do estado de S\u00e3o Paulo na pr\u00f3xima quinta-feira (9). Segundo a Climatempo, h\u00e1 previs\u00e3o de chuva apenas para o litoral paulista. Mesmo assim, a quantidade de chuva \u00e9 baixa. Ainda conforme a meteorologia, esta frente fria n\u00e3o ter\u00e1 for\u00e7a\u2026","rel":"","context":"In &quot;Not\u00edcias de Ribeir\u00e3o Preto-SP e Regi\u00e3o&quot;","block_context":{"text":"Not\u00edcias de Ribeir\u00e3o Preto-SP e Regi\u00e3o","link":"https:\/\/noticiasribeiraopreto.com.br\/index.php\/category\/noticias-de-ribeirao-preto-sp-e-regiao-ismael-colosi\/"},"img":{"alt_text":"","src":"https:\/\/i0.wp.com\/noticiasribeiraopreto.com.br\/wp-content\/uploads\/2024\/05\/chuva.jpeg?fit=1200%2C903&ssl=1&resize=350%2C200","width":350,"height":200,"srcset":"https:\/\/i0.wp.com\/noticiasribeiraopreto.com.br\/wp-content\/uploads\/2024\/05\/chuva.jpeg?fit=1200%2C903&ssl=1&resize=350%2C200 1x, https:\/\/i0.wp.com\/noticiasribeiraopreto.com.br\/wp-content\/uploads\/2024\/05\/chuva.jpeg?fit=1200%2C903&ssl=1&resize=525%2C300 1.5x, https:\/\/i0.wp.com\/noticiasribeiraopreto.com.br\/wp-content\/uploads\/2024\/05\/chuva.jpeg?fit=1200%2C903&ssl=1&resize=700%2C400 2x, https:\/\/i0.wp.com\/noticiasribeiraopreto.com.br\/wp-content\/uploads\/2024\/05\/chuva.jpeg?fit=1200%2C903&ssl=1&resize=1050%2C600 3x"},"classes":[]},{"id":63471,"url":"https:\/\/noticiasribeiraopreto.com.br\/index.php\/2025\/02\/14\/frente-fria-deixa-interior-sp-em-alerta-para-chuva-forte-veja-cidades\/","url_meta":{"origin":81366,"position":3},"title":"Frente fria deixa interior SP em alerta para chuva forte; Veja cidades","author":"noticiasribeiraopreto.com.br","date":"14 de February de 2025","format":false,"excerpt":"A sexta-feira (14) ser\u00e1 mais um dia de aten\u00e7\u00e3o para o risco de chuva forte em regi\u00f5es do interior de S\u00e3o Paulo. Al\u00e9m do calor, uma frente fria que vem do Sul estar\u00e1 passando em alto-mar, na costa paulista. A passagem desta frente fria deve provocar uma mudan\u00e7a na circula\u00e7\u00e3o\u2026","rel":"","context":"In &quot;Not\u00edcias de Ribeir\u00e3o Preto-SP e Regi\u00e3o&quot;","block_context":{"text":"Not\u00edcias de Ribeir\u00e3o Preto-SP e Regi\u00e3o","link":"https:\/\/noticiasribeiraopreto.com.br\/index.php\/category\/noticias-de-ribeirao-preto-sp-e-regiao-ismael-colosi\/"},"img":{"alt_text":"","src":"https:\/\/i0.wp.com\/noticiasribeiraopreto.com.br\/wp-content\/uploads\/2024\/08\/WhatsApp-Image-2024-07-13-at-19.42.17_2024-07-13_22-42-51_jpeg_2024-07-13_22-42-51.webp.webp?fit=1200%2C553&ssl=1&resize=350%2C200","width":350,"height":200,"srcset":"https:\/\/i0.wp.com\/noticiasribeiraopreto.com.br\/wp-content\/uploads\/2024\/08\/WhatsApp-Image-2024-07-13-at-19.42.17_2024-07-13_22-42-51_jpeg_2024-07-13_22-42-51.webp.webp?fit=1200%2C553&ssl=1&resize=350%2C200 1x, https:\/\/i0.wp.com\/noticiasribeiraopreto.com.br\/wp-content\/uploads\/2024\/08\/WhatsApp-Image-2024-07-13-at-19.42.17_2024-07-13_22-42-51_jpeg_2024-07-13_22-42-51.webp.webp?fit=1200%2C553&ssl=1&resize=525%2C300 1.5x, https:\/\/i0.wp.com\/noticiasribeiraopreto.com.br\/wp-content\/uploads\/2024\/08\/WhatsApp-Image-2024-07-13-at-19.42.17_2024-07-13_22-42-51_jpeg_2024-07-13_22-42-51.webp.webp?fit=1200%2C553&ssl=1&resize=700%2C400 2x, https:\/\/i0.wp.com\/noticiasribeiraopreto.com.br\/wp-content\/uploads\/2024\/08\/WhatsApp-Image-2024-07-13-at-19.42.17_2024-07-13_22-42-51_jpeg_2024-07-13_22-42-51.webp.webp?fit=1200%2C553&ssl=1&resize=1050%2C600 3x"},"classes":[]},{"id":77408,"url":"https:\/\/noticiasribeiraopreto.com.br\/index.php\/2025\/09\/18\/manha-comeca-fria-em-ribeirao-preto-no-primeiro-dia-da-onda-de-calor-entenda\/","url_meta":{"origin":81366,"position":4},"title":"Manh\u00e3 come\u00e7a fria em Ribeir\u00e3o Preto no primeiro dia da onda de calor; Entenda","author":"noticiasribeiraopreto.com.br","date":"18 de September de 2025","format":false,"excerpt":"O in\u00edcio da manh\u00e3 desta quinta (18) come\u00e7ou mais frio em Ribeir\u00e3o Preto em rela\u00e7\u00e3o aos \u00faltimos dias, com registro de 13,9\u00b0C \u00e0s 6h, segundo o Ciiagro (Centro Integrado de Informa\u00e7\u00f5es Agrometeorol\u00f3gicas). Nesta quinta, contudo, tem in\u00edcio uma onda de calor, que deve deixar as temperaturas 5\u00b0C acima da m\u00e9dia\u2026","rel":"","context":"In &quot;Not\u00edcias de Ribeir\u00e3o Preto-SP e Regi\u00e3o&quot;","block_context":{"text":"Not\u00edcias de Ribeir\u00e3o Preto-SP e Regi\u00e3o","link":"https:\/\/noticiasribeiraopreto.com.br\/index.php\/category\/noticias-de-ribeirao-preto-sp-e-regiao-ismael-colosi\/"},"img":{"alt_text":"","src":"https:\/\/i0.wp.com\/noticiasribeiraopreto.com.br\/wp-content\/uploads\/2025\/09\/PARQUE-DAS-ARTES_2025-09-18_10-00-27.webp.webp?fit=1200%2C662&ssl=1&resize=350%2C200","width":350,"height":200,"srcset":"https:\/\/i0.wp.com\/noticiasribeiraopreto.com.br\/wp-content\/uploads\/2025\/09\/PARQUE-DAS-ARTES_2025-09-18_10-00-27.webp.webp?fit=1200%2C662&ssl=1&resize=350%2C200 1x, https:\/\/i0.wp.com\/noticiasribeiraopreto.com.br\/wp-content\/uploads\/2025\/09\/PARQUE-DAS-ARTES_2025-09-18_10-00-27.webp.webp?fit=1200%2C662&ssl=1&resize=525%2C300 1.5x, https:\/\/i0.wp.com\/noticiasribeiraopreto.com.br\/wp-content\/uploads\/2025\/09\/PARQUE-DAS-ARTES_2025-09-18_10-00-27.webp.webp?fit=1200%2C662&ssl=1&resize=700%2C400 2x, https:\/\/i0.wp.com\/noticiasribeiraopreto.com.br\/wp-content\/uploads\/2025\/09\/PARQUE-DAS-ARTES_2025-09-18_10-00-27.webp.webp?fit=1200%2C662&ssl=1&resize=1050%2C600 3x"},"classes":[]},{"id":57407,"url":"https:\/\/noticiasribeiraopreto.com.br\/index.php\/2024\/08\/30\/forte-frente-fria-tem-data-para-chegar-ao-pais-veja-previsao-para-setembro\/","url_meta":{"origin":81366,"position":5},"title":"Forte frente fria tem data para chegar ao pa\u00eds; Veja previs\u00e3o para setembro","author":"noticiasribeiraopreto.com.br","date":"30 de August de 2024","format":false,"excerpt":"Apesar de uma nova massa de ar quente e seco se estabelecer sobre o Brasil no decorrer da pr\u00f3xima semana, a primeira forte frente fria de setembro j\u00e1 tem data para chegar ao pa\u00eds, de acordo com os meteorologistas. De acordo com a Climatempo, a expectativa \u00e9 de que um\u2026","rel":"","context":"In &quot;Not\u00edcias de Ribeir\u00e3o Preto-SP e Regi\u00e3o&quot;","block_context":{"text":"Not\u00edcias de Ribeir\u00e3o Preto-SP e Regi\u00e3o","link":"https:\/\/noticiasribeiraopreto.com.br\/index.php\/category\/noticias-de-ribeirao-preto-sp-e-regiao-ismael-colosi\/"},"img":{"alt_text":"","src":"https:\/\/i0.wp.com\/noticiasribeiraopreto.com.br\/wp-content\/uploads\/2024\/08\/1725059868_frio_luva_1200x675_16042022092951.jpg?fit=1200%2C675&ssl=1&resize=350%2C200","width":350,"height":200,"srcset":"https:\/\/i0.wp.com\/noticiasribeiraopreto.com.br\/wp-content\/uploads\/2024\/08\/1725059868_frio_luva_1200x675_16042022092951.jpg?fit=1200%2C675&ssl=1&resize=350%2C200 1x, https:\/\/i0.wp.com\/noticiasribeiraopreto.com.br\/wp-content\/uploads\/2024\/08\/1725059868_frio_luva_1200x675_16042022092951.jpg?fit=1200%2C675&ssl=1&resize=525%2C300 1.5x, https:\/\/i0.wp.com\/noticiasribeiraopreto.com.br\/wp-content\/uploads\/2024\/08\/1725059868_frio_luva_1200x675_16042022092951.jpg?fit=1200%2C675&ssl=1&resize=700%2C400 2x, https:\/\/i0.wp.com\/noticiasribeiraopreto.com.br\/wp-content\/uploads\/2024\/08\/1725059868_frio_luva_1200x675_16042022092951.jpg?fit=1200%2C675&ssl=1&resize=1050%2C600 3x"},"classes":[]}],"jetpack_sharing_enabled":true,"jetpack_shortlink":"https:\/\/wp.me\/peQAOb-lam","_links":{"self":[{"href":"https:\/\/noticiasribeiraopreto.com.br\/index.php\/wp-json\/wp\/v2\/posts\/81366","targetHints":{"allow":["GET"]}}],"collection":[{"href":"https:\/\/noticiasribeiraopreto.com.br\/index.php\/wp-json\/wp\/v2\/posts"}],"about":[{"href":"https:\/\/noticiasribeiraopreto.com.br\/index.php\/wp-json\/wp\/v2\/types\/post"}],"author":[{"embeddable":true,"href":"https:\/\/noticiasribeiraopreto.com.br\/index.php\/wp-json\/wp\/v2\/users\/1"}],"replies":[{"embeddable":true,"href":"https:\/\/noticiasribeiraopreto.com.br\/index.php\/wp-json\/wp\/v2\/comments?post=81366"}],"version-history":[{"count":0,"href":"https:\/\/noticiasribeiraopreto.com.br\/index.php\/wp-json\/wp\/v2\/posts\/81366\/revisions"}],"wp:featuredmedia":[{"embeddable":true,"href":"https:\/\/noticiasribeiraopreto.com.br\/index.php\/wp-json\/wp\/v2\/media\/81367"}],"wp:attachment":[{"href":"https:\/\/noticiasribeiraopreto.com.br\/index.php\/wp-json\/wp\/v2\/media?parent=81366"}],"wp:term":[{"taxonomy":"category","embeddable":true,"href":"https:\/\/noticiasribeiraopreto.com.br\/index.php\/wp-json\/wp\/v2\/categories?post=81366"},{"taxonomy":"post_tag","embeddable":true,"href":"https:\/\/noticiasribeiraopreto.com.br\/index.php\/wp-json\/wp\/v2\/tags?post=81366"}],"curies":[{"name":"wp","href":"https:\/\/api.w.org\/{rel}","templated":true}]}}