{"id":81368,"date":"2026-01-03T08:08:42","date_gmt":"2026-01-03T11:08:42","guid":{"rendered":"https:\/\/noticiasribeiraopreto.com.br\/index.php\/2026\/01\/03\/preco-do-material-escolar-tem-variacao-de-ate-196-em-ribeirao-preto\/"},"modified":"2026-01-03T08:08:42","modified_gmt":"2026-01-03T11:08:42","slug":"preco-do-material-escolar-tem-variacao-de-ate-196-em-ribeirao-preto","status":"publish","type":"post","link":"https:\/\/noticiasribeiraopreto.com.br\/index.php\/2026\/01\/03\/preco-do-material-escolar-tem-variacao-de-ate-196-em-ribeirao-preto\/","title":{"rendered":"Pre\u00e7o do material escolar tem varia\u00e7\u00e3o de at\u00e9 196% em Ribeir\u00e3o Preto"},"content":{"rendered":"<div class='code-block code-block-1' style='margin: 8px 0 8px auto; text-align: right; display: block; clear: both;'>\n<p><a href=\"https:\/\/wa.link\/vpicfd\"><img data-recalc-dims=\"1\" class=\"wp-image-4922\" style=\"aspect-ratio: 2.0253164556962027; width: 561px; height: auto;\" src=\"https:\/\/i0.wp.com\/ismaelcolosi.com.br\/wp-content\/uploads\/2023\/11\/grupo-de-empregos-whatsapp-e-facebook-ismael-colosi-vagas.jpg?ssl=1\" alt=\"\" \/><\/a><\/p>\n<!-- \/wp:image -->\n<\/div>\n<p> <br \/>\n<\/p>\n<div>\n<p>Uma pesquisa comparativa de pre\u00e7os de material escolar realizada pelo Procon de S\u00e3o Paulo apontou <strong>diferen\u00e7as significativas nos valores praticados no com\u00e9rcio da cidade<\/strong>. O levantamento ocorreu em <strong>15 de dezembro de 2025<\/strong>, em oito estabelecimentos, e analisou <strong>91 itens<\/strong> encontrados em, no m\u00ednimo, tr\u00eas locais distintos.<\/p>\n<p>De acordo com o Procon SP, os pre\u00e7os registrados refletem exclusivamente o per\u00edodo da coleta e podem sofrer altera\u00e7\u00f5es conforme promo\u00e7\u00f5es, descontos ou condi\u00e7\u00f5es de pagamento. Por isso, o \u00f3rg\u00e3o refor\u00e7a a import\u00e2ncia de <strong>comparar valores antes da compra<\/strong> e verificar se h\u00e1 diferen\u00e7a de pre\u00e7o de acordo com a forma de pagamento escolhida.<\/p>\n<h3 class=\"wp-block-heading\"><strong>Material escolar<\/strong><\/h3>\n<p>O estudo considerou produtos como apontadores, borrachas, cadernos, canetas esferogr\u00e1ficas e hidrogr\u00e1ficas, colas, giz de cera, l\u00e1pis de cor e preto, lapiseiras, papel sulfite, r\u00e9gua, tesoura, massa de modelar e tinta para pintura a dedo. O objetivo \u00e9 <strong>oferecer refer\u00eancia de pre\u00e7os aos consumidores<\/strong> no per\u00edodo de compras para a volta \u00e0s aulas.<\/p>\n<div class=\"wp-block-image\">\n<figure class=\"aligncenter size-large is-resized\"><img data-recalc-dims=\"1\" fetchpriority=\"high\" decoding=\"async\" width=\"1024\" height=\"613\" src=\"https:\/\/i0.wp.com\/cdn.media-acidadeon.com.br\/ribeiraopreto\/wp-content\/uploads\/sites\/3\/2026\/01\/image_2026-01-02_16-29-09-1024x613.webp?resize=1024%2C613&#038;ssl=1\" alt=\"material escolar\" class=\"wp-image-140891\" style=\"width:797px;height:auto\" title=\"Pre\u00e7o do material escolar tem varia\u00e7\u00e3o de at\u00e9 196% em Ribeir\u00e3o Preto 1\" srcset=\"https:\/\/cdn.media-acidadeon.com.br\/ribeiraopreto\/wp-content\/uploads\/sites\/3\/2026\/01\/image_2026-01-02_16-29-09-1024x613.webp 1024w, https:\/\/cdn.media-acidadeon.com.br\/ribeiraopreto\/wp-content\/uploads\/sites\/3\/2026\/01\/image_2026-01-02_16-29-09-300x179.webp 300w, https:\/\/cdn.media-acidadeon.com.br\/ribeiraopreto\/wp-content\/uploads\/sites\/3\/2026\/01\/image_2026-01-02_16-29-09-768x459.webp 768w, https:\/\/cdn.media-acidadeon.com.br\/ribeiraopreto\/wp-content\/uploads\/sites\/3\/2026\/01\/image_2026-01-02_16-29-09-696x416.webp 696w, https:\/\/cdn.media-acidadeon.com.br\/ribeiraopreto\/wp-content\/uploads\/sites\/3\/2026\/01\/image_2026-01-02_16-29-09-1068x639.webp 1068w, https:\/\/cdn.media-acidadeon.com.br\/ribeiraopreto\/wp-content\/uploads\/sites\/3\/2026\/01\/image_2026-01-02_16-29-09.webp 1170w\" sizes=\"(max-width: 1024px) 100vw, 1024px\"\/><figcaption class=\"wp-element-caption\">Foto: Rovena Rosa\/Ag\u00eancia Brasil<\/figcaption><\/figure>\n<\/div>\n<p>A maior varia\u00e7\u00e3o identificada foi de <strong>196,88%<\/strong> em um <strong>apontador de l\u00e1pis com dep\u00f3sito<\/strong>, cujo valor variou de <strong>R$ 3,20 a R$ 9,50<\/strong>. O pre\u00e7o m\u00e9dio do item ficou em <strong>R$ 5,84<\/strong>, evidenciando como a pesquisa de pre\u00e7os pode gerar economia significativa para as fam\u00edlias.<\/p>\n<h3 class=\"wp-block-heading\"><strong>Orienta\u00e7\u00f5es ao consumidor<\/strong><\/h3>\n<p>O Procon orienta que os pais e respons\u00e1veis confiram quais materiais j\u00e1 possuem em casa e avaliem se ainda est\u00e3o em condi\u00e7\u00f5es de uso. A funda\u00e7\u00e3o tamb\u00e9m lembra que <strong>\u00e9 proibida a exig\u00eancia de materiais de uso coletivo pelas escolas<\/strong>, conforme determina a Lei n\u00ba 12.886\/2013. Compras coletivas e trocas de livros did\u00e1ticos entre alunos tamb\u00e9m podem ajudar a reduzir os gastos.<\/p>\n<hr class=\"wp-block-separator has-alpha-channel-opacity\"\/>\n<p>SAIBA MAIS<\/p>\n<p>\u00c1rvore cai e interdita trecho da avenida Francisco Junqueira em Ribeir\u00e3o Preto<\/p>\n<h2 class=\"wp-block-heading\"><strong>FIQUE ON<\/strong><\/h2>\n<p>Fique ligado em tudo que acontece em Ribeir\u00e3o Preto e regi\u00e3o. Siga os perfis do\u00a0<strong>acidade on<\/strong>\u00a0no<a href=\"https:\/\/www.instagram.com\/acidadeonribeirao\" target=\"_blank\" rel=\"noreferrer noopener\">\u00a0Instagram\u00a0<\/a>e no\u00a0<a href=\"https:\/\/www.facebook.com\/acidadeonribeirao\/\" target=\"_blank\" rel=\"noreferrer noopener\">Facebook<\/a>.<\/p>\n<p>Receba not\u00edcias do<strong>\u00a0acidade on<\/strong>\u00a0no WhatsApp. Para entrar no grupo,\u00a0basta\u00a0<a href=\"https:\/\/chat.whatsapp.com\/I4nieTEMKlf50pJ28aMemC?mode=ac_t\" target=\"_blank\" rel=\"noreferrer noopener\">clicar aqui<\/a>. Ou, acesse o nosso\u00a0Canal\u00a0<a href=\"https:\/\/whatsapp.com\/channel\/0029Vb6IQl1JENyAeS57fk2p\" target=\"_blank\" rel=\"noreferrer noopener\">clicando aqui<\/a>.<\/p>\n<p>Fa\u00e7a uma den\u00fancia ou sugira uma reportagem sobre Ribeir\u00e3o Preto e regi\u00e3o pelo WhatsApp: 16 99117 7802.<\/p>\n<p>VEJA TAMB\u00c9M<\/p>\n<p>Por que Danielle saiu do NewJeans?<\/p>\n<p><!-- AI CONTENT END 1 -->\n<\/div>\n<p><script async src=\"\/\/www.instagram.com\/embed.js\"><\/script><br \/>\n<br \/><br \/>\n<br \/><a href=\"https:\/\/www.acidadeon.com\/ribeiraopreto\/economia\/preco-do-material-escolar-tem-variacao-de-ate-196-em-ribeirao-preto\/\">Source link <\/a><\/p>\n<!-- CONTENT END 1 -->\n","protected":false},"excerpt":{"rendered":"<p>Uma pesquisa comparativa de pre\u00e7os de material escolar realizada pelo Procon de S\u00e3o Paulo apontou diferen\u00e7as significativas nos valores praticados no com\u00e9rcio da cidade. O&#8230;<\/p>\n","protected":false},"author":1,"featured_media":81369,"comment_status":"open","ping_status":"open","sticky":false,"template":"","format":"standard","meta":{"advanced_seo_description":"","jetpack_seo_html_title":"","jetpack_seo_noindex":false,"jetpack_post_was_ever_published":false,"_jetpack_newsletter_access":"","_jetpack_dont_email_post_to_subs":false,"_jetpack_newsletter_tier_id":0,"_jetpack_memberships_contains_paywalled_content":false,"_jetpack_memberships_contains_paid_content":false,"footnotes":"","jetpack_publicize_message":"","jetpack_publicize_feature_enabled":true,"jetpack_social_post_already_shared":true,"jetpack_social_options":{"image_generator_settings":{"template":"highway","default_image_id":0,"font":"","enabled":false},"version":2}},"categories":[11],"tags":[],"class_list":["post-81368","post","type-post","status-publish","format-standard","has-post-thumbnail","hentry","category-noticias-de-ribeirao-preto-sp-e-regiao-ismael-colosi"],"jetpack_publicize_connections":[],"jetpack_featured_media_url":"https:\/\/i0.wp.com\/noticiasribeiraopreto.com.br\/wp-content\/uploads\/2026\/01\/rvrsa_abr_15011910457rj-1024x613-1.webp.webp?fit=1024%2C613&ssl=1","jetpack-related-posts":[{"id":27202,"url":"https:\/\/noticiasribeiraopreto.com.br\/index.php\/2024\/01\/11\/precos-de-materiais-escolares-tem-variacoes-de-mais-de-600-em-sites\/","url_meta":{"origin":81368,"position":0},"title":"Pre\u00e7os de materiais escolares t\u00eam varia\u00e7\u00f5es de mais de 600% em sites \u2013 Folha de Ribeir\u00e3o","author":"noticiasribeiraopreto.com.br","date":"11 de January de 2024","format":false,"excerpt":"Levantamento de pre\u00e7os de 157 itens escolares mais procurados neste in\u00edcio de ano, realizado pelo Procon do Estado do Rio de Janeiro (Procon RJ), encontrou varia\u00e7\u00f5es superiores a 600%, em dez\u00a0sites\u00a0pesquisados, entre produtos da mesma marca, como canetas, borrachas, l\u00e1pis, corretivos, entre outros. Como a pesquisa foi realizada entre os\u2026","rel":"","context":"In &quot;Not\u00edcias de Ribeir\u00e3o Preto-SP e Regi\u00e3o&quot;","block_context":{"text":"Not\u00edcias de Ribeir\u00e3o Preto-SP e Regi\u00e3o","link":"https:\/\/noticiasribeiraopreto.com.br\/index.php\/category\/noticias-de-ribeirao-preto-sp-e-regiao-ismael-colosi\/"},"img":{"alt_text":"","src":"","width":0,"height":0},"classes":[]},{"id":62522,"url":"https:\/\/noticiasribeiraopreto.com.br\/index.php\/2025\/01\/16\/saiba-qual-regiao-de-ribeirao-preto-tem-o-kit-basico-de-material-escolar-mais-barato\/","url_meta":{"origin":81368,"position":1},"title":"Saiba qual regi\u00e3o de Ribeir\u00e3o Preto tem o kit b\u00e1sico de material escolar mais barato","author":"noticiasribeiraopreto.com.br","date":"16 de January de 2025","format":false,"excerpt":"A regi\u00e3o Central de Ribeir\u00e3o Preto tem o menor custo do kit b\u00e1sico de material escolar, de acordo com levantamento foi realizado pelo IEMB-Acirp (Instituto de Economia Maur\u00edlio Biagi, da Associa\u00e7\u00e3o Comercial e Industrial de Ribeir\u00e3o Preto). A pesquisa aponta que o pre\u00e7o m\u00e9dio dos 15 itens mais comuns nas\u2026","rel":"","context":"In &quot;Not\u00edcias de Ribeir\u00e3o Preto-SP e Regi\u00e3o&quot;","block_context":{"text":"Not\u00edcias de Ribeir\u00e3o Preto-SP e Regi\u00e3o","link":"https:\/\/noticiasribeiraopreto.com.br\/index.php\/category\/noticias-de-ribeirao-preto-sp-e-regiao-ismael-colosi\/"},"img":{"alt_text":"","src":"https:\/\/i0.wp.com\/noticiasribeiraopreto.com.br\/wp-content\/uploads\/2025\/01\/1280-x-659-header-Foto-Acirp-3-_2025-01-16_18-52-06_jpg_2025-01-16_18-52-06.webp.webp?fit=1200%2C618&ssl=1&resize=350%2C200","width":350,"height":200,"srcset":"https:\/\/i0.wp.com\/noticiasribeiraopreto.com.br\/wp-content\/uploads\/2025\/01\/1280-x-659-header-Foto-Acirp-3-_2025-01-16_18-52-06_jpg_2025-01-16_18-52-06.webp.webp?fit=1200%2C618&ssl=1&resize=350%2C200 1x, https:\/\/i0.wp.com\/noticiasribeiraopreto.com.br\/wp-content\/uploads\/2025\/01\/1280-x-659-header-Foto-Acirp-3-_2025-01-16_18-52-06_jpg_2025-01-16_18-52-06.webp.webp?fit=1200%2C618&ssl=1&resize=525%2C300 1.5x, https:\/\/i0.wp.com\/noticiasribeiraopreto.com.br\/wp-content\/uploads\/2025\/01\/1280-x-659-header-Foto-Acirp-3-_2025-01-16_18-52-06_jpg_2025-01-16_18-52-06.webp.webp?fit=1200%2C618&ssl=1&resize=700%2C400 2x, https:\/\/i0.wp.com\/noticiasribeiraopreto.com.br\/wp-content\/uploads\/2025\/01\/1280-x-659-header-Foto-Acirp-3-_2025-01-16_18-52-06_jpg_2025-01-16_18-52-06.webp.webp?fit=1200%2C618&ssl=1&resize=1050%2C600 3x"},"classes":[]},{"id":21410,"url":"https:\/\/noticiasribeiraopreto.com.br\/index.php\/2023\/12\/27\/precos-dos-combustiveis-variam-ate-21-em-postos-de-ribeirao-preto\/","url_meta":{"origin":81368,"position":2},"title":"Pre\u00e7os dos combust\u00edveis variam at\u00e9 21% em postos de Ribeir\u00e3o Preto","author":"noticiasribeiraopreto.com.br","date":"27 de December de 2023","format":false,"excerpt":"Um levantamento realizado pela Funda\u00e7\u00e3o Procon-SP mostra que os pre\u00e7os dos combust\u00edveis podem variar at\u00e9 21,47% em postos de Ribeir\u00e3o Preto. A principal diferen\u00e7a, de acordo com o estudo, foi observada no pre\u00e7o do litro do diesel S10 \u2013 uma das maiores registradas no Estado de S\u00e3o Paulo. A pesquisa\u2026","rel":"","context":"In &quot;Not\u00edcias de Ribeir\u00e3o Preto-SP e Regi\u00e3o&quot;","block_context":{"text":"Not\u00edcias de Ribeir\u00e3o Preto-SP e Regi\u00e3o","link":"https:\/\/noticiasribeiraopreto.com.br\/index.php\/category\/noticias-de-ribeirao-preto-sp-e-regiao-ismael-colosi\/"},"img":{"alt_text":"","src":"https:\/\/i0.wp.com\/noticiasribeiraopreto.com.br\/wp-content\/uploads\/2023\/12\/1703709688_diesel.jpg?fit=754%2C503&ssl=1&resize=350%2C200","width":350,"height":200,"srcset":"https:\/\/i0.wp.com\/noticiasribeiraopreto.com.br\/wp-content\/uploads\/2023\/12\/1703709688_diesel.jpg?fit=754%2C503&ssl=1&resize=350%2C200 1x, https:\/\/i0.wp.com\/noticiasribeiraopreto.com.br\/wp-content\/uploads\/2023\/12\/1703709688_diesel.jpg?fit=754%2C503&ssl=1&resize=525%2C300 1.5x, https:\/\/i0.wp.com\/noticiasribeiraopreto.com.br\/wp-content\/uploads\/2023\/12\/1703709688_diesel.jpg?fit=754%2C503&ssl=1&resize=700%2C400 2x"},"classes":[]},{"id":83997,"url":"https:\/\/noticiasribeiraopreto.com.br\/index.php\/2026\/03\/30\/precos-de-itens-de-pascoa-variam-ate-133-em-ribeirao-preto-aponta-procon\/","url_meta":{"origin":81368,"position":3},"title":"Pre\u00e7os de itens de P\u00e1scoa variam at\u00e9 133% em Ribeir\u00e3o Preto, aponta Procon","author":"noticiasribeiraopreto.com.br","date":"30 de March de 2026","format":false,"excerpt":"Ler o resumo da not\u00edcia Procon-SP registrou varia\u00e7\u00f5es de at\u00e9 133,78% nos pre\u00e7os de produtos de P\u00e1scoa em Ribeir\u00e3o Preto. Pesquisa analisou 121 itens em 8 estabelecimentos entre os dias 18 e 19 de mar\u00e7o. Batata, ovo de P\u00e1scoa Sonho de Valsa e sardinha apresentaram as maiores oscila\u00e7\u00f5es de pre\u00e7o.\u2026","rel":"","context":"In &quot;Not\u00edcias de Ribeir\u00e3o Preto-SP e Regi\u00e3o&quot;","block_context":{"text":"Not\u00edcias de Ribeir\u00e3o Preto-SP e Regi\u00e3o","link":"https:\/\/noticiasribeiraopreto.com.br\/index.php\/category\/noticias-de-ribeirao-preto-sp-e-regiao-ismael-colosi\/"},"img":{"alt_text":"","src":"https:\/\/i0.wp.com\/noticiasribeiraopreto.com.br\/wp-content\/uploads\/2026\/03\/pascoa_ovos_1024x576_29032021192642_2026-03-30_19-10-06.webp.webp?fit=1024%2C576&ssl=1&resize=350%2C200","width":350,"height":200,"srcset":"https:\/\/i0.wp.com\/noticiasribeiraopreto.com.br\/wp-content\/uploads\/2026\/03\/pascoa_ovos_1024x576_29032021192642_2026-03-30_19-10-06.webp.webp?fit=1024%2C576&ssl=1&resize=350%2C200 1x, https:\/\/i0.wp.com\/noticiasribeiraopreto.com.br\/wp-content\/uploads\/2026\/03\/pascoa_ovos_1024x576_29032021192642_2026-03-30_19-10-06.webp.webp?fit=1024%2C576&ssl=1&resize=525%2C300 1.5x, https:\/\/i0.wp.com\/noticiasribeiraopreto.com.br\/wp-content\/uploads\/2026\/03\/pascoa_ovos_1024x576_29032021192642_2026-03-30_19-10-06.webp.webp?fit=1024%2C576&ssl=1&resize=700%2C400 2x"},"classes":[]},{"id":62519,"url":"https:\/\/noticiasribeiraopreto.com.br\/index.php\/2025\/01\/16\/centro-de-ribeirao-tem-o-kit-basico-de-material-escolar-mais-barato-veja-levantamento\/","url_meta":{"origin":81368,"position":4},"title":"Centro de Ribeir\u00e3o tem o kit b\u00e1sico de material escolar mais barato; Veja levantamento","author":"noticiasribeiraopreto.com.br","date":"16 de January de 2025","format":false,"excerpt":"A regi\u00e3o Central de Ribeir\u00e3o Preto tem o menor custo do kit b\u00e1sico de material escolar, de acordo com levantamento foi realizado pelo IEMB-Acirp (Instituto de Economia Maur\u00edlio Biagi, da Associa\u00e7\u00e3o Comercial e Industrial de Ribeir\u00e3o Preto). A pesquisa aponta que o pre\u00e7o m\u00e9dio dos 15 itens mais comuns nas\u2026","rel":"","context":"In &quot;Not\u00edcias de Ribeir\u00e3o Preto-SP e Regi\u00e3o&quot;","block_context":{"text":"Not\u00edcias de Ribeir\u00e3o Preto-SP e Regi\u00e3o","link":"https:\/\/noticiasribeiraopreto.com.br\/index.php\/category\/noticias-de-ribeirao-preto-sp-e-regiao-ismael-colosi\/"},"img":{"alt_text":"","src":"https:\/\/i0.wp.com\/noticiasribeiraopreto.com.br\/wp-content\/uploads\/2025\/01\/1280-x-659-header-Foto-Acirp-3-_2025-01-16_18-52-06_jpg_2025-01-16_18-52-06.webp.webp?fit=1200%2C618&ssl=1&resize=350%2C200","width":350,"height":200,"srcset":"https:\/\/i0.wp.com\/noticiasribeiraopreto.com.br\/wp-content\/uploads\/2025\/01\/1280-x-659-header-Foto-Acirp-3-_2025-01-16_18-52-06_jpg_2025-01-16_18-52-06.webp.webp?fit=1200%2C618&ssl=1&resize=350%2C200 1x, https:\/\/i0.wp.com\/noticiasribeiraopreto.com.br\/wp-content\/uploads\/2025\/01\/1280-x-659-header-Foto-Acirp-3-_2025-01-16_18-52-06_jpg_2025-01-16_18-52-06.webp.webp?fit=1200%2C618&ssl=1&resize=525%2C300 1.5x, https:\/\/i0.wp.com\/noticiasribeiraopreto.com.br\/wp-content\/uploads\/2025\/01\/1280-x-659-header-Foto-Acirp-3-_2025-01-16_18-52-06_jpg_2025-01-16_18-52-06.webp.webp?fit=1200%2C618&ssl=1&resize=700%2C400 2x, https:\/\/i0.wp.com\/noticiasribeiraopreto.com.br\/wp-content\/uploads\/2025\/01\/1280-x-659-header-Foto-Acirp-3-_2025-01-16_18-52-06_jpg_2025-01-16_18-52-06.webp.webp?fit=1200%2C618&ssl=1&resize=1050%2C600 3x"},"classes":[]},{"id":37674,"url":"https:\/\/noticiasribeiraopreto.com.br\/index.php\/2024\/02\/17\/precos-de-repelentes-tem-aumento-de-quase-16-diz-procon-sp\/","url_meta":{"origin":81368,"position":5},"title":"Pre\u00e7os de repelentes t\u00eam aumento de quase 16%, diz Procon-SP","author":"noticiasribeiraopreto.com.br","date":"17 de February de 2024","format":false,"excerpt":"Um levantamento divulgado na sexta-feira (16) pelo Procon-SP apontou que os pre\u00e7os de repelentes tiveram um aumento de 15,78% em compara\u00e7\u00e3o com dezembro de 2023. A pesquisa foi realizada com o objetivo de contribuir com \u00e0 popula\u00e7\u00e3o para a preven\u00e7\u00e3o de combate \u00e0 dengue. De acordo com o \u00f3rg\u00e3o, o\u2026","rel":"","context":"In &quot;Not\u00edcias de Ribeir\u00e3o Preto-SP e Regi\u00e3o&quot;","block_context":{"text":"Not\u00edcias de Ribeir\u00e3o Preto-SP e Regi\u00e3o","link":"https:\/\/noticiasribeiraopreto.com.br\/index.php\/category\/noticias-de-ribeirao-preto-sp-e-regiao-ismael-colosi\/"},"img":{"alt_text":"","src":"https:\/\/i0.wp.com\/noticiasribeiraopreto.com.br\/wp-content\/uploads\/2024\/02\/mulher-em-close-up-desinfetando-maos_23-2148672882.jpg?fit=1060%2C596&ssl=1&resize=350%2C200","width":350,"height":200,"srcset":"https:\/\/i0.wp.com\/noticiasribeiraopreto.com.br\/wp-content\/uploads\/2024\/02\/mulher-em-close-up-desinfetando-maos_23-2148672882.jpg?fit=1060%2C596&ssl=1&resize=350%2C200 1x, https:\/\/i0.wp.com\/noticiasribeiraopreto.com.br\/wp-content\/uploads\/2024\/02\/mulher-em-close-up-desinfetando-maos_23-2148672882.jpg?fit=1060%2C596&ssl=1&resize=525%2C300 1.5x, https:\/\/i0.wp.com\/noticiasribeiraopreto.com.br\/wp-content\/uploads\/2024\/02\/mulher-em-close-up-desinfetando-maos_23-2148672882.jpg?fit=1060%2C596&ssl=1&resize=700%2C400 2x, https:\/\/i0.wp.com\/noticiasribeiraopreto.com.br\/wp-content\/uploads\/2024\/02\/mulher-em-close-up-desinfetando-maos_23-2148672882.jpg?fit=1060%2C596&ssl=1&resize=1050%2C600 3x"},"classes":[]}],"jetpack_sharing_enabled":true,"jetpack_shortlink":"https:\/\/wp.me\/peQAOb-lao","_links":{"self":[{"href":"https:\/\/noticiasribeiraopreto.com.br\/index.php\/wp-json\/wp\/v2\/posts\/81368","targetHints":{"allow":["GET"]}}],"collection":[{"href":"https:\/\/noticiasribeiraopreto.com.br\/index.php\/wp-json\/wp\/v2\/posts"}],"about":[{"href":"https:\/\/noticiasribeiraopreto.com.br\/index.php\/wp-json\/wp\/v2\/types\/post"}],"author":[{"embeddable":true,"href":"https:\/\/noticiasribeiraopreto.com.br\/index.php\/wp-json\/wp\/v2\/users\/1"}],"replies":[{"embeddable":true,"href":"https:\/\/noticiasribeiraopreto.com.br\/index.php\/wp-json\/wp\/v2\/comments?post=81368"}],"version-history":[{"count":0,"href":"https:\/\/noticiasribeiraopreto.com.br\/index.php\/wp-json\/wp\/v2\/posts\/81368\/revisions"}],"wp:featuredmedia":[{"embeddable":true,"href":"https:\/\/noticiasribeiraopreto.com.br\/index.php\/wp-json\/wp\/v2\/media\/81369"}],"wp:attachment":[{"href":"https:\/\/noticiasribeiraopreto.com.br\/index.php\/wp-json\/wp\/v2\/media?parent=81368"}],"wp:term":[{"taxonomy":"category","embeddable":true,"href":"https:\/\/noticiasribeiraopreto.com.br\/index.php\/wp-json\/wp\/v2\/categories?post=81368"},{"taxonomy":"post_tag","embeddable":true,"href":"https:\/\/noticiasribeiraopreto.com.br\/index.php\/wp-json\/wp\/v2\/tags?post=81368"}],"curies":[{"name":"wp","href":"https:\/\/api.w.org\/{rel}","templated":true}]}}