{"id":81370,"date":"2026-01-03T08:21:32","date_gmt":"2026-01-03T11:21:32","guid":{"rendered":"https:\/\/noticiasribeiraopreto.com.br\/index.php\/2026\/01\/03\/saiba-o-estado-de-saude-de-mae-e-filho-atropelados-em-ribeirao-preto\/"},"modified":"2026-01-03T08:21:32","modified_gmt":"2026-01-03T11:21:32","slug":"saiba-o-estado-de-saude-de-mae-e-filho-atropelados-em-ribeirao-preto","status":"publish","type":"post","link":"https:\/\/noticiasribeiraopreto.com.br\/index.php\/2026\/01\/03\/saiba-o-estado-de-saude-de-mae-e-filho-atropelados-em-ribeirao-preto\/","title":{"rendered":"Saiba o estado de sa\u00fade de m\u00e3e e filho atropelados em Ribeir\u00e3o Preto"},"content":{"rendered":"<div class='code-block code-block-1' style='margin: 8px 0 8px auto; text-align: right; display: block; clear: both;'>\n<p><a href=\"https:\/\/wa.link\/vpicfd\"><img data-recalc-dims=\"1\" class=\"wp-image-4922\" style=\"aspect-ratio: 2.0253164556962027; width: 561px; height: auto;\" src=\"https:\/\/i0.wp.com\/ismaelcolosi.com.br\/wp-content\/uploads\/2023\/11\/grupo-de-empregos-whatsapp-e-facebook-ismael-colosi-vagas.jpg?ssl=1\" alt=\"\" \/><\/a><\/p>\n<!-- \/wp:image -->\n<\/div>\n<p> <br \/>\n<\/p>\n<div data-td-block-uid=\"tdi_95\">\n<div class=\"tdb-block-inner td-fix-index\">\n<p>M\u00e3e e filho atropelados na quinta-feira (1\u00ba) em Bonfim Paulista, distrito de Ribeir\u00e3o Preto, <strong>seguem internados em estado grave<\/strong>. As v\u00edtimas receberam atendimento ap\u00f3s serem atingidas por um carro cujo motorista fugiu sem prestar socorro.<\/p>\n<p>De acordo com o boletim de ocorr\u00eancia, <strong>Eliene de Santana Maia<\/strong>, de 33 anos, e o filho <strong>Guilherme da Silva Maia<\/strong>, de 6, foram encaminhados \u00e0 Unidade de Emerg\u00eancia do Hospital das Cl\u00ednicas (HC-UE).<strong> Eliene sofreu fraturas nas pernas e aguarda cirurgia<\/strong>. J\u00e1 <strong>Guilherme permanece internado no Centro de Terapia Intensiva (CTI) Pedi\u00e1trico<\/strong>.<\/p>\n<h3 class=\"wp-block-heading\"><strong>O atropelamento<\/strong><\/h3>\n<p>C\u00e2meras de seguran\u00e7a registraram o atropelamento na rua Professor Felisberto Almada, no sentido Ribeir\u00e3o Preto. <strong>As imagens mostram o ve\u00edculo saindo da pista e atingindo m\u00e3e e filho pelas costas enquanto caminhavam pelo acostamento<\/strong>. Testemunhas que estavam em um posto de combust\u00edveis relataram \u00e0 pol\u00edcia que alertaram o motorista ap\u00f3s o impacto, mas ele seguiu viagem.<\/p>\n<div class=\"wp-block-image\">\n<figure class=\"aligncenter size-large\"><img data-recalc-dims=\"1\" fetchpriority=\"high\" decoding=\"async\" width=\"1024\" height=\"576\" src=\"https:\/\/i0.wp.com\/cdn.media-acidadeon.com.br\/ribeiraopreto\/wp-content\/uploads\/sites\/3\/2026\/01\/image_2026-01-02_15-48-14-1024x576.webp?resize=1024%2C576&#038;ssl=1\" alt=\"atropela\" class=\"wp-image-140882\" title=\"Saiba o estado de sa\u00fade de m\u00e3e e filho atropelados em Ribeir\u00e3o Preto 1\" srcset=\"https:\/\/cdn.media-acidadeon.com.br\/ribeiraopreto\/wp-content\/uploads\/sites\/3\/2026\/01\/image_2026-01-02_15-48-14-1024x576.webp 1024w, https:\/\/cdn.media-acidadeon.com.br\/ribeiraopreto\/wp-content\/uploads\/sites\/3\/2026\/01\/image_2026-01-02_15-48-14-300x169.webp 300w, https:\/\/cdn.media-acidadeon.com.br\/ribeiraopreto\/wp-content\/uploads\/sites\/3\/2026\/01\/image_2026-01-02_15-48-14-768x432.webp 768w, https:\/\/cdn.media-acidadeon.com.br\/ribeiraopreto\/wp-content\/uploads\/sites\/3\/2026\/01\/image_2026-01-02_15-48-14-696x392.webp 696w, https:\/\/cdn.media-acidadeon.com.br\/ribeiraopreto\/wp-content\/uploads\/sites\/3\/2026\/01\/image_2026-01-02_15-48-14-1068x601.webp 1068w, https:\/\/cdn.media-acidadeon.com.br\/ribeiraopreto\/wp-content\/uploads\/sites\/3\/2026\/01\/image_2026-01-02_15-48-14.webp 1200w\" sizes=\"(max-width: 1024px) 100vw, 1024px\"\/><\/figure>\n<\/div>\n<p>Equipes do Servi\u00e7o de Atendimento M\u00f3vel de Urg\u00eancia (Samu) e da concession\u00e1ria Via Paulista prestaram os primeiros socorros. A per\u00edcia t\u00e9cnica esteve no local para coletar informa\u00e7\u00f5es.<\/p>\n<p>A Pol\u00edcia Civil registrou o caso como les\u00e3o corporal culposa na dire\u00e7\u00e3o de ve\u00edculo automotor e fuga do local do acidente. <strong>Den\u00fancias que ajudem a identificar o motorista podem ser feitas pelos telefones 190, da Pol\u00edcia Militar, ou 181, do Disque-Den\u00fancia.<\/strong><\/p>\n<hr class=\"wp-block-separator has-alpha-channel-opacity\"\/>\n<p>SAIBA MAIS<\/p>\n<p>\u00c1rvore cai e interdita trecho da avenida Francisco Junqueira em Ribeir\u00e3o Preto<\/p>\n<h2 class=\"wp-block-heading\"><strong>FIQUE ON<\/strong><\/h2>\n<p>Fique ligado em tudo que acontece em Ribeir\u00e3o Preto e regi\u00e3o. Siga os perfis do\u00a0<strong>acidade on<\/strong>\u00a0no<a href=\"https:\/\/www.instagram.com\/acidadeonribeirao\" target=\"_blank\" rel=\"noreferrer noopener\">\u00a0Instagram\u00a0<\/a>e no\u00a0<a href=\"https:\/\/www.facebook.com\/acidadeonribeirao\/\" target=\"_blank\" rel=\"noreferrer noopener\">Facebook<\/a>.<\/p>\n<p>Receba not\u00edcias do<strong>\u00a0acidade on<\/strong>\u00a0no WhatsApp. Para entrar no grupo,\u00a0basta\u00a0<a href=\"https:\/\/chat.whatsapp.com\/I4nieTEMKlf50pJ28aMemC?mode=ac_t\" target=\"_blank\" rel=\"noreferrer noopener\">clicar aqui<\/a>. Ou, acesse o nosso\u00a0Canal\u00a0<a href=\"https:\/\/whatsapp.com\/channel\/0029Vb6IQl1JENyAeS57fk2p\" target=\"_blank\" rel=\"noreferrer noopener\">clicando aqui<\/a>.<\/p>\n<p>Fa\u00e7a uma den\u00fancia ou sugira uma reportagem sobre Ribeir\u00e3o Preto e regi\u00e3o pelo WhatsApp: 16 99117 7802.<\/p>\n<p>VEJA TAMB\u00c9M<\/p>\n<p>Por que Danielle saiu do NewJeans?<\/p>\n<p><!-- AI CONTENT END 1 -->\n<\/div>\n<\/div>\n<p><script async src=\"\/\/www.instagram.com\/embed.js\"><\/script><br \/>\n<br \/><br \/>\n<br \/><a href=\"https:\/\/www.acidadeon.com\/ribeiraopreto\/cotidiano\/saiba-o-estado-de-saude-de-mae-e-filho-atropelados-em-ribeirao-preto\/\">Source link <\/a><\/p>\n<!-- CONTENT END 1 -->\n","protected":false},"excerpt":{"rendered":"<p>M\u00e3e e filho atropelados na quinta-feira (1\u00ba) em Bonfim Paulista, distrito de Ribeir\u00e3o Preto, seguem internados em estado grave. As v\u00edtimas receberam atendimento ap\u00f3s serem&#8230;<\/p>\n","protected":false},"author":1,"featured_media":81356,"comment_status":"open","ping_status":"open","sticky":false,"template":"","format":"standard","meta":{"advanced_seo_description":"","jetpack_seo_html_title":"","jetpack_seo_noindex":false,"jetpack_post_was_ever_published":false,"_jetpack_newsletter_access":"","_jetpack_dont_email_post_to_subs":false,"_jetpack_newsletter_tier_id":0,"_jetpack_memberships_contains_paywalled_content":false,"_jetpack_memberships_contains_paid_content":false,"footnotes":"","jetpack_publicize_message":"","jetpack_publicize_feature_enabled":true,"jetpack_social_post_already_shared":true,"jetpack_social_options":{"image_generator_settings":{"template":"highway","default_image_id":0,"font":"","enabled":false},"version":2}},"categories":[11],"tags":[],"class_list":["post-81370","post","type-post","status-publish","format-standard","has-post-thumbnail","hentry","category-noticias-de-ribeirao-preto-sp-e-regiao-ismael-colosi"],"jetpack_publicize_connections":[],"jetpack_featured_media_url":"https:\/\/i0.wp.com\/noticiasribeiraopreto.com.br\/wp-content\/uploads\/2026\/01\/image_2026-01-02_15-42-11.webp.webp?fit=984%2C549&ssl=1","jetpack-related-posts":[{"id":81355,"url":"https:\/\/noticiasribeiraopreto.com.br\/index.php\/2026\/01\/03\/motorista-que-atropelou-mae-e-filho-se-entrega-a-policia-em-ribeirao-preto\/","url_meta":{"origin":81370,"position":0},"title":"Motorista que atropelou m\u00e3e e filho se entrega \u00e0 pol\u00edcia em Ribeir\u00e3o Preto","author":"noticiasribeiraopreto.com.br","date":"3 de January de 2026","format":false,"excerpt":"O motorista que atropelou uma mulher e seu filho em Bonfim Paulista, distrito de Ribeir\u00e3o Preto, se entregou \u00e0 pol\u00edcia na noite desta sexta-feira (2). De acordo com a Pol\u00edcia Civil, ele chegou \u00e0 Central de Pol\u00edcia Judici\u00e1ria (CPJ) acompanhado de sua advogada. Ap\u00f3s prestar depoimento, o motorista foi liberado.\u2026","rel":"","context":"In &quot;Not\u00edcias de Ribeir\u00e3o Preto-SP e Regi\u00e3o&quot;","block_context":{"text":"Not\u00edcias de Ribeir\u00e3o Preto-SP e Regi\u00e3o","link":"https:\/\/noticiasribeiraopreto.com.br\/index.php\/category\/noticias-de-ribeirao-preto-sp-e-regiao-ismael-colosi\/"},"img":{"alt_text":"","src":"https:\/\/i0.wp.com\/noticiasribeiraopreto.com.br\/wp-content\/uploads\/2026\/01\/image_2026-01-02_15-42-11.webp.webp?fit=984%2C549&ssl=1&resize=350%2C200","width":350,"height":200,"srcset":"https:\/\/i0.wp.com\/noticiasribeiraopreto.com.br\/wp-content\/uploads\/2026\/01\/image_2026-01-02_15-42-11.webp.webp?fit=984%2C549&ssl=1&resize=350%2C200 1x, https:\/\/i0.wp.com\/noticiasribeiraopreto.com.br\/wp-content\/uploads\/2026\/01\/image_2026-01-02_15-42-11.webp.webp?fit=984%2C549&ssl=1&resize=525%2C300 1.5x, https:\/\/i0.wp.com\/noticiasribeiraopreto.com.br\/wp-content\/uploads\/2026\/01\/image_2026-01-02_15-42-11.webp.webp?fit=984%2C549&ssl=1&resize=700%2C400 2x"},"classes":[]},{"id":81360,"url":"https:\/\/noticiasribeiraopreto.com.br\/index.php\/2026\/01\/03\/carro-envolvido-em-atropelamento-de-mae-e-filho-e-identificado-em-ribeirao-preto\/","url_meta":{"origin":81370,"position":1},"title":"Carro envolvido em atropelamento de m\u00e3e e filho \u00e9 identificado em Ribeir\u00e3o Preto","author":"noticiasribeiraopreto.com.br","date":"3 de January de 2026","format":false,"excerpt":"A GCM (Guarda Civil Metropolitana) informou nesta sexta-feira (2) que identificou o carro envolvido no atropelamento de uma mulher o e filho dela em Bonfim Paulista, distrito na zona Sul de Ribeir\u00e3o Preto. As v\u00edtimas, Eliene de Santana Maia, de 33 anos, e Guilherme da Silva Maia, 6 anos, seguem\u2026","rel":"","context":"In &quot;Not\u00edcias de Ribeir\u00e3o Preto-SP e Regi\u00e3o&quot;","block_context":{"text":"Not\u00edcias de Ribeir\u00e3o Preto-SP e Regi\u00e3o","link":"https:\/\/noticiasribeiraopreto.com.br\/index.php\/category\/noticias-de-ribeirao-preto-sp-e-regiao-ismael-colosi\/"},"img":{"alt_text":"","src":"https:\/\/i0.wp.com\/noticiasribeiraopreto.com.br\/wp-content\/uploads\/2026\/01\/CARRO_2026-01-02_18-15-21.webp.webp?fit=1200%2C702&ssl=1&resize=350%2C200","width":350,"height":200,"srcset":"https:\/\/i0.wp.com\/noticiasribeiraopreto.com.br\/wp-content\/uploads\/2026\/01\/CARRO_2026-01-02_18-15-21.webp.webp?fit=1200%2C702&ssl=1&resize=350%2C200 1x, https:\/\/i0.wp.com\/noticiasribeiraopreto.com.br\/wp-content\/uploads\/2026\/01\/CARRO_2026-01-02_18-15-21.webp.webp?fit=1200%2C702&ssl=1&resize=525%2C300 1.5x, https:\/\/i0.wp.com\/noticiasribeiraopreto.com.br\/wp-content\/uploads\/2026\/01\/CARRO_2026-01-02_18-15-21.webp.webp?fit=1200%2C702&ssl=1&resize=700%2C400 2x, https:\/\/i0.wp.com\/noticiasribeiraopreto.com.br\/wp-content\/uploads\/2026\/01\/CARRO_2026-01-02_18-15-21.webp.webp?fit=1200%2C702&ssl=1&resize=1050%2C600 3x"},"classes":[]},{"id":81409,"url":"https:\/\/noticiasribeiraopreto.com.br\/index.php\/2026\/01\/05\/morre-crianca-de-6-anos-que-foi-atropelada-junto-com-a-mae-em-ribeirao-preto\/","url_meta":{"origin":81370,"position":2},"title":"Morre crian\u00e7a de 6 anos que foi atropelada junto com a m\u00e3e em Ribeir\u00e3o Preto","author":"noticiasribeiraopreto.com.br","date":"5 de January de 2026","format":false,"excerpt":"A crian\u00e7a atropelada junto com a m\u00e3e na manh\u00e3 de quinta-feira (1\u00ba), na rua Professor Felisberto Almada, em Bonfim Paulista, distrito de Ribeir\u00e3o Preto, morreu na madrugada deste domingo (4). O acidente ocorreu no sentido bairro\u2013Centro e foi registrado por c\u00e2meras de seguran\u00e7a. Segundo o boletim de ocorr\u00eancia, Eliene de\u2026","rel":"","context":"In &quot;Not\u00edcias de Ribeir\u00e3o Preto-SP e Regi\u00e3o&quot;","block_context":{"text":"Not\u00edcias de Ribeir\u00e3o Preto-SP e Regi\u00e3o","link":"https:\/\/noticiasribeiraopreto.com.br\/index.php\/category\/noticias-de-ribeirao-preto-sp-e-regiao-ismael-colosi\/"},"img":{"alt_text":"","src":"https:\/\/i0.wp.com\/noticiasribeiraopreto.com.br\/wp-content\/uploads\/2026\/01\/image_2026-01-02_15-42-11.webp.webp?fit=984%2C549&ssl=1&resize=350%2C200","width":350,"height":200,"srcset":"https:\/\/i0.wp.com\/noticiasribeiraopreto.com.br\/wp-content\/uploads\/2026\/01\/image_2026-01-02_15-42-11.webp.webp?fit=984%2C549&ssl=1&resize=350%2C200 1x, https:\/\/i0.wp.com\/noticiasribeiraopreto.com.br\/wp-content\/uploads\/2026\/01\/image_2026-01-02_15-42-11.webp.webp?fit=984%2C549&ssl=1&resize=525%2C300 1.5x, https:\/\/i0.wp.com\/noticiasribeiraopreto.com.br\/wp-content\/uploads\/2026\/01\/image_2026-01-02_15-42-11.webp.webp?fit=984%2C549&ssl=1&resize=700%2C400 2x"},"classes":[]},{"id":81347,"url":"https:\/\/noticiasribeiraopreto.com.br\/index.php\/2026\/01\/02\/carro-supostamente-envolvido-em-atropelamento-de-mae-e-filho-em-bonfim-e-apreendido\/","url_meta":{"origin":81370,"position":3},"title":"Carro supostamente envolvido em atropelamento de m\u00e3e e filho em Bonfim \u00e9 apreendido","author":"noticiasribeiraopreto.com.br","date":"2 de January de 2026","format":false,"excerpt":"\r \r \r 2 de janeiro de 2026 13:592 de janeiro de 2026 14:01 \r Compartilhar0 Pol\u00edcia Militar localizou ve\u00edculo nesta sexta-feira (2) em uma estrada de terra no bairro Recreio Internacional em Ribeir\u00e3o Preto Um carro abandonado em uma estrada de terra no bairro Recreio Internacional, na zona Leste\u2026","rel":"","context":"In &quot;Not\u00edcias de Ribeir\u00e3o Preto-SP e Regi\u00e3o&quot;","block_context":{"text":"Not\u00edcias de Ribeir\u00e3o Preto-SP e Regi\u00e3o","link":"https:\/\/noticiasribeiraopreto.com.br\/index.php\/category\/noticias-de-ribeirao-preto-sp-e-regiao-ismael-colosi\/"},"img":{"alt_text":"","src":"https:\/\/i0.wp.com\/noticiasribeiraopreto.com.br\/wp-content\/uploads\/2026\/01\/1000204232-scaled.jpg?fit=1200%2C554&ssl=1&resize=350%2C200","width":350,"height":200,"srcset":"https:\/\/i0.wp.com\/noticiasribeiraopreto.com.br\/wp-content\/uploads\/2026\/01\/1000204232-scaled.jpg?fit=1200%2C554&ssl=1&resize=350%2C200 1x, https:\/\/i0.wp.com\/noticiasribeiraopreto.com.br\/wp-content\/uploads\/2026\/01\/1000204232-scaled.jpg?fit=1200%2C554&ssl=1&resize=525%2C300 1.5x, https:\/\/i0.wp.com\/noticiasribeiraopreto.com.br\/wp-content\/uploads\/2026\/01\/1000204232-scaled.jpg?fit=1200%2C554&ssl=1&resize=700%2C400 2x, https:\/\/i0.wp.com\/noticiasribeiraopreto.com.br\/wp-content\/uploads\/2026\/01\/1000204232-scaled.jpg?fit=1200%2C554&ssl=1&resize=1050%2C600 3x"},"classes":[]},{"id":81418,"url":"https:\/\/noticiasribeiraopreto.com.br\/index.php\/2026\/01\/05\/menino-atropelado-dia-1o-e-sepultado-em-bonfim-paulista\/","url_meta":{"origin":81370,"position":4},"title":"Menino atropelado dia 1\u00ba \u00e9 sepultado em Bonfim Paulista","author":"noticiasribeiraopreto.com.br","date":"5 de January de 2026","format":false,"excerpt":"Por: Adalberto Luque Guilherme da Silva Maia, de 6 anos, foi sepultado na manh\u00e3 desta segunda-feira (5), no Cemit\u00e9rio de Bonfim Paulista, zona Sul de Ribeir\u00e3o Preto. Ele e a m\u00e3e, Eliene de Santana Maia, de 33 anos, foram atropelados na manh\u00e3 de quinta-feira (1\u00ba de janeiro). Guilherme e sua\u2026","rel":"","context":"In &quot;Not\u00edcias de Ribeir\u00e3o Preto-SP e Regi\u00e3o&quot;","block_context":{"text":"Not\u00edcias de Ribeir\u00e3o Preto-SP e Regi\u00e3o","link":"https:\/\/noticiasribeiraopreto.com.br\/index.php\/category\/noticias-de-ribeirao-preto-sp-e-regiao-ismael-colosi\/"},"img":{"alt_text":"","src":"https:\/\/i0.wp.com\/noticiasribeiraopreto.com.br\/wp-content\/uploads\/2026\/01\/05-jan-2026-meninoatropelado0-scaled.jpg?fit=1170%2C780&ssl=1&resize=350%2C200","width":350,"height":200,"srcset":"https:\/\/i0.wp.com\/noticiasribeiraopreto.com.br\/wp-content\/uploads\/2026\/01\/05-jan-2026-meninoatropelado0-scaled.jpg?fit=1170%2C780&ssl=1&resize=350%2C200 1x, https:\/\/i0.wp.com\/noticiasribeiraopreto.com.br\/wp-content\/uploads\/2026\/01\/05-jan-2026-meninoatropelado0-scaled.jpg?fit=1170%2C780&ssl=1&resize=525%2C300 1.5x, https:\/\/i0.wp.com\/noticiasribeiraopreto.com.br\/wp-content\/uploads\/2026\/01\/05-jan-2026-meninoatropelado0-scaled.jpg?fit=1170%2C780&ssl=1&resize=700%2C400 2x, https:\/\/i0.wp.com\/noticiasribeiraopreto.com.br\/wp-content\/uploads\/2026\/01\/05-jan-2026-meninoatropelado0-scaled.jpg?fit=1170%2C780&ssl=1&resize=1050%2C600 3x"},"classes":[]},{"id":81453,"url":"https:\/\/noticiasribeiraopreto.com.br\/index.php\/2026\/01\/06\/pai-de-menino-morto-apos-atropelamento-presta-depoimento\/","url_meta":{"origin":81370,"position":5},"title":"Pai de menino morto ap\u00f3s atropelamento presta depoimento","author":"noticiasribeiraopreto.com.br","date":"6 de January de 2026","format":false,"excerpt":"Por: Alfredo Risk e Adalberto Luque Albertino da Silva Filho, pai de Guilherme da Silva Maia, de 6 anos, que morreu ap\u00f3s ser atropelado no dia 1\u00ba de janeiro, foi ouvido pelo delegado que investiga o caso na manh\u00e3 desta ter\u00e7a-feira (6). O depoimento de Albertino foi colhido na Central\u2026","rel":"","context":"In &quot;Not\u00edcias de Ribeir\u00e3o Preto-SP e Regi\u00e3o&quot;","block_context":{"text":"Not\u00edcias de Ribeir\u00e3o Preto-SP e Regi\u00e3o","link":"https:\/\/noticiasribeiraopreto.com.br\/index.php\/category\/noticias-de-ribeirao-preto-sp-e-regiao-ismael-colosi\/"},"img":{"alt_text":"","src":"https:\/\/i0.wp.com\/noticiasribeiraopreto.com.br\/wp-content\/uploads\/2026\/01\/06-jan-2026-paitestemunhas-scaled.jpg?fit=1170%2C780&ssl=1&resize=350%2C200","width":350,"height":200,"srcset":"https:\/\/i0.wp.com\/noticiasribeiraopreto.com.br\/wp-content\/uploads\/2026\/01\/06-jan-2026-paitestemunhas-scaled.jpg?fit=1170%2C780&ssl=1&resize=350%2C200 1x, https:\/\/i0.wp.com\/noticiasribeiraopreto.com.br\/wp-content\/uploads\/2026\/01\/06-jan-2026-paitestemunhas-scaled.jpg?fit=1170%2C780&ssl=1&resize=525%2C300 1.5x, https:\/\/i0.wp.com\/noticiasribeiraopreto.com.br\/wp-content\/uploads\/2026\/01\/06-jan-2026-paitestemunhas-scaled.jpg?fit=1170%2C780&ssl=1&resize=700%2C400 2x, https:\/\/i0.wp.com\/noticiasribeiraopreto.com.br\/wp-content\/uploads\/2026\/01\/06-jan-2026-paitestemunhas-scaled.jpg?fit=1170%2C780&ssl=1&resize=1050%2C600 3x"},"classes":[]}],"jetpack_sharing_enabled":true,"jetpack_shortlink":"https:\/\/wp.me\/peQAOb-laq","_links":{"self":[{"href":"https:\/\/noticiasribeiraopreto.com.br\/index.php\/wp-json\/wp\/v2\/posts\/81370","targetHints":{"allow":["GET"]}}],"collection":[{"href":"https:\/\/noticiasribeiraopreto.com.br\/index.php\/wp-json\/wp\/v2\/posts"}],"about":[{"href":"https:\/\/noticiasribeiraopreto.com.br\/index.php\/wp-json\/wp\/v2\/types\/post"}],"author":[{"embeddable":true,"href":"https:\/\/noticiasribeiraopreto.com.br\/index.php\/wp-json\/wp\/v2\/users\/1"}],"replies":[{"embeddable":true,"href":"https:\/\/noticiasribeiraopreto.com.br\/index.php\/wp-json\/wp\/v2\/comments?post=81370"}],"version-history":[{"count":0,"href":"https:\/\/noticiasribeiraopreto.com.br\/index.php\/wp-json\/wp\/v2\/posts\/81370\/revisions"}],"wp:featuredmedia":[{"embeddable":true,"href":"https:\/\/noticiasribeiraopreto.com.br\/index.php\/wp-json\/wp\/v2\/media\/81356"}],"wp:attachment":[{"href":"https:\/\/noticiasribeiraopreto.com.br\/index.php\/wp-json\/wp\/v2\/media?parent=81370"}],"wp:term":[{"taxonomy":"category","embeddable":true,"href":"https:\/\/noticiasribeiraopreto.com.br\/index.php\/wp-json\/wp\/v2\/categories?post=81370"},{"taxonomy":"post_tag","embeddable":true,"href":"https:\/\/noticiasribeiraopreto.com.br\/index.php\/wp-json\/wp\/v2\/tags?post=81370"}],"curies":[{"name":"wp","href":"https:\/\/api.w.org\/{rel}","templated":true}]}}