{"id":81373,"date":"2026-01-03T11:58:00","date_gmt":"2026-01-03T14:58:00","guid":{"rendered":"https:\/\/noticiasribeiraopreto.com.br\/index.php\/2026\/01\/03\/cao-morre-apos-se-assustar-com-fogos-de-artificio-na-virada-do-ano-em-guaira\/"},"modified":"2026-01-03T11:58:00","modified_gmt":"2026-01-03T14:58:00","slug":"cao-morre-apos-se-assustar-com-fogos-de-artificio-na-virada-do-ano-em-guaira","status":"publish","type":"post","link":"https:\/\/noticiasribeiraopreto.com.br\/index.php\/2026\/01\/03\/cao-morre-apos-se-assustar-com-fogos-de-artificio-na-virada-do-ano-em-guaira\/","title":{"rendered":"C\u00e3o morre ap\u00f3s se assustar com fogos de artif\u00edcio na virada do ano em Gua\u00edra"},"content":{"rendered":"<div class='code-block code-block-1' style='margin: 8px 0 8px auto; text-align: right; display: block; clear: both;'>\n<p><a href=\"https:\/\/wa.link\/vpicfd\"><img data-recalc-dims=\"1\" class=\"wp-image-4922\" style=\"aspect-ratio: 2.0253164556962027; width: 561px; height: auto;\" src=\"https:\/\/i0.wp.com\/ismaelcolosi.com.br\/wp-content\/uploads\/2023\/11\/grupo-de-empregos-whatsapp-e-facebook-ismael-colosi-vagas.jpg?ssl=1\" alt=\"\" \/><\/a><\/p>\n<!-- \/wp:image -->\n<\/div>\n<p> <br \/>\n<\/p>\n<div id=\"\">&#13;<br \/>\n\t\t\t\t\t\t\t\t&#13;<\/p>\n<p>&#13;<br \/>\n\t\t\t\t\t\t\t\t\t<span class=\"entry-meta-item penci-posted-on\"><i class=\"fa fa-clock-o\"\/><time class=\"entry-date published\" datetime=\"2026-01-03T11:55:45-03:00\">3 de janeiro de 2026 11:55<\/time><time class=\"updated\" datetime=\"2026-01-03T11:36:14-03:00\">3 de janeiro de 2026 11:36<\/time><\/span><span class=\"entry-meta-item penci-post-countview\"\/>\t\t\t\t\t\t\t\t<\/p>\n<p><!-- .entry-meta -->&#13;<br \/>\n\t\t\t\t\t\t\t\t<span class=\"penci-social-buttons penci-social-share-footer\"><span class=\"penci-social-share-text\">Compartilhar<\/span><a href=\"#\" class=\"penci-post-like penci_post-meta_item  single-like-button penci-social-item like\" data-post_id=\"450971\" title=\"Like\" data-like=\"Like\" data-unlike=\"Unlike\"><i class=\"fa fa-thumbs-o-up\"\/><span class=\"penci-share-number\">0<\/span><\/a><i class=\"fa fa-facebook\"\/><a class=\"penci-social-item twitter\" target=\"_blank\" rel=\"noopener\" title=\"\" href=\"https:\/\/twitter.com\/intent\/tweet?text=C\u00e3o%20morre%20ap\u00f3s%20se%20assustar%20com%20fogos%20de%20artif\u00edcio%20na%20virada%20do%20ano%20em%20Gua\u00edra%20-%20https:\/\/www.tribunaribeirao.com.br\/cao-morre-apos-se-assustar-com-fogos-de-artificio-na-virada-do-ano-em-guaira\/\"><i class=\"fa fa-twitter\"\/><\/a><i class=\"fa fa-linkedin\"\/><i class=\"fa fa-whatsapp\"\/><i class=\"fa fa-telegram\"\/><i class=\"fa fa-envelope\"\/><\/span>\t\t\t\t\t\t\t<\/div>\n<div>\n<p>Um c\u00e3o da ra\u00e7a husky siberiano morreu, na \u00faltima quinta-feira (1\u00ba), depois de se assustar com fogos de artif\u00edcio da virada do ano e se machucar gravemente em Gua\u00edra. Segundo o empres\u00e1rio e tutor do animal, Leandro Maringolo Lelis, mais uma vez os fogos assustaram o cachorro, mas dessa vez ele se feriu gravemente ao tentar escapar pelo port\u00e3o da resid\u00eancia e perdeu muito sangue.<\/p>\n<p>Um m\u00e9dico veterin\u00e1rio foi chamado, mas o c\u00e3o teve uma parada card\u00edaca e n\u00e3o resistiu. O empres\u00e1rio disse tamb\u00e9m que os fogos com estampido come\u00e7aram por volta das 20h30 e n\u00e3o foram soltos pela Prefeitura, mas sim por outros moradores da cidade. Leandro pede mais fiscaliza\u00e7\u00e3o das autoridades.<\/p>\n<p>\u201cVim fazer um relato a respeito dos fogos de artif\u00edcio que mais uma vez fizeram uma v\u00edtima: meu amigo Tony de 3 anos. Pedi pras autoridades que cumpram as leis. N\u00e3o s\u00f3 fa\u00e7am elas e deixam a Deus dar\u00e1. O intuito n\u00e3o \u00e9 prejudicar ningu\u00e9m. O intuito \u00e9 cumprir a lei pra que mais Tonys n\u00e3o se v\u00e3o\u201d, lamenta o empres\u00e1rio.<\/p>\n<p>Ainda de acordo com o tutor, Tony era considerado manso e d\u00f3cil, tinha 3 anos e era um companheiro de caminhadas. Durante o Natal, o cachorro j\u00e1 havia se assustado com os fogos e, ao tentar fugir, ficou preso na grade do port\u00e3o.<\/p>\n<p>A lei estadual 17.389\/2021 pro\u00edbe o uso de fogos de artif\u00edcio com estampido em todo o estado de S\u00e3o Paulo. A legisla\u00e7\u00e3o tamb\u00e9m pro\u00edbe a comercializa\u00e7\u00e3o, o armazenamento e o transporte desse tipo de artefato em qualquer \u00e9poca do ano. A proibi\u00e7\u00e3o vale tanto para recintos fechados quanto para ambientes abertos, em \u00e1reas p\u00fablicas ou privadas.<\/p>\n<figure id=\"attachment_450974\" aria-describedby=\"caption-attachment-450974\" style=\"width: 169px\" class=\"wp-caption alignnone\"><img data-recalc-dims=\"1\" loading=\"lazy\" decoding=\"async\" class=\"size-medium wp-image-450974 lazyload\" src=\"https:\/\/i0.wp.com\/www.tribunaribeirao.com.br\/wp-content\/uploads\/2026\/01\/WhatsApp-Image-2026-01-03-at-11.19.52-1-169x300.jpeg?resize=169%2C300&#038;ssl=1\" alt=\"\" width=\"169\" height=\"300\" srcset=\"https:\/\/www.tribunaribeirao.com.br\/wp-content\/uploads\/2026\/01\/WhatsApp-Image-2026-01-03-at-11.19.52-1-169x300.jpeg 169w, https:\/\/www.tribunaribeirao.com.br\/wp-content\/uploads\/2026\/01\/WhatsApp-Image-2026-01-03-at-11.19.52-1-577x1024.jpeg 577w, https:\/\/www.tribunaribeirao.com.br\/wp-content\/uploads\/2026\/01\/WhatsApp-Image-2026-01-03-at-11.19.52-1-225x400.jpeg 225w, https:\/\/www.tribunaribeirao.com.br\/wp-content\/uploads\/2026\/01\/WhatsApp-Image-2026-01-03-at-11.19.52-1-585x1039.jpeg 585w, https:\/\/www.tribunaribeirao.com.br\/wp-content\/uploads\/2026\/01\/WhatsApp-Image-2026-01-03-at-11.19.52-1-scaled.jpeg 439w\" data-sizes=\"(max-width: 169px) 100vw, 169px\" style=\"--smush-placeholder-width: 169px; --smush-placeholder-aspect-ratio: 169\/300;\"\/><figcaption id=\"caption-attachment-450974\" class=\"wp-caption-text\">Husky siberiano era companheiro de caminhada de Leandro Maringolo Lelis | Arquivo pessoal<\/figcaption><\/figure>\n<p>A queima de fogos com barulho, principalmente para os cachorros, pode representar um grande risco, j\u00e1 que eles t\u00eam uma capacidade auditiva muito maior do que os humanos, seja na dist\u00e2ncia, seja na frequ\u00eancia dos sons.<\/p>\n<\/div>\n<p><script async src=\"\/\/platform.twitter.com\/widgets.js\" charset=\"utf-8\"><\/script><br \/>\n<br \/><br \/>\n<br \/><a href=\"https:\/\/www.tribunaribeirao.com.br\/cao-morre-apos-se-assustar-com-fogos-de-artificio-na-virada-do-ano-em-guaira\/\">Source link <\/a><\/p>\n<!-- CONTENT END 1 -->\n","protected":false},"excerpt":{"rendered":"<p>&#13; &#13; &#13; 3 de janeiro de 2026 11:553 de janeiro de 2026 11:36 &#13; Compartilhar0 Um c\u00e3o da ra\u00e7a husky siberiano morreu, na \u00faltima&#8230;<\/p>\n","protected":false},"author":1,"featured_media":81374,"comment_status":"open","ping_status":"open","sticky":false,"template":"","format":"standard","meta":{"advanced_seo_description":"","jetpack_seo_html_title":"","jetpack_seo_noindex":false,"jetpack_post_was_ever_published":false,"_jetpack_newsletter_access":"","_jetpack_dont_email_post_to_subs":false,"_jetpack_newsletter_tier_id":0,"_jetpack_memberships_contains_paywalled_content":false,"_jetpack_memberships_contains_paid_content":false,"footnotes":"","jetpack_publicize_message":"","jetpack_publicize_feature_enabled":true,"jetpack_social_post_already_shared":true,"jetpack_social_options":{"image_generator_settings":{"template":"highway","default_image_id":0,"font":"","enabled":false},"version":2}},"categories":[11],"tags":[],"class_list":["post-81373","post","type-post","status-publish","format-standard","has-post-thumbnail","hentry","category-noticias-de-ribeirao-preto-sp-e-regiao-ismael-colosi"],"jetpack_publicize_connections":[],"jetpack_featured_media_url":"https:\/\/i0.wp.com\/noticiasribeiraopreto.com.br\/wp-content\/uploads\/2026\/01\/WhatsApp-Image-2026-01-03-at-11.19.52.jpeg?fit=688%2C387&ssl=1","jetpack-related-posts":[{"id":81426,"url":"https:\/\/noticiasribeiraopreto.com.br\/index.php\/2026\/01\/05\/prefeitura-de-ribeirao-preto-divulga-calendario-do-iptu-2026\/","url_meta":{"origin":81373,"position":0},"title":"Prefeitura de Ribeir\u00e3o Preto divulga calend\u00e1rio do IPTU 2026","author":"noticiasribeiraopreto.com.br","date":"5 de January de 2026","format":false,"excerpt":"\r \r \r 5 de janeiro de 2026 18:02 \r Compartilhar0 Carn\u00eas come\u00e7am a ser entregues nesta segunda, dia 5; imposto tamb\u00e9m est\u00e1 dispon\u00edvel para consulta online A Prefeitura de Ribeir\u00e3o Preto, por meio da Secretaria da Fazenda divulgou as informa\u00e7\u00f5es referentes ao pagamento do Imposto Predial e Territorial Urbano\u2026","rel":"","context":"In &quot;Not\u00edcias de Ribeir\u00e3o Preto-SP e Regi\u00e3o&quot;","block_context":{"text":"Not\u00edcias de Ribeir\u00e3o Preto-SP e Regi\u00e3o","link":"https:\/\/noticiasribeiraopreto.com.br\/index.php\/category\/noticias-de-ribeirao-preto-sp-e-regiao-ismael-colosi\/"},"img":{"alt_text":"","src":"https:\/\/i0.wp.com\/noticiasribeiraopreto.com.br\/wp-content\/uploads\/2026\/01\/iptu.jpg?fit=700%2C450&ssl=1&resize=350%2C200","width":350,"height":200,"srcset":"https:\/\/i0.wp.com\/noticiasribeiraopreto.com.br\/wp-content\/uploads\/2026\/01\/iptu.jpg?fit=700%2C450&ssl=1&resize=350%2C200 1x, https:\/\/i0.wp.com\/noticiasribeiraopreto.com.br\/wp-content\/uploads\/2026\/01\/iptu.jpg?fit=700%2C450&ssl=1&resize=525%2C300 1.5x, https:\/\/i0.wp.com\/noticiasribeiraopreto.com.br\/wp-content\/uploads\/2026\/01\/iptu.jpg?fit=700%2C450&ssl=1&resize=700%2C400 2x"},"classes":[]},{"id":81581,"url":"https:\/\/noticiasribeiraopreto.com.br\/index.php\/2026\/01\/10\/final-de-semana-em-ribeirao-tem-musica-esporte-teatro-e-atividades-gratuitas-confira-a-agenda\/","url_meta":{"origin":81373,"position":1},"title":"Final de semana em Ribeir\u00e3o tem m\u00fasica, esporte, teatro e atividades gratuitas; Confira a agenda","author":"noticiasribeiraopreto.com.br","date":"10 de January de 2026","format":false,"excerpt":"A agenda cultural de Ribeir\u00e3o Preto e regi\u00e3o traz neste fim de semana destaques em esporte, teatro e conta\u00e7\u00e3o de hist\u00f3ria. A programa\u00e7\u00e3o re\u00fane op\u00e7\u00f5es para diferentes p\u00fablicos e marca a retomada dos eventos na cidade ap\u00f3s o per\u00edodo de festas. Confira as op\u00e7\u00f5es para o final de semana M\u00f3veis\u2026","rel":"","context":"In &quot;Not\u00edcias de Ribeir\u00e3o Preto-SP e Regi\u00e3o&quot;","block_context":{"text":"Not\u00edcias de Ribeir\u00e3o Preto-SP e Regi\u00e3o","link":"https:\/\/noticiasribeiraopreto.com.br\/index.php\/category\/noticias-de-ribeirao-preto-sp-e-regiao-ismael-colosi\/"},"img":{"alt_text":"","src":"https:\/\/i0.wp.com\/noticiasribeiraopreto.com.br\/wp-content\/uploads\/2026\/01\/domingo-74_2026-01-09_18-02-33.webp.webp?fit=1200%2C675&ssl=1&resize=350%2C200","width":350,"height":200,"srcset":"https:\/\/i0.wp.com\/noticiasribeiraopreto.com.br\/wp-content\/uploads\/2026\/01\/domingo-74_2026-01-09_18-02-33.webp.webp?fit=1200%2C675&ssl=1&resize=350%2C200 1x, https:\/\/i0.wp.com\/noticiasribeiraopreto.com.br\/wp-content\/uploads\/2026\/01\/domingo-74_2026-01-09_18-02-33.webp.webp?fit=1200%2C675&ssl=1&resize=525%2C300 1.5x, https:\/\/i0.wp.com\/noticiasribeiraopreto.com.br\/wp-content\/uploads\/2026\/01\/domingo-74_2026-01-09_18-02-33.webp.webp?fit=1200%2C675&ssl=1&resize=700%2C400 2x, https:\/\/i0.wp.com\/noticiasribeiraopreto.com.br\/wp-content\/uploads\/2026\/01\/domingo-74_2026-01-09_18-02-33.webp.webp?fit=1200%2C675&ssl=1&resize=1050%2C600 3x"},"classes":[]},{"id":80827,"url":"https:\/\/noticiasribeiraopreto.com.br\/index.php\/2025\/12\/14\/copinha-2026-times-de-ribeirao-preto-tem-estreia-definida\/","url_meta":{"origin":81373,"position":2},"title":"Copinha 2026: times de Ribeir\u00e3o Preto t\u00eam estreia definida","author":"noticiasribeiraopreto.com.br","date":"14 de December de 2025","format":false,"excerpt":"Os representantes de Ribeir\u00e3o Preto e regi\u00e3o j\u00e1 conhecem datas e hor\u00e1rios das partidas da Copa S\u00e3o Paulo de Futebol J\u00fanior 2026. Comercial, Botafogo e I9-SP entram em campo a partir de 3 de janeiro, distribu\u00eddos em tr\u00eas sedes: Ribeir\u00e3o Preto Brodowsk Cravinhos A Federa\u00e7\u00e3o Paulista de Futebol divulgou na\u2026","rel":"","context":"In &quot;Not\u00edcias de Ribeir\u00e3o Preto-SP e Regi\u00e3o&quot;","block_context":{"text":"Not\u00edcias de Ribeir\u00e3o Preto-SP e Regi\u00e3o","link":"https:\/\/noticiasribeiraopreto.com.br\/index.php\/category\/noticias-de-ribeirao-preto-sp-e-regiao-ismael-colosi\/"},"img":{"alt_text":"","src":"https:\/\/i0.wp.com\/noticiasribeiraopreto.com.br\/wp-content\/uploads\/2025\/12\/Copia-de-Copia-de-Copia-de-TAMANHO-EXATO-PARA-FOTOS-NO-SISTEMA-NOVO-2025-11-25T210951.995_2025-11-26_00-10-33.webp.webp?fit=1200%2C675&ssl=1&resize=350%2C200","width":350,"height":200,"srcset":"https:\/\/i0.wp.com\/noticiasribeiraopreto.com.br\/wp-content\/uploads\/2025\/12\/Copia-de-Copia-de-Copia-de-TAMANHO-EXATO-PARA-FOTOS-NO-SISTEMA-NOVO-2025-11-25T210951.995_2025-11-26_00-10-33.webp.webp?fit=1200%2C675&ssl=1&resize=350%2C200 1x, https:\/\/i0.wp.com\/noticiasribeiraopreto.com.br\/wp-content\/uploads\/2025\/12\/Copia-de-Copia-de-Copia-de-TAMANHO-EXATO-PARA-FOTOS-NO-SISTEMA-NOVO-2025-11-25T210951.995_2025-11-26_00-10-33.webp.webp?fit=1200%2C675&ssl=1&resize=525%2C300 1.5x, https:\/\/i0.wp.com\/noticiasribeiraopreto.com.br\/wp-content\/uploads\/2025\/12\/Copia-de-Copia-de-Copia-de-TAMANHO-EXATO-PARA-FOTOS-NO-SISTEMA-NOVO-2025-11-25T210951.995_2025-11-26_00-10-33.webp.webp?fit=1200%2C675&ssl=1&resize=700%2C400 2x, https:\/\/i0.wp.com\/noticiasribeiraopreto.com.br\/wp-content\/uploads\/2025\/12\/Copia-de-Copia-de-Copia-de-TAMANHO-EXATO-PARA-FOTOS-NO-SISTEMA-NOVO-2025-11-25T210951.995_2025-11-26_00-10-33.webp.webp?fit=1200%2C675&ssl=1&resize=1050%2C600 3x"},"classes":[]},{"id":81332,"url":"https:\/\/noticiasribeiraopreto.com.br\/index.php\/2026\/01\/02\/bandeira-verde-entenda-por-que-a-conta-de-luz-fica-mais-barata-em-janeiro-de-2026\/","url_meta":{"origin":81373,"position":3},"title":"Bandeira verde: Entenda por que a conta de luz fica mais barata em janeiro de 2026","author":"noticiasribeiraopreto.com.br","date":"2 de January de 2026","format":false,"excerpt":"A conta de energia ter\u00e1 bandeira verde em janeiro de 2026, o que significa que n\u00e3o haver\u00e1 custo extra. Segundo a Ag\u00eancia Nacional de Energia El\u00e9trica (Aneel), nesse per\u00edodo chuvoso as chuvas est\u00e3o abaixo da m\u00e9dia hist\u00f3rica.\u00a0Contudo, em novembro e dezembro de 2025 houve no pa\u00eds, de modo geral, uma\u2026","rel":"","context":"In &quot;Not\u00edcias de Ribeir\u00e3o Preto-SP e Regi\u00e3o&quot;","block_context":{"text":"Not\u00edcias de Ribeir\u00e3o Preto-SP e Regi\u00e3o","link":"https:\/\/noticiasribeiraopreto.com.br\/index.php\/category\/noticias-de-ribeirao-preto-sp-e-regiao-ismael-colosi\/"},"img":{"alt_text":"","src":"https:\/\/i0.wp.com\/noticiasribeiraopreto.com.br\/wp-content\/uploads\/2026\/01\/ar-condicionado_2026-01-01_15-50-11.webp.webp?fit=1200%2C765&ssl=1&resize=350%2C200","width":350,"height":200,"srcset":"https:\/\/i0.wp.com\/noticiasribeiraopreto.com.br\/wp-content\/uploads\/2026\/01\/ar-condicionado_2026-01-01_15-50-11.webp.webp?fit=1200%2C765&ssl=1&resize=350%2C200 1x, https:\/\/i0.wp.com\/noticiasribeiraopreto.com.br\/wp-content\/uploads\/2026\/01\/ar-condicionado_2026-01-01_15-50-11.webp.webp?fit=1200%2C765&ssl=1&resize=525%2C300 1.5x, https:\/\/i0.wp.com\/noticiasribeiraopreto.com.br\/wp-content\/uploads\/2026\/01\/ar-condicionado_2026-01-01_15-50-11.webp.webp?fit=1200%2C765&ssl=1&resize=700%2C400 2x, https:\/\/i0.wp.com\/noticiasribeiraopreto.com.br\/wp-content\/uploads\/2026\/01\/ar-condicionado_2026-01-01_15-50-11.webp.webp?fit=1200%2C765&ssl=1&resize=1050%2C600 3x"},"classes":[]},{"id":79302,"url":"https:\/\/noticiasribeiraopreto.com.br\/index.php\/2025\/10\/29\/saiba-quais-serao-os-14-feriados-e-10-pontos-facultativos-de-rp\/","url_meta":{"origin":81373,"position":4},"title":"Saiba quais ser\u00e3o os 14 feriados e \u202810 pontos facultativos de RP","author":"noticiasribeiraopreto.com.br","date":"29 de October de 2025","format":false,"excerpt":"29 de outubro de 2025 08:020 Compartilhar0 Prefeitura de Ribeir\u00e3o Preto divulgou o calend\u00e1rio de feriados e pontos facultativos do munic\u00edpio para 2026. O decreto do Executivo divulgando\u00a0 os feriados e principalmente os pontos facultativos foi publicado no Di\u00e1rio Oficial do Munic\u00edpio (DOM) de sexta-feira, 24 de outubro.\u2028 \u2028A cidade\u2026","rel":"","context":"In &quot;Not\u00edcias de Ribeir\u00e3o Preto-SP e Regi\u00e3o&quot;","block_context":{"text":"Not\u00edcias de Ribeir\u00e3o Preto-SP e Regi\u00e3o","link":"https:\/\/noticiasribeiraopreto.com.br\/index.php\/category\/noticias-de-ribeirao-preto-sp-e-regiao-ismael-colosi\/"},"img":{"alt_text":"","src":"https:\/\/i0.wp.com\/noticiasribeiraopreto.com.br\/wp-content\/uploads\/2025\/10\/FeriadosRP-Max-Gallao-Mesquita-Arquivo-scaled.jpg?fit=1200%2C781&ssl=1&resize=350%2C200","width":350,"height":200,"srcset":"https:\/\/i0.wp.com\/noticiasribeiraopreto.com.br\/wp-content\/uploads\/2025\/10\/FeriadosRP-Max-Gallao-Mesquita-Arquivo-scaled.jpg?fit=1200%2C781&ssl=1&resize=350%2C200 1x, https:\/\/i0.wp.com\/noticiasribeiraopreto.com.br\/wp-content\/uploads\/2025\/10\/FeriadosRP-Max-Gallao-Mesquita-Arquivo-scaled.jpg?fit=1200%2C781&ssl=1&resize=525%2C300 1.5x, https:\/\/i0.wp.com\/noticiasribeiraopreto.com.br\/wp-content\/uploads\/2025\/10\/FeriadosRP-Max-Gallao-Mesquita-Arquivo-scaled.jpg?fit=1200%2C781&ssl=1&resize=700%2C400 2x, https:\/\/i0.wp.com\/noticiasribeiraopreto.com.br\/wp-content\/uploads\/2025\/10\/FeriadosRP-Max-Gallao-Mesquita-Arquivo-scaled.jpg?fit=1200%2C781&ssl=1&resize=1050%2C600 3x"},"classes":[]},{"id":84746,"url":"https:\/\/noticiasribeiraopreto.com.br\/index.php\/2026\/04\/15\/pm-e-suspeito-de-matar-empresario-de-rp-no-rio-de-janeiro\/","url_meta":{"origin":81373,"position":5},"title":"PM \u00e9 suspeito de matar empres\u00e1rio de RP no Rio de Janeiro","author":"noticiasribeiraopreto.com.br","date":"15 de April de 2026","format":false,"excerpt":"\r Homem teve pris\u00e3o tempor\u00e1ria decretada e investiga\u00e7\u00f5es sobre o caso prosseguem\r \r 15 de abril de 2026 12:2015 de abril de 2026 12:21 \r Compartilhar2 | Por: Adalberto Luque | Um policial militar se apresentou \u00e0 Pol\u00edcia Civil e foi preso, na tarde desta ter\u00e7a-feira (14), pela morte de\u2026","rel":"","context":"In &quot;Not\u00edcias de Ribeir\u00e3o Preto-SP e Regi\u00e3o&quot;","block_context":{"text":"Not\u00edcias de Ribeir\u00e3o Preto-SP e Regi\u00e3o","link":"https:\/\/noticiasribeiraopreto.com.br\/index.php\/category\/noticias-de-ribeirao-preto-sp-e-regiao-ismael-colosi\/"},"img":{"alt_text":"","src":"https:\/\/i0.wp.com\/noticiasribeiraopreto.com.br\/wp-content\/uploads\/2026\/04\/14-mar-2026-mortonorj.jpg?fit=737%2C683&ssl=1&resize=350%2C200","width":350,"height":200,"srcset":"https:\/\/i0.wp.com\/noticiasribeiraopreto.com.br\/wp-content\/uploads\/2026\/04\/14-mar-2026-mortonorj.jpg?fit=737%2C683&ssl=1&resize=350%2C200 1x, https:\/\/i0.wp.com\/noticiasribeiraopreto.com.br\/wp-content\/uploads\/2026\/04\/14-mar-2026-mortonorj.jpg?fit=737%2C683&ssl=1&resize=525%2C300 1.5x, https:\/\/i0.wp.com\/noticiasribeiraopreto.com.br\/wp-content\/uploads\/2026\/04\/14-mar-2026-mortonorj.jpg?fit=737%2C683&ssl=1&resize=700%2C400 2x"},"classes":[]}],"jetpack_sharing_enabled":true,"jetpack_shortlink":"https:\/\/wp.me\/peQAOb-lat","_links":{"self":[{"href":"https:\/\/noticiasribeiraopreto.com.br\/index.php\/wp-json\/wp\/v2\/posts\/81373","targetHints":{"allow":["GET"]}}],"collection":[{"href":"https:\/\/noticiasribeiraopreto.com.br\/index.php\/wp-json\/wp\/v2\/posts"}],"about":[{"href":"https:\/\/noticiasribeiraopreto.com.br\/index.php\/wp-json\/wp\/v2\/types\/post"}],"author":[{"embeddable":true,"href":"https:\/\/noticiasribeiraopreto.com.br\/index.php\/wp-json\/wp\/v2\/users\/1"}],"replies":[{"embeddable":true,"href":"https:\/\/noticiasribeiraopreto.com.br\/index.php\/wp-json\/wp\/v2\/comments?post=81373"}],"version-history":[{"count":0,"href":"https:\/\/noticiasribeiraopreto.com.br\/index.php\/wp-json\/wp\/v2\/posts\/81373\/revisions"}],"wp:featuredmedia":[{"embeddable":true,"href":"https:\/\/noticiasribeiraopreto.com.br\/index.php\/wp-json\/wp\/v2\/media\/81374"}],"wp:attachment":[{"href":"https:\/\/noticiasribeiraopreto.com.br\/index.php\/wp-json\/wp\/v2\/media?parent=81373"}],"wp:term":[{"taxonomy":"category","embeddable":true,"href":"https:\/\/noticiasribeiraopreto.com.br\/index.php\/wp-json\/wp\/v2\/categories?post=81373"},{"taxonomy":"post_tag","embeddable":true,"href":"https:\/\/noticiasribeiraopreto.com.br\/index.php\/wp-json\/wp\/v2\/tags?post=81373"}],"curies":[{"name":"wp","href":"https:\/\/api.w.org\/{rel}","templated":true}]}}