{"id":81380,"date":"2026-01-03T20:33:15","date_gmt":"2026-01-03T23:33:15","guid":{"rendered":"https:\/\/noticiasribeiraopreto.com.br\/index.php\/2026\/01\/03\/comercial-e-derrotado-na-estreia-da-copinha\/"},"modified":"2026-01-03T20:33:15","modified_gmt":"2026-01-03T23:33:15","slug":"comercial-e-derrotado-na-estreia-da-copinha","status":"publish","type":"post","link":"https:\/\/noticiasribeiraopreto.com.br\/index.php\/2026\/01\/03\/comercial-e-derrotado-na-estreia-da-copinha\/","title":{"rendered":"Comercial \u00e9 derrotado na estreia da Copinha"},"content":{"rendered":"<div class='code-block code-block-1' style='margin: 8px 0 8px auto; text-align: right; display: block; clear: both;'>\n<p><a href=\"https:\/\/wa.link\/vpicfd\"><img data-recalc-dims=\"1\" class=\"wp-image-4922\" style=\"aspect-ratio: 2.0253164556962027; width: 561px; height: auto;\" src=\"https:\/\/i0.wp.com\/ismaelcolosi.com.br\/wp-content\/uploads\/2023\/11\/grupo-de-empregos-whatsapp-e-facebook-ismael-colosi-vagas.jpg?ssl=1\" alt=\"\" \/><\/a><\/p>\n<!-- \/wp:image -->\n<\/div>\n<p> <br \/>\n<\/p>\n<div id=\"post-450994\">&#13;<br \/>\n&#13;<\/p>\n<header class=\"entry-header penci-entry-header penci-title-center\">&#13;<\/p>\n<h2 class=\"penci-post-subtitle\">Em jogo marcado por expuls\u00f5es, Bafo sai atr\u00e1s e busca empate, mas acaba derrotado pelo Atl\u00e9tico-PI<\/h2>\n<p>&#13;<\/p>\n<p>&#13;<br \/>\n\t\t\t\t\t\t\t\t\t<span class=\"entry-meta-item penci-posted-on\"><i class=\"fa fa-clock-o\"\/><time class=\"entry-date published\" datetime=\"2026-01-03T20:27:24-03:00\">3 de janeiro de 2026 20:27<\/time><time class=\"updated\" datetime=\"2026-01-03T20:31:39-03:00\">3 de janeiro de 2026 20:31<\/time><\/span><span class=\"entry-meta-item penci-post-countview\"\/>\t\t\t\t\t\t\t\t<\/p>\n<p><!-- .entry-meta -->&#13;<br \/>\n\t\t\t\t\t\t\t\t<span class=\"penci-social-buttons penci-social-share-footer\"><span class=\"penci-social-share-text\">Compartilhar<\/span><a href=\"#\" class=\"penci-post-like penci_post-meta_item  single-like-button penci-social-item like\" data-post_id=\"450994\" title=\"Like\" data-like=\"Like\" data-unlike=\"Unlike\"><i class=\"fa fa-thumbs-o-up\"\/><span class=\"penci-share-number\">1<\/span><\/a><i class=\"fa fa-facebook\"\/><a class=\"penci-social-item twitter\" target=\"_blank\" rel=\"noopener\" title=\"\" href=\"https:\/\/twitter.com\/intent\/tweet?text=Comercial%20\u00e9%20derrotado%20na%20estreia%20da%20Copinha%20-%20https:\/\/www.tribunaribeirao.com.br\/comercial-e-derrotado-na-estreia-da-copinha\/\"><i class=\"fa fa-twitter\"\/><\/a><i class=\"fa fa-linkedin\"\/><i class=\"fa fa-whatsapp\"\/><i class=\"fa fa-telegram\"\/><i class=\"fa fa-envelope\"\/><\/span>\t\t\t\t\t\t\t<\/header>\n<p><!-- .entry-header -->&#13;<\/p>\n<div class=\"penci-entry-content entry-content\">\n<p><strong><em>Por Hugo Luque<\/em><\/strong><\/p>\n<p>No retorno do Est\u00e1dio Palma Travassos \u00e0 Copa S\u00e3o Paulo de Futebol J\u00fanior como uma das sedes do torneio, o Comercial foi derrotado pelo Atl\u00e9tico-PI por 2 a 1, neste s\u00e1bado (3), em duelo v\u00e1lido pela primeira rodada do Grupo 10. A partida foi marcada pela quantidade de expuls\u00f5es: quatro.<\/p>\n<p>Pelo lado do Le\u00e3o do Norte, foram expulsos VT e Maranh\u00e3o. J\u00e1 o Atl\u00e9tico perdeu por cart\u00e3o vermelho Maiquinho e Erick Cauan, na reta final, ap\u00f3s uma confus\u00e3o.<\/p>\n<p>O primeiro gol do confronto foi marcado pelos visitantes. O goleiro C\u00e1ssio soltou a bola e Edson Filho completou para inaugurar o marcador da Joia, aos 21 minutos. A equipe do Piau\u00ed ainda voltou a levar perigo e acertou a trave em duas oportunidades, mas n\u00e3o conseguiu ampliar antes do intervalo.<\/p>\n<p>No primeiro minuto do segundo tempo, o Bafo empatou. Vitinho cruzou para Touro, que acertou a finaliza\u00e7\u00e3o e igualou.<\/p>\n<p>Mas a felicidade alvinegra durou pouco. VT foi expulso por cometer falta e o Comercial passou a se defender. Aos 37, Maiquinho conseguiu furar a defesa ribeir\u00e3o-pretana e deu n\u00fameros finais ao jogo.<\/p>\n<p>Sem nenhum ponto, o Comercial volta a campo em sua casa na ter\u00e7a-feira, \u00e0s 18h, contra o Noroeste.<\/p>\n<\/div>\n<p><!-- .entry-content -->&#13;<br \/>\n&#13;<\/p>\n<footer class=\"penci-entry-footer\">&#13;<br \/>\n\t\t\t\t\t\t\t\t<span class=\"penci-social-buttons penci-social-share-footer\"><span class=\"penci-social-share-text\">Compartilhar<\/span><a href=\"#\" class=\"penci-post-like penci_post-meta_item  single-like-button penci-social-item like\" data-post_id=\"450994\" title=\"Like\" data-like=\"Like\" data-unlike=\"Unlike\"><i class=\"fa fa-thumbs-o-up\"\/><span class=\"penci-share-number\">1<\/span><\/a><i class=\"fa fa-facebook\"\/><a class=\"penci-social-item twitter\" target=\"_blank\" rel=\"noopener\" title=\"\" href=\"https:\/\/twitter.com\/intent\/tweet?text=Comercial%20\u00e9%20derrotado%20na%20estreia%20da%20Copinha%20-%20https:\/\/www.tribunaribeirao.com.br\/comercial-e-derrotado-na-estreia-da-copinha\/\"><i class=\"fa fa-twitter\"\/><\/a><i class=\"fa fa-linkedin\"\/><i class=\"fa fa-whatsapp\"\/><i class=\"fa fa-telegram\"\/><i class=\"fa fa-envelope\"\/><\/span>\t\t\t\t\t\t\t<\/footer>\n<p><!-- .entry-footer -->&#13;\n\t\t\t\t\t\t<\/div>\n<p><script async src=\"\/\/platform.twitter.com\/widgets.js\" charset=\"utf-8\"><\/script><br \/>\n<br \/><br \/>\n<br \/><a href=\"https:\/\/www.tribunaribeirao.com.br\/comercial-e-derrotado-na-estreia-da-copinha\/\">Source link <\/a><\/p>\n<!-- CONTENT END 1 -->\n","protected":false},"excerpt":{"rendered":"<p>&#13; &#13; &#13; Em jogo marcado por expuls\u00f5es, Bafo sai atr\u00e1s e busca empate, mas acaba derrotado pelo Atl\u00e9tico-PI &#13; &#13; 3 de janeiro de&#8230;<\/p>\n","protected":false},"author":1,"featured_media":81381,"comment_status":"open","ping_status":"open","sticky":false,"template":"","format":"standard","meta":{"advanced_seo_description":"","jetpack_seo_html_title":"","jetpack_seo_noindex":false,"jetpack_post_was_ever_published":false,"_jetpack_newsletter_access":"","_jetpack_dont_email_post_to_subs":false,"_jetpack_newsletter_tier_id":0,"_jetpack_memberships_contains_paywalled_content":false,"_jetpack_memberships_contains_paid_content":false,"footnotes":"","jetpack_publicize_message":"","jetpack_publicize_feature_enabled":true,"jetpack_social_post_already_shared":true,"jetpack_social_options":{"image_generator_settings":{"template":"highway","default_image_id":0,"font":"","enabled":false},"version":2}},"categories":[11],"tags":[],"class_list":["post-81380","post","type-post","status-publish","format-standard","has-post-thumbnail","hentry","category-noticias-de-ribeirao-preto-sp-e-regiao-ismael-colosi"],"jetpack_publicize_connections":[],"jetpack_featured_media_url":"https:\/\/i0.wp.com\/noticiasribeiraopreto.com.br\/wp-content\/uploads\/2026\/01\/Comercial-x-Atletico-PI-Barbara-Pires_Comercial-FC-scaled.jpeg?fit=1169%2C780&ssl=1","jetpack-related-posts":[{"id":24298,"url":"https:\/\/noticiasribeiraopreto.com.br\/index.php\/2024\/01\/04\/em-cravinhos-comercial-e-derrotado-na-estreia-da-copa-sp\/","url_meta":{"origin":81380,"position":0},"title":"Em Cravinhos, Comercial \u00e9 derrotado na estreia da Copa SP","author":"noticiasribeiraopreto.com.br","date":"4 de January de 2024","format":false,"excerpt":"O Comercial perdeu, por 3 a 1, para o Gr\u00eamio Novorizontino, na abertura no Grupo 6 da Copa S\u00e3o Paulo de Futebol J\u00fanior 2024. O duelo foi na cidade de Cravinhos, no est\u00e1dio Bela Vista, na tarde desta quarta-feira (3). O Novorizontino abriu o placar no primeiro tempo com Enzo.\u2026","rel":"","context":"In &quot;Not\u00edcias de Ribeir\u00e3o Preto-SP e Regi\u00e3o&quot;","block_context":{"text":"Not\u00edcias de Ribeir\u00e3o Preto-SP e Regi\u00e3o","link":"https:\/\/noticiasribeiraopreto.com.br\/index.php\/category\/noticias-de-ribeirao-preto-sp-e-regiao-ismael-colosi\/"},"img":{"alt_text":"","src":"https:\/\/i0.wp.com\/noticiasribeiraopreto.com.br\/wp-content\/uploads\/2024\/01\/WhatsApp-Image-2024-01-03-at-16.47.15-scaled.jpeg?fit=1200%2C800&ssl=1&resize=350%2C200","width":350,"height":200,"srcset":"https:\/\/i0.wp.com\/noticiasribeiraopreto.com.br\/wp-content\/uploads\/2024\/01\/WhatsApp-Image-2024-01-03-at-16.47.15-scaled.jpeg?fit=1200%2C800&ssl=1&resize=350%2C200 1x, https:\/\/i0.wp.com\/noticiasribeiraopreto.com.br\/wp-content\/uploads\/2024\/01\/WhatsApp-Image-2024-01-03-at-16.47.15-scaled.jpeg?fit=1200%2C800&ssl=1&resize=525%2C300 1.5x, https:\/\/i0.wp.com\/noticiasribeiraopreto.com.br\/wp-content\/uploads\/2024\/01\/WhatsApp-Image-2024-01-03-at-16.47.15-scaled.jpeg?fit=1200%2C800&ssl=1&resize=700%2C400 2x, https:\/\/i0.wp.com\/noticiasribeiraopreto.com.br\/wp-content\/uploads\/2024\/01\/WhatsApp-Image-2024-01-03-at-16.47.15-scaled.jpeg?fit=1200%2C800&ssl=1&resize=1050%2C600 3x"},"classes":[]},{"id":81559,"url":"https:\/\/noticiasribeiraopreto.com.br\/index.php\/2026\/01\/09\/botafogo-derrota-tuna-luso-pa-e-mantem-100-na-copinha\/","url_meta":{"origin":81380,"position":1},"title":"Botafogo derrota Tuna Luso-PA e mant\u00e9m 100% na Copinha","author":"noticiasribeiraopreto.com.br","date":"9 de January de 2026","format":false,"excerpt":"\r \r \r Classificado de forma antecipada, Pantera fechou fase de grupos com mais um triunfo\r \r 9 de janeiro de 2026 15:279 de janeiro de 2026 15:32 \r Compartilhar1 \r Por Hugo Luque Recheado de reservas, o Botafogo derrotou a Tuna Luso-PA por 1 a 0 nesta sexta-feira (9),\u2026","rel":"","context":"In &quot;Not\u00edcias de Ribeir\u00e3o Preto-SP e Regi\u00e3o&quot;","block_context":{"text":"Not\u00edcias de Ribeir\u00e3o Preto-SP e Regi\u00e3o","link":"https:\/\/noticiasribeiraopreto.com.br\/index.php\/category\/noticias-de-ribeirao-preto-sp-e-regiao-ismael-colosi\/"},"img":{"alt_text":"","src":"https:\/\/i0.wp.com\/noticiasribeiraopreto.com.br\/wp-content\/uploads\/2026\/01\/Botafogo-x-Tuna-Luso-Raul-Ramos-scaled.jpg?fit=1169%2C780&ssl=1&resize=350%2C200","width":350,"height":200,"srcset":"https:\/\/i0.wp.com\/noticiasribeiraopreto.com.br\/wp-content\/uploads\/2026\/01\/Botafogo-x-Tuna-Luso-Raul-Ramos-scaled.jpg?fit=1169%2C780&ssl=1&resize=350%2C200 1x, https:\/\/i0.wp.com\/noticiasribeiraopreto.com.br\/wp-content\/uploads\/2026\/01\/Botafogo-x-Tuna-Luso-Raul-Ramos-scaled.jpg?fit=1169%2C780&ssl=1&resize=525%2C300 1.5x, https:\/\/i0.wp.com\/noticiasribeiraopreto.com.br\/wp-content\/uploads\/2026\/01\/Botafogo-x-Tuna-Luso-Raul-Ramos-scaled.jpg?fit=1169%2C780&ssl=1&resize=700%2C400 2x, https:\/\/i0.wp.com\/noticiasribeiraopreto.com.br\/wp-content\/uploads\/2026\/01\/Botafogo-x-Tuna-Luso-Raul-Ramos-scaled.jpg?fit=1169%2C780&ssl=1&resize=1050%2C600 3x"},"classes":[]},{"id":81561,"url":"https:\/\/noticiasribeiraopreto.com.br\/index.php\/2026\/01\/09\/comercial-e-eliminado-da-copa-sao-paulo\/","url_meta":{"origin":81380,"position":2},"title":"Comercial \u00e9 eliminado da Copa S\u00e3o Paulo","author":"noticiasribeiraopreto.com.br","date":"9 de January de 2026","format":false,"excerpt":"\r Bafo foi derrotado pelo Am\u00e9rica-MG; I9 tamb\u00e9m se despediu do torneio\r \r 9 de janeiro de 2026 22:34 \r Compartilhar1 Por Hugo Luque O Comercial foi derrotado pelo Am\u00e9rica-MG por 3 a 0 nesta sexta-feira (9), pela terceira e \u00faltima rodada do Grupo 10 da Copa S\u00e3o Paulo de\u2026","rel":"","context":"In &quot;Not\u00edcias de Ribeir\u00e3o Preto-SP e Regi\u00e3o&quot;","block_context":{"text":"Not\u00edcias de Ribeir\u00e3o Preto-SP e Regi\u00e3o","link":"https:\/\/noticiasribeiraopreto.com.br\/index.php\/category\/noticias-de-ribeirao-preto-sp-e-regiao-ismael-colosi\/"},"img":{"alt_text":"","src":"https:\/\/i0.wp.com\/noticiasribeiraopreto.com.br\/wp-content\/uploads\/2026\/01\/Comercial-x-America-MG-Barbara-Pires_Comercial-FC-2-scaled.jpeg?fit=1169%2C780&ssl=1&resize=350%2C200","width":350,"height":200,"srcset":"https:\/\/i0.wp.com\/noticiasribeiraopreto.com.br\/wp-content\/uploads\/2026\/01\/Comercial-x-America-MG-Barbara-Pires_Comercial-FC-2-scaled.jpeg?fit=1169%2C780&ssl=1&resize=350%2C200 1x, https:\/\/i0.wp.com\/noticiasribeiraopreto.com.br\/wp-content\/uploads\/2026\/01\/Comercial-x-America-MG-Barbara-Pires_Comercial-FC-2-scaled.jpeg?fit=1169%2C780&ssl=1&resize=525%2C300 1.5x, https:\/\/i0.wp.com\/noticiasribeiraopreto.com.br\/wp-content\/uploads\/2026\/01\/Comercial-x-America-MG-Barbara-Pires_Comercial-FC-2-scaled.jpeg?fit=1169%2C780&ssl=1&resize=700%2C400 2x, https:\/\/i0.wp.com\/noticiasribeiraopreto.com.br\/wp-content\/uploads\/2026\/01\/Comercial-x-America-MG-Barbara-Pires_Comercial-FC-2-scaled.jpeg?fit=1169%2C780&ssl=1&resize=1050%2C600 3x"},"classes":[]},{"id":24536,"url":"https:\/\/noticiasribeiraopreto.com.br\/index.php\/2024\/01\/04\/botafogo-e-derrotado-pelo-sfera-na-estreia-da-copa-sao-paulo\/","url_meta":{"origin":81380,"position":3},"title":"Botafogo \u00e9 derrotado pelo Sfera na estreia da Copa S\u00e3o Paulo","author":"noticiasribeiraopreto.com.br","date":"4 de January de 2024","format":false,"excerpt":"O Botafogo foi surpreendido pelo Sfera, na tarde desta quinta-feira (4), e perdeu por 1 a 0, em Salto-SP, na abertura do Grupo 17 da Copa S\u00e3o Paulo de Futebol J\u00fanior. O Sfera, que est\u00e1 em sua primeira Copa SP, \u00e9 um clube empresa com apenas tr\u00eas anos focado nas\u2026","rel":"","context":"In &quot;Not\u00edcias de Ribeir\u00e3o Preto-SP e Regi\u00e3o&quot;","block_context":{"text":"Not\u00edcias de Ribeir\u00e3o Preto-SP e Regi\u00e3o","link":"https:\/\/noticiasribeiraopreto.com.br\/index.php\/category\/noticias-de-ribeirao-preto-sp-e-regiao-ismael-colosi\/"},"img":{"alt_text":"","src":"https:\/\/i0.wp.com\/noticiasribeiraopreto.com.br\/wp-content\/uploads\/2024\/01\/53442253311_c975f9c7e0_c.jpg?fit=799%2C533&ssl=1&resize=350%2C200","width":350,"height":200,"srcset":"https:\/\/i0.wp.com\/noticiasribeiraopreto.com.br\/wp-content\/uploads\/2024\/01\/53442253311_c975f9c7e0_c.jpg?fit=799%2C533&ssl=1&resize=350%2C200 1x, https:\/\/i0.wp.com\/noticiasribeiraopreto.com.br\/wp-content\/uploads\/2024\/01\/53442253311_c975f9c7e0_c.jpg?fit=799%2C533&ssl=1&resize=525%2C300 1.5x, https:\/\/i0.wp.com\/noticiasribeiraopreto.com.br\/wp-content\/uploads\/2024\/01\/53442253311_c975f9c7e0_c.jpg?fit=799%2C533&ssl=1&resize=700%2C400 2x"},"classes":[]},{"id":59306,"url":"https:\/\/noticiasribeiraopreto.com.br\/index.php\/2024\/10\/20\/botafogo-e-derrotado-pelo-sport-no-brasileiro-da-serie-b\/","url_meta":{"origin":81380,"position":4},"title":"Botafogo \u00e9 derrotado pelo Sport no Brasileiro da S\u00e9rie B","author":"noticiasribeiraopreto.com.br","date":"20 de October de 2024","format":false,"excerpt":"O Botafogo perdeu por 3 a 1 para o Sport, no est\u00e1dio da Ilha do Retiro, em Recife. A partida foi v\u00e1lida pela 32\u00aa rodada do Campeonato Brasileiro da S\u00e9rie B. Os gols da partida foram marcados por Fabricio Dom\u00ednguez (20 minutos do 1\u00ba tempo), Chrystian Barletta (30 minutos do\u2026","rel":"","context":"In &quot;Not\u00edcias de Ribeir\u00e3o Preto-SP e Regi\u00e3o&quot;","block_context":{"text":"Not\u00edcias de Ribeir\u00e3o Preto-SP e Regi\u00e3o","link":"https:\/\/noticiasribeiraopreto.com.br\/index.php\/category\/noticias-de-ribeirao-preto-sp-e-regiao-ismael-colosi\/"},"img":{"alt_text":"","src":"https:\/\/i0.wp.com\/noticiasribeiraopreto.com.br\/wp-content\/uploads\/2024\/10\/unnamed-file_2024-10-21_00-26-32_jpeg_2024-10-21_00-26-33.webp.webp?fit=1200%2C1034&ssl=1&resize=350%2C200","width":350,"height":200,"srcset":"https:\/\/i0.wp.com\/noticiasribeiraopreto.com.br\/wp-content\/uploads\/2024\/10\/unnamed-file_2024-10-21_00-26-32_jpeg_2024-10-21_00-26-33.webp.webp?fit=1200%2C1034&ssl=1&resize=350%2C200 1x, https:\/\/i0.wp.com\/noticiasribeiraopreto.com.br\/wp-content\/uploads\/2024\/10\/unnamed-file_2024-10-21_00-26-32_jpeg_2024-10-21_00-26-33.webp.webp?fit=1200%2C1034&ssl=1&resize=525%2C300 1.5x, https:\/\/i0.wp.com\/noticiasribeiraopreto.com.br\/wp-content\/uploads\/2024\/10\/unnamed-file_2024-10-21_00-26-32_jpeg_2024-10-21_00-26-33.webp.webp?fit=1200%2C1034&ssl=1&resize=700%2C400 2x, https:\/\/i0.wp.com\/noticiasribeiraopreto.com.br\/wp-content\/uploads\/2024\/10\/unnamed-file_2024-10-21_00-26-32_jpeg_2024-10-21_00-26-33.webp.webp?fit=1200%2C1034&ssl=1&resize=1050%2C600 3x"},"classes":[]},{"id":76325,"url":"https:\/\/noticiasribeiraopreto.com.br\/index.php\/2025\/08\/26\/copa-paulista-comercial-e-derrotado-pela-inter-de-limeira-no-primeiro-jogo-das-oitavas\/","url_meta":{"origin":81380,"position":5},"title":"Copa Paulista: Comercial \u00e9 derrotado pela Inter de Limeira no primeiro jogo das oitavas","author":"noticiasribeiraopreto.com.br","date":"26 de August de 2025","format":false,"excerpt":"O Comercial perdeu para Inter de Limeira no jogo de ida das oitavas de final da Copa Paulista, realizado na tarde desta ter\u00e7a-feira (26), no Major Levy Sobrinho, em Limeira. O time da casa venceu por 1 a 0 e largou na frente na disputa pela vaga nas quartas de\u2026","rel":"","context":"In &quot;Not\u00edcias de Ribeir\u00e3o Preto-SP e Regi\u00e3o&quot;","block_context":{"text":"Not\u00edcias de Ribeir\u00e3o Preto-SP e Regi\u00e3o","link":"https:\/\/noticiasribeiraopreto.com.br\/index.php\/category\/noticias-de-ribeirao-preto-sp-e-regiao-ismael-colosi\/"},"img":{"alt_text":"","src":"https:\/\/i0.wp.com\/noticiasribeiraopreto.com.br\/wp-content\/uploads\/2025\/08\/Copia-de-Copia-de-Copia-de-TAMANHO-EXATO-PARA-FOTOS-NO-SISTEMA-NOVO-2025-08-26T173806.992_2025-08-26_20-38-53.webp.webp?fit=1200%2C675&ssl=1&resize=350%2C200","width":350,"height":200,"srcset":"https:\/\/i0.wp.com\/noticiasribeiraopreto.com.br\/wp-content\/uploads\/2025\/08\/Copia-de-Copia-de-Copia-de-TAMANHO-EXATO-PARA-FOTOS-NO-SISTEMA-NOVO-2025-08-26T173806.992_2025-08-26_20-38-53.webp.webp?fit=1200%2C675&ssl=1&resize=350%2C200 1x, https:\/\/i0.wp.com\/noticiasribeiraopreto.com.br\/wp-content\/uploads\/2025\/08\/Copia-de-Copia-de-Copia-de-TAMANHO-EXATO-PARA-FOTOS-NO-SISTEMA-NOVO-2025-08-26T173806.992_2025-08-26_20-38-53.webp.webp?fit=1200%2C675&ssl=1&resize=525%2C300 1.5x, https:\/\/i0.wp.com\/noticiasribeiraopreto.com.br\/wp-content\/uploads\/2025\/08\/Copia-de-Copia-de-Copia-de-TAMANHO-EXATO-PARA-FOTOS-NO-SISTEMA-NOVO-2025-08-26T173806.992_2025-08-26_20-38-53.webp.webp?fit=1200%2C675&ssl=1&resize=700%2C400 2x, https:\/\/i0.wp.com\/noticiasribeiraopreto.com.br\/wp-content\/uploads\/2025\/08\/Copia-de-Copia-de-Copia-de-TAMANHO-EXATO-PARA-FOTOS-NO-SISTEMA-NOVO-2025-08-26T173806.992_2025-08-26_20-38-53.webp.webp?fit=1200%2C675&ssl=1&resize=1050%2C600 3x"},"classes":[]}],"jetpack_sharing_enabled":true,"jetpack_shortlink":"https:\/\/wp.me\/peQAOb-laA","_links":{"self":[{"href":"https:\/\/noticiasribeiraopreto.com.br\/index.php\/wp-json\/wp\/v2\/posts\/81380","targetHints":{"allow":["GET"]}}],"collection":[{"href":"https:\/\/noticiasribeiraopreto.com.br\/index.php\/wp-json\/wp\/v2\/posts"}],"about":[{"href":"https:\/\/noticiasribeiraopreto.com.br\/index.php\/wp-json\/wp\/v2\/types\/post"}],"author":[{"embeddable":true,"href":"https:\/\/noticiasribeiraopreto.com.br\/index.php\/wp-json\/wp\/v2\/users\/1"}],"replies":[{"embeddable":true,"href":"https:\/\/noticiasribeiraopreto.com.br\/index.php\/wp-json\/wp\/v2\/comments?post=81380"}],"version-history":[{"count":0,"href":"https:\/\/noticiasribeiraopreto.com.br\/index.php\/wp-json\/wp\/v2\/posts\/81380\/revisions"}],"wp:featuredmedia":[{"embeddable":true,"href":"https:\/\/noticiasribeiraopreto.com.br\/index.php\/wp-json\/wp\/v2\/media\/81381"}],"wp:attachment":[{"href":"https:\/\/noticiasribeiraopreto.com.br\/index.php\/wp-json\/wp\/v2\/media?parent=81380"}],"wp:term":[{"taxonomy":"category","embeddable":true,"href":"https:\/\/noticiasribeiraopreto.com.br\/index.php\/wp-json\/wp\/v2\/categories?post=81380"},{"taxonomy":"post_tag","embeddable":true,"href":"https:\/\/noticiasribeiraopreto.com.br\/index.php\/wp-json\/wp\/v2\/tags?post=81380"}],"curies":[{"name":"wp","href":"https:\/\/api.w.org\/{rel}","templated":true}]}}