{"id":81382,"date":"2026-01-04T06:57:16","date_gmt":"2026-01-04T09:57:16","guid":{"rendered":"https:\/\/noticiasribeiraopreto.com.br\/index.php\/2026\/01\/04\/como-reduzir-custos-sem-perder-qualidade-nos-condominios\/"},"modified":"2026-01-04T06:57:16","modified_gmt":"2026-01-04T09:57:16","slug":"como-reduzir-custos-sem-perder-qualidade-nos-condominios","status":"publish","type":"post","link":"https:\/\/noticiasribeiraopreto.com.br\/index.php\/2026\/01\/04\/como-reduzir-custos-sem-perder-qualidade-nos-condominios\/","title":{"rendered":"Como reduzir custos sem perder qualidade nos condom\u00ednios?"},"content":{"rendered":"<div class='code-block code-block-1' style='margin: 8px 0 8px auto; text-align: right; display: block; clear: both;'>\n<p><a href=\"https:\/\/wa.link\/vpicfd\"><img data-recalc-dims=\"1\" class=\"wp-image-4922\" style=\"aspect-ratio: 2.0253164556962027; width: 561px; height: auto;\" src=\"https:\/\/i0.wp.com\/ismaelcolosi.com.br\/wp-content\/uploads\/2023\/11\/grupo-de-empregos-whatsapp-e-facebook-ismael-colosi-vagas.jpg?ssl=1\" alt=\"\" \/><\/a><\/p>\n<!-- \/wp:image -->\n<\/div>\n<p> <br \/>\n<\/p>\n<div>\n<p>A chegada de um novo ano \u00e9 sempre acompanhada por reflex\u00f5es sobre finan\u00e7as e planejamento. Nos condom\u00ednios, o desafio \u00e9 ainda maior: manter a qualidade dos servi\u00e7os, preservar o patrim\u00f4nio coletivo e, ao mesmo tempo, evitar aumentos excessivos nas cotas condominiais. Para isso, s\u00edndicos e conselhos t\u00eam buscado estabelecer metas claras de redu\u00e7\u00e3o de custos, n\u00e3o como cortes arbitr\u00e1rios, mas como estrat\u00e9gias de otimiza\u00e7\u00e3o de recursos.<\/p>\n<p>Do ponto de vista jur\u00eddico, o s\u00edndico tem o dever de dilig\u00eancia e transpar\u00eancia previsto no <a href=\"https:\/\/www.planalto.gov.br\/ccivil_03\/leis\/2002\/l10406compilada.htm\" data-type=\"link\" data-id=\"https:\/\/www.planalto.gov.br\/ccivil_03\/leis\/2002\/l10406compilada.htm\" target=\"_blank\" rel=\"noopener\"><strong>C\u00f3digo Civil <\/strong>(art. 1.348).<\/a>\u00a0<\/p>\n<p><strong>Art. 1.348. Compete ao s\u00edndico:<\/strong><br \/>I \u2013 convocar a assembleia dos cond\u00f4minos;<br \/>II \u2013 representar, ativa e passivamente, o condom\u00ednio, em ju\u00edzo ou fora dele, e praticar, em defesa dos interesses comuns, os atos necess\u00e1rios;<br \/>III \u2013 dar imediato conhecimento \u00e0 assembleia da exist\u00eancia de procedimento judicial ou administrativo, de interesse do condom\u00ednio;<br \/>IV \u2013 cumprir e fazer cumprir a conven\u00e7\u00e3o, o regimento interno e as determina\u00e7\u00f5es da assembleia;<br \/>V \u2013 diligenciar a conserva\u00e7\u00e3o e a guarda das partes comuns e zelar pela presta\u00e7\u00e3o dos servi\u00e7os que interessem aos possuidores;<br \/>VI \u2013 elaborar o or\u00e7amento da receita e da despesa relativa a cada ano;<br \/>VII \u2013 cobrar dos cond\u00f4minos as suas contribui\u00e7\u00f5es, bem como impor e cobrar as multas devidas;<br \/>VIII \u2013 prestar contas \u00e0 assembleia, anualmente e quando exigidas;<br \/>IX \u2013 realizar o seguro da edifica\u00e7\u00e3o.<\/p>\n<p>Especialmente os incisos VI e VIII,\u00a0obrigam o s\u00edndico a elaborar o or\u00e7amento anual e prestar contas \u00e0 assembleia. Isso significa que a busca por efici\u00eancia financeira n\u00e3o \u00e9 apenas uma boa pr\u00e1tica administrativa, mas um dever legal.<\/p>\n<p>Na pr\u00e1tica, o s\u00edndico que negligencia a an\u00e1lise de despesas ou deixa de propor medidas de economia pode ser questionado judicialmente por m\u00e1 gest\u00e3o. Por outro lado, aquele que atua com planejamento, transpar\u00eancia e foco no interesse coletivo cumpre sua fun\u00e7\u00e3o legal e fortalece a confian\u00e7a dos moradores.<\/p>\n<p>Assim, ao iniciar um novo ano, s\u00edndicos que estabelecem metas de redu\u00e7\u00e3o de custos n\u00e3o apenas asseguram a sa\u00fade financeira do condom\u00ednio, mas tamb\u00e9m demonstram conformidade com a lei, evitando lit\u00edgios e valorizando o patrim\u00f4nio coletivo.<\/p>\n<p>Isso significa que qualquer medida de economia deve ser fundamentada em diagn\u00f3stico detalhado e aprovada em conjunto com o conselho e a administradora. <mark style=\"background-color:#fcb900\" class=\"has-inline-color has-black-color\">Cortes que comprometam seguran\u00e7a, limpeza ou manuten\u00e7\u00e3o podem configurar m\u00e1 gest\u00e3o e gerar responsabilidade civil.<\/mark><\/p>\n<h2 class=\"wp-block-heading\"><strong>Exemplos pr\u00e1ticos de cortes inteligentes:<\/strong><\/h2>\n<ul class=\"wp-block-list\">\n<li><strong>Energia el\u00e9trica:<\/strong> substitui\u00e7\u00e3o de l\u00e2mpadas fluorescentes por LED, instala\u00e7\u00e3o de sensores de presen\u00e7a em \u00e1reas comuns e negocia\u00e7\u00e3o de tarifas com fornecedores.<\/li>\n<li><strong>\u00c1gua:<\/strong> implanta\u00e7\u00e3o de sistemas de reuso, manuten\u00e7\u00e3o preventiva em encanamentos para evitar vazamentos e campanhas de conscientiza\u00e7\u00e3o entre moradores.<\/li>\n<li><strong>Contratos de servi\u00e7os:<\/strong> renegocia\u00e7\u00e3o com empresas de limpeza e seguran\u00e7a, buscando melhores condi\u00e7\u00f5es sem reduzir a qualidade.<\/li>\n<li><strong>Tecnologia:<\/strong> ado\u00e7\u00e3o de aplicativos de gest\u00e3o condominial que reduzem custos com papel, impress\u00e3o e tempo administrativo.<\/li>\n<li><strong>Seguros:<\/strong> revis\u00e3o anual das ap\u00f3lices para evitar sobreposi\u00e7\u00e3o de coberturas e garantir pre\u00e7os mais competitivos.<\/li>\n<\/ul>\n<p>Essas medidas n\u00e3o apenas reduzem despesas, mas tamb\u00e9m criam reservas financeiras para investimentos futuros, como moderniza\u00e7\u00e3o de \u00e1reas comuns, instala\u00e7\u00e3o de pain\u00e9is solares ou melhorias na acessibilidade.<\/p>\n<h2 class=\"wp-block-heading\"><strong>Expectativas para 2026:<\/strong><\/h2>\n<p>Especialistas apontam que o novo ano ser\u00e1 marcado por maior press\u00e3o inflacion\u00e1ria sobre servi\u00e7os essenciais, como seguran\u00e7a e limpeza. Ao mesmo tempo, cresce a demanda por pr\u00e1ticas sustent\u00e1veis e tecnol\u00f3gicas, que podem gerar economia significativa no m\u00e9dio prazo. Condom\u00ednios que adotarem metas de redu\u00e7\u00e3o de custos de forma planejada e transparente estar\u00e3o mais preparados para enfrentar esses desafios, evitando surpresas desagrad\u00e1veis nas assembleias e fortalecendo a confian\u00e7a dos moradores.<\/p>\n<p>Reduzir custos \u00e9 obriga\u00e7\u00e3o de gest\u00e3o respons\u00e1vel, mas deve ser feito com equil\u00edbrio e foco no interesse coletivo. S\u00edndicos que atuam com planejamento, comunica\u00e7\u00e3o e transpar\u00eancia n\u00e3o apenas cumprem seu papel legal, como tamb\u00e9m se consolidam como l\u00edderes estrat\u00e9gicos, capazes de conduzir o condom\u00ednio a um futuro financeiramente saud\u00e1vel e socialmente sustent\u00e1vel.<\/p>\n<p>SAIBA MAIS<br \/>Shopping de Ribeir\u00e3o Preto ter\u00e1 estacionamento gratuito na hora do almo\u00e7o<\/p>\n<h2 class=\"wp-block-heading\"><strong>FIQUE ON<\/strong><\/h2>\n<p>Fique ligado em tudo que acontece em Ribeir\u00e3o Preto e regi\u00e3o. Siga os perfis do<strong>\u00a0acidade on<\/strong>\u00a0no\u00a0<a href=\"https:\/\/www.instagram.com\/acidadeonribeirao\/\" data-type=\"link\" data-id=\"https:\/\/www.instagram.com\/acidadeonribeirao\/\" target=\"_blank\" rel=\"noopener\">Instagram\u00a0<\/a>e no\u00a0<a href=\"https:\/\/www.facebook.com\/acidadeonribeirao\/?_rdc=1&amp;_rdr#\" data-type=\"link\" data-id=\"https:\/\/www.facebook.com\/acidadeonribeirao\/?_rdc=1&amp;_rdr#\" target=\"_blank\" rel=\"noopener\">Facebook<\/a>.<\/p>\n<p>Receba not\u00edcias do\u00a0<strong>acidade on\u00a0<\/strong>no WhatsApp. Para entrar no grupo,\u00a0basta <a href=\"https:\/\/chat.whatsapp.com\/GFH9HUMUTHNFJdnyEd0xxq\" data-type=\"link\" data-id=\"https:\/\/chat.whatsapp.com\/GFH9HUMUTHNFJdnyEd0xxq\" target=\"_blank\" rel=\"noopener\">clicar aqui<\/a>. Ou, acesse o nosso\u00a0Canal <a href=\"https:\/\/whatsapp.com\/channel\/0029Vb6IQl1JENyAeS57fk2p\" data-type=\"link\" data-id=\"https:\/\/whatsapp.com\/channel\/0029Vb6IQl1JENyAeS57fk2p\" target=\"_blank\" rel=\"noopener\">clicando aqui<\/a>.<\/p>\n<p>Fa\u00e7a uma den\u00fancia ou sugira uma reportagem sobre Ribeir\u00e3o Preto e regi\u00e3o pelo WhatsApp: 16 99117 7802.<\/p>\n<p>VEJA TAMB\u00c9M<br \/>Experi\u00eancia e adapta\u00e7\u00e3o tornam vi\u00e1vel o cultivo de abacaxi fora dos polos tradicionais<\/p>\n<p><!-- AI CONTENT END 1 -->\n<\/div>\n<p><script async src=\"\/\/www.instagram.com\/embed.js\"><\/script><br \/>\n<br \/><br \/>\n<br \/><a href=\"https:\/\/www.acidadeon.com\/ribeiraopreto\/cotidiano\/colunistas-ribeirao-preto\/como-reduzir-custos-sem-perder-qualidade-nos-condominios\/\">Source link <\/a><\/p>\n<!-- CONTENT END 1 -->\n","protected":false},"excerpt":{"rendered":"<p>A chegada de um novo ano \u00e9 sempre acompanhada por reflex\u00f5es sobre finan\u00e7as e planejamento. Nos condom\u00ednios, o desafio \u00e9 ainda maior: manter a qualidade&#8230;<\/p>\n","protected":false},"author":1,"featured_media":73614,"comment_status":"open","ping_status":"open","sticky":false,"template":"","format":"standard","meta":{"advanced_seo_description":"","jetpack_seo_html_title":"","jetpack_seo_noindex":false,"jetpack_post_was_ever_published":false,"_jetpack_newsletter_access":"","_jetpack_dont_email_post_to_subs":false,"_jetpack_newsletter_tier_id":0,"_jetpack_memberships_contains_paywalled_content":false,"_jetpack_memberships_contains_paid_content":false,"footnotes":"","jetpack_publicize_message":"","jetpack_publicize_feature_enabled":true,"jetpack_social_post_already_shared":true,"jetpack_social_options":{"image_generator_settings":{"template":"highway","default_image_id":0,"font":"","enabled":false},"version":2}},"categories":[11],"tags":[],"class_list":["post-81382","post","type-post","status-publish","format-standard","has-post-thumbnail","hentry","category-noticias-de-ribeirao-preto-sp-e-regiao-ismael-colosi"],"jetpack_publicize_connections":[],"jetpack_featured_media_url":"https:\/\/i0.wp.com\/noticiasribeiraopreto.com.br\/wp-content\/uploads\/2025\/07\/DR-MARCIO-SPIMPOLO_2025-05-16_17-40-37.webp.webp?fit=997%2C718&ssl=1","jetpack-related-posts":[{"id":63557,"url":"https:\/\/noticiasribeiraopreto.com.br\/index.php\/2025\/02\/16\/previsao-orcamentaria-e-prestacao-de-contas-como-apresenta-las-de-forma-transparente\/","url_meta":{"origin":81382,"position":0},"title":"Previs\u00e3o Or\u00e7ament\u00e1ria e Presta\u00e7\u00e3o de Contas: Como apresent\u00e1-las de forma transparente?","author":"noticiasribeiraopreto.com.br","date":"16 de February de 2025","format":false,"excerpt":"A previs\u00e3o or\u00e7ament\u00e1ria \u00e9 uma\u00a0ferramenta indispens\u00e1vel\u00a0para assegurar a sa\u00fade financeira e uma gest\u00e3o eficiente dos condom\u00ednios.\u00a0Aliada \u00e0 transpar\u00eancia, ela n\u00e3o apenas contribui para a valoriza\u00e7\u00e3o do patrim\u00f4nio, mas tamb\u00e9m\u00a0minimiza conflitos entre os cond\u00f4minos\u00a0e\u00a0fortalece a credibilidade da administra\u00e7\u00e3o.\u00a0Essa combina\u00e7\u00e3o de planejamento e clareza\u00a0\u00e9 fundamental para construir um ambiente harmonioso e sustent\u00e1vel,\u2026","rel":"","context":"In &quot;Not\u00edcias de Ribeir\u00e3o Preto-SP e Regi\u00e3o&quot;","block_context":{"text":"Not\u00edcias de Ribeir\u00e3o Preto-SP e Regi\u00e3o","link":"https:\/\/noticiasribeiraopreto.com.br\/index.php\/category\/noticias-de-ribeirao-preto-sp-e-regiao-ismael-colosi\/"},"img":{"alt_text":"","src":"https:\/\/i0.wp.com\/noticiasribeiraopreto.com.br\/wp-content\/uploads\/2025\/02\/marcio-spimpolo_2025-02-14_21-18-47_jpeg_2025-02-14_21-18-47.webp.webp?fit=1200%2C675&ssl=1&resize=350%2C200","width":350,"height":200,"srcset":"https:\/\/i0.wp.com\/noticiasribeiraopreto.com.br\/wp-content\/uploads\/2025\/02\/marcio-spimpolo_2025-02-14_21-18-47_jpeg_2025-02-14_21-18-47.webp.webp?fit=1200%2C675&ssl=1&resize=350%2C200 1x, https:\/\/i0.wp.com\/noticiasribeiraopreto.com.br\/wp-content\/uploads\/2025\/02\/marcio-spimpolo_2025-02-14_21-18-47_jpeg_2025-02-14_21-18-47.webp.webp?fit=1200%2C675&ssl=1&resize=525%2C300 1.5x, https:\/\/i0.wp.com\/noticiasribeiraopreto.com.br\/wp-content\/uploads\/2025\/02\/marcio-spimpolo_2025-02-14_21-18-47_jpeg_2025-02-14_21-18-47.webp.webp?fit=1200%2C675&ssl=1&resize=700%2C400 2x, https:\/\/i0.wp.com\/noticiasribeiraopreto.com.br\/wp-content\/uploads\/2025\/02\/marcio-spimpolo_2025-02-14_21-18-47_jpeg_2025-02-14_21-18-47.webp.webp?fit=1200%2C675&ssl=1&resize=1050%2C600 3x"},"classes":[]},{"id":79847,"url":"https:\/\/noticiasribeiraopreto.com.br\/index.php\/2025\/11\/09\/o-fluxo-de-caixa-do-condominio-como-ter-sustentabilidade-financeira\/","url_meta":{"origin":81382,"position":1},"title":"O Fluxo de Caixa do Condom\u00ednio &#8211; Como ter Sustentabilidade Financeira?","author":"noticiasribeiraopreto.com.br","date":"9 de November de 2025","format":false,"excerpt":"Em tempos de instabilidade econ\u00f4mica e crescente judicializa\u00e7\u00e3o das rela\u00e7\u00f5es condominiais, a gest\u00e3o financeira dos condom\u00ednios deixou de ser uma tarefa burocr\u00e1tica para se tornar uma verdadeira miss\u00e3o de responsabilidade coletiva. Sem um controle rigoroso do fluxo de caixa, administrar um condom\u00ednio equivale a apostar na sorte \u2014 e sorte,\u2026","rel":"","context":"In &quot;Not\u00edcias de Ribeir\u00e3o Preto-SP e Regi\u00e3o&quot;","block_context":{"text":"Not\u00edcias de Ribeir\u00e3o Preto-SP e Regi\u00e3o","link":"https:\/\/noticiasribeiraopreto.com.br\/index.php\/category\/noticias-de-ribeirao-preto-sp-e-regiao-ismael-colosi\/"},"img":{"alt_text":"","src":"https:\/\/i0.wp.com\/noticiasribeiraopreto.com.br\/wp-content\/uploads\/2025\/07\/DR-MARCIO-SPIMPOLO_2025-05-16_17-40-37.webp.webp?fit=997%2C718&ssl=1&resize=350%2C200","width":350,"height":200,"srcset":"https:\/\/i0.wp.com\/noticiasribeiraopreto.com.br\/wp-content\/uploads\/2025\/07\/DR-MARCIO-SPIMPOLO_2025-05-16_17-40-37.webp.webp?fit=997%2C718&ssl=1&resize=350%2C200 1x, https:\/\/i0.wp.com\/noticiasribeiraopreto.com.br\/wp-content\/uploads\/2025\/07\/DR-MARCIO-SPIMPOLO_2025-05-16_17-40-37.webp.webp?fit=997%2C718&ssl=1&resize=525%2C300 1.5x, https:\/\/i0.wp.com\/noticiasribeiraopreto.com.br\/wp-content\/uploads\/2025\/07\/DR-MARCIO-SPIMPOLO_2025-05-16_17-40-37.webp.webp?fit=997%2C718&ssl=1&resize=700%2C400 2x"},"classes":[]},{"id":61273,"url":"https:\/\/noticiasribeiraopreto.com.br\/index.php\/2024\/12\/08\/desburocratizacao-nos-condominios-acidade-on-ribeirao-preto\/","url_meta":{"origin":81382,"position":2},"title":"Desburocratiza\u00e7\u00e3o nos condom\u00ednios &#8211; ACidade ON Ribeir\u00e3o Preto","author":"noticiasribeiraopreto.com.br","date":"8 de December de 2024","format":false,"excerpt":"A administra\u00e7\u00e3o condominial no Brasil, frequentemente marcada por processos burocr\u00e1ticos e custos elevados, acaba de viver uma mudan\u00e7a importante com a publica\u00e7\u00e3o do Provimento 183\/24 pela Corregedoria Nacional de Justi\u00e7a. Esta nova norma promete transformar a maneira como as assembleias e documentos condominiais s\u00e3o tratados, simplificando e desburocratizando procedimentos essenciais\u2026","rel":"","context":"In &quot;Not\u00edcias de Ribeir\u00e3o Preto-SP e Regi\u00e3o&quot;","block_context":{"text":"Not\u00edcias de Ribeir\u00e3o Preto-SP e Regi\u00e3o","link":"https:\/\/noticiasribeiraopreto.com.br\/index.php\/category\/noticias-de-ribeirao-preto-sp-e-regiao-ismael-colosi\/"},"img":{"alt_text":"","src":"https:\/\/i0.wp.com\/noticiasribeiraopreto.com.br\/wp-content\/uploads\/2024\/03\/AnyConv.com__WhatsApp-Image-2024-02-29-at-15.18.26.webp.webp?fit=640%2C405&ssl=1&resize=350%2C200","width":350,"height":200,"srcset":"https:\/\/i0.wp.com\/noticiasribeiraopreto.com.br\/wp-content\/uploads\/2024\/03\/AnyConv.com__WhatsApp-Image-2024-02-29-at-15.18.26.webp.webp?fit=640%2C405&ssl=1&resize=350%2C200 1x, https:\/\/i0.wp.com\/noticiasribeiraopreto.com.br\/wp-content\/uploads\/2024\/03\/AnyConv.com__WhatsApp-Image-2024-02-29-at-15.18.26.webp.webp?fit=640%2C405&ssl=1&resize=525%2C300 1.5x"},"classes":[]},{"id":62140,"url":"https:\/\/noticiasribeiraopreto.com.br\/index.php\/2025\/01\/05\/a-prevencao-de-incendios-em-condominios-e-a-responsabilidade-dos-sindicos\/","url_meta":{"origin":81382,"position":3},"title":"A Preven\u00e7\u00e3o de Inc\u00eandios em Condom\u00ednios e a Responsabilidade dos S\u00edndicos","author":"noticiasribeiraopreto.com.br","date":"5 de January de 2025","format":false,"excerpt":"A preven\u00e7\u00e3o de inc\u00eandios em condom\u00ednios \u00e9 um tema de extrema import\u00e2ncia, especialmente considerando a proximidade das unidades habitacionais e o potencial de um inc\u00eandio se espalhar rapidamente. Os s\u00edndicos desempenham um papel crucial na implementa\u00e7\u00e3o de medidas preventivas e na conscientiza\u00e7\u00e3o dos moradores sobre a seguran\u00e7a no ambiente coletivo.\u2026","rel":"","context":"In &quot;Not\u00edcias de Ribeir\u00e3o Preto-SP e Regi\u00e3o&quot;","block_context":{"text":"Not\u00edcias de Ribeir\u00e3o Preto-SP e Regi\u00e3o","link":"https:\/\/noticiasribeiraopreto.com.br\/index.php\/category\/noticias-de-ribeirao-preto-sp-e-regiao-ismael-colosi\/"},"img":{"alt_text":"","src":"https:\/\/i0.wp.com\/noticiasribeiraopreto.com.br\/wp-content\/uploads\/2024\/03\/AnyConv.com__WhatsApp-Image-2024-02-29-at-15.18.26.webp.webp?fit=640%2C405&ssl=1&resize=350%2C200","width":350,"height":200,"srcset":"https:\/\/i0.wp.com\/noticiasribeiraopreto.com.br\/wp-content\/uploads\/2024\/03\/AnyConv.com__WhatsApp-Image-2024-02-29-at-15.18.26.webp.webp?fit=640%2C405&ssl=1&resize=350%2C200 1x, https:\/\/i0.wp.com\/noticiasribeiraopreto.com.br\/wp-content\/uploads\/2024\/03\/AnyConv.com__WhatsApp-Image-2024-02-29-at-15.18.26.webp.webp?fit=640%2C405&ssl=1&resize=525%2C300 1.5x"},"classes":[]},{"id":57439,"url":"https:\/\/noticiasribeiraopreto.com.br\/index.php\/2024\/09\/01\/responsabilidade-do-sindico-com-as-correspondencias-do-condominio\/","url_meta":{"origin":81382,"position":4},"title":"Responsabilidade do s\u00edndico com as correspond\u00eancias do condom\u00ednio","author":"noticiasribeiraopreto.com.br","date":"1 de September de 2024","format":false,"excerpt":"A figura do s\u00edndico em um condom\u00ednio \u00e9 revestida de uma s\u00e9rie de responsabilidades, as quais est\u00e3o intimamente ligadas \u00e0 administra\u00e7\u00e3o e gest\u00e3o dos interesses comuns dos cond\u00f4minos. Dentre essas responsabilidades, destaca-se o tratamento das correspond\u00eancias que chegam ao condom\u00ednio, o que envolve quest\u00f5es de seguran\u00e7a, privacidade e efici\u00eancia na\u2026","rel":"","context":"In &quot;Not\u00edcias de Ribeir\u00e3o Preto-SP e Regi\u00e3o&quot;","block_context":{"text":"Not\u00edcias de Ribeir\u00e3o Preto-SP e Regi\u00e3o","link":"https:\/\/noticiasribeiraopreto.com.br\/index.php\/category\/noticias-de-ribeirao-preto-sp-e-regiao-ismael-colosi\/"},"img":{"alt_text":"","src":"https:\/\/i0.wp.com\/noticiasribeiraopreto.com.br\/wp-content\/uploads\/2024\/03\/AnyConv.com__WhatsApp-Image-2024-02-29-at-15.18.26.webp.webp?fit=640%2C405&ssl=1&resize=350%2C200","width":350,"height":200,"srcset":"https:\/\/i0.wp.com\/noticiasribeiraopreto.com.br\/wp-content\/uploads\/2024\/03\/AnyConv.com__WhatsApp-Image-2024-02-29-at-15.18.26.webp.webp?fit=640%2C405&ssl=1&resize=350%2C200 1x, https:\/\/i0.wp.com\/noticiasribeiraopreto.com.br\/wp-content\/uploads\/2024\/03\/AnyConv.com__WhatsApp-Image-2024-02-29-at-15.18.26.webp.webp?fit=640%2C405&ssl=1&resize=525%2C300 1.5x"},"classes":[]},{"id":83611,"url":"https:\/\/noticiasribeiraopreto.com.br\/index.php\/2026\/03\/22\/tragedia-em-interlagos-a-responsabilidade-civil-e-criminal-na-gestao-condominial\/","url_meta":{"origin":81382,"position":5},"title":"Trag\u00e9dia em Interlagos: A Responsabilidade Civil e Criminal na Gest\u00e3o Condominial","author":"noticiasribeiraopreto.com.br","date":"22 de March de 2026","format":false,"excerpt":"O recente caso da menina de 11 anos que morreu eletrocutada em um condom\u00ednio em Interlagos, na zona sul de S\u00e3o Paulo, acendeu um alerta cr\u00edtico para gestores em todo o pa\u00eds. A crian\u00e7a foi encontrada em uma casa de m\u00e1quinas, \u00e1rea que deveria estar isolada, ap\u00f3s tocar em fios\u2026","rel":"","context":"In &quot;Not\u00edcias de Ribeir\u00e3o Preto-SP e Regi\u00e3o&quot;","block_context":{"text":"Not\u00edcias de Ribeir\u00e3o Preto-SP e Regi\u00e3o","link":"https:\/\/noticiasribeiraopreto.com.br\/index.php\/category\/noticias-de-ribeirao-preto-sp-e-regiao-ismael-colosi\/"},"img":{"alt_text":"","src":"https:\/\/i0.wp.com\/noticiasribeiraopreto.com.br\/wp-content\/uploads\/2025\/05\/DR-MARCIO-SPIMPOLO_2025-05-16_17-40-37.webp.webp?fit=997%2C718&ssl=1&resize=350%2C200","width":350,"height":200,"srcset":"https:\/\/i0.wp.com\/noticiasribeiraopreto.com.br\/wp-content\/uploads\/2025\/05\/DR-MARCIO-SPIMPOLO_2025-05-16_17-40-37.webp.webp?fit=997%2C718&ssl=1&resize=350%2C200 1x, https:\/\/i0.wp.com\/noticiasribeiraopreto.com.br\/wp-content\/uploads\/2025\/05\/DR-MARCIO-SPIMPOLO_2025-05-16_17-40-37.webp.webp?fit=997%2C718&ssl=1&resize=525%2C300 1.5x, https:\/\/i0.wp.com\/noticiasribeiraopreto.com.br\/wp-content\/uploads\/2025\/05\/DR-MARCIO-SPIMPOLO_2025-05-16_17-40-37.webp.webp?fit=997%2C718&ssl=1&resize=700%2C400 2x"},"classes":[]}],"jetpack_sharing_enabled":true,"jetpack_shortlink":"https:\/\/wp.me\/peQAOb-laC","_links":{"self":[{"href":"https:\/\/noticiasribeiraopreto.com.br\/index.php\/wp-json\/wp\/v2\/posts\/81382","targetHints":{"allow":["GET"]}}],"collection":[{"href":"https:\/\/noticiasribeiraopreto.com.br\/index.php\/wp-json\/wp\/v2\/posts"}],"about":[{"href":"https:\/\/noticiasribeiraopreto.com.br\/index.php\/wp-json\/wp\/v2\/types\/post"}],"author":[{"embeddable":true,"href":"https:\/\/noticiasribeiraopreto.com.br\/index.php\/wp-json\/wp\/v2\/users\/1"}],"replies":[{"embeddable":true,"href":"https:\/\/noticiasribeiraopreto.com.br\/index.php\/wp-json\/wp\/v2\/comments?post=81382"}],"version-history":[{"count":0,"href":"https:\/\/noticiasribeiraopreto.com.br\/index.php\/wp-json\/wp\/v2\/posts\/81382\/revisions"}],"wp:featuredmedia":[{"embeddable":true,"href":"https:\/\/noticiasribeiraopreto.com.br\/index.php\/wp-json\/wp\/v2\/media\/73614"}],"wp:attachment":[{"href":"https:\/\/noticiasribeiraopreto.com.br\/index.php\/wp-json\/wp\/v2\/media?parent=81382"}],"wp:term":[{"taxonomy":"category","embeddable":true,"href":"https:\/\/noticiasribeiraopreto.com.br\/index.php\/wp-json\/wp\/v2\/categories?post=81382"},{"taxonomy":"post_tag","embeddable":true,"href":"https:\/\/noticiasribeiraopreto.com.br\/index.php\/wp-json\/wp\/v2\/tags?post=81382"}],"curies":[{"name":"wp","href":"https:\/\/api.w.org\/{rel}","templated":true}]}}