{"id":81383,"date":"2026-01-04T07:04:16","date_gmt":"2026-01-04T10:04:16","guid":{"rendered":"https:\/\/noticiasribeiraopreto.com.br\/index.php\/2026\/01\/04\/entenda-situacao-dos-museus-e-de-nova-secretaria-de-ribeirao-preto\/"},"modified":"2026-01-04T07:04:16","modified_gmt":"2026-01-04T10:04:16","slug":"entenda-situacao-dos-museus-e-de-nova-secretaria-de-ribeirao-preto","status":"publish","type":"post","link":"https:\/\/noticiasribeiraopreto.com.br\/index.php\/2026\/01\/04\/entenda-situacao-dos-museus-e-de-nova-secretaria-de-ribeirao-preto\/","title":{"rendered":"Entenda situa\u00e7\u00e3o dos museus e de nova secretaria de Ribeir\u00e3o Preto"},"content":{"rendered":"<div class='code-block code-block-1' style='margin: 8px 0 8px auto; text-align: right; display: block; clear: both;'>\n<p><a href=\"https:\/\/wa.link\/vpicfd\"><img data-recalc-dims=\"1\" class=\"wp-image-4922\" style=\"aspect-ratio: 2.0253164556962027; width: 561px; height: auto;\" src=\"https:\/\/i0.wp.com\/ismaelcolosi.com.br\/wp-content\/uploads\/2023\/11\/grupo-de-empregos-whatsapp-e-facebook-ismael-colosi-vagas.jpg?ssl=1\" alt=\"\" \/><\/a><\/p>\n<!-- \/wp:image -->\n<\/div>\n<p> <br \/>\n<\/p>\n<div>\n<p>O prefeito de<strong> Ribeir\u00e3o Preto<\/strong>, <strong>Ricardo Silva (PSD)<\/strong>, disse que a Administra\u00e7\u00e3o Municipal ainda aguarda um parecer da Secretaria Municipal da Cultura para definir a situa\u00e7\u00e3o do complexo dos museus do Caf\u00e9 e Hist\u00f3rico. Na \u00faltima parte da entrevista concedida ao <strong>acidade on Ribeir\u00e3o<\/strong>, o prefeito tamb\u00e9m falou como deve ser a atua\u00e7\u00e3o da Secretaria da Cidadania e Pessoa com Defici\u00eancia.<\/p>\n<h2 class=\"wp-block-heading\"><strong>Situa\u00e7\u00e3o dos museus<\/strong><\/h2>\n<p>Na entrevista, o prefeito Ricardo Silva disse que as obras de restauro do complexo dos museus do Caf\u00e9 e Hist\u00f3rico podem receber parte dos recursos que seriam utilizados na constru\u00e7\u00e3o do centro administrativo que foi cancelado.<\/p>\n<p>\u201cEstamos com um investimento que n\u00f3s n\u00e3o gastamos com as obras do centro administrativo que podem ser alocados para reforma dos museus. <mark style=\"background-color:#fcb900\" class=\"has-inline-color has-black-color\">O projeto est\u00e1 com a Secretaria Municipal de Cultura, estou aguardando o parecer final, para que n\u00f3s possamos planejar os investimentos<\/mark>\u201d, disse.\u00a0<\/p>\n<p>Inicialmente, a previs\u00e3o \u00e9 de que a obra da reserva t\u00e9cnica, onde deve ficar a cole\u00e7\u00e3o dos museus, fosse conclu\u00edda em 15 meses, a partir da assinatura da ordem de servi\u00e7o \u2013 <a href=\"https:\/\/www.ribeiraopreto.sp.gov.br\/portal\/noticia\/licitacao-da-reserva-tecnica-do-complexo-de-museus-historico-e-do-cafe-obtem-mais-de-r-1-milhao-de-e\" data-type=\"link\" data-id=\"https:\/\/www.ribeiraopreto.sp.gov.br\/portal\/noticia\/licitacao-da-reserva-tecnica-do-complexo-de-museus-historico-e-do-cafe-obtem-mais-de-r-1-milhao-de-e\" target=\"_blank\" rel=\"noopener\">o contrato foi assinado em abril de 2024, ainda na gest\u00e3o de Duarte Nogueira<\/a>.<\/p>\n<p>No \u00faltimo m\u00eas de outubro de 2025, j\u00e1 na atual gest\u00e3o, a prefeitura assinou um termo de rerratifica\u00e7\u00e3o do contrato com a GG Ribeir\u00e3o Constru\u00e7\u00f5es Ltda, para atualizar o valor dos valores conforme a infla\u00e7\u00e3o, para R$ 5.029.191,16. O prazo do contrato tamb\u00e9m foi prorrogado por 180 dias, ou seja, maio de 2026.<\/p>\n<p>\u201cN\u00f3s vamos reestruturar os museus, eles n\u00e3o podem ficar parados, n\u00e3o podem ficar arrebentados como ficaram. Os museus contam a hist\u00f3ria de Ribeir\u00e3o Preto, contam a hist\u00f3ria do nosso povo. S\u00e3o uma importante ferramenta\u201d, completa o prefeito.\u00a0<\/p>\n<h2 class=\"wp-block-heading\"><strong>Acessibilidade para PCDs<\/strong><\/h2>\n<figure class=\"wp-block-image size-large\"><img data-recalc-dims=\"1\" fetchpriority=\"high\" decoding=\"async\" width=\"1024\" height=\"769\" src=\"https:\/\/i0.wp.com\/cdn.media-acidadeon.com.br\/ribeiraopreto\/wp-content\/uploads\/sites\/3\/2025\/12\/ricardo-silva_2025-12-13_18-40-46-1024x769.webp?resize=1024%2C769&#038;ssl=1\" alt=\"Prefeito de Ribeir\u00e3o Preto, Ricardo Silva (PSD) (Foto: Vitor Neves)\" class=\"wp-image-139310\" title=\"Entenda situa\u00e7\u00e3o dos museus e de nova secretaria de Ribeir\u00e3o Preto 1\" srcset=\"https:\/\/cdn.media-acidadeon.com.br\/ribeiraopreto\/wp-content\/uploads\/sites\/3\/2025\/12\/ricardo-silva_2025-12-13_18-40-46-1024x769.webp 1024w, https:\/\/cdn.media-acidadeon.com.br\/ribeiraopreto\/wp-content\/uploads\/sites\/3\/2025\/12\/ricardo-silva_2025-12-13_18-40-46-300x225.webp 300w, https:\/\/cdn.media-acidadeon.com.br\/ribeiraopreto\/wp-content\/uploads\/sites\/3\/2025\/12\/ricardo-silva_2025-12-13_18-40-46-768x577.webp 768w, https:\/\/cdn.media-acidadeon.com.br\/ribeiraopreto\/wp-content\/uploads\/sites\/3\/2025\/12\/ricardo-silva_2025-12-13_18-40-46-696x523.webp 696w, https:\/\/cdn.media-acidadeon.com.br\/ribeiraopreto\/wp-content\/uploads\/sites\/3\/2025\/12\/ricardo-silva_2025-12-13_18-40-46-1068x802.webp 1068w, https:\/\/cdn.media-acidadeon.com.br\/ribeiraopreto\/wp-content\/uploads\/sites\/3\/2025\/12\/ricardo-silva_2025-12-13_18-40-46.webp 1200w\" sizes=\"(max-width: 1024px) 100vw, 1024px\"\/><figcaption class=\"wp-element-caption\">Prefeito de Ribeir\u00e3o Preto, Ricardo Silva (PSD) (Foto: Vitor Neves)<\/figcaption><\/figure>\n<p>J\u00e1 sobre a atua\u00e7\u00e3o da nova Secretaria da Cidade e Pessoa com Defici\u00eancia, criada no ano passado com a reforma administrativa, o prefeito Ricardo Silva disse que a pasta ser\u00e1 respons\u00e1vel por \u201cmapear as vias da cidade para garantir que as secretarias de Obras e Infraestrutura fa\u00e7am as adequa\u00e7\u00f5es necess\u00e1rias de tudo o que n\u00f3s temos. Isso \u00e9 trabalhoso, \u00e9 custoso\u201d.<\/p>\n<p>\u201cEu sou filho de uma pessoa com defici\u00eancia, meu pai perdeu a vis\u00e3o quando eu tinha 2 anos de idade. Me deparo com uma cidade sem acessibilidade, as obras que estavam em andamento, muitas delas, sem nenhum tipo de medida para acessibilidade. Ao criar a Secretaria da Pessoa com Defici\u00eancia, a gente pensa pol\u00edticas transversais. Tudo o que for de obra, tudo que for de investimento na cidade vai ter que passar por essa pasta, para que ela d\u00ea o seu parecer. De tal modo que obras de nosso governo n\u00e3o poder\u00e3o sair sem o quesito acessibilidade\u201d, afirma.<\/p>\n<h2 class=\"wp-block-heading\"><strong>A entrevista<\/strong><\/h2>\n<p>O conte\u00fado da entrevista com o prefeito Ricardo Silva foi publicado ao longo das \u00faltimas semanas. Confira:<\/p>\n<p>Parte 1<\/p>\n<p>Parte 2<\/p>\n<p>Parte 3<\/p>\n<p>SAIBA MAIS<br \/>Shopping de Ribeir\u00e3o Preto ter\u00e1 estacionamento gratuito na hora do almo\u00e7o<\/p>\n<h2 class=\"wp-block-heading\"><strong>FIQUE ON<\/strong><\/h2>\n<p>Fique ligado em tudo que acontece em Ribeir\u00e3o Preto e regi\u00e3o. Siga os perfis do<strong>\u00a0acidade on<\/strong>\u00a0no\u00a0<a href=\"https:\/\/www.instagram.com\/acidadeonribeirao\/\" data-type=\"link\" data-id=\"https:\/\/www.instagram.com\/acidadeonribeirao\/\" target=\"_blank\" rel=\"noopener\">Instagram\u00a0<\/a>e no\u00a0<a href=\"https:\/\/www.facebook.com\/acidadeonribeirao\/?_rdc=1&amp;_rdr#\" data-type=\"link\" data-id=\"https:\/\/www.facebook.com\/acidadeonribeirao\/?_rdc=1&amp;_rdr#\" target=\"_blank\" rel=\"noopener\">Facebook<\/a>.<\/p>\n<p>Receba not\u00edcias do\u00a0<strong>acidade on\u00a0<\/strong>no WhatsApp. Para entrar no grupo,\u00a0basta <a href=\"https:\/\/chat.whatsapp.com\/GFH9HUMUTHNFJdnyEd0xxq\" data-type=\"link\" data-id=\"https:\/\/chat.whatsapp.com\/GFH9HUMUTHNFJdnyEd0xxq\" target=\"_blank\" rel=\"noopener\">clicar aqui<\/a>. Ou, acesse o nosso\u00a0Canal <a href=\"https:\/\/whatsapp.com\/channel\/0029Vb6IQl1JENyAeS57fk2p\" data-type=\"link\" data-id=\"https:\/\/whatsapp.com\/channel\/0029Vb6IQl1JENyAeS57fk2p\" target=\"_blank\" rel=\"noopener\">clicando aqui<\/a>.<\/p>\n<p>Fa\u00e7a uma den\u00fancia ou sugira uma reportagem sobre Ribeir\u00e3o Preto e regi\u00e3o pelo WhatsApp: 16 99117 7802.<\/p>\n<p>VEJA TAMB\u00c9M<br \/>Experi\u00eancia e adapta\u00e7\u00e3o tornam vi\u00e1vel o cultivo de abacaxi fora dos polos tradicionais<\/p>\n<p><!-- AI CONTENT END 1 -->\n<\/div>\n<p><script async src=\"\/\/www.instagram.com\/embed.js\"><\/script><br \/>\n<br \/><br \/>\n<br \/><a href=\"https:\/\/www.acidadeon.com\/ribeiraopreto\/politica\/nevio-archibald\/entenda-situacao-dos-museus-e-de-nova-secretaria-de-ribeirao-preto\/\">Source link <\/a><\/p>\n<!-- CONTENT END 1 -->\n","protected":false},"excerpt":{"rendered":"<p>O prefeito de Ribeir\u00e3o Preto, Ricardo Silva (PSD), disse que a Administra\u00e7\u00e3o Municipal ainda aguarda um parecer da Secretaria Municipal da Cultura para definir a&#8230;<\/p>\n","protected":false},"author":1,"featured_media":81384,"comment_status":"open","ping_status":"open","sticky":false,"template":"","format":"standard","meta":{"advanced_seo_description":"","jetpack_seo_html_title":"","jetpack_seo_noindex":false,"jetpack_post_was_ever_published":false,"_jetpack_newsletter_access":"","_jetpack_dont_email_post_to_subs":false,"_jetpack_newsletter_tier_id":0,"_jetpack_memberships_contains_paywalled_content":false,"_jetpack_memberships_contains_paid_content":false,"footnotes":"","jetpack_publicize_message":"","jetpack_publicize_feature_enabled":true,"jetpack_social_post_already_shared":true,"jetpack_social_options":{"image_generator_settings":{"template":"highway","default_image_id":0,"font":"","enabled":false},"version":2}},"categories":[11],"tags":[],"class_list":["post-81383","post","type-post","status-publish","format-standard","has-post-thumbnail","hentry","category-noticias-de-ribeirao-preto-sp-e-regiao-ismael-colosi"],"jetpack_publicize_connections":[],"jetpack_featured_media_url":"https:\/\/i0.wp.com\/noticiasribeiraopreto.com.br\/wp-content\/uploads\/2026\/01\/Copia-de-Copia-de-TAMANHO-EXATO-PARA-FOTOS-NO-SISTEMA-NOVO-28_2024-05-02_20-13-58_jpg_2024-05-02_20-13-59.webp.webp?fit=1200%2C675&ssl=1","jetpack-related-posts":[{"id":28590,"url":"https:\/\/noticiasribeiraopreto.com.br\/index.php\/2024\/01\/16\/apos-2-anos-entenda-a-situacao-do-restauro-dos-museus-do-cafe-e-historico-de-ribeirao\/","url_meta":{"origin":81383,"position":0},"title":"Ap\u00f3s 2 anos: Entenda a situa\u00e7\u00e3o do restauro dos museus do Caf\u00e9 e Hist\u00f3rico de Ribeir\u00e3o","author":"noticiasribeiraopreto.com.br","date":"16 de January de 2024","format":false,"excerpt":"Mais de dois anos ap\u00f3s a apresenta\u00e7\u00e3o do projeto de restauro do complexo dos museus Hist\u00f3rico e do Caf\u00e9 de Ribeir\u00e3o Preto, o Conppac (Conselho de Preserva\u00e7\u00e3o do Patrim\u00f4nio Cultural) aprovou, nesta segunda-feira (15), o projeto de constru\u00e7\u00e3o da Reserva T\u00e9cnica. De acordo com o Secretaria da Cultura e Turismo,\u2026","rel":"","context":"In &quot;Not\u00edcias de Ribeir\u00e3o Preto-SP e Regi\u00e3o&quot;","block_context":{"text":"Not\u00edcias de Ribeir\u00e3o Preto-SP e Regi\u00e3o","link":"https:\/\/noticiasribeiraopreto.com.br\/index.php\/category\/noticias-de-ribeirao-preto-sp-e-regiao-ismael-colosi\/"},"img":{"alt_text":"","src":"https:\/\/i0.wp.com\/noticiasribeiraopreto.com.br\/wp-content\/uploads\/2024\/01\/museus-ribeirao.jpg?fit=1200%2C751&ssl=1&resize=350%2C200","width":350,"height":200,"srcset":"https:\/\/i0.wp.com\/noticiasribeiraopreto.com.br\/wp-content\/uploads\/2024\/01\/museus-ribeirao.jpg?fit=1200%2C751&ssl=1&resize=350%2C200 1x, https:\/\/i0.wp.com\/noticiasribeiraopreto.com.br\/wp-content\/uploads\/2024\/01\/museus-ribeirao.jpg?fit=1200%2C751&ssl=1&resize=525%2C300 1.5x, https:\/\/i0.wp.com\/noticiasribeiraopreto.com.br\/wp-content\/uploads\/2024\/01\/museus-ribeirao.jpg?fit=1200%2C751&ssl=1&resize=700%2C400 2x, https:\/\/i0.wp.com\/noticiasribeiraopreto.com.br\/wp-content\/uploads\/2024\/01\/museus-ribeirao.jpg?fit=1200%2C751&ssl=1&resize=1050%2C600 3x"},"classes":[]},{"id":62242,"url":"https:\/\/noticiasribeiraopreto.com.br\/index.php\/2025\/01\/08\/ricardo-suspende-obra-do-novo-centro-administrativo-de-ribeirao-preto\/","url_meta":{"origin":81383,"position":1},"title":"Ricardo suspende obra do novo Centro Administrativo de Ribeir\u00e3o Preto","author":"noticiasribeiraopreto.com.br","date":"8 de January de 2025","format":false,"excerpt":"O prefeito de Ribeir\u00e3o Preto, Ricardo Silva (PSD), anunciou na manh\u00e3 desta quarta-feira (8) a suspens\u00e3o das obras do Centro Administrativo no Jardim Independ\u00eancia, na zona Norte. A obra est\u00e1 avaliada em R$ 173 milh\u00f5es. Segundo Ricardo Silva, a decis\u00e3o \u00e9 administrativa, portanto n\u00e3o passou por decis\u00e3o judicial. O chefe\u2026","rel":"","context":"In &quot;Not\u00edcias de Ribeir\u00e3o Preto-SP e Regi\u00e3o&quot;","block_context":{"text":"Not\u00edcias de Ribeir\u00e3o Preto-SP e Regi\u00e3o","link":"https:\/\/noticiasribeiraopreto.com.br\/index.php\/category\/noticias-de-ribeirao-preto-sp-e-regiao-ismael-colosi\/"},"img":{"alt_text":"","src":"https:\/\/i0.wp.com\/noticiasribeiraopreto.com.br\/wp-content\/uploads\/2024\/12\/centro-administrativo_2024-12-06_20-50-03_jpg_2024-12-06_20-50-03.webp.webp?fit=1200%2C869&ssl=1&resize=350%2C200","width":350,"height":200,"srcset":"https:\/\/i0.wp.com\/noticiasribeiraopreto.com.br\/wp-content\/uploads\/2024\/12\/centro-administrativo_2024-12-06_20-50-03_jpg_2024-12-06_20-50-03.webp.webp?fit=1200%2C869&ssl=1&resize=350%2C200 1x, https:\/\/i0.wp.com\/noticiasribeiraopreto.com.br\/wp-content\/uploads\/2024\/12\/centro-administrativo_2024-12-06_20-50-03_jpg_2024-12-06_20-50-03.webp.webp?fit=1200%2C869&ssl=1&resize=525%2C300 1.5x, https:\/\/i0.wp.com\/noticiasribeiraopreto.com.br\/wp-content\/uploads\/2024\/12\/centro-administrativo_2024-12-06_20-50-03_jpg_2024-12-06_20-50-03.webp.webp?fit=1200%2C869&ssl=1&resize=700%2C400 2x, https:\/\/i0.wp.com\/noticiasribeiraopreto.com.br\/wp-content\/uploads\/2024\/12\/centro-administrativo_2024-12-06_20-50-03_jpg_2024-12-06_20-50-03.webp.webp?fit=1200%2C869&ssl=1&resize=1050%2C600 3x"},"classes":[]},{"id":48400,"url":"https:\/\/noticiasribeiraopreto.com.br\/index.php\/2024\/05\/02\/prefeitura-autoriza-inicio-de-revitalizacao-de-museus-de-ribeirao-preto\/","url_meta":{"origin":81383,"position":2},"title":"Prefeitura autoriza in\u00edcio de revitaliza\u00e7\u00e3o de museus de Ribeir\u00e3o Preto","author":"noticiasribeiraopreto.com.br","date":"2 de May de 2024","format":false,"excerpt":"A constru\u00e7\u00e3o da reserva t\u00e9cnica do complexo dos museus Hist\u00f3rico e do Caf\u00e9 em Ribeir\u00e3o Preto, que abrigar\u00e1 mais de 6 mil pe\u00e7as catalogadas, foi autorizada pela prefeitura nesta quinta-feira (2). A previs\u00e3o \u00e9 de que a obra seja conclu\u00edda em 15 meses. Com o in\u00edcio das obras da reserva\u2026","rel":"","context":"In &quot;Not\u00edcias de Ribeir\u00e3o Preto-SP e Regi\u00e3o&quot;","block_context":{"text":"Not\u00edcias de Ribeir\u00e3o Preto-SP e Regi\u00e3o","link":"https:\/\/noticiasribeiraopreto.com.br\/index.php\/category\/noticias-de-ribeirao-preto-sp-e-regiao-ismael-colosi\/"},"img":{"alt_text":"","src":"https:\/\/i0.wp.com\/noticiasribeiraopreto.com.br\/wp-content\/uploads\/2024\/05\/Copia-de-Copia-de-TAMANHO-EXATO-PARA-FOTOS-NO-SISTEMA-NOVO-28_2024-05-02_20-13-58_jpg_2024-05-02_20-13-59.webp.webp?fit=1200%2C675&ssl=1&resize=350%2C200","width":350,"height":200,"srcset":"https:\/\/i0.wp.com\/noticiasribeiraopreto.com.br\/wp-content\/uploads\/2024\/05\/Copia-de-Copia-de-TAMANHO-EXATO-PARA-FOTOS-NO-SISTEMA-NOVO-28_2024-05-02_20-13-58_jpg_2024-05-02_20-13-59.webp.webp?fit=1200%2C675&ssl=1&resize=350%2C200 1x, https:\/\/i0.wp.com\/noticiasribeiraopreto.com.br\/wp-content\/uploads\/2024\/05\/Copia-de-Copia-de-TAMANHO-EXATO-PARA-FOTOS-NO-SISTEMA-NOVO-28_2024-05-02_20-13-58_jpg_2024-05-02_20-13-59.webp.webp?fit=1200%2C675&ssl=1&resize=525%2C300 1.5x, https:\/\/i0.wp.com\/noticiasribeiraopreto.com.br\/wp-content\/uploads\/2024\/05\/Copia-de-Copia-de-TAMANHO-EXATO-PARA-FOTOS-NO-SISTEMA-NOVO-28_2024-05-02_20-13-58_jpg_2024-05-02_20-13-59.webp.webp?fit=1200%2C675&ssl=1&resize=700%2C400 2x, https:\/\/i0.wp.com\/noticiasribeiraopreto.com.br\/wp-content\/uploads\/2024\/05\/Copia-de-Copia-de-TAMANHO-EXATO-PARA-FOTOS-NO-SISTEMA-NOVO-28_2024-05-02_20-13-58_jpg_2024-05-02_20-13-59.webp.webp?fit=1200%2C675&ssl=1&resize=1050%2C600 3x"},"classes":[]},{"id":43600,"url":"https:\/\/noticiasribeiraopreto.com.br\/index.php\/2024\/03\/22\/entenda-como-vai-ser-o-restauro-dos-museus-historico-e-do-cafe-em-ribeirao-preto\/","url_meta":{"origin":81383,"position":3},"title":"Entenda como vai ser o restauro dos museus Hist\u00f3rico e do Caf\u00e9 em Ribeir\u00e3o Preto","author":"noticiasribeiraopreto.com.br","date":"22 de March de 2024","format":false,"excerpt":"A Prefeitura de Ribeir\u00e3o Preto publicou o edital da licita\u00e7\u00e3o para constru\u00e7\u00e3o do pr\u00e9dio da reserva t\u00e9cnica dos museus Hist\u00f3rico e do Caf\u00e9. A escolha da empresa para o projeto ser\u00e1 realizada por meio de sess\u00e3o p\u00fablica no pr\u00f3ximo dia 11 de abril de 2024. O valor estimado para obra\u2026","rel":"","context":"In &quot;Not\u00edcias de Ribeir\u00e3o Preto-SP e Regi\u00e3o&quot;","block_context":{"text":"Not\u00edcias de Ribeir\u00e3o Preto-SP e Regi\u00e3o","link":"https:\/\/noticiasribeiraopreto.com.br\/index.php\/category\/noticias-de-ribeirao-preto-sp-e-regiao-ismael-colosi\/"},"img":{"alt_text":"","src":"https:\/\/i0.wp.com\/noticiasribeiraopreto.com.br\/wp-content\/uploads\/2024\/03\/AnyConv.com__museus.webp.webp?fit=1200%2C675&ssl=1&resize=350%2C200","width":350,"height":200,"srcset":"https:\/\/i0.wp.com\/noticiasribeiraopreto.com.br\/wp-content\/uploads\/2024\/03\/AnyConv.com__museus.webp.webp?fit=1200%2C675&ssl=1&resize=350%2C200 1x, https:\/\/i0.wp.com\/noticiasribeiraopreto.com.br\/wp-content\/uploads\/2024\/03\/AnyConv.com__museus.webp.webp?fit=1200%2C675&ssl=1&resize=525%2C300 1.5x, https:\/\/i0.wp.com\/noticiasribeiraopreto.com.br\/wp-content\/uploads\/2024\/03\/AnyConv.com__museus.webp.webp?fit=1200%2C675&ssl=1&resize=700%2C400 2x, https:\/\/i0.wp.com\/noticiasribeiraopreto.com.br\/wp-content\/uploads\/2024\/03\/AnyConv.com__museus.webp.webp?fit=1200%2C675&ssl=1&resize=1050%2C600 3x"},"classes":[]},{"id":32282,"url":"https:\/\/noticiasribeiraopreto.com.br\/index.php\/2024\/01\/24\/prefeitura-de-ribeirao-autoriza-construcao-de-novo-predio-para-museus-do-cafe-e-historico\/","url_meta":{"origin":81383,"position":4},"title":"Prefeitura de Ribeir\u00e3o autoriza constru\u00e7\u00e3o de novo pr\u00e9dio para museus do Caf\u00e9 e Hist\u00f3rico","author":"noticiasribeiraopreto.com.br","date":"24 de January de 2024","format":false,"excerpt":"A Prefeitura de Ribeir\u00e3o Preto assinou, nesta quarta-feira (24), o documento que formaliza a licita\u00e7\u00e3o para a constru\u00e7\u00e3o de uma Reserva T\u00e9cnica no complexo dos Museus Hist\u00f3rico e do Caf\u00e9. O valor da obra est\u00e1 estimado em R$ 4 milh\u00f5es. O projeto j\u00e1 havia sido aprovado pelo Conppac (Conselho de\u2026","rel":"","context":"In &quot;Not\u00edcias de Ribeir\u00e3o Preto-SP e Regi\u00e3o&quot;","block_context":{"text":"Not\u00edcias de Ribeir\u00e3o Preto-SP e Regi\u00e3o","link":"https:\/\/noticiasribeiraopreto.com.br\/index.php\/category\/noticias-de-ribeirao-preto-sp-e-regiao-ismael-colosi\/"},"img":{"alt_text":"","src":"https:\/\/i0.wp.com\/noticiasribeiraopreto.com.br\/wp-content\/uploads\/2024\/01\/museu_do_cafe_jan_2024_-_foto_fernando_gonzaga_11.jpg?fit=1200%2C800&ssl=1&resize=350%2C200","width":350,"height":200,"srcset":"https:\/\/i0.wp.com\/noticiasribeiraopreto.com.br\/wp-content\/uploads\/2024\/01\/museu_do_cafe_jan_2024_-_foto_fernando_gonzaga_11.jpg?fit=1200%2C800&ssl=1&resize=350%2C200 1x, https:\/\/i0.wp.com\/noticiasribeiraopreto.com.br\/wp-content\/uploads\/2024\/01\/museu_do_cafe_jan_2024_-_foto_fernando_gonzaga_11.jpg?fit=1200%2C800&ssl=1&resize=525%2C300 1.5x, https:\/\/i0.wp.com\/noticiasribeiraopreto.com.br\/wp-content\/uploads\/2024\/01\/museu_do_cafe_jan_2024_-_foto_fernando_gonzaga_11.jpg?fit=1200%2C800&ssl=1&resize=700%2C400 2x, https:\/\/i0.wp.com\/noticiasribeiraopreto.com.br\/wp-content\/uploads\/2024\/01\/museu_do_cafe_jan_2024_-_foto_fernando_gonzaga_11.jpg?fit=1200%2C800&ssl=1&resize=1050%2C600 3x"},"classes":[]},{"id":43584,"url":"https:\/\/noticiasribeiraopreto.com.br\/index.php\/2024\/03\/22\/obra-em-museus-custara-r-6-milhoes\/","url_meta":{"origin":81383,"position":5},"title":"Obra em museus custar\u00e1 R$ 6 milh\u00f5es","author":"noticiasribeiraopreto.com.br","date":"22 de March de 2024","format":false,"excerpt":"A prefeitura de Ribeir\u00e3o Preto, por meio da Secretaria Municipal da Cultura e Turismo, publicou, no Di\u00e1rio Oficial do Munic\u00edpio (DOM) de quarta-feira, 20 de mar\u00e7o, o aviso de licita\u00e7\u00e3o para constru\u00e7\u00e3o de reserva t\u00e9cnica do acervo dos Museus Hist\u00f3rico e de Ordem Geral Pl\u00ednio Travassos dos Santos e do\u2026","rel":"","context":"In &quot;Not\u00edcias de Ribeir\u00e3o Preto-SP e Regi\u00e3o&quot;","block_context":{"text":"Not\u00edcias de Ribeir\u00e3o Preto-SP e Regi\u00e3o","link":"https:\/\/noticiasribeiraopreto.com.br\/index.php\/category\/noticias-de-ribeirao-preto-sp-e-regiao-ismael-colosi\/"},"img":{"alt_text":"","src":"https:\/\/i0.wp.com\/noticiasribeiraopreto.com.br\/wp-content\/uploads\/2024\/03\/Museus-Mus-Detalhe-Alfredo-Risk-101-scaled.jpg?fit=1000%2C561&ssl=1&resize=350%2C200","width":350,"height":200,"srcset":"https:\/\/i0.wp.com\/noticiasribeiraopreto.com.br\/wp-content\/uploads\/2024\/03\/Museus-Mus-Detalhe-Alfredo-Risk-101-scaled.jpg?fit=1000%2C561&ssl=1&resize=350%2C200 1x, https:\/\/i0.wp.com\/noticiasribeiraopreto.com.br\/wp-content\/uploads\/2024\/03\/Museus-Mus-Detalhe-Alfredo-Risk-101-scaled.jpg?fit=1000%2C561&ssl=1&resize=525%2C300 1.5x, https:\/\/i0.wp.com\/noticiasribeiraopreto.com.br\/wp-content\/uploads\/2024\/03\/Museus-Mus-Detalhe-Alfredo-Risk-101-scaled.jpg?fit=1000%2C561&ssl=1&resize=700%2C400 2x"},"classes":[]}],"jetpack_sharing_enabled":true,"jetpack_shortlink":"https:\/\/wp.me\/peQAOb-laD","_links":{"self":[{"href":"https:\/\/noticiasribeiraopreto.com.br\/index.php\/wp-json\/wp\/v2\/posts\/81383","targetHints":{"allow":["GET"]}}],"collection":[{"href":"https:\/\/noticiasribeiraopreto.com.br\/index.php\/wp-json\/wp\/v2\/posts"}],"about":[{"href":"https:\/\/noticiasribeiraopreto.com.br\/index.php\/wp-json\/wp\/v2\/types\/post"}],"author":[{"embeddable":true,"href":"https:\/\/noticiasribeiraopreto.com.br\/index.php\/wp-json\/wp\/v2\/users\/1"}],"replies":[{"embeddable":true,"href":"https:\/\/noticiasribeiraopreto.com.br\/index.php\/wp-json\/wp\/v2\/comments?post=81383"}],"version-history":[{"count":0,"href":"https:\/\/noticiasribeiraopreto.com.br\/index.php\/wp-json\/wp\/v2\/posts\/81383\/revisions"}],"wp:featuredmedia":[{"embeddable":true,"href":"https:\/\/noticiasribeiraopreto.com.br\/index.php\/wp-json\/wp\/v2\/media\/81384"}],"wp:attachment":[{"href":"https:\/\/noticiasribeiraopreto.com.br\/index.php\/wp-json\/wp\/v2\/media?parent=81383"}],"wp:term":[{"taxonomy":"category","embeddable":true,"href":"https:\/\/noticiasribeiraopreto.com.br\/index.php\/wp-json\/wp\/v2\/categories?post=81383"},{"taxonomy":"post_tag","embeddable":true,"href":"https:\/\/noticiasribeiraopreto.com.br\/index.php\/wp-json\/wp\/v2\/tags?post=81383"}],"curies":[{"name":"wp","href":"https:\/\/api.w.org\/{rel}","templated":true}]}}