{"id":81385,"date":"2026-01-04T07:12:56","date_gmt":"2026-01-04T10:12:56","guid":{"rendered":"https:\/\/noticiasribeiraopreto.com.br\/index.php\/2026\/01\/04\/comercial-perde-para-o-atletico-pi-em-estreia-na-copinha\/"},"modified":"2026-01-04T07:12:56","modified_gmt":"2026-01-04T10:12:56","slug":"comercial-perde-para-o-atletico-pi-em-estreia-na-copinha","status":"publish","type":"post","link":"https:\/\/noticiasribeiraopreto.com.br\/index.php\/2026\/01\/04\/comercial-perde-para-o-atletico-pi-em-estreia-na-copinha\/","title":{"rendered":"Comercial\u00a0perde para o Atl\u00e9tico-PI em estreia na Copinha"},"content":{"rendered":"<div class='code-block code-block-1' style='margin: 8px 0 8px auto; text-align: right; display: block; clear: both;'>\n<p><a href=\"https:\/\/wa.link\/vpicfd\"><img data-recalc-dims=\"1\" class=\"wp-image-4922\" style=\"aspect-ratio: 2.0253164556962027; width: 561px; height: auto;\" src=\"https:\/\/i0.wp.com\/ismaelcolosi.com.br\/wp-content\/uploads\/2023\/11\/grupo-de-empregos-whatsapp-e-facebook-ismael-colosi-vagas.jpg?ssl=1\" alt=\"\" \/><\/a><\/p>\n<!-- \/wp:image -->\n<\/div>\n<p> <br \/>\n<\/p>\n<div data-td-block-uid=\"tdi_95\">\n<div class=\"tdb-block-inner td-fix-index\">\n<p><strong>O Comercial perdeu por 2 a 1 para o Atl\u00e9tico-PI, na noite deste s\u00e1bado (3), na estreia na Copa S\u00e3o Paulo de Futebol J\u00fanior, em jogo no est\u00e1dio Palma Travassos, em Ribeir\u00e3o Preto.<\/strong><\/p>\n<p>O <strong>gol<\/strong> do <strong>Le\u00e3o<\/strong> foi anotado pelo <strong>lateral<\/strong> <strong>Touro<\/strong>. J\u00e1 <strong>Edson Filho<\/strong> e <strong>Maiquinho<\/strong> fizeram para o <strong>Atl\u00e9tico<\/strong> <strong>Piauiense<\/strong>. <\/p>\n<p>Os jogadores VT e Maranh\u00e3o foram expulsos pelo Comercial, enquanto os visitantes Maiquinho e Erick Cauan receberam o cart\u00e3o vermelho em confus\u00e3o na reta final do jogo. <\/p>\n<p>A segunda rodada do Grupo 10 ser\u00e1 na pr\u00f3xima ter\u00e7a-feira (6), com o Comercial contra o Noroeste, \u00e0s 18h. \u00c0s 20h15, o Atl\u00e9tico enfrenta o Am\u00e9rica-MG. Os jogos ser\u00e3o no Palma Travassos.<\/p>\n<p><!-- AI CONTENT END 1 -->\n<\/div>\n<\/div>\n<p><br \/>\n<br \/><a href=\"https:\/\/www.acidadeon.com\/ribeiraopreto\/esportes\/comercial-perde-para-o-atletico-pi-em-estreia-na-copinha\/\">Source link <\/a><\/p>\n<!-- CONTENT END 1 -->\n","protected":false},"excerpt":{"rendered":"<p>O Comercial perdeu por 2 a 1 para o Atl\u00e9tico-PI, na noite deste s\u00e1bado (3), na estreia na Copa S\u00e3o Paulo de Futebol J\u00fanior, em&#8230;<\/p>\n","protected":false},"author":1,"featured_media":81386,"comment_status":"open","ping_status":"open","sticky":false,"template":"","format":"standard","meta":{"advanced_seo_description":"","jetpack_seo_html_title":"","jetpack_seo_noindex":false,"jetpack_post_was_ever_published":false,"_jetpack_newsletter_access":"","_jetpack_dont_email_post_to_subs":false,"_jetpack_newsletter_tier_id":0,"_jetpack_memberships_contains_paywalled_content":false,"_jetpack_memberships_contains_paid_content":false,"footnotes":"","jetpack_publicize_message":"","jetpack_publicize_feature_enabled":true,"jetpack_social_post_already_shared":true,"jetpack_social_options":{"image_generator_settings":{"template":"highway","default_image_id":0,"font":"","enabled":false},"version":2}},"categories":[11],"tags":[],"class_list":["post-81385","post","type-post","status-publish","format-standard","has-post-thumbnail","hentry","category-noticias-de-ribeirao-preto-sp-e-regiao-ismael-colosi"],"jetpack_publicize_connections":[],"jetpack_featured_media_url":"https:\/\/i0.wp.com\/noticiasribeiraopreto.com.br\/wp-content\/uploads\/2026\/01\/WhatsApp-Image-2026-01-03-at-22.09.39_2026-01-04_01-14-36.webp.webp?fit=629%2C397&ssl=1","jetpack-related-posts":[{"id":81380,"url":"https:\/\/noticiasribeiraopreto.com.br\/index.php\/2026\/01\/03\/comercial-e-derrotado-na-estreia-da-copinha\/","url_meta":{"origin":81385,"position":0},"title":"Comercial \u00e9 derrotado na estreia da Copinha","author":"noticiasribeiraopreto.com.br","date":"3 de January de 2026","format":false,"excerpt":"\r \r \r Em jogo marcado por expuls\u00f5es, Bafo sai atr\u00e1s e busca empate, mas acaba derrotado pelo Atl\u00e9tico-PI\r \r 3 de janeiro de 2026 20:273 de janeiro de 2026 20:31 \r Compartilhar1 \r Por Hugo Luque No retorno do Est\u00e1dio Palma Travassos \u00e0 Copa S\u00e3o Paulo de Futebol J\u00fanior\u2026","rel":"","context":"In &quot;Not\u00edcias de Ribeir\u00e3o Preto-SP e Regi\u00e3o&quot;","block_context":{"text":"Not\u00edcias de Ribeir\u00e3o Preto-SP e Regi\u00e3o","link":"https:\/\/noticiasribeiraopreto.com.br\/index.php\/category\/noticias-de-ribeirao-preto-sp-e-regiao-ismael-colosi\/"},"img":{"alt_text":"","src":"https:\/\/i0.wp.com\/noticiasribeiraopreto.com.br\/wp-content\/uploads\/2026\/01\/Comercial-x-Atletico-PI-Barbara-Pires_Comercial-FC-scaled.jpeg?fit=1169%2C780&ssl=1&resize=350%2C200","width":350,"height":200,"srcset":"https:\/\/i0.wp.com\/noticiasribeiraopreto.com.br\/wp-content\/uploads\/2026\/01\/Comercial-x-Atletico-PI-Barbara-Pires_Comercial-FC-scaled.jpeg?fit=1169%2C780&ssl=1&resize=350%2C200 1x, https:\/\/i0.wp.com\/noticiasribeiraopreto.com.br\/wp-content\/uploads\/2026\/01\/Comercial-x-Atletico-PI-Barbara-Pires_Comercial-FC-scaled.jpeg?fit=1169%2C780&ssl=1&resize=525%2C300 1.5x, https:\/\/i0.wp.com\/noticiasribeiraopreto.com.br\/wp-content\/uploads\/2026\/01\/Comercial-x-Atletico-PI-Barbara-Pires_Comercial-FC-scaled.jpeg?fit=1169%2C780&ssl=1&resize=700%2C400 2x, https:\/\/i0.wp.com\/noticiasribeiraopreto.com.br\/wp-content\/uploads\/2026\/01\/Comercial-x-Atletico-PI-Barbara-Pires_Comercial-FC-scaled.jpeg?fit=1169%2C780&ssl=1&resize=1050%2C600 3x"},"classes":[]},{"id":53016,"url":"https:\/\/noticiasribeiraopreto.com.br\/index.php\/2024\/06\/14\/comercial-empata-com-o-barretos-na-estreia-da-copa-paulista\/","url_meta":{"origin":81385,"position":1},"title":"Comercial empata com o Barretos na estreia da Copa Paulista","author":"noticiasribeiraopreto.com.br","date":"14 de June de 2024","format":false,"excerpt":"O Comercial empatou em 1 a 1 com o Barretos na noite desta sexta-feira (14), no est\u00e1dio Fortaleza, em Barretos, na estreia da Copa Paulista. O atacante Gustavo Henrique foi quem abriu o placar da noite para o Le\u00e3o do Norte. O volante Pedro Matielo, do Barretos, empatou no segundo\u2026","rel":"","context":"In &quot;Not\u00edcias de Ribeir\u00e3o Preto-SP e Regi\u00e3o&quot;","block_context":{"text":"Not\u00edcias de Ribeir\u00e3o Preto-SP e Regi\u00e3o","link":"https:\/\/noticiasribeiraopreto.com.br\/index.php\/category\/noticias-de-ribeirao-preto-sp-e-regiao-ismael-colosi\/"},"img":{"alt_text":"","src":"https:\/\/i0.wp.com\/noticiasribeiraopreto.com.br\/wp-content\/uploads\/2024\/06\/WhatsApp-Image-2024-06-14-at-21.42.19_2024-06-15_01-03-45_jpeg_2024-06-15_01-03-47-scaled.webp.webp?fit=1200%2C800&ssl=1&resize=350%2C200","width":350,"height":200,"srcset":"https:\/\/i0.wp.com\/noticiasribeiraopreto.com.br\/wp-content\/uploads\/2024\/06\/WhatsApp-Image-2024-06-14-at-21.42.19_2024-06-15_01-03-45_jpeg_2024-06-15_01-03-47-scaled.webp.webp?fit=1200%2C800&ssl=1&resize=350%2C200 1x, https:\/\/i0.wp.com\/noticiasribeiraopreto.com.br\/wp-content\/uploads\/2024\/06\/WhatsApp-Image-2024-06-14-at-21.42.19_2024-06-15_01-03-45_jpeg_2024-06-15_01-03-47-scaled.webp.webp?fit=1200%2C800&ssl=1&resize=525%2C300 1.5x, https:\/\/i0.wp.com\/noticiasribeiraopreto.com.br\/wp-content\/uploads\/2024\/06\/WhatsApp-Image-2024-06-14-at-21.42.19_2024-06-15_01-03-45_jpeg_2024-06-15_01-03-47-scaled.webp.webp?fit=1200%2C800&ssl=1&resize=700%2C400 2x, https:\/\/i0.wp.com\/noticiasribeiraopreto.com.br\/wp-content\/uploads\/2024\/06\/WhatsApp-Image-2024-06-14-at-21.42.19_2024-06-15_01-03-45_jpeg_2024-06-15_01-03-47-scaled.webp.webp?fit=1200%2C800&ssl=1&resize=1050%2C600 3x"},"classes":[]},{"id":81463,"url":"https:\/\/noticiasribeiraopreto.com.br\/index.php\/2026\/01\/07\/comercial-vence-o-noroeste-e-mantem-chances-de-classificacao-na-copinha-2026\/","url_meta":{"origin":81385,"position":2},"title":"Comercial vence o Noroeste e mant\u00e9m chances de classifica\u00e7\u00e3o na Copinha 2026","author":"noticiasribeiraopreto.com.br","date":"7 de January de 2026","format":false,"excerpt":"O Comercial venceu o Noroeste por 2 a 0 na noite desta ter\u00e7a-feira, no est\u00e1dio Palma Travassos, em Ribeir\u00e3o Preto, em confronto v\u00e1lido pela segunda rodada do Grupo 10 da Copa S\u00e3o Paulo de Futebol J\u00fanior 2026. O resultado garantiu ao Bafo os primeiros pontos na competi\u00e7\u00e3o e manteve a\u2026","rel":"","context":"In &quot;Not\u00edcias de Ribeir\u00e3o Preto-SP e Regi\u00e3o&quot;","block_context":{"text":"Not\u00edcias de Ribeir\u00e3o Preto-SP e Regi\u00e3o","link":"https:\/\/noticiasribeiraopreto.com.br\/index.php\/category\/noticias-de-ribeirao-preto-sp-e-regiao-ismael-colosi\/"},"img":{"alt_text":"","src":"https:\/\/i0.wp.com\/noticiasribeiraopreto.com.br\/wp-content\/uploads\/2026\/01\/959842b9-1768-430e-b9b0-ff4b6b0054fc_2026-01-06_23-10-38.webp.webp?fit=1200%2C801&ssl=1&resize=350%2C200","width":350,"height":200,"srcset":"https:\/\/i0.wp.com\/noticiasribeiraopreto.com.br\/wp-content\/uploads\/2026\/01\/959842b9-1768-430e-b9b0-ff4b6b0054fc_2026-01-06_23-10-38.webp.webp?fit=1200%2C801&ssl=1&resize=350%2C200 1x, https:\/\/i0.wp.com\/noticiasribeiraopreto.com.br\/wp-content\/uploads\/2026\/01\/959842b9-1768-430e-b9b0-ff4b6b0054fc_2026-01-06_23-10-38.webp.webp?fit=1200%2C801&ssl=1&resize=525%2C300 1.5x, https:\/\/i0.wp.com\/noticiasribeiraopreto.com.br\/wp-content\/uploads\/2026\/01\/959842b9-1768-430e-b9b0-ff4b6b0054fc_2026-01-06_23-10-38.webp.webp?fit=1200%2C801&ssl=1&resize=700%2C400 2x, https:\/\/i0.wp.com\/noticiasribeiraopreto.com.br\/wp-content\/uploads\/2026\/01\/959842b9-1768-430e-b9b0-ff4b6b0054fc_2026-01-06_23-10-38.webp.webp?fit=1200%2C801&ssl=1&resize=1050%2C600 3x"},"classes":[]},{"id":31279,"url":"https:\/\/noticiasribeiraopreto.com.br\/index.php\/2024\/01\/21\/comercial-empata-com-o-rio-claro-no-palma-travassos\/","url_meta":{"origin":81385,"position":3},"title":"Comercial empata com o Rio Claro no Palma Travassos","author":"noticiasribeiraopreto.com.br","date":"21 de January de 2024","format":false,"excerpt":"21 de janeiro de 2024 | 18:18 0O Comercial empatou com o Rio Claro em 2 a 2 pela segunda rodada da S\u00e9rie A2, em jogo realizado na tarde deste domingo (21), no est\u00e1dio Palma Travassos. Foi a estreia do Le\u00e3o do Norte em seus dom\u00ednios. No meio de semana\u2026","rel":"","context":"In &quot;Not\u00edcias de Ribeir\u00e3o Preto-SP e Regi\u00e3o&quot;","block_context":{"text":"Not\u00edcias de Ribeir\u00e3o Preto-SP e Regi\u00e3o","link":"https:\/\/noticiasribeiraopreto.com.br\/index.php\/category\/noticias-de-ribeirao-preto-sp-e-regiao-ismael-colosi\/"},"img":{"alt_text":"","src":"https:\/\/i0.wp.com\/noticiasribeiraopreto.com.br\/wp-content\/uploads\/2024\/01\/bafo-scaled.jpeg?fit=967%2C645&ssl=1&resize=350%2C200","width":350,"height":200,"srcset":"https:\/\/i0.wp.com\/noticiasribeiraopreto.com.br\/wp-content\/uploads\/2024\/01\/bafo-scaled.jpeg?fit=967%2C645&ssl=1&resize=350%2C200 1x, https:\/\/i0.wp.com\/noticiasribeiraopreto.com.br\/wp-content\/uploads\/2024\/01\/bafo-scaled.jpeg?fit=967%2C645&ssl=1&resize=525%2C300 1.5x, https:\/\/i0.wp.com\/noticiasribeiraopreto.com.br\/wp-content\/uploads\/2024\/01\/bafo-scaled.jpeg?fit=967%2C645&ssl=1&resize=700%2C400 2x"},"classes":[]},{"id":29328,"url":"https:\/\/noticiasribeiraopreto.com.br\/index.php\/2024\/01\/18\/comercial-perde-para-o-capivariano-na-estreia-da-serie-a2-do-campeonato-paulista\/","url_meta":{"origin":81385,"position":4},"title":"Comercial perde para o Capivariano na estreia da S\u00e9rie A2 do Campeonato Paulista","author":"noticiasribeiraopreto.com.br","date":"18 de January de 2024","format":false,"excerpt":"O Comercial foi derrotado pelo Capivariano por 2 a 0, pela primeira rodada da S\u00e9rie A2 do Campeonato Paulista. O jogo aconteceu na noite desta quarta-feira (17), na Arena Capivari, em Capivari, no estado de S\u00e3o Paulo. Os gols da partida foram marcados por Bryan e Neto Costa, jogadores do\u2026","rel":"","context":"In &quot;Not\u00edcias de Ribeir\u00e3o Preto-SP e Regi\u00e3o&quot;","block_context":{"text":"Not\u00edcias de Ribeir\u00e3o Preto-SP e Regi\u00e3o","link":"https:\/\/noticiasribeiraopreto.com.br\/index.php\/category\/noticias-de-ribeirao-preto-sp-e-regiao-ismael-colosi\/"},"img":{"alt_text":"","src":"https:\/\/i0.wp.com\/noticiasribeiraopreto.com.br\/wp-content\/uploads\/2024\/01\/WhatsApp-Image-2024-01-17-at-21.43.21-scaled.jpeg?fit=1200%2C800&ssl=1&resize=350%2C200","width":350,"height":200,"srcset":"https:\/\/i0.wp.com\/noticiasribeiraopreto.com.br\/wp-content\/uploads\/2024\/01\/WhatsApp-Image-2024-01-17-at-21.43.21-scaled.jpeg?fit=1200%2C800&ssl=1&resize=350%2C200 1x, https:\/\/i0.wp.com\/noticiasribeiraopreto.com.br\/wp-content\/uploads\/2024\/01\/WhatsApp-Image-2024-01-17-at-21.43.21-scaled.jpeg?fit=1200%2C800&ssl=1&resize=525%2C300 1.5x, https:\/\/i0.wp.com\/noticiasribeiraopreto.com.br\/wp-content\/uploads\/2024\/01\/WhatsApp-Image-2024-01-17-at-21.43.21-scaled.jpeg?fit=1200%2C800&ssl=1&resize=700%2C400 2x, https:\/\/i0.wp.com\/noticiasribeiraopreto.com.br\/wp-content\/uploads\/2024\/01\/WhatsApp-Image-2024-01-17-at-21.43.21-scaled.jpeg?fit=1200%2C800&ssl=1&resize=1050%2C600 3x"},"classes":[]},{"id":71688,"url":"https:\/\/noticiasribeiraopreto.com.br\/index.php\/2025\/06\/09\/comercial-lanca-novos-uniformes-de-olho-na-estreia-da-copa-paulista\/","url_meta":{"origin":81385,"position":5},"title":"Comercial lan\u00e7a novos uniformes de olho na estreia da Copa Paulista","author":"noticiasribeiraopreto.com.br","date":"9 de June de 2025","format":false,"excerpt":"Se preparando para disputa da Copa Paulista 2025, o Comercial lan\u00e7ou no \u00faltimo s\u00e1bado (7) os novos uniformes para sequ\u00eancia da temporada. A equipe de Ribeir\u00e3o Preto estreia na disputa no pr\u00f3ximo s\u00e1bado (14), \u00e0s 15h, contra a Francana. A nova camisa do Comercial j\u00e1 est\u00e1 \u00e0 venda na loja\u2026","rel":"","context":"In &quot;Not\u00edcias de Ribeir\u00e3o Preto-SP e Regi\u00e3o&quot;","block_context":{"text":"Not\u00edcias de Ribeir\u00e3o Preto-SP e Regi\u00e3o","link":"https:\/\/noticiasribeiraopreto.com.br\/index.php\/category\/noticias-de-ribeirao-preto-sp-e-regiao-ismael-colosi\/"},"img":{"alt_text":"","src":"https:\/\/i0.wp.com\/noticiasribeiraopreto.com.br\/wp-content\/uploads\/2025\/06\/comercial-uniforme_2025-06-08_20-09-32.webp.webp?fit=1200%2C674&ssl=1&resize=350%2C200","width":350,"height":200,"srcset":"https:\/\/i0.wp.com\/noticiasribeiraopreto.com.br\/wp-content\/uploads\/2025\/06\/comercial-uniforme_2025-06-08_20-09-32.webp.webp?fit=1200%2C674&ssl=1&resize=350%2C200 1x, https:\/\/i0.wp.com\/noticiasribeiraopreto.com.br\/wp-content\/uploads\/2025\/06\/comercial-uniforme_2025-06-08_20-09-32.webp.webp?fit=1200%2C674&ssl=1&resize=525%2C300 1.5x, https:\/\/i0.wp.com\/noticiasribeiraopreto.com.br\/wp-content\/uploads\/2025\/06\/comercial-uniforme_2025-06-08_20-09-32.webp.webp?fit=1200%2C674&ssl=1&resize=700%2C400 2x, https:\/\/i0.wp.com\/noticiasribeiraopreto.com.br\/wp-content\/uploads\/2025\/06\/comercial-uniforme_2025-06-08_20-09-32.webp.webp?fit=1200%2C674&ssl=1&resize=1050%2C600 3x"},"classes":[]}],"jetpack_sharing_enabled":true,"jetpack_shortlink":"https:\/\/wp.me\/peQAOb-laF","_links":{"self":[{"href":"https:\/\/noticiasribeiraopreto.com.br\/index.php\/wp-json\/wp\/v2\/posts\/81385","targetHints":{"allow":["GET"]}}],"collection":[{"href":"https:\/\/noticiasribeiraopreto.com.br\/index.php\/wp-json\/wp\/v2\/posts"}],"about":[{"href":"https:\/\/noticiasribeiraopreto.com.br\/index.php\/wp-json\/wp\/v2\/types\/post"}],"author":[{"embeddable":true,"href":"https:\/\/noticiasribeiraopreto.com.br\/index.php\/wp-json\/wp\/v2\/users\/1"}],"replies":[{"embeddable":true,"href":"https:\/\/noticiasribeiraopreto.com.br\/index.php\/wp-json\/wp\/v2\/comments?post=81385"}],"version-history":[{"count":0,"href":"https:\/\/noticiasribeiraopreto.com.br\/index.php\/wp-json\/wp\/v2\/posts\/81385\/revisions"}],"wp:featuredmedia":[{"embeddable":true,"href":"https:\/\/noticiasribeiraopreto.com.br\/index.php\/wp-json\/wp\/v2\/media\/81386"}],"wp:attachment":[{"href":"https:\/\/noticiasribeiraopreto.com.br\/index.php\/wp-json\/wp\/v2\/media?parent=81385"}],"wp:term":[{"taxonomy":"category","embeddable":true,"href":"https:\/\/noticiasribeiraopreto.com.br\/index.php\/wp-json\/wp\/v2\/categories?post=81385"},{"taxonomy":"post_tag","embeddable":true,"href":"https:\/\/noticiasribeiraopreto.com.br\/index.php\/wp-json\/wp\/v2\/tags?post=81385"}],"curies":[{"name":"wp","href":"https:\/\/api.w.org\/{rel}","templated":true}]}}