{"id":81387,"date":"2026-01-04T07:21:19","date_gmt":"2026-01-04T10:21:19","guid":{"rendered":"https:\/\/noticiasribeiraopreto.com.br\/index.php\/2026\/01\/04\/policia-identifica-motorista-que-atropelou-e-matou-cachorra-na-regiao-de-ribeirao-preto-video\/"},"modified":"2026-01-04T07:21:19","modified_gmt":"2026-01-04T10:21:19","slug":"policia-identifica-motorista-que-atropelou-e-matou-cachorra-na-regiao-de-ribeirao-preto-video","status":"publish","type":"post","link":"https:\/\/noticiasribeiraopreto.com.br\/index.php\/2026\/01\/04\/policia-identifica-motorista-que-atropelou-e-matou-cachorra-na-regiao-de-ribeirao-preto-video\/","title":{"rendered":"Pol\u00edcia identifica motorista que atropelou e matou cachorra na regi\u00e3o de Ribeir\u00e3o Preto; V\u00eddeo"},"content":{"rendered":"<div class='code-block code-block-1' style='margin: 8px 0 8px auto; text-align: right; display: block; clear: both;'>\n<p><a href=\"https:\/\/wa.link\/vpicfd\"><img data-recalc-dims=\"1\" class=\"wp-image-4922\" style=\"aspect-ratio: 2.0253164556962027; width: 561px; height: auto;\" src=\"https:\/\/i0.wp.com\/ismaelcolosi.com.br\/wp-content\/uploads\/2023\/11\/grupo-de-empregos-whatsapp-e-facebook-ismael-colosi-vagas.jpg?ssl=1\" alt=\"\" \/><\/a><\/p>\n<!-- \/wp:image -->\n<\/div>\n<p> <br \/>\n<\/p>\n<div data-td-block-uid=\"tdi_95\">\n<div class=\"tdb-block-inner td-fix-index\">\n<p><strong>A Pol\u00edcia Civil identificou o motorista que atropelou e matou uma cachorra no Jardim Boa Vista, em Sales Oliveira, a 50 quil\u00f4metros de Ribeir\u00e3o Preto. <\/strong>O <strong>atropelamento <\/strong>da <strong>cadela Pipoca <\/strong>ocorreu no \u00faltimo dia <strong>28 de dezembro<\/strong> e o <strong>condutor <\/strong>foi <strong>identificado <\/strong>neste <strong>s\u00e1bado (3)<\/strong>. <strong>Assista <\/strong>ao <strong>v\u00eddeo <\/strong>abaixo.<\/p>\n<p><strong>Imagens <\/strong>de <strong>c\u00e2meras <\/strong>de <strong>seguran\u00e7a <\/strong>mostram quando o <strong>animal sai <\/strong>da <strong>cal\u00e7ada <\/strong>em <strong>dire\u00e7\u00e3o <\/strong>ao <strong>carro<\/strong>,<strong> <\/strong>na <strong>rua Altino Bragueto<\/strong>, e o <strong>momento <\/strong>em que o <strong>ve\u00edculo desvia <\/strong>e <strong>atinge <\/strong>a <strong>cachorra<\/strong>.<\/p>\n<p>Em seguida, o carro volta e uma pessoa desce do banco do passageiro com um saco de lixo, recolhe a cachorra j\u00e1 morta, a coloca no porta-malas do ve\u00edculo e deixa o local. <\/p>\n<p>O delegado de Sales Oliveira, Andr\u00e9 Lu\u00eds Jardini Barbosa, disse que o motorista dever\u00e1 ser ouvido formalmente na pr\u00f3xima semana. Informalmente, ele alegou que n\u00e3o houve inten\u00e7\u00e3o. A pol\u00edcia ainda levanta informa\u00e7\u00f5es sobre a pessoa que recolheu o corpo do animal. <\/p>\n<p>O caso deve ser investigado como maus-tratos a animais.<\/p>\n<blockquote class=\"instagram-media\" data-instgrm-permalink=\"https:\/\/www.instagram.com\/reel\/DTEIo-ljuDc\/?utm_source=ig_embed&amp;utm_campaign=loading\" data-instgrm-version=\"14\" style=\" background:#FFF; border:0; border-radius:3px; box-shadow:0 0 1px 0 rgba(0,0,0,0.5),0 1px 10px 0 rgba(0,0,0,0.15); margin: 1px; max-width:540px; min-width:326px; padding:0; width:99.375%; width:-webkit-calc(100% - 2px); width:calc(100% - 2px);\"\/>\n<p>SAIBA MAIS<\/p>\n<p>Veja o que se sabe sobre o caso do atropelamento de m\u00e3e e filho em Ribeir\u00e3o Preto<\/p>\n<h2 class=\"wp-block-heading\"><strong>FIQUE ON<\/strong><\/h2>\n<p>Fique ligado em tudo que acontece em Ribeir\u00e3o Preto e regi\u00e3o. Siga os perfis do\u00a0<strong>acidade on<\/strong>\u00a0no<a href=\"https:\/\/www.instagram.com\/acidadeonribeirao\" target=\"_blank\" rel=\"noreferrer noopener\">\u00a0Instagram\u00a0<\/a>e no\u00a0<a href=\"https:\/\/www.facebook.com\/acidadeonribeirao\/\" target=\"_blank\" rel=\"noreferrer noopener\">Facebook<\/a>.<\/p>\n<p>Receba not\u00edcias do<strong>\u00a0acidade on<\/strong>\u00a0no WhatsApp. Para entrar no grupo,\u00a0basta\u00a0<a href=\"https:\/\/chat.whatsapp.com\/I4nieTEMKlf50pJ28aMemC?mode=ac_t\" target=\"_blank\" rel=\"noreferrer noopener\">clicar aqui<\/a>. Ou, acesse o nosso\u00a0Canal\u00a0<a href=\"https:\/\/whatsapp.com\/channel\/0029Vb6IQl1JENyAeS57fk2p\" target=\"_blank\" rel=\"noreferrer noopener\">clicando aqui<\/a>.<\/p>\n<p>Fa\u00e7a uma den\u00fancia ou sugira uma reportagem sobre Ribeir\u00e3o Preto e regi\u00e3o pelo WhatsApp: 16 99117 7802.<\/p>\n<p>VEJA TAMB\u00c9M<\/p>\n<p>Por que Danielle saiu do NewJeans?<\/p>\n<p><!-- AI CONTENT END 1 -->\n<\/div>\n<\/div>\n<p><script async src=\"\/\/www.instagram.com\/embed.js\"><\/script><br \/>\n<br \/><br \/>\n<br \/><a href=\"https:\/\/www.acidadeon.com\/ribeiraopreto\/cotidiano\/policia-identifica-motorista-que-atropelou-e-matou-cachorra-na-regiao-de-ribeirao-preto-video\/\">Source link <\/a><\/p>\n<!-- CONTENT END 1 -->\n","protected":false},"excerpt":{"rendered":"<p>A Pol\u00edcia Civil identificou o motorista que atropelou e matou uma cachorra no Jardim Boa Vista, em Sales Oliveira, a 50 quil\u00f4metros de Ribeir\u00e3o Preto&#8230;.<\/p>\n","protected":false},"author":1,"featured_media":81388,"comment_status":"open","ping_status":"open","sticky":false,"template":"","format":"standard","meta":{"advanced_seo_description":"","jetpack_seo_html_title":"","jetpack_seo_noindex":false,"jetpack_post_was_ever_published":false,"_jetpack_newsletter_access":"","_jetpack_dont_email_post_to_subs":false,"_jetpack_newsletter_tier_id":0,"_jetpack_memberships_contains_paywalled_content":false,"_jetpack_memberships_contains_paid_content":false,"footnotes":"","jetpack_publicize_message":"","jetpack_publicize_feature_enabled":true,"jetpack_social_post_already_shared":true,"jetpack_social_options":{"image_generator_settings":{"template":"highway","default_image_id":0,"font":"","enabled":false},"version":2}},"categories":[11],"tags":[],"class_list":["post-81387","post","type-post","status-publish","format-standard","has-post-thumbnail","hentry","category-noticias-de-ribeirao-preto-sp-e-regiao-ismael-colosi"],"jetpack_publicize_connections":[],"jetpack_featured_media_url":"https:\/\/i0.wp.com\/noticiasribeiraopreto.com.br\/wp-content\/uploads\/2026\/01\/WhatsApp-Image-2026-01-03-at-14.21.24_2026-01-03_21-53-57-e1767477261343.webp.webp?fit=1200%2C892&ssl=1","jetpack-related-posts":[{"id":61896,"url":"https:\/\/noticiasribeiraopreto.com.br\/index.php\/2024\/12\/26\/motorista-que-atropelou-e-matou-mulher-em-ribeirao-preto-se-apresenta-a-policia\/","url_meta":{"origin":81387,"position":0},"title":"Motorista que atropelou e matou mulher em Ribeir\u00e3o Preto se apresenta \u00e0 pol\u00edcia","author":"noticiasribeiraopreto.com.br","date":"26 de December de 2024","format":false,"excerpt":"A motorista respons\u00e1vel pelo atropelamento que resultou na morte de Josiane Aparecida Cajuela e deixou outras v\u00edtimas feridas, se apresentou \u00e0 Pol\u00edcia Civil na tarde desta quinta-feira (26), em Ribeir\u00e3o Preto. O acidente aconteceu, na madrugada de segunda-feira (23), em frente a uma pizzaria na zona Norte da cidade. Acompanhada\u2026","rel":"","context":"In &quot;Not\u00edcias de Ribeir\u00e3o Preto-SP e Regi\u00e3o&quot;","block_context":{"text":"Not\u00edcias de Ribeir\u00e3o Preto-SP e Regi\u00e3o","link":"https:\/\/noticiasribeiraopreto.com.br\/index.php\/category\/noticias-de-ribeirao-preto-sp-e-regiao-ismael-colosi\/"},"img":{"alt_text":"","src":"https:\/\/i0.wp.com\/noticiasribeiraopreto.com.br\/wp-content\/uploads\/2024\/12\/JOSIANE_2024-12-26_15-28-17_jpg_2024-12-26_15-28-17.webp.webp?fit=1200%2C808&ssl=1&resize=350%2C200","width":350,"height":200,"srcset":"https:\/\/i0.wp.com\/noticiasribeiraopreto.com.br\/wp-content\/uploads\/2024\/12\/JOSIANE_2024-12-26_15-28-17_jpg_2024-12-26_15-28-17.webp.webp?fit=1200%2C808&ssl=1&resize=350%2C200 1x, https:\/\/i0.wp.com\/noticiasribeiraopreto.com.br\/wp-content\/uploads\/2024\/12\/JOSIANE_2024-12-26_15-28-17_jpg_2024-12-26_15-28-17.webp.webp?fit=1200%2C808&ssl=1&resize=525%2C300 1.5x, https:\/\/i0.wp.com\/noticiasribeiraopreto.com.br\/wp-content\/uploads\/2024\/12\/JOSIANE_2024-12-26_15-28-17_jpg_2024-12-26_15-28-17.webp.webp?fit=1200%2C808&ssl=1&resize=700%2C400 2x, https:\/\/i0.wp.com\/noticiasribeiraopreto.com.br\/wp-content\/uploads\/2024\/12\/JOSIANE_2024-12-26_15-28-17_jpg_2024-12-26_15-28-17.webp.webp?fit=1200%2C808&ssl=1&resize=1050%2C600 3x"},"classes":[]},{"id":81822,"url":"https:\/\/noticiasribeiraopreto.com.br\/index.php\/2026\/01\/27\/homem-e-preso-na-regiao-acusado-de-ter-arrastado-cachorra-prenha-ate-a-morte\/","url_meta":{"origin":81387,"position":1},"title":"Homem \u00e9 preso na regi\u00e3o acusado de ter arrastado cachorra prenha at\u00e9 a morte","author":"noticiasribeiraopreto.com.br","date":"27 de January de 2026","format":false,"excerpt":"\r Al\u00e9m da cachorra, os 10 filhotes que estavam sendo gestados tamb\u00e9m morreram na a\u00e7\u00e3o; homem foi preso em flagrante\r \r 26 de janeiro de 2026 11:4126 de janeiro de 2026 11:52 \r Compartilhar5 Por: Adalberto Luque \u2013 Um homem de 65 anos, foi preso em flagrante, ap\u00f3s ter arrastado\u2026","rel":"","context":"In &quot;Not\u00edcias de Ribeir\u00e3o Preto-SP e Regi\u00e3o&quot;","block_context":{"text":"Not\u00edcias de Ribeir\u00e3o Preto-SP e Regi\u00e3o","link":"https:\/\/noticiasribeiraopreto.com.br\/index.php\/category\/noticias-de-ribeirao-preto-sp-e-regiao-ismael-colosi\/"},"img":{"alt_text":"","src":"https:\/\/i0.wp.com\/noticiasribeiraopreto.com.br\/wp-content\/uploads\/2026\/01\/26-jan-2025-arrastoucachorra0-scaled.jpg?fit=1200%2C675&ssl=1&resize=350%2C200","width":350,"height":200,"srcset":"https:\/\/i0.wp.com\/noticiasribeiraopreto.com.br\/wp-content\/uploads\/2026\/01\/26-jan-2025-arrastoucachorra0-scaled.jpg?fit=1200%2C675&ssl=1&resize=350%2C200 1x, https:\/\/i0.wp.com\/noticiasribeiraopreto.com.br\/wp-content\/uploads\/2026\/01\/26-jan-2025-arrastoucachorra0-scaled.jpg?fit=1200%2C675&ssl=1&resize=525%2C300 1.5x, https:\/\/i0.wp.com\/noticiasribeiraopreto.com.br\/wp-content\/uploads\/2026\/01\/26-jan-2025-arrastoucachorra0-scaled.jpg?fit=1200%2C675&ssl=1&resize=700%2C400 2x, https:\/\/i0.wp.com\/noticiasribeiraopreto.com.br\/wp-content\/uploads\/2026\/01\/26-jan-2025-arrastoucachorra0-scaled.jpg?fit=1200%2C675&ssl=1&resize=1050%2C600 3x"},"classes":[]},{"id":74695,"url":"https:\/\/noticiasribeiraopreto.com.br\/index.php\/2025\/07\/27\/tutora-e-cachorra-ficam-feridas-apos-ataque-de-pit-bull-em-praca-na-zona-sul-de-ribeirao-preto-video\/","url_meta":{"origin":81387,"position":2},"title":"Tutora e cachorra ficam feridas ap\u00f3s ataque de pit bull em pra\u00e7a na zona Sul de Ribeir\u00e3o Preto; V\u00eddeo","author":"noticiasribeiraopreto.com.br","date":"27 de July de 2025","format":false,"excerpt":"Uma tutora e a sua cachorra ficaram feridas ap\u00f3s o ataque de um c\u00e3o da ra\u00e7a pit bull em uma pra\u00e7a no Alto da Boa Vista, zona Sul de Ribeir\u00e3o Preto. Assista ao v\u00eddeo abaixo. A v\u00edtima fazia um passeio com o sua cachorra, quando o pit bull teria escapado\u2026","rel":"","context":"In &quot;Not\u00edcias de Ribeir\u00e3o Preto-SP e Regi\u00e3o&quot;","block_context":{"text":"Not\u00edcias de Ribeir\u00e3o Preto-SP e Regi\u00e3o","link":"https:\/\/noticiasribeiraopreto.com.br\/index.php\/category\/noticias-de-ribeirao-preto-sp-e-regiao-ismael-colosi\/"},"img":{"alt_text":"","src":"https:\/\/i0.wp.com\/noticiasribeiraopreto.com.br\/wp-content\/uploads\/2025\/07\/WhatsApp-Image-2025-07-27-at-13.09.09_2025-07-27_16-10-40.webp.webp?fit=1200%2C703&ssl=1&resize=350%2C200","width":350,"height":200,"srcset":"https:\/\/i0.wp.com\/noticiasribeiraopreto.com.br\/wp-content\/uploads\/2025\/07\/WhatsApp-Image-2025-07-27-at-13.09.09_2025-07-27_16-10-40.webp.webp?fit=1200%2C703&ssl=1&resize=350%2C200 1x, https:\/\/i0.wp.com\/noticiasribeiraopreto.com.br\/wp-content\/uploads\/2025\/07\/WhatsApp-Image-2025-07-27-at-13.09.09_2025-07-27_16-10-40.webp.webp?fit=1200%2C703&ssl=1&resize=525%2C300 1.5x, https:\/\/i0.wp.com\/noticiasribeiraopreto.com.br\/wp-content\/uploads\/2025\/07\/WhatsApp-Image-2025-07-27-at-13.09.09_2025-07-27_16-10-40.webp.webp?fit=1200%2C703&ssl=1&resize=700%2C400 2x, https:\/\/i0.wp.com\/noticiasribeiraopreto.com.br\/wp-content\/uploads\/2025\/07\/WhatsApp-Image-2025-07-27-at-13.09.09_2025-07-27_16-10-40.webp.webp?fit=1200%2C703&ssl=1&resize=1050%2C600 3x"},"classes":[]},{"id":73819,"url":"https:\/\/noticiasribeiraopreto.com.br\/index.php\/2025\/07\/10\/com-exumacao-delegado-apura-se-elisabete-matou-cachorra-ao-testar-veneno\/","url_meta":{"origin":81387,"position":3},"title":"Com exuma\u00e7\u00e3o, delegado apura se Elisabete matou cachorra ao testar veneno","author":"noticiasribeiraopreto.com.br","date":"10 de July de 2025","format":false,"excerpt":"O delegado Fernando Bravo, da Delegacia de Homic\u00eddios de Ribeir\u00e3o Preto, disse na manh\u00e3 desta quinta-feira (10), ap\u00f3s a exuma\u00e7\u00e3o da cadela Babi,\u00a0 que vai \u00a0apurar se Elizabete Arraba\u00e7a, m\u00e3e de Nath\u00e1lia Garnica e ent\u00e3o tutora da cachorra, testou a efic\u00e1cia do veneno no animal. Laudos confirmaram a presen\u00e7a de\u2026","rel":"","context":"In &quot;Not\u00edcias de Ribeir\u00e3o Preto-SP e Regi\u00e3o&quot;","block_context":{"text":"Not\u00edcias de Ribeir\u00e3o Preto-SP e Regi\u00e3o","link":"https:\/\/noticiasribeiraopreto.com.br\/index.php\/category\/noticias-de-ribeirao-preto-sp-e-regiao-ismael-colosi\/"},"img":{"alt_text":"","src":"https:\/\/i0.wp.com\/noticiasribeiraopreto.com.br\/wp-content\/uploads\/2025\/06\/ELIZABETE_2025-06-30_17-33-46.webp.webp?fit=1200%2C757&ssl=1&resize=350%2C200","width":350,"height":200,"srcset":"https:\/\/i0.wp.com\/noticiasribeiraopreto.com.br\/wp-content\/uploads\/2025\/06\/ELIZABETE_2025-06-30_17-33-46.webp.webp?fit=1200%2C757&ssl=1&resize=350%2C200 1x, https:\/\/i0.wp.com\/noticiasribeiraopreto.com.br\/wp-content\/uploads\/2025\/06\/ELIZABETE_2025-06-30_17-33-46.webp.webp?fit=1200%2C757&ssl=1&resize=525%2C300 1.5x, https:\/\/i0.wp.com\/noticiasribeiraopreto.com.br\/wp-content\/uploads\/2025\/06\/ELIZABETE_2025-06-30_17-33-46.webp.webp?fit=1200%2C757&ssl=1&resize=700%2C400 2x, https:\/\/i0.wp.com\/noticiasribeiraopreto.com.br\/wp-content\/uploads\/2025\/06\/ELIZABETE_2025-06-30_17-33-46.webp.webp?fit=1200%2C757&ssl=1&resize=1050%2C600 3x"},"classes":[]},{"id":59891,"url":"https:\/\/noticiasribeiraopreto.com.br\/index.php\/2024\/10\/31\/motorista-que-atropelou-e-matou-ciclista-em-ribeirao-preto-se-apresenta-a-policia\/","url_meta":{"origin":81387,"position":4},"title":"Motorista que atropelou e matou ciclista em Ribeir\u00e3o Preto se apresenta \u00e0 pol\u00edcia","author":"noticiasribeiraopreto.com.br","date":"31 de October de 2024","format":false,"excerpt":"O motorista acusado de atropelar e matar um ciclista de 51 anos, em frente ao Parque Maur\u00edlio Biagi, na zona Oeste de Ribeir\u00e3o Preto, se apresentou \u00e0 pol\u00edcia nesta quinta-feira (31), de acordo com a SSP (Secretaria de Seguran\u00e7a P\u00fablica). O acidente aconteceu na quarta-feira (30), e, segundo o BO\u2026","rel":"","context":"In &quot;Not\u00edcias de Ribeir\u00e3o Preto-SP e Regi\u00e3o&quot;","block_context":{"text":"Not\u00edcias de Ribeir\u00e3o Preto-SP e Regi\u00e3o","link":"https:\/\/noticiasribeiraopreto.com.br\/index.php\/category\/noticias-de-ribeirao-preto-sp-e-regiao-ismael-colosi\/"},"img":{"alt_text":"","src":"https:\/\/i0.wp.com\/noticiasribeiraopreto.com.br\/wp-content\/uploads\/2024\/10\/CICLISTA_2024-10-31_11-28-06_jpg_2024-10-31_11-28-06.webp.webp?fit=1200%2C883&ssl=1&resize=350%2C200","width":350,"height":200,"srcset":"https:\/\/i0.wp.com\/noticiasribeiraopreto.com.br\/wp-content\/uploads\/2024\/10\/CICLISTA_2024-10-31_11-28-06_jpg_2024-10-31_11-28-06.webp.webp?fit=1200%2C883&ssl=1&resize=350%2C200 1x, https:\/\/i0.wp.com\/noticiasribeiraopreto.com.br\/wp-content\/uploads\/2024\/10\/CICLISTA_2024-10-31_11-28-06_jpg_2024-10-31_11-28-06.webp.webp?fit=1200%2C883&ssl=1&resize=525%2C300 1.5x, https:\/\/i0.wp.com\/noticiasribeiraopreto.com.br\/wp-content\/uploads\/2024\/10\/CICLISTA_2024-10-31_11-28-06_jpg_2024-10-31_11-28-06.webp.webp?fit=1200%2C883&ssl=1&resize=700%2C400 2x, https:\/\/i0.wp.com\/noticiasribeiraopreto.com.br\/wp-content\/uploads\/2024\/10\/CICLISTA_2024-10-31_11-28-06_jpg_2024-10-31_11-28-06.webp.webp?fit=1200%2C883&ssl=1&resize=1050%2C600 3x"},"classes":[]},{"id":83806,"url":"https:\/\/noticiasribeiraopreto.com.br\/index.php\/2026\/03\/26\/cachorra-resgatada-apos-denuncia-de-maus-tratos-foge-em-ribeirao-preto\/","url_meta":{"origin":81387,"position":5},"title":"Cachorra resgatada ap\u00f3s den\u00fancia de maus-tratos foge em Ribeir\u00e3o Preto","author":"noticiasribeiraopreto.com.br","date":"26 de March de 2026","format":false,"excerpt":"Uma cachorra resgatada durante uma a\u00e7\u00e3o policial que investiga suspeita de maus-tratos fugiu da Divis\u00e3o de Bem-Estar Animal na manh\u00e3 desta quinta-feira (26), em Ribeir\u00e3o Preto. Dois animais foram recolhidos e encaminhados ao \u00f3rg\u00e3o, localizado na Via Norte, e uma delas, a Lilica, escapou da unidade. A GCM (Guarda Civil\u2026","rel":"","context":"In &quot;Not\u00edcias de Ribeir\u00e3o Preto-SP e Regi\u00e3o&quot;","block_context":{"text":"Not\u00edcias de Ribeir\u00e3o Preto-SP e Regi\u00e3o","link":"https:\/\/noticiasribeiraopreto.com.br\/index.php\/category\/noticias-de-ribeirao-preto-sp-e-regiao-ismael-colosi\/"},"img":{"alt_text":"","src":"https:\/\/i0.wp.com\/noticiasribeiraopreto.com.br\/wp-content\/uploads\/2026\/03\/cachorro-1_2026-03-26_14-57-37.webp.webp?fit=1200%2C967&ssl=1&resize=350%2C200","width":350,"height":200,"srcset":"https:\/\/i0.wp.com\/noticiasribeiraopreto.com.br\/wp-content\/uploads\/2026\/03\/cachorro-1_2026-03-26_14-57-37.webp.webp?fit=1200%2C967&ssl=1&resize=350%2C200 1x, https:\/\/i0.wp.com\/noticiasribeiraopreto.com.br\/wp-content\/uploads\/2026\/03\/cachorro-1_2026-03-26_14-57-37.webp.webp?fit=1200%2C967&ssl=1&resize=525%2C300 1.5x, https:\/\/i0.wp.com\/noticiasribeiraopreto.com.br\/wp-content\/uploads\/2026\/03\/cachorro-1_2026-03-26_14-57-37.webp.webp?fit=1200%2C967&ssl=1&resize=700%2C400 2x, https:\/\/i0.wp.com\/noticiasribeiraopreto.com.br\/wp-content\/uploads\/2026\/03\/cachorro-1_2026-03-26_14-57-37.webp.webp?fit=1200%2C967&ssl=1&resize=1050%2C600 3x"},"classes":[]}],"jetpack_sharing_enabled":true,"jetpack_shortlink":"https:\/\/wp.me\/peQAOb-laH","_links":{"self":[{"href":"https:\/\/noticiasribeiraopreto.com.br\/index.php\/wp-json\/wp\/v2\/posts\/81387","targetHints":{"allow":["GET"]}}],"collection":[{"href":"https:\/\/noticiasribeiraopreto.com.br\/index.php\/wp-json\/wp\/v2\/posts"}],"about":[{"href":"https:\/\/noticiasribeiraopreto.com.br\/index.php\/wp-json\/wp\/v2\/types\/post"}],"author":[{"embeddable":true,"href":"https:\/\/noticiasribeiraopreto.com.br\/index.php\/wp-json\/wp\/v2\/users\/1"}],"replies":[{"embeddable":true,"href":"https:\/\/noticiasribeiraopreto.com.br\/index.php\/wp-json\/wp\/v2\/comments?post=81387"}],"version-history":[{"count":0,"href":"https:\/\/noticiasribeiraopreto.com.br\/index.php\/wp-json\/wp\/v2\/posts\/81387\/revisions"}],"wp:featuredmedia":[{"embeddable":true,"href":"https:\/\/noticiasribeiraopreto.com.br\/index.php\/wp-json\/wp\/v2\/media\/81388"}],"wp:attachment":[{"href":"https:\/\/noticiasribeiraopreto.com.br\/index.php\/wp-json\/wp\/v2\/media?parent=81387"}],"wp:term":[{"taxonomy":"category","embeddable":true,"href":"https:\/\/noticiasribeiraopreto.com.br\/index.php\/wp-json\/wp\/v2\/categories?post=81387"},{"taxonomy":"post_tag","embeddable":true,"href":"https:\/\/noticiasribeiraopreto.com.br\/index.php\/wp-json\/wp\/v2\/tags?post=81387"}],"curies":[{"name":"wp","href":"https:\/\/api.w.org\/{rel}","templated":true}]}}