{"id":81389,"date":"2026-01-04T07:32:32","date_gmt":"2026-01-04T10:32:32","guid":{"rendered":"https:\/\/noticiasribeiraopreto.com.br\/index.php\/2026\/01\/04\/botafogo-vira-sobre-o-santa-cruz-e-estreia-com-vitoria-na-copinha\/"},"modified":"2026-01-04T07:32:32","modified_gmt":"2026-01-04T10:32:32","slug":"botafogo-vira-sobre-o-santa-cruz-e-estreia-com-vitoria-na-copinha","status":"publish","type":"post","link":"https:\/\/noticiasribeiraopreto.com.br\/index.php\/2026\/01\/04\/botafogo-vira-sobre-o-santa-cruz-e-estreia-com-vitoria-na-copinha\/","title":{"rendered":"Botafogo vira sobre o Santa Cruz e estreia com vit\u00f3ria na Copinha"},"content":{"rendered":"<div class='code-block code-block-1' style='margin: 8px 0 8px auto; text-align: right; display: block; clear: both;'>\n<p><a href=\"https:\/\/wa.link\/vpicfd\"><img data-recalc-dims=\"1\" class=\"wp-image-4922\" style=\"aspect-ratio: 2.0253164556962027; width: 561px; height: auto;\" src=\"https:\/\/i0.wp.com\/ismaelcolosi.com.br\/wp-content\/uploads\/2023\/11\/grupo-de-empregos-whatsapp-e-facebook-ismael-colosi-vagas.jpg?ssl=1\" alt=\"\" \/><\/a><\/p>\n<!-- \/wp:image -->\n<\/div>\n<p> <br \/>\n<\/p>\n<p><strong>O Botafogo venceu o Santa Cruz de virada na tarde deste s\u00e1bado (3), em sua estreia na Copa S\u00e3o Paulo de Futebol J\u00fanior.<\/strong> O <strong>placar <\/strong>do <strong>jogo <\/strong>foi de <strong>3 a 1<\/strong> no <strong>est\u00e1dio Z\u00e9 Turquim<\/strong>, em <strong>Brodowski<\/strong>, na <strong>regi\u00e3o de Ribeir\u00e3o Preto<\/strong>.<\/p>\n<p>O <strong>time <\/strong>de <strong>Pernambuco <\/strong>fez o <strong>primeiro gol <\/strong>da <strong>partida <\/strong>logo aos <strong>6 minutos<\/strong> do <strong>primeiro tempo<\/strong>, com <strong>Peu<\/strong>.<\/p>\n<p>Mesmo com a expuls\u00e3o de Gabriel, o Pantera conseguiu virar com Erik, Ruan e Robson no segundo tempo.<\/p>\n<p>Com o resultado, o Botafogo lidera o Grupo 11 da competi\u00e7\u00e3o. <\/p>\n<p>A segunda rodada acontece na pr\u00f3xima ter\u00e7a-feira (6), com Bandeirante e Botafogo, \u00e0s 13h, e Tuna Luso e Santa Cruz, \u00e0s 15h15. Os jogos s\u00e3o em Brodowski.<\/p>\n<p>SAIBA MAIS<\/p>\n<p>Copinha 2026 come\u00e7ou nesta sexta-feira; confira onde assistir aos jogos<\/p>\n<h2 class=\"wp-block-heading\"><strong>FIQUE ON<\/strong><\/h2>\n<p>Fique ligado em tudo que acontece em Ribeir\u00e3o Preto e regi\u00e3o. Siga os perfis do&nbsp;<strong>acidade on<\/strong>&nbsp;no<a href=\"https:\/\/www.instagram.com\/acidadeonribeirao\" target=\"_blank\" rel=\"noreferrer noopener\">&nbsp;Instagram&nbsp;<\/a>e no&nbsp;<a href=\"https:\/\/www.facebook.com\/acidadeonribeirao\/\" target=\"_blank\" rel=\"noreferrer noopener\">Facebook<\/a>.<\/p>\n<p>Receba not\u00edcias do<strong>&nbsp;acidade on<\/strong>&nbsp;no WhatsApp. Para entrar no grupo,&nbsp;basta&nbsp;<a href=\"https:\/\/chat.whatsapp.com\/I4nieTEMKlf50pJ28aMemC?mode=ac_t\" target=\"_blank\" rel=\"noreferrer noopener\">clicar aqui<\/a>. Ou, acesse o nosso&nbsp;Canal&nbsp;<a href=\"https:\/\/whatsapp.com\/channel\/0029Vb6IQl1JENyAeS57fk2p\" target=\"_blank\" rel=\"noreferrer noopener\">clicando aqui<\/a>.<\/p>\n<p>Fa\u00e7a uma den\u00fancia ou sugira uma reportagem sobre Ribeir\u00e3o Preto e regi\u00e3o pelo WhatsApp: 16 99117 7802.<\/p>\n<p>VEJA TAMB\u00c9M<\/p>\n<p>Por que Danielle saiu do NewJeans?<\/p>\n<p>O post Botafogo vira sobre o Santa Cruz e estreia com vit\u00f3ria na Copinha apareceu primeiro em ACidade ON Ribeir\u00e3o Preto.<\/p>\n<p><script async src=\"\/\/www.instagram.com\/embed.js\"><\/script><br \/>\n<br \/><br \/>\n<br \/><a href=\"https:\/\/www.acidadeon.com\/ribeiraopreto\/cotidiano\/botafogo-vira-sobre-o-santa-cruz-e-estreia-com-vitoria-na-copinha\/\">Source link <\/a><\/p>\n<!-- CONTENT END 1 -->\n","protected":false},"excerpt":{"rendered":"<p>O Botafogo venceu o Santa Cruz de virada na tarde deste s\u00e1bado (3), em sua estreia na Copa S\u00e3o Paulo de Futebol J\u00fanior. O placar&#8230;<\/p>\n","protected":false},"author":1,"featured_media":81390,"comment_status":"open","ping_status":"open","sticky":false,"template":"","format":"standard","meta":{"advanced_seo_description":"","jetpack_seo_html_title":"","jetpack_seo_noindex":false,"jetpack_post_was_ever_published":false,"_jetpack_newsletter_access":"","_jetpack_dont_email_post_to_subs":false,"_jetpack_newsletter_tier_id":0,"_jetpack_memberships_contains_paywalled_content":false,"_jetpack_memberships_contains_paid_content":false,"footnotes":"","jetpack_publicize_message":"","jetpack_publicize_feature_enabled":true,"jetpack_social_post_already_shared":true,"jetpack_social_options":{"image_generator_settings":{"template":"highway","default_image_id":0,"font":"","enabled":false},"version":2}},"categories":[11],"tags":[],"class_list":["post-81389","post","type-post","status-publish","format-standard","has-post-thumbnail","hentry","category-noticias-de-ribeirao-preto-sp-e-regiao-ismael-colosi"],"jetpack_publicize_connections":[],"jetpack_featured_media_url":"https:\/\/i0.wp.com\/noticiasribeiraopreto.com.br\/wp-content\/uploads\/2026\/01\/bota-2_2026-01-03_20-31-45.webp.webp?fit=1200%2C752&ssl=1","jetpack-related-posts":[{"id":81377,"url":"https:\/\/noticiasribeiraopreto.com.br\/index.php\/2026\/01\/03\/botafogo-estreia-com-vitoria-na-copinha\/","url_meta":{"origin":81389,"position":0},"title":"Botafogo estreia com vit\u00f3ria na Copinha","author":"noticiasribeiraopreto.com.br","date":"3 de January de 2026","format":false,"excerpt":"\r \r \r Com um a menos, Pantera vira e leva a melhor diante do Santa Cruz por 3 a 1\r \r 3 de janeiro de 2026 17:25 \r Compartilhar1 \r Por Hugo Luque O Botafogo estreou com vit\u00f3ria na Copa S\u00e3o Paulo de Futebol J\u00fanior. A equipe derrotou o\u2026","rel":"","context":"In &quot;Not\u00edcias de Ribeir\u00e3o Preto-SP e Regi\u00e3o&quot;","block_context":{"text":"Not\u00edcias de Ribeir\u00e3o Preto-SP e Regi\u00e3o","link":"https:\/\/noticiasribeiraopreto.com.br\/index.php\/category\/noticias-de-ribeirao-preto-sp-e-regiao-ismael-colosi\/"},"img":{"alt_text":"","src":"https:\/\/i0.wp.com\/noticiasribeiraopreto.com.br\/wp-content\/uploads\/2026\/01\/Botafogo-x-Santa-Cruz-Raul-Ramos-scaled.jpg?fit=1200%2C764&ssl=1&resize=350%2C200","width":350,"height":200,"srcset":"https:\/\/i0.wp.com\/noticiasribeiraopreto.com.br\/wp-content\/uploads\/2026\/01\/Botafogo-x-Santa-Cruz-Raul-Ramos-scaled.jpg?fit=1200%2C764&ssl=1&resize=350%2C200 1x, https:\/\/i0.wp.com\/noticiasribeiraopreto.com.br\/wp-content\/uploads\/2026\/01\/Botafogo-x-Santa-Cruz-Raul-Ramos-scaled.jpg?fit=1200%2C764&ssl=1&resize=525%2C300 1.5x, https:\/\/i0.wp.com\/noticiasribeiraopreto.com.br\/wp-content\/uploads\/2026\/01\/Botafogo-x-Santa-Cruz-Raul-Ramos-scaled.jpg?fit=1200%2C764&ssl=1&resize=700%2C400 2x, https:\/\/i0.wp.com\/noticiasribeiraopreto.com.br\/wp-content\/uploads\/2026\/01\/Botafogo-x-Santa-Cruz-Raul-Ramos-scaled.jpg?fit=1200%2C764&ssl=1&resize=1050%2C600 3x"},"classes":[]},{"id":62116,"url":"https:\/\/noticiasribeiraopreto.com.br\/index.php\/2025\/01\/03\/botafogo-abre-tres-gols-de-vantagem-mas-leva-empate-na-estreia-da-copinha\/","url_meta":{"origin":81389,"position":1},"title":"Botafogo abre tr\u00eas gols de vantagem, mas leva empate na estreia da Copinha","author":"noticiasribeiraopreto.com.br","date":"3 de January de 2025","format":false,"excerpt":"O Botafogo abriu tr\u00eas gols de vantagem contra o Azuriz-PR na estreia da Copa S\u00e3o Paulo de Futebol J\u00fanior, disputada na tarde desta sexta-feira (3), mas o time de Ribeir\u00e3o Preto levou o empate no \u00faltimo minuto de jogo, que terminou em 3 a 3. A partida aconteceu na tarde\u2026","rel":"","context":"In &quot;Not\u00edcias de Ribeir\u00e3o Preto-SP e Regi\u00e3o&quot;","block_context":{"text":"Not\u00edcias de Ribeir\u00e3o Preto-SP e Regi\u00e3o","link":"https:\/\/noticiasribeiraopreto.com.br\/index.php\/category\/noticias-de-ribeirao-preto-sp-e-regiao-ismael-colosi\/"},"img":{"alt_text":"","src":"https:\/\/i0.wp.com\/noticiasribeiraopreto.com.br\/wp-content\/uploads\/2025\/01\/botafogo-azuriz_2025-01-03_20-30-09_jpeg_2025-01-03_20-30-09.webp.webp?fit=1200%2C800&ssl=1&resize=350%2C200","width":350,"height":200,"srcset":"https:\/\/i0.wp.com\/noticiasribeiraopreto.com.br\/wp-content\/uploads\/2025\/01\/botafogo-azuriz_2025-01-03_20-30-09_jpeg_2025-01-03_20-30-09.webp.webp?fit=1200%2C800&ssl=1&resize=350%2C200 1x, https:\/\/i0.wp.com\/noticiasribeiraopreto.com.br\/wp-content\/uploads\/2025\/01\/botafogo-azuriz_2025-01-03_20-30-09_jpeg_2025-01-03_20-30-09.webp.webp?fit=1200%2C800&ssl=1&resize=525%2C300 1.5x, https:\/\/i0.wp.com\/noticiasribeiraopreto.com.br\/wp-content\/uploads\/2025\/01\/botafogo-azuriz_2025-01-03_20-30-09_jpeg_2025-01-03_20-30-09.webp.webp?fit=1200%2C800&ssl=1&resize=700%2C400 2x, https:\/\/i0.wp.com\/noticiasribeiraopreto.com.br\/wp-content\/uploads\/2025\/01\/botafogo-azuriz_2025-01-03_20-30-09_jpeg_2025-01-03_20-30-09.webp.webp?fit=1200%2C800&ssl=1&resize=1050%2C600 3x"},"classes":[]},{"id":81710,"url":"https:\/\/noticiasribeiraopreto.com.br\/index.php\/2026\/01\/14\/botafogo-e-eliminado-da-copa-sao-paulo\/","url_meta":{"origin":81389,"position":2},"title":"Botafogo \u00e9 eliminado da Copa S\u00e3o Paulo","author":"noticiasribeiraopreto.com.br","date":"14 de January de 2026","format":false,"excerpt":"\r Pantera foi batido nos p\u00eanaltis pelo Guanabara City-GO\r \r 14 de janeiro de 2026 22:01 \r Compartilhar1 Por Hugo Luque O Botafogo est\u00e1 eliminado da Copa S\u00e3o Paulo de Futebol J\u00fanior. O Pantera empatou em 0 a 0 com o Guanabara City-GO no tempo normal, em Cravinhos (SP), e\u2026","rel":"","context":"In &quot;Not\u00edcias de Ribeir\u00e3o Preto-SP e Regi\u00e3o&quot;","block_context":{"text":"Not\u00edcias de Ribeir\u00e3o Preto-SP e Regi\u00e3o","link":"https:\/\/noticiasribeiraopreto.com.br\/index.php\/category\/noticias-de-ribeirao-preto-sp-e-regiao-ismael-colosi\/"},"img":{"alt_text":"","src":"https:\/\/i0.wp.com\/noticiasribeiraopreto.com.br\/wp-content\/uploads\/2026\/01\/2-Botafogo-x-Guanabara-City-Raul-Ramos-scaled.jpg?fit=1200%2C800&ssl=1&resize=350%2C200","width":350,"height":200,"srcset":"https:\/\/i0.wp.com\/noticiasribeiraopreto.com.br\/wp-content\/uploads\/2026\/01\/2-Botafogo-x-Guanabara-City-Raul-Ramos-scaled.jpg?fit=1200%2C800&ssl=1&resize=350%2C200 1x, https:\/\/i0.wp.com\/noticiasribeiraopreto.com.br\/wp-content\/uploads\/2026\/01\/2-Botafogo-x-Guanabara-City-Raul-Ramos-scaled.jpg?fit=1200%2C800&ssl=1&resize=525%2C300 1.5x, https:\/\/i0.wp.com\/noticiasribeiraopreto.com.br\/wp-content\/uploads\/2026\/01\/2-Botafogo-x-Guanabara-City-Raul-Ramos-scaled.jpg?fit=1200%2C800&ssl=1&resize=700%2C400 2x, https:\/\/i0.wp.com\/noticiasribeiraopreto.com.br\/wp-content\/uploads\/2026\/01\/2-Botafogo-x-Guanabara-City-Raul-Ramos-scaled.jpg?fit=1200%2C800&ssl=1&resize=1050%2C600 3x"},"classes":[]},{"id":80827,"url":"https:\/\/noticiasribeiraopreto.com.br\/index.php\/2025\/12\/14\/copinha-2026-times-de-ribeirao-preto-tem-estreia-definida\/","url_meta":{"origin":81389,"position":3},"title":"Copinha 2026: times de Ribeir\u00e3o Preto t\u00eam estreia definida","author":"noticiasribeiraopreto.com.br","date":"14 de December de 2025","format":false,"excerpt":"Os representantes de Ribeir\u00e3o Preto e regi\u00e3o j\u00e1 conhecem datas e hor\u00e1rios das partidas da Copa S\u00e3o Paulo de Futebol J\u00fanior 2026. Comercial, Botafogo e I9-SP entram em campo a partir de 3 de janeiro, distribu\u00eddos em tr\u00eas sedes: Ribeir\u00e3o Preto Brodowsk Cravinhos A Federa\u00e7\u00e3o Paulista de Futebol divulgou na\u2026","rel":"","context":"In &quot;Not\u00edcias de Ribeir\u00e3o Preto-SP e Regi\u00e3o&quot;","block_context":{"text":"Not\u00edcias de Ribeir\u00e3o Preto-SP e Regi\u00e3o","link":"https:\/\/noticiasribeiraopreto.com.br\/index.php\/category\/noticias-de-ribeirao-preto-sp-e-regiao-ismael-colosi\/"},"img":{"alt_text":"","src":"https:\/\/i0.wp.com\/noticiasribeiraopreto.com.br\/wp-content\/uploads\/2025\/12\/Copia-de-Copia-de-Copia-de-TAMANHO-EXATO-PARA-FOTOS-NO-SISTEMA-NOVO-2025-11-25T210951.995_2025-11-26_00-10-33.webp.webp?fit=1200%2C675&ssl=1&resize=350%2C200","width":350,"height":200,"srcset":"https:\/\/i0.wp.com\/noticiasribeiraopreto.com.br\/wp-content\/uploads\/2025\/12\/Copia-de-Copia-de-Copia-de-TAMANHO-EXATO-PARA-FOTOS-NO-SISTEMA-NOVO-2025-11-25T210951.995_2025-11-26_00-10-33.webp.webp?fit=1200%2C675&ssl=1&resize=350%2C200 1x, https:\/\/i0.wp.com\/noticiasribeiraopreto.com.br\/wp-content\/uploads\/2025\/12\/Copia-de-Copia-de-Copia-de-TAMANHO-EXATO-PARA-FOTOS-NO-SISTEMA-NOVO-2025-11-25T210951.995_2025-11-26_00-10-33.webp.webp?fit=1200%2C675&ssl=1&resize=525%2C300 1.5x, https:\/\/i0.wp.com\/noticiasribeiraopreto.com.br\/wp-content\/uploads\/2025\/12\/Copia-de-Copia-de-Copia-de-TAMANHO-EXATO-PARA-FOTOS-NO-SISTEMA-NOVO-2025-11-25T210951.995_2025-11-26_00-10-33.webp.webp?fit=1200%2C675&ssl=1&resize=700%2C400 2x, https:\/\/i0.wp.com\/noticiasribeiraopreto.com.br\/wp-content\/uploads\/2025\/12\/Copia-de-Copia-de-Copia-de-TAMANHO-EXATO-PARA-FOTOS-NO-SISTEMA-NOVO-2025-11-25T210951.995_2025-11-26_00-10-33.webp.webp?fit=1200%2C675&ssl=1&resize=1050%2C600 3x"},"classes":[]},{"id":81559,"url":"https:\/\/noticiasribeiraopreto.com.br\/index.php\/2026\/01\/09\/botafogo-derrota-tuna-luso-pa-e-mantem-100-na-copinha\/","url_meta":{"origin":81389,"position":4},"title":"Botafogo derrota Tuna Luso-PA e mant\u00e9m 100% na Copinha","author":"noticiasribeiraopreto.com.br","date":"9 de January de 2026","format":false,"excerpt":"\r \r \r Classificado de forma antecipada, Pantera fechou fase de grupos com mais um triunfo\r \r 9 de janeiro de 2026 15:279 de janeiro de 2026 15:32 \r Compartilhar1 \r Por Hugo Luque Recheado de reservas, o Botafogo derrotou a Tuna Luso-PA por 1 a 0 nesta sexta-feira (9),\u2026","rel":"","context":"In &quot;Not\u00edcias de Ribeir\u00e3o Preto-SP e Regi\u00e3o&quot;","block_context":{"text":"Not\u00edcias de Ribeir\u00e3o Preto-SP e Regi\u00e3o","link":"https:\/\/noticiasribeiraopreto.com.br\/index.php\/category\/noticias-de-ribeirao-preto-sp-e-regiao-ismael-colosi\/"},"img":{"alt_text":"","src":"https:\/\/i0.wp.com\/noticiasribeiraopreto.com.br\/wp-content\/uploads\/2026\/01\/Botafogo-x-Tuna-Luso-Raul-Ramos-scaled.jpg?fit=1169%2C780&ssl=1&resize=350%2C200","width":350,"height":200,"srcset":"https:\/\/i0.wp.com\/noticiasribeiraopreto.com.br\/wp-content\/uploads\/2026\/01\/Botafogo-x-Tuna-Luso-Raul-Ramos-scaled.jpg?fit=1169%2C780&ssl=1&resize=350%2C200 1x, https:\/\/i0.wp.com\/noticiasribeiraopreto.com.br\/wp-content\/uploads\/2026\/01\/Botafogo-x-Tuna-Luso-Raul-Ramos-scaled.jpg?fit=1169%2C780&ssl=1&resize=525%2C300 1.5x, https:\/\/i0.wp.com\/noticiasribeiraopreto.com.br\/wp-content\/uploads\/2026\/01\/Botafogo-x-Tuna-Luso-Raul-Ramos-scaled.jpg?fit=1169%2C780&ssl=1&resize=700%2C400 2x, https:\/\/i0.wp.com\/noticiasribeiraopreto.com.br\/wp-content\/uploads\/2026\/01\/Botafogo-x-Tuna-Luso-Raul-Ramos-scaled.jpg?fit=1169%2C780&ssl=1&resize=1050%2C600 3x"},"classes":[]},{"id":81477,"url":"https:\/\/noticiasribeiraopreto.com.br\/index.php\/2026\/01\/07\/botafogo-vence-o-bandeirante-de-virada-e-lidera-o-grupo-11-da-copinha\/","url_meta":{"origin":81389,"position":5},"title":"Botafogo vence o Bandeirante de virada e lidera o Grupo 11 da Copinha","author":"noticiasribeiraopreto.com.br","date":"7 de January de 2026","format":false,"excerpt":"O Botafogo venceu o Bandeirante por 3 a 1 na tarde desta ter\u00e7a-feira (6), pela segunda rodada da Copa Paulista de Futebol J\u00fanior, e assumiu a lideran\u00e7a do Grupo 11. A partida aconteceu em Brodowski, no Est\u00e1dio Jos\u00e9 Turquim. Foto:Luiz Fernando Cosenzo\/Ag\u00eancia Botafogo Foto:Luiz Fernando Cosenzo\/Ag\u00eancia Botafogo Foto:Luiz Fernando Cosenzo\/Ag\u00eancia\u2026","rel":"","context":"In &quot;Not\u00edcias de Ribeir\u00e3o Preto-SP e Regi\u00e3o&quot;","block_context":{"text":"Not\u00edcias de Ribeir\u00e3o Preto-SP e Regi\u00e3o","link":"https:\/\/noticiasribeiraopreto.com.br\/index.php\/category\/noticias-de-ribeirao-preto-sp-e-regiao-ismael-colosi\/"},"img":{"alt_text":"","src":"https:\/\/i0.wp.com\/noticiasribeiraopreto.com.br\/wp-content\/uploads\/2026\/01\/1aa2f35c-b0e1-488c-8979-9abb75fcebe5_2026-01-06_18-06-57.webp.webp?fit=1200%2C800&ssl=1&resize=350%2C200","width":350,"height":200,"srcset":"https:\/\/i0.wp.com\/noticiasribeiraopreto.com.br\/wp-content\/uploads\/2026\/01\/1aa2f35c-b0e1-488c-8979-9abb75fcebe5_2026-01-06_18-06-57.webp.webp?fit=1200%2C800&ssl=1&resize=350%2C200 1x, https:\/\/i0.wp.com\/noticiasribeiraopreto.com.br\/wp-content\/uploads\/2026\/01\/1aa2f35c-b0e1-488c-8979-9abb75fcebe5_2026-01-06_18-06-57.webp.webp?fit=1200%2C800&ssl=1&resize=525%2C300 1.5x, https:\/\/i0.wp.com\/noticiasribeiraopreto.com.br\/wp-content\/uploads\/2026\/01\/1aa2f35c-b0e1-488c-8979-9abb75fcebe5_2026-01-06_18-06-57.webp.webp?fit=1200%2C800&ssl=1&resize=700%2C400 2x, https:\/\/i0.wp.com\/noticiasribeiraopreto.com.br\/wp-content\/uploads\/2026\/01\/1aa2f35c-b0e1-488c-8979-9abb75fcebe5_2026-01-06_18-06-57.webp.webp?fit=1200%2C800&ssl=1&resize=1050%2C600 3x"},"classes":[]}],"jetpack_sharing_enabled":true,"jetpack_shortlink":"https:\/\/wp.me\/peQAOb-laJ","_links":{"self":[{"href":"https:\/\/noticiasribeiraopreto.com.br\/index.php\/wp-json\/wp\/v2\/posts\/81389","targetHints":{"allow":["GET"]}}],"collection":[{"href":"https:\/\/noticiasribeiraopreto.com.br\/index.php\/wp-json\/wp\/v2\/posts"}],"about":[{"href":"https:\/\/noticiasribeiraopreto.com.br\/index.php\/wp-json\/wp\/v2\/types\/post"}],"author":[{"embeddable":true,"href":"https:\/\/noticiasribeiraopreto.com.br\/index.php\/wp-json\/wp\/v2\/users\/1"}],"replies":[{"embeddable":true,"href":"https:\/\/noticiasribeiraopreto.com.br\/index.php\/wp-json\/wp\/v2\/comments?post=81389"}],"version-history":[{"count":0,"href":"https:\/\/noticiasribeiraopreto.com.br\/index.php\/wp-json\/wp\/v2\/posts\/81389\/revisions"}],"wp:featuredmedia":[{"embeddable":true,"href":"https:\/\/noticiasribeiraopreto.com.br\/index.php\/wp-json\/wp\/v2\/media\/81390"}],"wp:attachment":[{"href":"https:\/\/noticiasribeiraopreto.com.br\/index.php\/wp-json\/wp\/v2\/media?parent=81389"}],"wp:term":[{"taxonomy":"category","embeddable":true,"href":"https:\/\/noticiasribeiraopreto.com.br\/index.php\/wp-json\/wp\/v2\/categories?post=81389"},{"taxonomy":"post_tag","embeddable":true,"href":"https:\/\/noticiasribeiraopreto.com.br\/index.php\/wp-json\/wp\/v2\/tags?post=81389"}],"curies":[{"name":"wp","href":"https:\/\/api.w.org\/{rel}","templated":true}]}}