{"id":81391,"date":"2026-01-04T07:39:48","date_gmt":"2026-01-04T10:39:48","guid":{"rendered":"https:\/\/noticiasribeiraopreto.com.br\/index.php\/2026\/01\/04\/veja-o-que-se-sabe-sobre-o-caso-do-atropelamento-de-mae-e-filho-em-ribeirao-preto\/"},"modified":"2026-01-04T07:39:48","modified_gmt":"2026-01-04T10:39:48","slug":"veja-o-que-se-sabe-sobre-o-caso-do-atropelamento-de-mae-e-filho-em-ribeirao-preto","status":"publish","type":"post","link":"https:\/\/noticiasribeiraopreto.com.br\/index.php\/2026\/01\/04\/veja-o-que-se-sabe-sobre-o-caso-do-atropelamento-de-mae-e-filho-em-ribeirao-preto\/","title":{"rendered":"Veja o que se sabe sobre o caso do atropelamento de m\u00e3e e filho em Ribeir\u00e3o Preto"},"content":{"rendered":"<div class='code-block code-block-1' style='margin: 8px 0 8px auto; text-align: right; display: block; clear: both;'>\n<p><a href=\"https:\/\/wa.link\/vpicfd\"><img data-recalc-dims=\"1\" class=\"wp-image-4922\" style=\"aspect-ratio: 2.0253164556962027; width: 561px; height: auto;\" src=\"https:\/\/i0.wp.com\/ismaelcolosi.com.br\/wp-content\/uploads\/2023\/11\/grupo-de-empregos-whatsapp-e-facebook-ismael-colosi-vagas.jpg?ssl=1\" alt=\"\" \/><\/a><\/p>\n<!-- \/wp:image -->\n<\/div>\n<p> <br \/>\n<\/p>\n<div>\n<p><strong>O motorista suspeito de fugir ap\u00f3s atropelar uma mulher e seu filho na manh\u00e3 da \u00faltima quinta-feira (1\u00ba) se apresentou \u00e0 Pol\u00edcia Civil de Ribeir\u00e3o Preto nesta sexta-feira (2). <\/strong>As <strong>v\u00edtimas<\/strong>, <strong>Eliene de Santana Maia<\/strong>, de <strong>33 anos<\/strong>, e <strong>Guilherme da Silva Maia<\/strong>, de <strong>6 anos<\/strong>, seguem internadas no <strong>Hospital das Cl\u00ednicas \u2013 Unidade de Emerg\u00eancia (HC-UE)<\/strong>.<\/p>\n<p><mark style=\"background-color:#fcb900\" class=\"has-inline-color has-black-color\">Ap\u00f3s prestar depoimento acompanhado por seus advogados, o condutor, de 25 anos, foi liberado.<\/mark><\/p>\n<p>O atropelamento ocorreu na rua Professor Felisberto Almada, em Bonfim Paulista, distrito na zona Sul da cidade, em trecho de acesso \u00e0 rodovia Jos\u00e9 Fregonezi (SP-328), sentido \u00e0 Ribeir\u00e3o. M\u00e3e e filho foram atingidos pelas costas enquanto caminhavam pelo acostamento. A mulher sofreu fraturas nas pernas, na bacia, no bra\u00e7o e no rosto, e Guilherme est\u00e1 no Centro de Terapia Intensiva (CTI) Pedi\u00e1trico.<\/p>\n<p>Testemunhas que estavam em um posto de combust\u00edveis pr\u00f3ximo relataram \u00e0 pol\u00edcia que alertaram o motorista ap\u00f3s o impacto, mas ele seguiu viagem.<\/p>\n<p>O delegado Ariovaldo Torrieri, respons\u00e1vel pela investiga\u00e7\u00e3o do caso no 7\u00ba Distrito Policial, disse que o motorista alegou ter se distra\u00eddo com a central multim\u00eddia do ve\u00edculo em que estava, um Hyundai HB20 preto alugado. O ve\u00edculo foi identificado pela GCM (Guarda Civil Metropolitana).<\/p>\n<p>Ainda conforme o delegado, o condutor negou ter consumido bebida alco\u00f3lica antes de dirigir.<\/p>\n<figure class=\"wp-block-pullquote\">\n<blockquote>\n<p>Ele alega que estava transitando pela rodovia, local dos fatos, e ele se distraiu em determinado momento com a central multim\u00eddia do carro, que \u00e9 alugado, ele n\u00e3o tinha muito conhecimento do ve\u00edculo, e ele sentiu o impacto. Ele olhou pelo espelho retrovisor, n\u00e3o viu nada na pista, achou que havia batido no guard-rail e seguiu seu trajeto <\/p>\n<p><cite><strong>Ariovaldo Torrieri, delegado<\/strong><\/cite><\/p><\/blockquote>\n<\/figure>\n<p>O motorista ainda alegou ter tido conhecimento do que havia acontecido pela imprensa.<\/p>\n<p>O delegado disse que, al\u00e9m de ter se apresentado espontaneamente, ele tem resid\u00eancia fixa e se colocou \u00e0 disposi\u00e7\u00e3o para ajudar as autoridades, como ao ceder o carro para per\u00edcia.<\/p>\n<p>Torrieri explicou que a representa\u00e7\u00e3o por pris\u00e3o \u00e9 poss\u00edvel em qualquer fase do inqu\u00e9rito ou do processo, desde que requisitos legais sejam preenchidos.<\/p>\n<p>\u201cA princ\u00edpio, n\u00e3o existem requisitos legais\u201d, afirmou o delegado.<\/p>\n<p>O caso foi registrado como les\u00e3o corporal culposa na dire\u00e7\u00e3o de ve\u00edculo automotor e fuga de local de acidente.<\/p>\n<p>SAIBA MAIS<\/p>\n<p>Homem morre ap\u00f3s ser esfaqueado no peito em festa de Ano Novo na regi\u00e3o de Ribeir\u00e3o Preto<\/p>\n<h2 class=\"wp-block-heading\"><strong>FIQUE ON<\/strong><\/h2>\n<p>Fique ligado em tudo que acontece em Ribeir\u00e3o Preto e regi\u00e3o. Siga os perfis do\u00a0<strong>acidade on<\/strong>\u00a0no<a href=\"https:\/\/www.instagram.com\/acidadeonribeirao\" target=\"_blank\" rel=\"noreferrer noopener\">\u00a0Instagram\u00a0<\/a>e no\u00a0<a href=\"https:\/\/www.facebook.com\/acidadeonribeirao\/\" target=\"_blank\" rel=\"noreferrer noopener\">Facebook<\/a>.<\/p>\n<p>Receba not\u00edcias do<strong>\u00a0acidade on<\/strong>\u00a0no WhatsApp. Para entrar no grupo,\u00a0basta\u00a0<a href=\"https:\/\/chat.whatsapp.com\/I4nieTEMKlf50pJ28aMemC?mode=ac_t\" target=\"_blank\" rel=\"noreferrer noopener\">clicar aqui<\/a>. Ou, acesse o nosso\u00a0Canal\u00a0<a href=\"https:\/\/whatsapp.com\/channel\/0029Vb6IQl1JENyAeS57fk2p\" target=\"_blank\" rel=\"noreferrer noopener\">clicando aqui<\/a>.<\/p>\n<p>Fa\u00e7a uma den\u00fancia ou sugira uma reportagem sobre Ribeir\u00e3o Preto e regi\u00e3o pelo WhatsApp: 16 99117 7802.<\/p>\n<p>VEJA TAMB\u00c9M<\/p>\n<p>Por que Danielle saiu do NewJeans?<\/p>\n<p><!-- AI CONTENT END 1 -->\n<\/div>\n<p><script async src=\"\/\/www.instagram.com\/embed.js\"><\/script><br \/>\n<br \/><br \/>\n<br \/><a href=\"https:\/\/www.acidadeon.com\/ribeiraopreto\/cotidiano\/veja-o-que-se-sabe-sobre-caso-do-atropelamento-de-mae-e-filho-em-ribeirao-preto\/\">Source link <\/a><\/p>\n<!-- CONTENT END 1 -->\n","protected":false},"excerpt":{"rendered":"<p>O motorista suspeito de fugir ap\u00f3s atropelar uma mulher e seu filho na manh\u00e3 da \u00faltima quinta-feira (1\u00ba) se apresentou \u00e0 Pol\u00edcia Civil de Ribeir\u00e3o&#8230;<\/p>\n","protected":false},"author":1,"featured_media":81361,"comment_status":"open","ping_status":"open","sticky":false,"template":"","format":"standard","meta":{"advanced_seo_description":"","jetpack_seo_html_title":"","jetpack_seo_noindex":false,"jetpack_post_was_ever_published":false,"_jetpack_newsletter_access":"","_jetpack_dont_email_post_to_subs":false,"_jetpack_newsletter_tier_id":0,"_jetpack_memberships_contains_paywalled_content":false,"_jetpack_memberships_contains_paid_content":false,"footnotes":"","jetpack_publicize_message":"","jetpack_publicize_feature_enabled":true,"jetpack_social_post_already_shared":true,"jetpack_social_options":{"image_generator_settings":{"template":"highway","default_image_id":0,"font":"","enabled":false},"version":2}},"categories":[11],"tags":[],"class_list":["post-81391","post","type-post","status-publish","format-standard","has-post-thumbnail","hentry","category-noticias-de-ribeirao-preto-sp-e-regiao-ismael-colosi"],"jetpack_publicize_connections":[],"jetpack_featured_media_url":"https:\/\/i0.wp.com\/noticiasribeiraopreto.com.br\/wp-content\/uploads\/2026\/01\/CARRO_2026-01-02_18-15-21.webp.webp?fit=1200%2C702&ssl=1","jetpack-related-posts":[{"id":81355,"url":"https:\/\/noticiasribeiraopreto.com.br\/index.php\/2026\/01\/03\/motorista-que-atropelou-mae-e-filho-se-entrega-a-policia-em-ribeirao-preto\/","url_meta":{"origin":81391,"position":0},"title":"Motorista que atropelou m\u00e3e e filho se entrega \u00e0 pol\u00edcia em Ribeir\u00e3o Preto","author":"noticiasribeiraopreto.com.br","date":"3 de January de 2026","format":false,"excerpt":"O motorista que atropelou uma mulher e seu filho em Bonfim Paulista, distrito de Ribeir\u00e3o Preto, se entregou \u00e0 pol\u00edcia na noite desta sexta-feira (2). De acordo com a Pol\u00edcia Civil, ele chegou \u00e0 Central de Pol\u00edcia Judici\u00e1ria (CPJ) acompanhado de sua advogada. Ap\u00f3s prestar depoimento, o motorista foi liberado.\u2026","rel":"","context":"In &quot;Not\u00edcias de Ribeir\u00e3o Preto-SP e Regi\u00e3o&quot;","block_context":{"text":"Not\u00edcias de Ribeir\u00e3o Preto-SP e Regi\u00e3o","link":"https:\/\/noticiasribeiraopreto.com.br\/index.php\/category\/noticias-de-ribeirao-preto-sp-e-regiao-ismael-colosi\/"},"img":{"alt_text":"","src":"https:\/\/i0.wp.com\/noticiasribeiraopreto.com.br\/wp-content\/uploads\/2026\/01\/image_2026-01-02_15-42-11.webp.webp?fit=984%2C549&ssl=1&resize=350%2C200","width":350,"height":200,"srcset":"https:\/\/i0.wp.com\/noticiasribeiraopreto.com.br\/wp-content\/uploads\/2026\/01\/image_2026-01-02_15-42-11.webp.webp?fit=984%2C549&ssl=1&resize=350%2C200 1x, https:\/\/i0.wp.com\/noticiasribeiraopreto.com.br\/wp-content\/uploads\/2026\/01\/image_2026-01-02_15-42-11.webp.webp?fit=984%2C549&ssl=1&resize=525%2C300 1.5x, https:\/\/i0.wp.com\/noticiasribeiraopreto.com.br\/wp-content\/uploads\/2026\/01\/image_2026-01-02_15-42-11.webp.webp?fit=984%2C549&ssl=1&resize=700%2C400 2x"},"classes":[]},{"id":81347,"url":"https:\/\/noticiasribeiraopreto.com.br\/index.php\/2026\/01\/02\/carro-supostamente-envolvido-em-atropelamento-de-mae-e-filho-em-bonfim-e-apreendido\/","url_meta":{"origin":81391,"position":1},"title":"Carro supostamente envolvido em atropelamento de m\u00e3e e filho em Bonfim \u00e9 apreendido","author":"noticiasribeiraopreto.com.br","date":"2 de January de 2026","format":false,"excerpt":"\r \r \r 2 de janeiro de 2026 13:592 de janeiro de 2026 14:01 \r Compartilhar0 Pol\u00edcia Militar localizou ve\u00edculo nesta sexta-feira (2) em uma estrada de terra no bairro Recreio Internacional em Ribeir\u00e3o Preto Um carro abandonado em uma estrada de terra no bairro Recreio Internacional, na zona Leste\u2026","rel":"","context":"In &quot;Not\u00edcias de Ribeir\u00e3o Preto-SP e Regi\u00e3o&quot;","block_context":{"text":"Not\u00edcias de Ribeir\u00e3o Preto-SP e Regi\u00e3o","link":"https:\/\/noticiasribeiraopreto.com.br\/index.php\/category\/noticias-de-ribeirao-preto-sp-e-regiao-ismael-colosi\/"},"img":{"alt_text":"","src":"https:\/\/i0.wp.com\/noticiasribeiraopreto.com.br\/wp-content\/uploads\/2026\/01\/1000204232-scaled.jpg?fit=1200%2C554&ssl=1&resize=350%2C200","width":350,"height":200,"srcset":"https:\/\/i0.wp.com\/noticiasribeiraopreto.com.br\/wp-content\/uploads\/2026\/01\/1000204232-scaled.jpg?fit=1200%2C554&ssl=1&resize=350%2C200 1x, https:\/\/i0.wp.com\/noticiasribeiraopreto.com.br\/wp-content\/uploads\/2026\/01\/1000204232-scaled.jpg?fit=1200%2C554&ssl=1&resize=525%2C300 1.5x, https:\/\/i0.wp.com\/noticiasribeiraopreto.com.br\/wp-content\/uploads\/2026\/01\/1000204232-scaled.jpg?fit=1200%2C554&ssl=1&resize=700%2C400 2x, https:\/\/i0.wp.com\/noticiasribeiraopreto.com.br\/wp-content\/uploads\/2026\/01\/1000204232-scaled.jpg?fit=1200%2C554&ssl=1&resize=1050%2C600 3x"},"classes":[]},{"id":81360,"url":"https:\/\/noticiasribeiraopreto.com.br\/index.php\/2026\/01\/03\/carro-envolvido-em-atropelamento-de-mae-e-filho-e-identificado-em-ribeirao-preto\/","url_meta":{"origin":81391,"position":2},"title":"Carro envolvido em atropelamento de m\u00e3e e filho \u00e9 identificado em Ribeir\u00e3o Preto","author":"noticiasribeiraopreto.com.br","date":"3 de January de 2026","format":false,"excerpt":"A GCM (Guarda Civil Metropolitana) informou nesta sexta-feira (2) que identificou o carro envolvido no atropelamento de uma mulher o e filho dela em Bonfim Paulista, distrito na zona Sul de Ribeir\u00e3o Preto. As v\u00edtimas, Eliene de Santana Maia, de 33 anos, e Guilherme da Silva Maia, 6 anos, seguem\u2026","rel":"","context":"In &quot;Not\u00edcias de Ribeir\u00e3o Preto-SP e Regi\u00e3o&quot;","block_context":{"text":"Not\u00edcias de Ribeir\u00e3o Preto-SP e Regi\u00e3o","link":"https:\/\/noticiasribeiraopreto.com.br\/index.php\/category\/noticias-de-ribeirao-preto-sp-e-regiao-ismael-colosi\/"},"img":{"alt_text":"","src":"https:\/\/i0.wp.com\/noticiasribeiraopreto.com.br\/wp-content\/uploads\/2026\/01\/CARRO_2026-01-02_18-15-21.webp.webp?fit=1200%2C702&ssl=1&resize=350%2C200","width":350,"height":200,"srcset":"https:\/\/i0.wp.com\/noticiasribeiraopreto.com.br\/wp-content\/uploads\/2026\/01\/CARRO_2026-01-02_18-15-21.webp.webp?fit=1200%2C702&ssl=1&resize=350%2C200 1x, https:\/\/i0.wp.com\/noticiasribeiraopreto.com.br\/wp-content\/uploads\/2026\/01\/CARRO_2026-01-02_18-15-21.webp.webp?fit=1200%2C702&ssl=1&resize=525%2C300 1.5x, https:\/\/i0.wp.com\/noticiasribeiraopreto.com.br\/wp-content\/uploads\/2026\/01\/CARRO_2026-01-02_18-15-21.webp.webp?fit=1200%2C702&ssl=1&resize=700%2C400 2x, https:\/\/i0.wp.com\/noticiasribeiraopreto.com.br\/wp-content\/uploads\/2026\/01\/CARRO_2026-01-02_18-15-21.webp.webp?fit=1200%2C702&ssl=1&resize=1050%2C600 3x"},"classes":[]},{"id":81409,"url":"https:\/\/noticiasribeiraopreto.com.br\/index.php\/2026\/01\/05\/morre-crianca-de-6-anos-que-foi-atropelada-junto-com-a-mae-em-ribeirao-preto\/","url_meta":{"origin":81391,"position":3},"title":"Morre crian\u00e7a de 6 anos que foi atropelada junto com a m\u00e3e em Ribeir\u00e3o Preto","author":"noticiasribeiraopreto.com.br","date":"5 de January de 2026","format":false,"excerpt":"A crian\u00e7a atropelada junto com a m\u00e3e na manh\u00e3 de quinta-feira (1\u00ba), na rua Professor Felisberto Almada, em Bonfim Paulista, distrito de Ribeir\u00e3o Preto, morreu na madrugada deste domingo (4). O acidente ocorreu no sentido bairro\u2013Centro e foi registrado por c\u00e2meras de seguran\u00e7a. Segundo o boletim de ocorr\u00eancia, Eliene de\u2026","rel":"","context":"In &quot;Not\u00edcias de Ribeir\u00e3o Preto-SP e Regi\u00e3o&quot;","block_context":{"text":"Not\u00edcias de Ribeir\u00e3o Preto-SP e Regi\u00e3o","link":"https:\/\/noticiasribeiraopreto.com.br\/index.php\/category\/noticias-de-ribeirao-preto-sp-e-regiao-ismael-colosi\/"},"img":{"alt_text":"","src":"https:\/\/i0.wp.com\/noticiasribeiraopreto.com.br\/wp-content\/uploads\/2026\/01\/image_2026-01-02_15-42-11.webp.webp?fit=984%2C549&ssl=1&resize=350%2C200","width":350,"height":200,"srcset":"https:\/\/i0.wp.com\/noticiasribeiraopreto.com.br\/wp-content\/uploads\/2026\/01\/image_2026-01-02_15-42-11.webp.webp?fit=984%2C549&ssl=1&resize=350%2C200 1x, https:\/\/i0.wp.com\/noticiasribeiraopreto.com.br\/wp-content\/uploads\/2026\/01\/image_2026-01-02_15-42-11.webp.webp?fit=984%2C549&ssl=1&resize=525%2C300 1.5x, https:\/\/i0.wp.com\/noticiasribeiraopreto.com.br\/wp-content\/uploads\/2026\/01\/image_2026-01-02_15-42-11.webp.webp?fit=984%2C549&ssl=1&resize=700%2C400 2x"},"classes":[]},{"id":81431,"url":"https:\/\/noticiasribeiraopreto.com.br\/index.php\/2026\/01\/06\/defesa-diz-que-atropelamento-de-mae-e-filho-em-ribeirao-foi-uma-fatalidade-causada-por-distracao\/","url_meta":{"origin":81391,"position":4},"title":"Defesa diz que atropelamento de m\u00e3e e filho em Ribeir\u00e3o foi uma &#8216;fatalidade causada por distra\u00e7\u00e3o&#8217;","author":"noticiasribeiraopreto.com.br","date":"6 de January de 2026","format":false,"excerpt":"A defesa de Gustavo Perissoto de Oliveira divulgou, na noite desta segunda-feira (5), uma nota na qual afirma que o atropelamento de m\u00e3e e filho, ocorrido no dia 1\u00ba de janeiro, em Bonfim Paulista, distrito de Ribeir\u00e3o Preto, foi uma \u201cfatalidade provocada por um momento de distra\u00e7\u00e3o\u201d \u2013 veja a\u2026","rel":"","context":"In &quot;Not\u00edcias de Ribeir\u00e3o Preto-SP e Regi\u00e3o&quot;","block_context":{"text":"Not\u00edcias de Ribeir\u00e3o Preto-SP e Regi\u00e3o","link":"https:\/\/noticiasribeiraopreto.com.br\/index.php\/category\/noticias-de-ribeirao-preto-sp-e-regiao-ismael-colosi\/"},"img":{"alt_text":"","src":"https:\/\/i0.wp.com\/noticiasribeiraopreto.com.br\/wp-content\/uploads\/2026\/01\/domingo-64_2026-01-05_22-25-31.webp.webp?fit=1200%2C675&ssl=1&resize=350%2C200","width":350,"height":200,"srcset":"https:\/\/i0.wp.com\/noticiasribeiraopreto.com.br\/wp-content\/uploads\/2026\/01\/domingo-64_2026-01-05_22-25-31.webp.webp?fit=1200%2C675&ssl=1&resize=350%2C200 1x, https:\/\/i0.wp.com\/noticiasribeiraopreto.com.br\/wp-content\/uploads\/2026\/01\/domingo-64_2026-01-05_22-25-31.webp.webp?fit=1200%2C675&ssl=1&resize=525%2C300 1.5x, https:\/\/i0.wp.com\/noticiasribeiraopreto.com.br\/wp-content\/uploads\/2026\/01\/domingo-64_2026-01-05_22-25-31.webp.webp?fit=1200%2C675&ssl=1&resize=700%2C400 2x, https:\/\/i0.wp.com\/noticiasribeiraopreto.com.br\/wp-content\/uploads\/2026\/01\/domingo-64_2026-01-05_22-25-31.webp.webp?fit=1200%2C675&ssl=1&resize=1050%2C600 3x"},"classes":[]},{"id":81370,"url":"https:\/\/noticiasribeiraopreto.com.br\/index.php\/2026\/01\/03\/saiba-o-estado-de-saude-de-mae-e-filho-atropelados-em-ribeirao-preto\/","url_meta":{"origin":81391,"position":5},"title":"Saiba o estado de sa\u00fade de m\u00e3e e filho atropelados em Ribeir\u00e3o Preto","author":"noticiasribeiraopreto.com.br","date":"3 de January de 2026","format":false,"excerpt":"M\u00e3e e filho atropelados na quinta-feira (1\u00ba) em Bonfim Paulista, distrito de Ribeir\u00e3o Preto, seguem internados em estado grave. As v\u00edtimas receberam atendimento ap\u00f3s serem atingidas por um carro cujo motorista fugiu sem prestar socorro. De acordo com o boletim de ocorr\u00eancia, Eliene de Santana Maia, de 33 anos, e\u2026","rel":"","context":"In &quot;Not\u00edcias de Ribeir\u00e3o Preto-SP e Regi\u00e3o&quot;","block_context":{"text":"Not\u00edcias de Ribeir\u00e3o Preto-SP e Regi\u00e3o","link":"https:\/\/noticiasribeiraopreto.com.br\/index.php\/category\/noticias-de-ribeirao-preto-sp-e-regiao-ismael-colosi\/"},"img":{"alt_text":"","src":"https:\/\/i0.wp.com\/noticiasribeiraopreto.com.br\/wp-content\/uploads\/2026\/01\/image_2026-01-02_15-42-11.webp.webp?fit=984%2C549&ssl=1&resize=350%2C200","width":350,"height":200,"srcset":"https:\/\/i0.wp.com\/noticiasribeiraopreto.com.br\/wp-content\/uploads\/2026\/01\/image_2026-01-02_15-42-11.webp.webp?fit=984%2C549&ssl=1&resize=350%2C200 1x, https:\/\/i0.wp.com\/noticiasribeiraopreto.com.br\/wp-content\/uploads\/2026\/01\/image_2026-01-02_15-42-11.webp.webp?fit=984%2C549&ssl=1&resize=525%2C300 1.5x, https:\/\/i0.wp.com\/noticiasribeiraopreto.com.br\/wp-content\/uploads\/2026\/01\/image_2026-01-02_15-42-11.webp.webp?fit=984%2C549&ssl=1&resize=700%2C400 2x"},"classes":[]}],"jetpack_sharing_enabled":true,"jetpack_shortlink":"https:\/\/wp.me\/peQAOb-laL","_links":{"self":[{"href":"https:\/\/noticiasribeiraopreto.com.br\/index.php\/wp-json\/wp\/v2\/posts\/81391","targetHints":{"allow":["GET"]}}],"collection":[{"href":"https:\/\/noticiasribeiraopreto.com.br\/index.php\/wp-json\/wp\/v2\/posts"}],"about":[{"href":"https:\/\/noticiasribeiraopreto.com.br\/index.php\/wp-json\/wp\/v2\/types\/post"}],"author":[{"embeddable":true,"href":"https:\/\/noticiasribeiraopreto.com.br\/index.php\/wp-json\/wp\/v2\/users\/1"}],"replies":[{"embeddable":true,"href":"https:\/\/noticiasribeiraopreto.com.br\/index.php\/wp-json\/wp\/v2\/comments?post=81391"}],"version-history":[{"count":0,"href":"https:\/\/noticiasribeiraopreto.com.br\/index.php\/wp-json\/wp\/v2\/posts\/81391\/revisions"}],"wp:featuredmedia":[{"embeddable":true,"href":"https:\/\/noticiasribeiraopreto.com.br\/index.php\/wp-json\/wp\/v2\/media\/81361"}],"wp:attachment":[{"href":"https:\/\/noticiasribeiraopreto.com.br\/index.php\/wp-json\/wp\/v2\/media?parent=81391"}],"wp:term":[{"taxonomy":"category","embeddable":true,"href":"https:\/\/noticiasribeiraopreto.com.br\/index.php\/wp-json\/wp\/v2\/categories?post=81391"},{"taxonomy":"post_tag","embeddable":true,"href":"https:\/\/noticiasribeiraopreto.com.br\/index.php\/wp-json\/wp\/v2\/tags?post=81391"}],"curies":[{"name":"wp","href":"https:\/\/api.w.org\/{rel}","templated":true}]}}