{"id":81392,"date":"2026-01-04T07:48:13","date_gmt":"2026-01-04T10:48:13","guid":{"rendered":"https:\/\/noticiasribeiraopreto.com.br\/index.php\/2026\/01\/04\/homem-morre-apos-ser-esfaqueado-no-peito-em-festa-de-ano-novo-na-regiao-de-ribeirao-preto\/"},"modified":"2026-01-04T07:48:13","modified_gmt":"2026-01-04T10:48:13","slug":"homem-morre-apos-ser-esfaqueado-no-peito-em-festa-de-ano-novo-na-regiao-de-ribeirao-preto","status":"publish","type":"post","link":"https:\/\/noticiasribeiraopreto.com.br\/index.php\/2026\/01\/04\/homem-morre-apos-ser-esfaqueado-no-peito-em-festa-de-ano-novo-na-regiao-de-ribeirao-preto\/","title":{"rendered":"Homem morre ap\u00f3s ser esfaqueado no peito em festa de Ano Novo na regi\u00e3o de Ribeir\u00e3o Preto"},"content":{"rendered":"<div class='code-block code-block-1' style='margin: 8px 0 8px auto; text-align: right; display: block; clear: both;'>\n<p><a href=\"https:\/\/wa.link\/vpicfd\"><img data-recalc-dims=\"1\" class=\"wp-image-4922\" style=\"aspect-ratio: 2.0253164556962027; width: 561px; height: auto;\" src=\"https:\/\/i0.wp.com\/ismaelcolosi.com.br\/wp-content\/uploads\/2023\/11\/grupo-de-empregos-whatsapp-e-facebook-ismael-colosi-vagas.jpg?ssl=1\" alt=\"\" \/><\/a><\/p>\n<!-- \/wp:image -->\n<\/div>\n<p> <br \/>\n<\/p>\n<div data-td-block-uid=\"tdi_95\">\n<div class=\"tdb-block-inner td-fix-index\">\n<p><strong>Um homem de 44 anos morreu depois de ser esfaqueado durante uma comemora\u00e7\u00e3o de Ano Novo, na \u00faltima quinta-feira (1\u00ba), em Guatapar\u00e1, a 60 quil\u00f4metros de Ribeir\u00e3o Preto.<\/strong><\/p>\n<p>Segundo o <strong>boletim de ocorr\u00eancia (BO)<\/strong>, <mark style=\"background-color:#fcb900\" class=\"has-inline-color has-black-color\">Israel Felippo foi atingido no peito, no cruzamento das ruas Herm\u00ednio F\u00e9lix Bonfim Minio e Jos\u00e9 Linares Neto.<\/mark><\/p>\n<p>A pol\u00edcia identificou um homem, de 20 anos, apontado como autor do crime. Nenhum suspeito, por\u00e9m, foi preso.<\/p>\n<p>A v\u00edtima chegou a ser socorrida e encaminhada ao pronto-socorro de Guatapar\u00e1, mas n\u00e3o resistiu e faleceu no in\u00edcio da tarde de quinta. O sepultamento aconteceu nesta sexta-feira (2).<\/p>\n<p>A Pol\u00edcia Civil investiga supostas amea\u00e7as que teriam sido publicadas pelo suspeito nas redes sociais.<\/p>\n<p>SAIBA MAIS<\/p>\n<p>Homem \u00e9 encontrado morto no rio Grande ap\u00f3s cair de moto aqu\u00e1tica<\/p>\n<h2 class=\"wp-block-heading\"><strong>FIQUE ON<\/strong><\/h2>\n<p>Fique ligado em tudo que acontece em Ribeir\u00e3o Preto e regi\u00e3o. Siga os perfis do\u00a0<strong>acidade on<\/strong>\u00a0no<a href=\"https:\/\/www.instagram.com\/acidadeonribeirao\" target=\"_blank\" rel=\"noreferrer noopener\">\u00a0Instagram\u00a0<\/a>e no\u00a0<a href=\"https:\/\/www.facebook.com\/acidadeonribeirao\/\" target=\"_blank\" rel=\"noreferrer noopener\">Facebook<\/a>.<\/p>\n<p>Receba not\u00edcias do<strong>\u00a0acidade on<\/strong>\u00a0no WhatsApp. Para entrar no grupo,\u00a0basta\u00a0<a href=\"https:\/\/chat.whatsapp.com\/I4nieTEMKlf50pJ28aMemC?mode=ac_t\" target=\"_blank\" rel=\"noreferrer noopener\">clicar aqui<\/a>. Ou, acesse o nosso\u00a0Canal\u00a0<a href=\"https:\/\/whatsapp.com\/channel\/0029Vb6IQl1JENyAeS57fk2p\" target=\"_blank\" rel=\"noreferrer noopener\">clicando aqui<\/a>.<\/p>\n<p>Fa\u00e7a uma den\u00fancia ou sugira uma reportagem sobre Ribeir\u00e3o Preto e regi\u00e3o pelo WhatsApp: 16 99117 7802.<\/p>\n<p>VEJA TAMB\u00c9M<\/p>\n<p>Por que Danielle saiu do NewJeans?<\/p>\n<p><!-- AI CONTENT END 1 -->\n<\/div>\n<\/div>\n<p><script async src=\"\/\/www.instagram.com\/embed.js\"><\/script><br \/>\n<br \/><br \/>\n<br \/><a href=\"https:\/\/www.acidadeon.com\/ribeiraopreto\/cotidiano\/homem-morre-apos-ser-esfaqueado-no-peito-em-festa-de-ano-novo-na-regiao-ribeirao-preto\/\">Source link <\/a><\/p>\n<!-- CONTENT END 1 -->\n","protected":false},"excerpt":{"rendered":"<p>Um homem de 44 anos morreu depois de ser esfaqueado durante uma comemora\u00e7\u00e3o de Ano Novo, na \u00faltima quinta-feira (1\u00ba), em Guatapar\u00e1, a 60 quil\u00f4metros&#8230;<\/p>\n","protected":false},"author":1,"featured_media":81393,"comment_status":"open","ping_status":"open","sticky":false,"template":"","format":"standard","meta":{"advanced_seo_description":"","jetpack_seo_html_title":"","jetpack_seo_noindex":false,"jetpack_post_was_ever_published":false,"_jetpack_newsletter_access":"","_jetpack_dont_email_post_to_subs":false,"_jetpack_newsletter_tier_id":0,"_jetpack_memberships_contains_paywalled_content":false,"_jetpack_memberships_contains_paid_content":false,"footnotes":"","jetpack_publicize_message":"","jetpack_publicize_feature_enabled":true,"jetpack_social_post_already_shared":true,"jetpack_social_options":{"image_generator_settings":{"template":"highway","default_image_id":0,"font":"","enabled":false},"version":2}},"categories":[11],"tags":[],"class_list":["post-81392","post","type-post","status-publish","format-standard","has-post-thumbnail","hentry","category-noticias-de-ribeirao-preto-sp-e-regiao-ismael-colosi"],"jetpack_publicize_connections":[],"jetpack_featured_media_url":"https:\/\/i0.wp.com\/noticiasribeiraopreto.com.br\/wp-content\/uploads\/2026\/01\/israel_2026-01-03_18-33-35.webp.webp?fit=1200%2C917&ssl=1","jetpack-related-posts":[{"id":44003,"url":"https:\/\/noticiasribeiraopreto.com.br\/index.php\/2024\/03\/25\/homem-morre-apos-ser-esfaqueado-durante-discussao-em-ribeirao-preto\/","url_meta":{"origin":81392,"position":0},"title":"Homem morre ap\u00f3s ser esfaqueado durante discuss\u00e3o em Ribeir\u00e3o Preto","author":"noticiasribeiraopreto.com.br","date":"25 de March de 2024","format":false,"excerpt":"Um homem de 25 anos morreu ap\u00f3s ser esfaqueado no peito durante uma discuss\u00e3o no Alto do Ipiranga, na zona Norte de Ribeir\u00e3o Preto, na madrugada do \u00faltimo s\u00e1bado (23). De acordo com o B.O. (boletim de ocorr\u00eancia), a v\u00edtima chegou a ser socorrida pelo Samu (Servi\u00e7o de Atendimento M\u00f3vel\u2026","rel":"","context":"In &quot;Not\u00edcias de Ribeir\u00e3o Preto-SP e Regi\u00e3o&quot;","block_context":{"text":"Not\u00edcias de Ribeir\u00e3o Preto-SP e Regi\u00e3o","link":"https:\/\/noticiasribeiraopreto.com.br\/index.php\/category\/noticias-de-ribeirao-preto-sp-e-regiao-ismael-colosi\/"},"img":{"alt_text":"","src":"https:\/\/i0.wp.com\/noticiasribeiraopreto.com.br\/wp-content\/uploads\/2024\/03\/1711372893_WhatsApp-Image-2023-12-09-at-13.55.44.jpeg?fit=1024%2C576&ssl=1&resize=350%2C200","width":350,"height":200,"srcset":"https:\/\/i0.wp.com\/noticiasribeiraopreto.com.br\/wp-content\/uploads\/2024\/03\/1711372893_WhatsApp-Image-2023-12-09-at-13.55.44.jpeg?fit=1024%2C576&ssl=1&resize=350%2C200 1x, https:\/\/i0.wp.com\/noticiasribeiraopreto.com.br\/wp-content\/uploads\/2024\/03\/1711372893_WhatsApp-Image-2023-12-09-at-13.55.44.jpeg?fit=1024%2C576&ssl=1&resize=525%2C300 1.5x, https:\/\/i0.wp.com\/noticiasribeiraopreto.com.br\/wp-content\/uploads\/2024\/03\/1711372893_WhatsApp-Image-2023-12-09-at-13.55.44.jpeg?fit=1024%2C576&ssl=1&resize=700%2C400 2x"},"classes":[]},{"id":57333,"url":"https:\/\/noticiasribeiraopreto.com.br\/index.php\/2024\/08\/29\/serralheiro-de-38-anos-e-esfaqueado-na-zona-leste-de-ribeirao-preto\/","url_meta":{"origin":81392,"position":1},"title":"Serralheiro de 38 anos \u00e9 esfaqueado na zona Leste de Ribeir\u00e3o Preto","author":"noticiasribeiraopreto.com.br","date":"29 de August de 2024","format":false,"excerpt":"Um serralheiro de 38 anos foi esfaqueado na tarde desta quarta-feira (29), no Parque S\u00e3o Sebasti\u00e3o, zona Leste de Ribeir\u00e3o Preto. Segundo o boletim de ocorr\u00eancia (BO), a v\u00edtima foi encontrada ca\u00edda na rua Pedro Barbieri e apresentava ferimentos no peito e na m\u00e3o direita. O homem foi socorrido por\u2026","rel":"","context":"In &quot;Not\u00edcias de Ribeir\u00e3o Preto-SP e Regi\u00e3o&quot;","block_context":{"text":"Not\u00edcias de Ribeir\u00e3o Preto-SP e Regi\u00e3o","link":"https:\/\/noticiasribeiraopreto.com.br\/index.php\/category\/noticias-de-ribeirao-preto-sp-e-regiao-ismael-colosi\/"},"img":{"alt_text":"","src":"https:\/\/i0.wp.com\/noticiasribeiraopreto.com.br\/wp-content\/uploads\/2024\/08\/1724929284_20220620_114539075_policia_qru_1024x576_25052021184749_jpg_715985292.jpg?fit=1200%2C606&ssl=1&resize=350%2C200","width":350,"height":200,"srcset":"https:\/\/i0.wp.com\/noticiasribeiraopreto.com.br\/wp-content\/uploads\/2024\/08\/1724929284_20220620_114539075_policia_qru_1024x576_25052021184749_jpg_715985292.jpg?fit=1200%2C606&ssl=1&resize=350%2C200 1x, https:\/\/i0.wp.com\/noticiasribeiraopreto.com.br\/wp-content\/uploads\/2024\/08\/1724929284_20220620_114539075_policia_qru_1024x576_25052021184749_jpg_715985292.jpg?fit=1200%2C606&ssl=1&resize=525%2C300 1.5x, https:\/\/i0.wp.com\/noticiasribeiraopreto.com.br\/wp-content\/uploads\/2024\/08\/1724929284_20220620_114539075_policia_qru_1024x576_25052021184749_jpg_715985292.jpg?fit=1200%2C606&ssl=1&resize=700%2C400 2x, https:\/\/i0.wp.com\/noticiasribeiraopreto.com.br\/wp-content\/uploads\/2024\/08\/1724929284_20220620_114539075_policia_qru_1024x576_25052021184749_jpg_715985292.jpg?fit=1200%2C606&ssl=1&resize=1050%2C600 3x"},"classes":[]},{"id":48167,"url":"https:\/\/noticiasribeiraopreto.com.br\/index.php\/2024\/05\/01\/homem-fica-em-estado-grave-apos-ser-esfaqueado-em-ribeirao-preto\/","url_meta":{"origin":81392,"position":2},"title":"Homem fica em estado grave ap\u00f3s ser esfaqueado em Ribeir\u00e3o Preto","author":"noticiasribeiraopreto.com.br","date":"1 de May de 2024","format":false,"excerpt":"Um homem de 20 anos foi internado em estado grave ap\u00f3s ter sido esfaqueado na avenida Caramuru, em Ribeir\u00e3o Preto, na madrugada desta quarta-feira (1\u00ba de maio). Um suspeito foi preso com a arma que teria sido utilizada no crime. O caso aconteceu perto do cruzamento com a rua Ant\u00f4nio\u2026","rel":"","context":"In &quot;Not\u00edcias de Ribeir\u00e3o Preto-SP e Regi\u00e3o&quot;","block_context":{"text":"Not\u00edcias de Ribeir\u00e3o Preto-SP e Regi\u00e3o","link":"https:\/\/noticiasribeiraopreto.com.br\/index.php\/category\/noticias-de-ribeirao-preto-sp-e-regiao-ismael-colosi\/"},"img":{"alt_text":"","src":"https:\/\/i0.wp.com\/noticiasribeiraopreto.com.br\/wp-content\/uploads\/2024\/05\/WhatsApp-Image-2023-12-09-at-13.55.44.jpeg?fit=1024%2C576&ssl=1&resize=350%2C200","width":350,"height":200,"srcset":"https:\/\/i0.wp.com\/noticiasribeiraopreto.com.br\/wp-content\/uploads\/2024\/05\/WhatsApp-Image-2023-12-09-at-13.55.44.jpeg?fit=1024%2C576&ssl=1&resize=350%2C200 1x, https:\/\/i0.wp.com\/noticiasribeiraopreto.com.br\/wp-content\/uploads\/2024\/05\/WhatsApp-Image-2023-12-09-at-13.55.44.jpeg?fit=1024%2C576&ssl=1&resize=525%2C300 1.5x, https:\/\/i0.wp.com\/noticiasribeiraopreto.com.br\/wp-content\/uploads\/2024\/05\/WhatsApp-Image-2023-12-09-at-13.55.44.jpeg?fit=1024%2C576&ssl=1&resize=700%2C400 2x"},"classes":[]},{"id":78238,"url":"https:\/\/noticiasribeiraopreto.com.br\/index.php\/2025\/10\/07\/por-ciumes-homem-e-esfaqueado-e-fica-em-estado-grave-na-regiao-de-ribeirao-preto\/","url_meta":{"origin":81392,"position":3},"title":"Por ci\u00fames, homem \u00e9 esfaqueado e fica em estado grave na regi\u00e3o de Ribeir\u00e3o Preto","author":"noticiasribeiraopreto.com.br","date":"7 de October de 2025","format":false,"excerpt":"Um homem foi esfaqueado na noite desta segunda-feira (6), em Luiz Ant\u00f4nio, a 50 quil\u00f4metros de Ribeir\u00e3o Preto. Segundo a PM (Pol\u00edcia Militar), a v\u00edtima foi atiginda na regi\u00e3o do t\u00f3rax, socorrida e transferida em estado grave para o Hospital das Cl\u00ednicas \u2013 Unidade de Emerg\u00eancia (HC-UE), em Ribeir\u00e3o. Ainda\u2026","rel":"","context":"In &quot;Not\u00edcias de Ribeir\u00e3o Preto-SP e Regi\u00e3o&quot;","block_context":{"text":"Not\u00edcias de Ribeir\u00e3o Preto-SP e Regi\u00e3o","link":"https:\/\/noticiasribeiraopreto.com.br\/index.php\/category\/noticias-de-ribeirao-preto-sp-e-regiao-ismael-colosi\/"},"img":{"alt_text":"","src":"https:\/\/i0.wp.com\/noticiasribeiraopreto.com.br\/wp-content\/uploads\/2025\/10\/POLICIA_2025-10-07_10-39-06.webp.webp?fit=1200%2C877&ssl=1&resize=350%2C200","width":350,"height":200,"srcset":"https:\/\/i0.wp.com\/noticiasribeiraopreto.com.br\/wp-content\/uploads\/2025\/10\/POLICIA_2025-10-07_10-39-06.webp.webp?fit=1200%2C877&ssl=1&resize=350%2C200 1x, https:\/\/i0.wp.com\/noticiasribeiraopreto.com.br\/wp-content\/uploads\/2025\/10\/POLICIA_2025-10-07_10-39-06.webp.webp?fit=1200%2C877&ssl=1&resize=525%2C300 1.5x, https:\/\/i0.wp.com\/noticiasribeiraopreto.com.br\/wp-content\/uploads\/2025\/10\/POLICIA_2025-10-07_10-39-06.webp.webp?fit=1200%2C877&ssl=1&resize=700%2C400 2x, https:\/\/i0.wp.com\/noticiasribeiraopreto.com.br\/wp-content\/uploads\/2025\/10\/POLICIA_2025-10-07_10-39-06.webp.webp?fit=1200%2C877&ssl=1&resize=1050%2C600 3x"},"classes":[]},{"id":22899,"url":"https:\/\/noticiasribeiraopreto.com.br\/index.php\/2023\/12\/31\/homem-morre-apos-ser-esfaqueado-na-regiao-de-ribeirao-preto-2\/","url_meta":{"origin":81392,"position":4},"title":"Homem morre ap\u00f3s ser esfaqueado na regi\u00e3o de Ribeir\u00e3o Preto","author":"noticiasribeiraopreto.com.br","date":"31 de December de 2023","format":false,"excerpt":"Um homem foi morto ap\u00f3s ser esfaqueado em Igarapava, na regi\u00e3o de Ribeir\u00e3o Preto, na noite do \u00faltimo s\u00e1bado (30). O autor do crime teria discutido com a v\u00edtima, que teria ido at\u00e9 a casa do acusado para tirar satisfa\u00e7\u00e3o. De acordo com o B.O. (boletim de ocorr\u00eancia), o autor\u2026","rel":"","context":"In &quot;Not\u00edcias de Ribeir\u00e3o Preto-SP e Regi\u00e3o&quot;","block_context":{"text":"Not\u00edcias de Ribeir\u00e3o Preto-SP e Regi\u00e3o","link":"https:\/\/noticiasribeiraopreto.com.br\/index.php\/category\/noticias-de-ribeirao-preto-sp-e-regiao-ismael-colosi\/"},"img":{"alt_text":"","src":"https:\/\/i0.wp.com\/noticiasribeiraopreto.com.br\/wp-content\/uploads\/2023\/12\/1704038711_WhatsApp-Image-2023-12-09-at-13.55.44.jpeg?fit=1024%2C576&ssl=1&resize=350%2C200","width":350,"height":200,"srcset":"https:\/\/i0.wp.com\/noticiasribeiraopreto.com.br\/wp-content\/uploads\/2023\/12\/1704038711_WhatsApp-Image-2023-12-09-at-13.55.44.jpeg?fit=1024%2C576&ssl=1&resize=350%2C200 1x, https:\/\/i0.wp.com\/noticiasribeiraopreto.com.br\/wp-content\/uploads\/2023\/12\/1704038711_WhatsApp-Image-2023-12-09-at-13.55.44.jpeg?fit=1024%2C576&ssl=1&resize=525%2C300 1.5x, https:\/\/i0.wp.com\/noticiasribeiraopreto.com.br\/wp-content\/uploads\/2023\/12\/1704038711_WhatsApp-Image-2023-12-09-at-13.55.44.jpeg?fit=1024%2C576&ssl=1&resize=700%2C400 2x"},"classes":[]},{"id":79247,"url":"https:\/\/noticiasribeiraopreto.com.br\/index.php\/2025\/10\/28\/homem-e-morto-em-frente-a-bar-na-regiao-de-ribeirao-preto\/","url_meta":{"origin":81392,"position":5},"title":"Homem \u00e9 morto em frente a bar na regi\u00e3o de Ribeir\u00e3o Preto","author":"noticiasribeiraopreto.com.br","date":"28 de October de 2025","format":false,"excerpt":"Um homem de 32 anos foi morto m frente a um bar na noite desta segunda-feira (27), em Guariba, a 50 quil\u00f4metros de Ribeir\u00e3o Preto. Segundo o boletim de ocorr\u00eancia (BO), a v\u00edtima, identificada como Francisco Borges, apresentava um ferimento no peito, aparentemente provocado por golpe de arma branca. O\u2026","rel":"","context":"In &quot;Not\u00edcias de Ribeir\u00e3o Preto-SP e Regi\u00e3o&quot;","block_context":{"text":"Not\u00edcias de Ribeir\u00e3o Preto-SP e Regi\u00e3o","link":"https:\/\/noticiasribeiraopreto.com.br\/index.php\/category\/noticias-de-ribeirao-preto-sp-e-regiao-ismael-colosi\/"},"img":{"alt_text":"","src":"https:\/\/i0.wp.com\/noticiasribeiraopreto.com.br\/wp-content\/uploads\/2025\/10\/POLICIA_2025-10-28_11-14-06.webp.webp?fit=1200%2C763&ssl=1&resize=350%2C200","width":350,"height":200,"srcset":"https:\/\/i0.wp.com\/noticiasribeiraopreto.com.br\/wp-content\/uploads\/2025\/10\/POLICIA_2025-10-28_11-14-06.webp.webp?fit=1200%2C763&ssl=1&resize=350%2C200 1x, https:\/\/i0.wp.com\/noticiasribeiraopreto.com.br\/wp-content\/uploads\/2025\/10\/POLICIA_2025-10-28_11-14-06.webp.webp?fit=1200%2C763&ssl=1&resize=525%2C300 1.5x, https:\/\/i0.wp.com\/noticiasribeiraopreto.com.br\/wp-content\/uploads\/2025\/10\/POLICIA_2025-10-28_11-14-06.webp.webp?fit=1200%2C763&ssl=1&resize=700%2C400 2x, https:\/\/i0.wp.com\/noticiasribeiraopreto.com.br\/wp-content\/uploads\/2025\/10\/POLICIA_2025-10-28_11-14-06.webp.webp?fit=1200%2C763&ssl=1&resize=1050%2C600 3x"},"classes":[]}],"jetpack_sharing_enabled":true,"jetpack_shortlink":"https:\/\/wp.me\/peQAOb-laM","_links":{"self":[{"href":"https:\/\/noticiasribeiraopreto.com.br\/index.php\/wp-json\/wp\/v2\/posts\/81392","targetHints":{"allow":["GET"]}}],"collection":[{"href":"https:\/\/noticiasribeiraopreto.com.br\/index.php\/wp-json\/wp\/v2\/posts"}],"about":[{"href":"https:\/\/noticiasribeiraopreto.com.br\/index.php\/wp-json\/wp\/v2\/types\/post"}],"author":[{"embeddable":true,"href":"https:\/\/noticiasribeiraopreto.com.br\/index.php\/wp-json\/wp\/v2\/users\/1"}],"replies":[{"embeddable":true,"href":"https:\/\/noticiasribeiraopreto.com.br\/index.php\/wp-json\/wp\/v2\/comments?post=81392"}],"version-history":[{"count":0,"href":"https:\/\/noticiasribeiraopreto.com.br\/index.php\/wp-json\/wp\/v2\/posts\/81392\/revisions"}],"wp:featuredmedia":[{"embeddable":true,"href":"https:\/\/noticiasribeiraopreto.com.br\/index.php\/wp-json\/wp\/v2\/media\/81393"}],"wp:attachment":[{"href":"https:\/\/noticiasribeiraopreto.com.br\/index.php\/wp-json\/wp\/v2\/media?parent=81392"}],"wp:term":[{"taxonomy":"category","embeddable":true,"href":"https:\/\/noticiasribeiraopreto.com.br\/index.php\/wp-json\/wp\/v2\/categories?post=81392"},{"taxonomy":"post_tag","embeddable":true,"href":"https:\/\/noticiasribeiraopreto.com.br\/index.php\/wp-json\/wp\/v2\/tags?post=81392"}],"curies":[{"name":"wp","href":"https:\/\/api.w.org\/{rel}","templated":true}]}}