{"id":81394,"date":"2026-01-04T07:57:02","date_gmt":"2026-01-04T10:57:02","guid":{"rendered":"https:\/\/noticiasribeiraopreto.com.br\/index.php\/2026\/01\/04\/cachorro-morre-ao-se-assustar-com-fogos-de-artificio-e-tentar-fugir-de-casa-na-virada-do-ano\/"},"modified":"2026-01-04T07:57:02","modified_gmt":"2026-01-04T10:57:02","slug":"cachorro-morre-ao-se-assustar-com-fogos-de-artificio-e-tentar-fugir-de-casa-na-virada-do-ano","status":"publish","type":"post","link":"https:\/\/noticiasribeiraopreto.com.br\/index.php\/2026\/01\/04\/cachorro-morre-ao-se-assustar-com-fogos-de-artificio-e-tentar-fugir-de-casa-na-virada-do-ano\/","title":{"rendered":"Cachorro morre ao se assustar com fogos de artif\u00edcio e tentar fugir de casa na virada do ano"},"content":{"rendered":"<div class='code-block code-block-1' style='margin: 8px 0 8px auto; text-align: right; display: block; clear: both;'>\n<p><a href=\"https:\/\/wa.link\/vpicfd\"><img data-recalc-dims=\"1\" class=\"wp-image-4922\" style=\"aspect-ratio: 2.0253164556962027; width: 561px; height: auto;\" src=\"https:\/\/i0.wp.com\/ismaelcolosi.com.br\/wp-content\/uploads\/2023\/11\/grupo-de-empregos-whatsapp-e-facebook-ismael-colosi-vagas.jpg?ssl=1\" alt=\"\" \/><\/a><\/p>\n<!-- \/wp:image -->\n<\/div>\n<p> <br \/>\n<\/p>\n<div data-td-block-uid=\"tdi_95\">\n<div class=\"tdb-block-inner td-fix-index\">\n<p><strong>Um cachorro da ra\u00e7a husky siberiano morreu na \u00faltima quinta-feira (1\u00ba), ap\u00f3s se ferir ao se assustar com fogos de artif\u00edcio da virada do ano, em Gua\u00edra, a 120 quil\u00f4metros de Ribeir\u00e3o Preto.<\/strong><\/p>\n<p>O <strong>empres\u00e1rio Leandro Marinaldo Lelis, tutor do animal<\/strong>, <strong>relatou <\/strong>que <mark style=\"background-color:#fcb900\" class=\"has-inline-color has-black-color\">o c\u00e3o Tony, de 3 anos, ficou preso na grade do port\u00e3o ao tentar fugir devido ao barulho dos fogos e perdeu muito sangue, quando sofreu uma parada card\u00edaca e n\u00e3o resistiu.<\/mark> No Natal, Tony tamb\u00e9m j\u00e1 havia ficado preso ao port\u00e3o.<\/p>\n<p>Leandro pede mais fiscaliza\u00e7\u00e3o das autoridades quanto aos fogos de artif\u00edcio com barulho, que s\u00e3o proibidos no estado de S\u00e3o Paulo.<\/p>\n<figure class=\"wp-block-pullquote\">\n<blockquote>\n<p>Pedir para as autoridades que cumpram as leis, n\u00e3o s\u00f3 fa\u00e7am elas e deixem a Deus dar\u00e1. O intuito n\u00e3o \u00e9 prejudicar ningu\u00e9m, \u00e9 cumprir as leis pra que mais Tonys n\u00e3o se v\u00e3o <\/p>\n<p><cite><strong>Leandro Marinaldo Lelis, tutor do Tony<\/strong><\/cite><\/p><\/blockquote>\n<\/figure>\n<p>Uma lei de 2021 pro\u00edbe a queima, soltura e comercializa\u00e7\u00e3o de fogos com estampido. Apenas s\u00e3o permitidos os fogos sem efeito sonoro. O descumprimento pode gerar penalidades.<\/p>\n<p>SAIBA MAIS<\/p>\n<p>Homem \u00e9 encontrado morto no rio Grande ap\u00f3s cair de moto aqu\u00e1tica<\/p>\n<h2 class=\"wp-block-heading\"><strong>FIQUE ON<\/strong><\/h2>\n<p>Fique ligado em tudo que acontece em Ribeir\u00e3o Preto e regi\u00e3o. Siga os perfis do\u00a0<strong>acidade on<\/strong>\u00a0no<a href=\"https:\/\/www.instagram.com\/acidadeonribeirao\" target=\"_blank\" rel=\"noreferrer noopener\">\u00a0Instagram\u00a0<\/a>e no\u00a0<a href=\"https:\/\/www.facebook.com\/acidadeonribeirao\/\" target=\"_blank\" rel=\"noreferrer noopener\">Facebook<\/a>.<\/p>\n<p>Receba not\u00edcias do<strong>\u00a0acidade on<\/strong>\u00a0no WhatsApp. Para entrar no grupo,\u00a0basta\u00a0<a href=\"https:\/\/chat.whatsapp.com\/I4nieTEMKlf50pJ28aMemC?mode=ac_t\" target=\"_blank\" rel=\"noreferrer noopener\">clicar aqui<\/a>. Ou, acesse o nosso\u00a0Canal\u00a0<a href=\"https:\/\/whatsapp.com\/channel\/0029Vb6IQl1JENyAeS57fk2p\" target=\"_blank\" rel=\"noreferrer noopener\">clicando aqui<\/a>.<\/p>\n<p>Fa\u00e7a uma den\u00fancia ou sugira uma reportagem sobre Ribeir\u00e3o Preto e regi\u00e3o pelo WhatsApp: 16 99117 7802.<\/p>\n<p>VEJA TAMB\u00c9M<\/p>\n<p>Por que Danielle saiu do NewJeans?<\/p>\n<p><!-- AI CONTENT END 1 -->\n<\/div>\n<\/div>\n<p><script async src=\"\/\/www.instagram.com\/embed.js\"><\/script><br \/>\n<br \/><br \/>\n<br \/><a href=\"https:\/\/www.acidadeon.com\/ribeiraopreto\/cotidiano\/cachorro-morre-ao-se-assustar-com-fogos-de-artificio-e-tentar-fugir-de-casa-na-virada-do-ano\/\">Source link <\/a><\/p>\n<!-- CONTENT END 1 -->\n","protected":false},"excerpt":{"rendered":"<p>Um cachorro da ra\u00e7a husky siberiano morreu na \u00faltima quinta-feira (1\u00ba), ap\u00f3s se ferir ao se assustar com fogos de artif\u00edcio da virada do ano,&#8230;<\/p>\n","protected":false},"author":1,"featured_media":81395,"comment_status":"open","ping_status":"open","sticky":false,"template":"","format":"standard","meta":{"advanced_seo_description":"","jetpack_seo_html_title":"","jetpack_seo_noindex":false,"jetpack_post_was_ever_published":false,"_jetpack_newsletter_access":"","_jetpack_dont_email_post_to_subs":false,"_jetpack_newsletter_tier_id":0,"_jetpack_memberships_contains_paywalled_content":false,"_jetpack_memberships_contains_paid_content":false,"footnotes":"","jetpack_publicize_message":"","jetpack_publicize_feature_enabled":true,"jetpack_social_post_already_shared":true,"jetpack_social_options":{"image_generator_settings":{"template":"highway","default_image_id":0,"font":"","enabled":false},"version":2}},"categories":[11],"tags":[],"class_list":["post-81394","post","type-post","status-publish","format-standard","has-post-thumbnail","hentry","category-noticias-de-ribeirao-preto-sp-e-regiao-ismael-colosi"],"jetpack_publicize_connections":[],"jetpack_featured_media_url":"https:\/\/i0.wp.com\/noticiasribeiraopreto.com.br\/wp-content\/uploads\/2026\/01\/WhatsApp-Image-2026-01-03-at-13.21.16_2026-01-03_16-30-47.webp.webp?fit=1200%2C675&ssl=1","jetpack-related-posts":[{"id":81373,"url":"https:\/\/noticiasribeiraopreto.com.br\/index.php\/2026\/01\/03\/cao-morre-apos-se-assustar-com-fogos-de-artificio-na-virada-do-ano-em-guaira\/","url_meta":{"origin":81394,"position":0},"title":"C\u00e3o morre ap\u00f3s se assustar com fogos de artif\u00edcio na virada do ano em Gua\u00edra","author":"noticiasribeiraopreto.com.br","date":"3 de January de 2026","format":false,"excerpt":"\r \r \r 3 de janeiro de 2026 11:553 de janeiro de 2026 11:36 \r Compartilhar0 Um c\u00e3o da ra\u00e7a husky siberiano morreu, na \u00faltima quinta-feira (1\u00ba), depois de se assustar com fogos de artif\u00edcio da virada do ano e se machucar gravemente em Gua\u00edra. Segundo o empres\u00e1rio e tutor\u2026","rel":"","context":"In &quot;Not\u00edcias de Ribeir\u00e3o Preto-SP e Regi\u00e3o&quot;","block_context":{"text":"Not\u00edcias de Ribeir\u00e3o Preto-SP e Regi\u00e3o","link":"https:\/\/noticiasribeiraopreto.com.br\/index.php\/category\/noticias-de-ribeirao-preto-sp-e-regiao-ismael-colosi\/"},"img":{"alt_text":"","src":"https:\/\/i0.wp.com\/noticiasribeiraopreto.com.br\/wp-content\/uploads\/2026\/01\/WhatsApp-Image-2026-01-03-at-11.19.52.jpeg?fit=688%2C387&ssl=1&resize=350%2C200","width":350,"height":200,"srcset":"https:\/\/i0.wp.com\/noticiasribeiraopreto.com.br\/wp-content\/uploads\/2026\/01\/WhatsApp-Image-2026-01-03-at-11.19.52.jpeg?fit=688%2C387&ssl=1&resize=350%2C200 1x, https:\/\/i0.wp.com\/noticiasribeiraopreto.com.br\/wp-content\/uploads\/2026\/01\/WhatsApp-Image-2026-01-03-at-11.19.52.jpeg?fit=688%2C387&ssl=1&resize=525%2C300 1.5x"},"classes":[]},{"id":81411,"url":"https:\/\/noticiasribeiraopreto.com.br\/index.php\/2026\/01\/05\/cachorro-morre-de-infarto-durante-queima-de-fogos-na-virada-do-ano-em-ribeirao-preto\/","url_meta":{"origin":81394,"position":1},"title":"Cachorro morre de infarto durante queima de fogos na virada do ano em Ribeir\u00e3o Preto","author":"noticiasribeiraopreto.com.br","date":"5 de January de 2026","format":false,"excerpt":"O barulho intenso dos fogos de artif\u00edcio na virada do ano resultou na morte de um cachorro em Ribeir\u00e3o Preto. O caso aconteceu na noite de 31 de dezembro, na regi\u00e3o da Ch\u00e1cara H\u00edpica, e envolveu Otto Jos\u00e9, um c\u00e3o de quatro anos da ra\u00e7a Pastor Maremano, v\u00edtima de estresse\u2026","rel":"","context":"In &quot;Not\u00edcias de Ribeir\u00e3o Preto-SP e Regi\u00e3o&quot;","block_context":{"text":"Not\u00edcias de Ribeir\u00e3o Preto-SP e Regi\u00e3o","link":"https:\/\/noticiasribeiraopreto.com.br\/index.php\/category\/noticias-de-ribeirao-preto-sp-e-regiao-ismael-colosi\/"},"img":{"alt_text":"","src":"https:\/\/i0.wp.com\/noticiasribeiraopreto.com.br\/wp-content\/uploads\/2026\/01\/domingo-22_2026-01-04_13-38-02.webp.webp?fit=1200%2C675&ssl=1&resize=350%2C200","width":350,"height":200,"srcset":"https:\/\/i0.wp.com\/noticiasribeiraopreto.com.br\/wp-content\/uploads\/2026\/01\/domingo-22_2026-01-04_13-38-02.webp.webp?fit=1200%2C675&ssl=1&resize=350%2C200 1x, https:\/\/i0.wp.com\/noticiasribeiraopreto.com.br\/wp-content\/uploads\/2026\/01\/domingo-22_2026-01-04_13-38-02.webp.webp?fit=1200%2C675&ssl=1&resize=525%2C300 1.5x, https:\/\/i0.wp.com\/noticiasribeiraopreto.com.br\/wp-content\/uploads\/2026\/01\/domingo-22_2026-01-04_13-38-02.webp.webp?fit=1200%2C675&ssl=1&resize=700%2C400 2x, https:\/\/i0.wp.com\/noticiasribeiraopreto.com.br\/wp-content\/uploads\/2026\/01\/domingo-22_2026-01-04_13-38-02.webp.webp?fit=1200%2C675&ssl=1&resize=1050%2C600 3x"},"classes":[]},{"id":21970,"url":"https:\/\/noticiasribeiraopreto.com.br\/index.php\/2023\/12\/28\/e-proibido-soltar-fogos-de-artificio-no-ano-novo-entenda-a-lei-no-estado-de-sp\/","url_meta":{"origin":81394,"position":2},"title":"\u00c9 proibido soltar fogos de artif\u00edcio no Ano Novo? Entenda a lei no estado de SP","author":"noticiasribeiraopreto.com.br","date":"28 de December de 2023","format":false,"excerpt":"S\u00edmbolo do R\u00e9veillon, a queima de fogos de artif\u00edcio atraem milhares de pessoas para shows pirot\u00e9cnicos em cidades como S\u00e3o Paulo, Rio de Janeiro e Florian\u00f3polis, que apresentam um espet\u00e1culo de cores e luzes nos primeiros minutos de um novo ano. Apesar de emocionante, o que muitas pessoas ainda n\u00e3o\u2026","rel":"","context":"In &quot;Not\u00edcias de Ribeir\u00e3o Preto-SP e Regi\u00e3o&quot;","block_context":{"text":"Not\u00edcias de Ribeir\u00e3o Preto-SP e Regi\u00e3o","link":"https:\/\/noticiasribeiraopreto.com.br\/index.php\/category\/noticias-de-ribeirao-preto-sp-e-regiao-ismael-colosi\/"},"img":{"alt_text":"","src":"https:\/\/i0.wp.com\/noticiasribeiraopreto.com.br\/wp-content\/uploads\/2023\/12\/fogos_de_1200x675_27122021145159.jpg?fit=1200%2C675&ssl=1&resize=350%2C200","width":350,"height":200,"srcset":"https:\/\/i0.wp.com\/noticiasribeiraopreto.com.br\/wp-content\/uploads\/2023\/12\/fogos_de_1200x675_27122021145159.jpg?fit=1200%2C675&ssl=1&resize=350%2C200 1x, https:\/\/i0.wp.com\/noticiasribeiraopreto.com.br\/wp-content\/uploads\/2023\/12\/fogos_de_1200x675_27122021145159.jpg?fit=1200%2C675&ssl=1&resize=525%2C300 1.5x, https:\/\/i0.wp.com\/noticiasribeiraopreto.com.br\/wp-content\/uploads\/2023\/12\/fogos_de_1200x675_27122021145159.jpg?fit=1200%2C675&ssl=1&resize=700%2C400 2x, https:\/\/i0.wp.com\/noticiasribeiraopreto.com.br\/wp-content\/uploads\/2023\/12\/fogos_de_1200x675_27122021145159.jpg?fit=1200%2C675&ssl=1&resize=1050%2C600 3x"},"classes":[]},{"id":61955,"url":"https:\/\/noticiasribeiraopreto.com.br\/index.php\/2024\/12\/29\/fogos-de-artificio-estao-proibidos-no-ano-novo-entenda-a-lei-no-estado-de-sp\/","url_meta":{"origin":81394,"position":3},"title":"Fogos de artif\u00edcio est\u00e3o proibidos no Ano Novo? Entenda a lei no estado de SP","author":"noticiasribeiraopreto.com.br","date":"29 de December de 2024","format":false,"excerpt":"Uma lei pro\u00edbe os fogos de artif\u00edcio com barulho em todo o estado de S\u00e3o Paulo. Pela lei 17.389\/2021, al\u00e9m da queima e soltura, a comercializa\u00e7\u00e3o, o armazenamento e o transporte dos fogos de artif\u00edcio de estampido tamb\u00e9m est\u00e3o vedados em todo o estado, em qualquer \u00e9poca do ano, n\u00e3o\u2026","rel":"","context":"In &quot;Not\u00edcias de Ribeir\u00e3o Preto-SP e Regi\u00e3o&quot;","block_context":{"text":"Not\u00edcias de Ribeir\u00e3o Preto-SP e Regi\u00e3o","link":"https:\/\/noticiasribeiraopreto.com.br\/index.php\/category\/noticias-de-ribeirao-preto-sp-e-regiao-ismael-colosi\/"},"img":{"alt_text":"","src":"https:\/\/i0.wp.com\/noticiasribeiraopreto.com.br\/wp-content\/uploads\/2024\/12\/703_2024-12-29_19-04-48_jpg_2024-12-29_19-04-49.webp.webp?fit=1200%2C800&ssl=1&resize=350%2C200","width":350,"height":200,"srcset":"https:\/\/i0.wp.com\/noticiasribeiraopreto.com.br\/wp-content\/uploads\/2024\/12\/703_2024-12-29_19-04-48_jpg_2024-12-29_19-04-49.webp.webp?fit=1200%2C800&ssl=1&resize=350%2C200 1x, https:\/\/i0.wp.com\/noticiasribeiraopreto.com.br\/wp-content\/uploads\/2024\/12\/703_2024-12-29_19-04-48_jpg_2024-12-29_19-04-49.webp.webp?fit=1200%2C800&ssl=1&resize=525%2C300 1.5x, https:\/\/i0.wp.com\/noticiasribeiraopreto.com.br\/wp-content\/uploads\/2024\/12\/703_2024-12-29_19-04-48_jpg_2024-12-29_19-04-49.webp.webp?fit=1200%2C800&ssl=1&resize=700%2C400 2x, https:\/\/i0.wp.com\/noticiasribeiraopreto.com.br\/wp-content\/uploads\/2024\/12\/703_2024-12-29_19-04-48_jpg_2024-12-29_19-04-49.webp.webp?fit=1200%2C800&ssl=1&resize=1050%2C600 3x"},"classes":[]},{"id":61961,"url":"https:\/\/noticiasribeiraopreto.com.br\/index.php\/2024\/12\/29\/prainha-na-regiao-de-ribeirao-preto-tera-queima-de-fogos-sem-barulho-por-20-minutos-no-reveillon\/","url_meta":{"origin":81394,"position":4},"title":"Prainha na regi\u00e3o de Ribeir\u00e3o Preto ter\u00e1 queima de fogos sem barulho por 20 minutos no R\u00e9veillon","author":"noticiasribeiraopreto.com.br","date":"29 de December de 2024","format":false,"excerpt":"A Prefeitura de Rifaina, cidade tur\u00edstica a aproximadamente 150 quil\u00f4metros de Ribeir\u00e3o Preto, confirmou a tradicional queima de fogos de artif\u00edcio sem barulho no R\u00e9veillon 2025, na orla da praia da cidade. S\u00e3o esperadas\u00a010 mil pessoas\u00a0nas\u00a0festividades\u00a0de\u00a0fim de ano, no dia 31 dezembro.\u00a0O acesso do p\u00fablico \u00e9 gratuito. A queima de\u2026","rel":"","context":"In &quot;Not\u00edcias de Ribeir\u00e3o Preto-SP e Regi\u00e3o&quot;","block_context":{"text":"Not\u00edcias de Ribeir\u00e3o Preto-SP e Regi\u00e3o","link":"https:\/\/noticiasribeiraopreto.com.br\/index.php\/category\/noticias-de-ribeirao-preto-sp-e-regiao-ismael-colosi\/"},"img":{"alt_text":"","src":"https:\/\/i0.wp.com\/noticiasribeiraopreto.com.br\/wp-content\/uploads\/2024\/12\/1735508402_praia_rifaina_1200x675_22102021190356.jpg?fit=1200%2C675&ssl=1&resize=350%2C200","width":350,"height":200,"srcset":"https:\/\/i0.wp.com\/noticiasribeiraopreto.com.br\/wp-content\/uploads\/2024\/12\/1735508402_praia_rifaina_1200x675_22102021190356.jpg?fit=1200%2C675&ssl=1&resize=350%2C200 1x, https:\/\/i0.wp.com\/noticiasribeiraopreto.com.br\/wp-content\/uploads\/2024\/12\/1735508402_praia_rifaina_1200x675_22102021190356.jpg?fit=1200%2C675&ssl=1&resize=525%2C300 1.5x, https:\/\/i0.wp.com\/noticiasribeiraopreto.com.br\/wp-content\/uploads\/2024\/12\/1735508402_praia_rifaina_1200x675_22102021190356.jpg?fit=1200%2C675&ssl=1&resize=700%2C400 2x, https:\/\/i0.wp.com\/noticiasribeiraopreto.com.br\/wp-content\/uploads\/2024\/12\/1735508402_praia_rifaina_1200x675_22102021190356.jpg?fit=1200%2C675&ssl=1&resize=1050%2C600 3x"},"classes":[]},{"id":61959,"url":"https:\/\/noticiasribeiraopreto.com.br\/index.php\/2024\/12\/29\/prainha-na-regiao-de-ribeirao-preto-tera-queima-fogos-sem-barulho-por-20-minutos-no-reveillon\/","url_meta":{"origin":81394,"position":5},"title":"Prainha na regi\u00e3o de Ribeir\u00e3o Preto ter\u00e1 queima fogos sem barulho por 20 minutos no R\u00e9veillon","author":"noticiasribeiraopreto.com.br","date":"29 de December de 2024","format":false,"excerpt":"A Prefeitura de Rifaina, cidade tur\u00edstica a aproximadamente 150 quil\u00f4metros de Ribeir\u00e3o Preto, confirmou a tradicional queima de fogos de artif\u00edcio sem barulho no R\u00e9veillon 2025, na orla da praia da cidade. S\u00e3o esperadas\u00a010 mil pessoas\u00a0nas\u00a0festividades\u00a0de\u00a0fim de ano, no dia 31 dezembro.\u00a0O acesso do p\u00fablico \u00e9 gratuito. A queima de\u2026","rel":"","context":"In &quot;Not\u00edcias de Ribeir\u00e3o Preto-SP e Regi\u00e3o&quot;","block_context":{"text":"Not\u00edcias de Ribeir\u00e3o Preto-SP e Regi\u00e3o","link":"https:\/\/noticiasribeiraopreto.com.br\/index.php\/category\/noticias-de-ribeirao-preto-sp-e-regiao-ismael-colosi\/"},"img":{"alt_text":"","src":"https:\/\/i0.wp.com\/noticiasribeiraopreto.com.br\/wp-content\/uploads\/2024\/12\/praia_rifaina_1200x675_22102021190356.jpg?fit=1200%2C675&ssl=1&resize=350%2C200","width":350,"height":200,"srcset":"https:\/\/i0.wp.com\/noticiasribeiraopreto.com.br\/wp-content\/uploads\/2024\/12\/praia_rifaina_1200x675_22102021190356.jpg?fit=1200%2C675&ssl=1&resize=350%2C200 1x, https:\/\/i0.wp.com\/noticiasribeiraopreto.com.br\/wp-content\/uploads\/2024\/12\/praia_rifaina_1200x675_22102021190356.jpg?fit=1200%2C675&ssl=1&resize=525%2C300 1.5x, https:\/\/i0.wp.com\/noticiasribeiraopreto.com.br\/wp-content\/uploads\/2024\/12\/praia_rifaina_1200x675_22102021190356.jpg?fit=1200%2C675&ssl=1&resize=700%2C400 2x, https:\/\/i0.wp.com\/noticiasribeiraopreto.com.br\/wp-content\/uploads\/2024\/12\/praia_rifaina_1200x675_22102021190356.jpg?fit=1200%2C675&ssl=1&resize=1050%2C600 3x"},"classes":[]}],"jetpack_sharing_enabled":true,"jetpack_shortlink":"https:\/\/wp.me\/peQAOb-laO","_links":{"self":[{"href":"https:\/\/noticiasribeiraopreto.com.br\/index.php\/wp-json\/wp\/v2\/posts\/81394","targetHints":{"allow":["GET"]}}],"collection":[{"href":"https:\/\/noticiasribeiraopreto.com.br\/index.php\/wp-json\/wp\/v2\/posts"}],"about":[{"href":"https:\/\/noticiasribeiraopreto.com.br\/index.php\/wp-json\/wp\/v2\/types\/post"}],"author":[{"embeddable":true,"href":"https:\/\/noticiasribeiraopreto.com.br\/index.php\/wp-json\/wp\/v2\/users\/1"}],"replies":[{"embeddable":true,"href":"https:\/\/noticiasribeiraopreto.com.br\/index.php\/wp-json\/wp\/v2\/comments?post=81394"}],"version-history":[{"count":0,"href":"https:\/\/noticiasribeiraopreto.com.br\/index.php\/wp-json\/wp\/v2\/posts\/81394\/revisions"}],"wp:featuredmedia":[{"embeddable":true,"href":"https:\/\/noticiasribeiraopreto.com.br\/index.php\/wp-json\/wp\/v2\/media\/81395"}],"wp:attachment":[{"href":"https:\/\/noticiasribeiraopreto.com.br\/index.php\/wp-json\/wp\/v2\/media?parent=81394"}],"wp:term":[{"taxonomy":"category","embeddable":true,"href":"https:\/\/noticiasribeiraopreto.com.br\/index.php\/wp-json\/wp\/v2\/categories?post=81394"},{"taxonomy":"post_tag","embeddable":true,"href":"https:\/\/noticiasribeiraopreto.com.br\/index.php\/wp-json\/wp\/v2\/tags?post=81394"}],"curies":[{"name":"wp","href":"https:\/\/api.w.org\/{rel}","templated":true}]}}