{"id":81396,"date":"2026-01-04T08:07:25","date_gmt":"2026-01-04T11:07:25","guid":{"rendered":"https:\/\/noticiasribeiraopreto.com.br\/index.php\/2026\/01\/04\/o-que-se-sabe-sobre-a-captura-de-nicolas-maduro-em-ataque-dos-eua-a-venezuela\/"},"modified":"2026-01-04T08:07:25","modified_gmt":"2026-01-04T11:07:25","slug":"o-que-se-sabe-sobre-a-captura-de-nicolas-maduro-em-ataque-dos-eua-a-venezuela","status":"publish","type":"post","link":"https:\/\/noticiasribeiraopreto.com.br\/index.php\/2026\/01\/04\/o-que-se-sabe-sobre-a-captura-de-nicolas-maduro-em-ataque-dos-eua-a-venezuela\/","title":{"rendered":"O que se sabe sobre a captura de Nicol\u00e1s Maduro em ataque dos EUA \u00e0 Venezuela"},"content":{"rendered":"<div class='code-block code-block-1' style='margin: 8px 0 8px auto; text-align: right; display: block; clear: both;'>\n<p><a href=\"https:\/\/wa.link\/vpicfd\"><img data-recalc-dims=\"1\" class=\"wp-image-4922\" style=\"aspect-ratio: 2.0253164556962027; width: 561px; height: auto;\" src=\"https:\/\/i0.wp.com\/ismaelcolosi.com.br\/wp-content\/uploads\/2023\/11\/grupo-de-empregos-whatsapp-e-facebook-ismael-colosi-vagas.jpg?ssl=1\" alt=\"\" \/><\/a><\/p>\n<!-- \/wp:image -->\n<\/div>\n<p> <br \/>\n<\/p>\n<div data-td-block-uid=\"tdi_95\">\n<div class=\"tdb-block-inner td-fix-index\">\n<p><strong>O presidente dos EUA, Donald Trump, afirmou em uma rede social neste s\u00e1bado (3) que for\u00e7as americanas realizaram um ataque de grande escala contra a Venezuela e capturaram o presidente Nicol\u00e1s Maduro.<\/strong><\/p>\n<p>O <strong>presidente americano<\/strong>, contudo, <mark style=\"background-color:#fcb900\" class=\"has-inline-color has-black-color\">n\u00e3o informou para onde Maduro e a mulher foram levados.<\/mark> Ele e a esposa dever\u00e3o ser julgados pela Justi\u00e7a dos EUA em tribunal de Nova York, segundo a Procuradoria-geral dos EUA.<\/p>\n<p>O governo da Venezuela publicou um comunicado no qual convoca for\u00e7as sociais e pol\u00edticas a ativar planos de mobiliza\u00e7\u00e3o.<\/p>\n<p>Em agosto do ano passado, os EUA elevaram para US$ 50 milh\u00f5es a recompensa por informa\u00e7\u00f5es sobre Maduro.<\/p>\n<p>A Casa Branca chegou a afirmar que a mobiliza\u00e7\u00e3o tinha objetivo de combater o narcotr\u00e1fico internacional.<\/p>\n<p>O jornal The New York Times informou que os EUA t\u00eam interesse em assumir o controle das reservas de petr\u00f3leo venezuelanas, que s\u00e3o consideradas as maiores do mundo. (Com informa\u00e7\u00f5es de ag\u00eancias)<\/p>\n<p>SAIBA MAIS<\/p>\n<p>Ribeir\u00e3o Preto pode substituir multa por tarifa educativa na \u00c1rea Azul; Entenda proposta<\/p>\n<h2 class=\"wp-block-heading\"><strong>FIQUE ON<\/strong><\/h2>\n<p>Fique ligado em tudo que acontece em Ribeir\u00e3o Preto e regi\u00e3o. Siga os perfis do\u00a0<strong>acidade on<\/strong>\u00a0no<a href=\"https:\/\/www.instagram.com\/acidadeonribeirao\" target=\"_blank\" rel=\"noreferrer noopener\">\u00a0Instagram\u00a0<\/a>e no\u00a0<a href=\"https:\/\/www.facebook.com\/acidadeonribeirao\/\" target=\"_blank\" rel=\"noreferrer noopener\">Facebook<\/a>.<\/p>\n<p>Receba not\u00edcias do<strong>\u00a0acidade on<\/strong>\u00a0no WhatsApp. Para entrar no grupo,\u00a0basta\u00a0<a href=\"https:\/\/chat.whatsapp.com\/I4nieTEMKlf50pJ28aMemC?mode=ac_t\" target=\"_blank\" rel=\"noreferrer noopener\">clicar aqui<\/a>. Ou, acesse o nosso\u00a0Canal\u00a0<a href=\"https:\/\/whatsapp.com\/channel\/0029Vb6IQl1JENyAeS57fk2p\" target=\"_blank\" rel=\"noreferrer noopener\">clicando aqui<\/a>.<\/p>\n<p>Fa\u00e7a uma den\u00fancia ou sugira uma reportagem sobre Ribeir\u00e3o Preto e regi\u00e3o pelo WhatsApp: 16 99117 7802.<\/p>\n<p>VEJA TAMB\u00c9M<\/p>\n<p>Por que Danielle saiu do NewJeans?<\/p>\n<p><!-- AI CONTENT END 1 -->\n<\/div>\n<\/div>\n<p><script async src=\"\/\/www.instagram.com\/embed.js\"><\/script><br \/>\n<br \/><br \/>\n<br \/><a href=\"https:\/\/www.acidadeon.com\/ribeiraopreto\/politica\/o-que-se-sabe-sobre-a-captura-de-nicolas-maduro-em-ataque-dos-eua-a-venezuela\/\">Source link <\/a><\/p>\n<!-- CONTENT END 1 -->\n","protected":false},"excerpt":{"rendered":"<p>O presidente dos EUA, Donald Trump, afirmou em uma rede social neste s\u00e1bado (3) que for\u00e7as americanas realizaram um ataque de grande escala contra a&#8230;<\/p>\n","protected":false},"author":1,"featured_media":81397,"comment_status":"open","ping_status":"open","sticky":false,"template":"","format":"standard","meta":{"advanced_seo_description":"","jetpack_seo_html_title":"","jetpack_seo_noindex":false,"jetpack_post_was_ever_published":false,"_jetpack_newsletter_access":"","_jetpack_dont_email_post_to_subs":false,"_jetpack_newsletter_tier_id":0,"_jetpack_memberships_contains_paywalled_content":false,"_jetpack_memberships_contains_paid_content":false,"footnotes":"","jetpack_publicize_message":"","jetpack_publicize_feature_enabled":true,"jetpack_social_post_already_shared":true,"jetpack_social_options":{"image_generator_settings":{"template":"highway","default_image_id":0,"font":"","enabled":false},"version":2}},"categories":[11],"tags":[],"class_list":["post-81396","post","type-post","status-publish","format-standard","has-post-thumbnail","hentry","category-noticias-de-ribeirao-preto-sp-e-regiao-ismael-colosi"],"jetpack_publicize_connections":[],"jetpack_featured_media_url":"https:\/\/i0.wp.com\/noticiasribeiraopreto.com.br\/wp-content\/uploads\/2026\/01\/maduro_2026-01-03_15-22-31.webp.webp?fit=1200%2C764&ssl=1","jetpack-related-posts":[{"id":80784,"url":"https:\/\/noticiasribeiraopreto.com.br\/index.php\/2025\/12\/13\/eua-vao-comecar-a-agir-em-terra-na-venezuela\/","url_meta":{"origin":81396,"position":0},"title":"EUA v\u00e3o come\u00e7ar a agir em terra na Venezuela","author":"noticiasribeiraopreto.com.br","date":"13 de December de 2025","format":false,"excerpt":"O presidente dos Estados Unidos, Donald Trump, afirmou que o governo americano intensificar\u00e1 os ataques contra narcotraficantes na Venezuela, revelando que a\u00e7\u00f5es terrestres no pa\u00eds ocorrer\u00e3o \u201cmuito em breve\u201d, durante um evento no Sal\u00e3o Oval na noite de quinta-feira, 11 e dezembro. Ao ser questionado por rep\u00f3rteres na Casa Branca\u2026","rel":"","context":"In &quot;Not\u00edcias de Ribeir\u00e3o Preto-SP e Regi\u00e3o&quot;","block_context":{"text":"Not\u00edcias de Ribeir\u00e3o Preto-SP e Regi\u00e3o","link":"https:\/\/noticiasribeiraopreto.com.br\/index.php\/category\/noticias-de-ribeirao-preto-sp-e-regiao-ismael-colosi\/"},"img":{"alt_text":"","src":"https:\/\/i0.wp.com\/noticiasribeiraopreto.com.br\/wp-content\/uploads\/2025\/12\/Trump-Truth-Social-Reproducao.jpg?fit=1170%2C700&ssl=1&resize=350%2C200","width":350,"height":200,"srcset":"https:\/\/i0.wp.com\/noticiasribeiraopreto.com.br\/wp-content\/uploads\/2025\/12\/Trump-Truth-Social-Reproducao.jpg?fit=1170%2C700&ssl=1&resize=350%2C200 1x, https:\/\/i0.wp.com\/noticiasribeiraopreto.com.br\/wp-content\/uploads\/2025\/12\/Trump-Truth-Social-Reproducao.jpg?fit=1170%2C700&ssl=1&resize=525%2C300 1.5x, https:\/\/i0.wp.com\/noticiasribeiraopreto.com.br\/wp-content\/uploads\/2025\/12\/Trump-Truth-Social-Reproducao.jpg?fit=1170%2C700&ssl=1&resize=700%2C400 2x, https:\/\/i0.wp.com\/noticiasribeiraopreto.com.br\/wp-content\/uploads\/2025\/12\/Trump-Truth-Social-Reproducao.jpg?fit=1170%2C700&ssl=1&resize=1050%2C600 3x"},"classes":[]},{"id":81420,"url":"https:\/\/noticiasribeiraopreto.com.br\/index.php\/2026\/01\/05\/apos-venezuela-trump-ameaca-tomar-groenlandia-e-atacar-colombia\/","url_meta":{"origin":81396,"position":1},"title":"Ap\u00f3s Venezuela, Trump amea\u00e7a tomar Groenl\u00e2ndia e atacar Col\u00f4mbia","author":"noticiasribeiraopreto.com.br","date":"5 de January de 2026","format":false,"excerpt":"Um dia ap\u00f3s bombardear a Venezuela e sequestrar o presidente Nicol\u00e1s Maduro, o presidente dos Estados Unidos (EUA), Donald Trump, amea\u00e7ou anexar a Groenl\u00e2ndia, territ\u00f3rio semiaut\u00f4nomo ligado \u00e0 Dinamarca, e sugeriu uma a\u00e7\u00e3o militar contra o governo da Col\u00f4mbia, de Gustavo Petro A primeira-ministra da Dinamarca, Mette Frederiksen, emitiu nota\u2026","rel":"","context":"In &quot;Not\u00edcias de Ribeir\u00e3o Preto-SP e Regi\u00e3o&quot;","block_context":{"text":"Not\u00edcias de Ribeir\u00e3o Preto-SP e Regi\u00e3o","link":"https:\/\/noticiasribeiraopreto.com.br\/index.php\/category\/noticias-de-ribeirao-preto-sp-e-regiao-ismael-colosi\/"},"img":{"alt_text":"","src":"https:\/\/i0.wp.com\/noticiasribeiraopreto.com.br\/wp-content\/uploads\/2026\/01\/groelandia-.jpg?fit=1170%2C700&ssl=1&resize=350%2C200","width":350,"height":200,"srcset":"https:\/\/i0.wp.com\/noticiasribeiraopreto.com.br\/wp-content\/uploads\/2026\/01\/groelandia-.jpg?fit=1170%2C700&ssl=1&resize=350%2C200 1x, https:\/\/i0.wp.com\/noticiasribeiraopreto.com.br\/wp-content\/uploads\/2026\/01\/groelandia-.jpg?fit=1170%2C700&ssl=1&resize=525%2C300 1.5x, https:\/\/i0.wp.com\/noticiasribeiraopreto.com.br\/wp-content\/uploads\/2026\/01\/groelandia-.jpg?fit=1170%2C700&ssl=1&resize=700%2C400 2x, https:\/\/i0.wp.com\/noticiasribeiraopreto.com.br\/wp-content\/uploads\/2026\/01\/groelandia-.jpg?fit=1170%2C700&ssl=1&resize=1050%2C600 3x"},"classes":[]},{"id":14248,"url":"https:\/\/noticiasribeiraopreto.com.br\/index.php\/2023\/12\/11\/brasil-bate-a-porta-na-cara-da-venezuela-e-os-planos-de-maduro-vao-por-agua-abaixo\/","url_meta":{"origin":81396,"position":2},"title":"Brasil bate a porta na cara da Venezuela \u2014 e os planos de Maduro v\u00e3o por \u00e1gua abaixo","author":"noticiasribeiraopreto.com.br","date":"11 de December de 2023","format":false,"excerpt":"Os planos do presidente da Venezuela, Nicol\u00e1s Maduro, de tomar uma parte da Guiana est\u00e3o cada dia mais dif\u00edceis \u2014 pelo menos no que depender do Brasil.\u00a0 Nesta segunda-feira (11) foi a vez do ministro da Defesa, Jos\u00e9 M\u00facio Monteiro, enviar um recado duro ao pa\u00eds vizinho.\u00a0 M\u00facio disse que\u2026","rel":"","context":"In &quot;Dinheiro e Investimento&quot;","block_context":{"text":"Dinheiro e Investimento","link":"https:\/\/noticiasribeiraopreto.com.br\/index.php\/category\/dinheiro-e-investimento-como-fazer-como-ganhar\/"},"img":{"alt_text":"","src":"https:\/\/i0.wp.com\/noticiasribeiraopreto.com.br\/wp-content\/uploads\/2023\/12\/1702339935_27072010-26072010frp8196-628x353.jpg?fit=628%2C353&ssl=1&resize=350%2C200","width":350,"height":200,"srcset":"https:\/\/i0.wp.com\/noticiasribeiraopreto.com.br\/wp-content\/uploads\/2023\/12\/1702339935_27072010-26072010frp8196-628x353.jpg?fit=628%2C353&ssl=1&resize=350%2C200 1x, https:\/\/i0.wp.com\/noticiasribeiraopreto.com.br\/wp-content\/uploads\/2023\/12\/1702339935_27072010-26072010frp8196-628x353.jpg?fit=628%2C353&ssl=1&resize=525%2C300 1.5x"},"classes":[]},{"id":10822,"url":"https:\/\/noticiasribeiraopreto.com.br\/index.php\/2023\/12\/05\/a-venezuela-vai-invadir-a-guiana-entenda-a-atrapalhada-tentativa-de-maduro-de-desviar-a-atencao-de-seu-pessimo-governo\/","url_meta":{"origin":81396,"position":3},"title":"A Venezuela vai invadir a Guiana? Entenda a atrapalhada tentativa de Maduro de desviar a aten\u00e7\u00e3o de seu p\u00e9ssimo governo","author":"noticiasribeiraopreto.com.br","date":"5 de December de 2023","format":false,"excerpt":"Durante o \u00faltimo fim de semana, os venezuelanos participaram de um plebiscito que aprovou, supostamente com mais de 95% de votos favor\u00e1veis, a proposta do presidente Maduro de anexar a regi\u00e3o de Essequibo, rica em petr\u00f3leo. Mais de 10,4 milh\u00f5es dos 20,7 milh\u00f5es de eleitores eleg\u00edveis votaram. Essa poss\u00edvel anexa\u00e7\u00e3o\u2026","rel":"","context":"In &quot;Dinheiro e Investimento&quot;","block_context":{"text":"Dinheiro e Investimento","link":"https:\/\/noticiasribeiraopreto.com.br\/index.php\/category\/dinheiro-e-investimento-como-fazer-como-ganhar\/"},"img":{"alt_text":"","src":"https:\/\/i0.wp.com\/noticiasribeiraopreto.com.br\/wp-content\/uploads\/2023\/12\/27072010-26072010frp8196-628x353.jpg?fit=628%2C353&ssl=1&resize=350%2C200","width":350,"height":200,"srcset":"https:\/\/i0.wp.com\/noticiasribeiraopreto.com.br\/wp-content\/uploads\/2023\/12\/27072010-26072010frp8196-628x353.jpg?fit=628%2C353&ssl=1&resize=350%2C200 1x, https:\/\/i0.wp.com\/noticiasribeiraopreto.com.br\/wp-content\/uploads\/2023\/12\/27072010-26072010frp8196-628x353.jpg?fit=628%2C353&ssl=1&resize=525%2C300 1.5x"},"classes":[]},{"id":16262,"url":"https:\/\/noticiasribeiraopreto.com.br\/index.php\/2023\/12\/15\/venezuela-e-guiana-se-comprometem-a-nao-usar-forca\/","url_meta":{"origin":81396,"position":4},"title":"Venezuela e Guiana se comprometem a n\u00e3o usar for\u00e7a","author":"noticiasribeiraopreto.com.br","date":"15 de December de 2023","format":false,"excerpt":"Os presidentes da Venezuela, Nicol\u00e1s Maduro, e da Guiana, Irfaan Ali (foto), assinaram uma declara\u00e7\u00e3o conjunta em que os dois pa\u00edses se comprometem a n\u00e3o usar a for\u00e7a um contra o outro \u2013 direta ou indiretamente \u2013 em nenhuma circunst\u00e2ncia. O documento deixa claro que nem a controv\u00e9rsia sobre a\u2026","rel":"","context":"In &quot;Not\u00edcias de Ribeir\u00e3o Preto-SP e Regi\u00e3o&quot;","block_context":{"text":"Not\u00edcias de Ribeir\u00e3o Preto-SP e Regi\u00e3o","link":"https:\/\/noticiasribeiraopreto.com.br\/index.php\/category\/noticias-de-ribeirao-preto-sp-e-regiao-ismael-colosi\/"},"img":{"alt_text":"","src":"https:\/\/i0.wp.com\/noticiasribeiraopreto.com.br\/wp-content\/uploads\/2023\/12\/maduro-scaled.jpg?fit=1000%2C598&ssl=1&resize=350%2C200","width":350,"height":200,"srcset":"https:\/\/i0.wp.com\/noticiasribeiraopreto.com.br\/wp-content\/uploads\/2023\/12\/maduro-scaled.jpg?fit=1000%2C598&ssl=1&resize=350%2C200 1x, https:\/\/i0.wp.com\/noticiasribeiraopreto.com.br\/wp-content\/uploads\/2023\/12\/maduro-scaled.jpg?fit=1000%2C598&ssl=1&resize=525%2C300 1.5x, https:\/\/i0.wp.com\/noticiasribeiraopreto.com.br\/wp-content\/uploads\/2023\/12\/maduro-scaled.jpg?fit=1000%2C598&ssl=1&resize=700%2C400 2x"},"classes":[]},{"id":33477,"url":"https:\/\/noticiasribeiraopreto.com.br\/index.php\/2024\/01\/29\/biden-vai-se-vingar-a-pressao-para-que-os-eua-saiam-a-caca-do-ira-e-respondam-a-morte-de-militares\/","url_meta":{"origin":81396,"position":5},"title":"Biden vai se vingar? A press\u00e3o para que os EUA saiam \u00e0 ca\u00e7a do Ir\u00e3 e respondam \u00e0 morte de militares","author":"noticiasribeiraopreto.com.br","date":"29 de January de 2024","format":false,"excerpt":"Dizem que a vingan\u00e7a \u00e9 um prato que se come frio e se isso for verdade, o presidente dos EUA, Joe Biden, deve resistir \u00e0 press\u00e3o de responder agora ao ataque da Resist\u00eancia Isl\u00e2mica no Iraque \u2014 um grupo de mil\u00edcias apoiado pelo Ir\u00e3 \u2014 e que resultou na morte\u2026","rel":"","context":"In &quot;Dinheiro e Investimento&quot;","block_context":{"text":"Dinheiro e Investimento","link":"https:\/\/noticiasribeiraopreto.com.br\/index.php\/category\/dinheiro-e-investimento-como-fazer-como-ganhar\/"},"img":{"alt_text":"","src":"https:\/\/i0.wp.com\/noticiasribeiraopreto.com.br\/wp-content\/uploads\/2024\/01\/1706561717_Joe-Biden-EUA-715x402.jpg?fit=715%2C402&ssl=1&resize=350%2C200","width":350,"height":200,"srcset":"https:\/\/i0.wp.com\/noticiasribeiraopreto.com.br\/wp-content\/uploads\/2024\/01\/1706561717_Joe-Biden-EUA-715x402.jpg?fit=715%2C402&ssl=1&resize=350%2C200 1x, https:\/\/i0.wp.com\/noticiasribeiraopreto.com.br\/wp-content\/uploads\/2024\/01\/1706561717_Joe-Biden-EUA-715x402.jpg?fit=715%2C402&ssl=1&resize=525%2C300 1.5x, https:\/\/i0.wp.com\/noticiasribeiraopreto.com.br\/wp-content\/uploads\/2024\/01\/1706561717_Joe-Biden-EUA-715x402.jpg?fit=715%2C402&ssl=1&resize=700%2C400 2x"},"classes":[]}],"jetpack_sharing_enabled":true,"jetpack_shortlink":"https:\/\/wp.me\/peQAOb-laQ","_links":{"self":[{"href":"https:\/\/noticiasribeiraopreto.com.br\/index.php\/wp-json\/wp\/v2\/posts\/81396","targetHints":{"allow":["GET"]}}],"collection":[{"href":"https:\/\/noticiasribeiraopreto.com.br\/index.php\/wp-json\/wp\/v2\/posts"}],"about":[{"href":"https:\/\/noticiasribeiraopreto.com.br\/index.php\/wp-json\/wp\/v2\/types\/post"}],"author":[{"embeddable":true,"href":"https:\/\/noticiasribeiraopreto.com.br\/index.php\/wp-json\/wp\/v2\/users\/1"}],"replies":[{"embeddable":true,"href":"https:\/\/noticiasribeiraopreto.com.br\/index.php\/wp-json\/wp\/v2\/comments?post=81396"}],"version-history":[{"count":0,"href":"https:\/\/noticiasribeiraopreto.com.br\/index.php\/wp-json\/wp\/v2\/posts\/81396\/revisions"}],"wp:featuredmedia":[{"embeddable":true,"href":"https:\/\/noticiasribeiraopreto.com.br\/index.php\/wp-json\/wp\/v2\/media\/81397"}],"wp:attachment":[{"href":"https:\/\/noticiasribeiraopreto.com.br\/index.php\/wp-json\/wp\/v2\/media?parent=81396"}],"wp:term":[{"taxonomy":"category","embeddable":true,"href":"https:\/\/noticiasribeiraopreto.com.br\/index.php\/wp-json\/wp\/v2\/categories?post=81396"},{"taxonomy":"post_tag","embeddable":true,"href":"https:\/\/noticiasribeiraopreto.com.br\/index.php\/wp-json\/wp\/v2\/tags?post=81396"}],"curies":[{"name":"wp","href":"https:\/\/api.w.org\/{rel}","templated":true}]}}