{"id":81398,"date":"2026-01-04T08:19:25","date_gmt":"2026-01-04T11:19:25","guid":{"rendered":"https:\/\/noticiasribeiraopreto.com.br\/index.php\/2026\/01\/04\/homem-e-encontrado-morto-no-rio-grande-apos-cair-de-moto-aquatica\/"},"modified":"2026-01-04T08:19:25","modified_gmt":"2026-01-04T11:19:25","slug":"homem-e-encontrado-morto-no-rio-grande-apos-cair-de-moto-aquatica","status":"publish","type":"post","link":"https:\/\/noticiasribeiraopreto.com.br\/index.php\/2026\/01\/04\/homem-e-encontrado-morto-no-rio-grande-apos-cair-de-moto-aquatica\/","title":{"rendered":"Homem \u00e9 encontrado morto no rio Grande ap\u00f3s cair de moto aqu\u00e1tica"},"content":{"rendered":"<div class='code-block code-block-1' style='margin: 8px 0 8px auto; text-align: right; display: block; clear: both;'>\n<p><a href=\"https:\/\/wa.link\/vpicfd\"><img data-recalc-dims=\"1\" class=\"wp-image-4922\" style=\"aspect-ratio: 2.0253164556962027; width: 561px; height: auto;\" src=\"https:\/\/i0.wp.com\/ismaelcolosi.com.br\/wp-content\/uploads\/2023\/11\/grupo-de-empregos-whatsapp-e-facebook-ismael-colosi-vagas.jpg?ssl=1\" alt=\"\" \/><\/a><\/p>\n<!-- \/wp:image -->\n<\/div>\n<p> <br \/>\n<\/p>\n<div data-td-block-uid=\"tdi_95\">\n<div class=\"tdb-block-inner td-fix-index\">\n<p><strong>O corpo de um homem de 46 anos foi encontrado na manh\u00e3 deste s\u00e1bado (3), boiando no rio grande, em Miguel\u00f3polis, a 130 quil\u00f4metros de Ribeir\u00e3o Preto.<\/strong><\/p>\n<p>Segundo informa\u00e7\u00f5es, <mark style=\"background-color:#fcb900\" class=\"has-inline-color has-black-color\">Marcio Souza Santos havia desaparecido na sexta-feira (2), ap\u00f3s cair no rio enquanto estava em uma moto aqu\u00e1tica.<\/mark><\/p>\n<p>Pessoas que estavam perto teriam entrado na \u00e1gua na tentativa de socorro, mas n\u00e3o conseguiram.<\/p>\n<p>O corpo teria sido avistado por familiares da v\u00edtima. Equipes da Marinha do Brasil, Bombeiros e PM (Pol\u00edcia Militar) foram mobilizadas na ocorr\u00eancia. <\/p>\n<p>Marcio era natural da cidade de Americana, no interior de S\u00e3o Paulo.<\/p>\n<figure class=\"wp-block-image\"><img data-recalc-dims=\"1\" fetchpriority=\"high\" decoding=\"async\" width=\"1200\" height=\"824\" src=\"https:\/\/i0.wp.com\/cdn.media-acidadeon.com.br\/ribeiraopreto\/wp-content\/uploads\/sites\/3\/2026\/01\/marcio_2026-01-03_14-26-46.webp?resize=1200%2C824&#038;ssl=1\" alt=\"Marcio Souza Santos\" class=\"wp-image-140965\" title=\"Homem \u00e9 encontrado morto no rio Grande ap\u00f3s cair de moto aqu\u00e1tica 1\" srcset=\"https:\/\/cdn.media-acidadeon.com.br\/ribeiraopreto\/wp-content\/uploads\/sites\/3\/2026\/01\/marcio_2026-01-03_14-26-46.webp 1200w, https:\/\/cdn.media-acidadeon.com.br\/ribeiraopreto\/wp-content\/uploads\/sites\/3\/2026\/01\/marcio_2026-01-03_14-26-46-300x206.webp 300w, https:\/\/cdn.media-acidadeon.com.br\/ribeiraopreto\/wp-content\/uploads\/sites\/3\/2026\/01\/marcio_2026-01-03_14-26-46-1024x703.webp 1024w, https:\/\/cdn.media-acidadeon.com.br\/ribeiraopreto\/wp-content\/uploads\/sites\/3\/2026\/01\/marcio_2026-01-03_14-26-46-768x527.webp 768w, https:\/\/cdn.media-acidadeon.com.br\/ribeiraopreto\/wp-content\/uploads\/sites\/3\/2026\/01\/marcio_2026-01-03_14-26-46-218x150.webp 218w, https:\/\/cdn.media-acidadeon.com.br\/ribeiraopreto\/wp-content\/uploads\/sites\/3\/2026\/01\/marcio_2026-01-03_14-26-46-696x478.webp 696w, https:\/\/cdn.media-acidadeon.com.br\/ribeiraopreto\/wp-content\/uploads\/sites\/3\/2026\/01\/marcio_2026-01-03_14-26-46-1068x733.webp 1068w\" sizes=\"(max-width: 1200px) 100vw, 1200px\"\/><figcaption class=\"wp-element-caption\">Marcio Souza Santos tinha 46 anos \u2013 Foto: Reprodu\u00e7\u00e3o<\/figcaption><\/figure>\n<p>SAIBA MAIS<\/p>\n<p>Nove bairros de Ribeir\u00e3o Preto podem ficar sem \u00e1gua neste s\u00e1bado; Veja lista<\/p>\n<h2 class=\"wp-block-heading\"><strong>FIQUE ON<\/strong><\/h2>\n<p>Fique ligado em tudo que acontece em Ribeir\u00e3o Preto e regi\u00e3o. Siga os perfis do\u00a0<strong>acidade on<\/strong>\u00a0no<a href=\"https:\/\/www.instagram.com\/acidadeonribeirao\" target=\"_blank\" rel=\"noreferrer noopener\">\u00a0Instagram\u00a0<\/a>e no\u00a0<a href=\"https:\/\/www.facebook.com\/acidadeonribeirao\/\" target=\"_blank\" rel=\"noreferrer noopener\">Facebook<\/a>.<\/p>\n<p>Receba not\u00edcias do<strong>\u00a0acidade on<\/strong>\u00a0no WhatsApp. Para entrar no grupo,\u00a0basta\u00a0<a href=\"https:\/\/chat.whatsapp.com\/I4nieTEMKlf50pJ28aMemC?mode=ac_t\" target=\"_blank\" rel=\"noreferrer noopener\">clicar aqui<\/a>. Ou, acesse o nosso\u00a0Canal\u00a0<a href=\"https:\/\/whatsapp.com\/channel\/0029Vb6IQl1JENyAeS57fk2p\" target=\"_blank\" rel=\"noreferrer noopener\">clicando aqui<\/a>.<\/p>\n<p>Fa\u00e7a uma den\u00fancia ou sugira uma reportagem sobre Ribeir\u00e3o Preto e regi\u00e3o pelo WhatsApp: 16 99117 7802.<\/p>\n<p>VEJA TAMB\u00c9M<\/p>\n<p>Por que Danielle saiu do NewJeans?<\/p>\n<p><!-- AI CONTENT END 1 -->\n<\/div>\n<\/div>\n<p><script async src=\"\/\/www.instagram.com\/embed.js\"><\/script><br \/>\n<br \/><br \/>\n<br \/><a href=\"https:\/\/www.acidadeon.com\/ribeiraopreto\/cotidiano\/homem-e-encontrado-morto-no-rio-grande-apos-cair-de-moto-aquatica\/\">Source link <\/a><\/p>\n<!-- CONTENT END 1 -->\n","protected":false},"excerpt":{"rendered":"<p>O corpo de um homem de 46 anos foi encontrado na manh\u00e3 deste s\u00e1bado (3), boiando no rio grande, em Miguel\u00f3polis, a 130 quil\u00f4metros de&#8230;<\/p>\n","protected":false},"author":1,"featured_media":81399,"comment_status":"open","ping_status":"open","sticky":false,"template":"","format":"standard","meta":{"advanced_seo_description":"","jetpack_seo_html_title":"","jetpack_seo_noindex":false,"jetpack_post_was_ever_published":false,"_jetpack_newsletter_access":"","_jetpack_dont_email_post_to_subs":false,"_jetpack_newsletter_tier_id":0,"_jetpack_memberships_contains_paywalled_content":false,"_jetpack_memberships_contains_paid_content":false,"footnotes":"","jetpack_publicize_message":"","jetpack_publicize_feature_enabled":true,"jetpack_social_post_already_shared":true,"jetpack_social_options":{"image_generator_settings":{"template":"highway","default_image_id":0,"font":"","enabled":false},"version":2}},"categories":[11],"tags":[],"class_list":["post-81398","post","type-post","status-publish","format-standard","has-post-thumbnail","hentry","category-noticias-de-ribeirao-preto-sp-e-regiao-ismael-colosi"],"jetpack_publicize_connections":[],"jetpack_featured_media_url":"https:\/\/i0.wp.com\/noticiasribeiraopreto.com.br\/wp-content\/uploads\/2026\/01\/rio-grande_2026-01-03_14-12-03.webp.webp?fit=1200%2C722&ssl=1","jetpack-related-posts":[{"id":61874,"url":"https:\/\/noticiasribeiraopreto.com.br\/index.php\/2024\/12\/26\/turista-do-interior-de-sp-e-encontrado-morto-no-mar-apos-desaparecer-com-moto-aquatica-em-praia\/","url_meta":{"origin":81398,"position":0},"title":"Turista do interior de SP \u00e9 encontrado morto no mar ap\u00f3s desaparecer com moto aqu\u00e1tica em praia","author":"noticiasribeiraopreto.com.br","date":"26 de December de 2024","format":false,"excerpt":"O corpo de um turista foi encontrado nesta quarta-feira (25), ap\u00f3s desaparecer na v\u00e9spera de Natal, enquanto pilotava uma moto aqu\u00e1tica, na Prainha Branca, em Guaruj\u00e1, no litoral paulista. Segundo informa\u00e7\u00f5es, a v\u00edtima, identificada como Rafael Oliveira Costa, de 35 anos, era de Cerquilho, no interior de S\u00e3o Paulo. O\u2026","rel":"","context":"In &quot;Not\u00edcias de Ribeir\u00e3o Preto-SP e Regi\u00e3o&quot;","block_context":{"text":"Not\u00edcias de Ribeir\u00e3o Preto-SP e Regi\u00e3o","link":"https:\/\/noticiasribeiraopreto.com.br\/index.php\/category\/noticias-de-ribeirao-preto-sp-e-regiao-ismael-colosi\/"},"img":{"alt_text":"","src":"https:\/\/i0.wp.com\/noticiasribeiraopreto.com.br\/wp-content\/uploads\/2024\/12\/GBMAR_2024-12-26_12-10-58_jpg_2024-12-26_12-10-58.webp.webp?fit=1200%2C776&ssl=1&resize=350%2C200","width":350,"height":200,"srcset":"https:\/\/i0.wp.com\/noticiasribeiraopreto.com.br\/wp-content\/uploads\/2024\/12\/GBMAR_2024-12-26_12-10-58_jpg_2024-12-26_12-10-58.webp.webp?fit=1200%2C776&ssl=1&resize=350%2C200 1x, https:\/\/i0.wp.com\/noticiasribeiraopreto.com.br\/wp-content\/uploads\/2024\/12\/GBMAR_2024-12-26_12-10-58_jpg_2024-12-26_12-10-58.webp.webp?fit=1200%2C776&ssl=1&resize=525%2C300 1.5x, https:\/\/i0.wp.com\/noticiasribeiraopreto.com.br\/wp-content\/uploads\/2024\/12\/GBMAR_2024-12-26_12-10-58_jpg_2024-12-26_12-10-58.webp.webp?fit=1200%2C776&ssl=1&resize=700%2C400 2x, https:\/\/i0.wp.com\/noticiasribeiraopreto.com.br\/wp-content\/uploads\/2024\/12\/GBMAR_2024-12-26_12-10-58_jpg_2024-12-26_12-10-58.webp.webp?fit=1200%2C776&ssl=1&resize=1050%2C600 3x"},"classes":[]},{"id":81392,"url":"https:\/\/noticiasribeiraopreto.com.br\/index.php\/2026\/01\/04\/homem-morre-apos-ser-esfaqueado-no-peito-em-festa-de-ano-novo-na-regiao-de-ribeirao-preto\/","url_meta":{"origin":81398,"position":1},"title":"Homem morre ap\u00f3s ser esfaqueado no peito em festa de Ano Novo na regi\u00e3o de Ribeir\u00e3o Preto","author":"noticiasribeiraopreto.com.br","date":"4 de January de 2026","format":false,"excerpt":"Um homem de 44 anos morreu depois de ser esfaqueado durante uma comemora\u00e7\u00e3o de Ano Novo, na \u00faltima quinta-feira (1\u00ba), em Guatapar\u00e1, a 60 quil\u00f4metros de Ribeir\u00e3o Preto. Segundo o boletim de ocorr\u00eancia (BO), Israel Felippo foi atingido no peito, no cruzamento das ruas Herm\u00ednio F\u00e9lix Bonfim Minio e Jos\u00e9\u2026","rel":"","context":"In &quot;Not\u00edcias de Ribeir\u00e3o Preto-SP e Regi\u00e3o&quot;","block_context":{"text":"Not\u00edcias de Ribeir\u00e3o Preto-SP e Regi\u00e3o","link":"https:\/\/noticiasribeiraopreto.com.br\/index.php\/category\/noticias-de-ribeirao-preto-sp-e-regiao-ismael-colosi\/"},"img":{"alt_text":"","src":"https:\/\/i0.wp.com\/noticiasribeiraopreto.com.br\/wp-content\/uploads\/2026\/01\/israel_2026-01-03_18-33-35.webp.webp?fit=1200%2C917&ssl=1&resize=350%2C200","width":350,"height":200,"srcset":"https:\/\/i0.wp.com\/noticiasribeiraopreto.com.br\/wp-content\/uploads\/2026\/01\/israel_2026-01-03_18-33-35.webp.webp?fit=1200%2C917&ssl=1&resize=350%2C200 1x, https:\/\/i0.wp.com\/noticiasribeiraopreto.com.br\/wp-content\/uploads\/2026\/01\/israel_2026-01-03_18-33-35.webp.webp?fit=1200%2C917&ssl=1&resize=525%2C300 1.5x, https:\/\/i0.wp.com\/noticiasribeiraopreto.com.br\/wp-content\/uploads\/2026\/01\/israel_2026-01-03_18-33-35.webp.webp?fit=1200%2C917&ssl=1&resize=700%2C400 2x, https:\/\/i0.wp.com\/noticiasribeiraopreto.com.br\/wp-content\/uploads\/2026\/01\/israel_2026-01-03_18-33-35.webp.webp?fit=1200%2C917&ssl=1&resize=1050%2C600 3x"},"classes":[]},{"id":21395,"url":"https:\/\/noticiasribeiraopreto.com.br\/index.php\/2023\/12\/27\/chega-ao-fim-de-forma-tragica-as-buscas-por-menina-de-4-anos-que-desapareceu-apos-cair-em-rio-de-sc-era-uma-filha-maravilhosa\/","url_meta":{"origin":81398,"position":2},"title":"Chega ao fim de forma tr\u00e1gica as buscas por menina de 4 anos que desapareceu ap\u00f3s cair em rio de SC: &#8216;Era uma filha maravilhosa&#8217;","author":"noticiasribeiraopreto.com.br","date":"27 de December de 2023","format":false,"excerpt":"O corpo da menina de 4 anos, Lavinia Oliveira Pereira, desaparecida desde domingo em Pedras Grandes, Sul de Santa Catarina, foi encontrado no in\u00edcio da tarde desta quarta-feira, cerca de 13 quil\u00f4metros do local onde foi vista pela \u00faltima vez, de acordo com informa\u00e7\u00f5es dos bombeiros.A trag\u00e9dia ocorreu quando a\u2026","rel":"","context":"In &quot;Blog&quot;","block_context":{"text":"Blog","link":"https:\/\/noticiasribeiraopreto.com.br\/index.php\/category\/blog\/"},"img":{"alt_text":"","src":"https:\/\/i0.wp.com\/noticiasribeiraopreto.com.br\/wp-content\/uploads\/2023\/12\/postimg-658c82d7959899819.jpg?fit=1200%2C628&ssl=1&resize=350%2C200","width":350,"height":200,"srcset":"https:\/\/i0.wp.com\/noticiasribeiraopreto.com.br\/wp-content\/uploads\/2023\/12\/postimg-658c82d7959899819.jpg?fit=1200%2C628&ssl=1&resize=350%2C200 1x, https:\/\/i0.wp.com\/noticiasribeiraopreto.com.br\/wp-content\/uploads\/2023\/12\/postimg-658c82d7959899819.jpg?fit=1200%2C628&ssl=1&resize=525%2C300 1.5x, https:\/\/i0.wp.com\/noticiasribeiraopreto.com.br\/wp-content\/uploads\/2023\/12\/postimg-658c82d7959899819.jpg?fit=1200%2C628&ssl=1&resize=700%2C400 2x, https:\/\/i0.wp.com\/noticiasribeiraopreto.com.br\/wp-content\/uploads\/2023\/12\/postimg-658c82d7959899819.jpg?fit=1200%2C628&ssl=1&resize=1050%2C600 3x"},"classes":[]},{"id":70943,"url":"https:\/\/noticiasribeiraopreto.com.br\/index.php\/2025\/05\/31\/buscas-por-empresario-morto-apos-reuniao-de-negocios-seguem-no-rio-grande\/","url_meta":{"origin":81398,"position":3},"title":"Buscas por empres\u00e1rio morto ap\u00f3s reuni\u00e3o de neg\u00f3cios seguem no rio Grande","author":"noticiasribeiraopreto.com.br","date":"31 de May de 2025","format":false,"excerpt":"O Corpo de Bombeiros continua as buscas pelo corpo do empres\u00e1rio Nelson Francisco Carreira Filho, no rio Grande, em Miguel\u00f3polis, cidade a 130 quil\u00f4metros de Ribeir\u00e3o Preto, neste s\u00e1bado (31). De acordo com as informa\u00e7\u00f5es da EPTV, os bombeiros realizaram na sexta-feira (30), uma vistoria no local para que hoje\u2026","rel":"","context":"In &quot;Not\u00edcias de Ribeir\u00e3o Preto-SP e Regi\u00e3o&quot;","block_context":{"text":"Not\u00edcias de Ribeir\u00e3o Preto-SP e Regi\u00e3o","link":"https:\/\/noticiasribeiraopreto.com.br\/index.php\/category\/noticias-de-ribeirao-preto-sp-e-regiao-ismael-colosi\/"},"img":{"alt_text":"","src":"https:\/\/i0.wp.com\/noticiasribeiraopreto.com.br\/wp-content\/uploads\/2025\/05\/Copia-de-Copia-de-Copia-de-TAMANHO-EXATO-PARA-FOTOS-NO-SISTEMA-NOVO-2025-05-31T144809.699_2025-05-31_18-17-56.webp.webp?fit=1200%2C675&ssl=1&resize=350%2C200","width":350,"height":200,"srcset":"https:\/\/i0.wp.com\/noticiasribeiraopreto.com.br\/wp-content\/uploads\/2025\/05\/Copia-de-Copia-de-Copia-de-TAMANHO-EXATO-PARA-FOTOS-NO-SISTEMA-NOVO-2025-05-31T144809.699_2025-05-31_18-17-56.webp.webp?fit=1200%2C675&ssl=1&resize=350%2C200 1x, https:\/\/i0.wp.com\/noticiasribeiraopreto.com.br\/wp-content\/uploads\/2025\/05\/Copia-de-Copia-de-Copia-de-TAMANHO-EXATO-PARA-FOTOS-NO-SISTEMA-NOVO-2025-05-31T144809.699_2025-05-31_18-17-56.webp.webp?fit=1200%2C675&ssl=1&resize=525%2C300 1.5x, https:\/\/i0.wp.com\/noticiasribeiraopreto.com.br\/wp-content\/uploads\/2025\/05\/Copia-de-Copia-de-Copia-de-TAMANHO-EXATO-PARA-FOTOS-NO-SISTEMA-NOVO-2025-05-31T144809.699_2025-05-31_18-17-56.webp.webp?fit=1200%2C675&ssl=1&resize=700%2C400 2x, https:\/\/i0.wp.com\/noticiasribeiraopreto.com.br\/wp-content\/uploads\/2025\/05\/Copia-de-Copia-de-Copia-de-TAMANHO-EXATO-PARA-FOTOS-NO-SISTEMA-NOVO-2025-05-31T144809.699_2025-05-31_18-17-56.webp.webp?fit=1200%2C675&ssl=1&resize=1050%2C600 3x"},"classes":[]},{"id":72168,"url":"https:\/\/noticiasribeiraopreto.com.br\/index.php\/2025\/06\/13\/caso-nelson-suspeito-da-morte-de-empresario-pode-ter-saido-do-brasil\/","url_meta":{"origin":81398,"position":4},"title":"Caso Nelson: suspeito da morte de empres\u00e1rio pode ter sa\u00eddo do Brasil","author":"noticiasribeiraopreto.com.br","date":"13 de June de 2025","format":false,"excerpt":"A Pol\u00edcia Civil investiga a possibilidade de Marlon Couto, principal suspeito de envolvimento na morte do empres\u00e1rio Nelson Carreira, ter deixado o Brasil ap\u00f3s o crime. A informa\u00e7\u00e3o consta no depoimento de Felipe Miranda, de 31 anos, prestado no \u00faltimo dia 9 de junho na delegacia de Santa Rosa de\u2026","rel":"","context":"In &quot;Not\u00edcias de Ribeir\u00e3o Preto-SP e Regi\u00e3o&quot;","block_context":{"text":"Not\u00edcias de Ribeir\u00e3o Preto-SP e Regi\u00e3o","link":"https:\/\/noticiasribeiraopreto.com.br\/index.php\/category\/noticias-de-ribeirao-preto-sp-e-regiao-ismael-colosi\/"},"img":{"alt_text":"","src":"https:\/\/i0.wp.com\/noticiasribeiraopreto.com.br\/wp-content\/uploads\/2025\/06\/MARLON-COUTO_2025-05-28_16-15-29.webp.webp?fit=1143%2C824&ssl=1&resize=350%2C200","width":350,"height":200,"srcset":"https:\/\/i0.wp.com\/noticiasribeiraopreto.com.br\/wp-content\/uploads\/2025\/06\/MARLON-COUTO_2025-05-28_16-15-29.webp.webp?fit=1143%2C824&ssl=1&resize=350%2C200 1x, https:\/\/i0.wp.com\/noticiasribeiraopreto.com.br\/wp-content\/uploads\/2025\/06\/MARLON-COUTO_2025-05-28_16-15-29.webp.webp?fit=1143%2C824&ssl=1&resize=525%2C300 1.5x, https:\/\/i0.wp.com\/noticiasribeiraopreto.com.br\/wp-content\/uploads\/2025\/06\/MARLON-COUTO_2025-05-28_16-15-29.webp.webp?fit=1143%2C824&ssl=1&resize=700%2C400 2x, https:\/\/i0.wp.com\/noticiasribeiraopreto.com.br\/wp-content\/uploads\/2025\/06\/MARLON-COUTO_2025-05-28_16-15-29.webp.webp?fit=1143%2C824&ssl=1&resize=1050%2C600 3x"},"classes":[]},{"id":81394,"url":"https:\/\/noticiasribeiraopreto.com.br\/index.php\/2026\/01\/04\/cachorro-morre-ao-se-assustar-com-fogos-de-artificio-e-tentar-fugir-de-casa-na-virada-do-ano\/","url_meta":{"origin":81398,"position":5},"title":"Cachorro morre ao se assustar com fogos de artif\u00edcio e tentar fugir de casa na virada do ano","author":"noticiasribeiraopreto.com.br","date":"4 de January de 2026","format":false,"excerpt":"Um cachorro da ra\u00e7a husky siberiano morreu na \u00faltima quinta-feira (1\u00ba), ap\u00f3s se ferir ao se assustar com fogos de artif\u00edcio da virada do ano, em Gua\u00edra, a 120 quil\u00f4metros de Ribeir\u00e3o Preto. O empres\u00e1rio Leandro Marinaldo Lelis, tutor do animal, relatou que o c\u00e3o Tony, de 3 anos, ficou\u2026","rel":"","context":"In &quot;Not\u00edcias de Ribeir\u00e3o Preto-SP e Regi\u00e3o&quot;","block_context":{"text":"Not\u00edcias de Ribeir\u00e3o Preto-SP e Regi\u00e3o","link":"https:\/\/noticiasribeiraopreto.com.br\/index.php\/category\/noticias-de-ribeirao-preto-sp-e-regiao-ismael-colosi\/"},"img":{"alt_text":"","src":"https:\/\/i0.wp.com\/noticiasribeiraopreto.com.br\/wp-content\/uploads\/2026\/01\/WhatsApp-Image-2026-01-03-at-13.21.16_2026-01-03_16-30-47.webp.webp?fit=1200%2C675&ssl=1&resize=350%2C200","width":350,"height":200,"srcset":"https:\/\/i0.wp.com\/noticiasribeiraopreto.com.br\/wp-content\/uploads\/2026\/01\/WhatsApp-Image-2026-01-03-at-13.21.16_2026-01-03_16-30-47.webp.webp?fit=1200%2C675&ssl=1&resize=350%2C200 1x, https:\/\/i0.wp.com\/noticiasribeiraopreto.com.br\/wp-content\/uploads\/2026\/01\/WhatsApp-Image-2026-01-03-at-13.21.16_2026-01-03_16-30-47.webp.webp?fit=1200%2C675&ssl=1&resize=525%2C300 1.5x, https:\/\/i0.wp.com\/noticiasribeiraopreto.com.br\/wp-content\/uploads\/2026\/01\/WhatsApp-Image-2026-01-03-at-13.21.16_2026-01-03_16-30-47.webp.webp?fit=1200%2C675&ssl=1&resize=700%2C400 2x, https:\/\/i0.wp.com\/noticiasribeiraopreto.com.br\/wp-content\/uploads\/2026\/01\/WhatsApp-Image-2026-01-03-at-13.21.16_2026-01-03_16-30-47.webp.webp?fit=1200%2C675&ssl=1&resize=1050%2C600 3x"},"classes":[]}],"jetpack_sharing_enabled":true,"jetpack_shortlink":"https:\/\/wp.me\/peQAOb-laS","_links":{"self":[{"href":"https:\/\/noticiasribeiraopreto.com.br\/index.php\/wp-json\/wp\/v2\/posts\/81398","targetHints":{"allow":["GET"]}}],"collection":[{"href":"https:\/\/noticiasribeiraopreto.com.br\/index.php\/wp-json\/wp\/v2\/posts"}],"about":[{"href":"https:\/\/noticiasribeiraopreto.com.br\/index.php\/wp-json\/wp\/v2\/types\/post"}],"author":[{"embeddable":true,"href":"https:\/\/noticiasribeiraopreto.com.br\/index.php\/wp-json\/wp\/v2\/users\/1"}],"replies":[{"embeddable":true,"href":"https:\/\/noticiasribeiraopreto.com.br\/index.php\/wp-json\/wp\/v2\/comments?post=81398"}],"version-history":[{"count":0,"href":"https:\/\/noticiasribeiraopreto.com.br\/index.php\/wp-json\/wp\/v2\/posts\/81398\/revisions"}],"wp:featuredmedia":[{"embeddable":true,"href":"https:\/\/noticiasribeiraopreto.com.br\/index.php\/wp-json\/wp\/v2\/media\/81399"}],"wp:attachment":[{"href":"https:\/\/noticiasribeiraopreto.com.br\/index.php\/wp-json\/wp\/v2\/media?parent=81398"}],"wp:term":[{"taxonomy":"category","embeddable":true,"href":"https:\/\/noticiasribeiraopreto.com.br\/index.php\/wp-json\/wp\/v2\/categories?post=81398"},{"taxonomy":"post_tag","embeddable":true,"href":"https:\/\/noticiasribeiraopreto.com.br\/index.php\/wp-json\/wp\/v2\/tags?post=81398"}],"curies":[{"name":"wp","href":"https:\/\/api.w.org\/{rel}","templated":true}]}}