{"id":81400,"date":"2026-01-05T07:02:52","date_gmt":"2026-01-05T10:02:52","guid":{"rendered":"https:\/\/noticiasribeiraopreto.com.br\/index.php\/2026\/01\/05\/pancadas-de-chuva-podem-atingir-ribeirao-preto-nesta-segunda-feira-veja-previsao\/"},"modified":"2026-01-05T07:02:52","modified_gmt":"2026-01-05T10:02:52","slug":"pancadas-de-chuva-podem-atingir-ribeirao-preto-nesta-segunda-feira-veja-previsao","status":"publish","type":"post","link":"https:\/\/noticiasribeiraopreto.com.br\/index.php\/2026\/01\/05\/pancadas-de-chuva-podem-atingir-ribeirao-preto-nesta-segunda-feira-veja-previsao\/","title":{"rendered":"Pancadas de chuva podem atingir Ribeir\u00e3o Preto nesta segunda-feira; Veja previs\u00e3o"},"content":{"rendered":"<div class='code-block code-block-1' style='margin: 8px 0 8px auto; text-align: right; display: block; clear: both;'>\n<p><a href=\"https:\/\/wa.link\/vpicfd\"><img data-recalc-dims=\"1\" class=\"wp-image-4922\" style=\"aspect-ratio: 2.0253164556962027; width: 561px; height: auto;\" src=\"https:\/\/i0.wp.com\/ismaelcolosi.com.br\/wp-content\/uploads\/2023\/11\/grupo-de-empregos-whatsapp-e-facebook-ismael-colosi-vagas.jpg?ssl=1\" alt=\"\" \/><\/a><\/p>\n<!-- \/wp:image -->\n<\/div>\n<p> <br \/>\n<\/p>\n<p><strong>Ribeir\u00e3o Preto tem previs\u00e3o de pancadas de chuva nesta segunda-feira (5).<\/strong><\/p>\n<p>Segundo a <a href=\"https:\/\/www.climatempo.com.br\/\" data-type=\"link\" data-id=\"https:\/\/www.climatempo.com.br\/\" target=\"_blank\" rel=\"noopener\">Climatempo<\/a>, <mark style=\"background-color:#fcb900\" class=\"has-inline-color has-black-color\">o sol aparece entre nuvens e a sensa\u00e7\u00e3o deve ser de calor e abafamento ao longo do dia, apesar das temperaturas um pouco mais amenas pela manh\u00e3.<\/mark><\/p>\n<p>Ainda conforme a meteorologia, a chuva est\u00e1 prevista isolada e \u00e9 baixo o risco para temporais.<\/p>\n<\/p>\n<p>O post Pancadas de chuva podem atingir Ribeir\u00e3o Preto nesta segunda-feira; Veja previs\u00e3o apareceu primeiro em ACidade ON Ribeir\u00e3o Preto.<\/p>\n<p><br \/>\n<br \/><a href=\"https:\/\/www.acidadeon.com\/ribeiraopreto\/cotidiano\/pancadas-de-chuva-podem-atingir-ribeirao-preto-nesta-segunda-feira-veja-previsao\/\">Source link <\/a><\/p>\n<!-- CONTENT END 1 -->\n","protected":false},"excerpt":{"rendered":"<p>Ribeir\u00e3o Preto tem previs\u00e3o de pancadas de chuva nesta segunda-feira (5). Segundo a Climatempo, o sol aparece entre nuvens e a sensa\u00e7\u00e3o deve ser de&#8230;<\/p>\n","protected":false},"author":1,"featured_media":73223,"comment_status":"open","ping_status":"open","sticky":false,"template":"","format":"standard","meta":{"advanced_seo_description":"","jetpack_seo_html_title":"","jetpack_seo_noindex":false,"jetpack_post_was_ever_published":false,"_jetpack_newsletter_access":"","_jetpack_dont_email_post_to_subs":false,"_jetpack_newsletter_tier_id":0,"_jetpack_memberships_contains_paywalled_content":false,"_jetpack_memberships_contains_paid_content":false,"footnotes":"","jetpack_publicize_message":"","jetpack_publicize_feature_enabled":true,"jetpack_social_post_already_shared":true,"jetpack_social_options":{"image_generator_settings":{"template":"highway","default_image_id":0,"font":"","enabled":false},"version":2}},"categories":[11],"tags":[],"class_list":["post-81400","post","type-post","status-publish","format-standard","has-post-thumbnail","hentry","category-noticias-de-ribeirao-preto-sp-e-regiao-ismael-colosi"],"jetpack_publicize_connections":[],"jetpack_featured_media_url":"https:\/\/i0.wp.com\/noticiasribeiraopreto.com.br\/wp-content\/uploads\/2025\/06\/WhatsApp-Image-2025-06-27-at-07.57.23_2025-06-27_10-59-33.webp.webp?fit=1200%2C553&ssl=1","jetpack-related-posts":[{"id":77915,"url":"https:\/\/noticiasribeiraopreto.com.br\/index.php\/2025\/09\/28\/chuvas-intensas-podem-atingir-parte-do-estado-de-sp-nesta-semana-veja-onde\/","url_meta":{"origin":81400,"position":0},"title":"Chuvas intensas podem atingir parte do estado de SP nesta semana; Veja onde","author":"noticiasribeiraopreto.com.br","date":"28 de September de 2025","format":false,"excerpt":"A meteorologia aponta a previs\u00e3o de instabilidades nos \u00faltimos dias de setembro, com potencial para chuvas intensas em parte do estado de S\u00e3o Paulo. Segundo a Meteored, uma frente fria se afasta para o oceano e perde intensidade sobre o centro-sul do pa\u00eds nesta segunda-feira (29). Contudo, uma regi\u00e3o inst\u00e1vel,\u2026","rel":"","context":"In &quot;Not\u00edcias de Ribeir\u00e3o Preto-SP e Regi\u00e3o&quot;","block_context":{"text":"Not\u00edcias de Ribeir\u00e3o Preto-SP e Regi\u00e3o","link":"https:\/\/noticiasribeiraopreto.com.br\/index.php\/category\/noticias-de-ribeirao-preto-sp-e-regiao-ismael-colosi\/"},"img":{"alt_text":"","src":"https:\/\/i0.wp.com\/noticiasribeiraopreto.com.br\/wp-content\/uploads\/2025\/08\/WhatsApp-Image-2025-05-09-at-08.55.28-1_2025-05-09_11-57-21.webp.webp?fit=1200%2C540&ssl=1&resize=350%2C200","width":350,"height":200,"srcset":"https:\/\/i0.wp.com\/noticiasribeiraopreto.com.br\/wp-content\/uploads\/2025\/08\/WhatsApp-Image-2025-05-09-at-08.55.28-1_2025-05-09_11-57-21.webp.webp?fit=1200%2C540&ssl=1&resize=350%2C200 1x, https:\/\/i0.wp.com\/noticiasribeiraopreto.com.br\/wp-content\/uploads\/2025\/08\/WhatsApp-Image-2025-05-09-at-08.55.28-1_2025-05-09_11-57-21.webp.webp?fit=1200%2C540&ssl=1&resize=525%2C300 1.5x, https:\/\/i0.wp.com\/noticiasribeiraopreto.com.br\/wp-content\/uploads\/2025\/08\/WhatsApp-Image-2025-05-09-at-08.55.28-1_2025-05-09_11-57-21.webp.webp?fit=1200%2C540&ssl=1&resize=700%2C400 2x, https:\/\/i0.wp.com\/noticiasribeiraopreto.com.br\/wp-content\/uploads\/2025\/08\/WhatsApp-Image-2025-05-09-at-08.55.28-1_2025-05-09_11-57-21.webp.webp?fit=1200%2C540&ssl=1&resize=1050%2C600 3x"},"classes":[]},{"id":79870,"url":"https:\/\/noticiasribeiraopreto.com.br\/index.php\/2025\/11\/10\/ribeirao-preto-registra-minima-de-13c-nesta-segunda-feira-veja-previsao-para-semana\/","url_meta":{"origin":81400,"position":1},"title":"Ribeir\u00e3o Preto registra m\u00ednima de 13\u00b0C nesta segunda-feira; Veja previs\u00e3o para semana","author":"noticiasribeiraopreto.com.br","date":"10 de November de 2025","format":false,"excerpt":"Ribeir\u00e3o Preto registrou m\u00ednima de 13,9\u00b0C \u00e0s 5h desta segunda-feira (10), de acordo com o Ciiagro (Centro Integrado de Informa\u00e7\u00f5es Agrometeorol\u00f3gicas). Segundo a Climatempo, a massa de ar polar que chegou na retaguarda da frente fria durante o fim semana deixa a temperatura mais amena. Ainda conforme a meteorologia, a\u2026","rel":"","context":"In &quot;Not\u00edcias de Ribeir\u00e3o Preto-SP e Regi\u00e3o&quot;","block_context":{"text":"Not\u00edcias de Ribeir\u00e3o Preto-SP e Regi\u00e3o","link":"https:\/\/noticiasribeiraopreto.com.br\/index.php\/category\/noticias-de-ribeirao-preto-sp-e-regiao-ismael-colosi\/"},"img":{"alt_text":"","src":"https:\/\/i0.wp.com\/noticiasribeiraopreto.com.br\/wp-content\/uploads\/2025\/11\/WhatsApp-Image-2025-10-21-at-06.51.40_2025-10-21_10-00-03.webp.webp?fit=1200%2C900&ssl=1&resize=350%2C200","width":350,"height":200,"srcset":"https:\/\/i0.wp.com\/noticiasribeiraopreto.com.br\/wp-content\/uploads\/2025\/11\/WhatsApp-Image-2025-10-21-at-06.51.40_2025-10-21_10-00-03.webp.webp?fit=1200%2C900&ssl=1&resize=350%2C200 1x, https:\/\/i0.wp.com\/noticiasribeiraopreto.com.br\/wp-content\/uploads\/2025\/11\/WhatsApp-Image-2025-10-21-at-06.51.40_2025-10-21_10-00-03.webp.webp?fit=1200%2C900&ssl=1&resize=525%2C300 1.5x, https:\/\/i0.wp.com\/noticiasribeiraopreto.com.br\/wp-content\/uploads\/2025\/11\/WhatsApp-Image-2025-10-21-at-06.51.40_2025-10-21_10-00-03.webp.webp?fit=1200%2C900&ssl=1&resize=700%2C400 2x, https:\/\/i0.wp.com\/noticiasribeiraopreto.com.br\/wp-content\/uploads\/2025\/11\/WhatsApp-Image-2025-10-21-at-06.51.40_2025-10-21_10-00-03.webp.webp?fit=1200%2C900&ssl=1&resize=1050%2C600 3x"},"classes":[]},{"id":28014,"url":"https:\/\/noticiasribeiraopreto.com.br\/index.php\/2024\/01\/14\/vem-chuva-veja-a-previsao-do-tempo-para-este-domingo-em-ribeirao-preto\/","url_meta":{"origin":81400,"position":2},"title":"Vem chuva? Veja a previs\u00e3o do tempo para este domingo em Ribeir\u00e3o Preto","author":"noticiasribeiraopreto.com.br","date":"14 de January de 2024","format":false,"excerpt":"Ribeir\u00e3o Preto amanheceu sob muitas nuvens neste domingo (14). A passagem de uma frente fria pelo litoral de S\u00e3o Paulo e do Rio de Janeiro, aumentam as chances de temporais em todo o estado de SP. Na cidade, de acordo com a Climatempo, o domingo ser\u00e1 de sol com muitas\u2026","rel":"","context":"In &quot;Not\u00edcias de Ribeir\u00e3o Preto-SP e Regi\u00e3o&quot;","block_context":{"text":"Not\u00edcias de Ribeir\u00e3o Preto-SP e Regi\u00e3o","link":"https:\/\/noticiasribeiraopreto.com.br\/index.php\/category\/noticias-de-ribeirao-preto-sp-e-regiao-ismael-colosi\/"},"img":{"alt_text":"","src":"https:\/\/i0.wp.com\/noticiasribeiraopreto.com.br\/wp-content\/uploads\/2024\/01\/WhatsApp-Image-2024-01-14-at-10.08.20.jpeg?fit=1200%2C900&ssl=1&resize=350%2C200","width":350,"height":200,"srcset":"https:\/\/i0.wp.com\/noticiasribeiraopreto.com.br\/wp-content\/uploads\/2024\/01\/WhatsApp-Image-2024-01-14-at-10.08.20.jpeg?fit=1200%2C900&ssl=1&resize=350%2C200 1x, https:\/\/i0.wp.com\/noticiasribeiraopreto.com.br\/wp-content\/uploads\/2024\/01\/WhatsApp-Image-2024-01-14-at-10.08.20.jpeg?fit=1200%2C900&ssl=1&resize=525%2C300 1.5x, https:\/\/i0.wp.com\/noticiasribeiraopreto.com.br\/wp-content\/uploads\/2024\/01\/WhatsApp-Image-2024-01-14-at-10.08.20.jpeg?fit=1200%2C900&ssl=1&resize=700%2C400 2x, https:\/\/i0.wp.com\/noticiasribeiraopreto.com.br\/wp-content\/uploads\/2024\/01\/WhatsApp-Image-2024-01-14-at-10.08.20.jpeg?fit=1200%2C900&ssl=1&resize=1050%2C600 3x"},"classes":[]},{"id":62607,"url":"https:\/\/noticiasribeiraopreto.com.br\/index.php\/2025\/01\/19\/como-fica-o-tempo-em-ribeirao-preto-neste-domingo-veja-previsao\/","url_meta":{"origin":81400,"position":3},"title":"Como fica o tempo em Ribeir\u00e3o Preto neste domingo? Veja previs\u00e3o","author":"noticiasribeiraopreto.com.br","date":"19 de January de 2025","format":false,"excerpt":"O domingo (19) come\u00e7ou com sol e nuvens em Ribeir\u00e3o Preto. De acordo com a Climatempo, os term\u00f4metros devem atingir os 31\u00baC durante o dia e a m\u00ednima fica na casa dos 21\u00baC. H\u00e1 previs\u00e3o para chuva r\u00e1pida durante o dia e \u00e0 noite. Conforme os meteorologistas, o acumulado previsto\u2026","rel":"","context":"In &quot;Not\u00edcias de Ribeir\u00e3o Preto-SP e Regi\u00e3o&quot;","block_context":{"text":"Not\u00edcias de Ribeir\u00e3o Preto-SP e Regi\u00e3o","link":"https:\/\/noticiasribeiraopreto.com.br\/index.php\/category\/noticias-de-ribeirao-preto-sp-e-regiao-ismael-colosi\/"},"img":{"alt_text":"","src":"https:\/\/i0.wp.com\/noticiasribeiraopreto.com.br\/wp-content\/uploads\/2025\/01\/veja_a_1200x675_13022022151246.jpg?fit=1200%2C675&ssl=1&resize=350%2C200","width":350,"height":200,"srcset":"https:\/\/i0.wp.com\/noticiasribeiraopreto.com.br\/wp-content\/uploads\/2025\/01\/veja_a_1200x675_13022022151246.jpg?fit=1200%2C675&ssl=1&resize=350%2C200 1x, https:\/\/i0.wp.com\/noticiasribeiraopreto.com.br\/wp-content\/uploads\/2025\/01\/veja_a_1200x675_13022022151246.jpg?fit=1200%2C675&ssl=1&resize=525%2C300 1.5x, https:\/\/i0.wp.com\/noticiasribeiraopreto.com.br\/wp-content\/uploads\/2025\/01\/veja_a_1200x675_13022022151246.jpg?fit=1200%2C675&ssl=1&resize=700%2C400 2x, https:\/\/i0.wp.com\/noticiasribeiraopreto.com.br\/wp-content\/uploads\/2025\/01\/veja_a_1200x675_13022022151246.jpg?fit=1200%2C675&ssl=1&resize=1050%2C600 3x"},"classes":[]},{"id":60283,"url":"https:\/\/noticiasribeiraopreto.com.br\/index.php\/2024\/11\/10\/calorao-vai-voltar-veja-a-previsao-para-ribeirao-preto\/","url_meta":{"origin":81400,"position":4},"title":"Calor\u00e3o vai voltar? Veja a previs\u00e3o para Ribeir\u00e3o Preto","author":"noticiasribeiraopreto.com.br","date":"10 de November de 2024","format":false,"excerpt":"Ribeir\u00e3o Preto ter\u00e1 um domingo (10) de sol com muitas nuvens durante o dia e per\u00edodos de c\u00e9u nublado, de acordo com os meteorologistas. At\u00e9 o momento, o monitoramento da Cetesb (Companhia Ambiental do Estado de S\u00e3o Paulo) indica que a menor temperatura registrada hoje foi de 19,4\u00baC, \u00e0s 6h.\u2026","rel":"","context":"In &quot;Not\u00edcias de Ribeir\u00e3o Preto-SP e Regi\u00e3o&quot;","block_context":{"text":"Not\u00edcias de Ribeir\u00e3o Preto-SP e Regi\u00e3o","link":"https:\/\/noticiasribeiraopreto.com.br\/index.php\/category\/noticias-de-ribeirao-preto-sp-e-regiao-ismael-colosi\/"},"img":{"alt_text":"","src":"https:\/\/i0.wp.com\/noticiasribeiraopreto.com.br\/wp-content\/uploads\/2024\/11\/praca_xv_1200x675_20092021155111.jpg?fit=1200%2C675&ssl=1&resize=350%2C200","width":350,"height":200,"srcset":"https:\/\/i0.wp.com\/noticiasribeiraopreto.com.br\/wp-content\/uploads\/2024\/11\/praca_xv_1200x675_20092021155111.jpg?fit=1200%2C675&ssl=1&resize=350%2C200 1x, https:\/\/i0.wp.com\/noticiasribeiraopreto.com.br\/wp-content\/uploads\/2024\/11\/praca_xv_1200x675_20092021155111.jpg?fit=1200%2C675&ssl=1&resize=525%2C300 1.5x, https:\/\/i0.wp.com\/noticiasribeiraopreto.com.br\/wp-content\/uploads\/2024\/11\/praca_xv_1200x675_20092021155111.jpg?fit=1200%2C675&ssl=1&resize=700%2C400 2x, https:\/\/i0.wp.com\/noticiasribeiraopreto.com.br\/wp-content\/uploads\/2024\/11\/praca_xv_1200x675_20092021155111.jpg?fit=1200%2C675&ssl=1&resize=1050%2C600 3x"},"classes":[]},{"id":81664,"url":"https:\/\/noticiasribeiraopreto.com.br\/index.php\/2026\/01\/13\/chuva-de-granizo-e-registrada-na-regiao-de-ribeirao-preto\/","url_meta":{"origin":81400,"position":5},"title":"Chuva de granizo \u00e9 registrada na regi\u00e3o de Ribeir\u00e3o Preto","author":"noticiasribeiraopreto.com.br","date":"13 de January de 2026","format":false,"excerpt":"Franca, na regi\u00e3o de Ribeir\u00e3o Preto, registrou chuva de granizo na tarde desta segunda-feira (12). O fen\u00f4meno ocorreu durante uma pancada de chuva e foi registrado por moradores. Veja v\u00eddeo: Franca, na regi\u00e3o de Ribeir\u00e3o Preto, registrou chuva de granizo na tarde desta segunda-feira (12). O fen\u00f4meno ocorreu durante uma\u2026","rel":"","context":"In &quot;Not\u00edcias de Ribeir\u00e3o Preto-SP e Regi\u00e3o&quot;","block_context":{"text":"Not\u00edcias de Ribeir\u00e3o Preto-SP e Regi\u00e3o","link":"https:\/\/noticiasribeiraopreto.com.br\/index.php\/category\/noticias-de-ribeirao-preto-sp-e-regiao-ismael-colosi\/"},"img":{"alt_text":"","src":"https:\/\/i0.wp.com\/noticiasribeiraopreto.com.br\/wp-content\/uploads\/2026\/01\/image_2026-01-12_19-53-01.webp.webp?fit=1200%2C675&ssl=1&resize=350%2C200","width":350,"height":200,"srcset":"https:\/\/i0.wp.com\/noticiasribeiraopreto.com.br\/wp-content\/uploads\/2026\/01\/image_2026-01-12_19-53-01.webp.webp?fit=1200%2C675&ssl=1&resize=350%2C200 1x, https:\/\/i0.wp.com\/noticiasribeiraopreto.com.br\/wp-content\/uploads\/2026\/01\/image_2026-01-12_19-53-01.webp.webp?fit=1200%2C675&ssl=1&resize=525%2C300 1.5x, https:\/\/i0.wp.com\/noticiasribeiraopreto.com.br\/wp-content\/uploads\/2026\/01\/image_2026-01-12_19-53-01.webp.webp?fit=1200%2C675&ssl=1&resize=700%2C400 2x, https:\/\/i0.wp.com\/noticiasribeiraopreto.com.br\/wp-content\/uploads\/2026\/01\/image_2026-01-12_19-53-01.webp.webp?fit=1200%2C675&ssl=1&resize=1050%2C600 3x"},"classes":[]}],"jetpack_sharing_enabled":true,"jetpack_shortlink":"https:\/\/wp.me\/peQAOb-laU","_links":{"self":[{"href":"https:\/\/noticiasribeiraopreto.com.br\/index.php\/wp-json\/wp\/v2\/posts\/81400","targetHints":{"allow":["GET"]}}],"collection":[{"href":"https:\/\/noticiasribeiraopreto.com.br\/index.php\/wp-json\/wp\/v2\/posts"}],"about":[{"href":"https:\/\/noticiasribeiraopreto.com.br\/index.php\/wp-json\/wp\/v2\/types\/post"}],"author":[{"embeddable":true,"href":"https:\/\/noticiasribeiraopreto.com.br\/index.php\/wp-json\/wp\/v2\/users\/1"}],"replies":[{"embeddable":true,"href":"https:\/\/noticiasribeiraopreto.com.br\/index.php\/wp-json\/wp\/v2\/comments?post=81400"}],"version-history":[{"count":0,"href":"https:\/\/noticiasribeiraopreto.com.br\/index.php\/wp-json\/wp\/v2\/posts\/81400\/revisions"}],"wp:featuredmedia":[{"embeddable":true,"href":"https:\/\/noticiasribeiraopreto.com.br\/index.php\/wp-json\/wp\/v2\/media\/73223"}],"wp:attachment":[{"href":"https:\/\/noticiasribeiraopreto.com.br\/index.php\/wp-json\/wp\/v2\/media?parent=81400"}],"wp:term":[{"taxonomy":"category","embeddable":true,"href":"https:\/\/noticiasribeiraopreto.com.br\/index.php\/wp-json\/wp\/v2\/categories?post=81400"},{"taxonomy":"post_tag","embeddable":true,"href":"https:\/\/noticiasribeiraopreto.com.br\/index.php\/wp-json\/wp\/v2\/tags?post=81400"}],"curies":[{"name":"wp","href":"https:\/\/api.w.org\/{rel}","templated":true}]}}