{"id":81401,"date":"2026-01-05T07:10:05","date_gmt":"2026-01-05T10:10:05","guid":{"rendered":"https:\/\/noticiasribeiraopreto.com.br\/index.php\/2026\/01\/05\/menino-que-caiu-do-10o-andar-em-ribeirao-preto-deixa-cti-e-segue-para-quarto-diz-familia\/"},"modified":"2026-01-05T07:10:05","modified_gmt":"2026-01-05T10:10:05","slug":"menino-que-caiu-do-10o-andar-em-ribeirao-preto-deixa-cti-e-segue-para-quarto-diz-familia","status":"publish","type":"post","link":"https:\/\/noticiasribeiraopreto.com.br\/index.php\/2026\/01\/05\/menino-que-caiu-do-10o-andar-em-ribeirao-preto-deixa-cti-e-segue-para-quarto-diz-familia\/","title":{"rendered":"Menino que caiu do 10\u00ba andar em Ribeir\u00e3o Preto deixa CTI e segue para quarto, diz fam\u00edlia"},"content":{"rendered":"<div class='code-block code-block-1' style='margin: 8px 0 8px auto; text-align: right; display: block; clear: both;'>\n<p><a href=\"https:\/\/wa.link\/vpicfd\"><img data-recalc-dims=\"1\" class=\"wp-image-4922\" style=\"aspect-ratio: 2.0253164556962027; width: 561px; height: auto;\" src=\"https:\/\/i0.wp.com\/ismaelcolosi.com.br\/wp-content\/uploads\/2023\/11\/grupo-de-empregos-whatsapp-e-facebook-ismael-colosi-vagas.jpg?ssl=1\" alt=\"\" \/><\/a><\/p>\n<!-- \/wp:image -->\n<\/div>\n<p> <br \/>\n<\/p>\n<div>\n<p>O menino <strong>Brenno Fernandes Girdziauckas<\/strong>, de 4 anos, que sobreviveu \u00e0 queda do 10\u00ba andar de um pr\u00e9dio no Centro de Ribeir\u00e3o Preto, <strong>deixou o Centro de Terapia Intensiva (CTI)<\/strong> do Hospital das Cl\u00ednicas e <strong>foi transferido para o quarto<\/strong>, conforme informou a fam\u00edlia nas redes sociais neste domingo (4).<\/p>\n<h3 class=\"wp-block-heading\"><strong>Evolu\u00e7\u00e3o do quadro m\u00e9dico<\/strong><\/h3>\n<p>Desde a interna\u00e7\u00e3o, no fim de dezembro, Brenno apresenta <strong>melhora constante em seu estado de sa\u00fade<\/strong>. O menino passou por cirurgias devido ao <strong>politraumatismo causado pela queda<\/strong>, incluindo fraturas nos dois f\u00eamures e em um dos p\u00e9s. Nos \u00faltimos dias, a equipe m\u00e9dica <strong>retirou a seda\u00e7\u00e3o, desintubou a crian\u00e7a e ela voltou a respirar por conta pr\u00f3pria<\/strong>, sem depender de bolsas de sangue.<\/p>\n<p>Nas redes sociais, a irm\u00e3 de Brenno comemorou a recupera\u00e7\u00e3o: <\/p>\n<figure class=\"wp-block-pullquote\">\n<blockquote>\n<p>O anjinho da tat\u00e1 j\u00e1 est\u00e1 no quarto! Obrigada por todas as ora\u00e7\u00f5es! Continuem orando<\/p>\n<p><cite>celebrou<\/cite><\/p><\/blockquote>\n<\/figure>\n<h3 class=\"wp-block-heading\"><strong>Circunst\u00e2ncias do acidente<\/strong><\/h3>\n<p>O <strong>acidente ocorreu no dia 27 de dezembro<\/strong>, por volta das 15h30, quando Brenno, <strong>autista n\u00e3o verbal<\/strong>, teve acesso \u00e0 janela do banheiro do apartamento. Segundo relatos da m\u00e3e, que \u00e9 psic\u00f3loga, ela e o marido estavam pr\u00f3ximos ao quarto quando ouviram um barulho e perceberam que o menino havia desaparecido do c\u00f4modo.<\/p>\n<div class=\"wp-block-image\">\n<figure class=\"aligncenter size-full\"><img data-recalc-dims=\"1\" fetchpriority=\"high\" decoding=\"async\" width=\"984\" height=\"616\" src=\"https:\/\/i0.wp.com\/cdn.media-acidadeon.com.br\/ribeiraopreto\/wp-content\/uploads\/sites\/3\/2026\/01\/image_2026-01-04_20-09-29.webp?resize=984%2C616&#038;ssl=1\" alt=\"image 2026 01 04 20 09 29\" class=\"wp-image-141069\" title=\"Menino que caiu do 10\u00ba andar em Ribeir\u00e3o Preto deixa CTI e segue para quarto, diz fam\u00edlia 1\" srcset=\"https:\/\/cdn.media-acidadeon.com.br\/ribeiraopreto\/wp-content\/uploads\/sites\/3\/2026\/01\/image_2026-01-04_20-09-29.webp 984w, https:\/\/cdn.media-acidadeon.com.br\/ribeiraopreto\/wp-content\/uploads\/sites\/3\/2026\/01\/image_2026-01-04_20-09-29-300x188.webp 300w, https:\/\/cdn.media-acidadeon.com.br\/ribeiraopreto\/wp-content\/uploads\/sites\/3\/2026\/01\/image_2026-01-04_20-09-29-768x481.webp 768w, https:\/\/cdn.media-acidadeon.com.br\/ribeiraopreto\/wp-content\/uploads\/sites\/3\/2026\/01\/image_2026-01-04_20-09-29-696x436.webp 696w\" sizes=\"(max-width: 984px) 100vw, 984px\"\/><\/figure>\n<\/div>\n<p>A m\u00e3e correu at\u00e9 o t\u00e9rreo e encontrou a crian\u00e7a consciente, <strong>mas com graves les\u00f5es nas pernas<\/strong>. A irm\u00e3 acionou o Servi\u00e7o de Atendimento M\u00f3vel de Urg\u00eancia (Samu), que realizou os primeiros socorros e encaminhou Brenno \u00e0 Unidade de Emerg\u00eancia do Hospital das Cl\u00ednicas, localizada pr\u00f3xima ao pr\u00e9dio.<\/p>\n<p>De acordo com a pol\u00edcia, Brenno pode ter tido a queda <strong>amortecida por uma janela de vidro no 8\u00ba andar e por um corrim\u00e3o<\/strong> antes de atingir o solo.<\/p>\n<hr class=\"wp-block-separator has-alpha-channel-opacity\"\/>\n<p>SAIBA MAIS<\/p>\n<p>Veja o que se sabe sobre o caso do atropelamento de m\u00e3e e filho em Ribeir\u00e3o Preto<\/p>\n<h2 class=\"wp-block-heading\"><strong>FIQUE ON<\/strong><\/h2>\n<p>Fique ligado em tudo que acontece em Ribeir\u00e3o Preto e regi\u00e3o. Siga os perfis do\u00a0<strong>acidade on<\/strong>\u00a0no<a href=\"https:\/\/www.instagram.com\/acidadeonribeirao\" target=\"_blank\" rel=\"noreferrer noopener\">\u00a0Instagram\u00a0<\/a>e no\u00a0<a href=\"https:\/\/www.facebook.com\/acidadeonribeirao\/\" target=\"_blank\" rel=\"noreferrer noopener\">Facebook<\/a>.<\/p>\n<p>Receba not\u00edcias do<strong>\u00a0acidade on<\/strong>\u00a0no WhatsApp. Para entrar no grupo,\u00a0basta\u00a0<a href=\"https:\/\/chat.whatsapp.com\/I4nieTEMKlf50pJ28aMemC?mode=ac_t\" target=\"_blank\" rel=\"noreferrer noopener\">clicar aqui<\/a>. Ou, acesse o nosso\u00a0Canal\u00a0<a href=\"https:\/\/whatsapp.com\/channel\/0029Vb6IQl1JENyAeS57fk2p\" target=\"_blank\" rel=\"noreferrer noopener\">clicando aqui<\/a>.<\/p>\n<p>Fa\u00e7a uma den\u00fancia ou sugira uma reportagem sobre Ribeir\u00e3o Preto e regi\u00e3o pelo WhatsApp: 16 99117 7802.<\/p>\n<p>VEJA TAMB\u00c9M<\/p>\n<p>Por que Danielle saiu do NewJeans?<\/p>\n<p><!-- AI CONTENT END 1 -->\n<\/div>\n<p><script async src=\"\/\/www.instagram.com\/embed.js\"><\/script><br \/>\n<br \/><br \/>\n<br \/><a href=\"https:\/\/www.acidadeon.com\/ribeiraopreto\/cotidiano\/menino-que-caiu-do-10o-andar-em-ribeirao-preto-deixa-cti-e-segue-para-quarto-diz-familia\/\">Source link <\/a><\/p>\n<!-- CONTENT END 1 -->\n","protected":false},"excerpt":{"rendered":"<p>O menino Brenno Fernandes Girdziauckas, de 4 anos, que sobreviveu \u00e0 queda do 10\u00ba andar de um pr\u00e9dio no Centro de Ribeir\u00e3o Preto, deixou o&#8230;<\/p>\n","protected":false},"author":1,"featured_media":81354,"comment_status":"open","ping_status":"open","sticky":false,"template":"","format":"standard","meta":{"advanced_seo_description":"","jetpack_seo_html_title":"","jetpack_seo_noindex":false,"jetpack_post_was_ever_published":false,"_jetpack_newsletter_access":"","_jetpack_dont_email_post_to_subs":false,"_jetpack_newsletter_tier_id":0,"_jetpack_memberships_contains_paywalled_content":false,"_jetpack_memberships_contains_paid_content":false,"footnotes":"","jetpack_publicize_message":"","jetpack_publicize_feature_enabled":true,"jetpack_social_post_already_shared":true,"jetpack_social_options":{"image_generator_settings":{"template":"highway","default_image_id":0,"font":"","enabled":false},"version":2}},"categories":[11],"tags":[],"class_list":["post-81401","post","type-post","status-publish","format-standard","has-post-thumbnail","hentry","category-noticias-de-ribeirao-preto-sp-e-regiao-ismael-colosi"],"jetpack_publicize_connections":[],"jetpack_featured_media_url":"https:\/\/i0.wp.com\/noticiasribeiraopreto.com.br\/wp-content\/uploads\/2026\/01\/domingo-21_2026-01-02_21-57-24.webp.webp?fit=1200%2C675&ssl=1","jetpack-related-posts":[{"id":81415,"url":"https:\/\/noticiasribeiraopreto.com.br\/index.php\/2026\/01\/05\/menino-brenno-que-caiu-do-10o-andar-ja-esta-no-quarto-no-hc\/","url_meta":{"origin":81401,"position":0},"title":"Menino Brenno, que caiu do 10\u00ba andar, j\u00e1 est\u00e1 no quarto no HC","author":"noticiasribeiraopreto.com.br","date":"5 de January de 2026","format":false,"excerpt":"\r \r \r 5 de janeiro de 2026 08:30 \r Compartilhar0 A evolu\u00e7\u00e3o do quadro cl\u00ednico do menino Brenno Fernandes, de 4 anos, vem surpreendendo os m\u00e9dicos do Hospital das Cl\u00ednicas de Ribeir\u00e3o Preto. Ele sobreviveu \u00e0 queda de 10o andar de um pr\u00e9dio no Centro de Ribeir\u00e3o Preto e\u2026","rel":"","context":"In &quot;Not\u00edcias de Ribeir\u00e3o Preto-SP e Regi\u00e3o&quot;","block_context":{"text":"Not\u00edcias de Ribeir\u00e3o Preto-SP e Regi\u00e3o","link":"https:\/\/noticiasribeiraopreto.com.br\/index.php\/category\/noticias-de-ribeirao-preto-sp-e-regiao-ismael-colosi\/"},"img":{"alt_text":"","src":"https:\/\/i0.wp.com\/noticiasribeiraopreto.com.br\/wp-content\/uploads\/2025\/12\/crianca-.webp.webp?fit=1170%2C700&ssl=1&resize=350%2C200","width":350,"height":200,"srcset":"https:\/\/i0.wp.com\/noticiasribeiraopreto.com.br\/wp-content\/uploads\/2025\/12\/crianca-.webp.webp?fit=1170%2C700&ssl=1&resize=350%2C200 1x, https:\/\/i0.wp.com\/noticiasribeiraopreto.com.br\/wp-content\/uploads\/2025\/12\/crianca-.webp.webp?fit=1170%2C700&ssl=1&resize=525%2C300 1.5x, https:\/\/i0.wp.com\/noticiasribeiraopreto.com.br\/wp-content\/uploads\/2025\/12\/crianca-.webp.webp?fit=1170%2C700&ssl=1&resize=700%2C400 2x, https:\/\/i0.wp.com\/noticiasribeiraopreto.com.br\/wp-content\/uploads\/2025\/12\/crianca-.webp.webp?fit=1170%2C700&ssl=1&resize=1050%2C600 3x"},"classes":[]},{"id":81439,"url":"https:\/\/noticiasribeiraopreto.com.br\/index.php\/2026\/01\/06\/e-um-caso-extraordinario-diz-medico-sobre-menino-que-caiu-do-10o-andar-de-predio-em-ribeirao\/","url_meta":{"origin":81401,"position":1},"title":"\u2018\u00c9 um caso extraordin\u00e1rio\u2019, diz m\u00e9dico sobre menino que caiu do 10\u00ba andar de pr\u00e9dio em Ribeir\u00e3o","author":"noticiasribeiraopreto.com.br","date":"6 de January de 2026","format":false,"excerpt":"O caso do menino Brenno Fernandes Girdziauckas, de 4 anos, que sobreviveu \u00e0 queda do 10\u00ba andar de um pr\u00e9dio no Centro de Ribeir\u00e3o Preto, \u00e9 considerado \u201cextraordin\u00e1rio\u201d pelo neurologista e professor de medicina Francisco Vale. A crian\u00e7a deixou o Centro de Terapia Intensiva (CTI) do Hospital das Cl\u00ednicas e\u2026","rel":"","context":"In &quot;Not\u00edcias de Ribeir\u00e3o Preto-SP e Regi\u00e3o&quot;","block_context":{"text":"Not\u00edcias de Ribeir\u00e3o Preto-SP e Regi\u00e3o","link":"https:\/\/noticiasribeiraopreto.com.br\/index.php\/category\/noticias-de-ribeirao-preto-sp-e-regiao-ismael-colosi\/"},"img":{"alt_text":"","src":"https:\/\/i0.wp.com\/noticiasribeiraopreto.com.br\/wp-content\/uploads\/2026\/01\/domingo-57_2026-01-05_19-38-42.webp.webp?fit=1200%2C675&ssl=1&resize=350%2C200","width":350,"height":200,"srcset":"https:\/\/i0.wp.com\/noticiasribeiraopreto.com.br\/wp-content\/uploads\/2026\/01\/domingo-57_2026-01-05_19-38-42.webp.webp?fit=1200%2C675&ssl=1&resize=350%2C200 1x, https:\/\/i0.wp.com\/noticiasribeiraopreto.com.br\/wp-content\/uploads\/2026\/01\/domingo-57_2026-01-05_19-38-42.webp.webp?fit=1200%2C675&ssl=1&resize=525%2C300 1.5x, https:\/\/i0.wp.com\/noticiasribeiraopreto.com.br\/wp-content\/uploads\/2026\/01\/domingo-57_2026-01-05_19-38-42.webp.webp?fit=1200%2C675&ssl=1&resize=700%2C400 2x, https:\/\/i0.wp.com\/noticiasribeiraopreto.com.br\/wp-content\/uploads\/2026\/01\/domingo-57_2026-01-05_19-38-42.webp.webp?fit=1200%2C675&ssl=1&resize=1050%2C600 3x"},"classes":[]},{"id":84365,"url":"https:\/\/noticiasribeiraopreto.com.br\/index.php\/2026\/04\/08\/menino-brenno-que-caiu-do-10o-andar-comecou-a-caminhar-video\/","url_meta":{"origin":81401,"position":2},"title":"Menino Brenno, que caiu do 10\u00ba andar, come\u00e7ou a caminhar; V\u00eddeo","author":"noticiasribeiraopreto.com.br","date":"8 de April de 2026","format":false,"excerpt":"Ler o resumo da not\u00edcia Menino de 4 anos que sobreviveu \u00e0 queda do 10\u00ba andar em Ribeir\u00e3o Preto voltou a caminhar. O acidente ocorreu em condom\u00ednio no Centro da cidade, no dia 27 de dezembro de 2025. Brenno faz fisioterapia no Hospital das Cl\u00ednicas de Ribeir\u00e3o Preto e recebeu\u2026","rel":"","context":"In &quot;Not\u00edcias de Ribeir\u00e3o Preto-SP e Regi\u00e3o&quot;","block_context":{"text":"Not\u00edcias de Ribeir\u00e3o Preto-SP e Regi\u00e3o","link":"https:\/\/noticiasribeiraopreto.com.br\/index.php\/category\/noticias-de-ribeirao-preto-sp-e-regiao-ismael-colosi\/"},"img":{"alt_text":"","src":"https:\/\/i0.wp.com\/noticiasribeiraopreto.com.br\/wp-content\/uploads\/2026\/04\/BRENNO-2_2026-04-08_15-41-27.webp.webp?fit=1200%2C674&ssl=1&resize=350%2C200","width":350,"height":200,"srcset":"https:\/\/i0.wp.com\/noticiasribeiraopreto.com.br\/wp-content\/uploads\/2026\/04\/BRENNO-2_2026-04-08_15-41-27.webp.webp?fit=1200%2C674&ssl=1&resize=350%2C200 1x, https:\/\/i0.wp.com\/noticiasribeiraopreto.com.br\/wp-content\/uploads\/2026\/04\/BRENNO-2_2026-04-08_15-41-27.webp.webp?fit=1200%2C674&ssl=1&resize=525%2C300 1.5x, https:\/\/i0.wp.com\/noticiasribeiraopreto.com.br\/wp-content\/uploads\/2026\/04\/BRENNO-2_2026-04-08_15-41-27.webp.webp?fit=1200%2C674&ssl=1&resize=700%2C400 2x, https:\/\/i0.wp.com\/noticiasribeiraopreto.com.br\/wp-content\/uploads\/2026\/04\/BRENNO-2_2026-04-08_15-41-27.webp.webp?fit=1200%2C674&ssl=1&resize=1050%2C600 3x"},"classes":[]},{"id":81827,"url":"https:\/\/noticiasribeiraopreto.com.br\/index.php\/2026\/01\/27\/menino-que-caiu-do-10o-andar-em-ribeirao-preto-aparece-tocando-violao-em-video-da-familia\/","url_meta":{"origin":81401,"position":3},"title":"Menino que caiu do 10\u00ba andar em Ribeir\u00e3o Preto aparece tocando viol\u00e3o em v\u00eddeo da fam\u00edlia","author":"noticiasribeiraopreto.com.br","date":"27 de January de 2026","format":false,"excerpt":"Uma semana ap\u00f3s receber alta hospitalar, o menino Brenno Fernandes Girdziauckas, de 4 anos, apareceu sorrindo e tocando um viol\u00e3o de brinquedo em um v\u00eddeo publicado nas redes sociais pela fam\u00edlia. A crian\u00e7a caiu do 10\u00ba andar do pr\u00e9dio onde mora, no Centro de Ribeir\u00e3o Preto, no fim de dezembro\u2026","rel":"","context":"In &quot;Not\u00edcias de Ribeir\u00e3o Preto-SP e Regi\u00e3o&quot;","block_context":{"text":"Not\u00edcias de Ribeir\u00e3o Preto-SP e Regi\u00e3o","link":"https:\/\/noticiasribeiraopreto.com.br\/index.php\/category\/noticias-de-ribeirao-preto-sp-e-regiao-ismael-colosi\/"},"img":{"alt_text":"","src":"https:\/\/i0.wp.com\/noticiasribeiraopreto.com.br\/wp-content\/uploads\/2026\/01\/domingo-77_2026-01-26_19-36-56.webp.webp?fit=1200%2C675&ssl=1&resize=350%2C200","width":350,"height":200,"srcset":"https:\/\/i0.wp.com\/noticiasribeiraopreto.com.br\/wp-content\/uploads\/2026\/01\/domingo-77_2026-01-26_19-36-56.webp.webp?fit=1200%2C675&ssl=1&resize=350%2C200 1x, https:\/\/i0.wp.com\/noticiasribeiraopreto.com.br\/wp-content\/uploads\/2026\/01\/domingo-77_2026-01-26_19-36-56.webp.webp?fit=1200%2C675&ssl=1&resize=525%2C300 1.5x, https:\/\/i0.wp.com\/noticiasribeiraopreto.com.br\/wp-content\/uploads\/2026\/01\/domingo-77_2026-01-26_19-36-56.webp.webp?fit=1200%2C675&ssl=1&resize=700%2C400 2x, https:\/\/i0.wp.com\/noticiasribeiraopreto.com.br\/wp-content\/uploads\/2026\/01\/domingo-77_2026-01-26_19-36-56.webp.webp?fit=1200%2C675&ssl=1&resize=1050%2C600 3x"},"classes":[]},{"id":81353,"url":"https:\/\/noticiasribeiraopreto.com.br\/index.php\/2026\/01\/03\/menino-que-caiu-do-10o-andar-em-ribeirao-preto-e-desentubado-e-respira-sozinho\/","url_meta":{"origin":81401,"position":4},"title":"Menino que caiu do 10\u00ba andar em Ribeir\u00e3o Preto \u00e9 desentubado e respira sozinho","author":"noticiasribeiraopreto.com.br","date":"3 de January de 2026","format":false,"excerpt":"O menino Brenno Jorge Betiati Fernandes Girdziauckas, de 4 anos, que caiu do 10\u00ba andar de um pr\u00e9dio no Centro de Ribeir\u00e3o Preto foi desentubado na tarde desta sexta-feira (2) e agora respira sozinho. Segundo o pai da crian\u00e7a, Carlos Daniel Fernandes, ele continua sedado, mas apresenta boa evolu\u00e7\u00e3o cl\u00ednica\u2026","rel":"","context":"In &quot;Not\u00edcias de Ribeir\u00e3o Preto-SP e Regi\u00e3o&quot;","block_context":{"text":"Not\u00edcias de Ribeir\u00e3o Preto-SP e Regi\u00e3o","link":"https:\/\/noticiasribeiraopreto.com.br\/index.php\/category\/noticias-de-ribeirao-preto-sp-e-regiao-ismael-colosi\/"},"img":{"alt_text":"","src":"https:\/\/i0.wp.com\/noticiasribeiraopreto.com.br\/wp-content\/uploads\/2026\/01\/domingo-21_2026-01-02_21-57-24.webp.webp?fit=1200%2C675&ssl=1&resize=350%2C200","width":350,"height":200,"srcset":"https:\/\/i0.wp.com\/noticiasribeiraopreto.com.br\/wp-content\/uploads\/2026\/01\/domingo-21_2026-01-02_21-57-24.webp.webp?fit=1200%2C675&ssl=1&resize=350%2C200 1x, https:\/\/i0.wp.com\/noticiasribeiraopreto.com.br\/wp-content\/uploads\/2026\/01\/domingo-21_2026-01-02_21-57-24.webp.webp?fit=1200%2C675&ssl=1&resize=525%2C300 1.5x, https:\/\/i0.wp.com\/noticiasribeiraopreto.com.br\/wp-content\/uploads\/2026\/01\/domingo-21_2026-01-02_21-57-24.webp.webp?fit=1200%2C675&ssl=1&resize=700%2C400 2x, https:\/\/i0.wp.com\/noticiasribeiraopreto.com.br\/wp-content\/uploads\/2026\/01\/domingo-21_2026-01-02_21-57-24.webp.webp?fit=1200%2C675&ssl=1&resize=1050%2C600 3x"},"classes":[]},{"id":82052,"url":"https:\/\/noticiasribeiraopreto.com.br\/index.php\/2026\/02\/02\/menino-que-sobreviveu-a-queda-do-10o-andar-visita-elenco-do-botafogo\/","url_meta":{"origin":81401,"position":5},"title":"Menino que sobreviveu a queda do 10\u00ba andar visita elenco do Botafogo","author":"noticiasribeiraopreto.com.br","date":"2 de February de 2026","format":false,"excerpt":"O menino Brenno Fernandes Girdziauckas, de 4 anos, que sobreviveu a uma queda do 10\u00ba andar de um pr\u00e9dio no Centro de Ribeir\u00e3o Preto, visitou o elenco do Botafogo na manh\u00e3 deste s\u00e1bado (31), \u00e0s v\u00e9speras do confronto contra o Palmeiras, marcado para este domingo (1\u00ba), \u00e0s 20h30, no est\u00e1dio\u2026","rel":"","context":"In &quot;Not\u00edcias de Ribeir\u00e3o Preto-SP e Regi\u00e3o&quot;","block_context":{"text":"Not\u00edcias de Ribeir\u00e3o Preto-SP e Regi\u00e3o","link":"https:\/\/noticiasribeiraopreto.com.br\/index.php\/category\/noticias-de-ribeirao-preto-sp-e-regiao-ismael-colosi\/"},"img":{"alt_text":"","src":"https:\/\/i0.wp.com\/noticiasribeiraopreto.com.br\/wp-content\/uploads\/2026\/02\/domingo-97_2026-02-01_13-56-59.webp.webp?fit=1200%2C675&ssl=1&resize=350%2C200","width":350,"height":200,"srcset":"https:\/\/i0.wp.com\/noticiasribeiraopreto.com.br\/wp-content\/uploads\/2026\/02\/domingo-97_2026-02-01_13-56-59.webp.webp?fit=1200%2C675&ssl=1&resize=350%2C200 1x, https:\/\/i0.wp.com\/noticiasribeiraopreto.com.br\/wp-content\/uploads\/2026\/02\/domingo-97_2026-02-01_13-56-59.webp.webp?fit=1200%2C675&ssl=1&resize=525%2C300 1.5x, https:\/\/i0.wp.com\/noticiasribeiraopreto.com.br\/wp-content\/uploads\/2026\/02\/domingo-97_2026-02-01_13-56-59.webp.webp?fit=1200%2C675&ssl=1&resize=700%2C400 2x, https:\/\/i0.wp.com\/noticiasribeiraopreto.com.br\/wp-content\/uploads\/2026\/02\/domingo-97_2026-02-01_13-56-59.webp.webp?fit=1200%2C675&ssl=1&resize=1050%2C600 3x"},"classes":[]}],"jetpack_sharing_enabled":true,"jetpack_shortlink":"https:\/\/wp.me\/peQAOb-laV","_links":{"self":[{"href":"https:\/\/noticiasribeiraopreto.com.br\/index.php\/wp-json\/wp\/v2\/posts\/81401","targetHints":{"allow":["GET"]}}],"collection":[{"href":"https:\/\/noticiasribeiraopreto.com.br\/index.php\/wp-json\/wp\/v2\/posts"}],"about":[{"href":"https:\/\/noticiasribeiraopreto.com.br\/index.php\/wp-json\/wp\/v2\/types\/post"}],"author":[{"embeddable":true,"href":"https:\/\/noticiasribeiraopreto.com.br\/index.php\/wp-json\/wp\/v2\/users\/1"}],"replies":[{"embeddable":true,"href":"https:\/\/noticiasribeiraopreto.com.br\/index.php\/wp-json\/wp\/v2\/comments?post=81401"}],"version-history":[{"count":0,"href":"https:\/\/noticiasribeiraopreto.com.br\/index.php\/wp-json\/wp\/v2\/posts\/81401\/revisions"}],"wp:featuredmedia":[{"embeddable":true,"href":"https:\/\/noticiasribeiraopreto.com.br\/index.php\/wp-json\/wp\/v2\/media\/81354"}],"wp:attachment":[{"href":"https:\/\/noticiasribeiraopreto.com.br\/index.php\/wp-json\/wp\/v2\/media?parent=81401"}],"wp:term":[{"taxonomy":"category","embeddable":true,"href":"https:\/\/noticiasribeiraopreto.com.br\/index.php\/wp-json\/wp\/v2\/categories?post=81401"},{"taxonomy":"post_tag","embeddable":true,"href":"https:\/\/noticiasribeiraopreto.com.br\/index.php\/wp-json\/wp\/v2\/tags?post=81401"}],"curies":[{"name":"wp","href":"https:\/\/api.w.org\/{rel}","templated":true}]}}