{"id":81402,"date":"2026-01-05T07:18:55","date_gmt":"2026-01-05T10:18:55","guid":{"rendered":"https:\/\/noticiasribeiraopreto.com.br\/index.php\/2026\/01\/05\/ribeirao-tem-previsao-de-tempo-abafado-e-previsao-de-pancadas-de-chuva\/"},"modified":"2026-01-05T07:18:55","modified_gmt":"2026-01-05T10:18:55","slug":"ribeirao-tem-previsao-de-tempo-abafado-e-previsao-de-pancadas-de-chuva","status":"publish","type":"post","link":"https:\/\/noticiasribeiraopreto.com.br\/index.php\/2026\/01\/05\/ribeirao-tem-previsao-de-tempo-abafado-e-previsao-de-pancadas-de-chuva\/","title":{"rendered":"Ribeir\u00e3o tem previs\u00e3o de tempo abafado e previs\u00e3o de pancadas de chuva"},"content":{"rendered":"<div class='code-block code-block-1' style='margin: 8px 0 8px auto; text-align: right; display: block; clear: both;'>\n<p><a href=\"https:\/\/wa.link\/vpicfd\"><img data-recalc-dims=\"1\" class=\"wp-image-4922\" style=\"aspect-ratio: 2.0253164556962027; width: 561px; height: auto;\" src=\"https:\/\/i0.wp.com\/ismaelcolosi.com.br\/wp-content\/uploads\/2023\/11\/grupo-de-empregos-whatsapp-e-facebook-ismael-colosi-vagas.jpg?ssl=1\" alt=\"\" \/><\/a><\/p>\n<!-- \/wp:image -->\n<\/div>\n<p> <br \/>\n<\/p>\n<div id=\"\">&#13;<br \/>\n\t\t\t\t\t\t\t\t&#13;<\/p>\n<p>&#13;<br \/>\n\t\t\t\t\t\t\t\t\t<span class=\"entry-meta-item penci-posted-on\"><i class=\"fa fa-clock-o\"\/><time class=\"entry-date published updated\" datetime=\"2026-01-05T07:14:57-03:00\">5 de janeiro de 2026 07:14<\/time><\/span><span class=\"entry-meta-item penci-post-countview\"\/>\t\t\t\t\t\t\t\t<\/p>\n<p><!-- .entry-meta -->&#13;<br \/>\n\t\t\t\t\t\t\t\t<span class=\"penci-social-buttons penci-social-share-footer\"><span class=\"penci-social-share-text\">Compartilhar<\/span><a href=\"#\" class=\"penci-post-like penci_post-meta_item  single-like-button penci-social-item like\" data-post_id=\"450998\" title=\"Like\" data-like=\"Like\" data-unlike=\"Unlike\"><i class=\"fa fa-thumbs-o-up\"\/><span class=\"penci-share-number\">0<\/span><\/a><i class=\"fa fa-facebook\"\/><a class=\"penci-social-item twitter\" target=\"_blank\" rel=\"noopener\" title=\"\" href=\"https:\/\/twitter.com\/intent\/tweet?text=Ribeir\u00e3o%20tem%20previs\u00e3o%20de%20tempo%20abafado%20e%20previs\u00e3o%20de%20pancadas%20de%20chuva%20-%20https:\/\/www.tribunaribeirao.com.br\/ribeirao-tem-previsao-de-tempo-abafado-e-previsao-de-pancadas-de-chuva\/\"><i class=\"fa fa-twitter\"\/><\/a><i class=\"fa fa-linkedin\"\/><i class=\"fa fa-whatsapp\"\/><i class=\"fa fa-telegram\"\/><i class=\"fa fa-envelope\"\/><\/span>\t\t\t\t\t\t\t<\/div>\n<div>\n<p>Segundo a Climatempo, o sol aparece entre nuvens e a sensa\u00e7\u00e3o do ar deve ser de calor e abafamento ao longo dia dia, com a temperatura eme eleva\u00e7\u00e3o pela manh\u00e3, chegando aos 27 graus \u00e0 tarde, com chuva..<\/p>\n<p>H\u00e1 previs\u00e3o de\u00a0 pancadas de chuva isoladas em alguns bairros., ficando abaixo de 70 mil\u00edmetros.<\/p>\n<p>Na regi\u00e3oo Sudeste, os efeitos da massa de ar frio ser\u00e3o mais percept\u00edveis no leste do estado de S\u00e3o Paulo, incluindo a Regi\u00e3o Metropolitana da Capital. A segunda-feira j\u00e1 deve ser marcada por redu\u00e7\u00e3o significativa das temperaturas m\u00e1ximas e m\u00ednimas, proporcionando um al\u00edvio importante no calor intenso dos \u00faltimos dias. No domingo, Ubatuba teve 140 mil\u00edmetros , o volume mais alto do estado. Em todo litoral norte a chuva predomina nesta segunda-feira, dificultando a volta para capital e interior.<\/p>\n<p>Em \u00e1reas do Rio de Janeiro, inclusive na capital, a queda de temperatura ser\u00e1 mais sutil, mas suficiente para reduzir a sensa\u00e7\u00e3o de calor excessivo, sem expectativa de frio intenso.<\/p>\n<p><strong>Tend\u00eancia para os pr\u00f3ximos dias<\/strong><\/p>\n<p>O avan\u00e7o dessa massa de ar polar marca um breve intervalo de temperaturas mais amenas em parte do Sul e do Sudeste. No entanto, a tend\u00eancia \u00e9 de que o calor volte a ganhar for\u00e7a gradualmente ao longo da pr\u00f3xima semana.<\/p>\n<\/div>\n<p><script async src=\"\/\/platform.twitter.com\/widgets.js\" charset=\"utf-8\"><\/script><br \/>\n<br \/><br \/>\n<br \/><a href=\"https:\/\/www.tribunaribeirao.com.br\/ribeirao-tem-previsao-de-tempo-abafado-e-previsao-de-pancadas-de-chuva\/\">Source link <\/a><\/p>\n<!-- CONTENT END 1 -->\n","protected":false},"excerpt":{"rendered":"<p>&#13; &#13; &#13; 5 de janeiro de 2026 07:14 &#13; Compartilhar0 Segundo a Climatempo, o sol aparece entre nuvens e a sensa\u00e7\u00e3o do ar deve&#8230;<\/p>\n","protected":false},"author":1,"featured_media":81403,"comment_status":"open","ping_status":"open","sticky":false,"template":"","format":"standard","meta":{"advanced_seo_description":"","jetpack_seo_html_title":"","jetpack_seo_noindex":false,"jetpack_post_was_ever_published":false,"_jetpack_newsletter_access":"","_jetpack_dont_email_post_to_subs":false,"_jetpack_newsletter_tier_id":0,"_jetpack_memberships_contains_paywalled_content":false,"_jetpack_memberships_contains_paid_content":false,"footnotes":"","jetpack_publicize_message":"","jetpack_publicize_feature_enabled":true,"jetpack_social_post_already_shared":true,"jetpack_social_options":{"image_generator_settings":{"template":"highway","default_image_id":0,"font":"","enabled":false},"version":2}},"categories":[11],"tags":[],"class_list":["post-81402","post","type-post","status-publish","format-standard","has-post-thumbnail","hentry","category-noticias-de-ribeirao-preto-sp-e-regiao-ismael-colosi"],"jetpack_publicize_connections":[],"jetpack_featured_media_url":"https:\/\/i0.wp.com\/noticiasribeiraopreto.com.br\/wp-content\/uploads\/2026\/01\/ChuvaRP-Nuv-Alfredo-Risk-scaled.jpg?fit=1200%2C675&ssl=1","jetpack-related-posts":[{"id":34632,"url":"https:\/\/noticiasribeiraopreto.com.br\/index.php\/2024\/02\/02\/ribeirao-preto-e-regiao-tem-previsao-de-chuva-no-fim-de-semana-de-pre-carnaval\/","url_meta":{"origin":81402,"position":0},"title":"Ribeir\u00e3o Preto e regi\u00e3o tem previs\u00e3o de chuva no fim de semana de pr\u00e9-carnaval","author":"noticiasribeiraopreto.com.br","date":"2 de February de 2024","format":false,"excerpt":"O fim de semana de pr\u00e9-carnaval em Ribeir\u00e3o Preto, Barretos e Franca tem previs\u00e3o de chuva, segundo o Climatempo. Em Ribeir\u00e3o Preto, no s\u00e1bado (3), as chances de chover durante o dia e \u00e0 noite \u00e9 de 80%, sendo que a previs\u00e3o \u00e9 de que o dia seja de sol\u2026","rel":"","context":"In &quot;Not\u00edcias de Ribeir\u00e3o Preto-SP e Regi\u00e3o&quot;","block_context":{"text":"Not\u00edcias de Ribeir\u00e3o Preto-SP e Regi\u00e3o","link":"https:\/\/noticiasribeiraopreto.com.br\/index.php\/category\/noticias-de-ribeirao-preto-sp-e-regiao-ismael-colosi\/"},"img":{"alt_text":"","src":"https:\/\/i0.wp.com\/noticiasribeiraopreto.com.br\/wp-content\/uploads\/2024\/02\/Capturar-2.jpg?fit=732%2C440&ssl=1&resize=350%2C200","width":350,"height":200,"srcset":"https:\/\/i0.wp.com\/noticiasribeiraopreto.com.br\/wp-content\/uploads\/2024\/02\/Capturar-2.jpg?fit=732%2C440&ssl=1&resize=350%2C200 1x, https:\/\/i0.wp.com\/noticiasribeiraopreto.com.br\/wp-content\/uploads\/2024\/02\/Capturar-2.jpg?fit=732%2C440&ssl=1&resize=525%2C300 1.5x, https:\/\/i0.wp.com\/noticiasribeiraopreto.com.br\/wp-content\/uploads\/2024\/02\/Capturar-2.jpg?fit=732%2C440&ssl=1&resize=700%2C400 2x"},"classes":[]},{"id":81400,"url":"https:\/\/noticiasribeiraopreto.com.br\/index.php\/2026\/01\/05\/pancadas-de-chuva-podem-atingir-ribeirao-preto-nesta-segunda-feira-veja-previsao\/","url_meta":{"origin":81402,"position":1},"title":"Pancadas de chuva podem atingir Ribeir\u00e3o Preto nesta segunda-feira; Veja previs\u00e3o","author":"noticiasribeiraopreto.com.br","date":"5 de January de 2026","format":false,"excerpt":"Ribeir\u00e3o Preto tem previs\u00e3o de pancadas de chuva nesta segunda-feira (5). Segundo a Climatempo, o sol aparece entre nuvens e a sensa\u00e7\u00e3o deve ser de calor e abafamento ao longo do dia, apesar das temperaturas um pouco mais amenas pela manh\u00e3. Ainda conforme a meteorologia, a chuva est\u00e1 prevista isolada\u2026","rel":"","context":"In &quot;Not\u00edcias de Ribeir\u00e3o Preto-SP e Regi\u00e3o&quot;","block_context":{"text":"Not\u00edcias de Ribeir\u00e3o Preto-SP e Regi\u00e3o","link":"https:\/\/noticiasribeiraopreto.com.br\/index.php\/category\/noticias-de-ribeirao-preto-sp-e-regiao-ismael-colosi\/"},"img":{"alt_text":"","src":"https:\/\/i0.wp.com\/noticiasribeiraopreto.com.br\/wp-content\/uploads\/2025\/06\/WhatsApp-Image-2025-06-27-at-07.57.23_2025-06-27_10-59-33.webp.webp?fit=1200%2C553&ssl=1&resize=350%2C200","width":350,"height":200,"srcset":"https:\/\/i0.wp.com\/noticiasribeiraopreto.com.br\/wp-content\/uploads\/2025\/06\/WhatsApp-Image-2025-06-27-at-07.57.23_2025-06-27_10-59-33.webp.webp?fit=1200%2C553&ssl=1&resize=350%2C200 1x, https:\/\/i0.wp.com\/noticiasribeiraopreto.com.br\/wp-content\/uploads\/2025\/06\/WhatsApp-Image-2025-06-27-at-07.57.23_2025-06-27_10-59-33.webp.webp?fit=1200%2C553&ssl=1&resize=525%2C300 1.5x, https:\/\/i0.wp.com\/noticiasribeiraopreto.com.br\/wp-content\/uploads\/2025\/06\/WhatsApp-Image-2025-06-27-at-07.57.23_2025-06-27_10-59-33.webp.webp?fit=1200%2C553&ssl=1&resize=700%2C400 2x, https:\/\/i0.wp.com\/noticiasribeiraopreto.com.br\/wp-content\/uploads\/2025\/06\/WhatsApp-Image-2025-06-27-at-07.57.23_2025-06-27_10-59-33.webp.webp?fit=1200%2C553&ssl=1&resize=1050%2C600 3x"},"classes":[]},{"id":83903,"url":"https:\/\/noticiasribeiraopreto.com.br\/index.php\/2026\/03\/28\/veja-a-previsao-do-tempo-para-o-fim-de-semana-em-ribeirao-preto\/","url_meta":{"origin":81402,"position":2},"title":"Veja a previs\u00e3o do tempo para o fim de semana em Ribeir\u00e3o Preto","author":"noticiasribeiraopreto.com.br","date":"28 de March de 2026","format":false,"excerpt":"O s\u00e1bado (28) em Ribeir\u00e3o Preto deve ser de sol com aumento de nuvens a partir da tarde, de acordo com previs\u00e3o da Climatempo. As temperaturas variam entre 19\u00baC e 25\u00baC e n\u00e3o h\u00e1 previs\u00e3o de chuva. No interior de S\u00e3o Paulo, o tempo segue com sol e temperaturas elevadas.\u2026","rel":"","context":"In &quot;Not\u00edcias de Ribeir\u00e3o Preto-SP e Regi\u00e3o&quot;","block_context":{"text":"Not\u00edcias de Ribeir\u00e3o Preto-SP e Regi\u00e3o","link":"https:\/\/noticiasribeiraopreto.com.br\/index.php\/category\/noticias-de-ribeirao-preto-sp-e-regiao-ismael-colosi\/"},"img":{"alt_text":"","src":"https:\/\/i0.wp.com\/noticiasribeiraopreto.com.br\/wp-content\/uploads\/2024\/12\/DIA-DE-SOL_2024-12-30_10-53-15_jpg_2024-12-30_10-53-15.webp.webp?fit=1200%2C960&ssl=1&resize=350%2C200","width":350,"height":200,"srcset":"https:\/\/i0.wp.com\/noticiasribeiraopreto.com.br\/wp-content\/uploads\/2024\/12\/DIA-DE-SOL_2024-12-30_10-53-15_jpg_2024-12-30_10-53-15.webp.webp?fit=1200%2C960&ssl=1&resize=350%2C200 1x, https:\/\/i0.wp.com\/noticiasribeiraopreto.com.br\/wp-content\/uploads\/2024\/12\/DIA-DE-SOL_2024-12-30_10-53-15_jpg_2024-12-30_10-53-15.webp.webp?fit=1200%2C960&ssl=1&resize=525%2C300 1.5x, https:\/\/i0.wp.com\/noticiasribeiraopreto.com.br\/wp-content\/uploads\/2024\/12\/DIA-DE-SOL_2024-12-30_10-53-15_jpg_2024-12-30_10-53-15.webp.webp?fit=1200%2C960&ssl=1&resize=700%2C400 2x, https:\/\/i0.wp.com\/noticiasribeiraopreto.com.br\/wp-content\/uploads\/2024\/12\/DIA-DE-SOL_2024-12-30_10-53-15_jpg_2024-12-30_10-53-15.webp.webp?fit=1200%2C960&ssl=1&resize=1050%2C600 3x"},"classes":[]},{"id":61765,"url":"https:\/\/noticiasribeiraopreto.com.br\/index.php\/2024\/12\/21\/temporal-no-estado-de-sp-veja-a-previsao-para-ribeirao-preto\/","url_meta":{"origin":81402,"position":3},"title":"Temporal no estado de SP: Veja a previs\u00e3o para Ribeir\u00e3o Preto","author":"noticiasribeiraopreto.com.br","date":"21 de December de 2024","format":false,"excerpt":"Ribeir\u00e3o Preto amanheceu com o c\u00e9u nublado neste s\u00e1bado (21), primeiro dia do ver\u00e3o. De acordo com a Climatempo, os term\u00f4metros n\u00e3o devem passar dos 28\u00baC na cidade. A primavera se despediu com fortes temporais em todo o estado de S\u00e3o Paulo nesta sexta-feira, por\u00e9m, \u00e1reas de instabilidade voltam a\u2026","rel":"","context":"In &quot;Not\u00edcias de Ribeir\u00e3o Preto-SP e Regi\u00e3o&quot;","block_context":{"text":"Not\u00edcias de Ribeir\u00e3o Preto-SP e Regi\u00e3o","link":"https:\/\/noticiasribeiraopreto.com.br\/index.php\/category\/noticias-de-ribeirao-preto-sp-e-regiao-ismael-colosi\/"},"img":{"alt_text":"","src":"https:\/\/i0.wp.com\/noticiasribeiraopreto.com.br\/wp-content\/uploads\/2024\/12\/WhatsApp-Image-2024-12-21-at-08.24.15_2024-12-21_12-33-23_jpeg_2024-12-21_12-33-23.webp.webp?fit=1200%2C900&ssl=1&resize=350%2C200","width":350,"height":200,"srcset":"https:\/\/i0.wp.com\/noticiasribeiraopreto.com.br\/wp-content\/uploads\/2024\/12\/WhatsApp-Image-2024-12-21-at-08.24.15_2024-12-21_12-33-23_jpeg_2024-12-21_12-33-23.webp.webp?fit=1200%2C900&ssl=1&resize=350%2C200 1x, https:\/\/i0.wp.com\/noticiasribeiraopreto.com.br\/wp-content\/uploads\/2024\/12\/WhatsApp-Image-2024-12-21-at-08.24.15_2024-12-21_12-33-23_jpeg_2024-12-21_12-33-23.webp.webp?fit=1200%2C900&ssl=1&resize=525%2C300 1.5x, https:\/\/i0.wp.com\/noticiasribeiraopreto.com.br\/wp-content\/uploads\/2024\/12\/WhatsApp-Image-2024-12-21-at-08.24.15_2024-12-21_12-33-23_jpeg_2024-12-21_12-33-23.webp.webp?fit=1200%2C900&ssl=1&resize=700%2C400 2x, https:\/\/i0.wp.com\/noticiasribeiraopreto.com.br\/wp-content\/uploads\/2024\/12\/WhatsApp-Image-2024-12-21-at-08.24.15_2024-12-21_12-33-23_jpeg_2024-12-21_12-33-23.webp.webp?fit=1200%2C900&ssl=1&resize=1050%2C600 3x"},"classes":[]},{"id":60251,"url":"https:\/\/noticiasribeiraopreto.com.br\/index.php\/2024\/11\/08\/fim-de-semana-com-chuva-confira-a-previsao-para-ribeirao-preto\/","url_meta":{"origin":81402,"position":4},"title":"Fim de semana com chuva? Confira a previs\u00e3o para Ribeir\u00e3o Preto","author":"noticiasribeiraopreto.com.br","date":"8 de November de 2024","format":false,"excerpt":"O Instituto Nacional de Meteorologia (Inmet) emitiu alerta para poss\u00edveis temporais em algumas regi\u00f5es. Em Ribeir\u00e3o Preto, o comunicado diz que s\u00e3o esperados 50 e 100 mil\u00edmetros de chuva por dia e ventos intensos variando entre 60-100 km\/h. No aviso do Inmet tamb\u00e9m est\u00e3o as seguintes instru\u00e7\u00f5es: Em caso de\u2026","rel":"","context":"In &quot;Not\u00edcias de Ribeir\u00e3o Preto-SP e Regi\u00e3o&quot;","block_context":{"text":"Not\u00edcias de Ribeir\u00e3o Preto-SP e Regi\u00e3o","link":"https:\/\/noticiasribeiraopreto.com.br\/index.php\/category\/noticias-de-ribeirao-preto-sp-e-regiao-ismael-colosi\/"},"img":{"alt_text":"","src":"https:\/\/i0.wp.com\/noticiasribeiraopreto.com.br\/wp-content\/uploads\/2024\/10\/WhatsApp-Image-2024-10-23-at-18.14.43_2024-10-23_22-19-38_jpeg_2024-10-23_22-19-39-scaled.webp.webp?fit=1200%2C675&ssl=1&resize=350%2C200","width":350,"height":200,"srcset":"https:\/\/i0.wp.com\/noticiasribeiraopreto.com.br\/wp-content\/uploads\/2024\/10\/WhatsApp-Image-2024-10-23-at-18.14.43_2024-10-23_22-19-38_jpeg_2024-10-23_22-19-39-scaled.webp.webp?fit=1200%2C675&ssl=1&resize=350%2C200 1x, https:\/\/i0.wp.com\/noticiasribeiraopreto.com.br\/wp-content\/uploads\/2024\/10\/WhatsApp-Image-2024-10-23-at-18.14.43_2024-10-23_22-19-38_jpeg_2024-10-23_22-19-39-scaled.webp.webp?fit=1200%2C675&ssl=1&resize=525%2C300 1.5x, https:\/\/i0.wp.com\/noticiasribeiraopreto.com.br\/wp-content\/uploads\/2024\/10\/WhatsApp-Image-2024-10-23-at-18.14.43_2024-10-23_22-19-38_jpeg_2024-10-23_22-19-39-scaled.webp.webp?fit=1200%2C675&ssl=1&resize=700%2C400 2x, https:\/\/i0.wp.com\/noticiasribeiraopreto.com.br\/wp-content\/uploads\/2024\/10\/WhatsApp-Image-2024-10-23-at-18.14.43_2024-10-23_22-19-38_jpeg_2024-10-23_22-19-39-scaled.webp.webp?fit=1200%2C675&ssl=1&resize=1050%2C600 3x"},"classes":[]},{"id":67962,"url":"https:\/\/noticiasribeiraopreto.com.br\/index.php\/2025\/04\/21\/rajadas-de-vento-podem-atingir-ribeirao-preto-no-feriado-de-tiradentes-veja-previsao\/","url_meta":{"origin":81402,"position":5},"title":"Rajadas de vento podem atingir Ribeir\u00e3o Preto no feriado de Tiradentes; Veja previs\u00e3o","author":"noticiasribeiraopreto.com.br","date":"21 de April de 2025","format":false,"excerpt":"A regi\u00e3o de Ribeir\u00e3o Preto pode ter rajadas de vento de 40 km\/h a 50 km\/h nesta segunda-feira (21), feriado de Tiradentes. Segundo a Climatempo, o deslocamento da alta press\u00e3o na retaguarda da frente fria pode provocar o vento hoje. Ainda de acordo com a meteorologia, esse sistema impede a\u2026","rel":"","context":"In &quot;Not\u00edcias de Ribeir\u00e3o Preto-SP e Regi\u00e3o&quot;","block_context":{"text":"Not\u00edcias de Ribeir\u00e3o Preto-SP e Regi\u00e3o","link":"https:\/\/noticiasribeiraopreto.com.br\/index.php\/category\/noticias-de-ribeirao-preto-sp-e-regiao-ismael-colosi\/"},"img":{"alt_text":"","src":"https:\/\/i0.wp.com\/noticiasribeiraopreto.com.br\/wp-content\/uploads\/2025\/04\/20221030_071545-scaled.jpg?fit=1200%2C553&ssl=1&resize=350%2C200","width":350,"height":200,"srcset":"https:\/\/i0.wp.com\/noticiasribeiraopreto.com.br\/wp-content\/uploads\/2025\/04\/20221030_071545-scaled.jpg?fit=1200%2C553&ssl=1&resize=350%2C200 1x, https:\/\/i0.wp.com\/noticiasribeiraopreto.com.br\/wp-content\/uploads\/2025\/04\/20221030_071545-scaled.jpg?fit=1200%2C553&ssl=1&resize=525%2C300 1.5x, https:\/\/i0.wp.com\/noticiasribeiraopreto.com.br\/wp-content\/uploads\/2025\/04\/20221030_071545-scaled.jpg?fit=1200%2C553&ssl=1&resize=700%2C400 2x, https:\/\/i0.wp.com\/noticiasribeiraopreto.com.br\/wp-content\/uploads\/2025\/04\/20221030_071545-scaled.jpg?fit=1200%2C553&ssl=1&resize=1050%2C600 3x"},"classes":[]}],"jetpack_sharing_enabled":true,"jetpack_shortlink":"https:\/\/wp.me\/peQAOb-laW","_links":{"self":[{"href":"https:\/\/noticiasribeiraopreto.com.br\/index.php\/wp-json\/wp\/v2\/posts\/81402","targetHints":{"allow":["GET"]}}],"collection":[{"href":"https:\/\/noticiasribeiraopreto.com.br\/index.php\/wp-json\/wp\/v2\/posts"}],"about":[{"href":"https:\/\/noticiasribeiraopreto.com.br\/index.php\/wp-json\/wp\/v2\/types\/post"}],"author":[{"embeddable":true,"href":"https:\/\/noticiasribeiraopreto.com.br\/index.php\/wp-json\/wp\/v2\/users\/1"}],"replies":[{"embeddable":true,"href":"https:\/\/noticiasribeiraopreto.com.br\/index.php\/wp-json\/wp\/v2\/comments?post=81402"}],"version-history":[{"count":0,"href":"https:\/\/noticiasribeiraopreto.com.br\/index.php\/wp-json\/wp\/v2\/posts\/81402\/revisions"}],"wp:featuredmedia":[{"embeddable":true,"href":"https:\/\/noticiasribeiraopreto.com.br\/index.php\/wp-json\/wp\/v2\/media\/81403"}],"wp:attachment":[{"href":"https:\/\/noticiasribeiraopreto.com.br\/index.php\/wp-json\/wp\/v2\/media?parent=81402"}],"wp:term":[{"taxonomy":"category","embeddable":true,"href":"https:\/\/noticiasribeiraopreto.com.br\/index.php\/wp-json\/wp\/v2\/categories?post=81402"},{"taxonomy":"post_tag","embeddable":true,"href":"https:\/\/noticiasribeiraopreto.com.br\/index.php\/wp-json\/wp\/v2\/tags?post=81402"}],"curies":[{"name":"wp","href":"https:\/\/api.w.org\/{rel}","templated":true}]}}