{"id":81407,"date":"2026-01-05T07:39:32","date_gmt":"2026-01-05T10:39:32","guid":{"rendered":"https:\/\/noticiasribeiraopreto.com.br\/index.php\/2026\/01\/05\/protesto-pede-justica-por-menino-de-6-anos-que-morreu-atropelado-em-ribeirao-preto\/"},"modified":"2026-01-05T07:39:32","modified_gmt":"2026-01-05T10:39:32","slug":"protesto-pede-justica-por-menino-de-6-anos-que-morreu-atropelado-em-ribeirao-preto","status":"publish","type":"post","link":"https:\/\/noticiasribeiraopreto.com.br\/index.php\/2026\/01\/05\/protesto-pede-justica-por-menino-de-6-anos-que-morreu-atropelado-em-ribeirao-preto\/","title":{"rendered":"Protesto pede justi\u00e7a por menino de 6 anos que morreu atropelado em Ribeir\u00e3o Preto"},"content":{"rendered":"<div class='code-block code-block-1' style='margin: 8px 0 8px auto; text-align: right; display: block; clear: both;'>\n<p><a href=\"https:\/\/wa.link\/vpicfd\"><img data-recalc-dims=\"1\" class=\"wp-image-4922\" style=\"aspect-ratio: 2.0253164556962027; width: 561px; height: auto;\" src=\"https:\/\/i0.wp.com\/ismaelcolosi.com.br\/wp-content\/uploads\/2023\/11\/grupo-de-empregos-whatsapp-e-facebook-ismael-colosi-vagas.jpg?ssl=1\" alt=\"\" \/><\/a><\/p>\n<!-- \/wp:image -->\n<\/div>\n<p> <br \/>\n<\/p>\n<div>\n<p>Um grupo de familiares e amigos se reuniu neste domingo (4) no local onde o menino <strong>Gabriel<\/strong>, de 6 anos, e sua m\u00e3e, Eliene, foram atropelados em Bonfim Paulista, distrito de Ribeir\u00e3o Preto. O protesto teve in\u00edcio por volta das 15h, com participantes pedindo justi\u00e7a pela crian\u00e7a.<\/p>\n<h3 class=\"wp-block-heading\"><strong>Veja v\u00eddeo:<\/strong><\/h3>\n<blockquote class=\"instagram-media\" data-instgrm-permalink=\"https:\/\/www.instagram.com\/reel\/DTGXJgCghS8\/?utm_source=ig_embed&amp;utm_campaign=loading\" data-instgrm-version=\"14\" style=\" background:#FFF; border:0; border-radius:3px; box-shadow:0 0 1px 0 rgba(0,0,0,0.5),0 1px 10px 0 rgba(0,0,0,0.15); margin: 1px; max-width:540px; min-width:326px; padding:0; width:99.375%; width:-webkit-calc(100% - 2px); width:calc(100% - 2px);\"\/>\n<p>O acidente ocorreu na \u00faltima quinta-feira (1\u00ba), na rua Professor Felisberto Almada e o motorista fugiu do local, sem prestar socorro \u00e0s v\u00edtimas. Gabriel n\u00e3o resistiu aos ferimentos e faleceu na madrugada deste domingo, enquanto a m\u00e3e permanece hospitalizada.<\/p>\n<div class=\"wp-block-image\">\n<figure class=\"aligncenter size-full\"><img data-recalc-dims=\"1\" fetchpriority=\"high\" decoding=\"async\" width=\"1024\" height=\"576\" src=\"https:\/\/i0.wp.com\/cdn.media-acidadeon.com.br\/ribeiraopreto\/wp-content\/uploads\/sites\/3\/2026\/01\/image_2026-01-04_14-10-53.webp?resize=1024%2C576&#038;ssl=1\" alt=\"protesto\" class=\"wp-image-141049\" title=\"Protesto pede justi\u00e7a por menino de 6 anos que morreu atropelado em Ribeir\u00e3o Preto 1\" srcset=\"https:\/\/cdn.media-acidadeon.com.br\/ribeiraopreto\/wp-content\/uploads\/sites\/3\/2026\/01\/image_2026-01-04_14-10-53.webp 1024w, https:\/\/cdn.media-acidadeon.com.br\/ribeiraopreto\/wp-content\/uploads\/sites\/3\/2026\/01\/image_2026-01-04_14-10-53-300x169.webp 300w, https:\/\/cdn.media-acidadeon.com.br\/ribeiraopreto\/wp-content\/uploads\/sites\/3\/2026\/01\/image_2026-01-04_14-10-53-768x432.webp 768w, https:\/\/cdn.media-acidadeon.com.br\/ribeiraopreto\/wp-content\/uploads\/sites\/3\/2026\/01\/image_2026-01-04_14-10-53-696x392.webp 696w\" sizes=\"(max-width: 1024px) 100vw, 1024px\"\/><\/figure>\n<\/div>\n<h3 class=\"wp-block-heading\"><strong>Respondendo em liberdade<\/strong><\/h3>\n<p>O motorista que atropelou Guilherme e Eliene se entregou \u00e0 Pol\u00edcia Civil na noite da \u00faltima sexta-feira (2). Segundo a corpora\u00e7\u00e3o, ele compareceu \u00e0 Central de Pol\u00edcia Judici\u00e1ria (CPJ) acompanhado de uma advogada, prestou depoimento e foi liberado em seguida.<\/p>\n<p>O homem, de 25 anos, negou ter consumido bebida alco\u00f3lica antes de dirigir, mas afirmou que se distraiu com a central multim\u00eddia do ve\u00edculo no momento do acidente, de acordo com o delegado do 7\u00ba Distrito Policial, Ariovaldo Torrieri. Ele relatou ainda que, ao atingir as v\u00edtimas, acreditou ter colidido apenas com um guard-rail, motivo pelo qual deixou o local sem prestar socorro.<\/p>\n<div class=\"wp-block-image\">\n<figure class=\"aligncenter size-full\"><img data-recalc-dims=\"1\" loading=\"lazy\" decoding=\"async\" width=\"984\" height=\"616\" src=\"https:\/\/i0.wp.com\/cdn.media-acidadeon.com.br\/ribeiraopreto\/wp-content\/uploads\/sites\/3\/2026\/01\/image_2026-01-04_18-33-22.webp?resize=984%2C616&#038;ssl=1\" alt=\"image 2026 01 04 18 33 22\" class=\"wp-image-141059\" title=\"Protesto pede justi\u00e7a por menino de 6 anos que morreu atropelado em Ribeir\u00e3o Preto 2\" srcset=\"https:\/\/cdn.media-acidadeon.com.br\/ribeiraopreto\/wp-content\/uploads\/sites\/3\/2026\/01\/image_2026-01-04_18-33-22.webp 984w, https:\/\/cdn.media-acidadeon.com.br\/ribeiraopreto\/wp-content\/uploads\/sites\/3\/2026\/01\/image_2026-01-04_18-33-22-300x188.webp 300w, https:\/\/cdn.media-acidadeon.com.br\/ribeiraopreto\/wp-content\/uploads\/sites\/3\/2026\/01\/image_2026-01-04_18-33-22-768x481.webp 768w, https:\/\/cdn.media-acidadeon.com.br\/ribeiraopreto\/wp-content\/uploads\/sites\/3\/2026\/01\/image_2026-01-04_18-33-22-696x436.webp 696w\" sizes=\"auto, (max-width: 984px) 100vw, 984px\"\/><figcaption class=\"wp-element-caption\">Foto: Divulga\u00e7\u00e3o\/ Pol\u00edcia Civil<\/figcaption><\/figure>\n<\/div>\n<p>O delegado informou que o motorista ser\u00e1 investigado pela ocorr\u00eancia, mas n\u00e3o permaneceu preso por falta de requisitos legais para deten\u00e7\u00e3o. O suspeito se colocou \u00e0 disposi\u00e7\u00e3o para colaborar com as investiga\u00e7\u00f5es.<\/p>\n<hr class=\"wp-block-separator has-alpha-channel-opacity\"\/>\n<p>SAIBA MAIS<\/p>\n<p>Veja o que se sabe sobre o caso do atropelamento de m\u00e3e e filho em Ribeir\u00e3o Preto<\/p>\n<h2 class=\"wp-block-heading\"><strong>FIQUE ON<\/strong><\/h2>\n<p>Fique ligado em tudo que acontece em Ribeir\u00e3o Preto e regi\u00e3o. Siga os perfis do\u00a0<strong>acidade on<\/strong>\u00a0no<a href=\"https:\/\/www.instagram.com\/acidadeonribeirao\" target=\"_blank\" rel=\"noreferrer noopener\">\u00a0Instagram\u00a0<\/a>e no\u00a0<a href=\"https:\/\/www.facebook.com\/acidadeonribeirao\/\" target=\"_blank\" rel=\"noreferrer noopener\">Facebook<\/a>.<\/p>\n<p>Receba not\u00edcias do<strong>\u00a0acidade on<\/strong>\u00a0no WhatsApp. Para entrar no grupo,\u00a0basta\u00a0<a href=\"https:\/\/chat.whatsapp.com\/I4nieTEMKlf50pJ28aMemC?mode=ac_t\" target=\"_blank\" rel=\"noreferrer noopener\">clicar aqui<\/a>. Ou, acesse o nosso\u00a0Canal\u00a0<a href=\"https:\/\/whatsapp.com\/channel\/0029Vb6IQl1JENyAeS57fk2p\" target=\"_blank\" rel=\"noreferrer noopener\">clicando aqui<\/a>.<\/p>\n<p>Fa\u00e7a uma den\u00fancia ou sugira uma reportagem sobre Ribeir\u00e3o Preto e regi\u00e3o pelo WhatsApp: 16 99117 7802.<\/p>\n<p>VEJA TAMB\u00c9M<\/p>\n<p>Por que Danielle saiu do NewJeans?<\/p>\n<p><!-- AI CONTENT END 1 -->\n<\/div>\n<p><script async src=\"\/\/www.instagram.com\/embed.js\"><\/script><br \/>\n<br \/><br \/>\n<br \/><a href=\"https:\/\/www.acidadeon.com\/ribeiraopreto\/cotidiano\/protesto-pede-justica-por-menino-de-6-anos-atropelado-em-ribeirao-preto\/\">Source link <\/a><\/p>\n<!-- CONTENT END 1 -->\n","protected":false},"excerpt":{"rendered":"<p>Um grupo de familiares e amigos se reuniu neste domingo (4) no local onde o menino Gabriel, de 6 anos, e sua m\u00e3e, Eliene, foram&#8230;<\/p>\n","protected":false},"author":1,"featured_media":81408,"comment_status":"open","ping_status":"open","sticky":false,"template":"","format":"standard","meta":{"advanced_seo_description":"","jetpack_seo_html_title":"","jetpack_seo_noindex":false,"jetpack_post_was_ever_published":false,"_jetpack_newsletter_access":"","_jetpack_dont_email_post_to_subs":false,"_jetpack_newsletter_tier_id":0,"_jetpack_memberships_contains_paywalled_content":false,"_jetpack_memberships_contains_paid_content":false,"footnotes":"","jetpack_publicize_message":"","jetpack_publicize_feature_enabled":true,"jetpack_social_post_already_shared":true,"jetpack_social_options":{"image_generator_settings":{"template":"highway","default_image_id":0,"font":"","enabled":false},"version":2}},"categories":[11],"tags":[],"class_list":["post-81407","post","type-post","status-publish","format-standard","has-post-thumbnail","hentry","category-noticias-de-ribeirao-preto-sp-e-regiao-ismael-colosi"],"jetpack_publicize_connections":[],"jetpack_featured_media_url":"https:\/\/i0.wp.com\/noticiasribeiraopreto.com.br\/wp-content\/uploads\/2026\/01\/39d1a78e-bfbf-4aed-846f-727e10d2f26c_2026-01-04_18-34-55.webp.webp?fit=1200%2C675&ssl=1","jetpack-related-posts":[{"id":81418,"url":"https:\/\/noticiasribeiraopreto.com.br\/index.php\/2026\/01\/05\/menino-atropelado-dia-1o-e-sepultado-em-bonfim-paulista\/","url_meta":{"origin":81407,"position":0},"title":"Menino atropelado dia 1\u00ba \u00e9 sepultado em Bonfim Paulista","author":"noticiasribeiraopreto.com.br","date":"5 de January de 2026","format":false,"excerpt":"Por: Adalberto Luque Guilherme da Silva Maia, de 6 anos, foi sepultado na manh\u00e3 desta segunda-feira (5), no Cemit\u00e9rio de Bonfim Paulista, zona Sul de Ribeir\u00e3o Preto. Ele e a m\u00e3e, Eliene de Santana Maia, de 33 anos, foram atropelados na manh\u00e3 de quinta-feira (1\u00ba de janeiro). Guilherme e sua\u2026","rel":"","context":"In &quot;Not\u00edcias de Ribeir\u00e3o Preto-SP e Regi\u00e3o&quot;","block_context":{"text":"Not\u00edcias de Ribeir\u00e3o Preto-SP e Regi\u00e3o","link":"https:\/\/noticiasribeiraopreto.com.br\/index.php\/category\/noticias-de-ribeirao-preto-sp-e-regiao-ismael-colosi\/"},"img":{"alt_text":"","src":"https:\/\/i0.wp.com\/noticiasribeiraopreto.com.br\/wp-content\/uploads\/2026\/01\/05-jan-2026-meninoatropelado0-scaled.jpg?fit=1170%2C780&ssl=1&resize=350%2C200","width":350,"height":200,"srcset":"https:\/\/i0.wp.com\/noticiasribeiraopreto.com.br\/wp-content\/uploads\/2026\/01\/05-jan-2026-meninoatropelado0-scaled.jpg?fit=1170%2C780&ssl=1&resize=350%2C200 1x, https:\/\/i0.wp.com\/noticiasribeiraopreto.com.br\/wp-content\/uploads\/2026\/01\/05-jan-2026-meninoatropelado0-scaled.jpg?fit=1170%2C780&ssl=1&resize=525%2C300 1.5x, https:\/\/i0.wp.com\/noticiasribeiraopreto.com.br\/wp-content\/uploads\/2026\/01\/05-jan-2026-meninoatropelado0-scaled.jpg?fit=1170%2C780&ssl=1&resize=700%2C400 2x, https:\/\/i0.wp.com\/noticiasribeiraopreto.com.br\/wp-content\/uploads\/2026\/01\/05-jan-2026-meninoatropelado0-scaled.jpg?fit=1170%2C780&ssl=1&resize=1050%2C600 3x"},"classes":[]},{"id":79781,"url":"https:\/\/noticiasribeiraopreto.com.br\/index.php\/2025\/11\/07\/empresario-condenado-por-atropelar-estudante-durante-protesto-em-ribeirao-tem-pedido-de-soltura-negado\/","url_meta":{"origin":81407,"position":1},"title":"Empres\u00e1rio condenado por atropelar estudante durante protesto em Ribeir\u00e3o tem pedido de soltura negado","author":"noticiasribeiraopreto.com.br","date":"7 de November de 2025","format":false,"excerpt":"Aleksandro\u00a0Ichisato teve negado pela Justi\u00e7a o pedido de liberdade condicional. Ele foi condenado pela morte do estudante Marcos Delefrate, de 18 anos, atropelado durante protestos em Ribeir\u00e3o Preto em junho de 2013. Preso h\u00e1 mais de 12 anos, o empres\u00e1rio teve pedido de soltura negado em agosto, mesmo alegando ter\u2026","rel":"","context":"In &quot;Not\u00edcias de Ribeir\u00e3o Preto-SP e Regi\u00e3o&quot;","block_context":{"text":"Not\u00edcias de Ribeir\u00e3o Preto-SP e Regi\u00e3o","link":"https:\/\/noticiasribeiraopreto.com.br\/index.php\/category\/noticias-de-ribeirao-preto-sp-e-regiao-ismael-colosi\/"},"img":{"alt_text":"","src":"https:\/\/i0.wp.com\/noticiasribeiraopreto.com.br\/wp-content\/uploads\/2025\/11\/Copia-de-Copia-de-Copia-de-TAMANHO-EXATO-PARA-FOTOS-NO-SISTEMA-NOVO-2025-11-07T115443.499_2025-11-07_14-54-48.webp.webp?fit=1200%2C675&ssl=1&resize=350%2C200","width":350,"height":200,"srcset":"https:\/\/i0.wp.com\/noticiasribeiraopreto.com.br\/wp-content\/uploads\/2025\/11\/Copia-de-Copia-de-Copia-de-TAMANHO-EXATO-PARA-FOTOS-NO-SISTEMA-NOVO-2025-11-07T115443.499_2025-11-07_14-54-48.webp.webp?fit=1200%2C675&ssl=1&resize=350%2C200 1x, https:\/\/i0.wp.com\/noticiasribeiraopreto.com.br\/wp-content\/uploads\/2025\/11\/Copia-de-Copia-de-Copia-de-TAMANHO-EXATO-PARA-FOTOS-NO-SISTEMA-NOVO-2025-11-07T115443.499_2025-11-07_14-54-48.webp.webp?fit=1200%2C675&ssl=1&resize=525%2C300 1.5x, https:\/\/i0.wp.com\/noticiasribeiraopreto.com.br\/wp-content\/uploads\/2025\/11\/Copia-de-Copia-de-Copia-de-TAMANHO-EXATO-PARA-FOTOS-NO-SISTEMA-NOVO-2025-11-07T115443.499_2025-11-07_14-54-48.webp.webp?fit=1200%2C675&ssl=1&resize=700%2C400 2x, https:\/\/i0.wp.com\/noticiasribeiraopreto.com.br\/wp-content\/uploads\/2025\/11\/Copia-de-Copia-de-Copia-de-TAMANHO-EXATO-PARA-FOTOS-NO-SISTEMA-NOVO-2025-11-07T115443.499_2025-11-07_14-54-48.webp.webp?fit=1200%2C675&ssl=1&resize=1050%2C600 3x"},"classes":[]},{"id":83479,"url":"https:\/\/noticiasribeiraopreto.com.br\/index.php\/2026\/03\/19\/motociclista-fica-ferido-apos-batida-em-trecho-onde-menino-morreu-atropelado\/","url_meta":{"origin":81407,"position":2},"title":"Motociclista fica ferido ap\u00f3s batida em trecho onde menino morreu atropelado","author":"noticiasribeiraopreto.com.br","date":"19 de March de 2026","format":false,"excerpt":"Um motociclista sofreu ferimentos ap\u00f3s se envolver em uma batida com um carro na noite desta quarta-feira (18), no km 306+990 da rodovia Jos\u00e9 Fregonezi (SP-328), em Bonfim Paulista, distrito na zona Sul de Ribeir\u00e3o Preto. O trecho \u00e9 o mesmo onde m\u00e3e e filho foram atropelados em janeiro deste\u2026","rel":"","context":"In &quot;Not\u00edcias de Ribeir\u00e3o Preto-SP e Regi\u00e3o&quot;","block_context":{"text":"Not\u00edcias de Ribeir\u00e3o Preto-SP e Regi\u00e3o","link":"https:\/\/noticiasribeiraopreto.com.br\/index.php\/category\/noticias-de-ribeirao-preto-sp-e-regiao-ismael-colosi\/"},"img":{"alt_text":"","src":"https:\/\/i0.wp.com\/noticiasribeiraopreto.com.br\/wp-content\/uploads\/2026\/03\/acidente_2026-03-19_11-34-02.webp.webp?fit=1200%2C781&ssl=1&resize=350%2C200","width":350,"height":200,"srcset":"https:\/\/i0.wp.com\/noticiasribeiraopreto.com.br\/wp-content\/uploads\/2026\/03\/acidente_2026-03-19_11-34-02.webp.webp?fit=1200%2C781&ssl=1&resize=350%2C200 1x, https:\/\/i0.wp.com\/noticiasribeiraopreto.com.br\/wp-content\/uploads\/2026\/03\/acidente_2026-03-19_11-34-02.webp.webp?fit=1200%2C781&ssl=1&resize=525%2C300 1.5x, https:\/\/i0.wp.com\/noticiasribeiraopreto.com.br\/wp-content\/uploads\/2026\/03\/acidente_2026-03-19_11-34-02.webp.webp?fit=1200%2C781&ssl=1&resize=700%2C400 2x, https:\/\/i0.wp.com\/noticiasribeiraopreto.com.br\/wp-content\/uploads\/2026\/03\/acidente_2026-03-19_11-34-02.webp.webp?fit=1200%2C781&ssl=1&resize=1050%2C600 3x"},"classes":[]},{"id":64365,"url":"https:\/\/noticiasribeiraopreto.com.br\/index.php\/2025\/03\/07\/crianca-de-4-anos-morre-com-suspeita-de-engasgo-em-ribeirao-preto\/","url_meta":{"origin":81407,"position":3},"title":"Crian\u00e7a de 4 anos morre com suspeita de engasgo em Ribeir\u00e3o Preto","author":"noticiasribeiraopreto.com.br","date":"7 de March de 2025","format":false,"excerpt":"Um menino de 4 anos morreu com suspeita de engasgo na tarde desta quinta-feira (6), na Vila Elisa, zona Norte de Ribeir\u00e3o Preto. Segundo o boletim de ocorr\u00eancia (BO), a m\u00e3e, de 41 anos, disse \u00e0 pol\u00edcia que o filho ficou sozinho em casa por um breve per\u00edodo, quando sua\u2026","rel":"","context":"In &quot;Not\u00edcias de Ribeir\u00e3o Preto-SP e Regi\u00e3o&quot;","block_context":{"text":"Not\u00edcias de Ribeir\u00e3o Preto-SP e Regi\u00e3o","link":"https:\/\/noticiasribeiraopreto.com.br\/index.php\/category\/noticias-de-ribeirao-preto-sp-e-regiao-ismael-colosi\/"},"img":{"alt_text":"","src":"https:\/\/i0.wp.com\/noticiasribeiraopreto.com.br\/wp-content\/uploads\/2025\/03\/cpj_policia_1024x576_21012021082231.jpg?fit=1024%2C576&ssl=1&resize=350%2C200","width":350,"height":200,"srcset":"https:\/\/i0.wp.com\/noticiasribeiraopreto.com.br\/wp-content\/uploads\/2025\/03\/cpj_policia_1024x576_21012021082231.jpg?fit=1024%2C576&ssl=1&resize=350%2C200 1x, https:\/\/i0.wp.com\/noticiasribeiraopreto.com.br\/wp-content\/uploads\/2025\/03\/cpj_policia_1024x576_21012021082231.jpg?fit=1024%2C576&ssl=1&resize=525%2C300 1.5x, https:\/\/i0.wp.com\/noticiasribeiraopreto.com.br\/wp-content\/uploads\/2025\/03\/cpj_policia_1024x576_21012021082231.jpg?fit=1024%2C576&ssl=1&resize=700%2C400 2x"},"classes":[]},{"id":81370,"url":"https:\/\/noticiasribeiraopreto.com.br\/index.php\/2026\/01\/03\/saiba-o-estado-de-saude-de-mae-e-filho-atropelados-em-ribeirao-preto\/","url_meta":{"origin":81407,"position":4},"title":"Saiba o estado de sa\u00fade de m\u00e3e e filho atropelados em Ribeir\u00e3o Preto","author":"noticiasribeiraopreto.com.br","date":"3 de January de 2026","format":false,"excerpt":"M\u00e3e e filho atropelados na quinta-feira (1\u00ba) em Bonfim Paulista, distrito de Ribeir\u00e3o Preto, seguem internados em estado grave. As v\u00edtimas receberam atendimento ap\u00f3s serem atingidas por um carro cujo motorista fugiu sem prestar socorro. De acordo com o boletim de ocorr\u00eancia, Eliene de Santana Maia, de 33 anos, e\u2026","rel":"","context":"In &quot;Not\u00edcias de Ribeir\u00e3o Preto-SP e Regi\u00e3o&quot;","block_context":{"text":"Not\u00edcias de Ribeir\u00e3o Preto-SP e Regi\u00e3o","link":"https:\/\/noticiasribeiraopreto.com.br\/index.php\/category\/noticias-de-ribeirao-preto-sp-e-regiao-ismael-colosi\/"},"img":{"alt_text":"","src":"https:\/\/i0.wp.com\/noticiasribeiraopreto.com.br\/wp-content\/uploads\/2026\/01\/image_2026-01-02_15-42-11.webp.webp?fit=984%2C549&ssl=1&resize=350%2C200","width":350,"height":200,"srcset":"https:\/\/i0.wp.com\/noticiasribeiraopreto.com.br\/wp-content\/uploads\/2026\/01\/image_2026-01-02_15-42-11.webp.webp?fit=984%2C549&ssl=1&resize=350%2C200 1x, https:\/\/i0.wp.com\/noticiasribeiraopreto.com.br\/wp-content\/uploads\/2026\/01\/image_2026-01-02_15-42-11.webp.webp?fit=984%2C549&ssl=1&resize=525%2C300 1.5x, https:\/\/i0.wp.com\/noticiasribeiraopreto.com.br\/wp-content\/uploads\/2026\/01\/image_2026-01-02_15-42-11.webp.webp?fit=984%2C549&ssl=1&resize=700%2C400 2x"},"classes":[]},{"id":67256,"url":"https:\/\/noticiasribeiraopreto.com.br\/index.php\/2025\/04\/11\/menino-de-6-anos-desaparecido-e-encontrado-na-regiao-de-ribeirao-preto\/","url_meta":{"origin":81407,"position":5},"title":"Menino de 6 anos desaparecido \u00e9 encontrado na regi\u00e3o de Ribeir\u00e3o Preto","author":"noticiasribeiraopreto.com.br","date":"11 de April de 2025","format":false,"excerpt":"Um menino de 6 anos, que estava desaparecido deste o fim da manh\u00e3 desta quinta-feira (10), em Jardin\u00f3polis, na regi\u00e3o de Ribeir\u00e3o Preto, foi encontrado nesta sexta-feira (11). Segundo informa\u00e7\u00f5es, a crian\u00e7a estaria dentro do porta-malas do carro da fam\u00edlia, em Jardin\u00f3polis. A m\u00e3e registrou um boletim de ocorr\u00eancia (BO)\u2026","rel":"","context":"In &quot;Not\u00edcias de Ribeir\u00e3o Preto-SP e Regi\u00e3o&quot;","block_context":{"text":"Not\u00edcias de Ribeir\u00e3o Preto-SP e Regi\u00e3o","link":"https:\/\/noticiasribeiraopreto.com.br\/index.php\/category\/noticias-de-ribeirao-preto-sp-e-regiao-ismael-colosi\/"},"img":{"alt_text":"","src":"https:\/\/i0.wp.com\/noticiasribeiraopreto.com.br\/wp-content\/uploads\/2025\/04\/POLICIA_2025-04-11_14-08-31_jpg_2025-04-11_14-08-31.webp.webp?fit=1200%2C757&ssl=1&resize=350%2C200","width":350,"height":200,"srcset":"https:\/\/i0.wp.com\/noticiasribeiraopreto.com.br\/wp-content\/uploads\/2025\/04\/POLICIA_2025-04-11_14-08-31_jpg_2025-04-11_14-08-31.webp.webp?fit=1200%2C757&ssl=1&resize=350%2C200 1x, https:\/\/i0.wp.com\/noticiasribeiraopreto.com.br\/wp-content\/uploads\/2025\/04\/POLICIA_2025-04-11_14-08-31_jpg_2025-04-11_14-08-31.webp.webp?fit=1200%2C757&ssl=1&resize=525%2C300 1.5x, https:\/\/i0.wp.com\/noticiasribeiraopreto.com.br\/wp-content\/uploads\/2025\/04\/POLICIA_2025-04-11_14-08-31_jpg_2025-04-11_14-08-31.webp.webp?fit=1200%2C757&ssl=1&resize=700%2C400 2x, https:\/\/i0.wp.com\/noticiasribeiraopreto.com.br\/wp-content\/uploads\/2025\/04\/POLICIA_2025-04-11_14-08-31_jpg_2025-04-11_14-08-31.webp.webp?fit=1200%2C757&ssl=1&resize=1050%2C600 3x"},"classes":[]}],"jetpack_sharing_enabled":true,"jetpack_shortlink":"https:\/\/wp.me\/peQAOb-lb1","_links":{"self":[{"href":"https:\/\/noticiasribeiraopreto.com.br\/index.php\/wp-json\/wp\/v2\/posts\/81407","targetHints":{"allow":["GET"]}}],"collection":[{"href":"https:\/\/noticiasribeiraopreto.com.br\/index.php\/wp-json\/wp\/v2\/posts"}],"about":[{"href":"https:\/\/noticiasribeiraopreto.com.br\/index.php\/wp-json\/wp\/v2\/types\/post"}],"author":[{"embeddable":true,"href":"https:\/\/noticiasribeiraopreto.com.br\/index.php\/wp-json\/wp\/v2\/users\/1"}],"replies":[{"embeddable":true,"href":"https:\/\/noticiasribeiraopreto.com.br\/index.php\/wp-json\/wp\/v2\/comments?post=81407"}],"version-history":[{"count":0,"href":"https:\/\/noticiasribeiraopreto.com.br\/index.php\/wp-json\/wp\/v2\/posts\/81407\/revisions"}],"wp:featuredmedia":[{"embeddable":true,"href":"https:\/\/noticiasribeiraopreto.com.br\/index.php\/wp-json\/wp\/v2\/media\/81408"}],"wp:attachment":[{"href":"https:\/\/noticiasribeiraopreto.com.br\/index.php\/wp-json\/wp\/v2\/media?parent=81407"}],"wp:term":[{"taxonomy":"category","embeddable":true,"href":"https:\/\/noticiasribeiraopreto.com.br\/index.php\/wp-json\/wp\/v2\/categories?post=81407"},{"taxonomy":"post_tag","embeddable":true,"href":"https:\/\/noticiasribeiraopreto.com.br\/index.php\/wp-json\/wp\/v2\/tags?post=81407"}],"curies":[{"name":"wp","href":"https:\/\/api.w.org\/{rel}","templated":true}]}}