{"id":81409,"date":"2026-01-05T07:48:48","date_gmt":"2026-01-05T10:48:48","guid":{"rendered":"https:\/\/noticiasribeiraopreto.com.br\/index.php\/2026\/01\/05\/morre-crianca-de-6-anos-que-foi-atropelada-junto-com-a-mae-em-ribeirao-preto\/"},"modified":"2026-01-05T07:48:48","modified_gmt":"2026-01-05T10:48:48","slug":"morre-crianca-de-6-anos-que-foi-atropelada-junto-com-a-mae-em-ribeirao-preto","status":"publish","type":"post","link":"https:\/\/noticiasribeiraopreto.com.br\/index.php\/2026\/01\/05\/morre-crianca-de-6-anos-que-foi-atropelada-junto-com-a-mae-em-ribeirao-preto\/","title":{"rendered":"Morre crian\u00e7a de 6 anos que foi atropelada junto com a m\u00e3e em Ribeir\u00e3o Preto"},"content":{"rendered":"<div class='code-block code-block-1' style='margin: 8px 0 8px auto; text-align: right; display: block; clear: both;'>\n<p><a href=\"https:\/\/wa.link\/vpicfd\"><img data-recalc-dims=\"1\" class=\"wp-image-4922\" style=\"aspect-ratio: 2.0253164556962027; width: 561px; height: auto;\" src=\"https:\/\/i0.wp.com\/ismaelcolosi.com.br\/wp-content\/uploads\/2023\/11\/grupo-de-empregos-whatsapp-e-facebook-ismael-colosi-vagas.jpg?ssl=1\" alt=\"\" \/><\/a><\/p>\n<!-- \/wp:image -->\n<\/div>\n<p> <br \/>\n<\/p>\n<div data-td-block-uid=\"tdi_95\">\n<div class=\"tdb-block-inner td-fix-index\">\n<p>A <strong>crian\u00e7a atropelada <\/strong>junto com a m\u00e3e na manh\u00e3 de quinta-feira (1\u00ba), na rua Professor Felisberto Almada, em Bonfim Paulista, distrito de Ribeir\u00e3o Preto, <strong>morreu na madrugada deste domingo (4).<\/strong> O acidente ocorreu no sentido bairro\u2013Centro e foi registrado por c\u00e2meras de seguran\u00e7a.<\/p>\n<p>Segundo o boletim de ocorr\u00eancia, Eliene de Santana Maia, de 33 anos, e o <strong>filho Guilherme da Silva Maia<\/strong>, de 6 anos, foram socorridos e levados \u00e0 Unidade de Emerg\u00eancia do Hospital das Cl\u00ednicas (HC-UE). A mulher sofreu fraturas nas pernas e segue internada. <\/p>\n<p><strong>Guilherme <\/strong>chegou a ser internado no Centro de Terapia Intensiva (CTI) Pedi\u00e1trico, mas<strong> n\u00e3o resistiu aos ferimentos e teve a morte confirmada neste domingo<\/strong><\/p>\n<h3 class=\"wp-block-heading\"><strong>Motorista se apresentou e foi liberado<\/strong><\/h3>\n<p>O motorista que atropelou Guilherme e Eliene se entregou \u00e0 Pol\u00edcia Civil na noite da \u00faltima sexta-feira (2). Segundo a corpora\u00e7\u00e3o, ele compareceu \u00e0 Central de Pol\u00edcia Judici\u00e1ria (CPJ) acompanhado de uma advogada, prestou depoimento e foi liberado em seguida.<\/p>\n<div class=\"wp-block-image\">\n<figure class=\"aligncenter size-full\"><img data-recalc-dims=\"1\" fetchpriority=\"high\" decoding=\"async\" width=\"1024\" height=\"576\" src=\"https:\/\/i0.wp.com\/cdn.media-acidadeon.com.br\/ribeiraopreto\/wp-content\/uploads\/sites\/3\/2026\/01\/image_2026-01-04_14-10-53.webp?resize=1024%2C576&#038;ssl=1\" alt=\"image 2026 01 04 14 10 53\" class=\"wp-image-141049\" title=\"Morre crian\u00e7a de 6 anos que foi atropelada junto com a m\u00e3e em Ribeir\u00e3o Preto 1\" srcset=\"https:\/\/cdn.media-acidadeon.com.br\/ribeiraopreto\/wp-content\/uploads\/sites\/3\/2026\/01\/image_2026-01-04_14-10-53.webp 1024w, https:\/\/cdn.media-acidadeon.com.br\/ribeiraopreto\/wp-content\/uploads\/sites\/3\/2026\/01\/image_2026-01-04_14-10-53-300x169.webp 300w, https:\/\/cdn.media-acidadeon.com.br\/ribeiraopreto\/wp-content\/uploads\/sites\/3\/2026\/01\/image_2026-01-04_14-10-53-768x432.webp 768w, https:\/\/cdn.media-acidadeon.com.br\/ribeiraopreto\/wp-content\/uploads\/sites\/3\/2026\/01\/image_2026-01-04_14-10-53-696x392.webp 696w\" sizes=\"(max-width: 1024px) 100vw, 1024px\"\/><\/figure>\n<\/div>\n<hr class=\"wp-block-separator has-alpha-channel-opacity\"\/>\n<p>SAIBA MAIS<\/p>\n<p>Veja o que se sabe sobre o caso do atropelamento de m\u00e3e e filho em Ribeir\u00e3o Preto<\/p>\n<h2 class=\"wp-block-heading\"><strong>FIQUE ON<\/strong><\/h2>\n<p>Fique ligado em tudo que acontece em Ribeir\u00e3o Preto e regi\u00e3o. Siga os perfis do\u00a0<strong>acidade on<\/strong>\u00a0no<a href=\"https:\/\/www.instagram.com\/acidadeonribeirao\" target=\"_blank\" rel=\"noreferrer noopener\">\u00a0Instagram\u00a0<\/a>e no\u00a0<a href=\"https:\/\/www.facebook.com\/acidadeonribeirao\/\" target=\"_blank\" rel=\"noreferrer noopener\">Facebook<\/a>.<\/p>\n<p>Receba not\u00edcias do<strong>\u00a0acidade on<\/strong>\u00a0no WhatsApp. Para entrar no grupo,\u00a0basta\u00a0<a href=\"https:\/\/chat.whatsapp.com\/I4nieTEMKlf50pJ28aMemC?mode=ac_t\" target=\"_blank\" rel=\"noreferrer noopener\">clicar aqui<\/a>. Ou, acesse o nosso\u00a0Canal\u00a0<a href=\"https:\/\/whatsapp.com\/channel\/0029Vb6IQl1JENyAeS57fk2p\" target=\"_blank\" rel=\"noreferrer noopener\">clicando aqui<\/a>.<\/p>\n<p>Fa\u00e7a uma den\u00fancia ou sugira uma reportagem sobre Ribeir\u00e3o Preto e regi\u00e3o pelo WhatsApp: 16 99117 7802.<\/p>\n<p>VEJA TAMB\u00c9M<\/p>\n<p>Por que Danielle saiu do NewJeans?<\/p>\n<p><!-- AI CONTENT END 1 -->\n<\/div>\n<\/div>\n<p><script async src=\"\/\/www.instagram.com\/embed.js\"><\/script><br \/>\n<br \/><br \/>\n<br \/><a href=\"https:\/\/www.acidadeon.com\/ribeiraopreto\/cotidiano\/morre-crianca-de-6-anos-que-foi-atropelada-junto-com-a-mae-em-ribeirao-preto\/\">Source link <\/a><\/p>\n<!-- CONTENT END 1 -->\n","protected":false},"excerpt":{"rendered":"<p>A crian\u00e7a atropelada junto com a m\u00e3e na manh\u00e3 de quinta-feira (1\u00ba), na rua Professor Felisberto Almada, em Bonfim Paulista, distrito de Ribeir\u00e3o Preto, morreu&#8230;<\/p>\n","protected":false},"author":1,"featured_media":81356,"comment_status":"open","ping_status":"open","sticky":false,"template":"","format":"standard","meta":{"advanced_seo_description":"","jetpack_seo_html_title":"","jetpack_seo_noindex":false,"jetpack_post_was_ever_published":false,"_jetpack_newsletter_access":"","_jetpack_dont_email_post_to_subs":false,"_jetpack_newsletter_tier_id":0,"_jetpack_memberships_contains_paywalled_content":false,"_jetpack_memberships_contains_paid_content":false,"footnotes":"","jetpack_publicize_message":"","jetpack_publicize_feature_enabled":true,"jetpack_social_post_already_shared":true,"jetpack_social_options":{"image_generator_settings":{"template":"highway","default_image_id":0,"font":"","enabled":false},"version":2}},"categories":[11],"tags":[],"class_list":["post-81409","post","type-post","status-publish","format-standard","has-post-thumbnail","hentry","category-noticias-de-ribeirao-preto-sp-e-regiao-ismael-colosi"],"jetpack_publicize_connections":[],"jetpack_featured_media_url":"https:\/\/i0.wp.com\/noticiasribeiraopreto.com.br\/wp-content\/uploads\/2026\/01\/image_2026-01-02_15-42-11.webp.webp?fit=984%2C549&ssl=1","jetpack-related-posts":[{"id":81637,"url":"https:\/\/noticiasribeiraopreto.com.br\/index.php\/2026\/01\/12\/atropelamento-que-matou-crianca-e-feriu-mae-em-ribeirao-envolveu-carro-alugado-diz-advogado\/","url_meta":{"origin":81409,"position":0},"title":"Atropelamento que matou crian\u00e7a e feriu m\u00e3e em Ribeir\u00e3o envolveu carro alugado, diz advogado","author":"noticiasribeiraopreto.com.br","date":"12 de January de 2026","format":false,"excerpt":"O advogado da fam\u00edlia de Guilherme da Silva Maia, de 6 anos, que morreu ap\u00f3s ser atropelado no acostamento de uma rodovia de Bonfim Paulista, distrito de Ribeir\u00e3o Preto, afirmou que o ve\u00edculo conduzido pelo envolvido era alugado. A informa\u00e7\u00e3o foi divulgada neste s\u00e1bado (10), durante uma manifesta\u00e7\u00e3o de amigos\u2026","rel":"","context":"In &quot;Not\u00edcias de Ribeir\u00e3o Preto-SP e Regi\u00e3o&quot;","block_context":{"text":"Not\u00edcias de Ribeir\u00e3o Preto-SP e Regi\u00e3o","link":"https:\/\/noticiasribeiraopreto.com.br\/index.php\/category\/noticias-de-ribeirao-preto-sp-e-regiao-ismael-colosi\/"},"img":{"alt_text":"","src":"https:\/\/i0.wp.com\/noticiasribeiraopreto.com.br\/wp-content\/uploads\/2026\/01\/image_2026-01-02_15-42-11.webp.webp?fit=984%2C549&ssl=1&resize=350%2C200","width":350,"height":200,"srcset":"https:\/\/i0.wp.com\/noticiasribeiraopreto.com.br\/wp-content\/uploads\/2026\/01\/image_2026-01-02_15-42-11.webp.webp?fit=984%2C549&ssl=1&resize=350%2C200 1x, https:\/\/i0.wp.com\/noticiasribeiraopreto.com.br\/wp-content\/uploads\/2026\/01\/image_2026-01-02_15-42-11.webp.webp?fit=984%2C549&ssl=1&resize=525%2C300 1.5x, https:\/\/i0.wp.com\/noticiasribeiraopreto.com.br\/wp-content\/uploads\/2026\/01\/image_2026-01-02_15-42-11.webp.webp?fit=984%2C549&ssl=1&resize=700%2C400 2x"},"classes":[]},{"id":81355,"url":"https:\/\/noticiasribeiraopreto.com.br\/index.php\/2026\/01\/03\/motorista-que-atropelou-mae-e-filho-se-entrega-a-policia-em-ribeirao-preto\/","url_meta":{"origin":81409,"position":1},"title":"Motorista que atropelou m\u00e3e e filho se entrega \u00e0 pol\u00edcia em Ribeir\u00e3o Preto","author":"noticiasribeiraopreto.com.br","date":"3 de January de 2026","format":false,"excerpt":"O motorista que atropelou uma mulher e seu filho em Bonfim Paulista, distrito de Ribeir\u00e3o Preto, se entregou \u00e0 pol\u00edcia na noite desta sexta-feira (2). De acordo com a Pol\u00edcia Civil, ele chegou \u00e0 Central de Pol\u00edcia Judici\u00e1ria (CPJ) acompanhado de sua advogada. Ap\u00f3s prestar depoimento, o motorista foi liberado.\u2026","rel":"","context":"In &quot;Not\u00edcias de Ribeir\u00e3o Preto-SP e Regi\u00e3o&quot;","block_context":{"text":"Not\u00edcias de Ribeir\u00e3o Preto-SP e Regi\u00e3o","link":"https:\/\/noticiasribeiraopreto.com.br\/index.php\/category\/noticias-de-ribeirao-preto-sp-e-regiao-ismael-colosi\/"},"img":{"alt_text":"","src":"https:\/\/i0.wp.com\/noticiasribeiraopreto.com.br\/wp-content\/uploads\/2026\/01\/image_2026-01-02_15-42-11.webp.webp?fit=984%2C549&ssl=1&resize=350%2C200","width":350,"height":200,"srcset":"https:\/\/i0.wp.com\/noticiasribeiraopreto.com.br\/wp-content\/uploads\/2026\/01\/image_2026-01-02_15-42-11.webp.webp?fit=984%2C549&ssl=1&resize=350%2C200 1x, https:\/\/i0.wp.com\/noticiasribeiraopreto.com.br\/wp-content\/uploads\/2026\/01\/image_2026-01-02_15-42-11.webp.webp?fit=984%2C549&ssl=1&resize=525%2C300 1.5x, https:\/\/i0.wp.com\/noticiasribeiraopreto.com.br\/wp-content\/uploads\/2026\/01\/image_2026-01-02_15-42-11.webp.webp?fit=984%2C549&ssl=1&resize=700%2C400 2x"},"classes":[]},{"id":81431,"url":"https:\/\/noticiasribeiraopreto.com.br\/index.php\/2026\/01\/06\/defesa-diz-que-atropelamento-de-mae-e-filho-em-ribeirao-foi-uma-fatalidade-causada-por-distracao\/","url_meta":{"origin":81409,"position":2},"title":"Defesa diz que atropelamento de m\u00e3e e filho em Ribeir\u00e3o foi uma &#8216;fatalidade causada por distra\u00e7\u00e3o&#8217;","author":"noticiasribeiraopreto.com.br","date":"6 de January de 2026","format":false,"excerpt":"A defesa de Gustavo Perissoto de Oliveira divulgou, na noite desta segunda-feira (5), uma nota na qual afirma que o atropelamento de m\u00e3e e filho, ocorrido no dia 1\u00ba de janeiro, em Bonfim Paulista, distrito de Ribeir\u00e3o Preto, foi uma \u201cfatalidade provocada por um momento de distra\u00e7\u00e3o\u201d \u2013 veja a\u2026","rel":"","context":"In &quot;Not\u00edcias de Ribeir\u00e3o Preto-SP e Regi\u00e3o&quot;","block_context":{"text":"Not\u00edcias de Ribeir\u00e3o Preto-SP e Regi\u00e3o","link":"https:\/\/noticiasribeiraopreto.com.br\/index.php\/category\/noticias-de-ribeirao-preto-sp-e-regiao-ismael-colosi\/"},"img":{"alt_text":"","src":"https:\/\/i0.wp.com\/noticiasribeiraopreto.com.br\/wp-content\/uploads\/2026\/01\/domingo-64_2026-01-05_22-25-31.webp.webp?fit=1200%2C675&ssl=1&resize=350%2C200","width":350,"height":200,"srcset":"https:\/\/i0.wp.com\/noticiasribeiraopreto.com.br\/wp-content\/uploads\/2026\/01\/domingo-64_2026-01-05_22-25-31.webp.webp?fit=1200%2C675&ssl=1&resize=350%2C200 1x, https:\/\/i0.wp.com\/noticiasribeiraopreto.com.br\/wp-content\/uploads\/2026\/01\/domingo-64_2026-01-05_22-25-31.webp.webp?fit=1200%2C675&ssl=1&resize=525%2C300 1.5x, https:\/\/i0.wp.com\/noticiasribeiraopreto.com.br\/wp-content\/uploads\/2026\/01\/domingo-64_2026-01-05_22-25-31.webp.webp?fit=1200%2C675&ssl=1&resize=700%2C400 2x, https:\/\/i0.wp.com\/noticiasribeiraopreto.com.br\/wp-content\/uploads\/2026\/01\/domingo-64_2026-01-05_22-25-31.webp.webp?fit=1200%2C675&ssl=1&resize=1050%2C600 3x"},"classes":[]},{"id":81418,"url":"https:\/\/noticiasribeiraopreto.com.br\/index.php\/2026\/01\/05\/menino-atropelado-dia-1o-e-sepultado-em-bonfim-paulista\/","url_meta":{"origin":81409,"position":3},"title":"Menino atropelado dia 1\u00ba \u00e9 sepultado em Bonfim Paulista","author":"noticiasribeiraopreto.com.br","date":"5 de January de 2026","format":false,"excerpt":"Por: Adalberto Luque Guilherme da Silva Maia, de 6 anos, foi sepultado na manh\u00e3 desta segunda-feira (5), no Cemit\u00e9rio de Bonfim Paulista, zona Sul de Ribeir\u00e3o Preto. Ele e a m\u00e3e, Eliene de Santana Maia, de 33 anos, foram atropelados na manh\u00e3 de quinta-feira (1\u00ba de janeiro). Guilherme e sua\u2026","rel":"","context":"In &quot;Not\u00edcias de Ribeir\u00e3o Preto-SP e Regi\u00e3o&quot;","block_context":{"text":"Not\u00edcias de Ribeir\u00e3o Preto-SP e Regi\u00e3o","link":"https:\/\/noticiasribeiraopreto.com.br\/index.php\/category\/noticias-de-ribeirao-preto-sp-e-regiao-ismael-colosi\/"},"img":{"alt_text":"","src":"https:\/\/i0.wp.com\/noticiasribeiraopreto.com.br\/wp-content\/uploads\/2026\/01\/05-jan-2026-meninoatropelado0-scaled.jpg?fit=1170%2C780&ssl=1&resize=350%2C200","width":350,"height":200,"srcset":"https:\/\/i0.wp.com\/noticiasribeiraopreto.com.br\/wp-content\/uploads\/2026\/01\/05-jan-2026-meninoatropelado0-scaled.jpg?fit=1170%2C780&ssl=1&resize=350%2C200 1x, https:\/\/i0.wp.com\/noticiasribeiraopreto.com.br\/wp-content\/uploads\/2026\/01\/05-jan-2026-meninoatropelado0-scaled.jpg?fit=1170%2C780&ssl=1&resize=525%2C300 1.5x, https:\/\/i0.wp.com\/noticiasribeiraopreto.com.br\/wp-content\/uploads\/2026\/01\/05-jan-2026-meninoatropelado0-scaled.jpg?fit=1170%2C780&ssl=1&resize=700%2C400 2x, https:\/\/i0.wp.com\/noticiasribeiraopreto.com.br\/wp-content\/uploads\/2026\/01\/05-jan-2026-meninoatropelado0-scaled.jpg?fit=1170%2C780&ssl=1&resize=1050%2C600 3x"},"classes":[]},{"id":81347,"url":"https:\/\/noticiasribeiraopreto.com.br\/index.php\/2026\/01\/02\/carro-supostamente-envolvido-em-atropelamento-de-mae-e-filho-em-bonfim-e-apreendido\/","url_meta":{"origin":81409,"position":4},"title":"Carro supostamente envolvido em atropelamento de m\u00e3e e filho em Bonfim \u00e9 apreendido","author":"noticiasribeiraopreto.com.br","date":"2 de January de 2026","format":false,"excerpt":"\r \r \r 2 de janeiro de 2026 13:592 de janeiro de 2026 14:01 \r Compartilhar0 Pol\u00edcia Militar localizou ve\u00edculo nesta sexta-feira (2) em uma estrada de terra no bairro Recreio Internacional em Ribeir\u00e3o Preto Um carro abandonado em uma estrada de terra no bairro Recreio Internacional, na zona Leste\u2026","rel":"","context":"In &quot;Not\u00edcias de Ribeir\u00e3o Preto-SP e Regi\u00e3o&quot;","block_context":{"text":"Not\u00edcias de Ribeir\u00e3o Preto-SP e Regi\u00e3o","link":"https:\/\/noticiasribeiraopreto.com.br\/index.php\/category\/noticias-de-ribeirao-preto-sp-e-regiao-ismael-colosi\/"},"img":{"alt_text":"","src":"https:\/\/i0.wp.com\/noticiasribeiraopreto.com.br\/wp-content\/uploads\/2026\/01\/1000204232-scaled.jpg?fit=1200%2C554&ssl=1&resize=350%2C200","width":350,"height":200,"srcset":"https:\/\/i0.wp.com\/noticiasribeiraopreto.com.br\/wp-content\/uploads\/2026\/01\/1000204232-scaled.jpg?fit=1200%2C554&ssl=1&resize=350%2C200 1x, https:\/\/i0.wp.com\/noticiasribeiraopreto.com.br\/wp-content\/uploads\/2026\/01\/1000204232-scaled.jpg?fit=1200%2C554&ssl=1&resize=525%2C300 1.5x, https:\/\/i0.wp.com\/noticiasribeiraopreto.com.br\/wp-content\/uploads\/2026\/01\/1000204232-scaled.jpg?fit=1200%2C554&ssl=1&resize=700%2C400 2x, https:\/\/i0.wp.com\/noticiasribeiraopreto.com.br\/wp-content\/uploads\/2026\/01\/1000204232-scaled.jpg?fit=1200%2C554&ssl=1&resize=1050%2C600 3x"},"classes":[]},{"id":81453,"url":"https:\/\/noticiasribeiraopreto.com.br\/index.php\/2026\/01\/06\/pai-de-menino-morto-apos-atropelamento-presta-depoimento\/","url_meta":{"origin":81409,"position":5},"title":"Pai de menino morto ap\u00f3s atropelamento presta depoimento","author":"noticiasribeiraopreto.com.br","date":"6 de January de 2026","format":false,"excerpt":"Por: Alfredo Risk e Adalberto Luque Albertino da Silva Filho, pai de Guilherme da Silva Maia, de 6 anos, que morreu ap\u00f3s ser atropelado no dia 1\u00ba de janeiro, foi ouvido pelo delegado que investiga o caso na manh\u00e3 desta ter\u00e7a-feira (6). O depoimento de Albertino foi colhido na Central\u2026","rel":"","context":"In &quot;Not\u00edcias de Ribeir\u00e3o Preto-SP e Regi\u00e3o&quot;","block_context":{"text":"Not\u00edcias de Ribeir\u00e3o Preto-SP e Regi\u00e3o","link":"https:\/\/noticiasribeiraopreto.com.br\/index.php\/category\/noticias-de-ribeirao-preto-sp-e-regiao-ismael-colosi\/"},"img":{"alt_text":"","src":"https:\/\/i0.wp.com\/noticiasribeiraopreto.com.br\/wp-content\/uploads\/2026\/01\/06-jan-2026-paitestemunhas-scaled.jpg?fit=1170%2C780&ssl=1&resize=350%2C200","width":350,"height":200,"srcset":"https:\/\/i0.wp.com\/noticiasribeiraopreto.com.br\/wp-content\/uploads\/2026\/01\/06-jan-2026-paitestemunhas-scaled.jpg?fit=1170%2C780&ssl=1&resize=350%2C200 1x, https:\/\/i0.wp.com\/noticiasribeiraopreto.com.br\/wp-content\/uploads\/2026\/01\/06-jan-2026-paitestemunhas-scaled.jpg?fit=1170%2C780&ssl=1&resize=525%2C300 1.5x, https:\/\/i0.wp.com\/noticiasribeiraopreto.com.br\/wp-content\/uploads\/2026\/01\/06-jan-2026-paitestemunhas-scaled.jpg?fit=1170%2C780&ssl=1&resize=700%2C400 2x, https:\/\/i0.wp.com\/noticiasribeiraopreto.com.br\/wp-content\/uploads\/2026\/01\/06-jan-2026-paitestemunhas-scaled.jpg?fit=1170%2C780&ssl=1&resize=1050%2C600 3x"},"classes":[]}],"jetpack_sharing_enabled":true,"jetpack_shortlink":"https:\/\/wp.me\/peQAOb-lb3","_links":{"self":[{"href":"https:\/\/noticiasribeiraopreto.com.br\/index.php\/wp-json\/wp\/v2\/posts\/81409","targetHints":{"allow":["GET"]}}],"collection":[{"href":"https:\/\/noticiasribeiraopreto.com.br\/index.php\/wp-json\/wp\/v2\/posts"}],"about":[{"href":"https:\/\/noticiasribeiraopreto.com.br\/index.php\/wp-json\/wp\/v2\/types\/post"}],"author":[{"embeddable":true,"href":"https:\/\/noticiasribeiraopreto.com.br\/index.php\/wp-json\/wp\/v2\/users\/1"}],"replies":[{"embeddable":true,"href":"https:\/\/noticiasribeiraopreto.com.br\/index.php\/wp-json\/wp\/v2\/comments?post=81409"}],"version-history":[{"count":0,"href":"https:\/\/noticiasribeiraopreto.com.br\/index.php\/wp-json\/wp\/v2\/posts\/81409\/revisions"}],"wp:featuredmedia":[{"embeddable":true,"href":"https:\/\/noticiasribeiraopreto.com.br\/index.php\/wp-json\/wp\/v2\/media\/81356"}],"wp:attachment":[{"href":"https:\/\/noticiasribeiraopreto.com.br\/index.php\/wp-json\/wp\/v2\/media?parent=81409"}],"wp:term":[{"taxonomy":"category","embeddable":true,"href":"https:\/\/noticiasribeiraopreto.com.br\/index.php\/wp-json\/wp\/v2\/categories?post=81409"},{"taxonomy":"post_tag","embeddable":true,"href":"https:\/\/noticiasribeiraopreto.com.br\/index.php\/wp-json\/wp\/v2\/tags?post=81409"}],"curies":[{"name":"wp","href":"https:\/\/api.w.org\/{rel}","templated":true}]}}