{"id":81411,"date":"2026-01-05T08:09:40","date_gmt":"2026-01-05T11:09:40","guid":{"rendered":"https:\/\/noticiasribeiraopreto.com.br\/index.php\/2026\/01\/05\/cachorro-morre-de-infarto-durante-queima-de-fogos-na-virada-do-ano-em-ribeirao-preto\/"},"modified":"2026-01-05T08:09:40","modified_gmt":"2026-01-05T11:09:40","slug":"cachorro-morre-de-infarto-durante-queima-de-fogos-na-virada-do-ano-em-ribeirao-preto","status":"publish","type":"post","link":"https:\/\/noticiasribeiraopreto.com.br\/index.php\/2026\/01\/05\/cachorro-morre-de-infarto-durante-queima-de-fogos-na-virada-do-ano-em-ribeirao-preto\/","title":{"rendered":"Cachorro morre de infarto durante queima de fogos na virada do ano em Ribeir\u00e3o Preto"},"content":{"rendered":"<div class='code-block code-block-1' style='margin: 8px 0 8px auto; text-align: right; display: block; clear: both;'>\n<p><a href=\"https:\/\/wa.link\/vpicfd\"><img data-recalc-dims=\"1\" class=\"wp-image-4922\" style=\"aspect-ratio: 2.0253164556962027; width: 561px; height: auto;\" src=\"https:\/\/i0.wp.com\/ismaelcolosi.com.br\/wp-content\/uploads\/2023\/11\/grupo-de-empregos-whatsapp-e-facebook-ismael-colosi-vagas.jpg?ssl=1\" alt=\"\" \/><\/a><\/p>\n<!-- \/wp:image -->\n<\/div>\n<p> <br \/>\n<\/p>\n<div>\n<p><strong>O barulho intenso dos fogos de artif\u00edcio na virada do ano resultou na morte de um cachorro em Ribeir\u00e3o Preto.<\/strong> O caso aconteceu na noite de 31 de dezembro, na regi\u00e3o da Ch\u00e1cara H\u00edpica, e envolveu Otto Jos\u00e9, um c\u00e3o de quatro anos da ra\u00e7a Pastor Maremano, v\u00edtima de estresse extremo.<\/p>\n<h3 class=\"wp-block-heading\"><strong>Cachorro saud\u00e1vel<\/strong><\/h3>\n<p>Segundo Gabriela Fleury, tutora do pet, a fam\u00edlia havia programado uma viagem para o dia 28 de dezembro. Durante o per\u00edodo, <strong>Otto permaneceu na pr\u00f3pria resid\u00eancia<\/strong>, em <strong>ambiente conhecido e com rotina mantida<\/strong>. Pessoas de confian\u00e7a realizaram visitas di\u00e1rias para garantir alimenta\u00e7\u00e3o, \u00e1gua, limpeza do espa\u00e7o e acompanhamento do animal.<\/p>\n<p>At\u00e9 a noite do Ano Novo, o cachorro apresentou comportamento tranquilo e n\u00e3o demonstrou sinais de altera\u00e7\u00e3o cl\u00ednica. Jovem, saud\u00e1vel e d\u00f3cil, Otto fazia parte da rotina da fam\u00edlia e n\u00e3o possu\u00eda hist\u00f3rico de problemas de sa\u00fade.<\/p>\n<figure class=\"wp-block-pullquote\">\n<blockquote>\n<p>Ele ficou bem todos os dias. Estava tranquilo, comendo normalmente e sem apresentar qualquer sinal de estresse ou problema de sa\u00fade<\/p>\n<p><cite>afirmou a tutora<\/cite><\/p><\/blockquote>\n<\/figure>\n<figure class=\"wp-block-gallery has-nested-images columns-default is-cropped wp-block-gallery-1 is-layout-flex wp-block-gallery-is-layout-flex\">\n<figure class=\"wp-block-image size-large\"><img data-recalc-dims=\"1\" fetchpriority=\"high\" decoding=\"async\" width=\"791\" height=\"1024\" data-id=\"141040\" src=\"https:\/\/i0.wp.com\/cdn.media-acidadeon.com.br\/ribeiraopreto\/wp-content\/uploads\/sites\/3\/2026\/01\/image_2026-01-04_13-29-30-791x1024.webp?resize=791%2C1024&#038;ssl=1\" alt=\"image 2026 01 04 13 29 30\" class=\"wp-image-141040\" title=\"Cachorro morre de infarto durante queima de fogos na virada do ano em Ribeir\u00e3o Preto 1\" srcset=\"https:\/\/cdn.media-acidadeon.com.br\/ribeiraopreto\/wp-content\/uploads\/sites\/3\/2026\/01\/image_2026-01-04_13-29-30-791x1024.webp 791w, https:\/\/cdn.media-acidadeon.com.br\/ribeiraopreto\/wp-content\/uploads\/sites\/3\/2026\/01\/image_2026-01-04_13-29-30-232x300.webp 232w, https:\/\/cdn.media-acidadeon.com.br\/ribeiraopreto\/wp-content\/uploads\/sites\/3\/2026\/01\/image_2026-01-04_13-29-30-768x994.webp 768w, https:\/\/cdn.media-acidadeon.com.br\/ribeiraopreto\/wp-content\/uploads\/sites\/3\/2026\/01\/image_2026-01-04_13-29-30-696x900.webp 696w, https:\/\/cdn.media-acidadeon.com.br\/ribeiraopreto\/wp-content\/uploads\/sites\/3\/2026\/01\/image_2026-01-04_13-29-30-1068x1382.webp 1068w, https:\/\/cdn.media-acidadeon.com.br\/ribeiraopreto\/wp-content\/uploads\/sites\/3\/2026\/01\/image_2026-01-04_13-29-30.webp 1079w\" sizes=\"(max-width: 791px) 100vw, 791px\"\/><\/figure>\n<figure class=\"wp-block-image size-large\"><img data-recalc-dims=\"1\" loading=\"lazy\" decoding=\"async\" width=\"640\" height=\"480\" data-id=\"141039\" src=\"https:\/\/i0.wp.com\/cdn.media-acidadeon.com.br\/ribeiraopreto\/wp-content\/uploads\/sites\/3\/2026\/01\/image_2026-01-04_13-28-38.webp?resize=640%2C480&#038;ssl=1\" alt=\"cachorro &#10;\" class=\"wp-image-141039\" title=\"Cachorro morre de infarto durante queima de fogos na virada do ano em Ribeir\u00e3o Preto 2\" srcset=\"https:\/\/cdn.media-acidadeon.com.br\/ribeiraopreto\/wp-content\/uploads\/sites\/3\/2026\/01\/image_2026-01-04_13-28-38.webp 640w, https:\/\/cdn.media-acidadeon.com.br\/ribeiraopreto\/wp-content\/uploads\/sites\/3\/2026\/01\/image_2026-01-04_13-28-38-300x225.webp 300w\" sizes=\"auto, (max-width: 640px) 100vw, 640px\"\/><\/figure>\n<\/figure>\n<h3 class=\"wp-block-heading\"><strong>Noite da virada <\/strong><\/h3>\n<p>Na noite do Ano-Novo, a queima intensa de fogos de artif\u00edcio na regi\u00e3o coincidiu com o momento da fatalidade. A fam\u00edlia recebeu a informa\u00e7\u00e3o de que o quadro \u00e9 compat\u00edvel com um infarto provocado por estresse agudo, condi\u00e7\u00e3o que acontece em casos de exposi\u00e7\u00e3o a ru\u00eddos intensos.<\/p>\n<p>Ap\u00f3s a morte de Otto, a fam\u00edlia encontrou diversos sinais de desespero do animal dentro do im\u00f3vel.<\/p>\n<figure class=\"wp-block-pullquote\">\n<blockquote>\n<p> O n\u00edvel de estresse dele foi gigante. Encontramos chinelo destru\u00eddo, varal quebrado, a parede de concreto do canil toda cavada e at\u00e9 o port\u00e3o derrubado<\/p>\n<p><cite> relatou a tutora.<\/cite><\/p><\/blockquote>\n<\/figure>\n<figure class=\"wp-block-gallery has-nested-images columns-default is-cropped wp-block-gallery-2 is-layout-flex wp-block-gallery-is-layout-flex\">\n<figure class=\"wp-block-image size-large\"><img data-recalc-dims=\"1\" loading=\"lazy\" decoding=\"async\" width=\"768\" height=\"1024\" data-id=\"141042\" src=\"https:\/\/i0.wp.com\/cdn.media-acidadeon.com.br\/ribeiraopreto\/wp-content\/uploads\/sites\/3\/2026\/01\/Imagem-do-WhatsApp-de-2026-01-04-as-10.18.48_9f9bad27_2026-01-04_13-33-53-768x1024.webp?resize=768%2C1024&#038;ssl=1\" alt=\"Imagem do WhatsApp de 2026 01 04 as 10.18.48 9f9bad27 2026 01 04 13 33 53\" class=\"wp-image-141042\" title=\"Cachorro morre de infarto durante queima de fogos na virada do ano em Ribeir\u00e3o Preto 3\" srcset=\"https:\/\/cdn.media-acidadeon.com.br\/ribeiraopreto\/wp-content\/uploads\/sites\/3\/2026\/01\/Imagem-do-WhatsApp-de-2026-01-04-as-10.18.48_9f9bad27_2026-01-04_13-33-53-768x1024.webp 768w, https:\/\/cdn.media-acidadeon.com.br\/ribeiraopreto\/wp-content\/uploads\/sites\/3\/2026\/01\/Imagem-do-WhatsApp-de-2026-01-04-as-10.18.48_9f9bad27_2026-01-04_13-33-53-225x300.webp 225w, https:\/\/cdn.media-acidadeon.com.br\/ribeiraopreto\/wp-content\/uploads\/sites\/3\/2026\/01\/Imagem-do-WhatsApp-de-2026-01-04-as-10.18.48_9f9bad27_2026-01-04_13-33-53-1152x1536.webp 1152w, https:\/\/cdn.media-acidadeon.com.br\/ribeiraopreto\/wp-content\/uploads\/sites\/3\/2026\/01\/Imagem-do-WhatsApp-de-2026-01-04-as-10.18.48_9f9bad27_2026-01-04_13-33-53-696x928.webp 696w, https:\/\/cdn.media-acidadeon.com.br\/ribeiraopreto\/wp-content\/uploads\/sites\/3\/2026\/01\/Imagem-do-WhatsApp-de-2026-01-04-as-10.18.48_9f9bad27_2026-01-04_13-33-53-1068x1424.webp 1068w, https:\/\/cdn.media-acidadeon.com.br\/ribeiraopreto\/wp-content\/uploads\/sites\/3\/2026\/01\/Imagem-do-WhatsApp-de-2026-01-04-as-10.18.48_9f9bad27_2026-01-04_13-33-53.webp 1200w\" sizes=\"auto, (max-width: 768px) 100vw, 768px\"\/><\/figure>\n<figure class=\"wp-block-image size-large\"><img data-recalc-dims=\"1\" loading=\"lazy\" decoding=\"async\" width=\"768\" height=\"1024\" data-id=\"141043\" src=\"https:\/\/i0.wp.com\/cdn.media-acidadeon.com.br\/ribeiraopreto\/wp-content\/uploads\/sites\/3\/2026\/01\/Imagem-do-WhatsApp-de-2026-01-04-as-10.18.48_da86f7c5_2026-01-04_13-34-07-768x1024.webp?resize=768%2C1024&#038;ssl=1\" alt=\"Imagem do WhatsApp de 2026 01 04 as 10.18.48 da86f7c5 2026 01 04 13 34 07\" class=\"wp-image-141043\" title=\"Cachorro morre de infarto durante queima de fogos na virada do ano em Ribeir\u00e3o Preto 4\" srcset=\"https:\/\/cdn.media-acidadeon.com.br\/ribeiraopreto\/wp-content\/uploads\/sites\/3\/2026\/01\/Imagem-do-WhatsApp-de-2026-01-04-as-10.18.48_da86f7c5_2026-01-04_13-34-07-768x1024.webp 768w, https:\/\/cdn.media-acidadeon.com.br\/ribeiraopreto\/wp-content\/uploads\/sites\/3\/2026\/01\/Imagem-do-WhatsApp-de-2026-01-04-as-10.18.48_da86f7c5_2026-01-04_13-34-07-225x300.webp 225w, https:\/\/cdn.media-acidadeon.com.br\/ribeiraopreto\/wp-content\/uploads\/sites\/3\/2026\/01\/Imagem-do-WhatsApp-de-2026-01-04-as-10.18.48_da86f7c5_2026-01-04_13-34-07-1152x1536.webp 1152w, https:\/\/cdn.media-acidadeon.com.br\/ribeiraopreto\/wp-content\/uploads\/sites\/3\/2026\/01\/Imagem-do-WhatsApp-de-2026-01-04-as-10.18.48_da86f7c5_2026-01-04_13-34-07-696x928.webp 696w, https:\/\/cdn.media-acidadeon.com.br\/ribeiraopreto\/wp-content\/uploads\/sites\/3\/2026\/01\/Imagem-do-WhatsApp-de-2026-01-04-as-10.18.48_da86f7c5_2026-01-04_13-34-07-1068x1424.webp 1068w, https:\/\/cdn.media-acidadeon.com.br\/ribeiraopreto\/wp-content\/uploads\/sites\/3\/2026\/01\/Imagem-do-WhatsApp-de-2026-01-04-as-10.18.48_da86f7c5_2026-01-04_13-34-07.webp 1200w\" sizes=\"auto, (max-width: 768px) 100vw, 768px\"\/><\/figure>\n<\/figure>\n<h3 class=\"wp-block-heading\"><strong>Proibi\u00e7\u00e3o <\/strong><\/h3>\n<p><strong>Uma lei de 2021 pro\u00edbe a queima, soltura e comercializa\u00e7\u00e3o de fogos com estampido.<\/strong> Apenas s\u00e3o permitidos os fogos sem efeito sonoro. O descumprimento pode gerar penalidades.<\/p>\n<p>A fam\u00edlia de Otto Jos\u00e9 pede por um debate mais humano e respons\u00e1vel sobre como celebramos datas importantes, sem causar sofrimento a quem n\u00e3o pode se defender.<\/p>\n<figure class=\"wp-block-pullquote\">\n<blockquote>\n<p>Nossa inten\u00e7\u00e3o ao tornar p\u00fablica a hist\u00f3ria de Otto Jos\u00e9 n\u00e3o \u00e9 expor nossa dor, mas dar voz a um problema silencioso que afeta milhares de fam\u00edlias todos os anos. A perda deixou um vazio imenso e refor\u00e7ou, de forma irrevers\u00edvel, a necessidade de escolhas mais emp\u00e1ticas e conscientes<\/p>\n<p><cite>diz Gabriela<\/cite><\/p><\/blockquote>\n<\/figure>\n<hr class=\"wp-block-separator has-alpha-channel-opacity\"\/>\n<p>SAIBA MAIS<\/p>\n<p>Veja o que se sabe sobre o caso do atropelamento de m\u00e3e e filho em Ribeir\u00e3o Preto<\/p>\n<h2 class=\"wp-block-heading\"><strong>FIQUE ON<\/strong><\/h2>\n<p>Fique ligado em tudo que acontece em Ribeir\u00e3o Preto e regi\u00e3o. Siga os perfis do\u00a0<strong>acidade on<\/strong>\u00a0no<a href=\"https:\/\/www.instagram.com\/acidadeonribeirao\" target=\"_blank\" rel=\"noreferrer noopener\">\u00a0Instagram\u00a0<\/a>e no\u00a0<a href=\"https:\/\/www.facebook.com\/acidadeonribeirao\/\" target=\"_blank\" rel=\"noreferrer noopener\">Facebook<\/a>.<\/p>\n<p>Receba not\u00edcias do<strong>\u00a0acidade on<\/strong>\u00a0no WhatsApp. Para entrar no grupo,\u00a0basta\u00a0<a href=\"https:\/\/chat.whatsapp.com\/I4nieTEMKlf50pJ28aMemC?mode=ac_t\" target=\"_blank\" rel=\"noreferrer noopener\">clicar aqui<\/a>. Ou, acesse o nosso\u00a0Canal\u00a0<a href=\"https:\/\/whatsapp.com\/channel\/0029Vb6IQl1JENyAeS57fk2p\" target=\"_blank\" rel=\"noreferrer noopener\">clicando aqui<\/a>.<\/p>\n<p>Fa\u00e7a uma den\u00fancia ou sugira uma reportagem sobre Ribeir\u00e3o Preto e regi\u00e3o pelo WhatsApp: 16 99117 7802.<\/p>\n<p>VEJA TAMB\u00c9M<\/p>\n<p>Por que Danielle saiu do NewJeans?<\/p>\n<p><!-- AI CONTENT END 1 -->\n<\/div>\n<p><script async src=\"\/\/www.instagram.com\/embed.js\"><\/script><br \/>\n<br \/><br \/>\n<br \/><a href=\"https:\/\/www.acidadeon.com\/ribeiraopreto\/cotidiano\/cachorro-morre-apos-queima-de-fogos-na-virada-do-ano-em-ribeirao-preto\/\">Source link <\/a><\/p>\n<!-- CONTENT END 1 -->\n","protected":false},"excerpt":{"rendered":"<p>O barulho intenso dos fogos de artif\u00edcio na virada do ano resultou na morte de um cachorro em Ribeir\u00e3o Preto. O caso aconteceu na noite&#8230;<\/p>\n","protected":false},"author":1,"featured_media":81412,"comment_status":"open","ping_status":"open","sticky":false,"template":"","format":"standard","meta":{"advanced_seo_description":"","jetpack_seo_html_title":"","jetpack_seo_noindex":false,"jetpack_post_was_ever_published":false,"_jetpack_newsletter_access":"","_jetpack_dont_email_post_to_subs":false,"_jetpack_newsletter_tier_id":0,"_jetpack_memberships_contains_paywalled_content":false,"_jetpack_memberships_contains_paid_content":false,"footnotes":"","jetpack_publicize_message":"","jetpack_publicize_feature_enabled":true,"jetpack_social_post_already_shared":true,"jetpack_social_options":{"image_generator_settings":{"template":"highway","default_image_id":0,"font":"","enabled":false},"version":2}},"categories":[11],"tags":[],"class_list":["post-81411","post","type-post","status-publish","format-standard","has-post-thumbnail","hentry","category-noticias-de-ribeirao-preto-sp-e-regiao-ismael-colosi"],"jetpack_publicize_connections":[],"jetpack_featured_media_url":"https:\/\/i0.wp.com\/noticiasribeiraopreto.com.br\/wp-content\/uploads\/2026\/01\/domingo-22_2026-01-04_13-38-02.webp.webp?fit=1200%2C675&ssl=1","jetpack-related-posts":[{"id":81394,"url":"https:\/\/noticiasribeiraopreto.com.br\/index.php\/2026\/01\/04\/cachorro-morre-ao-se-assustar-com-fogos-de-artificio-e-tentar-fugir-de-casa-na-virada-do-ano\/","url_meta":{"origin":81411,"position":0},"title":"Cachorro morre ao se assustar com fogos de artif\u00edcio e tentar fugir de casa na virada do ano","author":"noticiasribeiraopreto.com.br","date":"4 de January de 2026","format":false,"excerpt":"Um cachorro da ra\u00e7a husky siberiano morreu na \u00faltima quinta-feira (1\u00ba), ap\u00f3s se ferir ao se assustar com fogos de artif\u00edcio da virada do ano, em Gua\u00edra, a 120 quil\u00f4metros de Ribeir\u00e3o Preto. O empres\u00e1rio Leandro Marinaldo Lelis, tutor do animal, relatou que o c\u00e3o Tony, de 3 anos, ficou\u2026","rel":"","context":"In &quot;Not\u00edcias de Ribeir\u00e3o Preto-SP e Regi\u00e3o&quot;","block_context":{"text":"Not\u00edcias de Ribeir\u00e3o Preto-SP e Regi\u00e3o","link":"https:\/\/noticiasribeiraopreto.com.br\/index.php\/category\/noticias-de-ribeirao-preto-sp-e-regiao-ismael-colosi\/"},"img":{"alt_text":"","src":"https:\/\/i0.wp.com\/noticiasribeiraopreto.com.br\/wp-content\/uploads\/2026\/01\/WhatsApp-Image-2026-01-03-at-13.21.16_2026-01-03_16-30-47.webp.webp?fit=1200%2C675&ssl=1&resize=350%2C200","width":350,"height":200,"srcset":"https:\/\/i0.wp.com\/noticiasribeiraopreto.com.br\/wp-content\/uploads\/2026\/01\/WhatsApp-Image-2026-01-03-at-13.21.16_2026-01-03_16-30-47.webp.webp?fit=1200%2C675&ssl=1&resize=350%2C200 1x, https:\/\/i0.wp.com\/noticiasribeiraopreto.com.br\/wp-content\/uploads\/2026\/01\/WhatsApp-Image-2026-01-03-at-13.21.16_2026-01-03_16-30-47.webp.webp?fit=1200%2C675&ssl=1&resize=525%2C300 1.5x, https:\/\/i0.wp.com\/noticiasribeiraopreto.com.br\/wp-content\/uploads\/2026\/01\/WhatsApp-Image-2026-01-03-at-13.21.16_2026-01-03_16-30-47.webp.webp?fit=1200%2C675&ssl=1&resize=700%2C400 2x, https:\/\/i0.wp.com\/noticiasribeiraopreto.com.br\/wp-content\/uploads\/2026\/01\/WhatsApp-Image-2026-01-03-at-13.21.16_2026-01-03_16-30-47.webp.webp?fit=1200%2C675&ssl=1&resize=1050%2C600 3x"},"classes":[]},{"id":81373,"url":"https:\/\/noticiasribeiraopreto.com.br\/index.php\/2026\/01\/03\/cao-morre-apos-se-assustar-com-fogos-de-artificio-na-virada-do-ano-em-guaira\/","url_meta":{"origin":81411,"position":1},"title":"C\u00e3o morre ap\u00f3s se assustar com fogos de artif\u00edcio na virada do ano em Gua\u00edra","author":"noticiasribeiraopreto.com.br","date":"3 de January de 2026","format":false,"excerpt":"\r \r \r 3 de janeiro de 2026 11:553 de janeiro de 2026 11:36 \r Compartilhar0 Um c\u00e3o da ra\u00e7a husky siberiano morreu, na \u00faltima quinta-feira (1\u00ba), depois de se assustar com fogos de artif\u00edcio da virada do ano e se machucar gravemente em Gua\u00edra. Segundo o empres\u00e1rio e tutor\u2026","rel":"","context":"In &quot;Not\u00edcias de Ribeir\u00e3o Preto-SP e Regi\u00e3o&quot;","block_context":{"text":"Not\u00edcias de Ribeir\u00e3o Preto-SP e Regi\u00e3o","link":"https:\/\/noticiasribeiraopreto.com.br\/index.php\/category\/noticias-de-ribeirao-preto-sp-e-regiao-ismael-colosi\/"},"img":{"alt_text":"","src":"https:\/\/i0.wp.com\/noticiasribeiraopreto.com.br\/wp-content\/uploads\/2026\/01\/WhatsApp-Image-2026-01-03-at-11.19.52.jpeg?fit=688%2C387&ssl=1&resize=350%2C200","width":350,"height":200,"srcset":"https:\/\/i0.wp.com\/noticiasribeiraopreto.com.br\/wp-content\/uploads\/2026\/01\/WhatsApp-Image-2026-01-03-at-11.19.52.jpeg?fit=688%2C387&ssl=1&resize=350%2C200 1x, https:\/\/i0.wp.com\/noticiasribeiraopreto.com.br\/wp-content\/uploads\/2026\/01\/WhatsApp-Image-2026-01-03-at-11.19.52.jpeg?fit=688%2C387&ssl=1&resize=525%2C300 1.5x"},"classes":[]},{"id":81305,"url":"https:\/\/noticiasribeiraopreto.com.br\/index.php\/2026\/01\/01\/reveillon-sem-estresse-produtor-musical-de-ribeirao-preto-cria-playlist-para-caes\/","url_meta":{"origin":81411,"position":2},"title":"R\u00e9veillon sem estresse: produtor musical de Ribeir\u00e3o Preto cria playlist para c\u00e3es","author":"noticiasribeiraopreto.com.br","date":"1 de January de 2026","format":false,"excerpt":"Com a chegada do r\u00e9veillon, o barulho intenso dos fogos de artif\u00edcio volta a preocupar tutores de pets em todo o pa\u00eds. Pensando nesse cen\u00e1rio, o produtor musical e empres\u00e1rio Leonardo de Paula Duarte, de Ribeir\u00e3o Preto, desenvolveu playlists criadas especialmente para ajudar c\u00e3es a lidar com o estresse causado\u2026","rel":"","context":"In &quot;Not\u00edcias de Ribeir\u00e3o Preto-SP e Regi\u00e3o&quot;","block_context":{"text":"Not\u00edcias de Ribeir\u00e3o Preto-SP e Regi\u00e3o","link":"https:\/\/noticiasribeiraopreto.com.br\/index.php\/category\/noticias-de-ribeirao-preto-sp-e-regiao-ismael-colosi\/"},"img":{"alt_text":"","src":"https:\/\/i0.wp.com\/noticiasribeiraopreto.com.br\/wp-content\/uploads\/2026\/01\/domingo-17_2025-12-31_18-39-04.webp.webp?fit=1200%2C675&ssl=1&resize=350%2C200","width":350,"height":200,"srcset":"https:\/\/i0.wp.com\/noticiasribeiraopreto.com.br\/wp-content\/uploads\/2026\/01\/domingo-17_2025-12-31_18-39-04.webp.webp?fit=1200%2C675&ssl=1&resize=350%2C200 1x, https:\/\/i0.wp.com\/noticiasribeiraopreto.com.br\/wp-content\/uploads\/2026\/01\/domingo-17_2025-12-31_18-39-04.webp.webp?fit=1200%2C675&ssl=1&resize=525%2C300 1.5x, https:\/\/i0.wp.com\/noticiasribeiraopreto.com.br\/wp-content\/uploads\/2026\/01\/domingo-17_2025-12-31_18-39-04.webp.webp?fit=1200%2C675&ssl=1&resize=700%2C400 2x, https:\/\/i0.wp.com\/noticiasribeiraopreto.com.br\/wp-content\/uploads\/2026\/01\/domingo-17_2025-12-31_18-39-04.webp.webp?fit=1200%2C675&ssl=1&resize=1050%2C600 3x"},"classes":[]},{"id":49864,"url":"https:\/\/noticiasribeiraopreto.com.br\/index.php\/2024\/05\/13\/cachorro-heroi-que-fugiu-apos-incendio-em-ribeirao-preto-e-encontrado\/","url_meta":{"origin":81411,"position":3},"title":"Cachorro \u2018her\u00f3i\u2019 que fugiu ap\u00f3s inc\u00eandio em Ribeir\u00e3o Preto \u00e9 encontrado","author":"noticiasribeiraopreto.com.br","date":"13 de May de 2024","format":false,"excerpt":"Um inc\u00eandio destruiu uma casa, na noite de domingo (12), no bairro Marincek, na zona Norte de Ribeir\u00e3o Preto. No local, mora uma fam\u00edlia e um c\u00e3o da ra\u00e7a Pitbull, que foi quem alertou os tutores sobre as chamas e, em seguida, fugiu assustado. Segundo uma das moradoras, o caso\u2026","rel":"","context":"In &quot;Not\u00edcias de Ribeir\u00e3o Preto-SP e Regi\u00e3o&quot;","block_context":{"text":"Not\u00edcias de Ribeir\u00e3o Preto-SP e Regi\u00e3o","link":"https:\/\/noticiasribeiraopreto.com.br\/index.php\/category\/noticias-de-ribeirao-preto-sp-e-regiao-ismael-colosi\/"},"img":{"alt_text":"","src":"https:\/\/i0.wp.com\/noticiasribeiraopreto.com.br\/wp-content\/uploads\/2024\/05\/AnyConv.com__Copia-de-Copia-de-TAMANHO-EXATO-PARA-FOTOS-NO-SISTEMA-NOVO-3_2024-05-13_21-33-09.webp.webp?fit=1200%2C675&ssl=1&resize=350%2C200","width":350,"height":200,"srcset":"https:\/\/i0.wp.com\/noticiasribeiraopreto.com.br\/wp-content\/uploads\/2024\/05\/AnyConv.com__Copia-de-Copia-de-TAMANHO-EXATO-PARA-FOTOS-NO-SISTEMA-NOVO-3_2024-05-13_21-33-09.webp.webp?fit=1200%2C675&ssl=1&resize=350%2C200 1x, https:\/\/i0.wp.com\/noticiasribeiraopreto.com.br\/wp-content\/uploads\/2024\/05\/AnyConv.com__Copia-de-Copia-de-TAMANHO-EXATO-PARA-FOTOS-NO-SISTEMA-NOVO-3_2024-05-13_21-33-09.webp.webp?fit=1200%2C675&ssl=1&resize=525%2C300 1.5x, https:\/\/i0.wp.com\/noticiasribeiraopreto.com.br\/wp-content\/uploads\/2024\/05\/AnyConv.com__Copia-de-Copia-de-TAMANHO-EXATO-PARA-FOTOS-NO-SISTEMA-NOVO-3_2024-05-13_21-33-09.webp.webp?fit=1200%2C675&ssl=1&resize=700%2C400 2x, https:\/\/i0.wp.com\/noticiasribeiraopreto.com.br\/wp-content\/uploads\/2024\/05\/AnyConv.com__Copia-de-Copia-de-TAMANHO-EXATO-PARA-FOTOS-NO-SISTEMA-NOVO-3_2024-05-13_21-33-09.webp.webp?fit=1200%2C675&ssl=1&resize=1050%2C600 3x"},"classes":[]},{"id":35147,"url":"https:\/\/noticiasribeiraopreto.com.br\/index.php\/2024\/02\/05\/homem-e-preso-por-maus-tratos-contra-cachorro-na-regiao-de-ribeirao-preto\/","url_meta":{"origin":81411,"position":4},"title":"Homem \u00e9 preso por maus-tratos contra cachorro na regi\u00e3o de Ribeir\u00e3o Preto","author":"noticiasribeiraopreto.com.br","date":"5 de February de 2024","format":false,"excerpt":"Um homem de 53 anos foi preso na manh\u00e3 de domingo (4), em C\u00f3rrego Rico, distrito de Jaboticabal, que fica cerca de 60 quil\u00f4metros de Ribeir\u00e3o Preto. Segundo o Boletim de Ocorr\u00eancia, registrado como abuso de animais, policiais militares foram chamados para checar uma den\u00fancia an\u00f4nima de maus-tratos contra animal.\u2026","rel":"","context":"In &quot;Not\u00edcias de Ribeir\u00e3o Preto-SP e Regi\u00e3o&quot;","block_context":{"text":"Not\u00edcias de Ribeir\u00e3o Preto-SP e Regi\u00e3o","link":"https:\/\/noticiasribeiraopreto.com.br\/index.php\/category\/noticias-de-ribeirao-preto-sp-e-regiao-ismael-colosi\/"},"img":{"alt_text":"","src":"https:\/\/i0.wp.com\/noticiasribeiraopreto.com.br\/wp-content\/uploads\/2024\/02\/acidadeon_logos_Prancheta-1-copia-12_edited.jpg?fit=1199%2C1200&ssl=1&resize=350%2C200","width":350,"height":200,"srcset":"https:\/\/i0.wp.com\/noticiasribeiraopreto.com.br\/wp-content\/uploads\/2024\/02\/acidadeon_logos_Prancheta-1-copia-12_edited.jpg?fit=1199%2C1200&ssl=1&resize=350%2C200 1x, https:\/\/i0.wp.com\/noticiasribeiraopreto.com.br\/wp-content\/uploads\/2024\/02\/acidadeon_logos_Prancheta-1-copia-12_edited.jpg?fit=1199%2C1200&ssl=1&resize=525%2C300 1.5x, https:\/\/i0.wp.com\/noticiasribeiraopreto.com.br\/wp-content\/uploads\/2024\/02\/acidadeon_logos_Prancheta-1-copia-12_edited.jpg?fit=1199%2C1200&ssl=1&resize=700%2C400 2x, https:\/\/i0.wp.com\/noticiasribeiraopreto.com.br\/wp-content\/uploads\/2024\/02\/acidadeon_logos_Prancheta-1-copia-12_edited.jpg?fit=1199%2C1200&ssl=1&resize=1050%2C600 3x"},"classes":[]},{"id":35151,"url":"https:\/\/noticiasribeiraopreto.com.br\/index.php\/2024\/02\/05\/homem-e-preso-por-maus-tratos-contra-cachorro-na-regiao-de-ribeirao-preto-2\/","url_meta":{"origin":81411,"position":5},"title":"Homem \u00e9 preso por maus-tratos contra cachorro na regi\u00e3o de Ribeir\u00e3o Preto","author":"noticiasribeiraopreto.com.br","date":"5 de February de 2024","format":false,"excerpt":"Um homem de 53 anos foi preso na manh\u00e3 de domingo (4), em C\u00f3rrego Rico, distrito de Jaboticabal, que fica cerca de 60 quil\u00f4metros de Ribeir\u00e3o Preto. Segundo o Boletim de Ocorr\u00eancia, registrado como abuso de animais, policiais militares foram chamados para checar uma den\u00fancia an\u00f4nima de maus-tratos contra animal.\u2026","rel":"","context":"In &quot;Not\u00edcias de Ribeir\u00e3o Preto-SP e Regi\u00e3o&quot;","block_context":{"text":"Not\u00edcias de Ribeir\u00e3o Preto-SP e Regi\u00e3o","link":"https:\/\/noticiasribeiraopreto.com.br\/index.php\/category\/noticias-de-ribeirao-preto-sp-e-regiao-ismael-colosi\/"},"img":{"alt_text":"","src":"https:\/\/i0.wp.com\/noticiasribeiraopreto.com.br\/wp-content\/uploads\/2024\/02\/1-1.jpg?fit=1200%2C675&ssl=1&resize=350%2C200","width":350,"height":200,"srcset":"https:\/\/i0.wp.com\/noticiasribeiraopreto.com.br\/wp-content\/uploads\/2024\/02\/1-1.jpg?fit=1200%2C675&ssl=1&resize=350%2C200 1x, https:\/\/i0.wp.com\/noticiasribeiraopreto.com.br\/wp-content\/uploads\/2024\/02\/1-1.jpg?fit=1200%2C675&ssl=1&resize=525%2C300 1.5x, https:\/\/i0.wp.com\/noticiasribeiraopreto.com.br\/wp-content\/uploads\/2024\/02\/1-1.jpg?fit=1200%2C675&ssl=1&resize=700%2C400 2x, https:\/\/i0.wp.com\/noticiasribeiraopreto.com.br\/wp-content\/uploads\/2024\/02\/1-1.jpg?fit=1200%2C675&ssl=1&resize=1050%2C600 3x"},"classes":[]}],"jetpack_sharing_enabled":true,"jetpack_shortlink":"https:\/\/wp.me\/peQAOb-lb5","_links":{"self":[{"href":"https:\/\/noticiasribeiraopreto.com.br\/index.php\/wp-json\/wp\/v2\/posts\/81411","targetHints":{"allow":["GET"]}}],"collection":[{"href":"https:\/\/noticiasribeiraopreto.com.br\/index.php\/wp-json\/wp\/v2\/posts"}],"about":[{"href":"https:\/\/noticiasribeiraopreto.com.br\/index.php\/wp-json\/wp\/v2\/types\/post"}],"author":[{"embeddable":true,"href":"https:\/\/noticiasribeiraopreto.com.br\/index.php\/wp-json\/wp\/v2\/users\/1"}],"replies":[{"embeddable":true,"href":"https:\/\/noticiasribeiraopreto.com.br\/index.php\/wp-json\/wp\/v2\/comments?post=81411"}],"version-history":[{"count":0,"href":"https:\/\/noticiasribeiraopreto.com.br\/index.php\/wp-json\/wp\/v2\/posts\/81411\/revisions"}],"wp:featuredmedia":[{"embeddable":true,"href":"https:\/\/noticiasribeiraopreto.com.br\/index.php\/wp-json\/wp\/v2\/media\/81412"}],"wp:attachment":[{"href":"https:\/\/noticiasribeiraopreto.com.br\/index.php\/wp-json\/wp\/v2\/media?parent=81411"}],"wp:term":[{"taxonomy":"category","embeddable":true,"href":"https:\/\/noticiasribeiraopreto.com.br\/index.php\/wp-json\/wp\/v2\/categories?post=81411"},{"taxonomy":"post_tag","embeddable":true,"href":"https:\/\/noticiasribeiraopreto.com.br\/index.php\/wp-json\/wp\/v2\/tags?post=81411"}],"curies":[{"name":"wp","href":"https:\/\/api.w.org\/{rel}","templated":true}]}}