{"id":81413,"date":"2026-01-05T08:20:15","date_gmt":"2026-01-05T11:20:15","guid":{"rendered":"https:\/\/noticiasribeiraopreto.com.br\/index.php\/2026\/01\/05\/confira-a-previsao-do-tempo-para-o-primeiro-domingo-do-ano-em-ribeirao-preto\/"},"modified":"2026-01-05T08:20:15","modified_gmt":"2026-01-05T11:20:15","slug":"confira-a-previsao-do-tempo-para-o-primeiro-domingo-do-ano-em-ribeirao-preto","status":"publish","type":"post","link":"https:\/\/noticiasribeiraopreto.com.br\/index.php\/2026\/01\/05\/confira-a-previsao-do-tempo-para-o-primeiro-domingo-do-ano-em-ribeirao-preto\/","title":{"rendered":"Confira a previs\u00e3o do tempo para o primeiro domingo do ano em Ribeir\u00e3o Preto"},"content":{"rendered":"<div class='code-block code-block-1' style='margin: 8px 0 8px auto; text-align: right; display: block; clear: both;'>\n<p><a href=\"https:\/\/wa.link\/vpicfd\"><img data-recalc-dims=\"1\" class=\"wp-image-4922\" style=\"aspect-ratio: 2.0253164556962027; width: 561px; height: auto;\" src=\"https:\/\/i0.wp.com\/ismaelcolosi.com.br\/wp-content\/uploads\/2023\/11\/grupo-de-empregos-whatsapp-e-facebook-ismael-colosi-vagas.jpg?ssl=1\" alt=\"\" \/><\/a><\/p>\n<!-- \/wp:image -->\n<\/div>\n<p> <br \/>\n<\/p>\n<div data-td-block-uid=\"tdi_95\">\n<div class=\"tdb-block-inner td-fix-index\">\n<p>Ribeir\u00e3o Preto come\u00e7a o primeiro domingo do ano com tempo inst\u00e1vel. A previs\u00e3o indica <strong>sol entre muitas nuvens e possibilidade elevada de chuva<\/strong> a partir da tarde.<\/p>\n<p>De acordo com os dados meteorol\u00f3gicos da <em>Climatempo<\/em>, a <strong>probabilidade de chuva chega a 79%<\/strong>, com pancadas mais fortes previstas principalmente <strong>entre a tarde e a noite<\/strong>. O volume total estimado \u00e9 de <strong>1 mm<\/strong>, suficiente para provocar trechos molhados nas vias e transtornos pontuais em \u00e1reas expostas.<\/p>\n<blockquote class=\"instagram-media\" data-instgrm-permalink=\"https:\/\/www.instagram.com\/reel\/DTFsJ28DuLM\/?utm_source=ig_embed&amp;utm_campaign=loading\" data-instgrm-version=\"14\" style=\" background:#FFF; border:0; border-radius:3px; box-shadow:0 0 1px 0 rgba(0,0,0,0.5),0 1px 10px 0 rgba(0,0,0,0.15); margin: 1px; max-width:540px; min-width:326px; padding:0; width:99.375%; width:-webkit-calc(100% - 2px); width:calc(100% - 2px);\"\/>\n<p>As <strong>temperaturas variam entre 21 \u00b0C e 30 \u00b0C<\/strong>, mantendo o clima quente e abafado no per\u00edodo da manh\u00e3 e mais ameno ao anoitecer. O <strong>vento sopra fraco<\/strong>, com cerca de 8 km\/h.<\/p>\n<p>A <strong>umidade do ar permanece alta<\/strong>, oscilando entre <strong>99% e 61%<\/strong>, o que refor\u00e7a a sensa\u00e7\u00e3o de abafamento durante o dia. O <strong>\u00edndice de raios UV fica em n\u00edvel moderado<\/strong>, exigindo cuidado na exposi\u00e7\u00e3o ao sol, especialmente no per\u00edodo da manh\u00e3.<\/p>\n<hr class=\"wp-block-separator has-alpha-channel-opacity\"\/>\n<p>SAIBA MAIS<\/p>\n<p>Veja o que se sabe sobre o caso do atropelamento de m\u00e3e e filho em Ribeir\u00e3o Preto<\/p>\n<h2 class=\"wp-block-heading\"><strong>FIQUE ON<\/strong><\/h2>\n<p>Fique ligado em tudo que acontece em Ribeir\u00e3o Preto e regi\u00e3o. Siga os perfis do\u00a0<strong>acidade on<\/strong>\u00a0no<a href=\"https:\/\/www.instagram.com\/acidadeonribeirao\" target=\"_blank\" rel=\"noreferrer noopener\">\u00a0Instagram\u00a0<\/a>e no\u00a0<a href=\"https:\/\/www.facebook.com\/acidadeonribeirao\/\" target=\"_blank\" rel=\"noreferrer noopener\">Facebook<\/a>.<\/p>\n<p>Receba not\u00edcias do<strong>\u00a0acidade on<\/strong>\u00a0no WhatsApp. Para entrar no grupo,\u00a0basta\u00a0<a href=\"https:\/\/chat.whatsapp.com\/I4nieTEMKlf50pJ28aMemC?mode=ac_t\" target=\"_blank\" rel=\"noreferrer noopener\">clicar aqui<\/a>. Ou, acesse o nosso\u00a0Canal\u00a0<a href=\"https:\/\/whatsapp.com\/channel\/0029Vb6IQl1JENyAeS57fk2p\" target=\"_blank\" rel=\"noreferrer noopener\">clicando aqui<\/a>.<\/p>\n<p>Fa\u00e7a uma den\u00fancia ou sugira uma reportagem sobre Ribeir\u00e3o Preto e regi\u00e3o pelo WhatsApp: 16 99117 7802.<\/p>\n<p>VEJA TAMB\u00c9M<\/p>\n<p>Por que Danielle saiu do NewJeans?<\/p>\n<p><!-- AI CONTENT END 1 -->\n<\/div>\n<\/div>\n<p><script async src=\"\/\/www.instagram.com\/embed.js\"><\/script><br \/>\n<br \/><br \/>\n<br \/><a href=\"https:\/\/www.acidadeon.com\/ribeiraopreto\/cotidiano\/confira-a-previsao-do-tempo-para-o-primeiro-domingo-do-ano-em-ribeirao-preto\/\">Source link <\/a><\/p>\n<!-- CONTENT END 1 -->\n","protected":false},"excerpt":{"rendered":"<p>Ribeir\u00e3o Preto come\u00e7a o primeiro domingo do ano com tempo inst\u00e1vel. A previs\u00e3o indica sol entre muitas nuvens e possibilidade elevada de chuva a partir&#8230;<\/p>\n","protected":false},"author":1,"featured_media":81414,"comment_status":"open","ping_status":"open","sticky":false,"template":"","format":"standard","meta":{"advanced_seo_description":"","jetpack_seo_html_title":"","jetpack_seo_noindex":false,"jetpack_post_was_ever_published":false,"_jetpack_newsletter_access":"","_jetpack_dont_email_post_to_subs":false,"_jetpack_newsletter_tier_id":0,"_jetpack_memberships_contains_paywalled_content":false,"_jetpack_memberships_contains_paid_content":false,"footnotes":"","jetpack_publicize_message":"","jetpack_publicize_feature_enabled":true,"jetpack_social_post_already_shared":true,"jetpack_social_options":{"image_generator_settings":{"template":"highway","default_image_id":0,"font":"","enabled":false},"version":2}},"categories":[11],"tags":[],"class_list":["post-81413","post","type-post","status-publish","format-standard","has-post-thumbnail","hentry","category-noticias-de-ribeirao-preto-sp-e-regiao-ismael-colosi"],"jetpack_publicize_connections":[],"jetpack_featured_media_url":"https:\/\/i0.wp.com\/noticiasribeiraopreto.com.br\/wp-content\/uploads\/2026\/01\/Imagem-do-WhatsApp-de-2026-01-04-as-09.24.54_333047a6_2026-01-04_12-25-46.webp.webp?fit=1200%2C675&ssl=1","jetpack-related-posts":[{"id":75080,"url":"https:\/\/noticiasribeiraopreto.com.br\/index.php\/2025\/08\/03\/confira-a-previsao-do-tempo-para-ribeirao-preto-neste-domingo-2\/","url_meta":{"origin":81413,"position":0},"title":"Confira a previs\u00e3o do tempo para Ribeir\u00e3o Preto neste domingo","author":"noticiasribeiraopreto.com.br","date":"3 de August de 2025","format":false,"excerpt":"A previs\u00e3o do tempo para Ribeir\u00e3o Preto aponta que este domingo (3) ser\u00e1 de Sol e com muitas nuvens no per\u00edodo da tarde. A Climatempo informa que o per\u00edodo da noite deve ter nebulosidade, mas n\u00e3o h\u00e1 previs\u00e3o de chuva. As temperaturas em Ribeir\u00e3o Preto devem ficar entre 14\u00b0C e\u2026","rel":"","context":"In &quot;Not\u00edcias de Ribeir\u00e3o Preto-SP e Regi\u00e3o&quot;","block_context":{"text":"Not\u00edcias de Ribeir\u00e3o Preto-SP e Regi\u00e3o","link":"https:\/\/noticiasribeiraopreto.com.br\/index.php\/category\/noticias-de-ribeirao-preto-sp-e-regiao-ismael-colosi\/"},"img":{"alt_text":"","src":"https:\/\/i0.wp.com\/noticiasribeiraopreto.com.br\/wp-content\/uploads\/2025\/08\/ceu-ribeirao-preto-3_2025-08-03_12-22-19.webp.webp?fit=1200%2C900&ssl=1&resize=350%2C200","width":350,"height":200,"srcset":"https:\/\/i0.wp.com\/noticiasribeiraopreto.com.br\/wp-content\/uploads\/2025\/08\/ceu-ribeirao-preto-3_2025-08-03_12-22-19.webp.webp?fit=1200%2C900&ssl=1&resize=350%2C200 1x, https:\/\/i0.wp.com\/noticiasribeiraopreto.com.br\/wp-content\/uploads\/2025\/08\/ceu-ribeirao-preto-3_2025-08-03_12-22-19.webp.webp?fit=1200%2C900&ssl=1&resize=525%2C300 1.5x, https:\/\/i0.wp.com\/noticiasribeiraopreto.com.br\/wp-content\/uploads\/2025\/08\/ceu-ribeirao-preto-3_2025-08-03_12-22-19.webp.webp?fit=1200%2C900&ssl=1&resize=700%2C400 2x, https:\/\/i0.wp.com\/noticiasribeiraopreto.com.br\/wp-content\/uploads\/2025\/08\/ceu-ribeirao-preto-3_2025-08-03_12-22-19.webp.webp?fit=1200%2C900&ssl=1&resize=1050%2C600 3x"},"classes":[]},{"id":28014,"url":"https:\/\/noticiasribeiraopreto.com.br\/index.php\/2024\/01\/14\/vem-chuva-veja-a-previsao-do-tempo-para-este-domingo-em-ribeirao-preto\/","url_meta":{"origin":81413,"position":1},"title":"Vem chuva? Veja a previs\u00e3o do tempo para este domingo em Ribeir\u00e3o Preto","author":"noticiasribeiraopreto.com.br","date":"14 de January de 2024","format":false,"excerpt":"Ribeir\u00e3o Preto amanheceu sob muitas nuvens neste domingo (14). A passagem de uma frente fria pelo litoral de S\u00e3o Paulo e do Rio de Janeiro, aumentam as chances de temporais em todo o estado de SP. Na cidade, de acordo com a Climatempo, o domingo ser\u00e1 de sol com muitas\u2026","rel":"","context":"In &quot;Not\u00edcias de Ribeir\u00e3o Preto-SP e Regi\u00e3o&quot;","block_context":{"text":"Not\u00edcias de Ribeir\u00e3o Preto-SP e Regi\u00e3o","link":"https:\/\/noticiasribeiraopreto.com.br\/index.php\/category\/noticias-de-ribeirao-preto-sp-e-regiao-ismael-colosi\/"},"img":{"alt_text":"","src":"https:\/\/i0.wp.com\/noticiasribeiraopreto.com.br\/wp-content\/uploads\/2024\/01\/WhatsApp-Image-2024-01-14-at-10.08.20.jpeg?fit=1200%2C900&ssl=1&resize=350%2C200","width":350,"height":200,"srcset":"https:\/\/i0.wp.com\/noticiasribeiraopreto.com.br\/wp-content\/uploads\/2024\/01\/WhatsApp-Image-2024-01-14-at-10.08.20.jpeg?fit=1200%2C900&ssl=1&resize=350%2C200 1x, https:\/\/i0.wp.com\/noticiasribeiraopreto.com.br\/wp-content\/uploads\/2024\/01\/WhatsApp-Image-2024-01-14-at-10.08.20.jpeg?fit=1200%2C900&ssl=1&resize=525%2C300 1.5x, https:\/\/i0.wp.com\/noticiasribeiraopreto.com.br\/wp-content\/uploads\/2024\/01\/WhatsApp-Image-2024-01-14-at-10.08.20.jpeg?fit=1200%2C900&ssl=1&resize=700%2C400 2x, https:\/\/i0.wp.com\/noticiasribeiraopreto.com.br\/wp-content\/uploads\/2024\/01\/WhatsApp-Image-2024-01-14-at-10.08.20.jpeg?fit=1200%2C900&ssl=1&resize=1050%2C600 3x"},"classes":[]},{"id":83529,"url":"https:\/\/noticiasribeiraopreto.com.br\/index.php\/2026\/03\/20\/vem-mais-chuva-veja-previsao-para-o-primeiro-fim-de-semana-do-outono-em-ribeirao-preto\/","url_meta":{"origin":81413,"position":2},"title":"Vem mais chuva? Veja previs\u00e3o para o primeiro fim de semana do outono em Ribeir\u00e3o Preto","author":"noticiasribeiraopreto.com.br","date":"20 de March de 2026","format":false,"excerpt":"O sexta-feira (20), data que marca oficialmente o in\u00edcio do outono 2026, tem previs\u00e3o de tempo inst\u00e1vel na regi\u00e3o de Ribeir\u00e3o Preto. A nova esta\u00e7\u00e3o come\u00e7a \u00e0s 11h45 (hor\u00e1rio de Bras\u00edlia) e segue at\u00e9 21 de junho, \u00e0s 05h25. Segundo a Climatempo, pancadas isoladas de chuva podem atingir a regi\u00e3o\u2026","rel":"","context":"In &quot;Not\u00edcias de Ribeir\u00e3o Preto-SP e Regi\u00e3o&quot;","block_context":{"text":"Not\u00edcias de Ribeir\u00e3o Preto-SP e Regi\u00e3o","link":"https:\/\/noticiasribeiraopreto.com.br\/index.php\/category\/noticias-de-ribeirao-preto-sp-e-regiao-ismael-colosi\/"},"img":{"alt_text":"","src":"https:\/\/i0.wp.com\/noticiasribeiraopreto.com.br\/wp-content\/uploads\/2026\/03\/WhatsApp-Image-2025-07-10-at-06.39.27_2025-07-10_09-51-14.webp.webp?fit=1200%2C540&ssl=1&resize=350%2C200","width":350,"height":200,"srcset":"https:\/\/i0.wp.com\/noticiasribeiraopreto.com.br\/wp-content\/uploads\/2026\/03\/WhatsApp-Image-2025-07-10-at-06.39.27_2025-07-10_09-51-14.webp.webp?fit=1200%2C540&ssl=1&resize=350%2C200 1x, https:\/\/i0.wp.com\/noticiasribeiraopreto.com.br\/wp-content\/uploads\/2026\/03\/WhatsApp-Image-2025-07-10-at-06.39.27_2025-07-10_09-51-14.webp.webp?fit=1200%2C540&ssl=1&resize=525%2C300 1.5x, https:\/\/i0.wp.com\/noticiasribeiraopreto.com.br\/wp-content\/uploads\/2026\/03\/WhatsApp-Image-2025-07-10-at-06.39.27_2025-07-10_09-51-14.webp.webp?fit=1200%2C540&ssl=1&resize=700%2C400 2x, https:\/\/i0.wp.com\/noticiasribeiraopreto.com.br\/wp-content\/uploads\/2026\/03\/WhatsApp-Image-2025-07-10-at-06.39.27_2025-07-10_09-51-14.webp.webp?fit=1200%2C540&ssl=1&resize=1050%2C600 3x"},"classes":[]},{"id":78504,"url":"https:\/\/noticiasribeiraopreto.com.br\/index.php\/2025\/10\/12\/domingo-de-calor-e-chuva-veja-a-previsao-do-tempo-para-ribeirao-preto\/","url_meta":{"origin":81413,"position":3},"title":"Domingo de calor e chuva? Veja a previs\u00e3o do tempo para Ribeir\u00e3o Preto","author":"noticiasribeiraopreto.com.br","date":"12 de October de 2025","format":false,"excerpt":"O domingo (12) em Ribeir\u00e3o Preto deve ser marcado pela varia\u00e7\u00e3o de nebulosidade e tempo inst\u00e1vel, segundo a Climatempo. A previs\u00e3o indica sol entre muitas nuvens pela manh\u00e3, com aumento de nuvens ao longo do dia e possibilidade de garoa durante a noite. As temperaturas devem variar entre 19\u00b0C e\u2026","rel":"","context":"In &quot;Not\u00edcias de Ribeir\u00e3o Preto-SP e Regi\u00e3o&quot;","block_context":{"text":"Not\u00edcias de Ribeir\u00e3o Preto-SP e Regi\u00e3o","link":"https:\/\/noticiasribeiraopreto.com.br\/index.php\/category\/noticias-de-ribeirao-preto-sp-e-regiao-ismael-colosi\/"},"img":{"alt_text":"","src":"https:\/\/i0.wp.com\/noticiasribeiraopreto.com.br\/wp-content\/uploads\/2025\/10\/WhatsApp-Image-2025-10-12-at-09.48.30_2025-10-12_12-48-40.webp.webp?fit=1200%2C900&ssl=1&resize=350%2C200","width":350,"height":200,"srcset":"https:\/\/i0.wp.com\/noticiasribeiraopreto.com.br\/wp-content\/uploads\/2025\/10\/WhatsApp-Image-2025-10-12-at-09.48.30_2025-10-12_12-48-40.webp.webp?fit=1200%2C900&ssl=1&resize=350%2C200 1x, https:\/\/i0.wp.com\/noticiasribeiraopreto.com.br\/wp-content\/uploads\/2025\/10\/WhatsApp-Image-2025-10-12-at-09.48.30_2025-10-12_12-48-40.webp.webp?fit=1200%2C900&ssl=1&resize=525%2C300 1.5x, https:\/\/i0.wp.com\/noticiasribeiraopreto.com.br\/wp-content\/uploads\/2025\/10\/WhatsApp-Image-2025-10-12-at-09.48.30_2025-10-12_12-48-40.webp.webp?fit=1200%2C900&ssl=1&resize=700%2C400 2x, https:\/\/i0.wp.com\/noticiasribeiraopreto.com.br\/wp-content\/uploads\/2025\/10\/WhatsApp-Image-2025-10-12-at-09.48.30_2025-10-12_12-48-40.webp.webp?fit=1200%2C900&ssl=1&resize=1050%2C600 3x"},"classes":[]},{"id":81320,"url":"https:\/\/noticiasribeiraopreto.com.br\/index.php\/2026\/01\/01\/sol-chuva-ou-calorao-veja-a-previsao-do-tempo-para-o-ultimo-dia-do-ano\/","url_meta":{"origin":81413,"position":4},"title":"Sol, chuva ou calor\u00e3o? Veja a previs\u00e3o do tempo para o \u00faltimo dia do ano","author":"noticiasribeiraopreto.com.br","date":"1 de January de 2026","format":false,"excerpt":"A previs\u00e3o do tempo para Ribeir\u00e3o Preto indica um dia de calor, instabilidade e chuva ao longo desta quarta-feira (31). O sol aparece entre muitas nuvens desde a madrugada e segue presente durante a manh\u00e3, o que mant\u00e9m a sensa\u00e7\u00e3o de tempo abafado na cidade. Ao longo da tarde, o\u2026","rel":"","context":"In &quot;Not\u00edcias de Ribeir\u00e3o Preto-SP e Regi\u00e3o&quot;","block_context":{"text":"Not\u00edcias de Ribeir\u00e3o Preto-SP e Regi\u00e3o","link":"https:\/\/noticiasribeiraopreto.com.br\/index.php\/category\/noticias-de-ribeirao-preto-sp-e-regiao-ismael-colosi\/"},"img":{"alt_text":"","src":"https:\/\/i0.wp.com\/noticiasribeiraopreto.com.br\/wp-content\/uploads\/2026\/01\/IMG_0786_2025-11-17_19-00-21.webp.webp?fit=1200%2C675&ssl=1&resize=350%2C200","width":350,"height":200,"srcset":"https:\/\/i0.wp.com\/noticiasribeiraopreto.com.br\/wp-content\/uploads\/2026\/01\/IMG_0786_2025-11-17_19-00-21.webp.webp?fit=1200%2C675&ssl=1&resize=350%2C200 1x, https:\/\/i0.wp.com\/noticiasribeiraopreto.com.br\/wp-content\/uploads\/2026\/01\/IMG_0786_2025-11-17_19-00-21.webp.webp?fit=1200%2C675&ssl=1&resize=525%2C300 1.5x, https:\/\/i0.wp.com\/noticiasribeiraopreto.com.br\/wp-content\/uploads\/2026\/01\/IMG_0786_2025-11-17_19-00-21.webp.webp?fit=1200%2C675&ssl=1&resize=700%2C400 2x, https:\/\/i0.wp.com\/noticiasribeiraopreto.com.br\/wp-content\/uploads\/2026\/01\/IMG_0786_2025-11-17_19-00-21.webp.webp?fit=1200%2C675&ssl=1&resize=1050%2C600 3x"},"classes":[]},{"id":82054,"url":"https:\/\/noticiasribeiraopreto.com.br\/index.php\/2026\/02\/02\/quer-se-programar-para-curtir-o-domingo-veja-a-previsao-do-tempo\/","url_meta":{"origin":81413,"position":5},"title":"Quer se programar para curtir o domingo? Veja a previs\u00e3o do tempo","author":"noticiasribeiraopreto.com.br","date":"2 de February de 2026","format":false,"excerpt":"Quem pretende se programar para curtir o domingo em Ribeir\u00e3o Preto deve ficar atento \u00e0s condi\u00e7\u00f5es do tempo. A previs\u00e3o indica um dia t\u00edpico de ver\u00e3o, com calor, aberturas de sol e pancadas de chuva ao longo do dia, que podem se estender at\u00e9 a noite. A manh\u00e3 come\u00e7a com\u2026","rel":"","context":"In &quot;Not\u00edcias de Ribeir\u00e3o Preto-SP e Regi\u00e3o&quot;","block_context":{"text":"Not\u00edcias de Ribeir\u00e3o Preto-SP e Regi\u00e3o","link":"https:\/\/noticiasribeiraopreto.com.br\/index.php\/category\/noticias-de-ribeirao-preto-sp-e-regiao-ismael-colosi\/"},"img":{"alt_text":"","src":"https:\/\/i0.wp.com\/noticiasribeiraopreto.com.br\/wp-content\/uploads\/2026\/02\/WhatsApp-Image-2026-02-01-at-09.13.38_2026-02-01_12-28-08.webp.webp?fit=1200%2C675&ssl=1&resize=350%2C200","width":350,"height":200,"srcset":"https:\/\/i0.wp.com\/noticiasribeiraopreto.com.br\/wp-content\/uploads\/2026\/02\/WhatsApp-Image-2026-02-01-at-09.13.38_2026-02-01_12-28-08.webp.webp?fit=1200%2C675&ssl=1&resize=350%2C200 1x, https:\/\/i0.wp.com\/noticiasribeiraopreto.com.br\/wp-content\/uploads\/2026\/02\/WhatsApp-Image-2026-02-01-at-09.13.38_2026-02-01_12-28-08.webp.webp?fit=1200%2C675&ssl=1&resize=525%2C300 1.5x, https:\/\/i0.wp.com\/noticiasribeiraopreto.com.br\/wp-content\/uploads\/2026\/02\/WhatsApp-Image-2026-02-01-at-09.13.38_2026-02-01_12-28-08.webp.webp?fit=1200%2C675&ssl=1&resize=700%2C400 2x, https:\/\/i0.wp.com\/noticiasribeiraopreto.com.br\/wp-content\/uploads\/2026\/02\/WhatsApp-Image-2026-02-01-at-09.13.38_2026-02-01_12-28-08.webp.webp?fit=1200%2C675&ssl=1&resize=1050%2C600 3x"},"classes":[]}],"jetpack_sharing_enabled":true,"jetpack_shortlink":"https:\/\/wp.me\/peQAOb-lb7","_links":{"self":[{"href":"https:\/\/noticiasribeiraopreto.com.br\/index.php\/wp-json\/wp\/v2\/posts\/81413","targetHints":{"allow":["GET"]}}],"collection":[{"href":"https:\/\/noticiasribeiraopreto.com.br\/index.php\/wp-json\/wp\/v2\/posts"}],"about":[{"href":"https:\/\/noticiasribeiraopreto.com.br\/index.php\/wp-json\/wp\/v2\/types\/post"}],"author":[{"embeddable":true,"href":"https:\/\/noticiasribeiraopreto.com.br\/index.php\/wp-json\/wp\/v2\/users\/1"}],"replies":[{"embeddable":true,"href":"https:\/\/noticiasribeiraopreto.com.br\/index.php\/wp-json\/wp\/v2\/comments?post=81413"}],"version-history":[{"count":0,"href":"https:\/\/noticiasribeiraopreto.com.br\/index.php\/wp-json\/wp\/v2\/posts\/81413\/revisions"}],"wp:featuredmedia":[{"embeddable":true,"href":"https:\/\/noticiasribeiraopreto.com.br\/index.php\/wp-json\/wp\/v2\/media\/81414"}],"wp:attachment":[{"href":"https:\/\/noticiasribeiraopreto.com.br\/index.php\/wp-json\/wp\/v2\/media?parent=81413"}],"wp:term":[{"taxonomy":"category","embeddable":true,"href":"https:\/\/noticiasribeiraopreto.com.br\/index.php\/wp-json\/wp\/v2\/categories?post=81413"},{"taxonomy":"post_tag","embeddable":true,"href":"https:\/\/noticiasribeiraopreto.com.br\/index.php\/wp-json\/wp\/v2\/tags?post=81413"}],"curies":[{"name":"wp","href":"https:\/\/api.w.org\/{rel}","templated":true}]}}