{"id":81416,"date":"2026-01-05T10:23:56","date_gmt":"2026-01-05T13:23:56","guid":{"rendered":"https:\/\/noticiasribeiraopreto.com.br\/index.php\/2026\/01\/05\/policia-prossegue-com-inquerito-sobre-feminicidio-na-regiao\/"},"modified":"2026-01-05T10:23:56","modified_gmt":"2026-01-05T13:23:56","slug":"policia-prossegue-com-inquerito-sobre-feminicidio-na-regiao","status":"publish","type":"post","link":"https:\/\/noticiasribeiraopreto.com.br\/index.php\/2026\/01\/05\/policia-prossegue-com-inquerito-sobre-feminicidio-na-regiao\/","title":{"rendered":"Pol\u00edcia prossegue com inqu\u00e9rito sobre feminic\u00eddio na regi\u00e3o"},"content":{"rendered":"<div class='code-block code-block-1' style='margin: 8px 0 8px auto; text-align: right; display: block; clear: both;'>\n<p><a href=\"https:\/\/wa.link\/vpicfd\"><img data-recalc-dims=\"1\" class=\"wp-image-4922\" style=\"aspect-ratio: 2.0253164556962027; width: 561px; height: auto;\" src=\"https:\/\/i0.wp.com\/ismaelcolosi.com.br\/wp-content\/uploads\/2023\/11\/grupo-de-empregos-whatsapp-e-facebook-ismael-colosi-vagas.jpg?ssl=1\" alt=\"\" \/><\/a><\/p>\n<!-- \/wp:image -->\n<\/div>\n<p> <br \/>\n<\/p>\n<div id=\"\">&#13;<\/p>\n<h2 class=\"penci-post-subtitle\">Pai e filho devem ser indiciados por feminic\u00eddio de duas mulheres e pelo homic\u00eddio das tr\u00eas crian\u00e7as, que, a princ\u00edpio, eram consideradas desaparecidas<\/h2>\n<p>&#13;<\/p>\n<p>&#13;<br \/>\n\t\t\t\t\t\t\t\t\t<span class=\"entry-meta-item penci-posted-on\"><i class=\"fa fa-clock-o\"\/><time class=\"entry-date published updated\" datetime=\"2026-01-05T10:15:41-03:00\">5 de janeiro de 2026 10:15<\/time><\/span><span class=\"entry-meta-item penci-post-countview\"\/>\t\t\t\t\t\t\t\t<\/p>\n<p><!-- .entry-meta -->&#13;<br \/>\n\t\t\t\t\t\t\t\t<span class=\"penci-social-buttons penci-social-share-footer\"><span class=\"penci-social-share-text\">Compartilhar<\/span><a href=\"#\" class=\"penci-post-like penci_post-meta_item  single-like-button penci-social-item like\" data-post_id=\"451022\" title=\"Like\" data-like=\"Like\" data-unlike=\"Unlike\"><i class=\"fa fa-thumbs-o-up\"\/><span class=\"penci-share-number\">1<\/span><\/a><i class=\"fa fa-facebook\"\/><a class=\"penci-social-item twitter\" target=\"_blank\" rel=\"noopener\" title=\"\" href=\"https:\/\/twitter.com\/intent\/tweet?text=Pol\u00edcia%20prossegue%20com%20inqu\u00e9rito%20sobre%20feminic\u00eddio%20na%20regi\u00e3o%20-%20https:\/\/www.tribunaribeirao.com.br\/policia-prossegue-com-inquerito-sobre-feminicidio-na-regiao\/\"><i class=\"fa fa-twitter\"\/><\/a><i class=\"fa fa-linkedin\"\/><i class=\"fa fa-whatsapp\"\/><i class=\"fa fa-telegram\"\/><i class=\"fa fa-envelope\"\/><\/span>\t\t\t\t\t\t\t<\/div>\n<div>\n<p>Por: Adalberto Luque<\/p>\n<p>A Pol\u00edcia Civil de Jaboticabal prossegue com os inqu\u00e9ritos que apuram as mortes de J\u00e9ssica Rizzo, de 33 anos, Sabrina de Almeida Lima, de 27 anos e seus tr\u00eas filhos, Eduardo Felipe Lima dos Santos, de 10 anos, Victor Hugo Lima dos Santos, 8 anos e Luiz Henrique Lima dos Santos, 6 anos.<\/p>\n<p>Os cinco foram mortos pelo caseiro Milton Gon\u00e7alves Filho, de 48 anos, e seu filho Leonardo Gon\u00e7alves, de 21 anos. O caso de Sabrina e seus tr\u00eas filhos come\u00e7ou a ser apurado como desaparecimento. Ela estava sumida desde o dia 18 de dezembro e seu companheiro chegou a dizer que ela teria sa\u00eddo para usar coca\u00edna e levou as crian\u00e7as.<\/p>\n<p>No decorrer das investiga\u00e7\u00f5es, Milton admitiu ter matado a companheira e as crian\u00e7as dela. Ele confessou ter usado um fac\u00e3o, uma marreta e uma p\u00e1 para matar a mulher e seus filhos. Depois enterrou os corpos na \u00e1rea da fazenda onde trabalha como caseiro, na zona Rural de Jaboticabal.<\/p>\n<p>No depoimento, Milton disse ter recebido a ajuda do filho Leonardo. Ele disse que os dois tamb\u00e9m mataram sua ex-companheira J\u00e9ssica. O feminic\u00eddio ocorreu em agosto de 2024.<\/p>\n<p>No primeiro feminic\u00eddio, o homem declarou ter dado um carro usado para o filho que o ajudou no crime. Leonardo tamb\u00e9m confessou os crimes relatados pelo pai. Os dois foram presos temporariamente e o delegado requisitou que a pris\u00e3o de ambos fosse convertida em preventiva, isto \u00e9, eles podem ficar presos at\u00e9 o julgamento.<\/p>\n<p>Em depoimento, Milton revelou que conheceu J\u00e9ssica em um carrinho de lanches no Centro de Jaboticabal e que tiveram um breve relacionamento. Depois teria se \u201ccansado\u201d da mulher e decidiu mat\u00e1-la. Contou com a ajuda do filho.<\/p>\n<p>O mesmo ocorreu com Sabrina e seus filhos. Eles foram mortos com golpes de marreta e fac\u00e3o no dia 18 de dezembro. Os cinco corpos estavam enterrados na fazenda.<\/p>\n<figure id=\"attachment_451024\" aria-describedby=\"caption-attachment-451024\" style=\"width: 1040px\" class=\"wp-caption alignnone\"><img data-recalc-dims=\"1\" loading=\"lazy\" decoding=\"async\" class=\"size-full wp-image-451024 lazyload\" src=\"https:\/\/i0.wp.com\/www.tribunaribeirao.com.br\/wp-content\/uploads\/2026\/01\/05-jan-2026-feminicidiojaboticabal2-scaled.jpg?resize=1040%2C780&#038;ssl=1\" alt=\"\" width=\"1040\" height=\"780\" srcset=\"https:\/\/www.tribunaribeirao.com.br\/wp-content\/uploads\/2026\/01\/05-jan-2026-feminicidiojaboticabal2-scaled.jpg 1040w, https:\/\/www.tribunaribeirao.com.br\/wp-content\/uploads\/2026\/01\/05-jan-2026-feminicidiojaboticabal2-300x225.jpg 300w, https:\/\/www.tribunaribeirao.com.br\/wp-content\/uploads\/2026\/01\/05-jan-2026-feminicidiojaboticabal2-1024x768.jpg 1024w, https:\/\/www.tribunaribeirao.com.br\/wp-content\/uploads\/2026\/01\/05-jan-2026-feminicidiojaboticabal2-768x576.jpg 768w, https:\/\/www.tribunaribeirao.com.br\/wp-content\/uploads\/2026\/01\/05-jan-2026-feminicidiojaboticabal2-1536x1152.jpg 1536w, https:\/\/www.tribunaribeirao.com.br\/wp-content\/uploads\/2026\/01\/05-jan-2026-feminicidiojaboticabal2-760x570.jpg 760w, https:\/\/www.tribunaribeirao.com.br\/wp-content\/uploads\/2026\/01\/05-jan-2026-feminicidiojaboticabal2-1920x1440.jpg 1920w, https:\/\/www.tribunaribeirao.com.br\/wp-content\/uploads\/2026\/01\/05-jan-2026-feminicidiojaboticabal2-960x720.jpg 960w, https:\/\/www.tribunaribeirao.com.br\/wp-content\/uploads\/2026\/01\/05-jan-2026-feminicidiojaboticabal2-533x400.jpg 533w, https:\/\/www.tribunaribeirao.com.br\/wp-content\/uploads\/2026\/01\/05-jan-2026-feminicidiojaboticabal2-585x439.jpg 585w\" data-sizes=\"(max-width: 1040px) 100vw, 1040px\" style=\"--smush-placeholder-width: 1040px; --smush-placeholder-aspect-ratio: 1040\/780;\"\/><figcaption id=\"caption-attachment-451024\" class=\"wp-caption-text\">Ap\u00f3s elucida\u00e7\u00e3o dos assassinatos, centenas de pessoas foram \u00e0 frente da delegacia, enquanto os suspeitos eram interrogados (Foto: Portal Cidades Online Jaboticabal\/Rog\u00e9rio Constantino)<\/figcaption><\/figure>\n<p><strong>Revolta<\/strong><\/p>\n<p>Assim que os corpos foram localizados, no dia 23 de dezembro, uma multid\u00e3o foi at\u00e9 a frente da Delegacia de Jaboticabal e protestou por Justi\u00e7a. Cerca de 200 pessoas estiveram no local e a Pol\u00edcia Militar garantiu a seguran\u00e7a do pr\u00e9dio para evitar que a popula\u00e7\u00e3o entrasse no local.<\/p>\n<p>Os dois foram encaminhados para uma unidade prisional, onde devem permanecer at\u00e9 a conclus\u00e3o do inqu\u00e9rito. Milton e Leonardo devem ser indiciados por feminic\u00eddio qualificado, homic\u00eddio qualificado, subtra\u00e7\u00e3o e oculta\u00e7\u00e3o de cad\u00e1veres e destrui\u00e7\u00e3o. A reportagem n\u00e3o conseguiu contato com a defesa dos presos. O delegado respons\u00e1vel pelo caso, Oswaldo Jos\u00e9 da Silva, est\u00e1 de f\u00e9rias e o caso segue em apura\u00e7\u00e3o sob responsabilidade da delegada Carla Carfan, de Pitangueiras.<\/p>\n<figure id=\"attachment_451023\" aria-describedby=\"caption-attachment-451023\" style=\"width: 1040px\" class=\"wp-caption alignnone\"><img data-recalc-dims=\"1\" loading=\"lazy\" decoding=\"async\" class=\"size-full wp-image-451023 lazyload\" src=\"https:\/\/i0.wp.com\/www.tribunaribeirao.com.br\/wp-content\/uploads\/2026\/01\/05-jan-2026-feminicidiojaboticabal1-scaled.jpg?resize=1040%2C780&#038;ssl=1\" alt=\"\" width=\"1040\" height=\"780\" srcset=\"https:\/\/www.tribunaribeirao.com.br\/wp-content\/uploads\/2026\/01\/05-jan-2026-feminicidiojaboticabal1-scaled.jpg 1040w, https:\/\/www.tribunaribeirao.com.br\/wp-content\/uploads\/2026\/01\/05-jan-2026-feminicidiojaboticabal1-300x225.jpg 300w, https:\/\/www.tribunaribeirao.com.br\/wp-content\/uploads\/2026\/01\/05-jan-2026-feminicidiojaboticabal1-1024x768.jpg 1024w, https:\/\/www.tribunaribeirao.com.br\/wp-content\/uploads\/2026\/01\/05-jan-2026-feminicidiojaboticabal1-768x576.jpg 768w, https:\/\/www.tribunaribeirao.com.br\/wp-content\/uploads\/2026\/01\/05-jan-2026-feminicidiojaboticabal1-1536x1152.jpg 1536w, https:\/\/www.tribunaribeirao.com.br\/wp-content\/uploads\/2026\/01\/05-jan-2026-feminicidiojaboticabal1-760x570.jpg 760w, https:\/\/www.tribunaribeirao.com.br\/wp-content\/uploads\/2026\/01\/05-jan-2026-feminicidiojaboticabal1-1920x1440.jpg 1920w, https:\/\/www.tribunaribeirao.com.br\/wp-content\/uploads\/2026\/01\/05-jan-2026-feminicidiojaboticabal1-960x720.jpg 960w, https:\/\/www.tribunaribeirao.com.br\/wp-content\/uploads\/2026\/01\/05-jan-2026-feminicidiojaboticabal1-533x400.jpg 533w, https:\/\/www.tribunaribeirao.com.br\/wp-content\/uploads\/2026\/01\/05-jan-2026-feminicidiojaboticabal1-585x439.jpg 585w\" data-sizes=\"(max-width: 1040px) 100vw, 1040px\" style=\"--smush-placeholder-width: 1040px; --smush-placeholder-aspect-ratio: 1040\/780;\"\/><figcaption id=\"caption-attachment-451023\" class=\"wp-caption-text\">Popula\u00e7\u00e3o pedia Justi\u00e7a e condena\u00e7\u00e3o de pai e filho, que teriam confessado os crimes (Foto: Portal Cidades Online Jaboticabal\/Rog\u00e9rio Constantino)<\/figcaption><\/figure>\n<p>As armas utilizadas no crime foram apreendidas. Os corpos de Sabrina, Eduardo, Victor Hugo e Luiz Henrique foram velados no Gin\u00e1sio de Esportes de Jaboticabal, no dia 24 de dezembro. Foram sepultados no mesmo dia, em clima de grande como\u00e7\u00e3o.<\/p>\n<\/div>\n<p><script async src=\"\/\/platform.twitter.com\/widgets.js\" charset=\"utf-8\"><\/script><br \/>\n<br \/><br \/>\n<br \/><a href=\"https:\/\/www.tribunaribeirao.com.br\/policia-prossegue-com-inquerito-sobre-feminicidio-na-regiao\/\">Source link <\/a><\/p>\n<!-- CONTENT END 1 -->\n","protected":false},"excerpt":{"rendered":"<p>&#13; Pai e filho devem ser indiciados por feminic\u00eddio de duas mulheres e pelo homic\u00eddio das tr\u00eas crian\u00e7as, que, a princ\u00edpio, eram consideradas desaparecidas &#13;&#8230;<\/p>\n","protected":false},"author":1,"featured_media":81417,"comment_status":"open","ping_status":"open","sticky":false,"template":"","format":"standard","meta":{"advanced_seo_description":"","jetpack_seo_html_title":"","jetpack_seo_noindex":false,"jetpack_post_was_ever_published":false,"_jetpack_newsletter_access":"","_jetpack_dont_email_post_to_subs":false,"_jetpack_newsletter_tier_id":0,"_jetpack_memberships_contains_paywalled_content":false,"_jetpack_memberships_contains_paid_content":false,"footnotes":"","jetpack_publicize_message":"","jetpack_publicize_feature_enabled":true,"jetpack_social_post_already_shared":true,"jetpack_social_options":{"image_generator_settings":{"template":"highway","default_image_id":0,"font":"","enabled":false},"version":2}},"categories":[11],"tags":[],"class_list":["post-81416","post","type-post","status-publish","format-standard","has-post-thumbnail","hentry","category-noticias-de-ribeirao-preto-sp-e-regiao-ismael-colosi"],"jetpack_publicize_connections":[],"jetpack_featured_media_url":"https:\/\/i0.wp.com\/noticiasribeiraopreto.com.br\/wp-content\/uploads\/2026\/01\/05-jan-2026-feminicidiojaboticabal3-scaled.jpg?fit=1200%2C750&ssl=1","jetpack-related-posts":[{"id":85207,"url":"https:\/\/noticiasribeiraopreto.com.br\/index.php\/2026\/04\/24\/semana-violenta-jovem-e-vitima-de-feminicidio-na-regiao\/","url_meta":{"origin":81416,"position":0},"title":"Semana violenta: jovem \u00e9 v\u00edtima de feminic\u00eddio na regi\u00e3o","author":"noticiasribeiraopreto.com.br","date":"24 de April de 2026","format":false,"excerpt":"\r Principal suspeito \u00e9 o pai da amiga que estava com ela no momento em que houve o ataque fatal\r \r 24 de abril de 2026 13:17 \r Compartilhar2 | Por: Adalberto Luque | Uma jovem de 20 anos morreu, na manh\u00e3 desta sexta-feira (24). O crime ocorreu na rua\u2026","rel":"","context":"In &quot;Not\u00edcias de Ribeir\u00e3o Preto-SP e Regi\u00e3o&quot;","block_context":{"text":"Not\u00edcias de Ribeir\u00e3o Preto-SP e Regi\u00e3o","link":"https:\/\/noticiasribeiraopreto.com.br\/index.php\/category\/noticias-de-ribeirao-preto-sp-e-regiao-ismael-colosi\/"},"img":{"alt_text":"","src":"https:\/\/i0.wp.com\/noticiasribeiraopreto.com.br\/wp-content\/uploads\/2026\/04\/24-abr-2026-feminicidiopontal-scaled.jpg?fit=1200%2C827&ssl=1&resize=350%2C200","width":350,"height":200,"srcset":"https:\/\/i0.wp.com\/noticiasribeiraopreto.com.br\/wp-content\/uploads\/2026\/04\/24-abr-2026-feminicidiopontal-scaled.jpg?fit=1200%2C827&ssl=1&resize=350%2C200 1x, https:\/\/i0.wp.com\/noticiasribeiraopreto.com.br\/wp-content\/uploads\/2026\/04\/24-abr-2026-feminicidiopontal-scaled.jpg?fit=1200%2C827&ssl=1&resize=525%2C300 1.5x, https:\/\/i0.wp.com\/noticiasribeiraopreto.com.br\/wp-content\/uploads\/2026\/04\/24-abr-2026-feminicidiopontal-scaled.jpg?fit=1200%2C827&ssl=1&resize=700%2C400 2x, https:\/\/i0.wp.com\/noticiasribeiraopreto.com.br\/wp-content\/uploads\/2026\/04\/24-abr-2026-feminicidiopontal-scaled.jpg?fit=1200%2C827&ssl=1&resize=1050%2C600 3x"},"classes":[]},{"id":85264,"url":"https:\/\/noticiasribeiraopreto.com.br\/index.php\/2026\/04\/27\/mais-uma-mulher-e-vitima-de-feminicidio-em-rp\/","url_meta":{"origin":81416,"position":1},"title":"Mais uma mulher \u00e9 v\u00edtima de feminic\u00eddio em RP","author":"noticiasribeiraopreto.com.br","date":"27 de April de 2026","format":false,"excerpt":"\r Crime ocorreu na zona Norte da cidade e suspeito, que confessou o crime, foi preso horas depois na regi\u00e3o\r \r 27 de abril de 2026 09:53 \r Compartilhar1 | Por: Adalberto Luque | Uma mulher de 24 anos foi morta, neste s\u00e1bado (25) a facadas. O crime teria sido\u2026","rel":"","context":"In &quot;Not\u00edcias de Ribeir\u00e3o Preto-SP e Regi\u00e3o&quot;","block_context":{"text":"Not\u00edcias de Ribeir\u00e3o Preto-SP e Regi\u00e3o","link":"https:\/\/noticiasribeiraopreto.com.br\/index.php\/category\/noticias-de-ribeirao-preto-sp-e-regiao-ismael-colosi\/"},"img":{"alt_text":"","src":"https:\/\/i0.wp.com\/noticiasribeiraopreto.com.br\/wp-content\/uploads\/2026\/04\/27-abr-2026-feminicidiorp-scaled.jpg?fit=1200%2C670&ssl=1&resize=350%2C200","width":350,"height":200,"srcset":"https:\/\/i0.wp.com\/noticiasribeiraopreto.com.br\/wp-content\/uploads\/2026\/04\/27-abr-2026-feminicidiorp-scaled.jpg?fit=1200%2C670&ssl=1&resize=350%2C200 1x, https:\/\/i0.wp.com\/noticiasribeiraopreto.com.br\/wp-content\/uploads\/2026\/04\/27-abr-2026-feminicidiorp-scaled.jpg?fit=1200%2C670&ssl=1&resize=525%2C300 1.5x, https:\/\/i0.wp.com\/noticiasribeiraopreto.com.br\/wp-content\/uploads\/2026\/04\/27-abr-2026-feminicidiorp-scaled.jpg?fit=1200%2C670&ssl=1&resize=700%2C400 2x, https:\/\/i0.wp.com\/noticiasribeiraopreto.com.br\/wp-content\/uploads\/2026\/04\/27-abr-2026-feminicidiorp-scaled.jpg?fit=1200%2C670&ssl=1&resize=1050%2C600 3x"},"classes":[]},{"id":61699,"url":"https:\/\/noticiasribeiraopreto.com.br\/index.php\/2024\/12\/19\/mulher-e-esfaqueada-em-tentativa-de-feminicidio-na-regiao-de-ribeirao-preto\/","url_meta":{"origin":81416,"position":2},"title":"Mulher \u00e9 esfaqueada em tentativa de feminic\u00eddio na regi\u00e3o de Ribeir\u00e3o Preto","author":"noticiasribeiraopreto.com.br","date":"19 de December de 2024","format":false,"excerpt":"Uma mulher, de 30 anos, sofreu uma tentativa de feminic\u00eddio na manh\u00e3 desta quinta-feira (19) em Sert\u00e3ozinho, na regi\u00e3o de Ribeir\u00e3o Preto. Segundo o BO (boletim de ocorr\u00eancia), o suspeito \u00e9 o ex-companheiro da v\u00edtima. A mulher foi socorrida pelo Samu (Servi\u00e7o de Atendimento M\u00f3vel de Urg\u00eancia) est\u00e1 internada na\u2026","rel":"","context":"In &quot;Not\u00edcias de Ribeir\u00e3o Preto-SP e Regi\u00e3o&quot;","block_context":{"text":"Not\u00edcias de Ribeir\u00e3o Preto-SP e Regi\u00e3o","link":"https:\/\/noticiasribeiraopreto.com.br\/index.php\/category\/noticias-de-ribeirao-preto-sp-e-regiao-ismael-colosi\/"},"img":{"alt_text":"","src":"https:\/\/i0.wp.com\/noticiasribeiraopreto.com.br\/wp-content\/uploads\/2024\/09\/policia_qru_1200x675_24052022175115_2024-09-13_14-18-22_jpg_2024-09-13_14-18-22.webp.webp?fit=1200%2C675&ssl=1&resize=350%2C200","width":350,"height":200,"srcset":"https:\/\/i0.wp.com\/noticiasribeiraopreto.com.br\/wp-content\/uploads\/2024\/09\/policia_qru_1200x675_24052022175115_2024-09-13_14-18-22_jpg_2024-09-13_14-18-22.webp.webp?fit=1200%2C675&ssl=1&resize=350%2C200 1x, https:\/\/i0.wp.com\/noticiasribeiraopreto.com.br\/wp-content\/uploads\/2024\/09\/policia_qru_1200x675_24052022175115_2024-09-13_14-18-22_jpg_2024-09-13_14-18-22.webp.webp?fit=1200%2C675&ssl=1&resize=525%2C300 1.5x, https:\/\/i0.wp.com\/noticiasribeiraopreto.com.br\/wp-content\/uploads\/2024\/09\/policia_qru_1200x675_24052022175115_2024-09-13_14-18-22_jpg_2024-09-13_14-18-22.webp.webp?fit=1200%2C675&ssl=1&resize=700%2C400 2x, https:\/\/i0.wp.com\/noticiasribeiraopreto.com.br\/wp-content\/uploads\/2024\/09\/policia_qru_1200x675_24052022175115_2024-09-13_14-18-22_jpg_2024-09-13_14-18-22.webp.webp?fit=1200%2C675&ssl=1&resize=1050%2C600 3x"},"classes":[]},{"id":60585,"url":"https:\/\/noticiasribeiraopreto.com.br\/index.php\/2024\/11\/19\/engenheiro-vira-reu-por-tentativa-de-feminicidio-na-regiao-de-ribeirao-preto\/","url_meta":{"origin":81416,"position":3},"title":"Engenheiro vira r\u00e9u por tentativa de feminic\u00eddio na regi\u00e3o de Ribeir\u00e3o Preto","author":"noticiasribeiraopreto.com.br","date":"19 de November de 2024","format":false,"excerpt":"O Tribunal de Justi\u00e7a de S\u00e3o Paulo (TJ-SP) aceitou a den\u00fancia contra o engenheiro Luis Fernando Moreira Bentivoglio Silveira, que passou a ser r\u00e9u no processo que investiga tentativa de feminic\u00eddio, em Franca, cidade a aproximadamente 80 quil\u00f4metros de Ribeir\u00e3o Preto. Ele \u00e9 suspeito de esfaquear a ex-mulher, a filha\u2026","rel":"","context":"In &quot;Not\u00edcias de Ribeir\u00e3o Preto-SP e Regi\u00e3o&quot;","block_context":{"text":"Not\u00edcias de Ribeir\u00e3o Preto-SP e Regi\u00e3o","link":"https:\/\/noticiasribeiraopreto.com.br\/index.php\/category\/noticias-de-ribeirao-preto-sp-e-regiao-ismael-colosi\/"},"img":{"alt_text":"","src":"https:\/\/i0.wp.com\/noticiasribeiraopreto.com.br\/wp-content\/uploads\/2024\/10\/Copia-de-Copia-de-Copia-de-TAMANHO-EXATO-PARA-FOTOS-NO-SISTEMA-NOVO-33_2024-10-22_19-19-24_png_2024-10-22_19-19-25.webp.webp?fit=1200%2C675&ssl=1&resize=350%2C200","width":350,"height":200,"srcset":"https:\/\/i0.wp.com\/noticiasribeiraopreto.com.br\/wp-content\/uploads\/2024\/10\/Copia-de-Copia-de-Copia-de-TAMANHO-EXATO-PARA-FOTOS-NO-SISTEMA-NOVO-33_2024-10-22_19-19-24_png_2024-10-22_19-19-25.webp.webp?fit=1200%2C675&ssl=1&resize=350%2C200 1x, https:\/\/i0.wp.com\/noticiasribeiraopreto.com.br\/wp-content\/uploads\/2024\/10\/Copia-de-Copia-de-Copia-de-TAMANHO-EXATO-PARA-FOTOS-NO-SISTEMA-NOVO-33_2024-10-22_19-19-24_png_2024-10-22_19-19-25.webp.webp?fit=1200%2C675&ssl=1&resize=525%2C300 1.5x, https:\/\/i0.wp.com\/noticiasribeiraopreto.com.br\/wp-content\/uploads\/2024\/10\/Copia-de-Copia-de-Copia-de-TAMANHO-EXATO-PARA-FOTOS-NO-SISTEMA-NOVO-33_2024-10-22_19-19-24_png_2024-10-22_19-19-25.webp.webp?fit=1200%2C675&ssl=1&resize=700%2C400 2x, https:\/\/i0.wp.com\/noticiasribeiraopreto.com.br\/wp-content\/uploads\/2024\/10\/Copia-de-Copia-de-Copia-de-TAMANHO-EXATO-PARA-FOTOS-NO-SISTEMA-NOVO-33_2024-10-22_19-19-24_png_2024-10-22_19-19-25.webp.webp?fit=1200%2C675&ssl=1&resize=1050%2C600 3x"},"classes":[]},{"id":58175,"url":"https:\/\/noticiasribeiraopreto.com.br\/index.php\/2024\/09\/20\/gravida-sofre-tentativa-de-feminicidio-na-zona-norte-de-ribeirao-preto\/","url_meta":{"origin":81416,"position":4},"title":"Gr\u00e1vida sofre tentativa de feminic\u00eddio na zona Norte de Ribeir\u00e3o Preto","author":"noticiasribeiraopreto.com.br","date":"20 de September de 2024","format":false,"excerpt":"Uma mulher de 39 anos, que est\u00e1 gr\u00e1vida de dois meses, foi alvo de disparos de arma de fogo na madrugada desta sexta-feira (20), no bairro Avelino Alves Palma, zona Norte de Ribeir\u00e3o Preto. O companheiro dela, de 31 anos, foi preso suspeito de tentativa de feminic\u00eddio. Segundo o boletim\u2026","rel":"","context":"In &quot;Not\u00edcias de Ribeir\u00e3o Preto-SP e Regi\u00e3o&quot;","block_context":{"text":"Not\u00edcias de Ribeir\u00e3o Preto-SP e Regi\u00e3o","link":"https:\/\/noticiasribeiraopreto.com.br\/index.php\/category\/noticias-de-ribeirao-preto-sp-e-regiao-ismael-colosi\/"},"img":{"alt_text":"","src":"https:\/\/i0.wp.com\/noticiasribeiraopreto.com.br\/wp-content\/uploads\/2024\/09\/TENTA-FEMINICIDIO_2024-09-20_14-11-24_jpg_2024-09-20_14-11-24.webp.webp?fit=1200%2C733&ssl=1&resize=350%2C200","width":350,"height":200,"srcset":"https:\/\/i0.wp.com\/noticiasribeiraopreto.com.br\/wp-content\/uploads\/2024\/09\/TENTA-FEMINICIDIO_2024-09-20_14-11-24_jpg_2024-09-20_14-11-24.webp.webp?fit=1200%2C733&ssl=1&resize=350%2C200 1x, https:\/\/i0.wp.com\/noticiasribeiraopreto.com.br\/wp-content\/uploads\/2024\/09\/TENTA-FEMINICIDIO_2024-09-20_14-11-24_jpg_2024-09-20_14-11-24.webp.webp?fit=1200%2C733&ssl=1&resize=525%2C300 1.5x, https:\/\/i0.wp.com\/noticiasribeiraopreto.com.br\/wp-content\/uploads\/2024\/09\/TENTA-FEMINICIDIO_2024-09-20_14-11-24_jpg_2024-09-20_14-11-24.webp.webp?fit=1200%2C733&ssl=1&resize=700%2C400 2x, https:\/\/i0.wp.com\/noticiasribeiraopreto.com.br\/wp-content\/uploads\/2024\/09\/TENTA-FEMINICIDIO_2024-09-20_14-11-24_jpg_2024-09-20_14-11-24.webp.webp?fit=1200%2C733&ssl=1&resize=1050%2C600 3x"},"classes":[]},{"id":76561,"url":"https:\/\/noticiasribeiraopreto.com.br\/index.php\/2025\/08\/31\/mulher-morre-apos-ser-esfaqueada-na-regiao-de-ribeirao-policia-suspeita-de-feminicidio\/","url_meta":{"origin":81416,"position":5},"title":"Mulher morre ap\u00f3s ser esfaqueada na regi\u00e3o de Ribeir\u00e3o; pol\u00edcia suspeita de feminic\u00eddio","author":"noticiasribeiraopreto.com.br","date":"31 de August de 2025","format":false,"excerpt":"Uma mulher de 42 anos foi morta a facadas em Morro Agudo, cidade a 70 quil\u00f4metros de Ribeir\u00e3o Preto. O crime aconteceu na noite de s\u00e1bado (30), no bairro Alfredo Benedetti, e foi registrado como feminic\u00eddio. De acordo com o BO (boletim de ocorr\u00eancia), a filha de Suelen Cristina Hon\u00f3rio\u2026","rel":"","context":"In &quot;Not\u00edcias de Ribeir\u00e3o Preto-SP e Regi\u00e3o&quot;","block_context":{"text":"Not\u00edcias de Ribeir\u00e3o Preto-SP e Regi\u00e3o","link":"https:\/\/noticiasribeiraopreto.com.br\/index.php\/category\/noticias-de-ribeirao-preto-sp-e-regiao-ismael-colosi\/"},"img":{"alt_text":"","src":"https:\/\/i0.wp.com\/noticiasribeiraopreto.com.br\/wp-content\/uploads\/2025\/08\/suelen_2025-08-31_20-22-37.webp.webp?fit=1081%2C843&ssl=1&resize=350%2C200","width":350,"height":200,"srcset":"https:\/\/i0.wp.com\/noticiasribeiraopreto.com.br\/wp-content\/uploads\/2025\/08\/suelen_2025-08-31_20-22-37.webp.webp?fit=1081%2C843&ssl=1&resize=350%2C200 1x, https:\/\/i0.wp.com\/noticiasribeiraopreto.com.br\/wp-content\/uploads\/2025\/08\/suelen_2025-08-31_20-22-37.webp.webp?fit=1081%2C843&ssl=1&resize=525%2C300 1.5x, https:\/\/i0.wp.com\/noticiasribeiraopreto.com.br\/wp-content\/uploads\/2025\/08\/suelen_2025-08-31_20-22-37.webp.webp?fit=1081%2C843&ssl=1&resize=700%2C400 2x, https:\/\/i0.wp.com\/noticiasribeiraopreto.com.br\/wp-content\/uploads\/2025\/08\/suelen_2025-08-31_20-22-37.webp.webp?fit=1081%2C843&ssl=1&resize=1050%2C600 3x"},"classes":[]}],"jetpack_sharing_enabled":true,"jetpack_shortlink":"https:\/\/wp.me\/peQAOb-lba","_links":{"self":[{"href":"https:\/\/noticiasribeiraopreto.com.br\/index.php\/wp-json\/wp\/v2\/posts\/81416","targetHints":{"allow":["GET"]}}],"collection":[{"href":"https:\/\/noticiasribeiraopreto.com.br\/index.php\/wp-json\/wp\/v2\/posts"}],"about":[{"href":"https:\/\/noticiasribeiraopreto.com.br\/index.php\/wp-json\/wp\/v2\/types\/post"}],"author":[{"embeddable":true,"href":"https:\/\/noticiasribeiraopreto.com.br\/index.php\/wp-json\/wp\/v2\/users\/1"}],"replies":[{"embeddable":true,"href":"https:\/\/noticiasribeiraopreto.com.br\/index.php\/wp-json\/wp\/v2\/comments?post=81416"}],"version-history":[{"count":0,"href":"https:\/\/noticiasribeiraopreto.com.br\/index.php\/wp-json\/wp\/v2\/posts\/81416\/revisions"}],"wp:featuredmedia":[{"embeddable":true,"href":"https:\/\/noticiasribeiraopreto.com.br\/index.php\/wp-json\/wp\/v2\/media\/81417"}],"wp:attachment":[{"href":"https:\/\/noticiasribeiraopreto.com.br\/index.php\/wp-json\/wp\/v2\/media?parent=81416"}],"wp:term":[{"taxonomy":"category","embeddable":true,"href":"https:\/\/noticiasribeiraopreto.com.br\/index.php\/wp-json\/wp\/v2\/categories?post=81416"},{"taxonomy":"post_tag","embeddable":true,"href":"https:\/\/noticiasribeiraopreto.com.br\/index.php\/wp-json\/wp\/v2\/tags?post=81416"}],"curies":[{"name":"wp","href":"https:\/\/api.w.org\/{rel}","templated":true}]}}