{"id":81420,"date":"2026-01-05T12:40:03","date_gmt":"2026-01-05T15:40:03","guid":{"rendered":"https:\/\/noticiasribeiraopreto.com.br\/index.php\/2026\/01\/05\/apos-venezuela-trump-ameaca-tomar-groenlandia-e-atacar-colombia\/"},"modified":"2026-01-05T12:40:03","modified_gmt":"2026-01-05T15:40:03","slug":"apos-venezuela-trump-ameaca-tomar-groenlandia-e-atacar-colombia","status":"publish","type":"post","link":"https:\/\/noticiasribeiraopreto.com.br\/index.php\/2026\/01\/05\/apos-venezuela-trump-ameaca-tomar-groenlandia-e-atacar-colombia\/","title":{"rendered":"Ap\u00f3s Venezuela, Trump amea\u00e7a tomar Groenl\u00e2ndia e atacar Col\u00f4mbia"},"content":{"rendered":"<div class='code-block code-block-1' style='margin: 8px 0 8px auto; text-align: right; display: block; clear: both;'>\n<p><a href=\"https:\/\/wa.link\/vpicfd\"><img data-recalc-dims=\"1\" class=\"wp-image-4922\" style=\"aspect-ratio: 2.0253164556962027; width: 561px; height: auto;\" src=\"https:\/\/i0.wp.com\/ismaelcolosi.com.br\/wp-content\/uploads\/2023\/11\/grupo-de-empregos-whatsapp-e-facebook-ismael-colosi-vagas.jpg?ssl=1\" alt=\"\" \/><\/a><\/p>\n<!-- \/wp:image -->\n<\/div>\n<p> <br \/>\n<\/p>\n<div>\n<p>Um dia ap\u00f3s bombardear a Venezuela e sequestrar o presidente Nicol\u00e1s Maduro, o presidente dos Estados Unidos (EUA), Donald Trump, amea\u00e7ou anexar a Groenl\u00e2ndia, territ\u00f3rio semiaut\u00f4nomo ligado \u00e0 Dinamarca, e sugeriu uma a\u00e7\u00e3o militar contra o governo da Col\u00f4mbia, de Gustavo Petro<\/p>\n<p>A primeira-ministra da Dinamarca, Mette Frederiksen, emitiu nota afirmando que os EUA n\u00e3o t\u00eam qualquer direito de anexar nenhum dos pa\u00edses do Reino da Dinamarca.<\/p>\n<p>\u201cTenho que dizer isso muito diretamente aos Estados Unidos: n\u00e3o faz absolutamente nenhum sentido falar sobre a necessidade de os EUA tomarem posse da Groenl\u00e2ndia\u201d, disse Frederiksen.<\/p>\n<p>A chefe do\u00a0Estado europeu lembrou que a Dinamarca faz parte da Organiza\u00e7\u00e3o do Tratado do Atl\u00e2ntico Norte (Otan) e est\u00e1 coberta pela garantia de seguran\u00e7a da alian\u00e7a militar, que \u00e9 encabe\u00e7ada pelos pr\u00f3prios EUA.<\/p>\n<p>\u201cJ\u00e1 temos um acordo de defesa entre o Reino e os Estados Unidos, que concede aos EUA amplo acesso \u00e0 Groenl\u00e2ndia. E n\u00f3s, por parte do Reino, investimos significativamente em seguran\u00e7a no \u00c1rtico\u201d, completou.<\/p>\n<p>A primeira-ministra da Dinamarca ainda apelou para o fim das amea\u00e7as.<\/p>\n<p>\u201cInsisto veementemente para que os EUA cessem as amea\u00e7as contra um aliado hist\u00f3rico e contra outro pa\u00eds e outro povo que j\u00e1 deixaram bem claro que n\u00e3o est\u00e3o \u00e0 venda\u201d, finalizou.<\/p>\n<p>Em uma rede social, o primeiro-ministro da Groenl\u00e2ndia, Jens Frederik Nielsen, disse que a amea\u00e7a \u00e9 inaceit\u00e1vel.<\/p>\n<p>\u201cQuando o presidente dos Estados Unidos fala \u201cprecisamos da Groenl\u00e2ndia\u201d e nos liga com a Venezuela e interven\u00e7\u00e3o militar, n\u00e3o \u00e9 s\u00f3 errado. Isto \u00e9 t\u00e3o desrespeitoso. Nosso pa\u00eds n\u00e3o \u00e9 objeto de ret\u00f3rica de superpot\u00eancia\u201d, comentou.<\/p>\n<p>Em entrevista \u00e0 revista The Atlantic, Trump afirmou, nesse domingo (4), que Washington \u201cprecisa\u201d da Groenl\u00e2ndia para a seguran\u00e7a nacional.<\/p>\n<p>\u201c[Precisamos da Groenl\u00e2ndia] n\u00e3o por causa dos minerais, temos v\u00e1rios lugares para minerais e petr\u00f3leo, mais que qualquer pa\u00eds do mundo. Precisamos da Groenl\u00e2ndia para nossa seguran\u00e7a nacional. Se voc\u00ea olhar para Groenl\u00e2ndia, olhar para cima e para baixo da costa, tem navios russos e chineses por todas as partes\u201d, afirmou o chefe da Casa Branca.<\/p>\n<p>As amea\u00e7as para anexar o territ\u00f3rio no extremo-norte do continente americano v\u00eam desde que Trump assumiu o governo, em janeiro de 2025.<\/p>\n<p>A nova amea\u00e7a desse domingo foi rejeitada por outros chefes de Estado europeus, como dos vizinhos Finl\u00e2ndia, Noruega e Su\u00e9cia. O primeiro-ministro do Reino Unido, Keir Starmer, disse que somente a Groenl\u00e2ndia e a Dinamarca devem decidir o futuro do territ\u00f3rio.<\/p>\n<p>\u201cE a Dinamarca \u00e9 uma aliada pr\u00f3xima na Europa, \u00e9 uma aliada da Otan e \u00e9 muito importante que o futuro da Groenl\u00e2ndia seja para o Reino da Dinamarca e para a pr\u00f3pria Groenl\u00e2ndia, e somente para a Groenl\u00e2ndia e o Reino da Dinamarca\u201d, disse Starmer \u00e0 emissora\u00a0p\u00fablica inglesa BBC.<\/p>\n<p><strong>Col\u00f4mbia<\/strong><br \/>Al\u00e9m da Groenl\u00e2ndia, Trump amea\u00e7ou tamb\u00e9m de uma a\u00e7\u00e3o militar na Col\u00f4mbia, do presidente esquerdista Gustavo Petro, cr\u00edtico das pol\u00edticas da Casa Branca para a Am\u00e9rica Latina.\u00a0O presidente dos EUA disse que uma a\u00e7\u00e3o militar contra o governo Petro \u201cparece bom\u201d.<\/p>\n<p>\u201cA Col\u00f4mbia tamb\u00e9m est\u00e1 muito doente, administrada por um homem doente, que gosta de produzir coca\u00edna e vend\u00ea-la aos EUA\u201d, e ele n\u00e3o vai continuar fazendo isso por muito tempo\u201d, disse Trump a\u00a0jornalistas.<\/p>\n<p>O presidente da Col\u00f4mbia rejeitou as acusa\u00e7\u00f5es do presidente estadunidense.<\/p>\n<p>\u201cN\u00e3o sou ileg\u00edtimo, nem traficante de drogas; meu \u00fanico bem \u00e9 a casa da minha fam\u00edlia, que ainda pago com meu sal\u00e1rio. Meus extratos banc\u00e1rios foram tornados p\u00fablicos\u201d, lembrou.<\/p>\n<p>\u201cTenho enorme f\u00e9 no meu povo, e \u00e9 por isso que lhes pedi que defendam o presidente contra qualquer ato ileg\u00edtimo de viol\u00eancia. A forma de me defenderem \u00e9 tomar o poder em cada munic\u00edpio do pa\u00eds. A ordem para as for\u00e7as de seguran\u00e7a n\u00e3o \u00e9 atirar contra o povo, mas sim contra os invasores\u201d, completou.<\/p>\n<\/div>\n<p><br \/>\n<br \/><a href=\"https:\/\/www.tribunaribeirao.com.br\/apos-venezuela-trump-ameaca-tomar-groenlandia-e-atacar-colombia\/\">Source link <\/a><\/p>\n<!-- CONTENT END 1 -->\n","protected":false},"excerpt":{"rendered":"<p>Um dia ap\u00f3s bombardear a Venezuela e sequestrar o presidente Nicol\u00e1s Maduro, o presidente dos Estados Unidos (EUA), Donald Trump, amea\u00e7ou anexar a Groenl\u00e2ndia, territ\u00f3rio&#8230;<\/p>\n","protected":false},"author":1,"featured_media":81421,"comment_status":"open","ping_status":"open","sticky":false,"template":"","format":"standard","meta":{"advanced_seo_description":"","jetpack_seo_html_title":"","jetpack_seo_noindex":false,"jetpack_post_was_ever_published":false,"_jetpack_newsletter_access":"","_jetpack_dont_email_post_to_subs":false,"_jetpack_newsletter_tier_id":0,"_jetpack_memberships_contains_paywalled_content":false,"_jetpack_memberships_contains_paid_content":false,"footnotes":"","jetpack_publicize_message":"","jetpack_publicize_feature_enabled":true,"jetpack_social_post_already_shared":true,"jetpack_social_options":{"image_generator_settings":{"template":"highway","default_image_id":0,"font":"","enabled":false},"version":2}},"categories":[11],"tags":[],"class_list":["post-81420","post","type-post","status-publish","format-standard","has-post-thumbnail","hentry","category-noticias-de-ribeirao-preto-sp-e-regiao-ismael-colosi"],"jetpack_publicize_connections":[],"jetpack_featured_media_url":"https:\/\/i0.wp.com\/noticiasribeiraopreto.com.br\/wp-content\/uploads\/2026\/01\/groelandia-.jpg?fit=1170%2C700&ssl=1","jetpack-related-posts":[{"id":80784,"url":"https:\/\/noticiasribeiraopreto.com.br\/index.php\/2025\/12\/13\/eua-vao-comecar-a-agir-em-terra-na-venezuela\/","url_meta":{"origin":81420,"position":0},"title":"EUA v\u00e3o come\u00e7ar a agir em terra na Venezuela","author":"noticiasribeiraopreto.com.br","date":"13 de December de 2025","format":false,"excerpt":"O presidente dos Estados Unidos, Donald Trump, afirmou que o governo americano intensificar\u00e1 os ataques contra narcotraficantes na Venezuela, revelando que a\u00e7\u00f5es terrestres no pa\u00eds ocorrer\u00e3o \u201cmuito em breve\u201d, durante um evento no Sal\u00e3o Oval na noite de quinta-feira, 11 e dezembro. Ao ser questionado por rep\u00f3rteres na Casa Branca\u2026","rel":"","context":"In &quot;Not\u00edcias de Ribeir\u00e3o Preto-SP e Regi\u00e3o&quot;","block_context":{"text":"Not\u00edcias de Ribeir\u00e3o Preto-SP e Regi\u00e3o","link":"https:\/\/noticiasribeiraopreto.com.br\/index.php\/category\/noticias-de-ribeirao-preto-sp-e-regiao-ismael-colosi\/"},"img":{"alt_text":"","src":"https:\/\/i0.wp.com\/noticiasribeiraopreto.com.br\/wp-content\/uploads\/2025\/12\/Trump-Truth-Social-Reproducao.jpg?fit=1170%2C700&ssl=1&resize=350%2C200","width":350,"height":200,"srcset":"https:\/\/i0.wp.com\/noticiasribeiraopreto.com.br\/wp-content\/uploads\/2025\/12\/Trump-Truth-Social-Reproducao.jpg?fit=1170%2C700&ssl=1&resize=350%2C200 1x, https:\/\/i0.wp.com\/noticiasribeiraopreto.com.br\/wp-content\/uploads\/2025\/12\/Trump-Truth-Social-Reproducao.jpg?fit=1170%2C700&ssl=1&resize=525%2C300 1.5x, https:\/\/i0.wp.com\/noticiasribeiraopreto.com.br\/wp-content\/uploads\/2025\/12\/Trump-Truth-Social-Reproducao.jpg?fit=1170%2C700&ssl=1&resize=700%2C400 2x, https:\/\/i0.wp.com\/noticiasribeiraopreto.com.br\/wp-content\/uploads\/2025\/12\/Trump-Truth-Social-Reproducao.jpg?fit=1170%2C700&ssl=1&resize=1050%2C600 3x"},"classes":[]},{"id":82636,"url":"https:\/\/noticiasribeiraopreto.com.br\/index.php\/2026\/02\/21\/supremo-dos-eua-derruba-tarifaco\/","url_meta":{"origin":81420,"position":1},"title":"Supremo dos EUA derruba tarifa\u00e7o","author":"noticiasribeiraopreto.com.br","date":"21 de February de 2026","format":false,"excerpt":"A Suprema Corte dos Estados Unidos derrubou nesta sexta-feira, 20 de fevereiro, as tarifas sobre produtos importados impostas globalmente pelo presidente Donald Trump. Por seis votos a tr\u00eas, foi mantida a decis\u00e3o de um tribunal inferior que definiu excesso de autoridade do republicano. Em contrapartida, o mandat\u00e1rio norte-americano anunciou tarifa\u2026","rel":"","context":"In &quot;Not\u00edcias de Ribeir\u00e3o Preto-SP e Regi\u00e3o&quot;","block_context":{"text":"Not\u00edcias de Ribeir\u00e3o Preto-SP e Regi\u00e3o","link":"https:\/\/noticiasribeiraopreto.com.br\/index.php\/category\/noticias-de-ribeirao-preto-sp-e-regiao-ismael-colosi\/"},"img":{"alt_text":"","src":"https:\/\/i0.wp.com\/noticiasribeiraopreto.com.br\/wp-content\/uploads\/2026\/02\/Tarifa-Carlos-Barria-Reuters.jpg?fit=1170%2C700&ssl=1&resize=350%2C200","width":350,"height":200,"srcset":"https:\/\/i0.wp.com\/noticiasribeiraopreto.com.br\/wp-content\/uploads\/2026\/02\/Tarifa-Carlos-Barria-Reuters.jpg?fit=1170%2C700&ssl=1&resize=350%2C200 1x, https:\/\/i0.wp.com\/noticiasribeiraopreto.com.br\/wp-content\/uploads\/2026\/02\/Tarifa-Carlos-Barria-Reuters.jpg?fit=1170%2C700&ssl=1&resize=525%2C300 1.5x, https:\/\/i0.wp.com\/noticiasribeiraopreto.com.br\/wp-content\/uploads\/2026\/02\/Tarifa-Carlos-Barria-Reuters.jpg?fit=1170%2C700&ssl=1&resize=700%2C400 2x, https:\/\/i0.wp.com\/noticiasribeiraopreto.com.br\/wp-content\/uploads\/2026\/02\/Tarifa-Carlos-Barria-Reuters.jpg?fit=1170%2C700&ssl=1&resize=1050%2C600 3x"},"classes":[]},{"id":63489,"url":"https:\/\/noticiasribeiraopreto.com.br\/index.php\/2025\/02\/14\/brasil-e-eua-avaliacao-cautelosa-e-oportunidades-no-comercio-bilateral\/","url_meta":{"origin":81420,"position":2},"title":"Brasil e EUA: Avalia\u00e7\u00e3o Cautelosa e Oportunidades no Com\u00e9rcio Bilateral","author":"noticiasribeiraopreto.com.br","date":"14 de February de 2025","format":false,"excerpt":"O Ministro da Fazenda, Fernando Haddad, tranquilizou o mercado ao afirmar que o Brasil n\u00e3o precisa temer as recentes amea\u00e7as tarif\u00e1rias feitas por Donald Trump. O presidente dos EUA anunciou a implementa\u00e7\u00e3o de tarifas de reciprocidade, mas Haddad destacou que a balan\u00e7a comercial entre os dois pa\u00edses favorece os Estados\u2026","rel":"","context":"In &quot;Not\u00edcias de Ribeir\u00e3o Preto-SP e Regi\u00e3o&quot;","block_context":{"text":"Not\u00edcias de Ribeir\u00e3o Preto-SP e Regi\u00e3o","link":"https:\/\/noticiasribeiraopreto.com.br\/index.php\/category\/noticias-de-ribeirao-preto-sp-e-regiao-ismael-colosi\/"},"img":{"alt_text":"","src":"https:\/\/i0.wp.com\/noticiasribeiraopreto.com.br\/wp-content\/uploads\/2025\/02\/0g0a4294.webp.webp?fit=1170%2C700&ssl=1&resize=350%2C200","width":350,"height":200,"srcset":"https:\/\/i0.wp.com\/noticiasribeiraopreto.com.br\/wp-content\/uploads\/2025\/02\/0g0a4294.webp.webp?fit=1170%2C700&ssl=1&resize=350%2C200 1x, https:\/\/i0.wp.com\/noticiasribeiraopreto.com.br\/wp-content\/uploads\/2025\/02\/0g0a4294.webp.webp?fit=1170%2C700&ssl=1&resize=525%2C300 1.5x, https:\/\/i0.wp.com\/noticiasribeiraopreto.com.br\/wp-content\/uploads\/2025\/02\/0g0a4294.webp.webp?fit=1170%2C700&ssl=1&resize=700%2C400 2x, https:\/\/i0.wp.com\/noticiasribeiraopreto.com.br\/wp-content\/uploads\/2025\/02\/0g0a4294.webp.webp?fit=1170%2C700&ssl=1&resize=1050%2C600 3x"},"classes":[]},{"id":75251,"url":"https:\/\/noticiasribeiraopreto.com.br\/index.php\/2025\/08\/06\/tarifaco-sobre-parte-de-exportacoes-brasileiras-entra-em-vigor-hoje\/","url_meta":{"origin":81420,"position":3},"title":"Tarifa\u00e7o sobre parte de exporta\u00e7\u00f5es brasileiras entra em vigor hoje","author":"noticiasribeiraopreto.com.br","date":"6 de August de 2025","format":false,"excerpt":"6 de agosto de 2025 08:326 de agosto de 2025 08:283 Compartilhar0 Entraram em vigor, nesta quarta-feira (6), as tarifas de 50% impostas sobre parte das exporta\u00e7\u00f5es brasileiras para os Estados Unidos. A medida, assinada na semana passada pelo presidente norte-americano Donald Trump, afeta 35,9% das mercadorias enviadas ao mercado\u2026","rel":"","context":"In &quot;Not\u00edcias de Ribeir\u00e3o Preto-SP e Regi\u00e3o&quot;","block_context":{"text":"Not\u00edcias de Ribeir\u00e3o Preto-SP e Regi\u00e3o","link":"https:\/\/noticiasribeiraopreto.com.br\/index.php\/category\/noticias-de-ribeirao-preto-sp-e-regiao-ismael-colosi\/"},"img":{"alt_text":"","src":"https:\/\/i0.wp.com\/noticiasribeiraopreto.com.br\/wp-content\/uploads\/2025\/08\/tari.jpeg?fit=1170%2C700&ssl=1&resize=350%2C200","width":350,"height":200,"srcset":"https:\/\/i0.wp.com\/noticiasribeiraopreto.com.br\/wp-content\/uploads\/2025\/08\/tari.jpeg?fit=1170%2C700&ssl=1&resize=350%2C200 1x, https:\/\/i0.wp.com\/noticiasribeiraopreto.com.br\/wp-content\/uploads\/2025\/08\/tari.jpeg?fit=1170%2C700&ssl=1&resize=525%2C300 1.5x, https:\/\/i0.wp.com\/noticiasribeiraopreto.com.br\/wp-content\/uploads\/2025\/08\/tari.jpeg?fit=1170%2C700&ssl=1&resize=700%2C400 2x, https:\/\/i0.wp.com\/noticiasribeiraopreto.com.br\/wp-content\/uploads\/2025\/08\/tari.jpeg?fit=1170%2C700&ssl=1&resize=1050%2C600 3x"},"classes":[]},{"id":18407,"url":"https:\/\/noticiasribeiraopreto.com.br\/index.php\/2023\/12\/20\/trump-inelegivel-por-que-a-decisao-no-colorado-ainda-nao-e-o-fim-da-linha-para-o-ex-presidente-dos-eua\/","url_meta":{"origin":81420,"position":4},"title":"Trump ineleg\u00edvel: por que a decis\u00e3o no Colorado (ainda) n\u00e3o \u00e9 o fim da linha para o ex-presidente dos EUA","author":"noticiasribeiraopreto.com.br","date":"20 de December de 2023","format":false,"excerpt":"Poucos s\u00e3o os crimes capazes de tornar um pol\u00edtico ineleg\u00edvel nos EUA. Na opini\u00e3o da Suprema Corte do Estado do Colorado, por\u00e9m, o ex-presidente norte-americano, Donald Trump, cometeu um deles. Por 4 votos a favor e 3 contra, a mais alta inst\u00e2ncia da justi\u00e7a estadual do Colorado concluiu que Trump\u2026","rel":"","context":"In &quot;Dinheiro e Investimento&quot;","block_context":{"text":"Dinheiro e Investimento","link":"https:\/\/noticiasribeiraopreto.com.br\/index.php\/category\/dinheiro-e-investimento-como-fazer-como-ganhar\/"},"img":{"alt_text":"","src":"https:\/\/i0.wp.com\/noticiasribeiraopreto.com.br\/wp-content\/uploads\/2023\/12\/Imagem-do-ex-presidente-Donald-Trump-gerada-por-Inteligencia-Artificial-Wepik-do-Freepik-715x402.jpg?fit=715%2C402&ssl=1&resize=350%2C200","width":350,"height":200,"srcset":"https:\/\/i0.wp.com\/noticiasribeiraopreto.com.br\/wp-content\/uploads\/2023\/12\/Imagem-do-ex-presidente-Donald-Trump-gerada-por-Inteligencia-Artificial-Wepik-do-Freepik-715x402.jpg?fit=715%2C402&ssl=1&resize=350%2C200 1x, https:\/\/i0.wp.com\/noticiasribeiraopreto.com.br\/wp-content\/uploads\/2023\/12\/Imagem-do-ex-presidente-Donald-Trump-gerada-por-Inteligencia-Artificial-Wepik-do-Freepik-715x402.jpg?fit=715%2C402&ssl=1&resize=525%2C300 1.5x, https:\/\/i0.wp.com\/noticiasribeiraopreto.com.br\/wp-content\/uploads\/2023\/12\/Imagem-do-ex-presidente-Donald-Trump-gerada-por-Inteligencia-Artificial-Wepik-do-Freepik-715x402.jpg?fit=715%2C402&ssl=1&resize=700%2C400 2x"},"classes":[]},{"id":74479,"url":"https:\/\/noticiasribeiraopreto.com.br\/index.php\/2025\/07\/23\/vencedor-do-nobel-faz-elogios-ao-pix-brasileiro\/","url_meta":{"origin":81420,"position":5},"title":"Vencedor do Nobel faz elogios ao Pix brasileiro","author":"noticiasribeiraopreto.com.br","date":"23 de July de 2025","format":false,"excerpt":"23 de julho de 2025 14:0023 de julho de 2025 10:469 Compartilhar0 O economista estadunidense e vencedor do Nobel de Economia de 2008, Paul Krugman, publicou nesta ter\u00e7a-feira (22) artigo no site Substack no qual elogia o sistema de pagamento brasileiro Pix. Com o t\u00edtulo O Brasil inventou o futuro\u2026","rel":"","context":"In &quot;Not\u00edcias de Ribeir\u00e3o Preto-SP e Regi\u00e3o&quot;","block_context":{"text":"Not\u00edcias de Ribeir\u00e3o Preto-SP e Regi\u00e3o","link":"https:\/\/noticiasribeiraopreto.com.br\/index.php\/category\/noticias-de-ribeirao-preto-sp-e-regiao-ismael-colosi\/"},"img":{"alt_text":"","src":"https:\/\/i0.wp.com\/noticiasribeiraopreto.com.br\/wp-content\/uploads\/2025\/07\/SaquePIX-Gene-Medi-Nurphoto-Reuters-scaled.jpg?fit=1200%2C718&ssl=1&resize=350%2C200","width":350,"height":200,"srcset":"https:\/\/i0.wp.com\/noticiasribeiraopreto.com.br\/wp-content\/uploads\/2025\/07\/SaquePIX-Gene-Medi-Nurphoto-Reuters-scaled.jpg?fit=1200%2C718&ssl=1&resize=350%2C200 1x, https:\/\/i0.wp.com\/noticiasribeiraopreto.com.br\/wp-content\/uploads\/2025\/07\/SaquePIX-Gene-Medi-Nurphoto-Reuters-scaled.jpg?fit=1200%2C718&ssl=1&resize=525%2C300 1.5x, https:\/\/i0.wp.com\/noticiasribeiraopreto.com.br\/wp-content\/uploads\/2025\/07\/SaquePIX-Gene-Medi-Nurphoto-Reuters-scaled.jpg?fit=1200%2C718&ssl=1&resize=700%2C400 2x, https:\/\/i0.wp.com\/noticiasribeiraopreto.com.br\/wp-content\/uploads\/2025\/07\/SaquePIX-Gene-Medi-Nurphoto-Reuters-scaled.jpg?fit=1200%2C718&ssl=1&resize=1050%2C600 3x"},"classes":[]}],"jetpack_sharing_enabled":true,"jetpack_shortlink":"https:\/\/wp.me\/peQAOb-lbe","_links":{"self":[{"href":"https:\/\/noticiasribeiraopreto.com.br\/index.php\/wp-json\/wp\/v2\/posts\/81420","targetHints":{"allow":["GET"]}}],"collection":[{"href":"https:\/\/noticiasribeiraopreto.com.br\/index.php\/wp-json\/wp\/v2\/posts"}],"about":[{"href":"https:\/\/noticiasribeiraopreto.com.br\/index.php\/wp-json\/wp\/v2\/types\/post"}],"author":[{"embeddable":true,"href":"https:\/\/noticiasribeiraopreto.com.br\/index.php\/wp-json\/wp\/v2\/users\/1"}],"replies":[{"embeddable":true,"href":"https:\/\/noticiasribeiraopreto.com.br\/index.php\/wp-json\/wp\/v2\/comments?post=81420"}],"version-history":[{"count":0,"href":"https:\/\/noticiasribeiraopreto.com.br\/index.php\/wp-json\/wp\/v2\/posts\/81420\/revisions"}],"wp:featuredmedia":[{"embeddable":true,"href":"https:\/\/noticiasribeiraopreto.com.br\/index.php\/wp-json\/wp\/v2\/media\/81421"}],"wp:attachment":[{"href":"https:\/\/noticiasribeiraopreto.com.br\/index.php\/wp-json\/wp\/v2\/media?parent=81420"}],"wp:term":[{"taxonomy":"category","embeddable":true,"href":"https:\/\/noticiasribeiraopreto.com.br\/index.php\/wp-json\/wp\/v2\/categories?post=81420"},{"taxonomy":"post_tag","embeddable":true,"href":"https:\/\/noticiasribeiraopreto.com.br\/index.php\/wp-json\/wp\/v2\/tags?post=81420"}],"curies":[{"name":"wp","href":"https:\/\/api.w.org\/{rel}","templated":true}]}}