{"id":81424,"date":"2026-01-05T17:12:24","date_gmt":"2026-01-05T20:12:24","guid":{"rendered":"https:\/\/noticiasribeiraopreto.com.br\/index.php\/2026\/01\/05\/botafogo-contrata-zagueiro-que-tinha-acerto-com-ponte-preta\/"},"modified":"2026-01-05T17:12:24","modified_gmt":"2026-01-05T20:12:24","slug":"botafogo-contrata-zagueiro-que-tinha-acerto-com-ponte-preta","status":"publish","type":"post","link":"https:\/\/noticiasribeiraopreto.com.br\/index.php\/2026\/01\/05\/botafogo-contrata-zagueiro-que-tinha-acerto-com-ponte-preta\/","title":{"rendered":"Botafogo contrata zagueiro que tinha acerto com Ponte Preta"},"content":{"rendered":"<div class='code-block code-block-1' style='margin: 8px 0 8px auto; text-align: right; display: block; clear: both;'>\n<p><a href=\"https:\/\/wa.link\/vpicfd\"><img data-recalc-dims=\"1\" class=\"wp-image-4922\" style=\"aspect-ratio: 2.0253164556962027; width: 561px; height: auto;\" src=\"https:\/\/i0.wp.com\/ismaelcolosi.com.br\/wp-content\/uploads\/2023\/11\/grupo-de-empregos-whatsapp-e-facebook-ismael-colosi-vagas.jpg?ssl=1\" alt=\"\" \/><\/a><\/p>\n<!-- \/wp:image -->\n<\/div>\n<p> <br \/>\n<\/p>\n<div id=\"\">&#13;<\/p>\n<h2 class=\"penci-post-subtitle\">Com experi\u00eancia internacional, Wallace defendeu o Atl\u00e9tico-GO em 2025<\/h2>\n<p>&#13;<\/p>\n<p>&#13;<br \/>\n\t\t\t\t\t\t\t\t\t<span class=\"entry-meta-item penci-posted-on\"><i class=\"fa fa-clock-o\"\/><time class=\"entry-date published\" datetime=\"2026-01-05T17:04:23-03:00\">5 de janeiro de 2026 17:04<\/time><time class=\"updated\" datetime=\"2026-01-05T17:06:18-03:00\">5 de janeiro de 2026 17:06<\/time><\/span><span class=\"entry-meta-item penci-post-countview\"\/>\t\t\t\t\t\t\t\t<\/p>\n<p><!-- .entry-meta -->&#13;<br \/>\n\t\t\t\t\t\t\t\t<span class=\"penci-social-buttons penci-social-share-footer\"><span class=\"penci-social-share-text\">Compartilhar<\/span><a href=\"#\" class=\"penci-post-like penci_post-meta_item  single-like-button penci-social-item like\" data-post_id=\"451056\" title=\"Like\" data-like=\"Like\" data-unlike=\"Unlike\"><i class=\"fa fa-thumbs-o-up\"\/><span class=\"penci-share-number\">1<\/span><\/a><i class=\"fa fa-facebook\"\/><a class=\"penci-social-item twitter\" target=\"_blank\" rel=\"noopener\" title=\"\" href=\"https:\/\/twitter.com\/intent\/tweet?text=Botafogo%20contrata%20zagueiro%20que%20tinha%20acerto%20com%20Ponte%20Preta%20-%20https:\/\/www.tribunaribeirao.com.br\/botafogo-contrata-zagueiro-que-tinha-acerto-com-ponte-preta\/\"><i class=\"fa fa-twitter\"\/><\/a><i class=\"fa fa-linkedin\"\/><i class=\"fa fa-whatsapp\"\/><i class=\"fa fa-telegram\"\/><i class=\"fa fa-envelope\"\/><\/span>\t\t\t\t\t\t\t<\/div>\n<div>\n<p><em><strong>Por Hugo Luque<\/strong><\/em><\/p>\n<p>O Botafogo anunciou, na tarde desta segunda-feira (5), seu primeiro refor\u00e7o no ano de 2026 e o d\u00e9cimo oficializado para a temporada que se aproxima \u2013 os outros nove foram contratados antes da virada do ano. O zagueiro Wallace, de 31 anos, chega ao clube com experi\u00eancia internacional.<\/p>\n<p>Revelado pelo Cruzeiro, o defensor vestiu as camisas de Monaco-FRA, Lazio-ITA e Braga-POR antes de passar por Turquia, China e Emirados \u00c1rabes Unidos. No retorno ao Brasil, atuou em 2025 pelo Atl\u00e9tico-GO (fez apenas nove jogos) e tinha acerto com a Ponte Preta para este ano.<\/p>\n<p>No entanto, o jogador optou por sair da Macaca em meio \u00e0 crise financeira enfrentada pelo time de Campinas (SP) e aceitou a proposta do rival ribeir\u00e3o-pretano.<\/p>\n<p>Os destaques de Wallace na carreira s\u00e3o os t\u00edtulos do Brasileir\u00e3o de 2014 pelo Cruzeiro e da Ta\u00e7a da Liga Portuguesa pelo Braga, al\u00e9m das conquistas da Copa e da Supercopa da It\u00e1lia pela Lazio.<\/p>\n<p>Antes de Wallace, foram contratados pelo Bota o goleiro Jordan, os laterais Jonathan e Gabriel Inoc\u00eancio, o zagueiro Gui Mariano, os meio-campistas Everton Morelli, Matheus Sales e Rafael Gava, assim como os atacantes Hygor e M\u00e1rcio Maranh\u00e3o.<\/p>\n<p>O Pantera estreia no Campeonato Paulista no domingo, \u00e0s 17h, no Benit\u00e3o, contra o Velo Clube. No \u00faltimo domingo, a equipe de Claudio Tencati bateu o Sert\u00e3ozinho por 4 a 2 em jogo-treino realizado em Ribeir\u00e3o Preto.<\/p>\n<\/div>\n<p><script async src=\"\/\/platform.twitter.com\/widgets.js\" charset=\"utf-8\"><\/script><br \/>\n<br \/><br \/>\n<br \/><a href=\"https:\/\/www.tribunaribeirao.com.br\/botafogo-contrata-zagueiro-que-tinha-acerto-com-ponte-preta\/\">Source link <\/a><\/p>\n<!-- CONTENT END 1 -->\n","protected":false},"excerpt":{"rendered":"<p>&#13; Com experi\u00eancia internacional, Wallace defendeu o Atl\u00e9tico-GO em 2025 &#13; &#13; 5 de janeiro de 2026 17:045 de janeiro de 2026 17:06 &#13; Compartilhar1&#8230;<\/p>\n","protected":false},"author":1,"featured_media":81425,"comment_status":"open","ping_status":"open","sticky":false,"template":"","format":"standard","meta":{"advanced_seo_description":"","jetpack_seo_html_title":"","jetpack_seo_noindex":false,"jetpack_post_was_ever_published":false,"_jetpack_newsletter_access":"","_jetpack_dont_email_post_to_subs":false,"_jetpack_newsletter_tier_id":0,"_jetpack_memberships_contains_paywalled_content":false,"_jetpack_memberships_contains_paid_content":false,"footnotes":"","jetpack_publicize_message":"","jetpack_publicize_feature_enabled":true,"jetpack_social_post_already_shared":true,"jetpack_social_options":{"image_generator_settings":{"template":"highway","default_image_id":0,"font":"","enabled":false},"version":2}},"categories":[11],"tags":[],"class_list":["post-81424","post","type-post","status-publish","format-standard","has-post-thumbnail","hentry","category-noticias-de-ribeirao-preto-sp-e-regiao-ismael-colosi"],"jetpack_publicize_connections":[],"jetpack_featured_media_url":"https:\/\/i0.wp.com\/noticiasribeiraopreto.com.br\/wp-content\/uploads\/2026\/01\/ZAG-Wallace-Bruno-Corsino_ACG.jpeg?fit=984%2C593&ssl=1","jetpack-related-posts":[{"id":79302,"url":"https:\/\/noticiasribeiraopreto.com.br\/index.php\/2025\/10\/29\/saiba-quais-serao-os-14-feriados-e-10-pontos-facultativos-de-rp\/","url_meta":{"origin":81424,"position":0},"title":"Saiba quais ser\u00e3o os 14 feriados e \u202810 pontos facultativos de RP","author":"noticiasribeiraopreto.com.br","date":"29 de October de 2025","format":false,"excerpt":"29 de outubro de 2025 08:020 Compartilhar0 Prefeitura de Ribeir\u00e3o Preto divulgou o calend\u00e1rio de feriados e pontos facultativos do munic\u00edpio para 2026. O decreto do Executivo divulgando\u00a0 os feriados e principalmente os pontos facultativos foi publicado no Di\u00e1rio Oficial do Munic\u00edpio (DOM) de sexta-feira, 24 de outubro.\u2028 \u2028A cidade\u2026","rel":"","context":"In &quot;Not\u00edcias de Ribeir\u00e3o Preto-SP e Regi\u00e3o&quot;","block_context":{"text":"Not\u00edcias de Ribeir\u00e3o Preto-SP e Regi\u00e3o","link":"https:\/\/noticiasribeiraopreto.com.br\/index.php\/category\/noticias-de-ribeirao-preto-sp-e-regiao-ismael-colosi\/"},"img":{"alt_text":"","src":"https:\/\/i0.wp.com\/noticiasribeiraopreto.com.br\/wp-content\/uploads\/2025\/10\/FeriadosRP-Max-Gallao-Mesquita-Arquivo-scaled.jpg?fit=1200%2C781&ssl=1&resize=350%2C200","width":350,"height":200,"srcset":"https:\/\/i0.wp.com\/noticiasribeiraopreto.com.br\/wp-content\/uploads\/2025\/10\/FeriadosRP-Max-Gallao-Mesquita-Arquivo-scaled.jpg?fit=1200%2C781&ssl=1&resize=350%2C200 1x, https:\/\/i0.wp.com\/noticiasribeiraopreto.com.br\/wp-content\/uploads\/2025\/10\/FeriadosRP-Max-Gallao-Mesquita-Arquivo-scaled.jpg?fit=1200%2C781&ssl=1&resize=525%2C300 1.5x, https:\/\/i0.wp.com\/noticiasribeiraopreto.com.br\/wp-content\/uploads\/2025\/10\/FeriadosRP-Max-Gallao-Mesquita-Arquivo-scaled.jpg?fit=1200%2C781&ssl=1&resize=700%2C400 2x, https:\/\/i0.wp.com\/noticiasribeiraopreto.com.br\/wp-content\/uploads\/2025\/10\/FeriadosRP-Max-Gallao-Mesquita-Arquivo-scaled.jpg?fit=1200%2C781&ssl=1&resize=1050%2C600 3x"},"classes":[]},{"id":79128,"url":"https:\/\/noticiasribeiraopreto.com.br\/index.php\/2025\/10\/24\/confira-os-feriados-de-2026-em-ribeirao-preto\/","url_meta":{"origin":81424,"position":1},"title":"Confira os feriados de 2026 em Ribeir\u00e3o Preto","author":"noticiasribeiraopreto.com.br","date":"24 de October de 2025","format":false,"excerpt":"A Prefeitura de Ribeir\u00e3o Preto divulgou nesta sexta-feira (24) o calend\u00e1rio de feriados e pontos facultativos do munic\u00edpio para o ano de 2026. Segundo publica\u00e7\u00e3o no Di\u00e1rio Oficial, a cidade ter\u00e1 14 feriados e 10 pontos facultativos ao longo do pr\u00f3ximo ano. O expediente das reparti\u00e7\u00f5es p\u00fablicas, relativo ao dia\u2026","rel":"","context":"In &quot;Not\u00edcias de Ribeir\u00e3o Preto-SP e Regi\u00e3o&quot;","block_context":{"text":"Not\u00edcias de Ribeir\u00e3o Preto-SP e Regi\u00e3o","link":"https:\/\/noticiasribeiraopreto.com.br\/index.php\/category\/noticias-de-ribeirao-preto-sp-e-regiao-ismael-colosi\/"},"img":{"alt_text":"","src":"https:\/\/i0.wp.com\/noticiasribeiraopreto.com.br\/wp-content\/uploads\/2025\/10\/Copia-de-Copia-de-Copia-de-TAMANHO-EXATO-PARA-FOTOS-NO-SISTEMA-NOVO-2025-10-24T180452.289_2025-10-24_21-04-57.webp.webp?fit=1200%2C675&ssl=1&resize=350%2C200","width":350,"height":200,"srcset":"https:\/\/i0.wp.com\/noticiasribeiraopreto.com.br\/wp-content\/uploads\/2025\/10\/Copia-de-Copia-de-Copia-de-TAMANHO-EXATO-PARA-FOTOS-NO-SISTEMA-NOVO-2025-10-24T180452.289_2025-10-24_21-04-57.webp.webp?fit=1200%2C675&ssl=1&resize=350%2C200 1x, https:\/\/i0.wp.com\/noticiasribeiraopreto.com.br\/wp-content\/uploads\/2025\/10\/Copia-de-Copia-de-Copia-de-TAMANHO-EXATO-PARA-FOTOS-NO-SISTEMA-NOVO-2025-10-24T180452.289_2025-10-24_21-04-57.webp.webp?fit=1200%2C675&ssl=1&resize=525%2C300 1.5x, https:\/\/i0.wp.com\/noticiasribeiraopreto.com.br\/wp-content\/uploads\/2025\/10\/Copia-de-Copia-de-Copia-de-TAMANHO-EXATO-PARA-FOTOS-NO-SISTEMA-NOVO-2025-10-24T180452.289_2025-10-24_21-04-57.webp.webp?fit=1200%2C675&ssl=1&resize=700%2C400 2x, https:\/\/i0.wp.com\/noticiasribeiraopreto.com.br\/wp-content\/uploads\/2025\/10\/Copia-de-Copia-de-Copia-de-TAMANHO-EXATO-PARA-FOTOS-NO-SISTEMA-NOVO-2025-10-24T180452.289_2025-10-24_21-04-57.webp.webp?fit=1200%2C675&ssl=1&resize=1050%2C600 3x"},"classes":[]},{"id":81455,"url":"https:\/\/noticiasribeiraopreto.com.br\/index.php\/2026\/01\/06\/vai-dar-para-viajar-confira-os-feriados-de-2026-em-ribeirao-preto-e-as-possiveis-emendas\/","url_meta":{"origin":81424,"position":2},"title":"Vai dar para viajar? Confira os feriados de 2026 em Ribeir\u00e3o Preto e as poss\u00edveis emendas","author":"noticiasribeiraopreto.com.br","date":"6 de January de 2026","format":false,"excerpt":"O ano come\u00e7ou animado para quem gosta de viajar ou planejar momentos de lazer e descanso. Isso porque janeiro j\u00e1 tem feriado em Ribeir\u00e3o Preto e com chance de emenda para alguns trabalhadores. Ao longo de 2026, os moradores do munic\u00edpio ter\u00e3o 14 feriados (entre municipais, estaduais e nacionais), a\u2026","rel":"","context":"In &quot;Not\u00edcias de Ribeir\u00e3o Preto-SP e Regi\u00e3o&quot;","block_context":{"text":"Not\u00edcias de Ribeir\u00e3o Preto-SP e Regi\u00e3o","link":"https:\/\/noticiasribeiraopreto.com.br\/index.php\/category\/noticias-de-ribeirao-preto-sp-e-regiao-ismael-colosi\/"},"img":{"alt_text":"","src":"https:\/\/i0.wp.com\/noticiasribeiraopreto.com.br\/wp-content\/uploads\/2026\/01\/Copia-de-Copia-de-Copia-de-TAMANHO-EXATO-PARA-FOTOS-NO-SISTEMA-NOVO-2025-01-22T154849.670_2025-01-22_18-48-57_png_2025-01-22_18-48-57.webp.webp?fit=1200%2C675&ssl=1&resize=350%2C200","width":350,"height":200,"srcset":"https:\/\/i0.wp.com\/noticiasribeiraopreto.com.br\/wp-content\/uploads\/2026\/01\/Copia-de-Copia-de-Copia-de-TAMANHO-EXATO-PARA-FOTOS-NO-SISTEMA-NOVO-2025-01-22T154849.670_2025-01-22_18-48-57_png_2025-01-22_18-48-57.webp.webp?fit=1200%2C675&ssl=1&resize=350%2C200 1x, https:\/\/i0.wp.com\/noticiasribeiraopreto.com.br\/wp-content\/uploads\/2026\/01\/Copia-de-Copia-de-Copia-de-TAMANHO-EXATO-PARA-FOTOS-NO-SISTEMA-NOVO-2025-01-22T154849.670_2025-01-22_18-48-57_png_2025-01-22_18-48-57.webp.webp?fit=1200%2C675&ssl=1&resize=525%2C300 1.5x, https:\/\/i0.wp.com\/noticiasribeiraopreto.com.br\/wp-content\/uploads\/2026\/01\/Copia-de-Copia-de-Copia-de-TAMANHO-EXATO-PARA-FOTOS-NO-SISTEMA-NOVO-2025-01-22T154849.670_2025-01-22_18-48-57_png_2025-01-22_18-48-57.webp.webp?fit=1200%2C675&ssl=1&resize=700%2C400 2x, https:\/\/i0.wp.com\/noticiasribeiraopreto.com.br\/wp-content\/uploads\/2026\/01\/Copia-de-Copia-de-Copia-de-TAMANHO-EXATO-PARA-FOTOS-NO-SISTEMA-NOVO-2025-01-22T154849.670_2025-01-22_18-48-57_png_2025-01-22_18-48-57.webp.webp?fit=1200%2C675&ssl=1&resize=1050%2C600 3x"},"classes":[]},{"id":81332,"url":"https:\/\/noticiasribeiraopreto.com.br\/index.php\/2026\/01\/02\/bandeira-verde-entenda-por-que-a-conta-de-luz-fica-mais-barata-em-janeiro-de-2026\/","url_meta":{"origin":81424,"position":3},"title":"Bandeira verde: Entenda por que a conta de luz fica mais barata em janeiro de 2026","author":"noticiasribeiraopreto.com.br","date":"2 de January de 2026","format":false,"excerpt":"A conta de energia ter\u00e1 bandeira verde em janeiro de 2026, o que significa que n\u00e3o haver\u00e1 custo extra. Segundo a Ag\u00eancia Nacional de Energia El\u00e9trica (Aneel), nesse per\u00edodo chuvoso as chuvas est\u00e3o abaixo da m\u00e9dia hist\u00f3rica.\u00a0Contudo, em novembro e dezembro de 2025 houve no pa\u00eds, de modo geral, uma\u2026","rel":"","context":"In &quot;Not\u00edcias de Ribeir\u00e3o Preto-SP e Regi\u00e3o&quot;","block_context":{"text":"Not\u00edcias de Ribeir\u00e3o Preto-SP e Regi\u00e3o","link":"https:\/\/noticiasribeiraopreto.com.br\/index.php\/category\/noticias-de-ribeirao-preto-sp-e-regiao-ismael-colosi\/"},"img":{"alt_text":"","src":"https:\/\/i0.wp.com\/noticiasribeiraopreto.com.br\/wp-content\/uploads\/2026\/01\/ar-condicionado_2026-01-01_15-50-11.webp.webp?fit=1200%2C765&ssl=1&resize=350%2C200","width":350,"height":200,"srcset":"https:\/\/i0.wp.com\/noticiasribeiraopreto.com.br\/wp-content\/uploads\/2026\/01\/ar-condicionado_2026-01-01_15-50-11.webp.webp?fit=1200%2C765&ssl=1&resize=350%2C200 1x, https:\/\/i0.wp.com\/noticiasribeiraopreto.com.br\/wp-content\/uploads\/2026\/01\/ar-condicionado_2026-01-01_15-50-11.webp.webp?fit=1200%2C765&ssl=1&resize=525%2C300 1.5x, https:\/\/i0.wp.com\/noticiasribeiraopreto.com.br\/wp-content\/uploads\/2026\/01\/ar-condicionado_2026-01-01_15-50-11.webp.webp?fit=1200%2C765&ssl=1&resize=700%2C400 2x, https:\/\/i0.wp.com\/noticiasribeiraopreto.com.br\/wp-content\/uploads\/2026\/01\/ar-condicionado_2026-01-01_15-50-11.webp.webp?fit=1200%2C765&ssl=1&resize=1050%2C600 3x"},"classes":[]},{"id":85073,"url":"https:\/\/noticiasribeiraopreto.com.br\/index.php\/2026\/04\/21\/repasse-de-icms-a-ribeirao-atinge-r-1908-mi\/","url_meta":{"origin":81424,"position":4},"title":"Repasse de ICMS \u2028a Ribeir\u00e3o atinge R$ 190,8 mi","author":"noticiasribeiraopreto.com.br","date":"21 de April de 2026","format":false,"excerpt":"Repasse para a cidade no ano passado chegou a R$ 647.504.416,68, ante R$ 624.208.894,53 de 2024, alta de 3,73%No ano passado, a Secretaria da Fazenda e Planejamento do Estado de S\u00e3o Paulo (Sefaz-SP) repassou R$ 647.504.416,68 de Imposto sobre Circula\u00e7\u00e3o de Mercadorias e Servi\u00e7os (ICMS) para Ribeir\u00e3o Preto, contra R$\u2026","rel":"","context":"In &quot;Not\u00edcias de Ribeir\u00e3o Preto-SP e Regi\u00e3o&quot;","block_context":{"text":"Not\u00edcias de Ribeir\u00e3o Preto-SP e Regi\u00e3o","link":"https:\/\/noticiasribeiraopreto.com.br\/index.php\/category\/noticias-de-ribeirao-preto-sp-e-regiao-ismael-colosi\/"},"img":{"alt_text":"","src":"https:\/\/i0.wp.com\/noticiasribeiraopreto.com.br\/wp-content\/uploads\/2026\/04\/ICMS-Guilherme-Sircili-scaled.jpg?fit=1054%2C780&ssl=1&resize=350%2C200","width":350,"height":200,"srcset":"https:\/\/i0.wp.com\/noticiasribeiraopreto.com.br\/wp-content\/uploads\/2026\/04\/ICMS-Guilherme-Sircili-scaled.jpg?fit=1054%2C780&ssl=1&resize=350%2C200 1x, https:\/\/i0.wp.com\/noticiasribeiraopreto.com.br\/wp-content\/uploads\/2026\/04\/ICMS-Guilherme-Sircili-scaled.jpg?fit=1054%2C780&ssl=1&resize=525%2C300 1.5x, https:\/\/i0.wp.com\/noticiasribeiraopreto.com.br\/wp-content\/uploads\/2026\/04\/ICMS-Guilherme-Sircili-scaled.jpg?fit=1054%2C780&ssl=1&resize=700%2C400 2x, https:\/\/i0.wp.com\/noticiasribeiraopreto.com.br\/wp-content\/uploads\/2026\/04\/ICMS-Guilherme-Sircili-scaled.jpg?fit=1054%2C780&ssl=1&resize=1050%2C600 3x"},"classes":[]},{"id":84746,"url":"https:\/\/noticiasribeiraopreto.com.br\/index.php\/2026\/04\/15\/pm-e-suspeito-de-matar-empresario-de-rp-no-rio-de-janeiro\/","url_meta":{"origin":81424,"position":5},"title":"PM \u00e9 suspeito de matar empres\u00e1rio de RP no Rio de Janeiro","author":"noticiasribeiraopreto.com.br","date":"15 de April de 2026","format":false,"excerpt":"\r Homem teve pris\u00e3o tempor\u00e1ria decretada e investiga\u00e7\u00f5es sobre o caso prosseguem\r \r 15 de abril de 2026 12:2015 de abril de 2026 12:21 \r Compartilhar2 | Por: Adalberto Luque | Um policial militar se apresentou \u00e0 Pol\u00edcia Civil e foi preso, na tarde desta ter\u00e7a-feira (14), pela morte de\u2026","rel":"","context":"In &quot;Not\u00edcias de Ribeir\u00e3o Preto-SP e Regi\u00e3o&quot;","block_context":{"text":"Not\u00edcias de Ribeir\u00e3o Preto-SP e Regi\u00e3o","link":"https:\/\/noticiasribeiraopreto.com.br\/index.php\/category\/noticias-de-ribeirao-preto-sp-e-regiao-ismael-colosi\/"},"img":{"alt_text":"","src":"https:\/\/i0.wp.com\/noticiasribeiraopreto.com.br\/wp-content\/uploads\/2026\/04\/14-mar-2026-mortonorj.jpg?fit=737%2C683&ssl=1&resize=350%2C200","width":350,"height":200,"srcset":"https:\/\/i0.wp.com\/noticiasribeiraopreto.com.br\/wp-content\/uploads\/2026\/04\/14-mar-2026-mortonorj.jpg?fit=737%2C683&ssl=1&resize=350%2C200 1x, https:\/\/i0.wp.com\/noticiasribeiraopreto.com.br\/wp-content\/uploads\/2026\/04\/14-mar-2026-mortonorj.jpg?fit=737%2C683&ssl=1&resize=525%2C300 1.5x, https:\/\/i0.wp.com\/noticiasribeiraopreto.com.br\/wp-content\/uploads\/2026\/04\/14-mar-2026-mortonorj.jpg?fit=737%2C683&ssl=1&resize=700%2C400 2x"},"classes":[]}],"jetpack_sharing_enabled":true,"jetpack_shortlink":"https:\/\/wp.me\/peQAOb-lbi","_links":{"self":[{"href":"https:\/\/noticiasribeiraopreto.com.br\/index.php\/wp-json\/wp\/v2\/posts\/81424","targetHints":{"allow":["GET"]}}],"collection":[{"href":"https:\/\/noticiasribeiraopreto.com.br\/index.php\/wp-json\/wp\/v2\/posts"}],"about":[{"href":"https:\/\/noticiasribeiraopreto.com.br\/index.php\/wp-json\/wp\/v2\/types\/post"}],"author":[{"embeddable":true,"href":"https:\/\/noticiasribeiraopreto.com.br\/index.php\/wp-json\/wp\/v2\/users\/1"}],"replies":[{"embeddable":true,"href":"https:\/\/noticiasribeiraopreto.com.br\/index.php\/wp-json\/wp\/v2\/comments?post=81424"}],"version-history":[{"count":0,"href":"https:\/\/noticiasribeiraopreto.com.br\/index.php\/wp-json\/wp\/v2\/posts\/81424\/revisions"}],"wp:featuredmedia":[{"embeddable":true,"href":"https:\/\/noticiasribeiraopreto.com.br\/index.php\/wp-json\/wp\/v2\/media\/81425"}],"wp:attachment":[{"href":"https:\/\/noticiasribeiraopreto.com.br\/index.php\/wp-json\/wp\/v2\/media?parent=81424"}],"wp:term":[{"taxonomy":"category","embeddable":true,"href":"https:\/\/noticiasribeiraopreto.com.br\/index.php\/wp-json\/wp\/v2\/categories?post=81424"},{"taxonomy":"post_tag","embeddable":true,"href":"https:\/\/noticiasribeiraopreto.com.br\/index.php\/wp-json\/wp\/v2\/tags?post=81424"}],"curies":[{"name":"wp","href":"https:\/\/api.w.org\/{rel}","templated":true}]}}