{"id":81428,"date":"2026-01-06T07:05:07","date_gmt":"2026-01-06T10:05:07","guid":{"rendered":"https:\/\/noticiasribeiraopreto.com.br\/index.php\/2026\/01\/06\/gcm-recupera-carga-avaliada-em-r-200-mil-apos-roubo-e-sequestro-em-fazenda\/"},"modified":"2026-01-06T07:05:07","modified_gmt":"2026-01-06T10:05:07","slug":"gcm-recupera-carga-avaliada-em-r-200-mil-apos-roubo-e-sequestro-em-fazenda","status":"publish","type":"post","link":"https:\/\/noticiasribeiraopreto.com.br\/index.php\/2026\/01\/06\/gcm-recupera-carga-avaliada-em-r-200-mil-apos-roubo-e-sequestro-em-fazenda\/","title":{"rendered":"GCM recupera carga avaliada em R$ 200 mil ap\u00f3s roubo e sequestro em fazenda"},"content":{"rendered":"<div class='code-block code-block-1' style='margin: 8px 0 8px auto; text-align: right; display: block; clear: both;'>\n<p><a href=\"https:\/\/wa.link\/vpicfd\"><img data-recalc-dims=\"1\" class=\"wp-image-4922\" style=\"aspect-ratio: 2.0253164556962027; width: 561px; height: auto;\" src=\"https:\/\/i0.wp.com\/ismaelcolosi.com.br\/wp-content\/uploads\/2023\/11\/grupo-de-empregos-whatsapp-e-facebook-ismael-colosi-vagas.jpg?ssl=1\" alt=\"\" \/><\/a><\/p>\n<!-- \/wp:image -->\n<\/div>\n<p> <br \/>\n<\/p>\n<div>\n<p><strong>A GCM (Guarda Civil Metropolitana) recuperou uma carga de herbicidas avaliada em aproximadamente R$ 200 mil, ap\u00f3s um roubo na tarde desta segunda-feira (5), em que um t\u00e9cnico agr\u00edcola foi levado como ref\u00e9m pelos criminosos, em uma fazenda na divisa de Cruz das Posses e Ribeir\u00e3o Preto. <\/strong><\/p>\n<p>Segundo a corpora\u00e7\u00e3o, a equipe de Patrulha Rural recebeu a informa\u00e7\u00e3o de roubo em andamento por meio da rede de r\u00e1dio da GCM. O chamado mobilizou equipes da Ronda Ostensiva Municipal (Romu), viaturas de \u00e1rea, o comando da Guarda e o apoio de drone para buscas.<\/p>\n<h2 class=\"wp-block-heading\"><strong>Abordagem e sequestro<\/strong><\/h2>\n<p>De acordo com a GCM, funcion\u00e1rios realizavam atividades rotineiras com maquin\u00e1rios agr\u00edcolas quando um ve\u00edculo Chevrolet Kadett chegou \u00e0 propriedade com quatro criminosos armados. O grupo rendeu o t\u00e9cnico agr\u00edcola e o motorista de um caminh\u00e3o utilizado no servi\u00e7o.<\/p>\n<p>Os suspeitos obrigaram o motorista a conduzir o caminh\u00e3o at\u00e9 uma \u00e1rea de mata, acompanhado por um dos criminosos na cabine. O t\u00e9cnico agr\u00edcola foi levado no Kadett, sob amea\u00e7a de armas de fogo.<\/p>\n<h3 class=\"wp-block-heading\"><strong>Roubo da carga<\/strong><\/h3>\n<p>No local indicado pelos suspeitos, o motorista foi for\u00e7ado a ajudar no descarregamento dos herbicidas. Ap\u00f3s a retirada do material, o grupo determinou que o motorista deixasse o local sem olhar para tr\u00e1s, mantendo o t\u00e9cnico agr\u00edcola em poder dos criminosos.<\/p>\n<p>O t\u00e9cnico relatou que o ve\u00edculo seguiu at\u00e9 a regi\u00e3o do bairro Cristo Redentor, onde dois suspeitos desembarcaram. Em seguida, o carro retornou pelo Anel Vi\u00e1rio Norte e voltou \u00e0 \u00e1rea rural. O t\u00e9cnico foi liberado posteriormente por outros dois integrantes do grupo.<\/p>\n<h4 class=\"wp-block-heading\"><strong>Recupera\u00e7\u00e3o e investiga\u00e7\u00e3o<\/strong><\/h4>\n<p>O motorista do caminh\u00e3o conseguiu retornar \u00e0 sede da fazenda e comunicou o ocorrido. Com a informa\u00e7\u00e3o de que o Kadett ainda circulava pela regi\u00e3o, as equipes intensificaram as buscas.<\/p>\n<p>A carga foi localizada pr\u00f3ximo a um bambuzal, ap\u00f3s uma for\u00e7a-tarefa envolvendo funcion\u00e1rios da usina, equipes da GCM e o uso de drone. Todo o material foi recuperado.<\/p>\n<p>O ve\u00edculo utilizado no crime foi encontrado \u00e0s margens do rio Pardo e permaneceu apreendido para encaminhamento \u00e0 Central de Pol\u00edcia Judici\u00e1ria (CPJ), onde passar\u00e1 por per\u00edcia da Pol\u00edcia Cient\u00edfica. A consulta policial n\u00e3o apontou registro de roubo ou furto do autom\u00f3vel.<\/p>\n<p>Ainda conforme as informa\u00e7\u00f5es, um casal que pescava no rio Pardo teria sido obrigado a levar os criminosos at\u00e9 o bairro Simioni. <\/p>\n<p>Ningu\u00e9m foi preso e o caso segue sob investiga\u00e7\u00e3o da Pol\u00edcia Civil.<\/p>\n<p><!-- AI CONTENT END 1 -->\n<\/div>\n<p><br \/>\n<br \/><a href=\"https:\/\/www.acidadeon.com\/ribeiraopreto\/cotidiano\/gcm-recupera-carga-avaliada-em-r-200-mil-apos-roubo-e-sequestro-em-fazenda\/\">Source link <\/a><\/p>\n<!-- CONTENT END 1 -->\n","protected":false},"excerpt":{"rendered":"<p>A GCM (Guarda Civil Metropolitana) recuperou uma carga de herbicidas avaliada em aproximadamente R$ 200 mil, ap\u00f3s um roubo na tarde desta segunda-feira (5), em&#8230;<\/p>\n","protected":false},"author":1,"featured_media":81429,"comment_status":"open","ping_status":"open","sticky":false,"template":"","format":"standard","meta":{"advanced_seo_description":"","jetpack_seo_html_title":"","jetpack_seo_noindex":false,"jetpack_post_was_ever_published":false,"_jetpack_newsletter_access":"","_jetpack_dont_email_post_to_subs":false,"_jetpack_newsletter_tier_id":0,"_jetpack_memberships_contains_paywalled_content":false,"_jetpack_memberships_contains_paid_content":false,"footnotes":"","jetpack_publicize_message":"","jetpack_publicize_feature_enabled":true,"jetpack_social_post_already_shared":true,"jetpack_social_options":{"image_generator_settings":{"template":"highway","default_image_id":0,"font":"","enabled":false},"version":2}},"categories":[11],"tags":[],"class_list":["post-81428","post","type-post","status-publish","format-standard","has-post-thumbnail","hentry","category-noticias-de-ribeirao-preto-sp-e-regiao-ismael-colosi"],"jetpack_publicize_connections":[],"jetpack_featured_media_url":"https:\/\/i0.wp.com\/noticiasribeiraopreto.com.br\/wp-content\/uploads\/2026\/01\/WhatsApp-Image-2026-01-05-at-19.30.25_2026-01-06_09-30-45.webp.webp?fit=1200%2C900&ssl=1","jetpack-related-posts":[{"id":80365,"url":"https:\/\/noticiasribeiraopreto.com.br\/index.php\/2025\/11\/20\/gcm-prende-homem-apos-roubo-a-posto-de-combustiveis-em-ribeirao-preto\/","url_meta":{"origin":81428,"position":0},"title":"GCM prende homem ap\u00f3s roubo a posto de combust\u00edveis em Ribeir\u00e3o Preto","author":"noticiasribeiraopreto.com.br","date":"20 de November de 2025","format":false,"excerpt":"Um homem foi preso por agentes da Guarda Civil Municipal (GCM) suspeito de roubar a conveni\u00eancia de um posto de combust\u00edveis no cruzamento das avenidas Nove de Julho e Portugal, na Vila Seixas, em Ribeir\u00e3o Preto, na tarde desta quinta-feira (20). De acordo com a corpora\u00e7\u00e3o, por volta das 12h15,\u2026","rel":"","context":"In &quot;Not\u00edcias de Ribeir\u00e3o Preto-SP e Regi\u00e3o&quot;","block_context":{"text":"Not\u00edcias de Ribeir\u00e3o Preto-SP e Regi\u00e3o","link":"https:\/\/noticiasribeiraopreto.com.br\/index.php\/category\/noticias-de-ribeirao-preto-sp-e-regiao-ismael-colosi\/"},"img":{"alt_text":"","src":"https:\/\/i0.wp.com\/noticiasribeiraopreto.com.br\/wp-content\/uploads\/2025\/11\/Copia-de-Copia-de-Copia-de-TAMANHO-EXATO-PARA-FOTOS-NO-SISTEMA-NOVO-2025-11-20T152615.778_2025-11-20_18-27-52.webp.webp?fit=1200%2C675&ssl=1&resize=350%2C200","width":350,"height":200,"srcset":"https:\/\/i0.wp.com\/noticiasribeiraopreto.com.br\/wp-content\/uploads\/2025\/11\/Copia-de-Copia-de-Copia-de-TAMANHO-EXATO-PARA-FOTOS-NO-SISTEMA-NOVO-2025-11-20T152615.778_2025-11-20_18-27-52.webp.webp?fit=1200%2C675&ssl=1&resize=350%2C200 1x, https:\/\/i0.wp.com\/noticiasribeiraopreto.com.br\/wp-content\/uploads\/2025\/11\/Copia-de-Copia-de-Copia-de-TAMANHO-EXATO-PARA-FOTOS-NO-SISTEMA-NOVO-2025-11-20T152615.778_2025-11-20_18-27-52.webp.webp?fit=1200%2C675&ssl=1&resize=525%2C300 1.5x, https:\/\/i0.wp.com\/noticiasribeiraopreto.com.br\/wp-content\/uploads\/2025\/11\/Copia-de-Copia-de-Copia-de-TAMANHO-EXATO-PARA-FOTOS-NO-SISTEMA-NOVO-2025-11-20T152615.778_2025-11-20_18-27-52.webp.webp?fit=1200%2C675&ssl=1&resize=700%2C400 2x, https:\/\/i0.wp.com\/noticiasribeiraopreto.com.br\/wp-content\/uploads\/2025\/11\/Copia-de-Copia-de-Copia-de-TAMANHO-EXATO-PARA-FOTOS-NO-SISTEMA-NOVO-2025-11-20T152615.778_2025-11-20_18-27-52.webp.webp?fit=1200%2C675&ssl=1&resize=1050%2C600 3x"},"classes":[]},{"id":83942,"url":"https:\/\/noticiasribeiraopreto.com.br\/index.php\/2026\/03\/29\/pm-aposentado-e-agredido-em-roubo-de-carro-veiculo-e-encontrado-em-ribeirao-preto\/","url_meta":{"origin":81428,"position":1},"title":"PM aposentado \u00e9 agredido em roubo de carro; Ve\u00edculo \u00e9 encontrado em Ribeir\u00e3o Preto","author":"noticiasribeiraopreto.com.br","date":"29 de March de 2026","format":false,"excerpt":"Um policial militar aposentado foi agredido durante um roubo de carro na madrugada deste domingo (29), em Batatais, a 40 quil\u00f4metros de Ribeir\u00e3o Preto. A GCM (Guarda Civil Metropolitana) de Ribeir\u00e3o localizou o ve\u00edculo roubado \u2013 um Volkswagen Gol branco \u2013 abandonado em uma via perto da Fazenda Experimental. Ainda\u2026","rel":"","context":"In &quot;Not\u00edcias de Ribeir\u00e3o Preto-SP e Regi\u00e3o&quot;","block_context":{"text":"Not\u00edcias de Ribeir\u00e3o Preto-SP e Regi\u00e3o","link":"https:\/\/noticiasribeiraopreto.com.br\/index.php\/category\/noticias-de-ribeirao-preto-sp-e-regiao-ismael-colosi\/"},"img":{"alt_text":"","src":"https:\/\/i0.wp.com\/noticiasribeiraopreto.com.br\/wp-content\/uploads\/2026\/03\/WhatsApp-Image-2026-03-29-at-10.30.00_2026-03-29_16-36-35.webp.webp?fit=1200%2C675&ssl=1&resize=350%2C200","width":350,"height":200,"srcset":"https:\/\/i0.wp.com\/noticiasribeiraopreto.com.br\/wp-content\/uploads\/2026\/03\/WhatsApp-Image-2026-03-29-at-10.30.00_2026-03-29_16-36-35.webp.webp?fit=1200%2C675&ssl=1&resize=350%2C200 1x, https:\/\/i0.wp.com\/noticiasribeiraopreto.com.br\/wp-content\/uploads\/2026\/03\/WhatsApp-Image-2026-03-29-at-10.30.00_2026-03-29_16-36-35.webp.webp?fit=1200%2C675&ssl=1&resize=525%2C300 1.5x, https:\/\/i0.wp.com\/noticiasribeiraopreto.com.br\/wp-content\/uploads\/2026\/03\/WhatsApp-Image-2026-03-29-at-10.30.00_2026-03-29_16-36-35.webp.webp?fit=1200%2C675&ssl=1&resize=700%2C400 2x, https:\/\/i0.wp.com\/noticiasribeiraopreto.com.br\/wp-content\/uploads\/2026\/03\/WhatsApp-Image-2026-03-29-at-10.30.00_2026-03-29_16-36-35.webp.webp?fit=1200%2C675&ssl=1&resize=1050%2C600 3x"},"classes":[]},{"id":37019,"url":"https:\/\/noticiasribeiraopreto.com.br\/index.php\/2024\/02\/13\/gcm-recupera-nove-bicicletas-de-ciclistas-que-foram-amarrados-em-area-rural-de-ribeirao\/","url_meta":{"origin":81428,"position":2},"title":"GCM recupera nove bicicletas de ciclistas que foram amarrados em \u00e1rea rural de Ribeir\u00e3o","author":"noticiasribeiraopreto.com.br","date":"13 de February de 2024","format":false,"excerpt":"Uma equipe da Patrulha Rural da Guarda Civil Metropolitana (GCM) de Ribeir\u00e3o Preto recuperou, nesta ter\u00e7a-feira (13), nove bicicletas que haviam sido roubadas de um grupo de ciclistas. Todos estavam pedalando em uma \u00e1rea rural de Ribeir\u00e3o Preto, pr\u00f3ximo a rodovia Ant\u00f4nio Machado Sant\u2019anna (SP-255). A a\u00e7\u00e3o contou com a\u2026","rel":"","context":"In &quot;Not\u00edcias de Ribeir\u00e3o Preto-SP e Regi\u00e3o&quot;","block_context":{"text":"Not\u00edcias de Ribeir\u00e3o Preto-SP e Regi\u00e3o","link":"https:\/\/noticiasribeiraopreto.com.br\/index.php\/category\/noticias-de-ribeirao-preto-sp-e-regiao-ismael-colosi\/"},"img":{"alt_text":"","src":"https:\/\/i0.wp.com\/noticiasribeiraopreto.com.br\/wp-content\/uploads\/2024\/02\/Copia-de-Copia-de-TAMANHO-EXATO-PARA-FOTOS-NO-SISTEMA-NOVO-34.png?fit=1200%2C675&ssl=1&resize=350%2C200","width":350,"height":200,"srcset":"https:\/\/i0.wp.com\/noticiasribeiraopreto.com.br\/wp-content\/uploads\/2024\/02\/Copia-de-Copia-de-TAMANHO-EXATO-PARA-FOTOS-NO-SISTEMA-NOVO-34.png?fit=1200%2C675&ssl=1&resize=350%2C200 1x, https:\/\/i0.wp.com\/noticiasribeiraopreto.com.br\/wp-content\/uploads\/2024\/02\/Copia-de-Copia-de-TAMANHO-EXATO-PARA-FOTOS-NO-SISTEMA-NOVO-34.png?fit=1200%2C675&ssl=1&resize=525%2C300 1.5x, https:\/\/i0.wp.com\/noticiasribeiraopreto.com.br\/wp-content\/uploads\/2024\/02\/Copia-de-Copia-de-TAMANHO-EXATO-PARA-FOTOS-NO-SISTEMA-NOVO-34.png?fit=1200%2C675&ssl=1&resize=700%2C400 2x, https:\/\/i0.wp.com\/noticiasribeiraopreto.com.br\/wp-content\/uploads\/2024\/02\/Copia-de-Copia-de-TAMANHO-EXATO-PARA-FOTOS-NO-SISTEMA-NOVO-34.png?fit=1200%2C675&ssl=1&resize=1050%2C600 3x"},"classes":[]},{"id":57114,"url":"https:\/\/noticiasribeiraopreto.com.br\/index.php\/2024\/08\/23\/gcm-e-namorada-sofrem-sequestro-relampago-na-zona-sul-de-ribeirao\/","url_meta":{"origin":81428,"position":3},"title":"GCM e namorada sofrem sequestro-rel\u00e2mpago na zona Sul de Ribeir\u00e3o","author":"noticiasribeiraopreto.com.br","date":"23 de August de 2024","format":false,"excerpt":"Um guarda civil municipal e sua namorada foram sequestrados na madrugada de hoje (23), na avenida Itatiaia, na zona Sul de Ribeir\u00e3o Preto. Tr\u00eas suspeitos foram presos na manh\u00e3 desta sexta-feira. Segundo boletim de ocorr\u00eancia, o casal foi abordado por dois homens armados que entraram no ve\u00edculo e amea\u00e7aram as\u2026","rel":"","context":"In &quot;Not\u00edcias de Ribeir\u00e3o Preto-SP e Regi\u00e3o&quot;","block_context":{"text":"Not\u00edcias de Ribeir\u00e3o Preto-SP e Regi\u00e3o","link":"https:\/\/noticiasribeiraopreto.com.br\/index.php\/category\/noticias-de-ribeirao-preto-sp-e-regiao-ismael-colosi\/"},"img":{"alt_text":"","src":"https:\/\/i0.wp.com\/noticiasribeiraopreto.com.br\/wp-content\/uploads\/2024\/08\/policia_militar_1024x576_27122019193540.jpg?fit=1024%2C576&ssl=1&resize=350%2C200","width":350,"height":200,"srcset":"https:\/\/i0.wp.com\/noticiasribeiraopreto.com.br\/wp-content\/uploads\/2024\/08\/policia_militar_1024x576_27122019193540.jpg?fit=1024%2C576&ssl=1&resize=350%2C200 1x, https:\/\/i0.wp.com\/noticiasribeiraopreto.com.br\/wp-content\/uploads\/2024\/08\/policia_militar_1024x576_27122019193540.jpg?fit=1024%2C576&ssl=1&resize=525%2C300 1.5x, https:\/\/i0.wp.com\/noticiasribeiraopreto.com.br\/wp-content\/uploads\/2024\/08\/policia_militar_1024x576_27122019193540.jpg?fit=1024%2C576&ssl=1&resize=700%2C400 2x"},"classes":[]},{"id":51876,"url":"https:\/\/noticiasribeiraopreto.com.br\/index.php\/2024\/05\/31\/gcm-recupera-caminhonete-furtada-no-feriado-de-corpus-christi-em-ribeirao-preto\/","url_meta":{"origin":81428,"position":4},"title":"GCM recupera caminhonete furtada no feriado de Corpus Christi em Ribeir\u00e3o Preto","author":"noticiasribeiraopreto.com.br","date":"31 de May de 2024","format":false,"excerpt":"A Guarda Civil Metropolitana (GCM) de Ribeir\u00e3o Preto localizou nesta sexta-feira (31), uma caminhonete Toyota Hilux furtada na zona Sul da cidade. Segundo as informa\u00e7\u00f5es, o ve\u00edculo pertence a um m\u00e9dico ortopedista da cidade e foi furtado nesta quinta-feira (30), feriado de Corpus Christi, enquanto o homem estava jantando em\u2026","rel":"","context":"In &quot;Not\u00edcias de Ribeir\u00e3o Preto-SP e Regi\u00e3o&quot;","block_context":{"text":"Not\u00edcias de Ribeir\u00e3o Preto-SP e Regi\u00e3o","link":"https:\/\/noticiasribeiraopreto.com.br\/index.php\/category\/noticias-de-ribeirao-preto-sp-e-regiao-ismael-colosi\/"},"img":{"alt_text":"","src":"https:\/\/i0.wp.com\/noticiasribeiraopreto.com.br\/wp-content\/uploads\/2024\/05\/Copia-de-Copia-de-TAMANHO-EXATO-PARA-FOTOS-NO-SISTEMA-NOVO-60_2024-05-31_19-39-01_png_2024-05-31_19-39-02.webp.webp?fit=1200%2C675&ssl=1&resize=350%2C200","width":350,"height":200,"srcset":"https:\/\/i0.wp.com\/noticiasribeiraopreto.com.br\/wp-content\/uploads\/2024\/05\/Copia-de-Copia-de-TAMANHO-EXATO-PARA-FOTOS-NO-SISTEMA-NOVO-60_2024-05-31_19-39-01_png_2024-05-31_19-39-02.webp.webp?fit=1200%2C675&ssl=1&resize=350%2C200 1x, https:\/\/i0.wp.com\/noticiasribeiraopreto.com.br\/wp-content\/uploads\/2024\/05\/Copia-de-Copia-de-TAMANHO-EXATO-PARA-FOTOS-NO-SISTEMA-NOVO-60_2024-05-31_19-39-01_png_2024-05-31_19-39-02.webp.webp?fit=1200%2C675&ssl=1&resize=525%2C300 1.5x, https:\/\/i0.wp.com\/noticiasribeiraopreto.com.br\/wp-content\/uploads\/2024\/05\/Copia-de-Copia-de-TAMANHO-EXATO-PARA-FOTOS-NO-SISTEMA-NOVO-60_2024-05-31_19-39-01_png_2024-05-31_19-39-02.webp.webp?fit=1200%2C675&ssl=1&resize=700%2C400 2x, https:\/\/i0.wp.com\/noticiasribeiraopreto.com.br\/wp-content\/uploads\/2024\/05\/Copia-de-Copia-de-TAMANHO-EXATO-PARA-FOTOS-NO-SISTEMA-NOVO-60_2024-05-31_19-39-01_png_2024-05-31_19-39-02.webp.webp?fit=1200%2C675&ssl=1&resize=1050%2C600 3x"},"classes":[]},{"id":59971,"url":"https:\/\/noticiasribeiraopreto.com.br\/index.php\/2024\/11\/03\/homem-e-preso-apos-furto-em-unidade-de-saude-de-ribeirao-preto\/","url_meta":{"origin":81428,"position":5},"title":"Homem \u00e9 preso ap\u00f3s furto em unidade de sa\u00fade de Ribeir\u00e3o Preto","author":"noticiasribeiraopreto.com.br","date":"3 de November de 2024","format":false,"excerpt":"Um homem foi preso por agentes da GCM (Guarda Civil Municipal) durante um furto na UBS (Unidade B\u00e1sica de Sa\u00fade) do Jardim Jo\u00e3o Rossi, na zona Sul de Ribeir\u00e3o Preto. O caso aconteceu no \u00faltimo s\u00e1bado (2). De acordo com a GCM, o criminoso havia arrombado uma das portas que\u2026","rel":"","context":"In &quot;Not\u00edcias de Ribeir\u00e3o Preto-SP e Regi\u00e3o&quot;","block_context":{"text":"Not\u00edcias de Ribeir\u00e3o Preto-SP e Regi\u00e3o","link":"https:\/\/noticiasribeiraopreto.com.br\/index.php\/category\/noticias-de-ribeirao-preto-sp-e-regiao-ismael-colosi\/"},"img":{"alt_text":"","src":"https:\/\/i0.wp.com\/noticiasribeiraopreto.com.br\/wp-content\/uploads\/2024\/11\/ubs-joao-rossi_2024-11-03_14-19-40_jpeg_2024-11-03_14-19-42-scaled.webp.webp?fit=1200%2C900&ssl=1&resize=350%2C200","width":350,"height":200,"srcset":"https:\/\/i0.wp.com\/noticiasribeiraopreto.com.br\/wp-content\/uploads\/2024\/11\/ubs-joao-rossi_2024-11-03_14-19-40_jpeg_2024-11-03_14-19-42-scaled.webp.webp?fit=1200%2C900&ssl=1&resize=350%2C200 1x, https:\/\/i0.wp.com\/noticiasribeiraopreto.com.br\/wp-content\/uploads\/2024\/11\/ubs-joao-rossi_2024-11-03_14-19-40_jpeg_2024-11-03_14-19-42-scaled.webp.webp?fit=1200%2C900&ssl=1&resize=525%2C300 1.5x, https:\/\/i0.wp.com\/noticiasribeiraopreto.com.br\/wp-content\/uploads\/2024\/11\/ubs-joao-rossi_2024-11-03_14-19-40_jpeg_2024-11-03_14-19-42-scaled.webp.webp?fit=1200%2C900&ssl=1&resize=700%2C400 2x, https:\/\/i0.wp.com\/noticiasribeiraopreto.com.br\/wp-content\/uploads\/2024\/11\/ubs-joao-rossi_2024-11-03_14-19-40_jpeg_2024-11-03_14-19-42-scaled.webp.webp?fit=1200%2C900&ssl=1&resize=1050%2C600 3x"},"classes":[]}],"jetpack_sharing_enabled":true,"jetpack_shortlink":"https:\/\/wp.me\/peQAOb-lbm","_links":{"self":[{"href":"https:\/\/noticiasribeiraopreto.com.br\/index.php\/wp-json\/wp\/v2\/posts\/81428","targetHints":{"allow":["GET"]}}],"collection":[{"href":"https:\/\/noticiasribeiraopreto.com.br\/index.php\/wp-json\/wp\/v2\/posts"}],"about":[{"href":"https:\/\/noticiasribeiraopreto.com.br\/index.php\/wp-json\/wp\/v2\/types\/post"}],"author":[{"embeddable":true,"href":"https:\/\/noticiasribeiraopreto.com.br\/index.php\/wp-json\/wp\/v2\/users\/1"}],"replies":[{"embeddable":true,"href":"https:\/\/noticiasribeiraopreto.com.br\/index.php\/wp-json\/wp\/v2\/comments?post=81428"}],"version-history":[{"count":0,"href":"https:\/\/noticiasribeiraopreto.com.br\/index.php\/wp-json\/wp\/v2\/posts\/81428\/revisions"}],"wp:featuredmedia":[{"embeddable":true,"href":"https:\/\/noticiasribeiraopreto.com.br\/index.php\/wp-json\/wp\/v2\/media\/81429"}],"wp:attachment":[{"href":"https:\/\/noticiasribeiraopreto.com.br\/index.php\/wp-json\/wp\/v2\/media?parent=81428"}],"wp:term":[{"taxonomy":"category","embeddable":true,"href":"https:\/\/noticiasribeiraopreto.com.br\/index.php\/wp-json\/wp\/v2\/categories?post=81428"},{"taxonomy":"post_tag","embeddable":true,"href":"https:\/\/noticiasribeiraopreto.com.br\/index.php\/wp-json\/wp\/v2\/tags?post=81428"}],"curies":[{"name":"wp","href":"https:\/\/api.w.org\/{rel}","templated":true}]}}