{"id":8143,"date":"2023-11-29T15:25:25","date_gmt":"2023-11-29T18:25:25","guid":{"rendered":"https:\/\/noticiasribeiraopreto.com.br\/index.php\/2023\/11\/29\/idosa-e-descoberta-viva-dentro-de-saco-em-necroterio-apos-ter-morte-confirmada-em-hospital-de-cidade-catarinense\/"},"modified":"2023-11-29T15:25:25","modified_gmt":"2023-11-29T18:25:25","slug":"idosa-e-descoberta-viva-dentro-de-saco-em-necroterio-apos-ter-morte-confirmada-em-hospital-de-cidade-catarinense","status":"publish","type":"post","link":"https:\/\/noticiasribeiraopreto.com.br\/index.php\/2023\/11\/29\/idosa-e-descoberta-viva-dentro-de-saco-em-necroterio-apos-ter-morte-confirmada-em-hospital-de-cidade-catarinense\/","title":{"rendered":"Idosa \u00e9 descoberta viva dentro de saco em necrot\u00e9rio ap\u00f3s ter morte confirmada em hospital de cidade catarinense"},"content":{"rendered":"<div class='code-block code-block-1' style='margin: 8px 0 8px auto; text-align: right; display: block; clear: both;'>\n<p><a href=\"https:\/\/wa.link\/vpicfd\"><img data-recalc-dims=\"1\" class=\"wp-image-4922\" style=\"aspect-ratio: 2.0253164556962027; width: 561px; height: auto;\" src=\"https:\/\/i0.wp.com\/ismaelcolosi.com.br\/wp-content\/uploads\/2023\/11\/grupo-de-empregos-whatsapp-e-facebook-ismael-colosi-vagas.jpg?ssl=1\" alt=\"\" \/><\/a><\/p>\n<!-- \/wp:image -->\n<\/div>\n<p> <br \/>\n<\/p>\n<div itemprop=\"text\">\n<p>Este caso teve uma enorme repercuss\u00e3o nas \u00faltimas horas e viralizou ao ganhar destaque nos principais portais de not\u00edcias do Brasil. Uma mulher idosa de 90 anos foi descoberta viva dentro do necrot\u00e9rio do Hospital Regional de S\u00e3o Jos\u00e9, na regi\u00e3o metropolitana de Florian\u00f3polis, mesmo depois de ter sido declarada morta pela equipe m\u00e9dica.<\/p>\n<p>A paciente foi admitida na sexta-feira (24) e teve seu atestado de \u00f3bito emitido na noite de s\u00e1bado (25). Ap\u00f3s o ocorrido, ela foi conduzida de volta a um quarto, mas acabou falecendo na segunda-feira (27).<\/p>\n<p>A situa\u00e7\u00e3o veio \u00e0 tona quando um funcion\u00e1rio de um cremat\u00f3rio local, encarregado de recolher o corpo da idosa para os procedimentos f\u00fanebres, percebeu que Norma Silveira da Silva ainda estava respirando e apresentava temperatura corporal elevada. Conforme relatado pela fam\u00edlia, ela foi encontrada dentro de um saco.<\/p>\n<p>A administra\u00e7\u00e3o do hospital esclareceu que a mulher estava recebendo cuidados paliativos e que iniciou um processo de sindic\u00e2ncia para investigar as responsabilidades. O Comit\u00ea de \u00c9tica M\u00e9dica e a Comiss\u00e3o de \u00d3bito tamb\u00e9m foram acionados.<\/p>\n<p>Foram elaborados dois atestados de \u00f3bito para a mulher, ambos compartilhados com a equipe de reportagem. O primeiro foi emitido na noite de s\u00e1bado, \u00e0s 23h40, quando a idosa foi encaminhada para o necrot\u00e9rio. J\u00e1 o segundo foi registrado na madrugada de segunda-feira, \u00e0s 4h50.<\/p>\n<p>De acordo com J\u00e9ssica Martins Silvi Pereira, amiga de Norma que a acompanhou no hospital, a fam\u00edlia planeja entrar com um processo contra o hospital. <i>\u201c\u00c9 um descaso que eu n\u00e3o desejo para ningu\u00e9m\u201d,<\/i> afirmou.<\/p>\n<p>O portal G1 questionou a Secretaria de Estado de Sa\u00fade (SES) sobre a causa do \u00f3bito, mas n\u00e3o obteve resposta. Segundo J\u00e9ssica, at\u00e9 o momento, a fam\u00edlia n\u00e3o recebeu informa\u00e7\u00f5es detalhadas sobre o que causou a morte. A idosa foi cremada na segunda-feira.<\/p>\n<\/div>\n<p><br \/>\n<br \/><a href=\"https:\/\/fnmais.com\/sc-idosa-descoberta-viva-dentro-saco-em-necroterio-apos-ter-morte-confirmada-em-hospital-cidade-catarinense\/\">Source link <\/a><\/p>\n<!-- CONTENT END 1 -->\n","protected":false},"excerpt":{"rendered":"<p>Este caso teve uma enorme repercuss\u00e3o nas \u00faltimas horas e viralizou ao ganhar destaque nos principais portais de not\u00edcias do Brasil. Uma mulher idosa de&#8230;<\/p>\n","protected":false},"author":1,"featured_media":8144,"comment_status":"open","ping_status":"open","sticky":false,"template":"","format":"standard","meta":{"advanced_seo_description":"","jetpack_seo_html_title":"","jetpack_seo_noindex":false,"jetpack_post_was_ever_published":false,"_jetpack_newsletter_access":"","_jetpack_dont_email_post_to_subs":false,"_jetpack_newsletter_tier_id":0,"_jetpack_memberships_contains_paywalled_content":false,"_jetpack_memberships_contains_paid_content":false,"footnotes":"","jetpack_publicize_message":"","jetpack_publicize_feature_enabled":true,"jetpack_social_post_already_shared":true,"jetpack_social_options":{"image_generator_settings":{"template":"highway","default_image_id":0,"font":"","enabled":false},"version":2}},"categories":[1],"tags":[],"class_list":["post-8143","post","type-post","status-publish","format-standard","has-post-thumbnail","hentry","category-blog"],"jetpack_publicize_connections":[],"jetpack_featured_media_url":"https:\/\/i0.wp.com\/noticiasribeiraopreto.com.br\/wp-content\/uploads\/2023\/11\/postimg-65677db7347023111.jpg?fit=1200%2C628&ssl=1","jetpack-related-posts":[{"id":53306,"url":"https:\/\/noticiasribeiraopreto.com.br\/index.php\/2024\/06\/18\/preso-suspeito-de-matar-idosa-que-teve-corpo-queimado-na-regiao-de-ribeirao-preto\/","url_meta":{"origin":8143,"position":0},"title":"Preso suspeito de matar idosa que teve corpo queimado na regi\u00e3o de Ribeir\u00e3o Preto","author":"noticiasribeiraopreto.com.br","date":"18 de June de 2024","format":false,"excerpt":"O ex-marido da idosa morta ap\u00f3s ter mais da metade do corpo queimado foi preso, na tarde desta ter\u00e7a-feira (18), em Sert\u00e3ozinho, na regi\u00e3o de Ribeir\u00e3o Preto. O feminic\u00eddio ocorreu no dia 13 de junho em Pontal. Segundo a pol\u00edcia, o mandado de pris\u00e3o preventiva foi expedido pela Justi\u00e7a, nesta\u2026","rel":"","context":"In &quot;Not\u00edcias de Ribeir\u00e3o Preto-SP e Regi\u00e3o&quot;","block_context":{"text":"Not\u00edcias de Ribeir\u00e3o Preto-SP e Regi\u00e3o","link":"https:\/\/noticiasribeiraopreto.com.br\/index.php\/category\/noticias-de-ribeirao-preto-sp-e-regiao-ismael-colosi\/"},"img":{"alt_text":"","src":"https:\/\/i0.wp.com\/noticiasribeiraopreto.com.br\/wp-content\/uploads\/2024\/06\/FEMINICIDIO_2024-06-15_15-48-31_jpg_2024-06-15_15-48-31.webp.webp?fit=1200%2C910&ssl=1&resize=350%2C200","width":350,"height":200,"srcset":"https:\/\/i0.wp.com\/noticiasribeiraopreto.com.br\/wp-content\/uploads\/2024\/06\/FEMINICIDIO_2024-06-15_15-48-31_jpg_2024-06-15_15-48-31.webp.webp?fit=1200%2C910&ssl=1&resize=350%2C200 1x, https:\/\/i0.wp.com\/noticiasribeiraopreto.com.br\/wp-content\/uploads\/2024\/06\/FEMINICIDIO_2024-06-15_15-48-31_jpg_2024-06-15_15-48-31.webp.webp?fit=1200%2C910&ssl=1&resize=525%2C300 1.5x, https:\/\/i0.wp.com\/noticiasribeiraopreto.com.br\/wp-content\/uploads\/2024\/06\/FEMINICIDIO_2024-06-15_15-48-31_jpg_2024-06-15_15-48-31.webp.webp?fit=1200%2C910&ssl=1&resize=700%2C400 2x, https:\/\/i0.wp.com\/noticiasribeiraopreto.com.br\/wp-content\/uploads\/2024\/06\/FEMINICIDIO_2024-06-15_15-48-31_jpg_2024-06-15_15-48-31.webp.webp?fit=1200%2C910&ssl=1&resize=1050%2C600 3x"},"classes":[]},{"id":53028,"url":"https:\/\/noticiasribeiraopreto.com.br\/index.php\/2024\/06\/15\/idosa-e-socorrida-apos-ter-corpo-queimado-na-regiao-de-ribeirao-principal-suspeito-e-o-ex-marido\/","url_meta":{"origin":8143,"position":1},"title":"Idosa \u00e9 socorrida ap\u00f3s ter corpo queimado na regi\u00e3o de Ribeir\u00e3o; Principal suspeito \u00e9 o ex-marido","author":"noticiasribeiraopreto.com.br","date":"15 de June de 2024","format":false,"excerpt":"Uma mulher de 64 anos foi socorrida ap\u00f3s ter o corpo queimado nesta quinta-feira (14), em Pontal, munic\u00edpio a aproximadamente 38 quil\u00f4metros de Ribeir\u00e3o Preto. O ex-marido da idosa \u00e9 o principal suspeito de ter ateado fogo nela. De acordo com o boletim de ocorr\u00eancia registrado, um vizinho da v\u00edtima\u2026","rel":"","context":"In &quot;Not\u00edcias de Ribeir\u00e3o Preto-SP e Regi\u00e3o&quot;","block_context":{"text":"Not\u00edcias de Ribeir\u00e3o Preto-SP e Regi\u00e3o","link":"https:\/\/noticiasribeiraopreto.com.br\/index.php\/category\/noticias-de-ribeirao-preto-sp-e-regiao-ismael-colosi\/"},"img":{"alt_text":"","src":"https:\/\/i0.wp.com\/noticiasribeiraopreto.com.br\/wp-content\/uploads\/2024\/06\/Copia-de-Copia-de-TAMANHO-EXATO-PARA-FOTOS-NO-SISTEMA-NOVO-79_2024-06-14_18-01-11_png_2024-06-14_18-01-12.webp.webp?fit=1200%2C675&ssl=1&resize=350%2C200","width":350,"height":200,"srcset":"https:\/\/i0.wp.com\/noticiasribeiraopreto.com.br\/wp-content\/uploads\/2024\/06\/Copia-de-Copia-de-TAMANHO-EXATO-PARA-FOTOS-NO-SISTEMA-NOVO-79_2024-06-14_18-01-11_png_2024-06-14_18-01-12.webp.webp?fit=1200%2C675&ssl=1&resize=350%2C200 1x, https:\/\/i0.wp.com\/noticiasribeiraopreto.com.br\/wp-content\/uploads\/2024\/06\/Copia-de-Copia-de-TAMANHO-EXATO-PARA-FOTOS-NO-SISTEMA-NOVO-79_2024-06-14_18-01-11_png_2024-06-14_18-01-12.webp.webp?fit=1200%2C675&ssl=1&resize=525%2C300 1.5x, https:\/\/i0.wp.com\/noticiasribeiraopreto.com.br\/wp-content\/uploads\/2024\/06\/Copia-de-Copia-de-TAMANHO-EXATO-PARA-FOTOS-NO-SISTEMA-NOVO-79_2024-06-14_18-01-11_png_2024-06-14_18-01-12.webp.webp?fit=1200%2C675&ssl=1&resize=700%2C400 2x, https:\/\/i0.wp.com\/noticiasribeiraopreto.com.br\/wp-content\/uploads\/2024\/06\/Copia-de-Copia-de-TAMANHO-EXATO-PARA-FOTOS-NO-SISTEMA-NOVO-79_2024-06-14_18-01-11_png_2024-06-14_18-01-12.webp.webp?fit=1200%2C675&ssl=1&resize=1050%2C600 3x"},"classes":[]},{"id":829,"url":"https:\/\/noticiasribeiraopreto.com.br\/index.php\/2023\/11\/09\/apos-furto-ladrao-atropela-idosa-com-bicicleta-no-calcadao-em-rp\/","url_meta":{"origin":8143,"position":2},"title":"Ap\u00f3s furto, ladr\u00e3o atropela idosa com bicicleta no cal\u00e7ad\u00e3o em RP","author":"noticiasribeiraopreto.com.br","date":"9 de November de 2023","format":false,"excerpt":"9 de novembro de 2023 | 11:18 0Ap\u00f3s furtar roupas e um par de t\u00eanis no centro de Ribeir\u00e3o Preto, um homem atropelou, com uma bicicleta, uma mulher de 86 anos na fuga.Segundo o Boletim de Ocorr\u00eancia, os policiais faziam patrulhamento pela regi\u00e3o central e ouviram pessoas gritando \u201cpega ladr\u00e3o\u201d\u2026","rel":"","context":"In &quot;Not\u00edcias de Ribeir\u00e3o Preto-SP e Regi\u00e3o&quot;","block_context":{"text":"Not\u00edcias de Ribeir\u00e3o Preto-SP e Regi\u00e3o","link":"https:\/\/noticiasribeiraopreto.com.br\/index.php\/category\/noticias-de-ribeirao-preto-sp-e-regiao-ismael-colosi\/"},"img":{"alt_text":"","src":"https:\/\/i0.wp.com\/noticiasribeiraopreto.com.br\/wp-content\/uploads\/2023\/11\/calcadao.jpg?fit=768%2C422&ssl=1&resize=350%2C200","width":350,"height":200,"srcset":"https:\/\/i0.wp.com\/noticiasribeiraopreto.com.br\/wp-content\/uploads\/2023\/11\/calcadao.jpg?fit=768%2C422&ssl=1&resize=350%2C200 1x, https:\/\/i0.wp.com\/noticiasribeiraopreto.com.br\/wp-content\/uploads\/2023\/11\/calcadao.jpg?fit=768%2C422&ssl=1&resize=525%2C300 1.5x, https:\/\/i0.wp.com\/noticiasribeiraopreto.com.br\/wp-content\/uploads\/2023\/11\/calcadao.jpg?fit=768%2C422&ssl=1&resize=700%2C400 2x"},"classes":[]},{"id":51277,"url":"https:\/\/noticiasribeiraopreto.com.br\/index.php\/2024\/05\/24\/casa-de-repouso-e-interditada-em-ribeirao-apos-idosa-ser-encontrada-morta-dentro-de-piscina\/","url_meta":{"origin":8143,"position":3},"title":"Casa de repouso \u00e9 interditada em Ribeir\u00e3o ap\u00f3s idosa ser encontrada morta dentro de piscina","author":"noticiasribeiraopreto.com.br","date":"24 de May de 2024","format":false,"excerpt":"A casa de repouso Fases da Vida, onde uma idosa de 81 anos morreu e foi encontrada ap\u00f3s mais de 3h dentro de uma piscina, foi interditada pela Secretaria Municipal da Sa\u00fade nesta sexta-feira (24), por falta de regulariza\u00e7\u00e3o junto a Divis\u00e3o de Vigil\u00e2ncia Sanit\u00e1ria. Em nota, a pasta informou\u2026","rel":"","context":"In &quot;Not\u00edcias de Ribeir\u00e3o Preto-SP e Regi\u00e3o&quot;","block_context":{"text":"Not\u00edcias de Ribeir\u00e3o Preto-SP e Regi\u00e3o","link":"https:\/\/noticiasribeiraopreto.com.br\/index.php\/category\/noticias-de-ribeirao-preto-sp-e-regiao-ismael-colosi\/"},"img":{"alt_text":"","src":"https:\/\/i0.wp.com\/noticiasribeiraopreto.com.br\/wp-content\/uploads\/2024\/05\/Copia-de-Copia-de-TAMANHO-EXATO-PARA-FOTOS-NO-SISTEMA-NOVO-40_2024-05-24_19-42-13_jpg_2024-05-24_19-42-13.webp.webp?fit=1200%2C675&ssl=1&resize=350%2C200","width":350,"height":200,"srcset":"https:\/\/i0.wp.com\/noticiasribeiraopreto.com.br\/wp-content\/uploads\/2024\/05\/Copia-de-Copia-de-TAMANHO-EXATO-PARA-FOTOS-NO-SISTEMA-NOVO-40_2024-05-24_19-42-13_jpg_2024-05-24_19-42-13.webp.webp?fit=1200%2C675&ssl=1&resize=350%2C200 1x, https:\/\/i0.wp.com\/noticiasribeiraopreto.com.br\/wp-content\/uploads\/2024\/05\/Copia-de-Copia-de-TAMANHO-EXATO-PARA-FOTOS-NO-SISTEMA-NOVO-40_2024-05-24_19-42-13_jpg_2024-05-24_19-42-13.webp.webp?fit=1200%2C675&ssl=1&resize=525%2C300 1.5x, https:\/\/i0.wp.com\/noticiasribeiraopreto.com.br\/wp-content\/uploads\/2024\/05\/Copia-de-Copia-de-TAMANHO-EXATO-PARA-FOTOS-NO-SISTEMA-NOVO-40_2024-05-24_19-42-13_jpg_2024-05-24_19-42-13.webp.webp?fit=1200%2C675&ssl=1&resize=700%2C400 2x, https:\/\/i0.wp.com\/noticiasribeiraopreto.com.br\/wp-content\/uploads\/2024\/05\/Copia-de-Copia-de-TAMANHO-EXATO-PARA-FOTOS-NO-SISTEMA-NOVO-40_2024-05-24_19-42-13_jpg_2024-05-24_19-42-13.webp.webp?fit=1200%2C675&ssl=1&resize=1050%2C600 3x"},"classes":[]},{"id":70837,"url":"https:\/\/noticiasribeiraopreto.com.br\/index.php\/2025\/05\/30\/idosa-morre-apos-ser-atropelada-na-faixa-de-pedestre-e-motorista-foge-na-regiao-de-ribeirao-preto\/","url_meta":{"origin":8143,"position":4},"title":"Idosa morre ap\u00f3s ser atropelada na faixa de pedestre e motorista foge na regi\u00e3o de Ribeir\u00e3o Preto","author":"noticiasribeiraopreto.com.br","date":"30 de May de 2025","format":false,"excerpt":"Uma mulher de 66 anos morreu na madrugada desta sexta-feira (30), depois de ser atropelada por um carro enquanto atravessa uma avenida na faixa de pedestre, em Miguel\u00f3polis, a 130 quil\u00f4metros de Ribeir\u00e3o Preto. Segundo a PM (Pol\u00edcia Militar), o atropelamentro ocorreu na noite desta quinta-feira (29), na avenida Leopoldo\u2026","rel":"","context":"In &quot;Not\u00edcias de Ribeir\u00e3o Preto-SP e Regi\u00e3o&quot;","block_context":{"text":"Not\u00edcias de Ribeir\u00e3o Preto-SP e Regi\u00e3o","link":"https:\/\/noticiasribeiraopreto.com.br\/index.php\/category\/noticias-de-ribeirao-preto-sp-e-regiao-ismael-colosi\/"},"img":{"alt_text":"","src":"https:\/\/i0.wp.com\/noticiasribeiraopreto.com.br\/wp-content\/uploads\/2025\/05\/ATROPELAMENTO_2025-05-30_14-33-05.webp.webp?fit=1200%2C761&ssl=1&resize=350%2C200","width":350,"height":200,"srcset":"https:\/\/i0.wp.com\/noticiasribeiraopreto.com.br\/wp-content\/uploads\/2025\/05\/ATROPELAMENTO_2025-05-30_14-33-05.webp.webp?fit=1200%2C761&ssl=1&resize=350%2C200 1x, https:\/\/i0.wp.com\/noticiasribeiraopreto.com.br\/wp-content\/uploads\/2025\/05\/ATROPELAMENTO_2025-05-30_14-33-05.webp.webp?fit=1200%2C761&ssl=1&resize=525%2C300 1.5x, https:\/\/i0.wp.com\/noticiasribeiraopreto.com.br\/wp-content\/uploads\/2025\/05\/ATROPELAMENTO_2025-05-30_14-33-05.webp.webp?fit=1200%2C761&ssl=1&resize=700%2C400 2x, https:\/\/i0.wp.com\/noticiasribeiraopreto.com.br\/wp-content\/uploads\/2025\/05\/ATROPELAMENTO_2025-05-30_14-33-05.webp.webp?fit=1200%2C761&ssl=1&resize=1050%2C600 3x"},"classes":[]},{"id":83800,"url":"https:\/\/noticiasribeiraopreto.com.br\/index.php\/2026\/03\/26\/casa-de-repouso-e-fechada-apos-denuncias\/","url_meta":{"origin":8143,"position":5},"title":"Casa de repouso \u00e9 fechada ap\u00f3s den\u00fancias","author":"noticiasribeiraopreto.com.br","date":"26 de March de 2026","format":false,"excerpt":"Por: Adalberto Luque \u2013 Uma casa de repouso foi fechada, no final da tarde desta quarta-feira (25), por, segundo a Prefeitura de Ribeir\u00e3o Preto, operar de forma irregular, sem alvar\u00e1. O fechamento ocorreu ap\u00f3s uma idosa, de 87 anos, ser retirada da cl\u00ednica pela fam\u00edlia e levada, em estado grave,\u2026","rel":"","context":"In &quot;Not\u00edcias de Ribeir\u00e3o Preto-SP e Regi\u00e3o&quot;","block_context":{"text":"Not\u00edcias de Ribeir\u00e3o Preto-SP e Regi\u00e3o","link":"https:\/\/noticiasribeiraopreto.com.br\/index.php\/category\/noticias-de-ribeirao-preto-sp-e-regiao-ismael-colosi\/"},"img":{"alt_text":"","src":"https:\/\/i0.wp.com\/noticiasribeiraopreto.com.br\/wp-content\/uploads\/2026\/03\/26-mar-2026-casarepousoclandestina3-scaled.jpg?fit=1170%2C780&ssl=1&resize=350%2C200","width":350,"height":200,"srcset":"https:\/\/i0.wp.com\/noticiasribeiraopreto.com.br\/wp-content\/uploads\/2026\/03\/26-mar-2026-casarepousoclandestina3-scaled.jpg?fit=1170%2C780&ssl=1&resize=350%2C200 1x, https:\/\/i0.wp.com\/noticiasribeiraopreto.com.br\/wp-content\/uploads\/2026\/03\/26-mar-2026-casarepousoclandestina3-scaled.jpg?fit=1170%2C780&ssl=1&resize=525%2C300 1.5x, https:\/\/i0.wp.com\/noticiasribeiraopreto.com.br\/wp-content\/uploads\/2026\/03\/26-mar-2026-casarepousoclandestina3-scaled.jpg?fit=1170%2C780&ssl=1&resize=700%2C400 2x, https:\/\/i0.wp.com\/noticiasribeiraopreto.com.br\/wp-content\/uploads\/2026\/03\/26-mar-2026-casarepousoclandestina3-scaled.jpg?fit=1170%2C780&ssl=1&resize=1050%2C600 3x"},"classes":[]}],"jetpack_sharing_enabled":true,"jetpack_shortlink":"https:\/\/wp.me\/peQAOb-27l","_links":{"self":[{"href":"https:\/\/noticiasribeiraopreto.com.br\/index.php\/wp-json\/wp\/v2\/posts\/8143","targetHints":{"allow":["GET"]}}],"collection":[{"href":"https:\/\/noticiasribeiraopreto.com.br\/index.php\/wp-json\/wp\/v2\/posts"}],"about":[{"href":"https:\/\/noticiasribeiraopreto.com.br\/index.php\/wp-json\/wp\/v2\/types\/post"}],"author":[{"embeddable":true,"href":"https:\/\/noticiasribeiraopreto.com.br\/index.php\/wp-json\/wp\/v2\/users\/1"}],"replies":[{"embeddable":true,"href":"https:\/\/noticiasribeiraopreto.com.br\/index.php\/wp-json\/wp\/v2\/comments?post=8143"}],"version-history":[{"count":0,"href":"https:\/\/noticiasribeiraopreto.com.br\/index.php\/wp-json\/wp\/v2\/posts\/8143\/revisions"}],"wp:featuredmedia":[{"embeddable":true,"href":"https:\/\/noticiasribeiraopreto.com.br\/index.php\/wp-json\/wp\/v2\/media\/8144"}],"wp:attachment":[{"href":"https:\/\/noticiasribeiraopreto.com.br\/index.php\/wp-json\/wp\/v2\/media?parent=8143"}],"wp:term":[{"taxonomy":"category","embeddable":true,"href":"https:\/\/noticiasribeiraopreto.com.br\/index.php\/wp-json\/wp\/v2\/categories?post=8143"},{"taxonomy":"post_tag","embeddable":true,"href":"https:\/\/noticiasribeiraopreto.com.br\/index.php\/wp-json\/wp\/v2\/tags?post=8143"}],"curies":[{"name":"wp","href":"https:\/\/api.w.org\/{rel}","templated":true}]}}