{"id":81430,"date":"2026-01-06T07:15:09","date_gmt":"2026-01-06T10:15:09","guid":{"rendered":"https:\/\/noticiasribeiraopreto.com.br\/index.php\/2026\/01\/06\/saque-aniversario-do-fgts-2026-ja-esta-disponivel-veja-quem-pode-sacar\/"},"modified":"2026-01-06T07:15:09","modified_gmt":"2026-01-06T10:15:09","slug":"saque-aniversario-do-fgts-2026-ja-esta-disponivel-veja-quem-pode-sacar","status":"publish","type":"post","link":"https:\/\/noticiasribeiraopreto.com.br\/index.php\/2026\/01\/06\/saque-aniversario-do-fgts-2026-ja-esta-disponivel-veja-quem-pode-sacar\/","title":{"rendered":"Saque-anivers\u00e1rio do FGTS 2026 j\u00e1 est\u00e1 dispon\u00edvel; veja quem pode sacar"},"content":{"rendered":"<div class='code-block code-block-1' style='margin: 8px 0 8px auto; text-align: right; display: block; clear: both;'>\n<p><a href=\"https:\/\/wa.link\/vpicfd\"><img data-recalc-dims=\"1\" class=\"wp-image-4922\" style=\"aspect-ratio: 2.0253164556962027; width: 561px; height: auto;\" src=\"https:\/\/i0.wp.com\/ismaelcolosi.com.br\/wp-content\/uploads\/2023\/11\/grupo-de-empregos-whatsapp-e-facebook-ismael-colosi-vagas.jpg?ssl=1\" alt=\"\" \/><\/a><\/p>\n<!-- \/wp:image -->\n<\/div>\n<p> <br \/>\n<\/p>\n<div data-td-block-uid=\"tdi_95\">\n<div class=\"tdb-block-inner td-fix-index\">\n<p>O calend\u00e1rio do saque-anivers\u00e1rio do<strong> Fundo de Garantia do Tempo de Servi\u00e7o (FGTS) para 2026 j\u00e1 est\u00e1 em vigor.<\/strong> A libera\u00e7\u00e3o ocorre de forma escalonada,<strong> conforme o m\u00eas de nascimento do trabalhador que escolheu essa modalidade<\/strong>. Os primeiros pagamentos come\u00e7aram em<strong> 2 de janeiro<\/strong>, data v\u00e1lida para os aniversariantes do m\u00eas.<\/p>\n<p>A regra permite o acesso anual a uma parcela do saldo existente no FGTS. O prazo para retirada se estende por at\u00e9 90 dias e o trabalhador pode escolher entre canais digitais ou atendimento presencial para efetuar o saque.<\/p>\n<figure class=\"wp-block-image aligncenter size-large\"><img data-recalc-dims=\"1\" fetchpriority=\"high\" decoding=\"async\" width=\"1024\" height=\"683\" src=\"https:\/\/i0.wp.com\/cdn.media-acidadeon.com.br\/ribeiraopreto\/wp-content\/uploads\/sites\/3\/2025\/12\/saque_2025-12-24_13-51-39-1024x683.webp?resize=1024%2C683&#038;ssl=1\" alt=\"FGTS&#10;\" class=\"wp-image-140240\" title=\"Saque-anivers\u00e1rio do FGTS 2026 j\u00e1 est\u00e1 dispon\u00edvel; veja quem pode sacar 1\" srcset=\"https:\/\/cdn.media-acidadeon.com.br\/ribeiraopreto\/wp-content\/uploads\/sites\/3\/2025\/12\/saque_2025-12-24_13-51-39-1024x683.webp 1024w, https:\/\/cdn.media-acidadeon.com.br\/ribeiraopreto\/wp-content\/uploads\/sites\/3\/2025\/12\/saque_2025-12-24_13-51-39-300x200.webp 300w, https:\/\/cdn.media-acidadeon.com.br\/ribeiraopreto\/wp-content\/uploads\/sites\/3\/2025\/12\/saque_2025-12-24_13-51-39-768x512.webp 768w, https:\/\/cdn.media-acidadeon.com.br\/ribeiraopreto\/wp-content\/uploads\/sites\/3\/2025\/12\/saque_2025-12-24_13-51-39-696x464.webp 696w, https:\/\/cdn.media-acidadeon.com.br\/ribeiraopreto\/wp-content\/uploads\/sites\/3\/2025\/12\/saque_2025-12-24_13-51-39-1068x712.webp 1068w, https:\/\/cdn.media-acidadeon.com.br\/ribeiraopreto\/wp-content\/uploads\/sites\/3\/2025\/12\/saque_2025-12-24_13-51-39.webp 1080w\" sizes=\"(max-width: 1024px) 100vw, 1024px\"\/><\/figure>\n<h3 class=\"wp-block-heading\"><strong>Crit\u00e9rios para acesso ao saque-anivers\u00e1rio<\/strong><\/h3>\n<p>O saque-anivers\u00e1rio atende trabalhadores que cumprem duas condi\u00e7\u00f5es b\u00e1sicas:<\/p>\n<ul class=\"wp-block-list\">\n<li>Manter saldo em contas vinculadas ao FGTS, sejam ativas ou inativas<\/li>\n<li>Ter registrado previamente a op\u00e7\u00e3o pela modalidade saque-anivers\u00e1rio<\/li>\n<\/ul>\n<p>Quem n\u00e3o formalizou a escolha permanece automaticamente no saque-rescis\u00e3o, que libera o fundo apenas em situa\u00e7\u00f5es espec\u00edficas, como a demiss\u00e3o sem justa causa.<\/p>\n<h3 class=\"wp-block-heading\"><strong>Per\u00edodo de saque conforme o m\u00eas de nascimento<\/strong><\/h3>\n<p>O dinheiro fica dispon\u00edvel a partir do primeiro dia \u00fatil do m\u00eas de anivers\u00e1rio e pode ser retirado at\u00e9 o encerramento do terceiro m\u00eas seguinte.<\/p>\n<p>Veja as datas definidas para 2026:<\/p>\n<ul class=\"wp-block-list\">\n<li><strong>Janeiro:<\/strong> 2\/1 a 31\/3<\/li>\n<li><strong>Fevereiro:<\/strong> 2\/2 a 30\/4<\/li>\n<li><strong>Mar\u00e7o:<\/strong> 2\/3 a 29\/5<\/li>\n<li><strong>Abril:<\/strong> 1\u00ba\/4 a 30\/6<\/li>\n<li><strong>Maio:<\/strong> 4\/5 a 31\/7<\/li>\n<li><strong>Junho:<\/strong> 1\u00ba\/6 a 31\/8<\/li>\n<li><strong>Julho:<\/strong> 1\u00ba\/7 a 30\/9<\/li>\n<li><strong>Agosto:<\/strong> 3\/8 a 30\/10<\/li>\n<li><strong>Setembro:<\/strong> 1\u00ba\/9 a 30\/11<\/li>\n<li><strong>Outubro:<\/strong> 1\u00ba\/10 a 30\/12<\/li>\n<li><strong>Novembro:<\/strong> 2\/11\/2026 a 29\/1\/2027<\/li>\n<li><strong>Dezembro:<\/strong> 1\u00ba\/12\/2026 a 26\/2\/2027<\/li>\n<\/ul>\n<p>O trabalhador que n\u00e3o movimentar o valor dentro do prazo perde a libera\u00e7\u00e3o naquele ano, e o saldo retorna automaticamente para a conta do FGTS.<\/p>\n<hr class=\"wp-block-separator has-alpha-channel-opacity\"\/>\n<p>SAIBA MAIS<\/p>\n<p>\u2018Qualquer exame seria ineficaz\u2019, diz delegado sobre motorista que atropelou m\u00e3e e filho em Ribeir\u00e3o<\/p>\n<p><strong>FIQUE ON<\/strong><\/p>\n<p>Fique ligado em tudo que acontece em Ribeir\u00e3o Preto e regi\u00e3o. Siga os perfis do\u00a0<strong>acidade on<\/strong>\u00a0no<a href=\"https:\/\/www.instagram.com\/acidadeonribeirao\" target=\"_blank\" rel=\"noreferrer noopener\">\u00a0Instagram\u00a0<\/a>e no\u00a0<a href=\"https:\/\/www.facebook.com\/acidadeonribeirao\/\" target=\"_blank\" rel=\"noreferrer noopener\">Facebook<\/a>.<\/p>\n<p>Receba not\u00edcias do<strong>\u00a0acidade on<\/strong>\u00a0no WhatsApp. Para entrar no grupo,\u00a0basta\u00a0<a href=\"https:\/\/chat.whatsapp.com\/I4nieTEMKlf50pJ28aMemC?mode=ac_t\" target=\"_blank\" rel=\"noreferrer noopener\">clicar aqui<\/a>. Ou, acesse o nosso\u00a0Canal\u00a0<a href=\"https:\/\/whatsapp.com\/channel\/0029Vb6IQl1JENyAeS57fk2p\" target=\"_blank\" rel=\"noreferrer noopener\">clicando aqui<\/a>.<\/p>\n<p>Fa\u00e7a uma den\u00fancia ou sugira uma reportagem sobre Ribeir\u00e3o Preto e regi\u00e3o pelo WhatsApp: 16 99117 7802.<\/p>\n<p>VEJA TAMB\u00c9M<\/p>\n<p>Por que Danielle saiu do NewJeans?<\/p>\n<p><!-- AI CONTENT END 1 -->\n<\/div>\n<\/div>\n<p><script async src=\"\/\/www.instagram.com\/embed.js\"><\/script><br \/>\n<br \/><br \/>\n<br \/><a href=\"https:\/\/www.acidadeon.com\/ribeiraopreto\/economia\/saque-aniversario-do-fgts-2026-ja-esta-disponivel-veja-quem-pode-sacar\/\">Source link <\/a><\/p>\n<!-- CONTENT END 1 -->\n","protected":false},"excerpt":{"rendered":"<p>O calend\u00e1rio do saque-anivers\u00e1rio do Fundo de Garantia do Tempo de Servi\u00e7o (FGTS) para 2026 j\u00e1 est\u00e1 em vigor. A libera\u00e7\u00e3o ocorre de forma escalonada,&#8230;<\/p>\n","protected":false},"author":1,"featured_media":78277,"comment_status":"open","ping_status":"open","sticky":false,"template":"","format":"standard","meta":{"advanced_seo_description":"","jetpack_seo_html_title":"","jetpack_seo_noindex":false,"jetpack_post_was_ever_published":false,"_jetpack_newsletter_access":"","_jetpack_dont_email_post_to_subs":false,"_jetpack_newsletter_tier_id":0,"_jetpack_memberships_contains_paywalled_content":false,"_jetpack_memberships_contains_paid_content":false,"footnotes":"","jetpack_publicize_message":"","jetpack_publicize_feature_enabled":true,"jetpack_social_post_already_shared":true,"jetpack_social_options":{"image_generator_settings":{"template":"highway","default_image_id":0,"font":"","enabled":false},"version":2}},"categories":[11],"tags":[],"class_list":["post-81430","post","type-post","status-publish","format-standard","has-post-thumbnail","hentry","category-noticias-de-ribeirao-preto-sp-e-regiao-ismael-colosi"],"jetpack_publicize_connections":[],"jetpack_featured_media_url":"https:\/\/i0.wp.com\/noticiasribeiraopreto.com.br\/wp-content\/uploads\/2025\/10\/saque-aniversario_2025-10-07_19-53-31.webp.webp?fit=1200%2C717&ssl=1","jetpack-related-posts":[{"id":64123,"url":"https:\/\/noticiasribeiraopreto.com.br\/index.php\/2025\/03\/02\/nova-rodada-de-saques-do-fgts-entenda-quem-pode-aproveitar-o-saque-aniversario\/","url_meta":{"origin":81430,"position":0},"title":"Nova Rodada de Saques do FGTS: Entenda Quem Pode Aproveitar o Saque-Anivers\u00e1rio","author":"noticiasribeiraopreto.com.br","date":"2 de March de 2025","format":false,"excerpt":"O governo anunciou uma nova rodada de saques do FGTS, voltada especialmente para os trabalhadores que aderiram \u00e0 modalidade de saque-anivers\u00e1rio. Essa op\u00e7\u00e3o permite que, a cada ano, o trabalhador retire uma porcentagem do saldo dispon\u00edvel em sua conta do FGTS, no m\u00eas de seu anivers\u00e1rio, proporcionando um al\u00edvio financeiro\u2026","rel":"","context":"In &quot;Not\u00edcias de Ribeir\u00e3o Preto-SP e Regi\u00e3o&quot;","block_context":{"text":"Not\u00edcias de Ribeir\u00e3o Preto-SP e Regi\u00e3o","link":"https:\/\/noticiasribeiraopreto.com.br\/index.php\/category\/noticias-de-ribeirao-preto-sp-e-regiao-ismael-colosi\/"},"img":{"alt_text":"","src":"https:\/\/i0.wp.com\/noticiasribeiraopreto.com.br\/wp-content\/uploads\/2025\/03\/mcmgo_abr_18071919262df.webp.webp?fit=1170%2C700&ssl=1&resize=350%2C200","width":350,"height":200,"srcset":"https:\/\/i0.wp.com\/noticiasribeiraopreto.com.br\/wp-content\/uploads\/2025\/03\/mcmgo_abr_18071919262df.webp.webp?fit=1170%2C700&ssl=1&resize=350%2C200 1x, https:\/\/i0.wp.com\/noticiasribeiraopreto.com.br\/wp-content\/uploads\/2025\/03\/mcmgo_abr_18071919262df.webp.webp?fit=1170%2C700&ssl=1&resize=525%2C300 1.5x, https:\/\/i0.wp.com\/noticiasribeiraopreto.com.br\/wp-content\/uploads\/2025\/03\/mcmgo_abr_18071919262df.webp.webp?fit=1170%2C700&ssl=1&resize=700%2C400 2x, https:\/\/i0.wp.com\/noticiasribeiraopreto.com.br\/wp-content\/uploads\/2025\/03\/mcmgo_abr_18071919262df.webp.webp?fit=1170%2C700&ssl=1&resize=1050%2C600 3x"},"classes":[]},{"id":23472,"url":"https:\/\/noticiasribeiraopreto.com.br\/index.php\/2024\/01\/02\/saque-aniversario-do-fgts-em-2024-ja-esta-disponivel\/","url_meta":{"origin":81430,"position":1},"title":"Saque-anivers\u00e1rio do FGTS em 2024 j\u00e1 est\u00e1 dispon\u00edvel","author":"noticiasribeiraopreto.com.br","date":"2 de January de 2024","format":false,"excerpt":"Os trabalhadores que optarem pelo saque-anivers\u00e1rio do Fundo de Garantia do Tempo de Servi\u00e7o (FGTS) aos poucos come\u00e7am a ter acesso \u00e0 cota de 2024. As retiradas ocorrem conforme o m\u00eas de anivers\u00e1rio do trabalhador. Os cotistas nascidos em janeiro podem fazer o saque a partir desta ter\u00e7a-feira (2).Criada em\u2026","rel":"","context":"In &quot;Not\u00edcias de Ribeir\u00e3o Preto-SP e Regi\u00e3o&quot;","block_context":{"text":"Not\u00edcias de Ribeir\u00e3o Preto-SP e Regi\u00e3o","link":"https:\/\/noticiasribeiraopreto.com.br\/index.php\/category\/noticias-de-ribeirao-preto-sp-e-regiao-ismael-colosi\/"},"img":{"alt_text":"","src":"https:\/\/i0.wp.com\/noticiasribeiraopreto.com.br\/wp-content\/uploads\/2024\/01\/pis-pasep-fgts.jpg?fit=700%2C396&ssl=1&resize=350%2C200","width":350,"height":200,"srcset":"https:\/\/i0.wp.com\/noticiasribeiraopreto.com.br\/wp-content\/uploads\/2024\/01\/pis-pasep-fgts.jpg?fit=700%2C396&ssl=1&resize=350%2C200 1x, https:\/\/i0.wp.com\/noticiasribeiraopreto.com.br\/wp-content\/uploads\/2024\/01\/pis-pasep-fgts.jpg?fit=700%2C396&ssl=1&resize=525%2C300 1.5x, https:\/\/i0.wp.com\/noticiasribeiraopreto.com.br\/wp-content\/uploads\/2024\/01\/pis-pasep-fgts.jpg?fit=700%2C396&ssl=1&resize=700%2C400 2x"},"classes":[]},{"id":20292,"url":"https:\/\/noticiasribeiraopreto.com.br\/index.php\/2023\/12\/24\/governo-propoe-mudancas-no-saque-aniversario-do-fgts-entenda\/","url_meta":{"origin":81430,"position":2},"title":"Governo prop\u00f5e mudan\u00e7as no saque anivers\u00e1rio do FGTS; entenda","author":"noticiasribeiraopreto.com.br","date":"24 de December de 2023","format":false,"excerpt":"Cr\u00e9ditos: Ag\u00eancia Brasil\/Marcelo CamargoO FGTS de um jeito que voc\u00ea nunca imaginou est\u00e1 para chegar; confira O Saque Anivers\u00e1rio do FGTS, criado em 2019, est\u00e1 no centro das aten\u00e7\u00f5es do Governo Federal, que busca implementar mudan\u00e7as significativas na modalidade de saque anual. A proposta, que permite aos trabalhadores retirar parte\u2026","rel":"","context":"In &quot;Variedades&quot;","block_context":{"text":"Variedades","link":"https:\/\/noticiasribeiraopreto.com.br\/index.php\/category\/variedades\/"},"img":{"alt_text":"","src":"https:\/\/i0.wp.com\/noticiasribeiraopreto.com.br\/wp-content\/uploads\/2023\/12\/1703460119_grande-vitoria-fgts-vai-distribuir-r-12-bilhoes-para-trabalhadores.jpg?fit=1200%2C638&ssl=1&resize=350%2C200","width":350,"height":200,"srcset":"https:\/\/i0.wp.com\/noticiasribeiraopreto.com.br\/wp-content\/uploads\/2023\/12\/1703460119_grande-vitoria-fgts-vai-distribuir-r-12-bilhoes-para-trabalhadores.jpg?fit=1200%2C638&ssl=1&resize=350%2C200 1x, https:\/\/i0.wp.com\/noticiasribeiraopreto.com.br\/wp-content\/uploads\/2023\/12\/1703460119_grande-vitoria-fgts-vai-distribuir-r-12-bilhoes-para-trabalhadores.jpg?fit=1200%2C638&ssl=1&resize=525%2C300 1.5x, https:\/\/i0.wp.com\/noticiasribeiraopreto.com.br\/wp-content\/uploads\/2023\/12\/1703460119_grande-vitoria-fgts-vai-distribuir-r-12-bilhoes-para-trabalhadores.jpg?fit=1200%2C638&ssl=1&resize=700%2C400 2x, https:\/\/i0.wp.com\/noticiasribeiraopreto.com.br\/wp-content\/uploads\/2023\/12\/1703460119_grande-vitoria-fgts-vai-distribuir-r-12-bilhoes-para-trabalhadores.jpg?fit=1200%2C638&ssl=1&resize=1050%2C600 3x"},"classes":[]},{"id":20580,"url":"https:\/\/noticiasribeiraopreto.com.br\/index.php\/2023\/12\/26\/governo-ameaca-excluir-modalidade-de-saque-do-fgts-entenda\/","url_meta":{"origin":81430,"position":3},"title":"Governo amea\u00e7a excluir modalidade de saque do FGTS; Entenda!","author":"noticiasribeiraopreto.com.br","date":"26 de December de 2023","format":false,"excerpt":"Voc\u00ea sabia que o pr\u00f3ximo ano trar\u00e1 altera\u00e7\u00f5es significativas no Fundo de Garantia por Tempo de Servi\u00e7o (FGTS)? \u00c9 crucial que voc\u00ea, caso dependa do FGTS, compreenda as propostas previstas para 2024. Estamos aqui para desvendar essas mudan\u00e7as em potencial para voc\u00ea. Saldo no FGTS \u00c9 essencial ressaltar que tais\u2026","rel":"","context":"In &quot;Vagas de Emprego em Ribeir\u00e3o Preto-SP&quot;","block_context":{"text":"Vagas de Emprego em Ribeir\u00e3o Preto-SP","link":"https:\/\/noticiasribeiraopreto.com.br\/index.php\/category\/empregos-classificados-vagas-trabalho\/vagas-de-empregos-em-ribeirao-preto-regiao-brasil\/"},"img":{"alt_text":"","src":"","width":0,"height":0},"classes":[]},{"id":19950,"url":"https:\/\/noticiasribeiraopreto.com.br\/index.php\/2023\/12\/23\/importante-a-partir-de-2024-o-saque-aniversario-do-fgts-apresenta-novas-diretrizes-e-valores-confira\/","url_meta":{"origin":81430,"position":4},"title":"Importante! A partir de 2024, o Saque-Anivers\u00e1rio do FGTS apresenta novas diretrizes e valores; confira","author":"noticiasribeiraopreto.com.br","date":"23 de December de 2023","format":false,"excerpt":"O Fundo de Garantia por Tempo de Servi\u00e7o (FGTS) em 2024 est\u00e1 prestes a passar por transforma\u00e7\u00f5es significativas, com discuss\u00f5es e estudos intensificados em torno da reestrutura\u00e7\u00e3o do saque-anivers\u00e1rio, ap\u00f3s o pronunciamento do ministro do Trabalho e Emprego (MTE), Luiz Marinho. O an\u00fancio de um Projeto de Lei (PL) que\u2026","rel":"","context":"In &quot;Vagas de Emprego em Ribeir\u00e3o Preto-SP&quot;","block_context":{"text":"Vagas de Emprego em Ribeir\u00e3o Preto-SP","link":"https:\/\/noticiasribeiraopreto.com.br\/index.php\/category\/empregos-classificados-vagas-trabalho\/vagas-de-empregos-em-ribeirao-preto-regiao-brasil\/"},"img":{"alt_text":"","src":"https:\/\/i0.wp.com\/noticiasribeiraopreto.com.br\/wp-content\/uploads\/2023\/12\/noticiasconcursos.com_.br-importante-a-partir-de-2024-o-saque-aniversario-do-fgts-apresenta-novas-diretrizes-e-valores-confira-fgts.jpg?fit=852%2C523&ssl=1&resize=350%2C200","width":350,"height":200,"srcset":"https:\/\/i0.wp.com\/noticiasribeiraopreto.com.br\/wp-content\/uploads\/2023\/12\/noticiasconcursos.com_.br-importante-a-partir-de-2024-o-saque-aniversario-do-fgts-apresenta-novas-diretrizes-e-valores-confira-fgts.jpg?fit=852%2C523&ssl=1&resize=350%2C200 1x, https:\/\/i0.wp.com\/noticiasribeiraopreto.com.br\/wp-content\/uploads\/2023\/12\/noticiasconcursos.com_.br-importante-a-partir-de-2024-o-saque-aniversario-do-fgts-apresenta-novas-diretrizes-e-valores-confira-fgts.jpg?fit=852%2C523&ssl=1&resize=525%2C300 1.5x, https:\/\/i0.wp.com\/noticiasribeiraopreto.com.br\/wp-content\/uploads\/2023\/12\/noticiasconcursos.com_.br-importante-a-partir-de-2024-o-saque-aniversario-do-fgts-apresenta-novas-diretrizes-e-valores-confira-fgts.jpg?fit=852%2C523&ssl=1&resize=700%2C400 2x"},"classes":[]},{"id":15060,"url":"https:\/\/noticiasribeiraopreto.com.br\/index.php\/2023\/12\/13\/saque-especial-do-fgts-esta-chegando-ao-fim-saiba-como-aproveitar\/","url_meta":{"origin":81430,"position":5},"title":"Saque especial do FGTS est\u00e1 chegando ao FIM; saiba como aproveitar","author":"noticiasribeiraopreto.com.br","date":"13 de December de 2023","format":false,"excerpt":"O FGTS (Fundo de Garantia por Tempo de Servi\u00e7o) \u00e9 um direito de todo trabalhador de carteira assinada. Atrav\u00e9s dele, o trabalhador pode ter uma conta vinculada ao seu contrato de trabalho na Caixa Econ\u00f4mica Federal. O empregador \u00e9 respons\u00e1vel por realizar dep\u00f3sitos mensais que formam o fundo. No entanto,\u2026","rel":"","context":"In &quot;Vagas de Emprego em Ribeir\u00e3o Preto-SP&quot;","block_context":{"text":"Vagas de Emprego em Ribeir\u00e3o Preto-SP","link":"https:\/\/noticiasribeiraopreto.com.br\/index.php\/category\/empregos-classificados-vagas-trabalho\/vagas-de-empregos-em-ribeirao-preto-regiao-brasil\/"},"img":{"alt_text":"","src":"https:\/\/i0.wp.com\/noticiasribeiraopreto.com.br\/wp-content\/uploads\/2023\/12\/noticiasconcursos.com_.br-saque-especial-do-fgts-esta-chegando-ao-fim-saiba-como-aproveitar-reproducao-canva-21.jpg?fit=1200%2C800&ssl=1&resize=350%2C200","width":350,"height":200,"srcset":"https:\/\/i0.wp.com\/noticiasribeiraopreto.com.br\/wp-content\/uploads\/2023\/12\/noticiasconcursos.com_.br-saque-especial-do-fgts-esta-chegando-ao-fim-saiba-como-aproveitar-reproducao-canva-21.jpg?fit=1200%2C800&ssl=1&resize=350%2C200 1x, https:\/\/i0.wp.com\/noticiasribeiraopreto.com.br\/wp-content\/uploads\/2023\/12\/noticiasconcursos.com_.br-saque-especial-do-fgts-esta-chegando-ao-fim-saiba-como-aproveitar-reproducao-canva-21.jpg?fit=1200%2C800&ssl=1&resize=525%2C300 1.5x, https:\/\/i0.wp.com\/noticiasribeiraopreto.com.br\/wp-content\/uploads\/2023\/12\/noticiasconcursos.com_.br-saque-especial-do-fgts-esta-chegando-ao-fim-saiba-como-aproveitar-reproducao-canva-21.jpg?fit=1200%2C800&ssl=1&resize=700%2C400 2x, https:\/\/i0.wp.com\/noticiasribeiraopreto.com.br\/wp-content\/uploads\/2023\/12\/noticiasconcursos.com_.br-saque-especial-do-fgts-esta-chegando-ao-fim-saiba-como-aproveitar-reproducao-canva-21.jpg?fit=1200%2C800&ssl=1&resize=1050%2C600 3x"},"classes":[]}],"jetpack_sharing_enabled":true,"jetpack_shortlink":"https:\/\/wp.me\/peQAOb-lbo","_links":{"self":[{"href":"https:\/\/noticiasribeiraopreto.com.br\/index.php\/wp-json\/wp\/v2\/posts\/81430","targetHints":{"allow":["GET"]}}],"collection":[{"href":"https:\/\/noticiasribeiraopreto.com.br\/index.php\/wp-json\/wp\/v2\/posts"}],"about":[{"href":"https:\/\/noticiasribeiraopreto.com.br\/index.php\/wp-json\/wp\/v2\/types\/post"}],"author":[{"embeddable":true,"href":"https:\/\/noticiasribeiraopreto.com.br\/index.php\/wp-json\/wp\/v2\/users\/1"}],"replies":[{"embeddable":true,"href":"https:\/\/noticiasribeiraopreto.com.br\/index.php\/wp-json\/wp\/v2\/comments?post=81430"}],"version-history":[{"count":0,"href":"https:\/\/noticiasribeiraopreto.com.br\/index.php\/wp-json\/wp\/v2\/posts\/81430\/revisions"}],"wp:featuredmedia":[{"embeddable":true,"href":"https:\/\/noticiasribeiraopreto.com.br\/index.php\/wp-json\/wp\/v2\/media\/78277"}],"wp:attachment":[{"href":"https:\/\/noticiasribeiraopreto.com.br\/index.php\/wp-json\/wp\/v2\/media?parent=81430"}],"wp:term":[{"taxonomy":"category","embeddable":true,"href":"https:\/\/noticiasribeiraopreto.com.br\/index.php\/wp-json\/wp\/v2\/categories?post=81430"},{"taxonomy":"post_tag","embeddable":true,"href":"https:\/\/noticiasribeiraopreto.com.br\/index.php\/wp-json\/wp\/v2\/tags?post=81430"}],"curies":[{"name":"wp","href":"https:\/\/api.w.org\/{rel}","templated":true}]}}