{"id":81431,"date":"2026-01-06T07:25:38","date_gmt":"2026-01-06T10:25:38","guid":{"rendered":"https:\/\/noticiasribeiraopreto.com.br\/index.php\/2026\/01\/06\/defesa-diz-que-atropelamento-de-mae-e-filho-em-ribeirao-foi-uma-fatalidade-causada-por-distracao\/"},"modified":"2026-01-06T07:25:38","modified_gmt":"2026-01-06T10:25:38","slug":"defesa-diz-que-atropelamento-de-mae-e-filho-em-ribeirao-foi-uma-fatalidade-causada-por-distracao","status":"publish","type":"post","link":"https:\/\/noticiasribeiraopreto.com.br\/index.php\/2026\/01\/06\/defesa-diz-que-atropelamento-de-mae-e-filho-em-ribeirao-foi-uma-fatalidade-causada-por-distracao\/","title":{"rendered":"Defesa diz que atropelamento de m\u00e3e e filho em Ribeir\u00e3o foi uma &#8216;fatalidade causada por distra\u00e7\u00e3o&#8217;"},"content":{"rendered":"<div class='code-block code-block-1' style='margin: 8px 0 8px auto; text-align: right; display: block; clear: both;'>\n<p><a href=\"https:\/\/wa.link\/vpicfd\"><img data-recalc-dims=\"1\" class=\"wp-image-4922\" style=\"aspect-ratio: 2.0253164556962027; width: 561px; height: auto;\" src=\"https:\/\/i0.wp.com\/ismaelcolosi.com.br\/wp-content\/uploads\/2023\/11\/grupo-de-empregos-whatsapp-e-facebook-ismael-colosi-vagas.jpg?ssl=1\" alt=\"\" \/><\/a><\/p>\n<!-- \/wp:image -->\n<\/div>\n<p> <br \/>\n<\/p>\n<div>\n<p>A defesa de <strong>Gustavo Perissoto de Oliveira<\/strong> divulgou, na noite desta segunda-feira (5), uma nota na qual afirma que o atropelamento de m\u00e3e e filho, ocorrido no dia 1\u00ba de janeiro, em <strong>Bonfim Paulista<\/strong>, distrito de <strong>Ribeir\u00e3o Preto<\/strong>, foi uma \u201cfatalidade provocada por um momento de distra\u00e7\u00e3o\u201d \u2013 veja a \u00edntegra na nota logo abaixo.<\/p>\n<p>De acordo com os advogados <strong>Bruno Corr\u00eaa Ribeiro<\/strong> e <strong>Jo\u00e3o Pedro Soares Damasceno<\/strong>, ap\u00f3s o ocorrido, o m\u00fasico de 25 anos <mark style=\"background-color:#fcb900\" class=\"has-inline-color\">acreditou ter colidido apenas contra a prote\u00e7\u00e3o met\u00e1lica no acostamento do trecho de acesso \u00e0 rodovia Jos\u00e9 Fregonezi (SP-328), por isso seguiu seu trajeto.<\/mark><\/p>\n<figure class=\"wp-block-pullquote\">\n<blockquote>\n<p>O caso tratou-se de fatalidade decorrente em um momento de distra\u00e7\u00e3o ao manusear o sistema multim\u00eddia do ve\u00edculo alugado. No instante do ocorrido, Gustavo acreditou ter colidido apenas contra a prote\u00e7\u00e3o met\u00e1lica da via. Ao verificar o retrovisor e n\u00e3o visualizar pedestres na pista seguiu seu trajeto sem ter ci\u00eancia da gravidade da situa\u00e7\u00e3o, tanto \u00e9 que ainda margeou a regi\u00e3o de Bonfim Paulista e de Ribeir\u00e3o Preto com muita calma (conforme imagens locais), n\u00e3o se evadindo em alta velocidade com o objetivo de se ocultar<\/p>\n<p><cite>trecho da nota emitida pela defesa de Gustavo Perissoto de Oliveira<\/cite><\/p><\/blockquote>\n<\/figure>\n<p>Ainda de acordo com a defesa, <strong>o rapaz teria passado a virada de ano junto de seus familiares<\/strong> e <strong>no dia 1\u00ba seguia para um almo\u00e7o em fam\u00edlia e amigos<\/strong>. \u201c\u00c9 importante esclarecer, e diferente do apontado em alguns ve\u00edculos de comunica\u00e7\u00e3o, de que Gustavo n\u00e3o passou por \u2018duas festas e seguia a caminho de uma terceira\u2019\u201d<\/p>\n<figure class=\"wp-block-pullquote\">\n<blockquote>\n<p>A Defesa refor\u00e7a a sua colabora\u00e7\u00e3o com a Justi\u00e7a, que n\u00e3o se exime de suas responsabilidades. Prova disso \u00e9 que, t\u00e3o logo tomou conhecimento da real din\u00e2mica dos fatos, entrou em estado de choque e apresentou-se espontaneamente \u00e0 autoridade policial para prestar esclarecimentos, sendo imediatamente colocado \u00e0 disposi\u00e7\u00e3o da Pol\u00edcia Civil o ve\u00edculo envolvido para a realiza\u00e7\u00e3o de per\u00edcia t\u00e9cnica<\/p>\n<p><cite>trecho da nota emitida pela defesa de Gustavo Perissoto de Oliveira<\/cite><\/p><\/blockquote>\n<\/figure>\n<p>A defesa ainda afirmou que o jovem \u201cencontra-se profundamente abalado e infeliz com a not\u00edcia dos ferimentos causados \u00e0 Sra. <strong>Eliene De Santana Maia<\/strong> \u2013 sobretudo quanto ao tr\u00e1gico <strong>\u00f3bito do menor Guilherme Da Silva Maia<\/strong>\u201d.<\/p>\n<div class=\"wp-block-image\">\n<figure class=\"aligncenter size-large is-resized\"><img data-recalc-dims=\"1\" fetchpriority=\"high\" decoding=\"async\" width=\"1024\" height=\"576\" src=\"https:\/\/i0.wp.com\/cdn.media-acidadeon.com.br\/ribeiraopreto\/wp-content\/uploads\/sites\/3\/2026\/01\/domingo-62_2026-01-05_22-15-14-1024x576.webp?resize=1024%2C576&#038;ssl=1\" alt=\"Nota emitida pela defesa de Gustavo Perissoto de Oliveira.\" class=\"wp-image-141203\" style=\"width:654px\" title=\"Defesa diz que atropelamento de m\u00e3e e filho em Ribeir\u00e3o foi uma 'fatalidade causada por distra\u00e7\u00e3o' 1\" srcset=\"https:\/\/cdn.media-acidadeon.com.br\/ribeiraopreto\/wp-content\/uploads\/sites\/3\/2026\/01\/domingo-62_2026-01-05_22-15-14-1024x576.webp 1024w, https:\/\/cdn.media-acidadeon.com.br\/ribeiraopreto\/wp-content\/uploads\/sites\/3\/2026\/01\/domingo-62_2026-01-05_22-15-14-300x169.webp 300w, https:\/\/cdn.media-acidadeon.com.br\/ribeiraopreto\/wp-content\/uploads\/sites\/3\/2026\/01\/domingo-62_2026-01-05_22-15-14-768x432.webp 768w, https:\/\/cdn.media-acidadeon.com.br\/ribeiraopreto\/wp-content\/uploads\/sites\/3\/2026\/01\/domingo-62_2026-01-05_22-15-14-696x392.webp 696w, https:\/\/cdn.media-acidadeon.com.br\/ribeiraopreto\/wp-content\/uploads\/sites\/3\/2026\/01\/domingo-62_2026-01-05_22-15-14-1068x601.webp 1068w, https:\/\/cdn.media-acidadeon.com.br\/ribeiraopreto\/wp-content\/uploads\/sites\/3\/2026\/01\/domingo-62_2026-01-05_22-15-14.webp 1200w\" sizes=\"(max-width: 1024px) 100vw, 1024px\"\/><figcaption class=\"wp-element-caption\">Nota emitida pela defesa de Gustavo Perissoto de Oliveira.<\/figcaption><\/figure>\n<\/div>\n<p>A\u00a0<strong>crian\u00e7a atropelada\u00a0<\/strong>junto com a m\u00e3e\u00a0<strong>morreu na madrugada deste domingo (4)<\/strong><strong>.<\/strong>\u00a0Guilherme\u00a0chegou a ser internado no Centro de Terapia Intensiva (CTI) Pedi\u00e1trico, mas<strong>\u00a0n\u00e3o resistiu aos ferimentos.<\/strong><\/p>\n<p>O vel\u00f3rio do menino de 6 anos aconteceu na manh\u00e3 desta segunda-feira, no\u00a0<strong>Vel\u00f3rio Municipal de Bonfim Paulista<\/strong>. A crian\u00e7a morreu na madrugada de domingo (4).\u00a0<mark style=\"background-color:#fcb900\" class=\"has-inline-color\">A m\u00e3e, Eliene de Santana Maia, de 33 anos, continua internada no Hospital das Cl\u00ednicas \u2013 Unidade de Emerg\u00eancia (HC-UE).<\/mark><\/p>\n<h2 class=\"wp-block-heading\"><strong>\u2018Qualquer exame seria ineficaz\u2019, diz delegado<\/strong><\/h2>\n<p>O delegado <strong>Ariovaldo Torrieri<\/strong> afirmou, no come\u00e7o da tarde desta segunda-feira, que qualquer exame feito no motorista seria ineficaz neste momento.<\/p>\n<p>Segundo o respons\u00e1vel pelas investiga\u00e7\u00f5es, <strong>Gustavo Perissoto de Oliveira<\/strong> se apresentou \u00e0 pol\u00edcia na noite da \u00faltima sexta-feira (2) e, por isso, n\u00e3o \u00e9 poss\u00edvel afirmar se ele havia bebido antes do atropelamento.<\/p>\n<figure class=\"wp-block-pullquote\">\n<blockquote>\n<p>N\u00f3s entendemos que qualquer exame para o qual ele fosse submetido seria ineficaz. Como ele se apresentou no dia 2, se ele fosse submetido a um exame, at\u00e9 poderia acusar a presen\u00e7a de \u00e1lcool no organismo dele, mas ele poderia dizer que bebeu depois ou qualquer coisa do g\u00eanero<\/p>\n<p><cite>Ariovaldo Torrieri<\/cite><\/p><\/blockquote>\n<\/figure>\n<p>Inicialmente, o caso foi registrado como les\u00e3o corporal culposa na dire\u00e7\u00e3o de ve\u00edculo automotor e fuga do local do acidente. <strong>No entanto, segundo o delegado Torrieri, com a morte de Guilherme, o motorista deve responder por homic\u00eddio culposo.<\/strong><\/p>\n<h2 class=\"wp-block-heading\"><strong>O caso<\/strong><\/h2>\n<p>O atropelamento ocorreu na rua Professor Felisberto Almada, em Bonfim Paulista, distrito na zona Sul da cidade, em trecho de acesso \u00e0 rodovia Jos\u00e9 Fregonezi (SP-328), sentido \u00e0 Ribeir\u00e3o.<\/p>\n<p><mark style=\"background-color:#fcb900\" class=\"has-inline-color\">M\u00e3e e filho foram atingidos pelas costas enquanto caminhavam pelo acostamento.<\/mark>\u00a0A mulher sofreu fraturas nas pernas, na bacia, no bra\u00e7o e no rosto, e Guilherme foi encaminhado para o Centro de Terapia Intensiva (CTI) Pedi\u00e1trico.<\/p>\n<p>Testemunhas que estavam em um posto de combust\u00edveis pr\u00f3ximo relataram \u00e0 pol\u00edcia que alertaram o motorista ap\u00f3s o impacto, mas ele seguiu viagem.<\/p>\n<p>Aos policiais,\u00a0<strong>Gustavo Perissoto alegou ter se distra\u00eddo com a central multim\u00eddia do ve\u00edculo em que estava<\/strong>, um Hyundai HB20 preto alugado. O ve\u00edculo ser\u00e1 submetido a exame pericial para entender melhor a din\u00e2mica do ocorrido, segundo o Torrieri.<\/p>\n<p>O delegado tamb\u00e9m explicou que\u00a0<strong>o motorista tem resid\u00eancia fixa em Ribeir\u00e3o Preto<\/strong>\u00a0e\u00a0<strong>se comprometeu a participar de todos os atos processuais<\/strong>\u00a0para os quais for intimado, por esse motivo, \u201cn\u00e3o vimos ali a princ\u00edpio um requisito legal para solicitar a sua pris\u00e3o\u201d.<\/p>\n<hr class=\"wp-block-separator has-alpha-channel-opacity\"\/>\n<p>SAIBA MAIS<\/p>\n<p>\u2018Qualquer exame seria ineficaz\u2019, diz delegado sobre motorista que atropelou m\u00e3e e filho em Ribeir\u00e3o<\/p>\n<p><strong>FIQUE ON<\/strong><\/p>\n<p>Fique ligado em tudo que acontece em Ribeir\u00e3o Preto e regi\u00e3o. Siga os perfis do\u00a0<strong>acidade on<\/strong>\u00a0no<a href=\"https:\/\/www.instagram.com\/acidadeonribeirao\" target=\"_blank\" rel=\"noreferrer noopener\">\u00a0Instagram\u00a0<\/a>e no\u00a0<a href=\"https:\/\/www.facebook.com\/acidadeonribeirao\/\" target=\"_blank\" rel=\"noreferrer noopener\">Facebook<\/a>.<\/p>\n<p>Receba not\u00edcias do<strong>\u00a0acidade on<\/strong>\u00a0no WhatsApp. Para entrar no grupo,\u00a0basta\u00a0<a href=\"https:\/\/chat.whatsapp.com\/I4nieTEMKlf50pJ28aMemC?mode=ac_t\" target=\"_blank\" rel=\"noreferrer noopener\">clicar aqui<\/a>. Ou, acesse o nosso\u00a0Canal\u00a0<a href=\"https:\/\/whatsapp.com\/channel\/0029Vb6IQl1JENyAeS57fk2p\" target=\"_blank\" rel=\"noreferrer noopener\">clicando aqui<\/a>.<\/p>\n<p>Fa\u00e7a uma den\u00fancia ou sugira uma reportagem sobre Ribeir\u00e3o Preto e regi\u00e3o pelo WhatsApp: 16 99117 7802.<\/p>\n<p>VEJA TAMB\u00c9M<\/p>\n<p>Por que Danielle saiu do NewJeans?<\/p>\n<p><!-- AI CONTENT END 1 -->\n<\/div>\n<p><script async src=\"\/\/www.instagram.com\/embed.js\"><\/script><br \/>\n<br \/><br \/>\n<br \/><a href=\"https:\/\/www.acidadeon.com\/ribeiraopreto\/cotidiano\/defesa-diz-que-atropelamento-de-mae-e-filho-em-ribeirao-foi-uma-fatalidade-causada-por-distracao\/\">Source link <\/a><\/p>\n<!-- CONTENT END 1 -->\n","protected":false},"excerpt":{"rendered":"<p>A defesa de Gustavo Perissoto de Oliveira divulgou, na noite desta segunda-feira (5), uma nota na qual afirma que o atropelamento de m\u00e3e e filho,&#8230;<\/p>\n","protected":false},"author":1,"featured_media":81432,"comment_status":"open","ping_status":"open","sticky":false,"template":"","format":"standard","meta":{"advanced_seo_description":"","jetpack_seo_html_title":"","jetpack_seo_noindex":false,"jetpack_post_was_ever_published":false,"_jetpack_newsletter_access":"","_jetpack_dont_email_post_to_subs":false,"_jetpack_newsletter_tier_id":0,"_jetpack_memberships_contains_paywalled_content":false,"_jetpack_memberships_contains_paid_content":false,"footnotes":"","jetpack_publicize_message":"","jetpack_publicize_feature_enabled":true,"jetpack_social_post_already_shared":true,"jetpack_social_options":{"image_generator_settings":{"template":"highway","default_image_id":0,"font":"","enabled":false},"version":2}},"categories":[11],"tags":[],"class_list":["post-81431","post","type-post","status-publish","format-standard","has-post-thumbnail","hentry","category-noticias-de-ribeirao-preto-sp-e-regiao-ismael-colosi"],"jetpack_publicize_connections":[],"jetpack_featured_media_url":"https:\/\/i0.wp.com\/noticiasribeiraopreto.com.br\/wp-content\/uploads\/2026\/01\/domingo-64_2026-01-05_22-25-31.webp.webp?fit=1200%2C675&ssl=1","jetpack-related-posts":[{"id":81637,"url":"https:\/\/noticiasribeiraopreto.com.br\/index.php\/2026\/01\/12\/atropelamento-que-matou-crianca-e-feriu-mae-em-ribeirao-envolveu-carro-alugado-diz-advogado\/","url_meta":{"origin":81431,"position":0},"title":"Atropelamento que matou crian\u00e7a e feriu m\u00e3e em Ribeir\u00e3o envolveu carro alugado, diz advogado","author":"noticiasribeiraopreto.com.br","date":"12 de January de 2026","format":false,"excerpt":"O advogado da fam\u00edlia de Guilherme da Silva Maia, de 6 anos, que morreu ap\u00f3s ser atropelado no acostamento de uma rodovia de Bonfim Paulista, distrito de Ribeir\u00e3o Preto, afirmou que o ve\u00edculo conduzido pelo envolvido era alugado. A informa\u00e7\u00e3o foi divulgada neste s\u00e1bado (10), durante uma manifesta\u00e7\u00e3o de amigos\u2026","rel":"","context":"In &quot;Not\u00edcias de Ribeir\u00e3o Preto-SP e Regi\u00e3o&quot;","block_context":{"text":"Not\u00edcias de Ribeir\u00e3o Preto-SP e Regi\u00e3o","link":"https:\/\/noticiasribeiraopreto.com.br\/index.php\/category\/noticias-de-ribeirao-preto-sp-e-regiao-ismael-colosi\/"},"img":{"alt_text":"","src":"https:\/\/i0.wp.com\/noticiasribeiraopreto.com.br\/wp-content\/uploads\/2026\/01\/image_2026-01-02_15-42-11.webp.webp?fit=984%2C549&ssl=1&resize=350%2C200","width":350,"height":200,"srcset":"https:\/\/i0.wp.com\/noticiasribeiraopreto.com.br\/wp-content\/uploads\/2026\/01\/image_2026-01-02_15-42-11.webp.webp?fit=984%2C549&ssl=1&resize=350%2C200 1x, https:\/\/i0.wp.com\/noticiasribeiraopreto.com.br\/wp-content\/uploads\/2026\/01\/image_2026-01-02_15-42-11.webp.webp?fit=984%2C549&ssl=1&resize=525%2C300 1.5x, https:\/\/i0.wp.com\/noticiasribeiraopreto.com.br\/wp-content\/uploads\/2026\/01\/image_2026-01-02_15-42-11.webp.webp?fit=984%2C549&ssl=1&resize=700%2C400 2x"},"classes":[]},{"id":81453,"url":"https:\/\/noticiasribeiraopreto.com.br\/index.php\/2026\/01\/06\/pai-de-menino-morto-apos-atropelamento-presta-depoimento\/","url_meta":{"origin":81431,"position":1},"title":"Pai de menino morto ap\u00f3s atropelamento presta depoimento","author":"noticiasribeiraopreto.com.br","date":"6 de January de 2026","format":false,"excerpt":"Por: Alfredo Risk e Adalberto Luque Albertino da Silva Filho, pai de Guilherme da Silva Maia, de 6 anos, que morreu ap\u00f3s ser atropelado no dia 1\u00ba de janeiro, foi ouvido pelo delegado que investiga o caso na manh\u00e3 desta ter\u00e7a-feira (6). O depoimento de Albertino foi colhido na Central\u2026","rel":"","context":"In &quot;Not\u00edcias de Ribeir\u00e3o Preto-SP e Regi\u00e3o&quot;","block_context":{"text":"Not\u00edcias de Ribeir\u00e3o Preto-SP e Regi\u00e3o","link":"https:\/\/noticiasribeiraopreto.com.br\/index.php\/category\/noticias-de-ribeirao-preto-sp-e-regiao-ismael-colosi\/"},"img":{"alt_text":"","src":"https:\/\/i0.wp.com\/noticiasribeiraopreto.com.br\/wp-content\/uploads\/2026\/01\/06-jan-2026-paitestemunhas-scaled.jpg?fit=1170%2C780&ssl=1&resize=350%2C200","width":350,"height":200,"srcset":"https:\/\/i0.wp.com\/noticiasribeiraopreto.com.br\/wp-content\/uploads\/2026\/01\/06-jan-2026-paitestemunhas-scaled.jpg?fit=1170%2C780&ssl=1&resize=350%2C200 1x, https:\/\/i0.wp.com\/noticiasribeiraopreto.com.br\/wp-content\/uploads\/2026\/01\/06-jan-2026-paitestemunhas-scaled.jpg?fit=1170%2C780&ssl=1&resize=525%2C300 1.5x, https:\/\/i0.wp.com\/noticiasribeiraopreto.com.br\/wp-content\/uploads\/2026\/01\/06-jan-2026-paitestemunhas-scaled.jpg?fit=1170%2C780&ssl=1&resize=700%2C400 2x, https:\/\/i0.wp.com\/noticiasribeiraopreto.com.br\/wp-content\/uploads\/2026\/01\/06-jan-2026-paitestemunhas-scaled.jpg?fit=1170%2C780&ssl=1&resize=1050%2C600 3x"},"classes":[]},{"id":81447,"url":"https:\/\/noticiasribeiraopreto.com.br\/index.php\/2026\/01\/06\/revolta-em-sepultamento-de-menino-atropelado-no-dia-1o\/","url_meta":{"origin":81431,"position":2},"title":"Revolta em sepultamento de menino atropelado no dia 1\u00ba","author":"noticiasribeiraopreto.com.br","date":"6 de January de 2026","format":false,"excerpt":"Crian\u00e7a estava internada no HC-UE e n\u00e3o resistiu \u00e0 gravidade dos ferimentos; motorista alegou ter se distra\u00eddo com multim\u00eddia e n\u00e3o viu atropelamento Por Alfredo Risk e Adalberto Luque Guilherme da Silva Maia, de 6 anos, foi sepultado na manh\u00e3 desta segunda-feira (5), no Cemit\u00e9rio de Bonfim Paulista, zona Sul\u2026","rel":"","context":"In &quot;Not\u00edcias de Ribeir\u00e3o Preto-SP e Regi\u00e3o&quot;","block_context":{"text":"Not\u00edcias de Ribeir\u00e3o Preto-SP e Regi\u00e3o","link":"https:\/\/noticiasribeiraopreto.com.br\/index.php\/category\/noticias-de-ribeirao-preto-sp-e-regiao-ismael-colosi\/"},"img":{"alt_text":"","src":"https:\/\/i0.wp.com\/noticiasribeiraopreto.com.br\/wp-content\/uploads\/2026\/01\/1-bonfim-foto-3.jpg?fit=1170%2C780&ssl=1&resize=350%2C200","width":350,"height":200,"srcset":"https:\/\/i0.wp.com\/noticiasribeiraopreto.com.br\/wp-content\/uploads\/2026\/01\/1-bonfim-foto-3.jpg?fit=1170%2C780&ssl=1&resize=350%2C200 1x, https:\/\/i0.wp.com\/noticiasribeiraopreto.com.br\/wp-content\/uploads\/2026\/01\/1-bonfim-foto-3.jpg?fit=1170%2C780&ssl=1&resize=525%2C300 1.5x, https:\/\/i0.wp.com\/noticiasribeiraopreto.com.br\/wp-content\/uploads\/2026\/01\/1-bonfim-foto-3.jpg?fit=1170%2C780&ssl=1&resize=700%2C400 2x, https:\/\/i0.wp.com\/noticiasribeiraopreto.com.br\/wp-content\/uploads\/2026\/01\/1-bonfim-foto-3.jpg?fit=1170%2C780&ssl=1&resize=1050%2C600 3x"},"classes":[]},{"id":81418,"url":"https:\/\/noticiasribeiraopreto.com.br\/index.php\/2026\/01\/05\/menino-atropelado-dia-1o-e-sepultado-em-bonfim-paulista\/","url_meta":{"origin":81431,"position":3},"title":"Menino atropelado dia 1\u00ba \u00e9 sepultado em Bonfim Paulista","author":"noticiasribeiraopreto.com.br","date":"5 de January de 2026","format":false,"excerpt":"Por: Adalberto Luque Guilherme da Silva Maia, de 6 anos, foi sepultado na manh\u00e3 desta segunda-feira (5), no Cemit\u00e9rio de Bonfim Paulista, zona Sul de Ribeir\u00e3o Preto. Ele e a m\u00e3e, Eliene de Santana Maia, de 33 anos, foram atropelados na manh\u00e3 de quinta-feira (1\u00ba de janeiro). Guilherme e sua\u2026","rel":"","context":"In &quot;Not\u00edcias de Ribeir\u00e3o Preto-SP e Regi\u00e3o&quot;","block_context":{"text":"Not\u00edcias de Ribeir\u00e3o Preto-SP e Regi\u00e3o","link":"https:\/\/noticiasribeiraopreto.com.br\/index.php\/category\/noticias-de-ribeirao-preto-sp-e-regiao-ismael-colosi\/"},"img":{"alt_text":"","src":"https:\/\/i0.wp.com\/noticiasribeiraopreto.com.br\/wp-content\/uploads\/2026\/01\/05-jan-2026-meninoatropelado0-scaled.jpg?fit=1170%2C780&ssl=1&resize=350%2C200","width":350,"height":200,"srcset":"https:\/\/i0.wp.com\/noticiasribeiraopreto.com.br\/wp-content\/uploads\/2026\/01\/05-jan-2026-meninoatropelado0-scaled.jpg?fit=1170%2C780&ssl=1&resize=350%2C200 1x, https:\/\/i0.wp.com\/noticiasribeiraopreto.com.br\/wp-content\/uploads\/2026\/01\/05-jan-2026-meninoatropelado0-scaled.jpg?fit=1170%2C780&ssl=1&resize=525%2C300 1.5x, https:\/\/i0.wp.com\/noticiasribeiraopreto.com.br\/wp-content\/uploads\/2026\/01\/05-jan-2026-meninoatropelado0-scaled.jpg?fit=1170%2C780&ssl=1&resize=700%2C400 2x, https:\/\/i0.wp.com\/noticiasribeiraopreto.com.br\/wp-content\/uploads\/2026\/01\/05-jan-2026-meninoatropelado0-scaled.jpg?fit=1170%2C780&ssl=1&resize=1050%2C600 3x"},"classes":[]},{"id":81675,"url":"https:\/\/noticiasribeiraopreto.com.br\/index.php\/2026\/01\/13\/policia-ouve-testemunhas-de-atropelamento-fatal\/","url_meta":{"origin":81431,"position":4},"title":"Pol\u00edcia ouve testemunhas de atropelamento fatal","author":"noticiasribeiraopreto.com.br","date":"13 de January de 2026","format":false,"excerpt":"\r Frentistas de posto de combust\u00edvel quase em frente ao local onde ocorreu o acidente garantem que motorista ouviu avisos sobre o ocorrido\r \r 13 de janeiro de 2026 13:01 \r Compartilhar2 Por: Adalberto Luque A Pol\u00edcia Civil ouviu, nesta segunda-feira (12), tr\u00eas frentistas que presenciaram o atropelamento de Guilherme\u2026","rel":"","context":"In &quot;Not\u00edcias de Ribeir\u00e3o Preto-SP e Regi\u00e3o&quot;","block_context":{"text":"Not\u00edcias de Ribeir\u00e3o Preto-SP e Regi\u00e3o","link":"https:\/\/noticiasribeiraopreto.com.br\/index.php\/category\/noticias-de-ribeirao-preto-sp-e-regiao-ismael-colosi\/"},"img":{"alt_text":"","src":"https:\/\/i0.wp.com\/noticiasribeiraopreto.com.br\/wp-content\/uploads\/2026\/01\/05-jan-2026-meninoatropelado2.jpg?fit=809%2C618&ssl=1&resize=350%2C200","width":350,"height":200,"srcset":"https:\/\/i0.wp.com\/noticiasribeiraopreto.com.br\/wp-content\/uploads\/2026\/01\/05-jan-2026-meninoatropelado2.jpg?fit=809%2C618&ssl=1&resize=350%2C200 1x, https:\/\/i0.wp.com\/noticiasribeiraopreto.com.br\/wp-content\/uploads\/2026\/01\/05-jan-2026-meninoatropelado2.jpg?fit=809%2C618&ssl=1&resize=525%2C300 1.5x, https:\/\/i0.wp.com\/noticiasribeiraopreto.com.br\/wp-content\/uploads\/2026\/01\/05-jan-2026-meninoatropelado2.jpg?fit=809%2C618&ssl=1&resize=700%2C400 2x"},"classes":[]},{"id":81347,"url":"https:\/\/noticiasribeiraopreto.com.br\/index.php\/2026\/01\/02\/carro-supostamente-envolvido-em-atropelamento-de-mae-e-filho-em-bonfim-e-apreendido\/","url_meta":{"origin":81431,"position":5},"title":"Carro supostamente envolvido em atropelamento de m\u00e3e e filho em Bonfim \u00e9 apreendido","author":"noticiasribeiraopreto.com.br","date":"2 de January de 2026","format":false,"excerpt":"\r \r \r 2 de janeiro de 2026 13:592 de janeiro de 2026 14:01 \r Compartilhar0 Pol\u00edcia Militar localizou ve\u00edculo nesta sexta-feira (2) em uma estrada de terra no bairro Recreio Internacional em Ribeir\u00e3o Preto Um carro abandonado em uma estrada de terra no bairro Recreio Internacional, na zona Leste\u2026","rel":"","context":"In &quot;Not\u00edcias de Ribeir\u00e3o Preto-SP e Regi\u00e3o&quot;","block_context":{"text":"Not\u00edcias de Ribeir\u00e3o Preto-SP e Regi\u00e3o","link":"https:\/\/noticiasribeiraopreto.com.br\/index.php\/category\/noticias-de-ribeirao-preto-sp-e-regiao-ismael-colosi\/"},"img":{"alt_text":"","src":"https:\/\/i0.wp.com\/noticiasribeiraopreto.com.br\/wp-content\/uploads\/2026\/01\/1000204232-scaled.jpg?fit=1200%2C554&ssl=1&resize=350%2C200","width":350,"height":200,"srcset":"https:\/\/i0.wp.com\/noticiasribeiraopreto.com.br\/wp-content\/uploads\/2026\/01\/1000204232-scaled.jpg?fit=1200%2C554&ssl=1&resize=350%2C200 1x, https:\/\/i0.wp.com\/noticiasribeiraopreto.com.br\/wp-content\/uploads\/2026\/01\/1000204232-scaled.jpg?fit=1200%2C554&ssl=1&resize=525%2C300 1.5x, https:\/\/i0.wp.com\/noticiasribeiraopreto.com.br\/wp-content\/uploads\/2026\/01\/1000204232-scaled.jpg?fit=1200%2C554&ssl=1&resize=700%2C400 2x, https:\/\/i0.wp.com\/noticiasribeiraopreto.com.br\/wp-content\/uploads\/2026\/01\/1000204232-scaled.jpg?fit=1200%2C554&ssl=1&resize=1050%2C600 3x"},"classes":[]}],"jetpack_sharing_enabled":true,"jetpack_shortlink":"https:\/\/wp.me\/peQAOb-lbp","_links":{"self":[{"href":"https:\/\/noticiasribeiraopreto.com.br\/index.php\/wp-json\/wp\/v2\/posts\/81431","targetHints":{"allow":["GET"]}}],"collection":[{"href":"https:\/\/noticiasribeiraopreto.com.br\/index.php\/wp-json\/wp\/v2\/posts"}],"about":[{"href":"https:\/\/noticiasribeiraopreto.com.br\/index.php\/wp-json\/wp\/v2\/types\/post"}],"author":[{"embeddable":true,"href":"https:\/\/noticiasribeiraopreto.com.br\/index.php\/wp-json\/wp\/v2\/users\/1"}],"replies":[{"embeddable":true,"href":"https:\/\/noticiasribeiraopreto.com.br\/index.php\/wp-json\/wp\/v2\/comments?post=81431"}],"version-history":[{"count":0,"href":"https:\/\/noticiasribeiraopreto.com.br\/index.php\/wp-json\/wp\/v2\/posts\/81431\/revisions"}],"wp:featuredmedia":[{"embeddable":true,"href":"https:\/\/noticiasribeiraopreto.com.br\/index.php\/wp-json\/wp\/v2\/media\/81432"}],"wp:attachment":[{"href":"https:\/\/noticiasribeiraopreto.com.br\/index.php\/wp-json\/wp\/v2\/media?parent=81431"}],"wp:term":[{"taxonomy":"category","embeddable":true,"href":"https:\/\/noticiasribeiraopreto.com.br\/index.php\/wp-json\/wp\/v2\/categories?post=81431"},{"taxonomy":"post_tag","embeddable":true,"href":"https:\/\/noticiasribeiraopreto.com.br\/index.php\/wp-json\/wp\/v2\/tags?post=81431"}],"curies":[{"name":"wp","href":"https:\/\/api.w.org\/{rel}","templated":true}]}}