{"id":81433,"date":"2026-01-06T07:33:28","date_gmt":"2026-01-06T10:33:28","guid":{"rendered":"https:\/\/noticiasribeiraopreto.com.br\/index.php\/2026\/01\/06\/tentativa-de-roubo-termina-com-suspeito-detido-por-populares-em-ribeirao-preto\/"},"modified":"2026-01-06T07:33:28","modified_gmt":"2026-01-06T10:33:28","slug":"tentativa-de-roubo-termina-com-suspeito-detido-por-populares-em-ribeirao-preto","status":"publish","type":"post","link":"https:\/\/noticiasribeiraopreto.com.br\/index.php\/2026\/01\/06\/tentativa-de-roubo-termina-com-suspeito-detido-por-populares-em-ribeirao-preto\/","title":{"rendered":"Tentativa de roubo termina com suspeito detido por populares em Ribeir\u00e3o Preto"},"content":{"rendered":"<div class='code-block code-block-1' style='margin: 8px 0 8px auto; text-align: right; display: block; clear: both;'>\n<p><a href=\"https:\/\/wa.link\/vpicfd\"><img data-recalc-dims=\"1\" class=\"wp-image-4922\" style=\"aspect-ratio: 2.0253164556962027; width: 561px; height: auto;\" src=\"https:\/\/i0.wp.com\/ismaelcolosi.com.br\/wp-content\/uploads\/2023\/11\/grupo-de-empregos-whatsapp-e-facebook-ismael-colosi-vagas.jpg?ssl=1\" alt=\"\" \/><\/a><\/p>\n<!-- \/wp:image -->\n<\/div>\n<p> <br \/>\n<\/p>\n<div data-td-block-uid=\"tdi_95\">\n<div class=\"tdb-block-inner td-fix-index\">\n<p><strong>Uma tentativa de roubo terminou com um suspeito detido por moradores na tarde desta segunda-feira (5)<\/strong>, no bairro Nova Alian\u00e7a, em Ribeir\u00e3o Preto. O caso ocorreu por volta das 16h25, nas proximidades da avenida Braz Olaia Acosta.<\/p>\n<h2 class=\"wp-block-heading\"><strong>O roubo<\/strong><\/h2>\n<p>De acordo com informa\u00e7\u00f5es de testemunhas, a v\u00edtima havia acabado de sair de uma loja e seguia a p\u00e9 pela rua Magda Perona Frossard, carregando compras, quando foi abordada por um homem em uma motocicleta. O suspeito trafegava na contram\u00e3o no momento da abordagem.<\/p>\n<figure class=\"wp-block-image size-large\"><img data-recalc-dims=\"1\" fetchpriority=\"high\" decoding=\"async\" width=\"1024\" height=\"576\" src=\"https:\/\/i0.wp.com\/cdn.media-acidadeon.com.br\/ribeiraopreto\/wp-content\/uploads\/sites\/3\/2026\/01\/domingo-24_2026-01-05_21-43-08-1024x576.webp?resize=1024%2C576&#038;ssl=1\" alt=\"suspeito&#10;\" class=\"wp-image-141194\" title=\"Tentativa de roubo termina com suspeito detido por populares em Ribeir\u00e3o Preto 1\" srcset=\"https:\/\/cdn.media-acidadeon.com.br\/ribeiraopreto\/wp-content\/uploads\/sites\/3\/2026\/01\/domingo-24_2026-01-05_21-43-08-1024x576.webp 1024w, https:\/\/cdn.media-acidadeon.com.br\/ribeiraopreto\/wp-content\/uploads\/sites\/3\/2026\/01\/domingo-24_2026-01-05_21-43-08-300x169.webp 300w, https:\/\/cdn.media-acidadeon.com.br\/ribeiraopreto\/wp-content\/uploads\/sites\/3\/2026\/01\/domingo-24_2026-01-05_21-43-08-768x432.webp 768w, https:\/\/cdn.media-acidadeon.com.br\/ribeiraopreto\/wp-content\/uploads\/sites\/3\/2026\/01\/domingo-24_2026-01-05_21-43-08-696x392.webp 696w, https:\/\/cdn.media-acidadeon.com.br\/ribeiraopreto\/wp-content\/uploads\/sites\/3\/2026\/01\/domingo-24_2026-01-05_21-43-08-1068x601.webp 1068w, https:\/\/cdn.media-acidadeon.com.br\/ribeiraopreto\/wp-content\/uploads\/sites\/3\/2026\/01\/domingo-24_2026-01-05_21-43-08.webp 1200w\" sizes=\"(max-width: 1024px) 100vw, 1024px\"\/><figcaption class=\"wp-element-caption\">Tentativa de roubo na zona Sul de Ribeir\u00e3o Preto \u2013 Foto: Redes sociais<\/figcaption><\/figure>\n<p>Ainda segundo relatos, o <strong>homem empurrou a mulher ao ch\u00e3o e tentou roubar o celular<\/strong>. A a\u00e7\u00e3o foi presenciada pelo porteiro de um pr\u00e9dio em frente, que interveio para defender a v\u00edtima. Em seguida, o<strong>utras pessoas que trabalhavam nas imedia\u00e7\u00f5es tamb\u00e9m se aproximaram e ajudaram a conter o suspeito.<\/strong><\/p>\n<p>Durante a tentativa de fuga, o homem abandonou a motocicleta no meio da via e correu, mas acabou alcan\u00e7ado na esquina do pr\u00e9dio onde funcionava a antiga superintend\u00eancia da Caixa Econ\u00f4mica Federal. <\/p>\n<p><strong>Moradores acionaram a Pol\u00edcia Militar e mantiveram o suspeito detido at\u00e9 a chegada da equipe.<\/strong><\/p>\n<hr class=\"wp-block-separator has-alpha-channel-opacity\"\/>\n<p>SAIBA MAIS<\/p>\n<p>Botafogo anuncia zagueiro com passagens pelo Monaco e pela Lazio<\/p>\n<h4 class=\"wp-block-heading\"><strong>FIQUE ON<\/strong><\/h4>\n<p>Fique ligado em tudo que acontece em Ribeir\u00e3o Preto e regi\u00e3o. Siga os perfis do\u00a0<strong>acidade on<\/strong>\u00a0no\u00a0<a href=\"https:\/\/www.instagram.com\/acidadeonribeirao\" target=\"_blank\" rel=\"noreferrer noopener\">Instagram<\/a>\u00a0e no<a href=\"https:\/\/www.facebook.com\/acidadeonribeirao\/\" target=\"_blank\" rel=\"noreferrer noopener\">\u00a0Facebook<\/a>.<\/p>\n<p>Receba not\u00edcias do\u00a0<strong>acidade on<\/strong>\u00a0no WhatsApp. Para entrar no grupo,\u00a0basta\u00a0<a href=\"https:\/\/chat.whatsapp.com\/GFH9HUMUTHNFJdnyEd0xxq\" target=\"_blank\" rel=\"noreferrer noopener\">clicar aqui<\/a>. Ou, acesse o nosso\u00a0Canal\u00a0<a href=\"https:\/\/whatsapp.com\/channel\/0029Vb6IQl1JENyAeS57fk2p\" target=\"_blank\" rel=\"noreferrer noopener\">clicando aqui<\/a>.<\/p>\n<p>Fa\u00e7a uma den\u00fancia ou sugira uma reportagem sobre Ribeir\u00e3o Preto e regi\u00e3o pelo WhatsApp: 16 99117 7802.<\/p>\n<p>VEJA TAMB\u00c9M<br \/>Qual o novo valor de contribui\u00e7\u00e3o mensal do MEI?<\/p>\n<p><!-- AI CONTENT END 1 -->\n<\/div>\n<\/div>\n<p><script async src=\"\/\/www.instagram.com\/embed.js\"><\/script><br \/>\n<br \/><br \/>\n<br \/><a href=\"https:\/\/www.acidadeon.com\/ribeiraopreto\/cotidiano\/tentativa-de-roubo-termina-com-suspeito-detido-por-moradores-em-ribeirao-preto\/\">Source link <\/a><\/p>\n<!-- CONTENT END 1 -->\n","protected":false},"excerpt":{"rendered":"<p>Uma tentativa de roubo terminou com um suspeito detido por moradores na tarde desta segunda-feira (5), no bairro Nova Alian\u00e7a, em Ribeir\u00e3o Preto. O caso&#8230;<\/p>\n","protected":false},"author":1,"featured_media":81434,"comment_status":"open","ping_status":"open","sticky":false,"template":"","format":"standard","meta":{"advanced_seo_description":"","jetpack_seo_html_title":"","jetpack_seo_noindex":false,"jetpack_post_was_ever_published":false,"_jetpack_newsletter_access":"","_jetpack_dont_email_post_to_subs":false,"_jetpack_newsletter_tier_id":0,"_jetpack_memberships_contains_paywalled_content":false,"_jetpack_memberships_contains_paid_content":false,"footnotes":"","jetpack_publicize_message":"","jetpack_publicize_feature_enabled":true,"jetpack_social_post_already_shared":true,"jetpack_social_options":{"image_generator_settings":{"template":"highway","default_image_id":0,"font":"","enabled":false},"version":2}},"categories":[11],"tags":[],"class_list":["post-81433","post","type-post","status-publish","format-standard","has-post-thumbnail","hentry","category-noticias-de-ribeirao-preto-sp-e-regiao-ismael-colosi"],"jetpack_publicize_connections":[],"jetpack_featured_media_url":"https:\/\/i0.wp.com\/noticiasribeiraopreto.com.br\/wp-content\/uploads\/2026\/01\/domingo-25_2026-01-05_21-48-16.webp.webp?fit=1200%2C675&ssl=1","jetpack-related-posts":[{"id":78679,"url":"https:\/\/noticiasribeiraopreto.com.br\/index.php\/2025\/10\/16\/homem-suspeito-de-roubo-a-residencia-e-detido-e-agredido-por-populares\/","url_meta":{"origin":81433,"position":0},"title":"Homem suspeito de roubo a resid\u00eancia \u00e9 detido e agredido por populares","author":"noticiasribeiraopreto.com.br","date":"16 de October de 2025","format":false,"excerpt":"Um homem de 35 anos foi preso na tarde desta quarta-feira (15), suspeito de roubo a resid\u00eancia no Planalto Verde, zona Oeste de Ribeir\u00e3o Preto. Segundo o boletim de ocorr\u00eancia (BO), o homem foi detido e agredido por populares, que deixaram o local quando a equipe da PM (Pol\u00edcia Militar)\u2026","rel":"","context":"In &quot;Not\u00edcias de Ribeir\u00e3o Preto-SP e Regi\u00e3o&quot;","block_context":{"text":"Not\u00edcias de Ribeir\u00e3o Preto-SP e Regi\u00e3o","link":"https:\/\/noticiasribeiraopreto.com.br\/index.php\/category\/noticias-de-ribeirao-preto-sp-e-regiao-ismael-colosi\/"},"img":{"alt_text":"","src":"https:\/\/i0.wp.com\/noticiasribeiraopreto.com.br\/wp-content\/uploads\/2025\/06\/policia-militar-nova-2_2025-04-24_13-01-57.webp.webp?fit=1200%2C799&ssl=1&resize=350%2C200","width":350,"height":200,"srcset":"https:\/\/i0.wp.com\/noticiasribeiraopreto.com.br\/wp-content\/uploads\/2025\/06\/policia-militar-nova-2_2025-04-24_13-01-57.webp.webp?fit=1200%2C799&ssl=1&resize=350%2C200 1x, https:\/\/i0.wp.com\/noticiasribeiraopreto.com.br\/wp-content\/uploads\/2025\/06\/policia-militar-nova-2_2025-04-24_13-01-57.webp.webp?fit=1200%2C799&ssl=1&resize=525%2C300 1.5x, https:\/\/i0.wp.com\/noticiasribeiraopreto.com.br\/wp-content\/uploads\/2025\/06\/policia-militar-nova-2_2025-04-24_13-01-57.webp.webp?fit=1200%2C799&ssl=1&resize=700%2C400 2x, https:\/\/i0.wp.com\/noticiasribeiraopreto.com.br\/wp-content\/uploads\/2025\/06\/policia-militar-nova-2_2025-04-24_13-01-57.webp.webp?fit=1200%2C799&ssl=1&resize=1050%2C600 3x"},"classes":[]},{"id":84691,"url":"https:\/\/noticiasribeiraopreto.com.br\/index.php\/2026\/04\/14\/suspeito-de-roubos-cai-de-telhado-durante-fuga-e-e-achado-escondido-embaixo-de-cama\/","url_meta":{"origin":81433,"position":1},"title":"Suspeito de roubos cai de telhado durante fuga e \u00e9 achado escondido embaixo de cama","author":"noticiasribeiraopreto.com.br","date":"14 de April de 2026","format":false,"excerpt":"Ler o resumo da not\u00edcia Homem suspeito de roubos foi detido na zona Norte de Ribeir\u00e3o Preto ap\u00f3s fuga por telhados. Um dos roubos teria ocorrido na casa da sogra de um policial militar em mar\u00e7o. Durante a fuga, o telhado cedeu e ele foi encontrado escondido embaixo de uma\u2026","rel":"","context":"In &quot;Not\u00edcias de Ribeir\u00e3o Preto-SP e Regi\u00e3o&quot;","block_context":{"text":"Not\u00edcias de Ribeir\u00e3o Preto-SP e Regi\u00e3o","link":"https:\/\/noticiasribeiraopreto.com.br\/index.php\/category\/noticias-de-ribeirao-preto-sp-e-regiao-ismael-colosi\/"},"img":{"alt_text":"","src":"https:\/\/i0.wp.com\/noticiasribeiraopreto.com.br\/wp-content\/uploads\/2026\/04\/WhatsApp-Image-2026-04-14-at-11.54.01_2026-04-14_15-41-29.webp.webp?fit=1200%2C900&ssl=1&resize=350%2C200","width":350,"height":200,"srcset":"https:\/\/i0.wp.com\/noticiasribeiraopreto.com.br\/wp-content\/uploads\/2026\/04\/WhatsApp-Image-2026-04-14-at-11.54.01_2026-04-14_15-41-29.webp.webp?fit=1200%2C900&ssl=1&resize=350%2C200 1x, https:\/\/i0.wp.com\/noticiasribeiraopreto.com.br\/wp-content\/uploads\/2026\/04\/WhatsApp-Image-2026-04-14-at-11.54.01_2026-04-14_15-41-29.webp.webp?fit=1200%2C900&ssl=1&resize=525%2C300 1.5x, https:\/\/i0.wp.com\/noticiasribeiraopreto.com.br\/wp-content\/uploads\/2026\/04\/WhatsApp-Image-2026-04-14-at-11.54.01_2026-04-14_15-41-29.webp.webp?fit=1200%2C900&ssl=1&resize=700%2C400 2x, https:\/\/i0.wp.com\/noticiasribeiraopreto.com.br\/wp-content\/uploads\/2026\/04\/WhatsApp-Image-2026-04-14-at-11.54.01_2026-04-14_15-41-29.webp.webp?fit=1200%2C900&ssl=1&resize=1050%2C600 3x"},"classes":[]},{"id":75185,"url":"https:\/\/noticiasribeiraopreto.com.br\/index.php\/2025\/08\/05\/homem-acusado-de-roubo-de-celular-e-morto-em-acao-da-pm-em-ribeirao-preto\/","url_meta":{"origin":81433,"position":2},"title":"Homem acusado de roubo de celular \u00e9 morto em a\u00e7\u00e3o da PM em Ribeir\u00e3o Preto","author":"noticiasribeiraopreto.com.br","date":"5 de August de 2025","format":false,"excerpt":"Um homem suspeito de roubo de celular foi morto em uma a\u00e7\u00e3o da PM (Pol\u00edcia Militar) na madrugada desta segunda-feira (4), em Ribeir\u00e3o Preto. Segundo a pol\u00edcia, o homem, que n\u00e3o teve o nome divulgado, \u00e9 apontado por uma tentativa de roubo a transeunte na rua Am\u00e9rico Brasiliense, no Centro,\u2026","rel":"","context":"In &quot;Not\u00edcias de Ribeir\u00e3o Preto-SP e Regi\u00e3o&quot;","block_context":{"text":"Not\u00edcias de Ribeir\u00e3o Preto-SP e Regi\u00e3o","link":"https:\/\/noticiasribeiraopreto.com.br\/index.php\/category\/noticias-de-ribeirao-preto-sp-e-regiao-ismael-colosi\/"},"img":{"alt_text":"","src":"https:\/\/i0.wp.com\/noticiasribeiraopreto.com.br\/wp-content\/uploads\/2025\/08\/20220620_114539075_policia_qru_1024x576_25052021184749_jpg_715985292.jpg?fit=1200%2C606&ssl=1&resize=350%2C200","width":350,"height":200,"srcset":"https:\/\/i0.wp.com\/noticiasribeiraopreto.com.br\/wp-content\/uploads\/2025\/08\/20220620_114539075_policia_qru_1024x576_25052021184749_jpg_715985292.jpg?fit=1200%2C606&ssl=1&resize=350%2C200 1x, https:\/\/i0.wp.com\/noticiasribeiraopreto.com.br\/wp-content\/uploads\/2025\/08\/20220620_114539075_policia_qru_1024x576_25052021184749_jpg_715985292.jpg?fit=1200%2C606&ssl=1&resize=525%2C300 1.5x, https:\/\/i0.wp.com\/noticiasribeiraopreto.com.br\/wp-content\/uploads\/2025\/08\/20220620_114539075_policia_qru_1024x576_25052021184749_jpg_715985292.jpg?fit=1200%2C606&ssl=1&resize=700%2C400 2x, https:\/\/i0.wp.com\/noticiasribeiraopreto.com.br\/wp-content\/uploads\/2025\/08\/20220620_114539075_policia_qru_1024x576_25052021184749_jpg_715985292.jpg?fit=1200%2C606&ssl=1&resize=1050%2C600 3x"},"classes":[]},{"id":57254,"url":"https:\/\/noticiasribeiraopreto.com.br\/index.php\/2024\/08\/27\/trio-e-detido-apos-tentar-furtar-moto-em-patio-atingido-por-incendio-na-regiao-de-ribeirao\/","url_meta":{"origin":81433,"position":3},"title":"Trio \u00e9 detido ap\u00f3s tentar furtar moto em p\u00e1tio atingido por inc\u00eandio na regi\u00e3o de Ribeir\u00e3o","author":"noticiasribeiraopreto.com.br","date":"27 de August de 2024","format":false,"excerpt":"Dois jovens foram presos e um adolescente acabou apreendido na noite desta segunda-feira (26), suspeitos de tentativa de furto de uma moto no p\u00e1tio utilizado pela Pol\u00edcia Civil, que foi atingido por um inc\u00eandio em Dumont, cidade a aproximadamente 20 quil\u00f4metros de Ribeir\u00e3o Preto. O fogo destru\u00edu ve\u00edculos que estavam\u2026","rel":"","context":"In &quot;Not\u00edcias de Ribeir\u00e3o Preto-SP e Regi\u00e3o&quot;","block_context":{"text":"Not\u00edcias de Ribeir\u00e3o Preto-SP e Regi\u00e3o","link":"https:\/\/noticiasribeiraopreto.com.br\/index.php\/category\/noticias-de-ribeirao-preto-sp-e-regiao-ismael-colosi\/"},"img":{"alt_text":"","src":"https:\/\/i0.wp.com\/noticiasribeiraopreto.com.br\/wp-content\/uploads\/2024\/08\/WhatsApp-Image-2023-12-23-at-12.01.31.jpeg?fit=480%2C245&ssl=1&resize=350%2C200","width":350,"height":200},"classes":[]},{"id":63934,"url":"https:\/\/noticiasribeiraopreto.com.br\/index.php\/2025\/02\/25\/saiba-quem-sao-os-suspeitos-de-trocar-tiros-com-pm-durante-tentativa-de-roubo-em-ribeirao\/","url_meta":{"origin":81433,"position":4},"title":"Saiba quem s\u00e3o os suspeitos de trocar tiros com PM durante tentativa de roubo em Ribeir\u00e3o","author":"noticiasribeiraopreto.com.br","date":"25 de February de 2025","format":false,"excerpt":"A Pol\u00edcia Civil identificou os dois suspeitos envolvidos em uma tentativa de roubo a um policial militar, que tamb\u00e9m \u00e9 guincheiro, no Jardim Proc\u00f3pio, em Ribeir\u00e3o Preto. Duverci Macedo de Matos Neto e Pedro Henrique Lemes de Souza, ambos de 24 anos, est\u00e3o foragidos e j\u00e1 t\u00eam passagens pela pol\u00edcia.\u2026","rel":"","context":"In &quot;Not\u00edcias de Ribeir\u00e3o Preto-SP e Regi\u00e3o&quot;","block_context":{"text":"Not\u00edcias de Ribeir\u00e3o Preto-SP e Regi\u00e3o","link":"https:\/\/noticiasribeiraopreto.com.br\/index.php\/category\/noticias-de-ribeirao-preto-sp-e-regiao-ismael-colosi\/"},"img":{"alt_text":"","src":"https:\/\/i0.wp.com\/noticiasribeiraopreto.com.br\/wp-content\/uploads\/2025\/02\/Copia-de-Copia-de-Copia-de-TAMANHO-EXATO-PARA-FOTOS-NO-SISTEMA-NOVO-2025-02-25T194601.640_2025-02-25_22-46-47_png_2025-02-25_22-46-47.webp.webp?fit=1200%2C675&ssl=1&resize=350%2C200","width":350,"height":200,"srcset":"https:\/\/i0.wp.com\/noticiasribeiraopreto.com.br\/wp-content\/uploads\/2025\/02\/Copia-de-Copia-de-Copia-de-TAMANHO-EXATO-PARA-FOTOS-NO-SISTEMA-NOVO-2025-02-25T194601.640_2025-02-25_22-46-47_png_2025-02-25_22-46-47.webp.webp?fit=1200%2C675&ssl=1&resize=350%2C200 1x, https:\/\/i0.wp.com\/noticiasribeiraopreto.com.br\/wp-content\/uploads\/2025\/02\/Copia-de-Copia-de-Copia-de-TAMANHO-EXATO-PARA-FOTOS-NO-SISTEMA-NOVO-2025-02-25T194601.640_2025-02-25_22-46-47_png_2025-02-25_22-46-47.webp.webp?fit=1200%2C675&ssl=1&resize=525%2C300 1.5x, https:\/\/i0.wp.com\/noticiasribeiraopreto.com.br\/wp-content\/uploads\/2025\/02\/Copia-de-Copia-de-Copia-de-TAMANHO-EXATO-PARA-FOTOS-NO-SISTEMA-NOVO-2025-02-25T194601.640_2025-02-25_22-46-47_png_2025-02-25_22-46-47.webp.webp?fit=1200%2C675&ssl=1&resize=700%2C400 2x, https:\/\/i0.wp.com\/noticiasribeiraopreto.com.br\/wp-content\/uploads\/2025\/02\/Copia-de-Copia-de-Copia-de-TAMANHO-EXATO-PARA-FOTOS-NO-SISTEMA-NOVO-2025-02-25T194601.640_2025-02-25_22-46-47_png_2025-02-25_22-46-47.webp.webp?fit=1200%2C675&ssl=1&resize=1050%2C600 3x"},"classes":[]},{"id":3033,"url":"https:\/\/noticiasribeiraopreto.com.br\/index.php\/2023\/08\/15\/pm-e-preso-apos-atirar-contra-suspeitos-de-assalto-e-matar-pedestre-em-sp\/","url_meta":{"origin":81433,"position":5},"title":"PM \u00e9 preso ap\u00f3s atirar contra suspeitos de assalto e matar pedestre em SP","author":"noticiasribeiraopreto.com.br","date":"15 de August de 2023","format":false,"excerpt":"Um policial militar foi preso em flagrante ap\u00f3s um disparo de arma de fogo efetuado por ele matar uma mulher que sa\u00eda de uma casa noturna, no bairro Alto da Boa Vista, em Ribeir\u00e3o Preto, no interior de S\u00e3o Paulo, na madrugada de segunda-feira (14). J\u00falia Ferraz Signoreto, de 27\u2026","rel":"","context":"In &quot;Not\u00edcias de Ribeir\u00e3o Preto-SP e Regi\u00e3o&quot;","block_context":{"text":"Not\u00edcias de Ribeir\u00e3o Preto-SP e Regi\u00e3o","link":"https:\/\/noticiasribeiraopreto.com.br\/index.php\/category\/noticias-de-ribeirao-preto-sp-e-regiao-ismael-colosi\/"},"img":{"alt_text":"","src":"https:\/\/i0.wp.com\/noticiasribeiraopreto.com.br\/wp-content\/uploads\/2023\/11\/Copia-de-Placeholder-site-2023-08-15T080843.464.jpg?fit=1200%2C675&ssl=1&resize=350%2C200","width":350,"height":200,"srcset":"https:\/\/i0.wp.com\/noticiasribeiraopreto.com.br\/wp-content\/uploads\/2023\/11\/Copia-de-Placeholder-site-2023-08-15T080843.464.jpg?fit=1200%2C675&ssl=1&resize=350%2C200 1x, https:\/\/i0.wp.com\/noticiasribeiraopreto.com.br\/wp-content\/uploads\/2023\/11\/Copia-de-Placeholder-site-2023-08-15T080843.464.jpg?fit=1200%2C675&ssl=1&resize=525%2C300 1.5x, https:\/\/i0.wp.com\/noticiasribeiraopreto.com.br\/wp-content\/uploads\/2023\/11\/Copia-de-Placeholder-site-2023-08-15T080843.464.jpg?fit=1200%2C675&ssl=1&resize=700%2C400 2x, https:\/\/i0.wp.com\/noticiasribeiraopreto.com.br\/wp-content\/uploads\/2023\/11\/Copia-de-Placeholder-site-2023-08-15T080843.464.jpg?fit=1200%2C675&ssl=1&resize=1050%2C600 3x"},"classes":[]}],"jetpack_sharing_enabled":true,"jetpack_shortlink":"https:\/\/wp.me\/peQAOb-lbr","_links":{"self":[{"href":"https:\/\/noticiasribeiraopreto.com.br\/index.php\/wp-json\/wp\/v2\/posts\/81433","targetHints":{"allow":["GET"]}}],"collection":[{"href":"https:\/\/noticiasribeiraopreto.com.br\/index.php\/wp-json\/wp\/v2\/posts"}],"about":[{"href":"https:\/\/noticiasribeiraopreto.com.br\/index.php\/wp-json\/wp\/v2\/types\/post"}],"author":[{"embeddable":true,"href":"https:\/\/noticiasribeiraopreto.com.br\/index.php\/wp-json\/wp\/v2\/users\/1"}],"replies":[{"embeddable":true,"href":"https:\/\/noticiasribeiraopreto.com.br\/index.php\/wp-json\/wp\/v2\/comments?post=81433"}],"version-history":[{"count":0,"href":"https:\/\/noticiasribeiraopreto.com.br\/index.php\/wp-json\/wp\/v2\/posts\/81433\/revisions"}],"wp:featuredmedia":[{"embeddable":true,"href":"https:\/\/noticiasribeiraopreto.com.br\/index.php\/wp-json\/wp\/v2\/media\/81434"}],"wp:attachment":[{"href":"https:\/\/noticiasribeiraopreto.com.br\/index.php\/wp-json\/wp\/v2\/media?parent=81433"}],"wp:term":[{"taxonomy":"category","embeddable":true,"href":"https:\/\/noticiasribeiraopreto.com.br\/index.php\/wp-json\/wp\/v2\/categories?post=81433"},{"taxonomy":"post_tag","embeddable":true,"href":"https:\/\/noticiasribeiraopreto.com.br\/index.php\/wp-json\/wp\/v2\/tags?post=81433"}],"curies":[{"name":"wp","href":"https:\/\/api.w.org\/{rel}","templated":true}]}}